{"id":683,"date":"2021-03-02T01:33:30","date_gmt":"2021-03-02T01:33:30","guid":{"rendered":"https:\/\/radioljubuski.ba\/?p=683"},"modified":"2021-03-02T01:33:30","modified_gmt":"2021-03-02T01:33:30","slug":"izravna-nabava-cjepiva-na-tankom-ledu","status":"publish","type":"post","link":"https:\/\/radioljubuski.ba\/index.php\/2021\/03\/02\/izravna-nabava-cjepiva-na-tankom-ledu\/","title":{"rendered":"Izravna nabava cjepiva na tankom ledu"},"content":{"rendered":"\n<p><strong>Sudbina izmjena i dopuna prijedloga izmjena i dopuna Zakona o javnim nabavama i Zakona o lijekovima i medicinskim sredstvima u BiH, koji bi omogu\u0107ili izravnu nabavu cjepiva protiv covida-19, a o kojima bi Dom naroda BiH trebao raspravljati po \u017eurnom postupku, je neizvjesna.<\/strong><\/p>\n\n\n\n<p>Podsje\u0107amo, ove zakonske prijedloge pro\u0161log tjedna je jednoglasno usvojio Zastupni\u010dki dom BiH i u \u017eurnu proceduru ih uputio u Dom naroda BiH, koji bi trebao raspravljati po skra\u0107enoj proceduri.<\/p>\n\n\n\n<p>Du\u0161anka Majki\u0107 (SNSD), izaslanica u Domu naroda BiH, ka\u017ee za \u201cNezavisne\u201d da \u0107e zasjedanje Kluba izaslanika srpskog naroda biti sutra prije sjednice, te da \u0107e se dogovoriti. Dodaje da se po \u017eurnom postupku, ina\u010de, donose zakoni u vezi s kojima nema dilema, ako su jednostavni i kratki.<\/p>\n\n\n\n<p>\u201cTo je valjda i bio razlog za\u0161to su zastupnici donijeli takvu odluku. Ipak, nije sve tako kako izgleda na prvi pogled. Ima ne\u0161to \u0161to unosi dilemu i sumnju u to, tako da \u0107emo mi otvoriti raspravu jer kad god se \u017euri uvijek se mo\u017ee napraviti gre\u0161ka. To je razlog zbog kojeg te\u0161ko di\u017eem ruku za \u017eurni postupak. Da me ne bi ubila te\u0161ka rije\u010d, sa\u010dekat \u0107emo danas pa \u0107emo ukrstiti stavove i prona\u0107i najbolje rje\u0161enje\u201d, kazala je Majki\u0107 te dodala da tu ima ozbiljnih dilema.<\/p>\n\n\n\n<p>Amir Fazli\u0107 (SDA), izaslanik u Domu naroda BiH, rekao je da o\u010dekuje da \u0107e svi razumjeti situaciju i potrebu da se nabavi cjepivo i da \u0107e se potrebne izmjene usvojiti kako gra\u0111ani ne bi trpjeli.<\/p>\n\n\n\n<p>\u201cDo\u0111e li do nekih izmjena, amandmana, to \u0107e zna\u010diti da se prijedlog opet vra\u0107a Zastupni\u010dkom domu, i to dodatno produ\u017eava agoniju\u201d, ka\u017ee Fazli\u0107 za \u201cNezavisne\u201d.<\/p>\n\n\n\n<p>I Lazar Prodanovi\u0107 (SNSD), izaslanik u Domu naroda BiH, ranije je za \u201cNezavisne\u201d rekao da SNSD ima odre\u0111enu primjedbu na dio amandmana koji se odnosi na izmjenu Zakona o lijekovima i medicinskim sredstvima BiH, koja u su\u0161tini stvara mogu\u0107nost, a ne bi bila u skladu sa Zakonom o lijekovima i Ustavom BiH.<\/p>\n\n\n\n<p>\u201cU Domu naroda \u0107emo vidjeti je li potrebno i\u0107i na reformulaciju segmenta koji se odnosi na ovlasti Vije\u0107a ministara. Mi smatramo da se Vije\u0107e ministara, vlade entiteta i drugi javni organi, uz suglasnost Agencije i ovla\u0161tenih veledrogerija, mogu u\u0107i u proces nabave\u201d, rekao je Prodanovi\u0107. Dodaje da bi Dom naroda mogao podr\u017eati ove zakonske prijedloge uz odre\u0111ene primjedbe.<\/p>\n\n\n\n<p>\u201cDom naroda bi mogao podr\u017eati ovo, uz odre\u0111ene primjedbe, ali vidjet \u0107emo ho\u0107emo li djelovati amandmanski na ve\u0107 usvojeni dio ovog zakona i postoji velika vjerojatnost da \u0107emo djelovati u tom smislu\u201d, dodao je on.<\/p>\n\n\n\n<p>Izmjene i dopune ova dva zakona podrazumijevaju da se mijenja \u010dlanak 63 Zakona o lijekovima i medicinskim sredstvima, u koji se dodaje jedna posebna stavka koja je namjenska za razdoblje pandemije. U ovoj dopuni se navodi da za vrijeme trajanja stanja prirodne i druge nesre\u0107e ili izvanrednog stanja i ako postoji opasnost brzog i nekontroliranog \u0161irenja zaraznog oboljenja, i da je to potrebno zbog za\u0161tite javnog zdravlja stanovni\u0161tva BiH, Vije\u0107e ministara BiH, vlade entiteta, \u017eupanija i Br\u010dko distrikta i drugi javni organi u BiH, po ovla\u0161tenju Vije\u0107a ministara BiH, uz suglasnost Agencije mogu nabavljati sredstva za imunizaciju i lije\u010denje zaraznih bolesti direktnim ugovorenim odnosima s proizvo\u0111a\u010dima lijekova u BiH putem i kroz suradnju s pravnim osobama koje su od Agencije pribavile dozvolu za promet lijekova i ispunjavaju zahtjeve za skladi\u0161tenje lijekova. Ovim izmjenama, ako ih podr\u017ei i Dom naroda BiH, vlade entiteta, \u017eupanija , Br\u010dko distrikta mogu izravno kontaktirati proizvo\u0111a\u010de, i preko pravnih osoba koje imaju dozvolu mogu pristupiti nabavi cjepiva.<\/p>\n\n\n\n<p>Kada je u pitanju izmjena i dopuna Zakona o javnim nabavama u BiH, ona se odnosi na \u010dlanak 10 ovog zakona, a koji govori da se u ovim okolnostima mo\u017ee izostaviti procedura i izravno i\u0107i na ugovor o nabavci za potrebe imunizacije kao posebnoj mjeri za suzbijanje zaraznih oboljenja i lije\u010denja stanovni\u0161tva za trajanje izvanrednog stanja ili progla\u0161enja prirodne nesre\u0107e ako postoji opasnost od brzog \u0161irenja zarazne bolesti.<\/p>\n\n\n\n<p>\/HMS\/<\/p>\n","protected":false},"excerpt":{"rendered":"<p>Sudbina izmjena i dopuna prijedloga izmjena i dopuna Zakona o javnim nabavama i Zakona o lijekovima i medicinskim sredstvima u BiH, koji bi omogu\u0107ili izravnu nabavu cjepiva protiv covida-19, a o kojima bi Dom naroda BiH trebao raspravljati po \u017eurnom postupku, je neizvjesna. Podsje\u0107amo, ove zakonske prijedloge pro\u0161log tjedna je jednoglasno usvojio Zastupni\u010dki dom BiH [&hellip;]<\/p>\n","protected":false},"author":2,"featured_media":684,"comment_status":"closed","ping_status":"closed","sticky":false,"template":"","format":"standard","meta":{"h5ap_radio_sources":[],"footnotes":""},"categories":[1],"tags":[],"class_list":["post-683","post","type-post","status-publish","format-standard","has-post-thumbnail","hentry","category-bihiregija"],"yoast_head":"<!-- This site is optimized with the Yoast SEO plugin v27.5 - https:\/\/yoast.com\/product\/yoast-seo-wordpress\/ -->\n<title>Izravna nabava cjepiva na tankom ledu - RADIO LJUBU\u0160KI<\/title>\n<meta name=\"robots\" content=\"index, follow, max-snippet:-1, max-image-preview:large, max-video-preview:-1\" \/>\n<link rel=\"canonical\" href=\"https:\/\/radioljubuski.ba\/index.php\/2021\/03\/02\/izravna-nabava-cjepiva-na-tankom-ledu\/\" \/>\n<meta property=\"og:locale\" content=\"hr_HR\" \/>\n<meta property=\"og:type\" content=\"article\" \/>\n<meta property=\"og:title\" content=\"Izravna nabava cjepiva na tankom ledu - RADIO LJUBU\u0160KI\" \/>\n<meta property=\"og:description\" content=\"Sudbina izmjena i dopuna prijedloga izmjena i dopuna Zakona o javnim nabavama i Zakona o lijekovima i medicinskim sredstvima u BiH, koji bi omogu\u0107ili izravnu nabavu cjepiva protiv covida-19, a o kojima bi Dom naroda BiH trebao raspravljati po \u017eurnom postupku, je neizvjesna. Podsje\u0107amo, ove zakonske prijedloge pro\u0161log tjedna je jednoglasno usvojio Zastupni\u010dki dom BiH [&hellip;]\" \/>\n<meta property=\"og:url\" content=\"https:\/\/radioljubuski.ba\/index.php\/2021\/03\/02\/izravna-nabava-cjepiva-na-tankom-ledu\/\" \/>\n<meta property=\"og:site_name\" content=\"RADIO LJUBU\u0160KI\" \/>\n<meta property=\"article:publisher\" content=\"https:\/\/www.facebook.com\/Radiio-Ljubuski-1490835324566332\" \/>\n<meta property=\"article:published_time\" content=\"2021-03-02T01:33:30+00:00\" \/>\n<meta property=\"og:image\" content=\"https:\/\/radioljubuski.ba\/wp-content\/uploads\/2021\/03\/dom_naroda_psbih.jpg\" \/>\n\t<meta property=\"og:image:width\" content=\"750\" \/>\n\t<meta property=\"og:image:height\" content=\"450\" \/>\n\t<meta property=\"og:image:type\" content=\"image\/jpeg\" \/>\n<meta name=\"author\" content=\"Radio Ljubu\u0161ki\" \/>\n<meta name=\"twitter:card\" content=\"summary_large_image\" \/>\n<meta name=\"twitter:creator\" content=\"@radioljubuski\" \/>\n<meta name=\"twitter:site\" content=\"@radioljubuski\" \/>\n<meta name=\"twitter:label1\" content=\"Napisao\/la\" \/>\n\t<meta name=\"twitter:data1\" content=\"Radio Ljubu\u0161ki\" \/>\n\t<meta name=\"twitter:label2\" content=\"Procijenjeno vrijeme \u010ditanja\" \/>\n\t<meta name=\"twitter:data2\" content=\"3 minute\" \/>\n<script type=\"application\/ld+json\" class=\"yoast-schema-graph\">{\"@context\":\"https:\\\/\\\/schema.org\",\"@graph\":[{\"@type\":\"Article\",\"@id\":\"https:\\\/\\\/radioljubuski.ba\\\/index.php\\\/2021\\\/03\\\/02\\\/izravna-nabava-cjepiva-na-tankom-ledu\\\/#article\",\"isPartOf\":{\"@id\":\"https:\\\/\\\/radioljubuski.ba\\\/index.php\\\/2021\\\/03\\\/02\\\/izravna-nabava-cjepiva-na-tankom-ledu\\\/\"},\"author\":{\"name\":\"Radio Ljubu\u0161ki\",\"@id\":\"https:\\\/\\\/radioljubuski.ba\\\/#\\\/schema\\\/person\\\/19fc700381a780f69665d7956c469e3b\"},\"headline\":\"Izravna nabava cjepiva na tankom ledu\",\"datePublished\":\"2021-03-02T01:33:30+00:00\",\"mainEntityOfPage\":{\"@id\":\"https:\\\/\\\/radioljubuski.ba\\\/index.php\\\/2021\\\/03\\\/02\\\/izravna-nabava-cjepiva-na-tankom-ledu\\\/\"},\"wordCount\":702,\"publisher\":{\"@id\":\"https:\\\/\\\/radioljubuski.ba\\\/#organization\"},\"image\":{\"@id\":\"https:\\\/\\\/radioljubuski.ba\\\/index.php\\\/2021\\\/03\\\/02\\\/izravna-nabava-cjepiva-na-tankom-ledu\\\/#primaryimage\"},\"thumbnailUrl\":\"https:\\\/\\\/radioljubuski.ba\\\/wp-content\\\/uploads\\\/2021\\\/03\\\/dom_naroda_psbih.jpg\",\"articleSection\":[\"BIH i regija\"],\"inLanguage\":\"hr\"},{\"@type\":\"WebPage\",\"@id\":\"https:\\\/\\\/radioljubuski.ba\\\/index.php\\\/2021\\\/03\\\/02\\\/izravna-nabava-cjepiva-na-tankom-ledu\\\/\",\"url\":\"https:\\\/\\\/radioljubuski.ba\\\/index.php\\\/2021\\\/03\\\/02\\\/izravna-nabava-cjepiva-na-tankom-ledu\\\/\",\"name\":\"Izravna nabava cjepiva na tankom ledu - RADIO LJUBU\u0160KI\",\"isPartOf\":{\"@id\":\"https:\\\/\\\/radioljubuski.ba\\\/#website\"},\"primaryImageOfPage\":{\"@id\":\"https:\\\/\\\/radioljubuski.ba\\\/index.php\\\/2021\\\/03\\\/02\\\/izravna-nabava-cjepiva-na-tankom-ledu\\\/#primaryimage\"},\"image\":{\"@id\":\"https:\\\/\\\/radioljubuski.ba\\\/index.php\\\/2021\\\/03\\\/02\\\/izravna-nabava-cjepiva-na-tankom-ledu\\\/#primaryimage\"},\"thumbnailUrl\":\"https:\\\/\\\/radioljubuski.ba\\\/wp-content\\\/uploads\\\/2021\\\/03\\\/dom_naroda_psbih.jpg\",\"datePublished\":\"2021-03-02T01:33:30+00:00\",\"breadcrumb\":{\"@id\":\"https:\\\/\\\/radioljubuski.ba\\\/index.php\\\/2021\\\/03\\\/02\\\/izravna-nabava-cjepiva-na-tankom-ledu\\\/#breadcrumb\"},\"inLanguage\":\"hr\",\"potentialAction\":[{\"@type\":\"ReadAction\",\"target\":[\"https:\\\/\\\/radioljubuski.ba\\\/index.php\\\/2021\\\/03\\\/02\\\/izravna-nabava-cjepiva-na-tankom-ledu\\\/\"]}]},{\"@type\":\"ImageObject\",\"inLanguage\":\"hr\",\"@id\":\"https:\\\/\\\/radioljubuski.ba\\\/index.php\\\/2021\\\/03\\\/02\\\/izravna-nabava-cjepiva-na-tankom-ledu\\\/#primaryimage\",\"url\":\"https:\\\/\\\/radioljubuski.ba\\\/wp-content\\\/uploads\\\/2021\\\/03\\\/dom_naroda_psbih.jpg\",\"contentUrl\":\"https:\\\/\\\/radioljubuski.ba\\\/wp-content\\\/uploads\\\/2021\\\/03\\\/dom_naroda_psbih.jpg\",\"width\":750,\"height\":450},{\"@type\":\"BreadcrumbList\",\"@id\":\"https:\\\/\\\/radioljubuski.ba\\\/index.php\\\/2021\\\/03\\\/02\\\/izravna-nabava-cjepiva-na-tankom-ledu\\\/#breadcrumb\",\"itemListElement\":[{\"@type\":\"ListItem\",\"position\":1,\"name\":\"Po\u010detna stranica\",\"item\":\"https:\\\/\\\/radioljubuski.ba\\\/\"},{\"@type\":\"ListItem\",\"position\":2,\"name\":\"Izravna nabava cjepiva na tankom ledu\"}]},{\"@type\":\"WebSite\",\"@id\":\"https:\\\/\\\/radioljubuski.ba\\\/#website\",\"url\":\"https:\\\/\\\/radioljubuski.ba\\\/\",\"name\":\"Radio Ljubu\u0161ki\",\"description\":\"Sun\u010dana frekvencija Hercegovine\",\"publisher\":{\"@id\":\"https:\\\/\\\/radioljubuski.ba\\\/#organization\"},\"potentialAction\":[{\"@type\":\"SearchAction\",\"target\":{\"@type\":\"EntryPoint\",\"urlTemplate\":\"https:\\\/\\\/radioljubuski.ba\\\/?s={search_term_string}\"},\"query-input\":{\"@type\":\"PropertyValueSpecification\",\"valueRequired\":true,\"valueName\":\"search_term_string\"}}],\"inLanguage\":\"hr\"},{\"@type\":\"Organization\",\"@id\":\"https:\\\/\\\/radioljubuski.ba\\\/#organization\",\"name\":\"Radio Ljubu\u0161ki\",\"url\":\"https:\\\/\\\/radioljubuski.ba\\\/\",\"logo\":{\"@type\":\"ImageObject\",\"inLanguage\":\"hr\",\"@id\":\"https:\\\/\\\/radioljubuski.ba\\\/#\\\/schema\\\/logo\\\/image\\\/\",\"url\":\"https:\\\/\\\/radioljubuski.ba\\\/wp-content\\\/uploads\\\/2021\\\/02\\\/cropped-Radio_Ljubuski_logo1.jpg\",\"contentUrl\":\"https:\\\/\\\/radioljubuski.ba\\\/wp-content\\\/uploads\\\/2021\\\/02\\\/cropped-Radio_Ljubuski_logo1.jpg\",\"width\":512,\"height\":512,\"caption\":\"Radio Ljubu\u0161ki\"},\"image\":{\"@id\":\"https:\\\/\\\/radioljubuski.ba\\\/#\\\/schema\\\/logo\\\/image\\\/\"},\"sameAs\":[\"https:\\\/\\\/www.facebook.com\\\/Radiio-Ljubuski-1490835324566332\",\"https:\\\/\\\/x.com\\\/radioljubuski\",\"https:\\\/\\\/hr.linkedin.com\\\/company\\\/radio-ljubuski\",\"https:\\\/\\\/www.youtube.com\\\/channel\\\/UCHYaeO_n0Db3tjNGudGpXyw\"]},{\"@type\":\"Person\",\"@id\":\"https:\\\/\\\/radioljubuski.ba\\\/#\\\/schema\\\/person\\\/19fc700381a780f69665d7956c469e3b\",\"name\":\"Radio Ljubu\u0161ki\"}]}<\/script>\n<!-- \/ Yoast SEO plugin. -->","yoast_head_json":{"title":"Izravna nabava cjepiva na tankom ledu - RADIO LJUBU\u0160KI","robots":{"index":"index","follow":"follow","max-snippet":"max-snippet:-1","max-image-preview":"max-image-preview:large","max-video-preview":"max-video-preview:-1"},"canonical":"https:\/\/radioljubuski.ba\/index.php\/2021\/03\/02\/izravna-nabava-cjepiva-na-tankom-ledu\/","og_locale":"hr_HR","og_type":"article","og_title":"Izravna nabava cjepiva na tankom ledu - RADIO LJUBU\u0160KI","og_description":"Sudbina izmjena i dopuna prijedloga izmjena i dopuna Zakona o javnim nabavama i Zakona o lijekovima i medicinskim sredstvima u BiH, koji bi omogu\u0107ili izravnu nabavu cjepiva protiv covida-19, a o kojima bi Dom naroda BiH trebao raspravljati po \u017eurnom postupku, je neizvjesna. Podsje\u0107amo, ove zakonske prijedloge pro\u0161log tjedna je jednoglasno usvojio Zastupni\u010dki dom BiH [&hellip;]","og_url":"https:\/\/radioljubuski.ba\/index.php\/2021\/03\/02\/izravna-nabava-cjepiva-na-tankom-ledu\/","og_site_name":"RADIO LJUBU\u0160KI","article_publisher":"https:\/\/www.facebook.com\/Radiio-Ljubuski-1490835324566332","article_published_time":"2021-03-02T01:33:30+00:00","og_image":[{"width":750,"height":450,"url":"https:\/\/radioljubuski.ba\/wp-content\/uploads\/2021\/03\/dom_naroda_psbih.jpg","type":"image\/jpeg"}],"author":"Radio Ljubu\u0161ki","twitter_card":"summary_large_image","twitter_creator":"@radioljubuski","twitter_site":"@radioljubuski","twitter_misc":{"Napisao\/la":"Radio Ljubu\u0161ki","Procijenjeno vrijeme \u010ditanja":"3 minute"},"schema":{"@context":"https:\/\/schema.org","@graph":[{"@type":"Article","@id":"https:\/\/radioljubuski.ba\/index.php\/2021\/03\/02\/izravna-nabava-cjepiva-na-tankom-ledu\/#article","isPartOf":{"@id":"https:\/\/radioljubuski.ba\/index.php\/2021\/03\/02\/izravna-nabava-cjepiva-na-tankom-ledu\/"},"author":{"name":"Radio Ljubu\u0161ki","@id":"https:\/\/radioljubuski.ba\/#\/schema\/person\/19fc700381a780f69665d7956c469e3b"},"headline":"Izravna nabava cjepiva na tankom ledu","datePublished":"2021-03-02T01:33:30+00:00","mainEntityOfPage":{"@id":"https:\/\/radioljubuski.ba\/index.php\/2021\/03\/02\/izravna-nabava-cjepiva-na-tankom-ledu\/"},"wordCount":702,"publisher":{"@id":"https:\/\/radioljubuski.ba\/#organization"},"image":{"@id":"https:\/\/radioljubuski.ba\/index.php\/2021\/03\/02\/izravna-nabava-cjepiva-na-tankom-ledu\/#primaryimage"},"thumbnailUrl":"https:\/\/radioljubuski.ba\/wp-content\/uploads\/2021\/03\/dom_naroda_psbih.jpg","articleSection":["BIH i regija"],"inLanguage":"hr"},{"@type":"WebPage","@id":"https:\/\/radioljubuski.ba\/index.php\/2021\/03\/02\/izravna-nabava-cjepiva-na-tankom-ledu\/","url":"https:\/\/radioljubuski.ba\/index.php\/2021\/03\/02\/izravna-nabava-cjepiva-na-tankom-ledu\/","name":"Izravna nabava cjepiva na tankom ledu - RADIO LJUBU\u0160KI","isPartOf":{"@id":"https:\/\/radioljubuski.ba\/#website"},"primaryImageOfPage":{"@id":"https:\/\/radioljubuski.ba\/index.php\/2021\/03\/02\/izravna-nabava-cjepiva-na-tankom-ledu\/#primaryimage"},"image":{"@id":"https:\/\/radioljubuski.ba\/index.php\/2021\/03\/02\/izravna-nabava-cjepiva-na-tankom-ledu\/#primaryimage"},"thumbnailUrl":"https:\/\/radioljubuski.ba\/wp-content\/uploads\/2021\/03\/dom_naroda_psbih.jpg","datePublished":"2021-03-02T01:33:30+00:00","breadcrumb":{"@id":"https:\/\/radioljubuski.ba\/index.php\/2021\/03\/02\/izravna-nabava-cjepiva-na-tankom-ledu\/#breadcrumb"},"inLanguage":"hr","potentialAction":[{"@type":"ReadAction","target":["https:\/\/radioljubuski.ba\/index.php\/2021\/03\/02\/izravna-nabava-cjepiva-na-tankom-ledu\/"]}]},{"@type":"ImageObject","inLanguage":"hr","@id":"https:\/\/radioljubuski.ba\/index.php\/2021\/03\/02\/izravna-nabava-cjepiva-na-tankom-ledu\/#primaryimage","url":"https:\/\/radioljubuski.ba\/wp-content\/uploads\/2021\/03\/dom_naroda_psbih.jpg","contentUrl":"https:\/\/radioljubuski.ba\/wp-content\/uploads\/2021\/03\/dom_naroda_psbih.jpg","width":750,"height":450},{"@type":"BreadcrumbList","@id":"https:\/\/radioljubuski.ba\/index.php\/2021\/03\/02\/izravna-nabava-cjepiva-na-tankom-ledu\/#breadcrumb","itemListElement":[{"@type":"ListItem","position":1,"name":"Po\u010detna stranica","item":"https:\/\/radioljubuski.ba\/"},{"@type":"ListItem","position":2,"name":"Izravna nabava cjepiva na tankom ledu"}]},{"@type":"WebSite","@id":"https:\/\/radioljubuski.ba\/#website","url":"https:\/\/radioljubuski.ba\/","name":"Radio Ljubu\u0161ki","description":"Sun\u010dana frekvencija Hercegovine","publisher":{"@id":"https:\/\/radioljubuski.ba\/#organization"},"potentialAction":[{"@type":"SearchAction","target":{"@type":"EntryPoint","urlTemplate":"https:\/\/radioljubuski.ba\/?s={search_term_string}"},"query-input":{"@type":"PropertyValueSpecification","valueRequired":true,"valueName":"search_term_string"}}],"inLanguage":"hr"},{"@type":"Organization","@id":"https:\/\/radioljubuski.ba\/#organization","name":"Radio Ljubu\u0161ki","url":"https:\/\/radioljubuski.ba\/","logo":{"@type":"ImageObject","inLanguage":"hr","@id":"https:\/\/radioljubuski.ba\/#\/schema\/logo\/image\/","url":"https:\/\/radioljubuski.ba\/wp-content\/uploads\/2021\/02\/cropped-Radio_Ljubuski_logo1.jpg","contentUrl":"https:\/\/radioljubuski.ba\/wp-content\/uploads\/2021\/02\/cropped-Radio_Ljubuski_logo1.jpg","width":512,"height":512,"caption":"Radio Ljubu\u0161ki"},"image":{"@id":"https:\/\/radioljubuski.ba\/#\/schema\/logo\/image\/"},"sameAs":["https:\/\/www.facebook.com\/Radiio-Ljubuski-1490835324566332","https:\/\/x.com\/radioljubuski","https:\/\/hr.linkedin.com\/company\/radio-ljubuski","https:\/\/www.youtube.com\/channel\/UCHYaeO_n0Db3tjNGudGpXyw"]},{"@type":"Person","@id":"https:\/\/radioljubuski.ba\/#\/schema\/person\/19fc700381a780f69665d7956c469e3b","name":"Radio Ljubu\u0161ki"}]}},"_links":{"self":[{"href":"https:\/\/radioljubuski.ba\/index.php\/wp-json\/wp\/v2\/posts\/683","targetHints":{"allow":["GET"]}}],"collection":[{"href":"https:\/\/radioljubuski.ba\/index.php\/wp-json\/wp\/v2\/posts"}],"about":[{"href":"https:\/\/radioljubuski.ba\/index.php\/wp-json\/wp\/v2\/types\/post"}],"author":[{"embeddable":true,"href":"https:\/\/radioljubuski.ba\/index.php\/wp-json\/wp\/v2\/users\/2"}],"replies":[{"embeddable":true,"href":"https:\/\/radioljubuski.ba\/index.php\/wp-json\/wp\/v2\/comments?post=683"}],"version-history":[{"count":1,"href":"https:\/\/radioljubuski.ba\/index.php\/wp-json\/wp\/v2\/posts\/683\/revisions"}],"predecessor-version":[{"id":685,"href":"https:\/\/radioljubuski.ba\/index.php\/wp-json\/wp\/v2\/posts\/683\/revisions\/685"}],"wp:featuredmedia":[{"embeddable":true,"href":"https:\/\/radioljubuski.ba\/index.php\/wp-json\/wp\/v2\/media\/684"}],"wp:attachment":[{"href":"https:\/\/radioljubuski.ba\/index.php\/wp-json\/wp\/v2\/media?parent=683"}],"wp:term":[{"taxonomy":"category","embeddable":true,"href":"https:\/\/radioljubuski.ba\/index.php\/wp-json\/wp\/v2\/categories?post=683"},{"taxonomy":"post_tag","embeddable":true,"href":"https:\/\/radioljubuski.ba\/index.php\/wp-json\/wp\/v2\/tags?post=683"}],"curies":[{"name":"wp","href":"https:\/\/api.w.org\/{rel}","templated":true}]}}