{"id":6852,"date":"2021-03-25T19:13:52","date_gmt":"2021-03-25T18:13:52","guid":{"rendered":"https:\/\/radioljubuski.ba\/?p=6852"},"modified":"2021-03-25T19:13:52","modified_gmt":"2021-03-25T18:13:52","slug":"savjetnik-ministrice-turkovic-postavljen-na-tri-duznosti-najavljeno-i-imenovanje-clana-obitelji-izetbegovic","status":"publish","type":"post","link":"https:\/\/radioljubuski.ba\/index.php\/2021\/03\/25\/savjetnik-ministrice-turkovic-postavljen-na-tri-duznosti-najavljeno-i-imenovanje-clana-obitelji-izetbegovic\/","title":{"rendered":"Savjetnik ministrice Turkovi\u0107 postavljen na tri du\u017enosti, najavljeno i imenovanje \u010dlana obitelji Izetbegovi\u0107"},"content":{"rendered":"\n<p>Pomo\u0107nik ministrice vanjskih poslova BiH zadu\u017een za sektor bilateralnih poslova Ahmet Halilovi\u0107 postavljen je za vr\u0161itelja du\u017enosti tajnika ministarstva, \u0161to mu je tre\u0107a du\u017enost, pi\u0161e &#8220;Glas Srpske&#8221;.<\/p>\n\n\n\n<p>List dodaje da \u0107e se promjene dogoditi i u sektoru multilateralnih poslova, jer \u0107e sada\u0161nji pomo\u0107nik Ahmet \u0160ahovi\u0107 1. travnja biti imenovan za veleposlanika u Nizozemskoj, a na njegovo mjesto, prema saznanjima &#8220;Glasa&#8221; trebao bi do\u0107i sestri\u0107 Alije Izetbegovi\u0107a Bakir Sadovi\u0107.<\/p>\n\n\n\n<p>Po preuzimanju mandata, ministrica vanjskih poslova BiH Bisera Turkovi\u0107 je sa mjesta pomo\u0107nika za op\u0107e poslove smijenila Nikolu \u0110uki\u0107a i na njegovo mjesto, tako\u0111er kao v.d., postavila pomo\u0107nika za bilateralne odnose Ahmeta Halilovi\u0107a, \u010dime su Srbi ostali bez mjesta pomo\u0107nika. Nakon \u0161to je od posljedica virusa korona 17. o\u017eujka preminuo tajnik ministarstva Adnan Had\u017eikapetanovi\u0107, Halilovi\u0107 je i na tu du\u017enost postavljen kao v.d., pa on sada obavlja tri od klju\u010dnih pet du\u017enosti.<\/p>\n\n\n\n<p>I tu nije kraj promjenama, jer ve\u0107 1. travnja pomo\u0107nik ministra zadu\u017een za multilateralne poslove Ahmet \u0160ahovi\u0107 odlazi na poziciju veleposlanika BiH u Haag, a prema rije\u010dima dobro informiranog izvora &#8220;Glasa Srpske&#8221;, kao favorit za njegovog nasljednika, tako\u0111er u svojstvu v.d. je Bakir Sadovi\u0107, sestri\u0107 Alije Izetbegovi\u0107a.<\/p>\n\n\n\n<p>&#8220;Turkovi\u0107 ne samo \u0161to ne raspisuje natje\u010daj kako bi na jedno od upra\u017enjenih mjesta do\u0161ao Srbin, nego potpuno ignorira Agenciju za dr\u017eavnu slu\u017ebu i sada postavlja svoje kadrove, naj\u010de\u0161\u0107e bliske SDA. Sada se ide korak dalje, pa se po principu &#8216;svi su tu, samo njega nema&#8217; postavlja i rodbina Izetbegovi\u0107a&#8221;, ka\u017ee izvor &#8220;Glasa&#8221; iz MVP-a.<\/p>\n\n\n\n<p>Zastupnica SNSD-a u Parlamentu BiH Snje\u017eana Novakovi\u0107 Bursa\u0107 ka\u017ee za &#8220;Glas Srpske&#8221; da ovakvo pona\u0161anje Turkovi\u0107 ne vodi nigdje drugo do potpunog uru\u0161avanja ministarstva i digniteta vanjske politike BiH, jer se ona od po\u010detka bavi isklju\u010divo provo\u0111enjem strana\u010dke politike i eliminacijom uticaja druga dva naroda u BiH.<\/p>\n\n\n\n<p>&#8220;Ako Turkovi\u0107 nastavi ovako ru\u0161iti Ministarstvo, mo\u017eemo razmi\u0161ljati u pravcu kako joj pomo\u0107i. Ako ovo \u017eeli predstaviti kao slu\u017ebenu vanjsku politiku, djelovati ovako kako djeluje sve vrijeme svog mandata, onda nema na\u0161u podr\u0161ku i trudit \u0107emo se da je demaskiramo na svakom mjestu i u svakoj prilici. Ovo \u0161to ona radi ne \u0161teti samo Srbima i Hrvatima, nego i Bo\u0161njacima, jer ona postavlja isklju\u010divo podobne kadrove jedne stranke, a u Ministarstvu vlada vrhunski nepotizam&#8221;, rekla je Novakovi\u0107 Bursa\u0107.<\/p>\n\n\n\n<p>Izvor: pogled.ba<\/p>\n","protected":false},"excerpt":{"rendered":"<p>Pomo\u0107nik ministrice vanjskih poslova BiH zadu\u017een za sektor bilateralnih poslova Ahmet Halilovi\u0107 postavljen je za vr\u0161itelja du\u017enosti tajnika ministarstva, \u0161to mu je tre\u0107a du\u017enost, pi\u0161e &#8220;Glas Srpske&#8221;. List dodaje da \u0107e se promjene dogoditi i u sektoru multilateralnih poslova, jer \u0107e sada\u0161nji pomo\u0107nik Ahmet \u0160ahovi\u0107 1. travnja biti imenovan za veleposlanika u Nizozemskoj, a na [&hellip;]<\/p>\n","protected":false},"author":2,"featured_media":6853,"comment_status":"closed","ping_status":"closed","sticky":false,"template":"","format":"standard","meta":{"h5ap_radio_sources":[],"footnotes":""},"categories":[1],"tags":[],"class_list":["post-6852","post","type-post","status-publish","format-standard","has-post-thumbnail","hentry","category-bihiregija"],"yoast_head":"<!-- This site is optimized with the Yoast SEO plugin v27.4 - https:\/\/yoast.com\/product\/yoast-seo-wordpress\/ -->\n<title>Savjetnik ministrice Turkovi\u0107 postavljen na tri du\u017enosti, najavljeno i imenovanje \u010dlana obitelji Izetbegovi\u0107 - RADIO LJUBU\u0160KI<\/title>\n<meta name=\"robots\" content=\"index, follow, max-snippet:-1, max-image-preview:large, max-video-preview:-1\" \/>\n<link rel=\"canonical\" href=\"https:\/\/radioljubuski.ba\/index.php\/2021\/03\/25\/savjetnik-ministrice-turkovic-postavljen-na-tri-duznosti-najavljeno-i-imenovanje-clana-obitelji-izetbegovic\/\" \/>\n<meta property=\"og:locale\" content=\"hr_HR\" \/>\n<meta property=\"og:type\" content=\"article\" \/>\n<meta property=\"og:title\" content=\"Savjetnik ministrice Turkovi\u0107 postavljen na tri du\u017enosti, najavljeno i imenovanje \u010dlana obitelji Izetbegovi\u0107 - RADIO LJUBU\u0160KI\" \/>\n<meta property=\"og:description\" content=\"Pomo\u0107nik ministrice vanjskih poslova BiH zadu\u017een za sektor bilateralnih poslova Ahmet Halilovi\u0107 postavljen je za vr\u0161itelja du\u017enosti tajnika ministarstva, \u0161to mu je tre\u0107a du\u017enost, pi\u0161e &#8220;Glas Srpske&#8221;. List dodaje da \u0107e se promjene dogoditi i u sektoru multilateralnih poslova, jer \u0107e sada\u0161nji pomo\u0107nik Ahmet \u0160ahovi\u0107 1. travnja biti imenovan za veleposlanika u Nizozemskoj, a na [&hellip;]\" \/>\n<meta property=\"og:url\" content=\"https:\/\/radioljubuski.ba\/index.php\/2021\/03\/25\/savjetnik-ministrice-turkovic-postavljen-na-tri-duznosti-najavljeno-i-imenovanje-clana-obitelji-izetbegovic\/\" \/>\n<meta property=\"og:site_name\" content=\"RADIO LJUBU\u0160KI\" \/>\n<meta property=\"article:publisher\" content=\"https:\/\/www.facebook.com\/Radiio-Ljubuski-1490835324566332\" \/>\n<meta property=\"article:published_time\" content=\"2021-03-25T18:13:52+00:00\" \/>\n<meta property=\"og:image\" content=\"https:\/\/radioljubuski.ba\/wp-content\/uploads\/2021\/03\/DMIlqdiE_turkovic-1.png\" \/>\n\t<meta property=\"og:image:width\" content=\"1000\" \/>\n\t<meta property=\"og:image:height\" content=\"625\" \/>\n\t<meta property=\"og:image:type\" content=\"image\/png\" \/>\n<meta name=\"author\" content=\"Radio Ljubu\u0161ki\" \/>\n<meta name=\"twitter:card\" content=\"summary_large_image\" \/>\n<meta name=\"twitter:creator\" content=\"@radioljubuski\" \/>\n<meta name=\"twitter:site\" content=\"@radioljubuski\" \/>\n<meta name=\"twitter:label1\" content=\"Napisao\/la\" \/>\n\t<meta name=\"twitter:data1\" content=\"Radio Ljubu\u0161ki\" \/>\n\t<meta name=\"twitter:label2\" content=\"Procijenjeno vrijeme \u010ditanja\" \/>\n\t<meta name=\"twitter:data2\" content=\"2 minute\" \/>\n<script type=\"application\/ld+json\" class=\"yoast-schema-graph\">{\"@context\":\"https:\\\/\\\/schema.org\",\"@graph\":[{\"@type\":\"Article\",\"@id\":\"https:\\\/\\\/radioljubuski.ba\\\/index.php\\\/2021\\\/03\\\/25\\\/savjetnik-ministrice-turkovic-postavljen-na-tri-duznosti-najavljeno-i-imenovanje-clana-obitelji-izetbegovic\\\/#article\",\"isPartOf\":{\"@id\":\"https:\\\/\\\/radioljubuski.ba\\\/index.php\\\/2021\\\/03\\\/25\\\/savjetnik-ministrice-turkovic-postavljen-na-tri-duznosti-najavljeno-i-imenovanje-clana-obitelji-izetbegovic\\\/\"},\"author\":{\"name\":\"Radio Ljubu\u0161ki\",\"@id\":\"https:\\\/\\\/radioljubuski.ba\\\/#\\\/schema\\\/person\\\/19fc700381a780f69665d7956c469e3b\"},\"headline\":\"Savjetnik ministrice Turkovi\u0107 postavljen na tri du\u017enosti, najavljeno i imenovanje \u010dlana obitelji Izetbegovi\u0107\",\"datePublished\":\"2021-03-25T18:13:52+00:00\",\"mainEntityOfPage\":{\"@id\":\"https:\\\/\\\/radioljubuski.ba\\\/index.php\\\/2021\\\/03\\\/25\\\/savjetnik-ministrice-turkovic-postavljen-na-tri-duznosti-najavljeno-i-imenovanje-clana-obitelji-izetbegovic\\\/\"},\"wordCount\":438,\"publisher\":{\"@id\":\"https:\\\/\\\/radioljubuski.ba\\\/#organization\"},\"image\":{\"@id\":\"https:\\\/\\\/radioljubuski.ba\\\/index.php\\\/2021\\\/03\\\/25\\\/savjetnik-ministrice-turkovic-postavljen-na-tri-duznosti-najavljeno-i-imenovanje-clana-obitelji-izetbegovic\\\/#primaryimage\"},\"thumbnailUrl\":\"https:\\\/\\\/radioljubuski.ba\\\/wp-content\\\/uploads\\\/2021\\\/03\\\/DMIlqdiE_turkovic-1.png\",\"articleSection\":[\"BIH i regija\"],\"inLanguage\":\"hr\"},{\"@type\":\"WebPage\",\"@id\":\"https:\\\/\\\/radioljubuski.ba\\\/index.php\\\/2021\\\/03\\\/25\\\/savjetnik-ministrice-turkovic-postavljen-na-tri-duznosti-najavljeno-i-imenovanje-clana-obitelji-izetbegovic\\\/\",\"url\":\"https:\\\/\\\/radioljubuski.ba\\\/index.php\\\/2021\\\/03\\\/25\\\/savjetnik-ministrice-turkovic-postavljen-na-tri-duznosti-najavljeno-i-imenovanje-clana-obitelji-izetbegovic\\\/\",\"name\":\"Savjetnik ministrice Turkovi\u0107 postavljen na tri du\u017enosti, najavljeno i imenovanje \u010dlana obitelji Izetbegovi\u0107 - RADIO LJUBU\u0160KI\",\"isPartOf\":{\"@id\":\"https:\\\/\\\/radioljubuski.ba\\\/#website\"},\"primaryImageOfPage\":{\"@id\":\"https:\\\/\\\/radioljubuski.ba\\\/index.php\\\/2021\\\/03\\\/25\\\/savjetnik-ministrice-turkovic-postavljen-na-tri-duznosti-najavljeno-i-imenovanje-clana-obitelji-izetbegovic\\\/#primaryimage\"},\"image\":{\"@id\":\"https:\\\/\\\/radioljubuski.ba\\\/index.php\\\/2021\\\/03\\\/25\\\/savjetnik-ministrice-turkovic-postavljen-na-tri-duznosti-najavljeno-i-imenovanje-clana-obitelji-izetbegovic\\\/#primaryimage\"},\"thumbnailUrl\":\"https:\\\/\\\/radioljubuski.ba\\\/wp-content\\\/uploads\\\/2021\\\/03\\\/DMIlqdiE_turkovic-1.png\",\"datePublished\":\"2021-03-25T18:13:52+00:00\",\"breadcrumb\":{\"@id\":\"https:\\\/\\\/radioljubuski.ba\\\/index.php\\\/2021\\\/03\\\/25\\\/savjetnik-ministrice-turkovic-postavljen-na-tri-duznosti-najavljeno-i-imenovanje-clana-obitelji-izetbegovic\\\/#breadcrumb\"},\"inLanguage\":\"hr\",\"potentialAction\":[{\"@type\":\"ReadAction\",\"target\":[\"https:\\\/\\\/radioljubuski.ba\\\/index.php\\\/2021\\\/03\\\/25\\\/savjetnik-ministrice-turkovic-postavljen-na-tri-duznosti-najavljeno-i-imenovanje-clana-obitelji-izetbegovic\\\/\"]}]},{\"@type\":\"ImageObject\",\"inLanguage\":\"hr\",\"@id\":\"https:\\\/\\\/radioljubuski.ba\\\/index.php\\\/2021\\\/03\\\/25\\\/savjetnik-ministrice-turkovic-postavljen-na-tri-duznosti-najavljeno-i-imenovanje-clana-obitelji-izetbegovic\\\/#primaryimage\",\"url\":\"https:\\\/\\\/radioljubuski.ba\\\/wp-content\\\/uploads\\\/2021\\\/03\\\/DMIlqdiE_turkovic-1.png\",\"contentUrl\":\"https:\\\/\\\/radioljubuski.ba\\\/wp-content\\\/uploads\\\/2021\\\/03\\\/DMIlqdiE_turkovic-1.png\",\"width\":1000,\"height\":625},{\"@type\":\"BreadcrumbList\",\"@id\":\"https:\\\/\\\/radioljubuski.ba\\\/index.php\\\/2021\\\/03\\\/25\\\/savjetnik-ministrice-turkovic-postavljen-na-tri-duznosti-najavljeno-i-imenovanje-clana-obitelji-izetbegovic\\\/#breadcrumb\",\"itemListElement\":[{\"@type\":\"ListItem\",\"position\":1,\"name\":\"Po\u010detna stranica\",\"item\":\"https:\\\/\\\/radioljubuski.ba\\\/\"},{\"@type\":\"ListItem\",\"position\":2,\"name\":\"Savjetnik ministrice Turkovi\u0107 postavljen na tri du\u017enosti, najavljeno i imenovanje \u010dlana obitelji Izetbegovi\u0107\"}]},{\"@type\":\"WebSite\",\"@id\":\"https:\\\/\\\/radioljubuski.ba\\\/#website\",\"url\":\"https:\\\/\\\/radioljubuski.ba\\\/\",\"name\":\"Radio Ljubu\u0161ki\",\"description\":\"Sun\u010dana frekvencija Hercegovine\",\"publisher\":{\"@id\":\"https:\\\/\\\/radioljubuski.ba\\\/#organization\"},\"potentialAction\":[{\"@type\":\"SearchAction\",\"target\":{\"@type\":\"EntryPoint\",\"urlTemplate\":\"https:\\\/\\\/radioljubuski.ba\\\/?s={search_term_string}\"},\"query-input\":{\"@type\":\"PropertyValueSpecification\",\"valueRequired\":true,\"valueName\":\"search_term_string\"}}],\"inLanguage\":\"hr\"},{\"@type\":\"Organization\",\"@id\":\"https:\\\/\\\/radioljubuski.ba\\\/#organization\",\"name\":\"Radio Ljubu\u0161ki\",\"url\":\"https:\\\/\\\/radioljubuski.ba\\\/\",\"logo\":{\"@type\":\"ImageObject\",\"inLanguage\":\"hr\",\"@id\":\"https:\\\/\\\/radioljubuski.ba\\\/#\\\/schema\\\/logo\\\/image\\\/\",\"url\":\"https:\\\/\\\/radioljubuski.ba\\\/wp-content\\\/uploads\\\/2021\\\/02\\\/cropped-Radio_Ljubuski_logo1.jpg\",\"contentUrl\":\"https:\\\/\\\/radioljubuski.ba\\\/wp-content\\\/uploads\\\/2021\\\/02\\\/cropped-Radio_Ljubuski_logo1.jpg\",\"width\":512,\"height\":512,\"caption\":\"Radio Ljubu\u0161ki\"},\"image\":{\"@id\":\"https:\\\/\\\/radioljubuski.ba\\\/#\\\/schema\\\/logo\\\/image\\\/\"},\"sameAs\":[\"https:\\\/\\\/www.facebook.com\\\/Radiio-Ljubuski-1490835324566332\",\"https:\\\/\\\/x.com\\\/radioljubuski\",\"https:\\\/\\\/hr.linkedin.com\\\/company\\\/radio-ljubuski\",\"https:\\\/\\\/www.youtube.com\\\/channel\\\/UCHYaeO_n0Db3tjNGudGpXyw\"]},{\"@type\":\"Person\",\"@id\":\"https:\\\/\\\/radioljubuski.ba\\\/#\\\/schema\\\/person\\\/19fc700381a780f69665d7956c469e3b\",\"name\":\"Radio Ljubu\u0161ki\"}]}<\/script>\n<!-- \/ Yoast SEO plugin. -->","yoast_head_json":{"title":"Savjetnik ministrice Turkovi\u0107 postavljen na tri du\u017enosti, najavljeno i imenovanje \u010dlana obitelji Izetbegovi\u0107 - RADIO LJUBU\u0160KI","robots":{"index":"index","follow":"follow","max-snippet":"max-snippet:-1","max-image-preview":"max-image-preview:large","max-video-preview":"max-video-preview:-1"},"canonical":"https:\/\/radioljubuski.ba\/index.php\/2021\/03\/25\/savjetnik-ministrice-turkovic-postavljen-na-tri-duznosti-najavljeno-i-imenovanje-clana-obitelji-izetbegovic\/","og_locale":"hr_HR","og_type":"article","og_title":"Savjetnik ministrice Turkovi\u0107 postavljen na tri du\u017enosti, najavljeno i imenovanje \u010dlana obitelji Izetbegovi\u0107 - RADIO LJUBU\u0160KI","og_description":"Pomo\u0107nik ministrice vanjskih poslova BiH zadu\u017een za sektor bilateralnih poslova Ahmet Halilovi\u0107 postavljen je za vr\u0161itelja du\u017enosti tajnika ministarstva, \u0161to mu je tre\u0107a du\u017enost, pi\u0161e &#8220;Glas Srpske&#8221;. List dodaje da \u0107e se promjene dogoditi i u sektoru multilateralnih poslova, jer \u0107e sada\u0161nji pomo\u0107nik Ahmet \u0160ahovi\u0107 1. travnja biti imenovan za veleposlanika u Nizozemskoj, a na [&hellip;]","og_url":"https:\/\/radioljubuski.ba\/index.php\/2021\/03\/25\/savjetnik-ministrice-turkovic-postavljen-na-tri-duznosti-najavljeno-i-imenovanje-clana-obitelji-izetbegovic\/","og_site_name":"RADIO LJUBU\u0160KI","article_publisher":"https:\/\/www.facebook.com\/Radiio-Ljubuski-1490835324566332","article_published_time":"2021-03-25T18:13:52+00:00","og_image":[{"width":1000,"height":625,"url":"https:\/\/radioljubuski.ba\/wp-content\/uploads\/2021\/03\/DMIlqdiE_turkovic-1.png","type":"image\/png"}],"author":"Radio Ljubu\u0161ki","twitter_card":"summary_large_image","twitter_creator":"@radioljubuski","twitter_site":"@radioljubuski","twitter_misc":{"Napisao\/la":"Radio Ljubu\u0161ki","Procijenjeno vrijeme \u010ditanja":"2 minute"},"schema":{"@context":"https:\/\/schema.org","@graph":[{"@type":"Article","@id":"https:\/\/radioljubuski.ba\/index.php\/2021\/03\/25\/savjetnik-ministrice-turkovic-postavljen-na-tri-duznosti-najavljeno-i-imenovanje-clana-obitelji-izetbegovic\/#article","isPartOf":{"@id":"https:\/\/radioljubuski.ba\/index.php\/2021\/03\/25\/savjetnik-ministrice-turkovic-postavljen-na-tri-duznosti-najavljeno-i-imenovanje-clana-obitelji-izetbegovic\/"},"author":{"name":"Radio Ljubu\u0161ki","@id":"https:\/\/radioljubuski.ba\/#\/schema\/person\/19fc700381a780f69665d7956c469e3b"},"headline":"Savjetnik ministrice Turkovi\u0107 postavljen na tri du\u017enosti, najavljeno i imenovanje \u010dlana obitelji Izetbegovi\u0107","datePublished":"2021-03-25T18:13:52+00:00","mainEntityOfPage":{"@id":"https:\/\/radioljubuski.ba\/index.php\/2021\/03\/25\/savjetnik-ministrice-turkovic-postavljen-na-tri-duznosti-najavljeno-i-imenovanje-clana-obitelji-izetbegovic\/"},"wordCount":438,"publisher":{"@id":"https:\/\/radioljubuski.ba\/#organization"},"image":{"@id":"https:\/\/radioljubuski.ba\/index.php\/2021\/03\/25\/savjetnik-ministrice-turkovic-postavljen-na-tri-duznosti-najavljeno-i-imenovanje-clana-obitelji-izetbegovic\/#primaryimage"},"thumbnailUrl":"https:\/\/radioljubuski.ba\/wp-content\/uploads\/2021\/03\/DMIlqdiE_turkovic-1.png","articleSection":["BIH i regija"],"inLanguage":"hr"},{"@type":"WebPage","@id":"https:\/\/radioljubuski.ba\/index.php\/2021\/03\/25\/savjetnik-ministrice-turkovic-postavljen-na-tri-duznosti-najavljeno-i-imenovanje-clana-obitelji-izetbegovic\/","url":"https:\/\/radioljubuski.ba\/index.php\/2021\/03\/25\/savjetnik-ministrice-turkovic-postavljen-na-tri-duznosti-najavljeno-i-imenovanje-clana-obitelji-izetbegovic\/","name":"Savjetnik ministrice Turkovi\u0107 postavljen na tri du\u017enosti, najavljeno i imenovanje \u010dlana obitelji Izetbegovi\u0107 - RADIO LJUBU\u0160KI","isPartOf":{"@id":"https:\/\/radioljubuski.ba\/#website"},"primaryImageOfPage":{"@id":"https:\/\/radioljubuski.ba\/index.php\/2021\/03\/25\/savjetnik-ministrice-turkovic-postavljen-na-tri-duznosti-najavljeno-i-imenovanje-clana-obitelji-izetbegovic\/#primaryimage"},"image":{"@id":"https:\/\/radioljubuski.ba\/index.php\/2021\/03\/25\/savjetnik-ministrice-turkovic-postavljen-na-tri-duznosti-najavljeno-i-imenovanje-clana-obitelji-izetbegovic\/#primaryimage"},"thumbnailUrl":"https:\/\/radioljubuski.ba\/wp-content\/uploads\/2021\/03\/DMIlqdiE_turkovic-1.png","datePublished":"2021-03-25T18:13:52+00:00","breadcrumb":{"@id":"https:\/\/radioljubuski.ba\/index.php\/2021\/03\/25\/savjetnik-ministrice-turkovic-postavljen-na-tri-duznosti-najavljeno-i-imenovanje-clana-obitelji-izetbegovic\/#breadcrumb"},"inLanguage":"hr","potentialAction":[{"@type":"ReadAction","target":["https:\/\/radioljubuski.ba\/index.php\/2021\/03\/25\/savjetnik-ministrice-turkovic-postavljen-na-tri-duznosti-najavljeno-i-imenovanje-clana-obitelji-izetbegovic\/"]}]},{"@type":"ImageObject","inLanguage":"hr","@id":"https:\/\/radioljubuski.ba\/index.php\/2021\/03\/25\/savjetnik-ministrice-turkovic-postavljen-na-tri-duznosti-najavljeno-i-imenovanje-clana-obitelji-izetbegovic\/#primaryimage","url":"https:\/\/radioljubuski.ba\/wp-content\/uploads\/2021\/03\/DMIlqdiE_turkovic-1.png","contentUrl":"https:\/\/radioljubuski.ba\/wp-content\/uploads\/2021\/03\/DMIlqdiE_turkovic-1.png","width":1000,"height":625},{"@type":"BreadcrumbList","@id":"https:\/\/radioljubuski.ba\/index.php\/2021\/03\/25\/savjetnik-ministrice-turkovic-postavljen-na-tri-duznosti-najavljeno-i-imenovanje-clana-obitelji-izetbegovic\/#breadcrumb","itemListElement":[{"@type":"ListItem","position":1,"name":"Po\u010detna stranica","item":"https:\/\/radioljubuski.ba\/"},{"@type":"ListItem","position":2,"name":"Savjetnik ministrice Turkovi\u0107 postavljen na tri du\u017enosti, najavljeno i imenovanje \u010dlana obitelji Izetbegovi\u0107"}]},{"@type":"WebSite","@id":"https:\/\/radioljubuski.ba\/#website","url":"https:\/\/radioljubuski.ba\/","name":"Radio Ljubu\u0161ki","description":"Sun\u010dana frekvencija Hercegovine","publisher":{"@id":"https:\/\/radioljubuski.ba\/#organization"},"potentialAction":[{"@type":"SearchAction","target":{"@type":"EntryPoint","urlTemplate":"https:\/\/radioljubuski.ba\/?s={search_term_string}"},"query-input":{"@type":"PropertyValueSpecification","valueRequired":true,"valueName":"search_term_string"}}],"inLanguage":"hr"},{"@type":"Organization","@id":"https:\/\/radioljubuski.ba\/#organization","name":"Radio Ljubu\u0161ki","url":"https:\/\/radioljubuski.ba\/","logo":{"@type":"ImageObject","inLanguage":"hr","@id":"https:\/\/radioljubuski.ba\/#\/schema\/logo\/image\/","url":"https:\/\/radioljubuski.ba\/wp-content\/uploads\/2021\/02\/cropped-Radio_Ljubuski_logo1.jpg","contentUrl":"https:\/\/radioljubuski.ba\/wp-content\/uploads\/2021\/02\/cropped-Radio_Ljubuski_logo1.jpg","width":512,"height":512,"caption":"Radio Ljubu\u0161ki"},"image":{"@id":"https:\/\/radioljubuski.ba\/#\/schema\/logo\/image\/"},"sameAs":["https:\/\/www.facebook.com\/Radiio-Ljubuski-1490835324566332","https:\/\/x.com\/radioljubuski","https:\/\/hr.linkedin.com\/company\/radio-ljubuski","https:\/\/www.youtube.com\/channel\/UCHYaeO_n0Db3tjNGudGpXyw"]},{"@type":"Person","@id":"https:\/\/radioljubuski.ba\/#\/schema\/person\/19fc700381a780f69665d7956c469e3b","name":"Radio Ljubu\u0161ki"}]}},"_links":{"self":[{"href":"https:\/\/radioljubuski.ba\/index.php\/wp-json\/wp\/v2\/posts\/6852","targetHints":{"allow":["GET"]}}],"collection":[{"href":"https:\/\/radioljubuski.ba\/index.php\/wp-json\/wp\/v2\/posts"}],"about":[{"href":"https:\/\/radioljubuski.ba\/index.php\/wp-json\/wp\/v2\/types\/post"}],"author":[{"embeddable":true,"href":"https:\/\/radioljubuski.ba\/index.php\/wp-json\/wp\/v2\/users\/2"}],"replies":[{"embeddable":true,"href":"https:\/\/radioljubuski.ba\/index.php\/wp-json\/wp\/v2\/comments?post=6852"}],"version-history":[{"count":1,"href":"https:\/\/radioljubuski.ba\/index.php\/wp-json\/wp\/v2\/posts\/6852\/revisions"}],"predecessor-version":[{"id":6854,"href":"https:\/\/radioljubuski.ba\/index.php\/wp-json\/wp\/v2\/posts\/6852\/revisions\/6854"}],"wp:featuredmedia":[{"embeddable":true,"href":"https:\/\/radioljubuski.ba\/index.php\/wp-json\/wp\/v2\/media\/6853"}],"wp:attachment":[{"href":"https:\/\/radioljubuski.ba\/index.php\/wp-json\/wp\/v2\/media?parent=6852"}],"wp:term":[{"taxonomy":"category","embeddable":true,"href":"https:\/\/radioljubuski.ba\/index.php\/wp-json\/wp\/v2\/categories?post=6852"},{"taxonomy":"post_tag","embeddable":true,"href":"https:\/\/radioljubuski.ba\/index.php\/wp-json\/wp\/v2\/tags?post=6852"}],"curies":[{"name":"wp","href":"https:\/\/api.w.org\/{rel}","templated":true}]}}