{"id":68532,"date":"2021-09-27T10:28:07","date_gmt":"2021-09-27T09:28:07","guid":{"rendered":"https:\/\/radioljubuski.ba\/?p=68532"},"modified":"2021-09-27T10:28:08","modified_gmt":"2021-09-27T09:28:08","slug":"tko-ce-okupiti-parlamentarnu-vecinu","status":"publish","type":"post","link":"https:\/\/radioljubuski.ba\/index.php\/2021\/09\/27\/tko-ce-okupiti-parlamentarnu-vecinu\/","title":{"rendered":"Tko \u0107e okupiti parlamentarnu ve\u0107inu?"},"content":{"rendered":"\n<p>Jesu li nakon izborne nedjelje Nijemci izabrali ono \u0161to su najavljivali u anketama \u017eelimo stabilnost i kontinuitet, ali prije svega promjene nakon kancelarke Angele Merkel? \u0160to su odnosno koga su izabrali Nijemci objasnio je HTV-ov novinar Dragan Nikoli\u0107 javiv\u0161i se iz Berlina u emisiju Studio 4.<\/p>\n\n\n\n<p>Na pitanje ima li nakon ovih izbora Berlin gradona\u010delnicu, rekao je da nema jo\u0161 slu\u017ebenih rezultata.<br><br>&#8211; Ne tr\u010dimo pred rudo. Ono \u0161to je sasvim sigurnoj je da Njema\u010dka skre\u0107e ulijevo i naprosto je fascinantno kako je taj Olaf Scholz, kojeg su mnogi portretirali kao jednog pragmati\u010dnog, robotiziranog tehnokrata, uspio jednu gubitni\u010dku stranku vratiti na pobjedni\u010dku poziciju. Socijaldemokrati su u 3 mjeseca uspjeli osvojiti 10 posto nove potpore bira\u010da. Prema posljednjim informacijama iz DIP-a Socijaldemokrati osvajaju 25,7 posto glasova, \u0161to je za 53 mjesta bolji rezultat nego na pro\u0161lim izborima, rekao je.<br><br>&#8211; To je povijesni potop demokr\u0161\u0107ana koji su sada na 24,1 posto glasova. I to je 50 mandata manje u Bundestagu nego prije 4 godine. Isto tako Zeleni, s 14,8 trenutnim rezultatom, osvajaju 50 mjesta vi\u0161e. To je povijesni uspjeh za Zelenu opciju iako ostaje \u017eal njihovih prista\u0161a. Prisjetimo se, na ljeto su bili prvi, govorilo se i o<strong> Annaleni Baerbock<\/strong>, \u010delnici Zelenih, kao o novoj kancelarki.&nbsp;Liberali su zasad na 11,5 posto. Stranka krajnje desnice Alternativa za Njema\u010dku 10,3 posto, ne\u0161to slabije na nacionalnoj razini nego prije 4 godine, ali ostaju jaki u svojim tradicionalnim upori\u0161tima. Krajnja ljevica Die Linke zasad ne prelazi izborni prag. Od 5 posto 4,9 posto, ali osvaja izravnih 39 mandata jer, podsjetimo, Nijemci su ju\u010der davali 2 glasa. Za preferiranog kandidata ili kandidatkinju &#8211; to je izravan ulaz u Bundestag ili za strana\u010dke liste na osnovu kojih se onda stvara slika parlamentarna ovdje u donjem domu njema\u010dkog parlamenta. Izlaznost je prema posljednjim podacima bila 76,6 posto. To je skoro, kao u dlaku isto kao prije 4 godine, istaknuo je.<br><br>Ju\u010der su se u Berlinu u 18 sati slu\u017ebeno zatvorila birali\u0161ta. Zbog velikih redova, ali i povremenih nedostataka glasa\u010dkih listi\u0107a, jo\u0161 oko 2 sata se glasalo. I socijaldemokratski i demokr\u0161\u0107anski kandidat za kancelara jo\u0161 ju\u010der su u prvim govorima, nakon objave izlaznih anketa, najavili kako oni \u017eele formirati koalicijsku vladu.&nbsp;Scholz je rekao: poruka je jasna, imamo mandat za to da povedemo Njema\u010dku u 21. stolje\u0107e. Stvorit \u0107emo kvalitetnu tehnokratsku Vladu. Laschet i dalje, bez obzira na taj potop i podba\u010daj, nikad gori u povijesti CDU-a, tvrdi da nije bitno tko je osvojio najve\u0107i broj glasova, tko je relativni pobjednik, ve\u0107 je bitno tko \u0107e okupiti parlamentarnu ve\u0107inu. Ako Scholzu to uspije, on \u0107e biti 4. socijaldemokratski kancelar. Ve\u0107 su ga imali 1972., 1998. i 2002., ali isto tako ako socijaldemokrati osvoje najve\u0107i broj glasova, a ne budu imali kancelara na \u010delu, sada je ve\u0107 izvjesno tro\u010dlane koalicijske vlade, ni to ne\u0107e biti novost u njema\u010dkoj politi\u010dkoj praksi jer sada statistika ka\u017ee, a analiti\u010dari stavljaju u analizama &#8211; jo\u0161 1969. kandidat kancelarski CDU-a dobio telefonski poziv od ameri\u010dkog predsjednika <strong>Nixona<\/strong>, nakon \u0161to je kandidat CDU-a osvojio gotovo 50 posto glasova, a onda je u kona\u010dnici vladu stvorio socijaldemokrat <strong>Willy Brand<\/strong>t. Isto tako i <strong>Helmut Kohl <\/strong>1976. je s CDU-om bio najbolji, gledan kao relativni pobjednik, ali u kona\u010dnici su vladu napravili socijaldemokrati i liberali na \u010delu s <strong>Helmutom Schmidtom<\/strong>, zaklju\u010dio je.<\/p>\n\n\n\n<p>Izvor:hrt.hr<\/p>\n","protected":false},"excerpt":{"rendered":"<p>Jesu li nakon izborne nedjelje Nijemci izabrali ono \u0161to su najavljivali u anketama \u017eelimo stabilnost i kontinuitet, ali prije svega promjene nakon kancelarke Angele Merkel? \u0160to su odnosno koga su izabrali Nijemci objasnio je HTV-ov novinar Dragan Nikoli\u0107 javiv\u0161i se iz Berlina u emisiju Studio 4. Na pitanje ima li nakon ovih izbora Berlin gradona\u010delnicu, [&hellip;]<\/p>\n","protected":false},"author":2,"featured_media":68533,"comment_status":"closed","ping_status":"closed","sticky":false,"template":"","format":"standard","meta":{"h5ap_radio_sources":[],"footnotes":""},"categories":[1],"tags":[],"class_list":["post-68532","post","type-post","status-publish","format-standard","has-post-thumbnail","hentry","category-bihiregija"],"yoast_head":"<!-- This site is optimized with the Yoast SEO plugin v27.5 - https:\/\/yoast.com\/product\/yoast-seo-wordpress\/ -->\n<title>Tko \u0107e okupiti parlamentarnu ve\u0107inu? - RADIO LJUBU\u0160KI<\/title>\n<meta name=\"robots\" content=\"index, follow, max-snippet:-1, max-image-preview:large, max-video-preview:-1\" \/>\n<link rel=\"canonical\" href=\"https:\/\/radioljubuski.ba\/index.php\/2021\/09\/27\/tko-ce-okupiti-parlamentarnu-vecinu\/\" \/>\n<meta property=\"og:locale\" content=\"hr_HR\" \/>\n<meta property=\"og:type\" content=\"article\" \/>\n<meta property=\"og:title\" content=\"Tko \u0107e okupiti parlamentarnu ve\u0107inu? - RADIO LJUBU\u0160KI\" \/>\n<meta property=\"og:description\" content=\"Jesu li nakon izborne nedjelje Nijemci izabrali ono \u0161to su najavljivali u anketama \u017eelimo stabilnost i kontinuitet, ali prije svega promjene nakon kancelarke Angele Merkel? \u0160to su odnosno koga su izabrali Nijemci objasnio je HTV-ov novinar Dragan Nikoli\u0107 javiv\u0161i se iz Berlina u emisiju Studio 4. Na pitanje ima li nakon ovih izbora Berlin gradona\u010delnicu, [&hellip;]\" \/>\n<meta property=\"og:url\" content=\"https:\/\/radioljubuski.ba\/index.php\/2021\/09\/27\/tko-ce-okupiti-parlamentarnu-vecinu\/\" \/>\n<meta property=\"og:site_name\" content=\"RADIO LJUBU\u0160KI\" \/>\n<meta property=\"article:publisher\" content=\"https:\/\/www.facebook.com\/Radiio-Ljubuski-1490835324566332\" \/>\n<meta property=\"article:published_time\" content=\"2021-09-27T09:28:07+00:00\" \/>\n<meta property=\"article:modified_time\" content=\"2021-09-27T09:28:08+00:00\" \/>\n<meta property=\"og:image\" content=\"https:\/\/radioljubuski.ba\/wp-content\/uploads\/2021\/09\/t-tvd3-nikolic-20210926205633-1024x576.png\" \/>\n\t<meta property=\"og:image:width\" content=\"1024\" \/>\n\t<meta property=\"og:image:height\" content=\"576\" \/>\n\t<meta property=\"og:image:type\" content=\"image\/png\" \/>\n<meta name=\"author\" content=\"Radio Ljubu\u0161ki\" \/>\n<meta name=\"twitter:card\" content=\"summary_large_image\" \/>\n<meta name=\"twitter:creator\" content=\"@radioljubuski\" \/>\n<meta name=\"twitter:site\" content=\"@radioljubuski\" \/>\n<meta name=\"twitter:label1\" content=\"Napisao\/la\" \/>\n\t<meta name=\"twitter:data1\" content=\"Radio Ljubu\u0161ki\" \/>\n\t<meta name=\"twitter:label2\" content=\"Procijenjeno vrijeme \u010ditanja\" \/>\n\t<meta name=\"twitter:data2\" content=\"3 minute\" \/>\n<script type=\"application\/ld+json\" class=\"yoast-schema-graph\">{\"@context\":\"https:\\\/\\\/schema.org\",\"@graph\":[{\"@type\":\"Article\",\"@id\":\"https:\\\/\\\/radioljubuski.ba\\\/index.php\\\/2021\\\/09\\\/27\\\/tko-ce-okupiti-parlamentarnu-vecinu\\\/#article\",\"isPartOf\":{\"@id\":\"https:\\\/\\\/radioljubuski.ba\\\/index.php\\\/2021\\\/09\\\/27\\\/tko-ce-okupiti-parlamentarnu-vecinu\\\/\"},\"author\":{\"name\":\"Radio Ljubu\u0161ki\",\"@id\":\"https:\\\/\\\/radioljubuski.ba\\\/#\\\/schema\\\/person\\\/19fc700381a780f69665d7956c469e3b\"},\"headline\":\"Tko \u0107e okupiti parlamentarnu ve\u0107inu?\",\"datePublished\":\"2021-09-27T09:28:07+00:00\",\"dateModified\":\"2021-09-27T09:28:08+00:00\",\"mainEntityOfPage\":{\"@id\":\"https:\\\/\\\/radioljubuski.ba\\\/index.php\\\/2021\\\/09\\\/27\\\/tko-ce-okupiti-parlamentarnu-vecinu\\\/\"},\"wordCount\":569,\"publisher\":{\"@id\":\"https:\\\/\\\/radioljubuski.ba\\\/#organization\"},\"image\":{\"@id\":\"https:\\\/\\\/radioljubuski.ba\\\/index.php\\\/2021\\\/09\\\/27\\\/tko-ce-okupiti-parlamentarnu-vecinu\\\/#primaryimage\"},\"thumbnailUrl\":\"https:\\\/\\\/radioljubuski.ba\\\/wp-content\\\/uploads\\\/2021\\\/09\\\/t-tvd3-nikolic-20210926205633.png\",\"articleSection\":[\"BIH i regija\"],\"inLanguage\":\"hr\"},{\"@type\":\"WebPage\",\"@id\":\"https:\\\/\\\/radioljubuski.ba\\\/index.php\\\/2021\\\/09\\\/27\\\/tko-ce-okupiti-parlamentarnu-vecinu\\\/\",\"url\":\"https:\\\/\\\/radioljubuski.ba\\\/index.php\\\/2021\\\/09\\\/27\\\/tko-ce-okupiti-parlamentarnu-vecinu\\\/\",\"name\":\"Tko \u0107e okupiti parlamentarnu ve\u0107inu? - RADIO LJUBU\u0160KI\",\"isPartOf\":{\"@id\":\"https:\\\/\\\/radioljubuski.ba\\\/#website\"},\"primaryImageOfPage\":{\"@id\":\"https:\\\/\\\/radioljubuski.ba\\\/index.php\\\/2021\\\/09\\\/27\\\/tko-ce-okupiti-parlamentarnu-vecinu\\\/#primaryimage\"},\"image\":{\"@id\":\"https:\\\/\\\/radioljubuski.ba\\\/index.php\\\/2021\\\/09\\\/27\\\/tko-ce-okupiti-parlamentarnu-vecinu\\\/#primaryimage\"},\"thumbnailUrl\":\"https:\\\/\\\/radioljubuski.ba\\\/wp-content\\\/uploads\\\/2021\\\/09\\\/t-tvd3-nikolic-20210926205633.png\",\"datePublished\":\"2021-09-27T09:28:07+00:00\",\"dateModified\":\"2021-09-27T09:28:08+00:00\",\"breadcrumb\":{\"@id\":\"https:\\\/\\\/radioljubuski.ba\\\/index.php\\\/2021\\\/09\\\/27\\\/tko-ce-okupiti-parlamentarnu-vecinu\\\/#breadcrumb\"},\"inLanguage\":\"hr\",\"potentialAction\":[{\"@type\":\"ReadAction\",\"target\":[\"https:\\\/\\\/radioljubuski.ba\\\/index.php\\\/2021\\\/09\\\/27\\\/tko-ce-okupiti-parlamentarnu-vecinu\\\/\"]}]},{\"@type\":\"ImageObject\",\"inLanguage\":\"hr\",\"@id\":\"https:\\\/\\\/radioljubuski.ba\\\/index.php\\\/2021\\\/09\\\/27\\\/tko-ce-okupiti-parlamentarnu-vecinu\\\/#primaryimage\",\"url\":\"https:\\\/\\\/radioljubuski.ba\\\/wp-content\\\/uploads\\\/2021\\\/09\\\/t-tvd3-nikolic-20210926205633.png\",\"contentUrl\":\"https:\\\/\\\/radioljubuski.ba\\\/wp-content\\\/uploads\\\/2021\\\/09\\\/t-tvd3-nikolic-20210926205633.png\",\"width\":1920,\"height\":1080},{\"@type\":\"BreadcrumbList\",\"@id\":\"https:\\\/\\\/radioljubuski.ba\\\/index.php\\\/2021\\\/09\\\/27\\\/tko-ce-okupiti-parlamentarnu-vecinu\\\/#breadcrumb\",\"itemListElement\":[{\"@type\":\"ListItem\",\"position\":1,\"name\":\"Po\u010detna stranica\",\"item\":\"https:\\\/\\\/radioljubuski.ba\\\/\"},{\"@type\":\"ListItem\",\"position\":2,\"name\":\"Tko \u0107e okupiti parlamentarnu ve\u0107inu?\"}]},{\"@type\":\"WebSite\",\"@id\":\"https:\\\/\\\/radioljubuski.ba\\\/#website\",\"url\":\"https:\\\/\\\/radioljubuski.ba\\\/\",\"name\":\"Radio Ljubu\u0161ki\",\"description\":\"Sun\u010dana frekvencija Hercegovine\",\"publisher\":{\"@id\":\"https:\\\/\\\/radioljubuski.ba\\\/#organization\"},\"potentialAction\":[{\"@type\":\"SearchAction\",\"target\":{\"@type\":\"EntryPoint\",\"urlTemplate\":\"https:\\\/\\\/radioljubuski.ba\\\/?s={search_term_string}\"},\"query-input\":{\"@type\":\"PropertyValueSpecification\",\"valueRequired\":true,\"valueName\":\"search_term_string\"}}],\"inLanguage\":\"hr\"},{\"@type\":\"Organization\",\"@id\":\"https:\\\/\\\/radioljubuski.ba\\\/#organization\",\"name\":\"Radio Ljubu\u0161ki\",\"url\":\"https:\\\/\\\/radioljubuski.ba\\\/\",\"logo\":{\"@type\":\"ImageObject\",\"inLanguage\":\"hr\",\"@id\":\"https:\\\/\\\/radioljubuski.ba\\\/#\\\/schema\\\/logo\\\/image\\\/\",\"url\":\"https:\\\/\\\/radioljubuski.ba\\\/wp-content\\\/uploads\\\/2021\\\/02\\\/cropped-Radio_Ljubuski_logo1.jpg\",\"contentUrl\":\"https:\\\/\\\/radioljubuski.ba\\\/wp-content\\\/uploads\\\/2021\\\/02\\\/cropped-Radio_Ljubuski_logo1.jpg\",\"width\":512,\"height\":512,\"caption\":\"Radio Ljubu\u0161ki\"},\"image\":{\"@id\":\"https:\\\/\\\/radioljubuski.ba\\\/#\\\/schema\\\/logo\\\/image\\\/\"},\"sameAs\":[\"https:\\\/\\\/www.facebook.com\\\/Radiio-Ljubuski-1490835324566332\",\"https:\\\/\\\/x.com\\\/radioljubuski\",\"https:\\\/\\\/hr.linkedin.com\\\/company\\\/radio-ljubuski\",\"https:\\\/\\\/www.youtube.com\\\/channel\\\/UCHYaeO_n0Db3tjNGudGpXyw\"]},{\"@type\":\"Person\",\"@id\":\"https:\\\/\\\/radioljubuski.ba\\\/#\\\/schema\\\/person\\\/19fc700381a780f69665d7956c469e3b\",\"name\":\"Radio Ljubu\u0161ki\"}]}<\/script>\n<!-- \/ Yoast SEO plugin. -->","yoast_head_json":{"title":"Tko \u0107e okupiti parlamentarnu ve\u0107inu? - RADIO LJUBU\u0160KI","robots":{"index":"index","follow":"follow","max-snippet":"max-snippet:-1","max-image-preview":"max-image-preview:large","max-video-preview":"max-video-preview:-1"},"canonical":"https:\/\/radioljubuski.ba\/index.php\/2021\/09\/27\/tko-ce-okupiti-parlamentarnu-vecinu\/","og_locale":"hr_HR","og_type":"article","og_title":"Tko \u0107e okupiti parlamentarnu ve\u0107inu? - RADIO LJUBU\u0160KI","og_description":"Jesu li nakon izborne nedjelje Nijemci izabrali ono \u0161to su najavljivali u anketama \u017eelimo stabilnost i kontinuitet, ali prije svega promjene nakon kancelarke Angele Merkel? \u0160to su odnosno koga su izabrali Nijemci objasnio je HTV-ov novinar Dragan Nikoli\u0107 javiv\u0161i se iz Berlina u emisiju Studio 4. Na pitanje ima li nakon ovih izbora Berlin gradona\u010delnicu, [&hellip;]","og_url":"https:\/\/radioljubuski.ba\/index.php\/2021\/09\/27\/tko-ce-okupiti-parlamentarnu-vecinu\/","og_site_name":"RADIO LJUBU\u0160KI","article_publisher":"https:\/\/www.facebook.com\/Radiio-Ljubuski-1490835324566332","article_published_time":"2021-09-27T09:28:07+00:00","article_modified_time":"2021-09-27T09:28:08+00:00","og_image":[{"width":1024,"height":576,"url":"https:\/\/radioljubuski.ba\/wp-content\/uploads\/2021\/09\/t-tvd3-nikolic-20210926205633-1024x576.png","type":"image\/png"}],"author":"Radio Ljubu\u0161ki","twitter_card":"summary_large_image","twitter_creator":"@radioljubuski","twitter_site":"@radioljubuski","twitter_misc":{"Napisao\/la":"Radio Ljubu\u0161ki","Procijenjeno vrijeme \u010ditanja":"3 minute"},"schema":{"@context":"https:\/\/schema.org","@graph":[{"@type":"Article","@id":"https:\/\/radioljubuski.ba\/index.php\/2021\/09\/27\/tko-ce-okupiti-parlamentarnu-vecinu\/#article","isPartOf":{"@id":"https:\/\/radioljubuski.ba\/index.php\/2021\/09\/27\/tko-ce-okupiti-parlamentarnu-vecinu\/"},"author":{"name":"Radio Ljubu\u0161ki","@id":"https:\/\/radioljubuski.ba\/#\/schema\/person\/19fc700381a780f69665d7956c469e3b"},"headline":"Tko \u0107e okupiti parlamentarnu ve\u0107inu?","datePublished":"2021-09-27T09:28:07+00:00","dateModified":"2021-09-27T09:28:08+00:00","mainEntityOfPage":{"@id":"https:\/\/radioljubuski.ba\/index.php\/2021\/09\/27\/tko-ce-okupiti-parlamentarnu-vecinu\/"},"wordCount":569,"publisher":{"@id":"https:\/\/radioljubuski.ba\/#organization"},"image":{"@id":"https:\/\/radioljubuski.ba\/index.php\/2021\/09\/27\/tko-ce-okupiti-parlamentarnu-vecinu\/#primaryimage"},"thumbnailUrl":"https:\/\/radioljubuski.ba\/wp-content\/uploads\/2021\/09\/t-tvd3-nikolic-20210926205633.png","articleSection":["BIH i regija"],"inLanguage":"hr"},{"@type":"WebPage","@id":"https:\/\/radioljubuski.ba\/index.php\/2021\/09\/27\/tko-ce-okupiti-parlamentarnu-vecinu\/","url":"https:\/\/radioljubuski.ba\/index.php\/2021\/09\/27\/tko-ce-okupiti-parlamentarnu-vecinu\/","name":"Tko \u0107e okupiti parlamentarnu ve\u0107inu? - RADIO LJUBU\u0160KI","isPartOf":{"@id":"https:\/\/radioljubuski.ba\/#website"},"primaryImageOfPage":{"@id":"https:\/\/radioljubuski.ba\/index.php\/2021\/09\/27\/tko-ce-okupiti-parlamentarnu-vecinu\/#primaryimage"},"image":{"@id":"https:\/\/radioljubuski.ba\/index.php\/2021\/09\/27\/tko-ce-okupiti-parlamentarnu-vecinu\/#primaryimage"},"thumbnailUrl":"https:\/\/radioljubuski.ba\/wp-content\/uploads\/2021\/09\/t-tvd3-nikolic-20210926205633.png","datePublished":"2021-09-27T09:28:07+00:00","dateModified":"2021-09-27T09:28:08+00:00","breadcrumb":{"@id":"https:\/\/radioljubuski.ba\/index.php\/2021\/09\/27\/tko-ce-okupiti-parlamentarnu-vecinu\/#breadcrumb"},"inLanguage":"hr","potentialAction":[{"@type":"ReadAction","target":["https:\/\/radioljubuski.ba\/index.php\/2021\/09\/27\/tko-ce-okupiti-parlamentarnu-vecinu\/"]}]},{"@type":"ImageObject","inLanguage":"hr","@id":"https:\/\/radioljubuski.ba\/index.php\/2021\/09\/27\/tko-ce-okupiti-parlamentarnu-vecinu\/#primaryimage","url":"https:\/\/radioljubuski.ba\/wp-content\/uploads\/2021\/09\/t-tvd3-nikolic-20210926205633.png","contentUrl":"https:\/\/radioljubuski.ba\/wp-content\/uploads\/2021\/09\/t-tvd3-nikolic-20210926205633.png","width":1920,"height":1080},{"@type":"BreadcrumbList","@id":"https:\/\/radioljubuski.ba\/index.php\/2021\/09\/27\/tko-ce-okupiti-parlamentarnu-vecinu\/#breadcrumb","itemListElement":[{"@type":"ListItem","position":1,"name":"Po\u010detna stranica","item":"https:\/\/radioljubuski.ba\/"},{"@type":"ListItem","position":2,"name":"Tko \u0107e okupiti parlamentarnu ve\u0107inu?"}]},{"@type":"WebSite","@id":"https:\/\/radioljubuski.ba\/#website","url":"https:\/\/radioljubuski.ba\/","name":"Radio Ljubu\u0161ki","description":"Sun\u010dana frekvencija Hercegovine","publisher":{"@id":"https:\/\/radioljubuski.ba\/#organization"},"potentialAction":[{"@type":"SearchAction","target":{"@type":"EntryPoint","urlTemplate":"https:\/\/radioljubuski.ba\/?s={search_term_string}"},"query-input":{"@type":"PropertyValueSpecification","valueRequired":true,"valueName":"search_term_string"}}],"inLanguage":"hr"},{"@type":"Organization","@id":"https:\/\/radioljubuski.ba\/#organization","name":"Radio Ljubu\u0161ki","url":"https:\/\/radioljubuski.ba\/","logo":{"@type":"ImageObject","inLanguage":"hr","@id":"https:\/\/radioljubuski.ba\/#\/schema\/logo\/image\/","url":"https:\/\/radioljubuski.ba\/wp-content\/uploads\/2021\/02\/cropped-Radio_Ljubuski_logo1.jpg","contentUrl":"https:\/\/radioljubuski.ba\/wp-content\/uploads\/2021\/02\/cropped-Radio_Ljubuski_logo1.jpg","width":512,"height":512,"caption":"Radio Ljubu\u0161ki"},"image":{"@id":"https:\/\/radioljubuski.ba\/#\/schema\/logo\/image\/"},"sameAs":["https:\/\/www.facebook.com\/Radiio-Ljubuski-1490835324566332","https:\/\/x.com\/radioljubuski","https:\/\/hr.linkedin.com\/company\/radio-ljubuski","https:\/\/www.youtube.com\/channel\/UCHYaeO_n0Db3tjNGudGpXyw"]},{"@type":"Person","@id":"https:\/\/radioljubuski.ba\/#\/schema\/person\/19fc700381a780f69665d7956c469e3b","name":"Radio Ljubu\u0161ki"}]}},"_links":{"self":[{"href":"https:\/\/radioljubuski.ba\/index.php\/wp-json\/wp\/v2\/posts\/68532","targetHints":{"allow":["GET"]}}],"collection":[{"href":"https:\/\/radioljubuski.ba\/index.php\/wp-json\/wp\/v2\/posts"}],"about":[{"href":"https:\/\/radioljubuski.ba\/index.php\/wp-json\/wp\/v2\/types\/post"}],"author":[{"embeddable":true,"href":"https:\/\/radioljubuski.ba\/index.php\/wp-json\/wp\/v2\/users\/2"}],"replies":[{"embeddable":true,"href":"https:\/\/radioljubuski.ba\/index.php\/wp-json\/wp\/v2\/comments?post=68532"}],"version-history":[{"count":1,"href":"https:\/\/radioljubuski.ba\/index.php\/wp-json\/wp\/v2\/posts\/68532\/revisions"}],"predecessor-version":[{"id":68534,"href":"https:\/\/radioljubuski.ba\/index.php\/wp-json\/wp\/v2\/posts\/68532\/revisions\/68534"}],"wp:featuredmedia":[{"embeddable":true,"href":"https:\/\/radioljubuski.ba\/index.php\/wp-json\/wp\/v2\/media\/68533"}],"wp:attachment":[{"href":"https:\/\/radioljubuski.ba\/index.php\/wp-json\/wp\/v2\/media?parent=68532"}],"wp:term":[{"taxonomy":"category","embeddable":true,"href":"https:\/\/radioljubuski.ba\/index.php\/wp-json\/wp\/v2\/categories?post=68532"},{"taxonomy":"post_tag","embeddable":true,"href":"https:\/\/radioljubuski.ba\/index.php\/wp-json\/wp\/v2\/tags?post=68532"}],"curies":[{"name":"wp","href":"https:\/\/api.w.org\/{rel}","templated":true}]}}