{"id":68538,"date":"2021-09-27T10:39:15","date_gmt":"2021-09-27T09:39:15","guid":{"rendered":"https:\/\/radioljubuski.ba\/?p=68538"},"modified":"2021-09-27T10:39:17","modified_gmt":"2021-09-27T09:39:17","slug":"bagaric-ubojica-ima-snazno-i-duboko-razvijenu-psihopatiju","status":"publish","type":"post","link":"https:\/\/radioljubuski.ba\/index.php\/2021\/09\/27\/bagaric-ubojica-ima-snazno-i-duboko-razvijenu-psihopatiju\/","title":{"rendered":"Bagari\u0107: Ubojica ima sna\u017eno i duboko razvijenu psihopatiju"},"content":{"rendered":"\n<p>Nakon brutalnog zlo\u010dina u zagreba\u010dkim Mlinovima i ubojstva troje djece kojima je presudio vlastiti otac, \u0161okirana javnost, ali i struka, tra\u017ee odgovor na brojna pitanja. No klju\u010dno pitanje i dalje je otvoreno &#8211; mo\u017ee li se uop\u0107e prevenirati ili predvidjeti takav zlo\u010din unutar obitelji? Na\u017ealost, upravo nasilje i ubojstva unutar obitelji posljednjih godina u znatnom su porastu. Treba li tra\u017eiti alibi u pandemiji koja je ljudima potpuno promijenila \u017eivot?<\/p>\n\n\n\n<p>Prof. dr. sc. <strong>Ante Bagari\u0107,&nbsp;<\/strong>psihijatar u Klinici za psihijatriju Vrap\u010de, u emisiji HRT-a Studio 4 odgovaraju\u0107i na pitanje je li otac djece koji je po\u010dinio ubojstva svjestan \u0161to je u\u010dinio, budu\u0107i da prema posljednjim informacijama ne sura\u0111uje s policijom, rekao je kako je svjestan.<br><br>&#8211; Ubojica je uhi\u0107en, on nije u bolnici na lije\u010denju, on je samo kao uhi\u0107enik privremeno u bolnici umjesto u zatvoru dok se ne rije\u0161i njegovo zdravstveno stanje. Ubojica, ne nikako kao otac, uhi\u0107en je nakon zlo\u010dina koji je napravio i nalazi se u bolnici samo zato \u0161to se takvo lije\u010denje u zatvorskoj bolnici ne mo\u017ee provoditi, rekao je Bagari\u0107.<br><br><br>&#8211; Mi psihijatri uvijek volimo govoriti kad budu svi dokazi, a dosad su nepotpuni i nesigurni dokazi. Kad mi govorimo, govorimo vi\u0161e op\u0107enito, no \u010dinjenica je da gotovo svako ubojstvo djece je izvr\u0161eno od osoba koje imaju sna\u017eno, duboko razvijenu psihopatiju, dakle jedan psihi\u010dki poreme\u0107aj koji je razli\u010dit od svih drugih razli\u010ditih poreme\u0107aja i koji ima jednu glavnu karakteristiku &#8211; takve osobe mogu u\u017eivati samo u patnji drugih. Ono \u0161to je karakteristi\u010dno kod ljudi ubojica djece jest&nbsp; da oni biraju \u017ertve koje se ne mogu braniti, koje su slabe i krajnji vid te psihopatije je kad to naprave u svojoj obitelji kod djece koja ih vole, koja pokazuju empatiju i ljubav prema njima, onda psihopati upravo da bi njihovo u\u017eivanje bilo ve\u0107e, da bi bila \u017ertava bila ve\u0107a, naprave to osobama koje u njih imaju povjerenje i bliskost, objasnio je Bagari\u0107.<\/p>\n\n\n\n<p><strong>O objavama na dru\u0161tvenim mre\u017eama<\/strong><br><br>Komentiraju\u0107i objave ubojice na dru\u0161tvenim mre\u017eama iz kojih se vidi da je on obo\u017eavao djecu te se nije moglo posumnjati u ovakav ishod i stvara li se la\u017ena slika na njima, Bagari\u0107 je rekao kako su stru\u010dnjaci sto puta govorili da su dru\u0161tvene mre\u017ee mnogo \u0161to\u0161ta unaprijedile, pa i medicinu.<br><br>&#8211; Me\u0111utim dru\u0161tvene mre\u017ee imaju i svoje negativne posljedice. To\u010dno je da su dru\u0161tvene mre\u017ee izvrsna platforma da ljudi stvore la\u017enu dobru i uspje\u0161nu masku. Sigurno onaj tko zlostavlja djecu ili je ubio, sigurno nije dobar otac pa mu se ne\u0161to iznenadno dogodilo . Na njima se mo\u017ee kamuflirati jedna agresija, destrukcija, jedno zlo i da se ono predstavi kao ne\u0161to dobro, smatra Bagari\u0107.<br><br>Rekao je kako u dru\u0161tvu treba razvijati klimu da se bilo kakva naznaka agresije prema djeci prijavljuje.<br><br>&#8211; To nije slabost i kukavi\u010dluk, nego je zada\u0107a svih ljudi da \u0161tite svoju i svu drugu djecu, istaknuo je.<\/p>\n\n\n\n<p><strong>Pandemija i utjecaj na ljude<\/strong><br><br>Govore\u0107i o pandemiji i utjecaju na obitelj, Bagari\u0107 je rekao da je pandemija jedan velik stres.<br><br>&#8211; Veliki stres dobre ljude \u010dini boljima, a lo\u0161e ljude \u010dini gorima. Pandemija je lo\u0161e ljude izvukla na povr\u0161inu da rade lo\u0161e stvari, naglasio je.<br><br>Rekao je kako se ubojice predstavljaju kao hrabri, a poslije zlo\u010dina rade niz poteza kako bi izbjegli kaznu i da bi dobili sa\u017ealjenje i status \u017ertve.<br><br>&#8211; Dru\u0161tvo to ne smije dopustiti. Vrlo je va\u017eno za zdravo dru\u0161tvo da \u017ertve ozna\u010di \u017ertvama, a da agresore, nasilnike, ubojice, ozna\u010di onakvima kakvi jesu, dodao je.<br><br>Upitan trebaju li ljudi i\u0107i \u010de\u0161\u0107e na sistematske preglede, pogotovo kada je rije\u010d o psihotestovima, Bagari\u0107 je rekao da bi oni koji ih provode trebali biti educirani i trenirani te mo\u0107i prepoznati znakove i zatra\u017eiti pregled psihijatra.<br><br>&#8211; Vrlo je va\u017eno da lije\u010dnici prepoznaju znakove karakteristike li\u010dnosti koje mogu ugro\u017eavati samu osobu ili \u010dlanove njegove obitelji, smatra.<\/p>\n\n\n\n<p><strong>Zdravlje psihe<\/strong><br><br>Bagari\u0107 je govorio i\u00a0 koliko je va\u017eno voditi brigu o zdravlju psihe.<br><br>&#8211; Psihijatri govore da je va\u017eno i somatsko, tjelesno zdravlje, ali i emocionalno i mentalno zdravlje. Ako se ne \u017eeli do\u0107i na pregled kod psihijatra, mo\u017eete nazvati telefonom, ima i online savjetovanja. Svima su potrebne nekad intervencije podr\u0161ke, rje\u0161avanja konflikata, istaknuo je Bagari\u0107.<br><br>Smatra da nije samo pandemija odgovorna za poreme\u0107aje, nego da je dru\u0161tvo skrenulo u egoizam i individualizam.<br><br>&#8211; Prava preventivna mjera jest da imamo dobar matriks u obitelji i susjedstvu, da ne budemo samo na dobar dan, nego da se komunicira. Tu smo zakazali, idemo nazad, idemo da smo sami sebi dovoljni, a to nije mogu\u0107e. \u010covjek nije ustrojen da mo\u017ee \u017eivjeti sam sa svojim interesima. Mentalna komunikacija je jednako va\u017ena kao i disanje. Va\u017eno je da djecu u\u010dimo od vrti\u0107a kako je emocionalna komunikacija esencijalna za uspje\u0161an i sretan \u017eivot, objasnio je Bagari\u0107.<\/p>\n\n\n\n<div style=\"width: 640px;\" class=\"wp-video\"><video class=\"wp-video-shortcode\" id=\"video-68538-1\" width=\"640\" height=\"360\" preload=\"metadata\" controls=\"controls\"><source type=\"video\/mp4\" src=\"https:\/\/api.hrt.hr\/media\/9e\/07\/st4-bagaric-web-20210927081437.mp4?_=1\" \/><a href=\"https:\/\/api.hrt.hr\/media\/9e\/07\/st4-bagaric-web-20210927081437.mp4\">https:\/\/api.hrt.hr\/media\/9e\/07\/st4-bagaric-web-20210927081437.mp4<\/a><\/video><\/div>\n\n\n\n<p>Izvor:hrt.hr<\/p>\n","protected":false},"excerpt":{"rendered":"<p>Nakon brutalnog zlo\u010dina u zagreba\u010dkim Mlinovima i ubojstva troje djece kojima je presudio vlastiti otac, \u0161okirana javnost, ali i struka, tra\u017ee odgovor na brojna pitanja. No klju\u010dno pitanje i dalje je otvoreno &#8211; mo\u017ee li se uop\u0107e prevenirati ili predvidjeti takav zlo\u010din unutar obitelji? Na\u017ealost, upravo nasilje i ubojstva unutar obitelji posljednjih godina u znatnom [&hellip;]<\/p>\n","protected":false},"author":2,"featured_media":68539,"comment_status":"closed","ping_status":"closed","sticky":false,"template":"","format":"standard","meta":{"h5ap_radio_sources":[],"footnotes":""},"categories":[1],"tags":[],"class_list":["post-68538","post","type-post","status-publish","format-standard","has-post-thumbnail","hentry","category-bihiregija"],"yoast_head":"<!-- This site is optimized with the Yoast SEO plugin v27.4 - https:\/\/yoast.com\/product\/yoast-seo-wordpress\/ -->\n<title>Bagari\u0107: Ubojica ima sna\u017eno i duboko razvijenu psihopatiju - RADIO LJUBU\u0160KI<\/title>\n<meta name=\"robots\" content=\"index, follow, max-snippet:-1, max-image-preview:large, max-video-preview:-1\" \/>\n<link rel=\"canonical\" href=\"https:\/\/radioljubuski.ba\/index.php\/2021\/09\/27\/bagaric-ubojica-ima-snazno-i-duboko-razvijenu-psihopatiju\/\" \/>\n<meta property=\"og:locale\" content=\"hr_HR\" \/>\n<meta property=\"og:type\" content=\"article\" \/>\n<meta property=\"og:title\" content=\"Bagari\u0107: Ubojica ima sna\u017eno i duboko razvijenu psihopatiju - RADIO LJUBU\u0160KI\" \/>\n<meta property=\"og:description\" content=\"Nakon brutalnog zlo\u010dina u zagreba\u010dkim Mlinovima i ubojstva troje djece kojima je presudio vlastiti otac, \u0161okirana javnost, ali i struka, tra\u017ee odgovor na brojna pitanja. No klju\u010dno pitanje i dalje je otvoreno &#8211; mo\u017ee li se uop\u0107e prevenirati ili predvidjeti takav zlo\u010din unutar obitelji? Na\u017ealost, upravo nasilje i ubojstva unutar obitelji posljednjih godina u znatnom [&hellip;]\" \/>\n<meta property=\"og:url\" content=\"https:\/\/radioljubuski.ba\/index.php\/2021\/09\/27\/bagaric-ubojica-ima-snazno-i-duboko-razvijenu-psihopatiju\/\" \/>\n<meta property=\"og:site_name\" content=\"RADIO LJUBU\u0160KI\" \/>\n<meta property=\"article:publisher\" content=\"https:\/\/www.facebook.com\/Radiio-Ljubuski-1490835324566332\" \/>\n<meta property=\"article:published_time\" content=\"2021-09-27T09:39:15+00:00\" \/>\n<meta property=\"article:modified_time\" content=\"2021-09-27T09:39:17+00:00\" \/>\n<meta property=\"og:image\" content=\"https:\/\/radioljubuski.ba\/wp-content\/uploads\/2021\/09\/hrt-markoprpicpixsell-20210927063509.jpg\" \/>\n\t<meta property=\"og:image:width\" content=\"1000\" \/>\n\t<meta property=\"og:image:height\" content=\"592\" \/>\n\t<meta property=\"og:image:type\" content=\"image\/jpeg\" \/>\n<meta name=\"author\" content=\"Radio Ljubu\u0161ki\" \/>\n<meta name=\"twitter:card\" content=\"summary_large_image\" \/>\n<meta name=\"twitter:creator\" content=\"@radioljubuski\" \/>\n<meta name=\"twitter:site\" content=\"@radioljubuski\" \/>\n<meta name=\"twitter:label1\" content=\"Napisao\/la\" \/>\n\t<meta name=\"twitter:data1\" content=\"Radio Ljubu\u0161ki\" \/>\n\t<meta name=\"twitter:label2\" content=\"Procijenjeno vrijeme \u010ditanja\" \/>\n\t<meta name=\"twitter:data2\" content=\"4 minute\" \/>\n<script type=\"application\/ld+json\" class=\"yoast-schema-graph\">{\"@context\":\"https:\\\/\\\/schema.org\",\"@graph\":[{\"@type\":\"Article\",\"@id\":\"https:\\\/\\\/radioljubuski.ba\\\/index.php\\\/2021\\\/09\\\/27\\\/bagaric-ubojica-ima-snazno-i-duboko-razvijenu-psihopatiju\\\/#article\",\"isPartOf\":{\"@id\":\"https:\\\/\\\/radioljubuski.ba\\\/index.php\\\/2021\\\/09\\\/27\\\/bagaric-ubojica-ima-snazno-i-duboko-razvijenu-psihopatiju\\\/\"},\"author\":{\"name\":\"Radio Ljubu\u0161ki\",\"@id\":\"https:\\\/\\\/radioljubuski.ba\\\/#\\\/schema\\\/person\\\/19fc700381a780f69665d7956c469e3b\"},\"headline\":\"Bagari\u0107: Ubojica ima sna\u017eno i duboko razvijenu psihopatiju\",\"datePublished\":\"2021-09-27T09:39:15+00:00\",\"dateModified\":\"2021-09-27T09:39:17+00:00\",\"mainEntityOfPage\":{\"@id\":\"https:\\\/\\\/radioljubuski.ba\\\/index.php\\\/2021\\\/09\\\/27\\\/bagaric-ubojica-ima-snazno-i-duboko-razvijenu-psihopatiju\\\/\"},\"wordCount\":896,\"publisher\":{\"@id\":\"https:\\\/\\\/radioljubuski.ba\\\/#organization\"},\"image\":{\"@id\":\"https:\\\/\\\/radioljubuski.ba\\\/index.php\\\/2021\\\/09\\\/27\\\/bagaric-ubojica-ima-snazno-i-duboko-razvijenu-psihopatiju\\\/#primaryimage\"},\"thumbnailUrl\":\"https:\\\/\\\/radioljubuski.ba\\\/wp-content\\\/uploads\\\/2021\\\/09\\\/hrt-markoprpicpixsell-20210927063509.jpg\",\"articleSection\":[\"BIH i regija\"],\"inLanguage\":\"hr\"},{\"@type\":\"WebPage\",\"@id\":\"https:\\\/\\\/radioljubuski.ba\\\/index.php\\\/2021\\\/09\\\/27\\\/bagaric-ubojica-ima-snazno-i-duboko-razvijenu-psihopatiju\\\/\",\"url\":\"https:\\\/\\\/radioljubuski.ba\\\/index.php\\\/2021\\\/09\\\/27\\\/bagaric-ubojica-ima-snazno-i-duboko-razvijenu-psihopatiju\\\/\",\"name\":\"Bagari\u0107: Ubojica ima sna\u017eno i duboko razvijenu psihopatiju - RADIO LJUBU\u0160KI\",\"isPartOf\":{\"@id\":\"https:\\\/\\\/radioljubuski.ba\\\/#website\"},\"primaryImageOfPage\":{\"@id\":\"https:\\\/\\\/radioljubuski.ba\\\/index.php\\\/2021\\\/09\\\/27\\\/bagaric-ubojica-ima-snazno-i-duboko-razvijenu-psihopatiju\\\/#primaryimage\"},\"image\":{\"@id\":\"https:\\\/\\\/radioljubuski.ba\\\/index.php\\\/2021\\\/09\\\/27\\\/bagaric-ubojica-ima-snazno-i-duboko-razvijenu-psihopatiju\\\/#primaryimage\"},\"thumbnailUrl\":\"https:\\\/\\\/radioljubuski.ba\\\/wp-content\\\/uploads\\\/2021\\\/09\\\/hrt-markoprpicpixsell-20210927063509.jpg\",\"datePublished\":\"2021-09-27T09:39:15+00:00\",\"dateModified\":\"2021-09-27T09:39:17+00:00\",\"breadcrumb\":{\"@id\":\"https:\\\/\\\/radioljubuski.ba\\\/index.php\\\/2021\\\/09\\\/27\\\/bagaric-ubojica-ima-snazno-i-duboko-razvijenu-psihopatiju\\\/#breadcrumb\"},\"inLanguage\":\"hr\",\"potentialAction\":[{\"@type\":\"ReadAction\",\"target\":[\"https:\\\/\\\/radioljubuski.ba\\\/index.php\\\/2021\\\/09\\\/27\\\/bagaric-ubojica-ima-snazno-i-duboko-razvijenu-psihopatiju\\\/\"]}]},{\"@type\":\"ImageObject\",\"inLanguage\":\"hr\",\"@id\":\"https:\\\/\\\/radioljubuski.ba\\\/index.php\\\/2021\\\/09\\\/27\\\/bagaric-ubojica-ima-snazno-i-duboko-razvijenu-psihopatiju\\\/#primaryimage\",\"url\":\"https:\\\/\\\/radioljubuski.ba\\\/wp-content\\\/uploads\\\/2021\\\/09\\\/hrt-markoprpicpixsell-20210927063509.jpg\",\"contentUrl\":\"https:\\\/\\\/radioljubuski.ba\\\/wp-content\\\/uploads\\\/2021\\\/09\\\/hrt-markoprpicpixsell-20210927063509.jpg\",\"width\":1000,\"height\":592},{\"@type\":\"BreadcrumbList\",\"@id\":\"https:\\\/\\\/radioljubuski.ba\\\/index.php\\\/2021\\\/09\\\/27\\\/bagaric-ubojica-ima-snazno-i-duboko-razvijenu-psihopatiju\\\/#breadcrumb\",\"itemListElement\":[{\"@type\":\"ListItem\",\"position\":1,\"name\":\"Po\u010detna stranica\",\"item\":\"https:\\\/\\\/radioljubuski.ba\\\/\"},{\"@type\":\"ListItem\",\"position\":2,\"name\":\"Bagari\u0107: Ubojica ima sna\u017eno i duboko razvijenu psihopatiju\"}]},{\"@type\":\"WebSite\",\"@id\":\"https:\\\/\\\/radioljubuski.ba\\\/#website\",\"url\":\"https:\\\/\\\/radioljubuski.ba\\\/\",\"name\":\"Radio Ljubu\u0161ki\",\"description\":\"Sun\u010dana frekvencija Hercegovine\",\"publisher\":{\"@id\":\"https:\\\/\\\/radioljubuski.ba\\\/#organization\"},\"potentialAction\":[{\"@type\":\"SearchAction\",\"target\":{\"@type\":\"EntryPoint\",\"urlTemplate\":\"https:\\\/\\\/radioljubuski.ba\\\/?s={search_term_string}\"},\"query-input\":{\"@type\":\"PropertyValueSpecification\",\"valueRequired\":true,\"valueName\":\"search_term_string\"}}],\"inLanguage\":\"hr\"},{\"@type\":\"Organization\",\"@id\":\"https:\\\/\\\/radioljubuski.ba\\\/#organization\",\"name\":\"Radio Ljubu\u0161ki\",\"url\":\"https:\\\/\\\/radioljubuski.ba\\\/\",\"logo\":{\"@type\":\"ImageObject\",\"inLanguage\":\"hr\",\"@id\":\"https:\\\/\\\/radioljubuski.ba\\\/#\\\/schema\\\/logo\\\/image\\\/\",\"url\":\"https:\\\/\\\/radioljubuski.ba\\\/wp-content\\\/uploads\\\/2021\\\/02\\\/cropped-Radio_Ljubuski_logo1.jpg\",\"contentUrl\":\"https:\\\/\\\/radioljubuski.ba\\\/wp-content\\\/uploads\\\/2021\\\/02\\\/cropped-Radio_Ljubuski_logo1.jpg\",\"width\":512,\"height\":512,\"caption\":\"Radio Ljubu\u0161ki\"},\"image\":{\"@id\":\"https:\\\/\\\/radioljubuski.ba\\\/#\\\/schema\\\/logo\\\/image\\\/\"},\"sameAs\":[\"https:\\\/\\\/www.facebook.com\\\/Radiio-Ljubuski-1490835324566332\",\"https:\\\/\\\/x.com\\\/radioljubuski\",\"https:\\\/\\\/hr.linkedin.com\\\/company\\\/radio-ljubuski\",\"https:\\\/\\\/www.youtube.com\\\/channel\\\/UCHYaeO_n0Db3tjNGudGpXyw\"]},{\"@type\":\"Person\",\"@id\":\"https:\\\/\\\/radioljubuski.ba\\\/#\\\/schema\\\/person\\\/19fc700381a780f69665d7956c469e3b\",\"name\":\"Radio Ljubu\u0161ki\"}]}<\/script>\n<!-- \/ Yoast SEO plugin. -->","yoast_head_json":{"title":"Bagari\u0107: Ubojica ima sna\u017eno i duboko razvijenu psihopatiju - RADIO LJUBU\u0160KI","robots":{"index":"index","follow":"follow","max-snippet":"max-snippet:-1","max-image-preview":"max-image-preview:large","max-video-preview":"max-video-preview:-1"},"canonical":"https:\/\/radioljubuski.ba\/index.php\/2021\/09\/27\/bagaric-ubojica-ima-snazno-i-duboko-razvijenu-psihopatiju\/","og_locale":"hr_HR","og_type":"article","og_title":"Bagari\u0107: Ubojica ima sna\u017eno i duboko razvijenu psihopatiju - RADIO LJUBU\u0160KI","og_description":"Nakon brutalnog zlo\u010dina u zagreba\u010dkim Mlinovima i ubojstva troje djece kojima je presudio vlastiti otac, \u0161okirana javnost, ali i struka, tra\u017ee odgovor na brojna pitanja. No klju\u010dno pitanje i dalje je otvoreno &#8211; mo\u017ee li se uop\u0107e prevenirati ili predvidjeti takav zlo\u010din unutar obitelji? Na\u017ealost, upravo nasilje i ubojstva unutar obitelji posljednjih godina u znatnom [&hellip;]","og_url":"https:\/\/radioljubuski.ba\/index.php\/2021\/09\/27\/bagaric-ubojica-ima-snazno-i-duboko-razvijenu-psihopatiju\/","og_site_name":"RADIO LJUBU\u0160KI","article_publisher":"https:\/\/www.facebook.com\/Radiio-Ljubuski-1490835324566332","article_published_time":"2021-09-27T09:39:15+00:00","article_modified_time":"2021-09-27T09:39:17+00:00","og_image":[{"width":1000,"height":592,"url":"https:\/\/radioljubuski.ba\/wp-content\/uploads\/2021\/09\/hrt-markoprpicpixsell-20210927063509.jpg","type":"image\/jpeg"}],"author":"Radio Ljubu\u0161ki","twitter_card":"summary_large_image","twitter_creator":"@radioljubuski","twitter_site":"@radioljubuski","twitter_misc":{"Napisao\/la":"Radio Ljubu\u0161ki","Procijenjeno vrijeme \u010ditanja":"4 minute"},"schema":{"@context":"https:\/\/schema.org","@graph":[{"@type":"Article","@id":"https:\/\/radioljubuski.ba\/index.php\/2021\/09\/27\/bagaric-ubojica-ima-snazno-i-duboko-razvijenu-psihopatiju\/#article","isPartOf":{"@id":"https:\/\/radioljubuski.ba\/index.php\/2021\/09\/27\/bagaric-ubojica-ima-snazno-i-duboko-razvijenu-psihopatiju\/"},"author":{"name":"Radio Ljubu\u0161ki","@id":"https:\/\/radioljubuski.ba\/#\/schema\/person\/19fc700381a780f69665d7956c469e3b"},"headline":"Bagari\u0107: Ubojica ima sna\u017eno i duboko razvijenu psihopatiju","datePublished":"2021-09-27T09:39:15+00:00","dateModified":"2021-09-27T09:39:17+00:00","mainEntityOfPage":{"@id":"https:\/\/radioljubuski.ba\/index.php\/2021\/09\/27\/bagaric-ubojica-ima-snazno-i-duboko-razvijenu-psihopatiju\/"},"wordCount":896,"publisher":{"@id":"https:\/\/radioljubuski.ba\/#organization"},"image":{"@id":"https:\/\/radioljubuski.ba\/index.php\/2021\/09\/27\/bagaric-ubojica-ima-snazno-i-duboko-razvijenu-psihopatiju\/#primaryimage"},"thumbnailUrl":"https:\/\/radioljubuski.ba\/wp-content\/uploads\/2021\/09\/hrt-markoprpicpixsell-20210927063509.jpg","articleSection":["BIH i regija"],"inLanguage":"hr"},{"@type":"WebPage","@id":"https:\/\/radioljubuski.ba\/index.php\/2021\/09\/27\/bagaric-ubojica-ima-snazno-i-duboko-razvijenu-psihopatiju\/","url":"https:\/\/radioljubuski.ba\/index.php\/2021\/09\/27\/bagaric-ubojica-ima-snazno-i-duboko-razvijenu-psihopatiju\/","name":"Bagari\u0107: Ubojica ima sna\u017eno i duboko razvijenu psihopatiju - RADIO LJUBU\u0160KI","isPartOf":{"@id":"https:\/\/radioljubuski.ba\/#website"},"primaryImageOfPage":{"@id":"https:\/\/radioljubuski.ba\/index.php\/2021\/09\/27\/bagaric-ubojica-ima-snazno-i-duboko-razvijenu-psihopatiju\/#primaryimage"},"image":{"@id":"https:\/\/radioljubuski.ba\/index.php\/2021\/09\/27\/bagaric-ubojica-ima-snazno-i-duboko-razvijenu-psihopatiju\/#primaryimage"},"thumbnailUrl":"https:\/\/radioljubuski.ba\/wp-content\/uploads\/2021\/09\/hrt-markoprpicpixsell-20210927063509.jpg","datePublished":"2021-09-27T09:39:15+00:00","dateModified":"2021-09-27T09:39:17+00:00","breadcrumb":{"@id":"https:\/\/radioljubuski.ba\/index.php\/2021\/09\/27\/bagaric-ubojica-ima-snazno-i-duboko-razvijenu-psihopatiju\/#breadcrumb"},"inLanguage":"hr","potentialAction":[{"@type":"ReadAction","target":["https:\/\/radioljubuski.ba\/index.php\/2021\/09\/27\/bagaric-ubojica-ima-snazno-i-duboko-razvijenu-psihopatiju\/"]}]},{"@type":"ImageObject","inLanguage":"hr","@id":"https:\/\/radioljubuski.ba\/index.php\/2021\/09\/27\/bagaric-ubojica-ima-snazno-i-duboko-razvijenu-psihopatiju\/#primaryimage","url":"https:\/\/radioljubuski.ba\/wp-content\/uploads\/2021\/09\/hrt-markoprpicpixsell-20210927063509.jpg","contentUrl":"https:\/\/radioljubuski.ba\/wp-content\/uploads\/2021\/09\/hrt-markoprpicpixsell-20210927063509.jpg","width":1000,"height":592},{"@type":"BreadcrumbList","@id":"https:\/\/radioljubuski.ba\/index.php\/2021\/09\/27\/bagaric-ubojica-ima-snazno-i-duboko-razvijenu-psihopatiju\/#breadcrumb","itemListElement":[{"@type":"ListItem","position":1,"name":"Po\u010detna stranica","item":"https:\/\/radioljubuski.ba\/"},{"@type":"ListItem","position":2,"name":"Bagari\u0107: Ubojica ima sna\u017eno i duboko razvijenu psihopatiju"}]},{"@type":"WebSite","@id":"https:\/\/radioljubuski.ba\/#website","url":"https:\/\/radioljubuski.ba\/","name":"Radio Ljubu\u0161ki","description":"Sun\u010dana frekvencija Hercegovine","publisher":{"@id":"https:\/\/radioljubuski.ba\/#organization"},"potentialAction":[{"@type":"SearchAction","target":{"@type":"EntryPoint","urlTemplate":"https:\/\/radioljubuski.ba\/?s={search_term_string}"},"query-input":{"@type":"PropertyValueSpecification","valueRequired":true,"valueName":"search_term_string"}}],"inLanguage":"hr"},{"@type":"Organization","@id":"https:\/\/radioljubuski.ba\/#organization","name":"Radio Ljubu\u0161ki","url":"https:\/\/radioljubuski.ba\/","logo":{"@type":"ImageObject","inLanguage":"hr","@id":"https:\/\/radioljubuski.ba\/#\/schema\/logo\/image\/","url":"https:\/\/radioljubuski.ba\/wp-content\/uploads\/2021\/02\/cropped-Radio_Ljubuski_logo1.jpg","contentUrl":"https:\/\/radioljubuski.ba\/wp-content\/uploads\/2021\/02\/cropped-Radio_Ljubuski_logo1.jpg","width":512,"height":512,"caption":"Radio Ljubu\u0161ki"},"image":{"@id":"https:\/\/radioljubuski.ba\/#\/schema\/logo\/image\/"},"sameAs":["https:\/\/www.facebook.com\/Radiio-Ljubuski-1490835324566332","https:\/\/x.com\/radioljubuski","https:\/\/hr.linkedin.com\/company\/radio-ljubuski","https:\/\/www.youtube.com\/channel\/UCHYaeO_n0Db3tjNGudGpXyw"]},{"@type":"Person","@id":"https:\/\/radioljubuski.ba\/#\/schema\/person\/19fc700381a780f69665d7956c469e3b","name":"Radio Ljubu\u0161ki"}]}},"_links":{"self":[{"href":"https:\/\/radioljubuski.ba\/index.php\/wp-json\/wp\/v2\/posts\/68538","targetHints":{"allow":["GET"]}}],"collection":[{"href":"https:\/\/radioljubuski.ba\/index.php\/wp-json\/wp\/v2\/posts"}],"about":[{"href":"https:\/\/radioljubuski.ba\/index.php\/wp-json\/wp\/v2\/types\/post"}],"author":[{"embeddable":true,"href":"https:\/\/radioljubuski.ba\/index.php\/wp-json\/wp\/v2\/users\/2"}],"replies":[{"embeddable":true,"href":"https:\/\/radioljubuski.ba\/index.php\/wp-json\/wp\/v2\/comments?post=68538"}],"version-history":[{"count":1,"href":"https:\/\/radioljubuski.ba\/index.php\/wp-json\/wp\/v2\/posts\/68538\/revisions"}],"predecessor-version":[{"id":68540,"href":"https:\/\/radioljubuski.ba\/index.php\/wp-json\/wp\/v2\/posts\/68538\/revisions\/68540"}],"wp:featuredmedia":[{"embeddable":true,"href":"https:\/\/radioljubuski.ba\/index.php\/wp-json\/wp\/v2\/media\/68539"}],"wp:attachment":[{"href":"https:\/\/radioljubuski.ba\/index.php\/wp-json\/wp\/v2\/media?parent=68538"}],"wp:term":[{"taxonomy":"category","embeddable":true,"href":"https:\/\/radioljubuski.ba\/index.php\/wp-json\/wp\/v2\/categories?post=68538"},{"taxonomy":"post_tag","embeddable":true,"href":"https:\/\/radioljubuski.ba\/index.php\/wp-json\/wp\/v2\/tags?post=68538"}],"curies":[{"name":"wp","href":"https:\/\/api.w.org\/{rel}","templated":true}]}}