{"id":68553,"date":"2021-09-27T10:48:21","date_gmt":"2021-09-27T09:48:21","guid":{"rendered":"https:\/\/radioljubuski.ba\/?p=68553"},"modified":"2021-09-27T10:48:22","modified_gmt":"2021-09-27T09:48:22","slug":"romic-danas-smo-dogurali-dotle-da-svojoj-djeci-govorimo-bjezite-odavde-sto-dalje","status":"publish","type":"post","link":"https:\/\/radioljubuski.ba\/index.php\/2021\/09\/27\/romic-danas-smo-dogurali-dotle-da-svojoj-djeci-govorimo-bjezite-odavde-sto-dalje\/","title":{"rendered":"Romi\u0107: Danas smo dogurali dotle da svojoj djeci govorimo &#8211; bje\u017eite odavde \u0161to dalje"},"content":{"rendered":"\n<p>Natalitet u Bosni i Hercegovini u velikom je padu. Samo u prvih pola godine \u010dak je 13 tisu\u0107a vi\u0161e umrlih, nego \u0161to je ro\u0111eno djece. Kad se tome doda stalno iseljavanje, jasno je da \u0107e posljedice po ionako upitan ekonomski razvoj Bosne i Hercegovine biti ogromne.<\/p>\n\n\n\n<p>Zadnji put smo pozitivan prirodni prira\u0161taj imali prije desetak godina, i od tada stalno idemo u minus. Prema projekcijama Federalnog zavoda za statistiku, za pedeset godina u Federaciji BiH \u017eivjet \u0107e svega 1,6 milijuna stanovnika, a najmanje 30 posto stanovni\u0161tva bit \u0107e u kategoriji umirovljenika.<\/p>\n\n\n\n<p>-Za prvih \u0161est mjeseci u ovoj godini imamo preko 13.000 vi\u0161e umrlih nego ro\u0111enih i izvjesno je da idemo na 20.000 stanovnika koje \u0107e Bosna i Hercegovina izgubiti samo na osnovu prirodnog prira\u0161taja. Ako do kraja godine razlika broja ro\u0111enih i umrlih prema\u0161i 20 tisu\u0107a, \u0161to je izvjesno, trostruko bi bilo vi\u0161e u odnosu na stanje od prije samo tri godine. Ako na to jo\u0161 dodamo odlazak mladih u zapadne zemlje\u2026<\/p>\n\n\n\n<p>Ako na to dodamo migracije koje se broje u desetinama tisu\u0107a, mo\u017eemo utvrditi da se nalazimo u izuzetno te\u0161koj situaciji, nikad te\u017eoj u na\u0161oj povijesti kazao je Adnan Fehratbegovi\u0107, analiti\u010dar demografskih kretanja.<\/p>\n\n\n\n<p>U nikad te\u017eoj situaciji postaje jasno da Bosna i Hercegovina postaje zemlja staraca, koji sutra ne\u0107e mo\u0107i primiti mirovinu jer \u0107e nedostajati radne snage koja puni mirovinski sustav.<\/p>\n\n\n\n<p>-Mi funkcioniramo u sustavu me\u0111ugeneracijske solidarnosti jer oni koji upla\u0107uju u mirovinski sustav, iz toga se ispla\u0107uju aktualne mirovine. Kako je broj tih ljudi sve manji, tako je pritisak na mirovinski sustav sve ve\u0107i, kazao je za BHRT Matej \u017divkovi\u0107, analiti\u010dar za ekonomski razvoj.<\/p>\n\n\n\n<p>Jo\u0161 jedno od rje\u0161enja za spas mirovinskog sustava, smatra analiti\u010dar je uvoz radne snage, \u0161to bi moglo biti ma\u010d s dvije o\u0161trice jer odlazi i radna snaga koju sada imamo. Zbog lo\u0161eg imovinskog stanja, nestabilnosti i depresije odlaze cijele obitelji.<\/p>\n\n\n\n<p>&nbsp;&#8211; Danas mladi ne vjeruju u bolje sutra. Danas smo dogurali dotle da svojoj djeci govorimo bje\u017eite odavde \u0161to dalje. To je nevjerojatna katastrofa, tu\u017eno i \u017ealosno da ne mo\u017ee biti gore, ka\u017ee Marko Romi\u0107, psiholog.<\/p>\n\n\n\n<p>Ali takvo stanje o\u010dito ne zabrinjava na\u0161e du\u017enosnike, jer ni na dr\u017eavnoj ni na federalnoj razini ne postoje strategija ili nadle\u017eno ministarstvo koji bi se bavili ovom problematikom. Dok se politi\u010dari bave politikanstvom, zastra\u0161uju\u0107i svoj narod onim drugima, mladi upravo zbog takve politi\u010dke atmosfere spremaju kofere za put. Prema posljednjoj anketi Agencije za statistiku i Unije za odr\u017eivi povratak i integracije Bosnu i Hercegovinu je samo od 2013. do 2019. godine napustilo \u010dak 530 tisu\u0107a ljudi. Ako tome dodamo i broj onih koji su oti\u0161li u posljednje tri godine, onda ih je sigurno i vi\u0161e od 600 tisu\u0107a.<\/p>\n\n\n\n<iframe loading=\"lazy\" title=\"Natalitet u BiH u velikom padu: Samo u prvih \u0161est mjeseci 13.000 umrlih vi\u0161e nego ro\u0111enih\" width=\"640\" height=\"360\" src=\"https:\/\/www.youtube.com\/embed\/_h1APWEBW7w?feature=oembed\" frameborder=\"0\" allow=\"accelerometer; autoplay; clipboard-write; encrypted-media; gyroscope; picture-in-picture; web-share\" referrerpolicy=\"strict-origin-when-cross-origin\" allowfullscreen><\/iframe>\n\n\n\n<p>Izvor:BHRT<\/p>\n","protected":false},"excerpt":{"rendered":"<p>Natalitet u Bosni i Hercegovini u velikom je padu. Samo u prvih pola godine \u010dak je 13 tisu\u0107a vi\u0161e umrlih, nego \u0161to je ro\u0111eno djece. Kad se tome doda stalno iseljavanje, jasno je da \u0107e posljedice po ionako upitan ekonomski razvoj Bosne i Hercegovine biti ogromne. Zadnji put smo pozitivan prirodni prira\u0161taj imali prije desetak [&hellip;]<\/p>\n","protected":false},"author":2,"featured_media":47562,"comment_status":"closed","ping_status":"closed","sticky":false,"template":"","format":"standard","meta":{"h5ap_radio_sources":[],"footnotes":""},"categories":[1],"tags":[],"class_list":["post-68553","post","type-post","status-publish","format-standard","has-post-thumbnail","hentry","category-bihiregija"],"yoast_head":"<!-- This site is optimized with the Yoast SEO plugin v27.4 - https:\/\/yoast.com\/product\/yoast-seo-wordpress\/ -->\n<title>Romi\u0107: Danas smo dogurali dotle da svojoj djeci govorimo - bje\u017eite odavde \u0161to dalje - RADIO LJUBU\u0160KI<\/title>\n<meta name=\"robots\" content=\"index, follow, max-snippet:-1, max-image-preview:large, max-video-preview:-1\" \/>\n<link rel=\"canonical\" href=\"https:\/\/radioljubuski.ba\/index.php\/2021\/09\/27\/romic-danas-smo-dogurali-dotle-da-svojoj-djeci-govorimo-bjezite-odavde-sto-dalje\/\" \/>\n<meta property=\"og:locale\" content=\"hr_HR\" \/>\n<meta property=\"og:type\" content=\"article\" \/>\n<meta property=\"og:title\" content=\"Romi\u0107: Danas smo dogurali dotle da svojoj djeci govorimo - bje\u017eite odavde \u0161to dalje - RADIO LJUBU\u0160KI\" \/>\n<meta property=\"og:description\" content=\"Natalitet u Bosni i Hercegovini u velikom je padu. Samo u prvih pola godine \u010dak je 13 tisu\u0107a vi\u0161e umrlih, nego \u0161to je ro\u0111eno djece. Kad se tome doda stalno iseljavanje, jasno je da \u0107e posljedice po ionako upitan ekonomski razvoj Bosne i Hercegovine biti ogromne. Zadnji put smo pozitivan prirodni prira\u0161taj imali prije desetak [&hellip;]\" \/>\n<meta property=\"og:url\" content=\"https:\/\/radioljubuski.ba\/index.php\/2021\/09\/27\/romic-danas-smo-dogurali-dotle-da-svojoj-djeci-govorimo-bjezite-odavde-sto-dalje\/\" \/>\n<meta property=\"og:site_name\" content=\"RADIO LJUBU\u0160KI\" \/>\n<meta property=\"article:publisher\" content=\"https:\/\/www.facebook.com\/Radiio-Ljubuski-1490835324566332\" \/>\n<meta property=\"article:published_time\" content=\"2021-09-27T09:48:21+00:00\" \/>\n<meta property=\"article:modified_time\" content=\"2021-09-27T09:48:22+00:00\" \/>\n<meta property=\"og:image\" content=\"https:\/\/radioljubuski.ba\/wp-content\/uploads\/2021\/07\/OdwFhJVA_odlazak_putovanje_635x379.jpg\" \/>\n\t<meta property=\"og:image:width\" content=\"1000\" \/>\n\t<meta property=\"og:image:height\" content=\"625\" \/>\n\t<meta property=\"og:image:type\" content=\"image\/jpeg\" \/>\n<meta name=\"author\" content=\"Radio Ljubu\u0161ki\" \/>\n<meta name=\"twitter:card\" content=\"summary_large_image\" \/>\n<meta name=\"twitter:creator\" content=\"@radioljubuski\" \/>\n<meta name=\"twitter:site\" content=\"@radioljubuski\" \/>\n<meta name=\"twitter:label1\" content=\"Napisao\/la\" \/>\n\t<meta name=\"twitter:data1\" content=\"Radio Ljubu\u0161ki\" \/>\n\t<meta name=\"twitter:label2\" content=\"Procijenjeno vrijeme \u010ditanja\" \/>\n\t<meta name=\"twitter:data2\" content=\"2 minute\" \/>\n<script type=\"application\/ld+json\" class=\"yoast-schema-graph\">{\"@context\":\"https:\\\/\\\/schema.org\",\"@graph\":[{\"@type\":\"Article\",\"@id\":\"https:\\\/\\\/radioljubuski.ba\\\/index.php\\\/2021\\\/09\\\/27\\\/romic-danas-smo-dogurali-dotle-da-svojoj-djeci-govorimo-bjezite-odavde-sto-dalje\\\/#article\",\"isPartOf\":{\"@id\":\"https:\\\/\\\/radioljubuski.ba\\\/index.php\\\/2021\\\/09\\\/27\\\/romic-danas-smo-dogurali-dotle-da-svojoj-djeci-govorimo-bjezite-odavde-sto-dalje\\\/\"},\"author\":{\"name\":\"Radio Ljubu\u0161ki\",\"@id\":\"https:\\\/\\\/radioljubuski.ba\\\/#\\\/schema\\\/person\\\/19fc700381a780f69665d7956c469e3b\"},\"headline\":\"Romi\u0107: Danas smo dogurali dotle da svojoj djeci govorimo &#8211; bje\u017eite odavde \u0161to dalje\",\"datePublished\":\"2021-09-27T09:48:21+00:00\",\"dateModified\":\"2021-09-27T09:48:22+00:00\",\"mainEntityOfPage\":{\"@id\":\"https:\\\/\\\/radioljubuski.ba\\\/index.php\\\/2021\\\/09\\\/27\\\/romic-danas-smo-dogurali-dotle-da-svojoj-djeci-govorimo-bjezite-odavde-sto-dalje\\\/\"},\"wordCount\":505,\"publisher\":{\"@id\":\"https:\\\/\\\/radioljubuski.ba\\\/#organization\"},\"image\":{\"@id\":\"https:\\\/\\\/radioljubuski.ba\\\/index.php\\\/2021\\\/09\\\/27\\\/romic-danas-smo-dogurali-dotle-da-svojoj-djeci-govorimo-bjezite-odavde-sto-dalje\\\/#primaryimage\"},\"thumbnailUrl\":\"https:\\\/\\\/radioljubuski.ba\\\/wp-content\\\/uploads\\\/2021\\\/07\\\/OdwFhJVA_odlazak_putovanje_635x379.jpg\",\"articleSection\":[\"BIH i regija\"],\"inLanguage\":\"hr\"},{\"@type\":\"WebPage\",\"@id\":\"https:\\\/\\\/radioljubuski.ba\\\/index.php\\\/2021\\\/09\\\/27\\\/romic-danas-smo-dogurali-dotle-da-svojoj-djeci-govorimo-bjezite-odavde-sto-dalje\\\/\",\"url\":\"https:\\\/\\\/radioljubuski.ba\\\/index.php\\\/2021\\\/09\\\/27\\\/romic-danas-smo-dogurali-dotle-da-svojoj-djeci-govorimo-bjezite-odavde-sto-dalje\\\/\",\"name\":\"Romi\u0107: Danas smo dogurali dotle da svojoj djeci govorimo - bje\u017eite odavde \u0161to dalje - RADIO LJUBU\u0160KI\",\"isPartOf\":{\"@id\":\"https:\\\/\\\/radioljubuski.ba\\\/#website\"},\"primaryImageOfPage\":{\"@id\":\"https:\\\/\\\/radioljubuski.ba\\\/index.php\\\/2021\\\/09\\\/27\\\/romic-danas-smo-dogurali-dotle-da-svojoj-djeci-govorimo-bjezite-odavde-sto-dalje\\\/#primaryimage\"},\"image\":{\"@id\":\"https:\\\/\\\/radioljubuski.ba\\\/index.php\\\/2021\\\/09\\\/27\\\/romic-danas-smo-dogurali-dotle-da-svojoj-djeci-govorimo-bjezite-odavde-sto-dalje\\\/#primaryimage\"},\"thumbnailUrl\":\"https:\\\/\\\/radioljubuski.ba\\\/wp-content\\\/uploads\\\/2021\\\/07\\\/OdwFhJVA_odlazak_putovanje_635x379.jpg\",\"datePublished\":\"2021-09-27T09:48:21+00:00\",\"dateModified\":\"2021-09-27T09:48:22+00:00\",\"breadcrumb\":{\"@id\":\"https:\\\/\\\/radioljubuski.ba\\\/index.php\\\/2021\\\/09\\\/27\\\/romic-danas-smo-dogurali-dotle-da-svojoj-djeci-govorimo-bjezite-odavde-sto-dalje\\\/#breadcrumb\"},\"inLanguage\":\"hr\",\"potentialAction\":[{\"@type\":\"ReadAction\",\"target\":[\"https:\\\/\\\/radioljubuski.ba\\\/index.php\\\/2021\\\/09\\\/27\\\/romic-danas-smo-dogurali-dotle-da-svojoj-djeci-govorimo-bjezite-odavde-sto-dalje\\\/\"]}]},{\"@type\":\"ImageObject\",\"inLanguage\":\"hr\",\"@id\":\"https:\\\/\\\/radioljubuski.ba\\\/index.php\\\/2021\\\/09\\\/27\\\/romic-danas-smo-dogurali-dotle-da-svojoj-djeci-govorimo-bjezite-odavde-sto-dalje\\\/#primaryimage\",\"url\":\"https:\\\/\\\/radioljubuski.ba\\\/wp-content\\\/uploads\\\/2021\\\/07\\\/OdwFhJVA_odlazak_putovanje_635x379.jpg\",\"contentUrl\":\"https:\\\/\\\/radioljubuski.ba\\\/wp-content\\\/uploads\\\/2021\\\/07\\\/OdwFhJVA_odlazak_putovanje_635x379.jpg\",\"width\":1000,\"height\":625},{\"@type\":\"BreadcrumbList\",\"@id\":\"https:\\\/\\\/radioljubuski.ba\\\/index.php\\\/2021\\\/09\\\/27\\\/romic-danas-smo-dogurali-dotle-da-svojoj-djeci-govorimo-bjezite-odavde-sto-dalje\\\/#breadcrumb\",\"itemListElement\":[{\"@type\":\"ListItem\",\"position\":1,\"name\":\"Po\u010detna stranica\",\"item\":\"https:\\\/\\\/radioljubuski.ba\\\/\"},{\"@type\":\"ListItem\",\"position\":2,\"name\":\"Romi\u0107: Danas smo dogurali dotle da svojoj djeci govorimo &#8211; bje\u017eite odavde \u0161to dalje\"}]},{\"@type\":\"WebSite\",\"@id\":\"https:\\\/\\\/radioljubuski.ba\\\/#website\",\"url\":\"https:\\\/\\\/radioljubuski.ba\\\/\",\"name\":\"Radio Ljubu\u0161ki\",\"description\":\"Sun\u010dana frekvencija Hercegovine\",\"publisher\":{\"@id\":\"https:\\\/\\\/radioljubuski.ba\\\/#organization\"},\"potentialAction\":[{\"@type\":\"SearchAction\",\"target\":{\"@type\":\"EntryPoint\",\"urlTemplate\":\"https:\\\/\\\/radioljubuski.ba\\\/?s={search_term_string}\"},\"query-input\":{\"@type\":\"PropertyValueSpecification\",\"valueRequired\":true,\"valueName\":\"search_term_string\"}}],\"inLanguage\":\"hr\"},{\"@type\":\"Organization\",\"@id\":\"https:\\\/\\\/radioljubuski.ba\\\/#organization\",\"name\":\"Radio Ljubu\u0161ki\",\"url\":\"https:\\\/\\\/radioljubuski.ba\\\/\",\"logo\":{\"@type\":\"ImageObject\",\"inLanguage\":\"hr\",\"@id\":\"https:\\\/\\\/radioljubuski.ba\\\/#\\\/schema\\\/logo\\\/image\\\/\",\"url\":\"https:\\\/\\\/radioljubuski.ba\\\/wp-content\\\/uploads\\\/2021\\\/02\\\/cropped-Radio_Ljubuski_logo1.jpg\",\"contentUrl\":\"https:\\\/\\\/radioljubuski.ba\\\/wp-content\\\/uploads\\\/2021\\\/02\\\/cropped-Radio_Ljubuski_logo1.jpg\",\"width\":512,\"height\":512,\"caption\":\"Radio Ljubu\u0161ki\"},\"image\":{\"@id\":\"https:\\\/\\\/radioljubuski.ba\\\/#\\\/schema\\\/logo\\\/image\\\/\"},\"sameAs\":[\"https:\\\/\\\/www.facebook.com\\\/Radiio-Ljubuski-1490835324566332\",\"https:\\\/\\\/x.com\\\/radioljubuski\",\"https:\\\/\\\/hr.linkedin.com\\\/company\\\/radio-ljubuski\",\"https:\\\/\\\/www.youtube.com\\\/channel\\\/UCHYaeO_n0Db3tjNGudGpXyw\"]},{\"@type\":\"Person\",\"@id\":\"https:\\\/\\\/radioljubuski.ba\\\/#\\\/schema\\\/person\\\/19fc700381a780f69665d7956c469e3b\",\"name\":\"Radio Ljubu\u0161ki\"}]}<\/script>\n<!-- \/ Yoast SEO plugin. -->","yoast_head_json":{"title":"Romi\u0107: Danas smo dogurali dotle da svojoj djeci govorimo - bje\u017eite odavde \u0161to dalje - RADIO LJUBU\u0160KI","robots":{"index":"index","follow":"follow","max-snippet":"max-snippet:-1","max-image-preview":"max-image-preview:large","max-video-preview":"max-video-preview:-1"},"canonical":"https:\/\/radioljubuski.ba\/index.php\/2021\/09\/27\/romic-danas-smo-dogurali-dotle-da-svojoj-djeci-govorimo-bjezite-odavde-sto-dalje\/","og_locale":"hr_HR","og_type":"article","og_title":"Romi\u0107: Danas smo dogurali dotle da svojoj djeci govorimo - bje\u017eite odavde \u0161to dalje - RADIO LJUBU\u0160KI","og_description":"Natalitet u Bosni i Hercegovini u velikom je padu. Samo u prvih pola godine \u010dak je 13 tisu\u0107a vi\u0161e umrlih, nego \u0161to je ro\u0111eno djece. Kad se tome doda stalno iseljavanje, jasno je da \u0107e posljedice po ionako upitan ekonomski razvoj Bosne i Hercegovine biti ogromne. Zadnji put smo pozitivan prirodni prira\u0161taj imali prije desetak [&hellip;]","og_url":"https:\/\/radioljubuski.ba\/index.php\/2021\/09\/27\/romic-danas-smo-dogurali-dotle-da-svojoj-djeci-govorimo-bjezite-odavde-sto-dalje\/","og_site_name":"RADIO LJUBU\u0160KI","article_publisher":"https:\/\/www.facebook.com\/Radiio-Ljubuski-1490835324566332","article_published_time":"2021-09-27T09:48:21+00:00","article_modified_time":"2021-09-27T09:48:22+00:00","og_image":[{"width":1000,"height":625,"url":"https:\/\/radioljubuski.ba\/wp-content\/uploads\/2021\/07\/OdwFhJVA_odlazak_putovanje_635x379.jpg","type":"image\/jpeg"}],"author":"Radio Ljubu\u0161ki","twitter_card":"summary_large_image","twitter_creator":"@radioljubuski","twitter_site":"@radioljubuski","twitter_misc":{"Napisao\/la":"Radio Ljubu\u0161ki","Procijenjeno vrijeme \u010ditanja":"2 minute"},"schema":{"@context":"https:\/\/schema.org","@graph":[{"@type":"Article","@id":"https:\/\/radioljubuski.ba\/index.php\/2021\/09\/27\/romic-danas-smo-dogurali-dotle-da-svojoj-djeci-govorimo-bjezite-odavde-sto-dalje\/#article","isPartOf":{"@id":"https:\/\/radioljubuski.ba\/index.php\/2021\/09\/27\/romic-danas-smo-dogurali-dotle-da-svojoj-djeci-govorimo-bjezite-odavde-sto-dalje\/"},"author":{"name":"Radio Ljubu\u0161ki","@id":"https:\/\/radioljubuski.ba\/#\/schema\/person\/19fc700381a780f69665d7956c469e3b"},"headline":"Romi\u0107: Danas smo dogurali dotle da svojoj djeci govorimo &#8211; bje\u017eite odavde \u0161to dalje","datePublished":"2021-09-27T09:48:21+00:00","dateModified":"2021-09-27T09:48:22+00:00","mainEntityOfPage":{"@id":"https:\/\/radioljubuski.ba\/index.php\/2021\/09\/27\/romic-danas-smo-dogurali-dotle-da-svojoj-djeci-govorimo-bjezite-odavde-sto-dalje\/"},"wordCount":505,"publisher":{"@id":"https:\/\/radioljubuski.ba\/#organization"},"image":{"@id":"https:\/\/radioljubuski.ba\/index.php\/2021\/09\/27\/romic-danas-smo-dogurali-dotle-da-svojoj-djeci-govorimo-bjezite-odavde-sto-dalje\/#primaryimage"},"thumbnailUrl":"https:\/\/radioljubuski.ba\/wp-content\/uploads\/2021\/07\/OdwFhJVA_odlazak_putovanje_635x379.jpg","articleSection":["BIH i regija"],"inLanguage":"hr"},{"@type":"WebPage","@id":"https:\/\/radioljubuski.ba\/index.php\/2021\/09\/27\/romic-danas-smo-dogurali-dotle-da-svojoj-djeci-govorimo-bjezite-odavde-sto-dalje\/","url":"https:\/\/radioljubuski.ba\/index.php\/2021\/09\/27\/romic-danas-smo-dogurali-dotle-da-svojoj-djeci-govorimo-bjezite-odavde-sto-dalje\/","name":"Romi\u0107: Danas smo dogurali dotle da svojoj djeci govorimo - bje\u017eite odavde \u0161to dalje - RADIO LJUBU\u0160KI","isPartOf":{"@id":"https:\/\/radioljubuski.ba\/#website"},"primaryImageOfPage":{"@id":"https:\/\/radioljubuski.ba\/index.php\/2021\/09\/27\/romic-danas-smo-dogurali-dotle-da-svojoj-djeci-govorimo-bjezite-odavde-sto-dalje\/#primaryimage"},"image":{"@id":"https:\/\/radioljubuski.ba\/index.php\/2021\/09\/27\/romic-danas-smo-dogurali-dotle-da-svojoj-djeci-govorimo-bjezite-odavde-sto-dalje\/#primaryimage"},"thumbnailUrl":"https:\/\/radioljubuski.ba\/wp-content\/uploads\/2021\/07\/OdwFhJVA_odlazak_putovanje_635x379.jpg","datePublished":"2021-09-27T09:48:21+00:00","dateModified":"2021-09-27T09:48:22+00:00","breadcrumb":{"@id":"https:\/\/radioljubuski.ba\/index.php\/2021\/09\/27\/romic-danas-smo-dogurali-dotle-da-svojoj-djeci-govorimo-bjezite-odavde-sto-dalje\/#breadcrumb"},"inLanguage":"hr","potentialAction":[{"@type":"ReadAction","target":["https:\/\/radioljubuski.ba\/index.php\/2021\/09\/27\/romic-danas-smo-dogurali-dotle-da-svojoj-djeci-govorimo-bjezite-odavde-sto-dalje\/"]}]},{"@type":"ImageObject","inLanguage":"hr","@id":"https:\/\/radioljubuski.ba\/index.php\/2021\/09\/27\/romic-danas-smo-dogurali-dotle-da-svojoj-djeci-govorimo-bjezite-odavde-sto-dalje\/#primaryimage","url":"https:\/\/radioljubuski.ba\/wp-content\/uploads\/2021\/07\/OdwFhJVA_odlazak_putovanje_635x379.jpg","contentUrl":"https:\/\/radioljubuski.ba\/wp-content\/uploads\/2021\/07\/OdwFhJVA_odlazak_putovanje_635x379.jpg","width":1000,"height":625},{"@type":"BreadcrumbList","@id":"https:\/\/radioljubuski.ba\/index.php\/2021\/09\/27\/romic-danas-smo-dogurali-dotle-da-svojoj-djeci-govorimo-bjezite-odavde-sto-dalje\/#breadcrumb","itemListElement":[{"@type":"ListItem","position":1,"name":"Po\u010detna stranica","item":"https:\/\/radioljubuski.ba\/"},{"@type":"ListItem","position":2,"name":"Romi\u0107: Danas smo dogurali dotle da svojoj djeci govorimo &#8211; bje\u017eite odavde \u0161to dalje"}]},{"@type":"WebSite","@id":"https:\/\/radioljubuski.ba\/#website","url":"https:\/\/radioljubuski.ba\/","name":"Radio Ljubu\u0161ki","description":"Sun\u010dana frekvencija Hercegovine","publisher":{"@id":"https:\/\/radioljubuski.ba\/#organization"},"potentialAction":[{"@type":"SearchAction","target":{"@type":"EntryPoint","urlTemplate":"https:\/\/radioljubuski.ba\/?s={search_term_string}"},"query-input":{"@type":"PropertyValueSpecification","valueRequired":true,"valueName":"search_term_string"}}],"inLanguage":"hr"},{"@type":"Organization","@id":"https:\/\/radioljubuski.ba\/#organization","name":"Radio Ljubu\u0161ki","url":"https:\/\/radioljubuski.ba\/","logo":{"@type":"ImageObject","inLanguage":"hr","@id":"https:\/\/radioljubuski.ba\/#\/schema\/logo\/image\/","url":"https:\/\/radioljubuski.ba\/wp-content\/uploads\/2021\/02\/cropped-Radio_Ljubuski_logo1.jpg","contentUrl":"https:\/\/radioljubuski.ba\/wp-content\/uploads\/2021\/02\/cropped-Radio_Ljubuski_logo1.jpg","width":512,"height":512,"caption":"Radio Ljubu\u0161ki"},"image":{"@id":"https:\/\/radioljubuski.ba\/#\/schema\/logo\/image\/"},"sameAs":["https:\/\/www.facebook.com\/Radiio-Ljubuski-1490835324566332","https:\/\/x.com\/radioljubuski","https:\/\/hr.linkedin.com\/company\/radio-ljubuski","https:\/\/www.youtube.com\/channel\/UCHYaeO_n0Db3tjNGudGpXyw"]},{"@type":"Person","@id":"https:\/\/radioljubuski.ba\/#\/schema\/person\/19fc700381a780f69665d7956c469e3b","name":"Radio Ljubu\u0161ki"}]}},"_links":{"self":[{"href":"https:\/\/radioljubuski.ba\/index.php\/wp-json\/wp\/v2\/posts\/68553","targetHints":{"allow":["GET"]}}],"collection":[{"href":"https:\/\/radioljubuski.ba\/index.php\/wp-json\/wp\/v2\/posts"}],"about":[{"href":"https:\/\/radioljubuski.ba\/index.php\/wp-json\/wp\/v2\/types\/post"}],"author":[{"embeddable":true,"href":"https:\/\/radioljubuski.ba\/index.php\/wp-json\/wp\/v2\/users\/2"}],"replies":[{"embeddable":true,"href":"https:\/\/radioljubuski.ba\/index.php\/wp-json\/wp\/v2\/comments?post=68553"}],"version-history":[{"count":1,"href":"https:\/\/radioljubuski.ba\/index.php\/wp-json\/wp\/v2\/posts\/68553\/revisions"}],"predecessor-version":[{"id":68554,"href":"https:\/\/radioljubuski.ba\/index.php\/wp-json\/wp\/v2\/posts\/68553\/revisions\/68554"}],"wp:featuredmedia":[{"embeddable":true,"href":"https:\/\/radioljubuski.ba\/index.php\/wp-json\/wp\/v2\/media\/47562"}],"wp:attachment":[{"href":"https:\/\/radioljubuski.ba\/index.php\/wp-json\/wp\/v2\/media?parent=68553"}],"wp:term":[{"taxonomy":"category","embeddable":true,"href":"https:\/\/radioljubuski.ba\/index.php\/wp-json\/wp\/v2\/categories?post=68553"},{"taxonomy":"post_tag","embeddable":true,"href":"https:\/\/radioljubuski.ba\/index.php\/wp-json\/wp\/v2\/tags?post=68553"}],"curies":[{"name":"wp","href":"https:\/\/api.w.org\/{rel}","templated":true}]}}