{"id":68569,"date":"2021-09-27T10:56:48","date_gmt":"2021-09-27T09:56:48","guid":{"rendered":"https:\/\/radioljubuski.ba\/?p=68569"},"modified":"2021-09-27T10:56:49","modified_gmt":"2021-09-27T09:56:49","slug":"ovogodisnji-mostarski-strip-vikend-s-rekordnim-brojem-gostiju","status":"publish","type":"post","link":"https:\/\/radioljubuski.ba\/index.php\/2021\/09\/27\/ovogodisnji-mostarski-strip-vikend-s-rekordnim-brojem-gostiju\/","title":{"rendered":"Ovogodi\u0161nji &#8216;Mostarski strip vikend&#8217; s rekordnim brojem gostiju"},"content":{"rendered":"\n<p>Udruga ljubitelja stripa iz Mostara &#8220;Mostrip&#8221; organizira \u0161estu po redu manifestaciju &#8220;Mostarski strip vikend&#8221;, koja \u0107e se odr\u017eati u subotu i nedjelju, 2. i 3. listopada, u prostorijama Hrvatskog doma hercega Stjepane Kosa\u010de.<\/p>\n\n\n\n<p>Manifestacija \u0107e sve\u010dano biti otvorena u subotu u 11 sati, a kao i pro\u0161lih godina, na vikendu \u0107e biti postavljena izlo\u017eba radova gostuju\u0107ih autora. Tijekom cijele manifestacije bit \u0107e nezaobilazno crtanje i potpisivanje gostuju\u0107ih autora za posjetitelje, dru\u017eenje s maskotom festivala Mostarkom, nagra\u0111ivanje najsretnijih posjetitelja i jo\u0161 dosta zanimljivosti, priop\u0107ili su organizatori.<\/p>\n\n\n\n<p>Iz ovogodi\u0161njeg programa posebno se izdvajaju tribine i izlo\u017ebe u povodu 60 godina izlaska prvog stripa o Zagoru, sigurno jednog od najpopularnijih likova na ovim prostorima. Na tribini \u0107e sudjelovati i gosti iz Italije koji su aktualni crta\u010di ovog popularnog strip junaka.<\/p>\n\n\n\n<p>&#8220;Pored toga izdvojili bi i to da na ovogodi\u0161nji Mostarski strip vikend sti\u017ee ekipa iz grupe &#8216;Dubioza kolektiv&#8217; koja \u0107e publici predstaviti svoj prvi strip naslova &#8216;Dubioza kolektiv i \u010darobna koko\u0161&#8217;. Autor stripa Filip Andronik kao i ostala ekipa iz benda bit \u0107e na promociji&#8221;, navode iz udruge Mostrip.<\/p>\n\n\n\n<p>Po\u010dasni gost festivala bit \u0107e tako\u0111er i savjetnik za kulturu i suradnju pri Francuskoj ambasadi i direktor Francuskog instituta u Bosni i Hercegovini Jean-Christophe Thiabaud.<\/p>\n\n\n\n<p>&#8220;Iza nas je ve\u0107 nekoliko uspje\u0161nih projekata, do sada smo organizirali ve\u0107 pet strip vikenda u Mostaru, veliki broj radionica za mlade. Svojim djelovanjem smo, sude\u0107i po reakciji javnosti, definitivno uspjeli animirati okolinu za kulturu stripa. No\u0161eni pozitivnim kritikama ove godine kroz nekoliko projekata nastavljamo s na\u0161im djelovanjem&#8221;, kazali su organizatori.<\/p>\n\n\n\n<p>Klub Mostrip osnovali su krajem 2015. godine strip entuzijasti iz Mostara. Cilj Kluba je pomjeriti strip s kulturne margine, gdje se danas, kako ka\u017eu, nezaslu\u017eeno nalazi, a tako\u0111er isti\u010du kako je cilj dru\u017eenja i manifestacije promocija i popularizacija strip-kulture s naglaskom na mla\u0111u generaciju.<\/p>\n\n\n\n<p>Ove godine na Strip vikend dolazi rekordni broj gostiju.<\/p>\n\n\n\n<p>Grad na Neretvi posjetit \u0107e 24 umjetnika iz svijeta stripa: Milorad Vicanovi\u0107 Maza, Zoran Herceg, Filip Andronik, Mirna Imamovi\u0107, Lana \u0160ator, Sabahudin Muranovi\u0107 Muran, Marko Stojanovi\u0107, Jovan Ukropina, Dra\u017een Kova\u010devi\u0107, Darko Perovi\u0107, Miroljub Milutinovi\u0107 Brada, Aleksa Gaji\u0107, Ana Omi, Robert Solanovi\u0107 &#8211; Bob, Dalibor Talaji\u0107, Fran Strukan, Kre\u0161imir Bijuk, Joevito Nuccio, Mauro Laurenti, Oscar Scalco, Marco Verni, Laura Zuccheri, Fernando Dagnino i Sebastien Philippe.<\/p>\n\n\n\n<p>&#8220;\u0160to se ti\u010de gostiju moramo spomenuti i \u010dinjenicu da \u0107e i ove godine kao \u0161to je bilo i za prethodne tri, svi na\u0161i specijalni gosti uraditi plakate s motivom grada Mostara, \u010dime \u0107emo jo\u0161 jednom Mostar i BiH staviti na mapu strip doga\u0111anja u svijetu&#8221;, stoji u priop\u0107enju.<\/p>\n\n\n\n<p>Izvor:pogled.ba<\/p>\n","protected":false},"excerpt":{"rendered":"<p>Udruga ljubitelja stripa iz Mostara &#8220;Mostrip&#8221; organizira \u0161estu po redu manifestaciju &#8220;Mostarski strip vikend&#8221;, koja \u0107e se odr\u017eati u subotu i nedjelju, 2. i 3. listopada, u prostorijama Hrvatskog doma hercega Stjepane Kosa\u010de. Manifestacija \u0107e sve\u010dano biti otvorena u subotu u 11 sati, a kao i pro\u0161lih godina, na vikendu \u0107e biti postavljena izlo\u017eba radova [&hellip;]<\/p>\n","protected":false},"author":2,"featured_media":68570,"comment_status":"closed","ping_status":"closed","sticky":false,"template":"","format":"standard","meta":{"h5ap_radio_sources":[],"footnotes":""},"categories":[1],"tags":[],"class_list":["post-68569","post","type-post","status-publish","format-standard","has-post-thumbnail","hentry","category-bihiregija"],"yoast_head":"<!-- This site is optimized with the Yoast SEO plugin v27.4 - https:\/\/yoast.com\/product\/yoast-seo-wordpress\/ -->\n<title>Ovogodi\u0161nji &#039;Mostarski strip vikend&#039; s rekordnim brojem gostiju - RADIO LJUBU\u0160KI<\/title>\n<meta name=\"robots\" content=\"index, follow, max-snippet:-1, max-image-preview:large, max-video-preview:-1\" \/>\n<link rel=\"canonical\" href=\"https:\/\/radioljubuski.ba\/index.php\/2021\/09\/27\/ovogodisnji-mostarski-strip-vikend-s-rekordnim-brojem-gostiju\/\" \/>\n<meta property=\"og:locale\" content=\"hr_HR\" \/>\n<meta property=\"og:type\" content=\"article\" \/>\n<meta property=\"og:title\" content=\"Ovogodi\u0161nji &#039;Mostarski strip vikend&#039; s rekordnim brojem gostiju - RADIO LJUBU\u0160KI\" \/>\n<meta property=\"og:description\" content=\"Udruga ljubitelja stripa iz Mostara &#8220;Mostrip&#8221; organizira \u0161estu po redu manifestaciju &#8220;Mostarski strip vikend&#8221;, koja \u0107e se odr\u017eati u subotu i nedjelju, 2. i 3. listopada, u prostorijama Hrvatskog doma hercega Stjepane Kosa\u010de. Manifestacija \u0107e sve\u010dano biti otvorena u subotu u 11 sati, a kao i pro\u0161lih godina, na vikendu \u0107e biti postavljena izlo\u017eba radova [&hellip;]\" \/>\n<meta property=\"og:url\" content=\"https:\/\/radioljubuski.ba\/index.php\/2021\/09\/27\/ovogodisnji-mostarski-strip-vikend-s-rekordnim-brojem-gostiju\/\" \/>\n<meta property=\"og:site_name\" content=\"RADIO LJUBU\u0160KI\" \/>\n<meta property=\"article:publisher\" content=\"https:\/\/www.facebook.com\/Radiio-Ljubuski-1490835324566332\" \/>\n<meta property=\"article:published_time\" content=\"2021-09-27T09:56:48+00:00\" \/>\n<meta property=\"article:modified_time\" content=\"2021-09-27T09:56:49+00:00\" \/>\n<meta property=\"og:image\" content=\"https:\/\/radioljubuski.ba\/wp-content\/uploads\/2021\/09\/8-2021-09-27-09-16-08-Mostar-strip-vikend-2021.jpg\" \/>\n\t<meta property=\"og:image:width\" content=\"1000\" \/>\n\t<meta property=\"og:image:height\" content=\"625\" \/>\n\t<meta property=\"og:image:type\" content=\"image\/jpeg\" \/>\n<meta name=\"author\" content=\"Radio Ljubu\u0161ki\" \/>\n<meta name=\"twitter:card\" content=\"summary_large_image\" \/>\n<meta name=\"twitter:creator\" content=\"@radioljubuski\" \/>\n<meta name=\"twitter:site\" content=\"@radioljubuski\" \/>\n<meta name=\"twitter:label1\" content=\"Napisao\/la\" \/>\n\t<meta name=\"twitter:data1\" content=\"Radio Ljubu\u0161ki\" \/>\n\t<meta name=\"twitter:label2\" content=\"Procijenjeno vrijeme \u010ditanja\" \/>\n\t<meta name=\"twitter:data2\" content=\"2 minute\" \/>\n<script type=\"application\/ld+json\" class=\"yoast-schema-graph\">{\"@context\":\"https:\\\/\\\/schema.org\",\"@graph\":[{\"@type\":\"Article\",\"@id\":\"https:\\\/\\\/radioljubuski.ba\\\/index.php\\\/2021\\\/09\\\/27\\\/ovogodisnji-mostarski-strip-vikend-s-rekordnim-brojem-gostiju\\\/#article\",\"isPartOf\":{\"@id\":\"https:\\\/\\\/radioljubuski.ba\\\/index.php\\\/2021\\\/09\\\/27\\\/ovogodisnji-mostarski-strip-vikend-s-rekordnim-brojem-gostiju\\\/\"},\"author\":{\"name\":\"Radio Ljubu\u0161ki\",\"@id\":\"https:\\\/\\\/radioljubuski.ba\\\/#\\\/schema\\\/person\\\/19fc700381a780f69665d7956c469e3b\"},\"headline\":\"Ovogodi\u0161nji &#8216;Mostarski strip vikend&#8217; s rekordnim brojem gostiju\",\"datePublished\":\"2021-09-27T09:56:48+00:00\",\"dateModified\":\"2021-09-27T09:56:49+00:00\",\"mainEntityOfPage\":{\"@id\":\"https:\\\/\\\/radioljubuski.ba\\\/index.php\\\/2021\\\/09\\\/27\\\/ovogodisnji-mostarski-strip-vikend-s-rekordnim-brojem-gostiju\\\/\"},\"wordCount\":457,\"publisher\":{\"@id\":\"https:\\\/\\\/radioljubuski.ba\\\/#organization\"},\"image\":{\"@id\":\"https:\\\/\\\/radioljubuski.ba\\\/index.php\\\/2021\\\/09\\\/27\\\/ovogodisnji-mostarski-strip-vikend-s-rekordnim-brojem-gostiju\\\/#primaryimage\"},\"thumbnailUrl\":\"https:\\\/\\\/radioljubuski.ba\\\/wp-content\\\/uploads\\\/2021\\\/09\\\/8-2021-09-27-09-16-08-Mostar-strip-vikend-2021.jpg\",\"articleSection\":[\"BIH i regija\"],\"inLanguage\":\"hr\"},{\"@type\":\"WebPage\",\"@id\":\"https:\\\/\\\/radioljubuski.ba\\\/index.php\\\/2021\\\/09\\\/27\\\/ovogodisnji-mostarski-strip-vikend-s-rekordnim-brojem-gostiju\\\/\",\"url\":\"https:\\\/\\\/radioljubuski.ba\\\/index.php\\\/2021\\\/09\\\/27\\\/ovogodisnji-mostarski-strip-vikend-s-rekordnim-brojem-gostiju\\\/\",\"name\":\"Ovogodi\u0161nji 'Mostarski strip vikend' s rekordnim brojem gostiju - RADIO LJUBU\u0160KI\",\"isPartOf\":{\"@id\":\"https:\\\/\\\/radioljubuski.ba\\\/#website\"},\"primaryImageOfPage\":{\"@id\":\"https:\\\/\\\/radioljubuski.ba\\\/index.php\\\/2021\\\/09\\\/27\\\/ovogodisnji-mostarski-strip-vikend-s-rekordnim-brojem-gostiju\\\/#primaryimage\"},\"image\":{\"@id\":\"https:\\\/\\\/radioljubuski.ba\\\/index.php\\\/2021\\\/09\\\/27\\\/ovogodisnji-mostarski-strip-vikend-s-rekordnim-brojem-gostiju\\\/#primaryimage\"},\"thumbnailUrl\":\"https:\\\/\\\/radioljubuski.ba\\\/wp-content\\\/uploads\\\/2021\\\/09\\\/8-2021-09-27-09-16-08-Mostar-strip-vikend-2021.jpg\",\"datePublished\":\"2021-09-27T09:56:48+00:00\",\"dateModified\":\"2021-09-27T09:56:49+00:00\",\"breadcrumb\":{\"@id\":\"https:\\\/\\\/radioljubuski.ba\\\/index.php\\\/2021\\\/09\\\/27\\\/ovogodisnji-mostarski-strip-vikend-s-rekordnim-brojem-gostiju\\\/#breadcrumb\"},\"inLanguage\":\"hr\",\"potentialAction\":[{\"@type\":\"ReadAction\",\"target\":[\"https:\\\/\\\/radioljubuski.ba\\\/index.php\\\/2021\\\/09\\\/27\\\/ovogodisnji-mostarski-strip-vikend-s-rekordnim-brojem-gostiju\\\/\"]}]},{\"@type\":\"ImageObject\",\"inLanguage\":\"hr\",\"@id\":\"https:\\\/\\\/radioljubuski.ba\\\/index.php\\\/2021\\\/09\\\/27\\\/ovogodisnji-mostarski-strip-vikend-s-rekordnim-brojem-gostiju\\\/#primaryimage\",\"url\":\"https:\\\/\\\/radioljubuski.ba\\\/wp-content\\\/uploads\\\/2021\\\/09\\\/8-2021-09-27-09-16-08-Mostar-strip-vikend-2021.jpg\",\"contentUrl\":\"https:\\\/\\\/radioljubuski.ba\\\/wp-content\\\/uploads\\\/2021\\\/09\\\/8-2021-09-27-09-16-08-Mostar-strip-vikend-2021.jpg\",\"width\":1000,\"height\":625},{\"@type\":\"BreadcrumbList\",\"@id\":\"https:\\\/\\\/radioljubuski.ba\\\/index.php\\\/2021\\\/09\\\/27\\\/ovogodisnji-mostarski-strip-vikend-s-rekordnim-brojem-gostiju\\\/#breadcrumb\",\"itemListElement\":[{\"@type\":\"ListItem\",\"position\":1,\"name\":\"Po\u010detna stranica\",\"item\":\"https:\\\/\\\/radioljubuski.ba\\\/\"},{\"@type\":\"ListItem\",\"position\":2,\"name\":\"Ovogodi\u0161nji &#8216;Mostarski strip vikend&#8217; s rekordnim brojem gostiju\"}]},{\"@type\":\"WebSite\",\"@id\":\"https:\\\/\\\/radioljubuski.ba\\\/#website\",\"url\":\"https:\\\/\\\/radioljubuski.ba\\\/\",\"name\":\"Radio Ljubu\u0161ki\",\"description\":\"Sun\u010dana frekvencija Hercegovine\",\"publisher\":{\"@id\":\"https:\\\/\\\/radioljubuski.ba\\\/#organization\"},\"potentialAction\":[{\"@type\":\"SearchAction\",\"target\":{\"@type\":\"EntryPoint\",\"urlTemplate\":\"https:\\\/\\\/radioljubuski.ba\\\/?s={search_term_string}\"},\"query-input\":{\"@type\":\"PropertyValueSpecification\",\"valueRequired\":true,\"valueName\":\"search_term_string\"}}],\"inLanguage\":\"hr\"},{\"@type\":\"Organization\",\"@id\":\"https:\\\/\\\/radioljubuski.ba\\\/#organization\",\"name\":\"Radio Ljubu\u0161ki\",\"url\":\"https:\\\/\\\/radioljubuski.ba\\\/\",\"logo\":{\"@type\":\"ImageObject\",\"inLanguage\":\"hr\",\"@id\":\"https:\\\/\\\/radioljubuski.ba\\\/#\\\/schema\\\/logo\\\/image\\\/\",\"url\":\"https:\\\/\\\/radioljubuski.ba\\\/wp-content\\\/uploads\\\/2021\\\/02\\\/cropped-Radio_Ljubuski_logo1.jpg\",\"contentUrl\":\"https:\\\/\\\/radioljubuski.ba\\\/wp-content\\\/uploads\\\/2021\\\/02\\\/cropped-Radio_Ljubuski_logo1.jpg\",\"width\":512,\"height\":512,\"caption\":\"Radio Ljubu\u0161ki\"},\"image\":{\"@id\":\"https:\\\/\\\/radioljubuski.ba\\\/#\\\/schema\\\/logo\\\/image\\\/\"},\"sameAs\":[\"https:\\\/\\\/www.facebook.com\\\/Radiio-Ljubuski-1490835324566332\",\"https:\\\/\\\/x.com\\\/radioljubuski\",\"https:\\\/\\\/hr.linkedin.com\\\/company\\\/radio-ljubuski\",\"https:\\\/\\\/www.youtube.com\\\/channel\\\/UCHYaeO_n0Db3tjNGudGpXyw\"]},{\"@type\":\"Person\",\"@id\":\"https:\\\/\\\/radioljubuski.ba\\\/#\\\/schema\\\/person\\\/19fc700381a780f69665d7956c469e3b\",\"name\":\"Radio Ljubu\u0161ki\"}]}<\/script>\n<!-- \/ Yoast SEO plugin. -->","yoast_head_json":{"title":"Ovogodi\u0161nji 'Mostarski strip vikend' s rekordnim brojem gostiju - RADIO LJUBU\u0160KI","robots":{"index":"index","follow":"follow","max-snippet":"max-snippet:-1","max-image-preview":"max-image-preview:large","max-video-preview":"max-video-preview:-1"},"canonical":"https:\/\/radioljubuski.ba\/index.php\/2021\/09\/27\/ovogodisnji-mostarski-strip-vikend-s-rekordnim-brojem-gostiju\/","og_locale":"hr_HR","og_type":"article","og_title":"Ovogodi\u0161nji 'Mostarski strip vikend' s rekordnim brojem gostiju - RADIO LJUBU\u0160KI","og_description":"Udruga ljubitelja stripa iz Mostara &#8220;Mostrip&#8221; organizira \u0161estu po redu manifestaciju &#8220;Mostarski strip vikend&#8221;, koja \u0107e se odr\u017eati u subotu i nedjelju, 2. i 3. listopada, u prostorijama Hrvatskog doma hercega Stjepane Kosa\u010de. Manifestacija \u0107e sve\u010dano biti otvorena u subotu u 11 sati, a kao i pro\u0161lih godina, na vikendu \u0107e biti postavljena izlo\u017eba radova [&hellip;]","og_url":"https:\/\/radioljubuski.ba\/index.php\/2021\/09\/27\/ovogodisnji-mostarski-strip-vikend-s-rekordnim-brojem-gostiju\/","og_site_name":"RADIO LJUBU\u0160KI","article_publisher":"https:\/\/www.facebook.com\/Radiio-Ljubuski-1490835324566332","article_published_time":"2021-09-27T09:56:48+00:00","article_modified_time":"2021-09-27T09:56:49+00:00","og_image":[{"width":1000,"height":625,"url":"https:\/\/radioljubuski.ba\/wp-content\/uploads\/2021\/09\/8-2021-09-27-09-16-08-Mostar-strip-vikend-2021.jpg","type":"image\/jpeg"}],"author":"Radio Ljubu\u0161ki","twitter_card":"summary_large_image","twitter_creator":"@radioljubuski","twitter_site":"@radioljubuski","twitter_misc":{"Napisao\/la":"Radio Ljubu\u0161ki","Procijenjeno vrijeme \u010ditanja":"2 minute"},"schema":{"@context":"https:\/\/schema.org","@graph":[{"@type":"Article","@id":"https:\/\/radioljubuski.ba\/index.php\/2021\/09\/27\/ovogodisnji-mostarski-strip-vikend-s-rekordnim-brojem-gostiju\/#article","isPartOf":{"@id":"https:\/\/radioljubuski.ba\/index.php\/2021\/09\/27\/ovogodisnji-mostarski-strip-vikend-s-rekordnim-brojem-gostiju\/"},"author":{"name":"Radio Ljubu\u0161ki","@id":"https:\/\/radioljubuski.ba\/#\/schema\/person\/19fc700381a780f69665d7956c469e3b"},"headline":"Ovogodi\u0161nji &#8216;Mostarski strip vikend&#8217; s rekordnim brojem gostiju","datePublished":"2021-09-27T09:56:48+00:00","dateModified":"2021-09-27T09:56:49+00:00","mainEntityOfPage":{"@id":"https:\/\/radioljubuski.ba\/index.php\/2021\/09\/27\/ovogodisnji-mostarski-strip-vikend-s-rekordnim-brojem-gostiju\/"},"wordCount":457,"publisher":{"@id":"https:\/\/radioljubuski.ba\/#organization"},"image":{"@id":"https:\/\/radioljubuski.ba\/index.php\/2021\/09\/27\/ovogodisnji-mostarski-strip-vikend-s-rekordnim-brojem-gostiju\/#primaryimage"},"thumbnailUrl":"https:\/\/radioljubuski.ba\/wp-content\/uploads\/2021\/09\/8-2021-09-27-09-16-08-Mostar-strip-vikend-2021.jpg","articleSection":["BIH i regija"],"inLanguage":"hr"},{"@type":"WebPage","@id":"https:\/\/radioljubuski.ba\/index.php\/2021\/09\/27\/ovogodisnji-mostarski-strip-vikend-s-rekordnim-brojem-gostiju\/","url":"https:\/\/radioljubuski.ba\/index.php\/2021\/09\/27\/ovogodisnji-mostarski-strip-vikend-s-rekordnim-brojem-gostiju\/","name":"Ovogodi\u0161nji 'Mostarski strip vikend' s rekordnim brojem gostiju - RADIO LJUBU\u0160KI","isPartOf":{"@id":"https:\/\/radioljubuski.ba\/#website"},"primaryImageOfPage":{"@id":"https:\/\/radioljubuski.ba\/index.php\/2021\/09\/27\/ovogodisnji-mostarski-strip-vikend-s-rekordnim-brojem-gostiju\/#primaryimage"},"image":{"@id":"https:\/\/radioljubuski.ba\/index.php\/2021\/09\/27\/ovogodisnji-mostarski-strip-vikend-s-rekordnim-brojem-gostiju\/#primaryimage"},"thumbnailUrl":"https:\/\/radioljubuski.ba\/wp-content\/uploads\/2021\/09\/8-2021-09-27-09-16-08-Mostar-strip-vikend-2021.jpg","datePublished":"2021-09-27T09:56:48+00:00","dateModified":"2021-09-27T09:56:49+00:00","breadcrumb":{"@id":"https:\/\/radioljubuski.ba\/index.php\/2021\/09\/27\/ovogodisnji-mostarski-strip-vikend-s-rekordnim-brojem-gostiju\/#breadcrumb"},"inLanguage":"hr","potentialAction":[{"@type":"ReadAction","target":["https:\/\/radioljubuski.ba\/index.php\/2021\/09\/27\/ovogodisnji-mostarski-strip-vikend-s-rekordnim-brojem-gostiju\/"]}]},{"@type":"ImageObject","inLanguage":"hr","@id":"https:\/\/radioljubuski.ba\/index.php\/2021\/09\/27\/ovogodisnji-mostarski-strip-vikend-s-rekordnim-brojem-gostiju\/#primaryimage","url":"https:\/\/radioljubuski.ba\/wp-content\/uploads\/2021\/09\/8-2021-09-27-09-16-08-Mostar-strip-vikend-2021.jpg","contentUrl":"https:\/\/radioljubuski.ba\/wp-content\/uploads\/2021\/09\/8-2021-09-27-09-16-08-Mostar-strip-vikend-2021.jpg","width":1000,"height":625},{"@type":"BreadcrumbList","@id":"https:\/\/radioljubuski.ba\/index.php\/2021\/09\/27\/ovogodisnji-mostarski-strip-vikend-s-rekordnim-brojem-gostiju\/#breadcrumb","itemListElement":[{"@type":"ListItem","position":1,"name":"Po\u010detna stranica","item":"https:\/\/radioljubuski.ba\/"},{"@type":"ListItem","position":2,"name":"Ovogodi\u0161nji &#8216;Mostarski strip vikend&#8217; s rekordnim brojem gostiju"}]},{"@type":"WebSite","@id":"https:\/\/radioljubuski.ba\/#website","url":"https:\/\/radioljubuski.ba\/","name":"Radio Ljubu\u0161ki","description":"Sun\u010dana frekvencija Hercegovine","publisher":{"@id":"https:\/\/radioljubuski.ba\/#organization"},"potentialAction":[{"@type":"SearchAction","target":{"@type":"EntryPoint","urlTemplate":"https:\/\/radioljubuski.ba\/?s={search_term_string}"},"query-input":{"@type":"PropertyValueSpecification","valueRequired":true,"valueName":"search_term_string"}}],"inLanguage":"hr"},{"@type":"Organization","@id":"https:\/\/radioljubuski.ba\/#organization","name":"Radio Ljubu\u0161ki","url":"https:\/\/radioljubuski.ba\/","logo":{"@type":"ImageObject","inLanguage":"hr","@id":"https:\/\/radioljubuski.ba\/#\/schema\/logo\/image\/","url":"https:\/\/radioljubuski.ba\/wp-content\/uploads\/2021\/02\/cropped-Radio_Ljubuski_logo1.jpg","contentUrl":"https:\/\/radioljubuski.ba\/wp-content\/uploads\/2021\/02\/cropped-Radio_Ljubuski_logo1.jpg","width":512,"height":512,"caption":"Radio Ljubu\u0161ki"},"image":{"@id":"https:\/\/radioljubuski.ba\/#\/schema\/logo\/image\/"},"sameAs":["https:\/\/www.facebook.com\/Radiio-Ljubuski-1490835324566332","https:\/\/x.com\/radioljubuski","https:\/\/hr.linkedin.com\/company\/radio-ljubuski","https:\/\/www.youtube.com\/channel\/UCHYaeO_n0Db3tjNGudGpXyw"]},{"@type":"Person","@id":"https:\/\/radioljubuski.ba\/#\/schema\/person\/19fc700381a780f69665d7956c469e3b","name":"Radio Ljubu\u0161ki"}]}},"_links":{"self":[{"href":"https:\/\/radioljubuski.ba\/index.php\/wp-json\/wp\/v2\/posts\/68569","targetHints":{"allow":["GET"]}}],"collection":[{"href":"https:\/\/radioljubuski.ba\/index.php\/wp-json\/wp\/v2\/posts"}],"about":[{"href":"https:\/\/radioljubuski.ba\/index.php\/wp-json\/wp\/v2\/types\/post"}],"author":[{"embeddable":true,"href":"https:\/\/radioljubuski.ba\/index.php\/wp-json\/wp\/v2\/users\/2"}],"replies":[{"embeddable":true,"href":"https:\/\/radioljubuski.ba\/index.php\/wp-json\/wp\/v2\/comments?post=68569"}],"version-history":[{"count":1,"href":"https:\/\/radioljubuski.ba\/index.php\/wp-json\/wp\/v2\/posts\/68569\/revisions"}],"predecessor-version":[{"id":68571,"href":"https:\/\/radioljubuski.ba\/index.php\/wp-json\/wp\/v2\/posts\/68569\/revisions\/68571"}],"wp:featuredmedia":[{"embeddable":true,"href":"https:\/\/radioljubuski.ba\/index.php\/wp-json\/wp\/v2\/media\/68570"}],"wp:attachment":[{"href":"https:\/\/radioljubuski.ba\/index.php\/wp-json\/wp\/v2\/media?parent=68569"}],"wp:term":[{"taxonomy":"category","embeddable":true,"href":"https:\/\/radioljubuski.ba\/index.php\/wp-json\/wp\/v2\/categories?post=68569"},{"taxonomy":"post_tag","embeddable":true,"href":"https:\/\/radioljubuski.ba\/index.php\/wp-json\/wp\/v2\/tags?post=68569"}],"curies":[{"name":"wp","href":"https:\/\/api.w.org\/{rel}","templated":true}]}}