{"id":68572,"date":"2021-09-27T10:58:18","date_gmt":"2021-09-27T09:58:18","guid":{"rendered":"https:\/\/radioljubuski.ba\/?p=68572"},"modified":"2021-09-27T10:58:19","modified_gmt":"2021-09-27T09:58:19","slug":"troskovi-popravka-elektricnih-automobila-mnogo-visi","status":"publish","type":"post","link":"https:\/\/radioljubuski.ba\/index.php\/2021\/09\/27\/troskovi-popravka-elektricnih-automobila-mnogo-visi\/","title":{"rendered":"Tro\u0161kovi popravka elektri\u010dnih automobila mnogo vi\u0161i"},"content":{"rendered":"\n<p>Iako dr\u017eavni poticaji mogu ponekad smanjiti ukupni tro\u0161ak, elektri\u010dna vozila mnogo su skuplja od benzinaca i dizela\u0161a, barem onda kad se u obzir uzme udarac na va\u0161 prora\u010dun, a ne na okoli\u0161.<\/p>\n\n\n\n<p>A to su samo po\u010detni tro\u0161kovi.<\/p>\n\n\n\n<p>Dodatni tro\u0161kovi koji s godinama dolaze s popravcima elektri\u010dnih automobila nisu za podcijeniti.<\/p>\n\n\n\n<p>Studija osiguravaju\u0107eg dru\u0161tva Allianz pokazala je da elektri\u010dni automobili u prosjeku imaju ve\u0107e tro\u0161kove popravka od onih opremljenih motorima s unutarnjim izgaranjem.<\/p>\n\n\n\n<p>Iako elektri\u010dni automobili u prosjeku ne zadobiju u nesre\u0107ama ve\u0107a o\u0161te\u0107enja od automobila s benzinskim ili dizelskim motorima, popravci su ipak uobi\u010dajeno skuplji, otkrilo je osiguravaju\u0107e dru\u0161tvo.<\/p>\n\n\n\n<p>Prosje\u010dni izdaci \u0161teta za potpuno kasko osiguranje ve\u0107i su za 10 posto za elektri\u010dne automobile, a \u010dak 50 posto ve\u0107i za plug-in hibride, prema Allianzu.<\/p>\n\n\n\n<p>Nakon sudara, tro\u0161kovi popravka elektri\u010dnih automobila u prosjeku su skuplji 30 posto.<\/p>\n\n\n\n<p>Osobe zadu\u017eene za istra\u017eivanje nesre\u0107a i pitanja sigurnosti u Allianzovu Centru za tehnologiju za potrebe svoje studije analizirali su podatke o \u0161tetama od 2018. do 2020. godine.<\/p>\n\n\n\n<p>Va\u017eno pitanje za vatrogasce, policiju i pomaga\u010de u slu\u010daju nesre\u0107a jest jesu li elektri\u010dni automobili opasniji od vozila s motorima s unutarnjim izgaranjem.<\/p>\n\n\n\n<p>Prema procjeni Allianza i Njema\u010dkog udru\u017eenja automobilske industrije (VDA), rizik od po\u017eara elektri\u010dnih automobila nije ve\u0107i od automobila opremljenima motorima s unutarnjim izgaranjem &#8211; me\u0111utim, prema VDA -u, za ga\u0161enje po\u017eara na elektri\u010dnim vozilima potrebno je vi\u0161e vremena i vi\u0161e sredstava za ga\u0161enje.<\/p>\n\n\n\n<p>Izvor:pogled.ba<\/p>\n","protected":false},"excerpt":{"rendered":"<p>Iako dr\u017eavni poticaji mogu ponekad smanjiti ukupni tro\u0161ak, elektri\u010dna vozila mnogo su skuplja od benzinaca i dizela\u0161a, barem onda kad se u obzir uzme udarac na va\u0161 prora\u010dun, a ne na okoli\u0161. A to su samo po\u010detni tro\u0161kovi. Dodatni tro\u0161kovi koji s godinama dolaze s popravcima elektri\u010dnih automobila nisu za podcijeniti. Studija osiguravaju\u0107eg dru\u0161tva Allianz [&hellip;]<\/p>\n","protected":false},"author":2,"featured_media":68573,"comment_status":"closed","ping_status":"closed","sticky":false,"template":"","format":"standard","meta":{"h5ap_radio_sources":[],"footnotes":""},"categories":[1],"tags":[],"class_list":["post-68572","post","type-post","status-publish","format-standard","has-post-thumbnail","hentry","category-bihiregija"],"yoast_head":"<!-- This site is optimized with the Yoast SEO plugin v27.4 - https:\/\/yoast.com\/product\/yoast-seo-wordpress\/ -->\n<title>Tro\u0161kovi popravka elektri\u010dnih automobila mnogo vi\u0161i - RADIO LJUBU\u0160KI<\/title>\n<meta name=\"robots\" content=\"index, follow, max-snippet:-1, max-image-preview:large, max-video-preview:-1\" \/>\n<link rel=\"canonical\" href=\"https:\/\/radioljubuski.ba\/index.php\/2021\/09\/27\/troskovi-popravka-elektricnih-automobila-mnogo-visi\/\" \/>\n<meta property=\"og:locale\" content=\"hr_HR\" \/>\n<meta property=\"og:type\" content=\"article\" \/>\n<meta property=\"og:title\" content=\"Tro\u0161kovi popravka elektri\u010dnih automobila mnogo vi\u0161i - RADIO LJUBU\u0160KI\" \/>\n<meta property=\"og:description\" content=\"Iako dr\u017eavni poticaji mogu ponekad smanjiti ukupni tro\u0161ak, elektri\u010dna vozila mnogo su skuplja od benzinaca i dizela\u0161a, barem onda kad se u obzir uzme udarac na va\u0161 prora\u010dun, a ne na okoli\u0161. A to su samo po\u010detni tro\u0161kovi. Dodatni tro\u0161kovi koji s godinama dolaze s popravcima elektri\u010dnih automobila nisu za podcijeniti. Studija osiguravaju\u0107eg dru\u0161tva Allianz [&hellip;]\" \/>\n<meta property=\"og:url\" content=\"https:\/\/radioljubuski.ba\/index.php\/2021\/09\/27\/troskovi-popravka-elektricnih-automobila-mnogo-visi\/\" \/>\n<meta property=\"og:site_name\" content=\"RADIO LJUBU\u0160KI\" \/>\n<meta property=\"article:publisher\" content=\"https:\/\/www.facebook.com\/Radiio-Ljubuski-1490835324566332\" \/>\n<meta property=\"article:published_time\" content=\"2021-09-27T09:58:18+00:00\" \/>\n<meta property=\"article:modified_time\" content=\"2021-09-27T09:58:19+00:00\" \/>\n<meta property=\"og:image\" content=\"https:\/\/radioljubuski.ba\/wp-content\/uploads\/2021\/09\/3-2021-09-27-10-16-26-struja.jpg\" \/>\n\t<meta property=\"og:image:width\" content=\"1000\" \/>\n\t<meta property=\"og:image:height\" content=\"625\" \/>\n\t<meta property=\"og:image:type\" content=\"image\/jpeg\" \/>\n<meta name=\"author\" content=\"Radio Ljubu\u0161ki\" \/>\n<meta name=\"twitter:card\" content=\"summary_large_image\" \/>\n<meta name=\"twitter:creator\" content=\"@radioljubuski\" \/>\n<meta name=\"twitter:site\" content=\"@radioljubuski\" \/>\n<meta name=\"twitter:label1\" content=\"Napisao\/la\" \/>\n\t<meta name=\"twitter:data1\" content=\"Radio Ljubu\u0161ki\" \/>\n\t<meta name=\"twitter:label2\" content=\"Procijenjeno vrijeme \u010ditanja\" \/>\n\t<meta name=\"twitter:data2\" content=\"2 minute\" \/>\n<script type=\"application\/ld+json\" class=\"yoast-schema-graph\">{\"@context\":\"https:\\\/\\\/schema.org\",\"@graph\":[{\"@type\":\"Article\",\"@id\":\"https:\\\/\\\/radioljubuski.ba\\\/index.php\\\/2021\\\/09\\\/27\\\/troskovi-popravka-elektricnih-automobila-mnogo-visi\\\/#article\",\"isPartOf\":{\"@id\":\"https:\\\/\\\/radioljubuski.ba\\\/index.php\\\/2021\\\/09\\\/27\\\/troskovi-popravka-elektricnih-automobila-mnogo-visi\\\/\"},\"author\":{\"name\":\"Radio Ljubu\u0161ki\",\"@id\":\"https:\\\/\\\/radioljubuski.ba\\\/#\\\/schema\\\/person\\\/19fc700381a780f69665d7956c469e3b\"},\"headline\":\"Tro\u0161kovi popravka elektri\u010dnih automobila mnogo vi\u0161i\",\"datePublished\":\"2021-09-27T09:58:18+00:00\",\"dateModified\":\"2021-09-27T09:58:19+00:00\",\"mainEntityOfPage\":{\"@id\":\"https:\\\/\\\/radioljubuski.ba\\\/index.php\\\/2021\\\/09\\\/27\\\/troskovi-popravka-elektricnih-automobila-mnogo-visi\\\/\"},\"wordCount\":285,\"publisher\":{\"@id\":\"https:\\\/\\\/radioljubuski.ba\\\/#organization\"},\"image\":{\"@id\":\"https:\\\/\\\/radioljubuski.ba\\\/index.php\\\/2021\\\/09\\\/27\\\/troskovi-popravka-elektricnih-automobila-mnogo-visi\\\/#primaryimage\"},\"thumbnailUrl\":\"https:\\\/\\\/radioljubuski.ba\\\/wp-content\\\/uploads\\\/2021\\\/09\\\/3-2021-09-27-10-16-26-struja.jpg\",\"articleSection\":[\"BIH i regija\"],\"inLanguage\":\"hr\"},{\"@type\":\"WebPage\",\"@id\":\"https:\\\/\\\/radioljubuski.ba\\\/index.php\\\/2021\\\/09\\\/27\\\/troskovi-popravka-elektricnih-automobila-mnogo-visi\\\/\",\"url\":\"https:\\\/\\\/radioljubuski.ba\\\/index.php\\\/2021\\\/09\\\/27\\\/troskovi-popravka-elektricnih-automobila-mnogo-visi\\\/\",\"name\":\"Tro\u0161kovi popravka elektri\u010dnih automobila mnogo vi\u0161i - RADIO LJUBU\u0160KI\",\"isPartOf\":{\"@id\":\"https:\\\/\\\/radioljubuski.ba\\\/#website\"},\"primaryImageOfPage\":{\"@id\":\"https:\\\/\\\/radioljubuski.ba\\\/index.php\\\/2021\\\/09\\\/27\\\/troskovi-popravka-elektricnih-automobila-mnogo-visi\\\/#primaryimage\"},\"image\":{\"@id\":\"https:\\\/\\\/radioljubuski.ba\\\/index.php\\\/2021\\\/09\\\/27\\\/troskovi-popravka-elektricnih-automobila-mnogo-visi\\\/#primaryimage\"},\"thumbnailUrl\":\"https:\\\/\\\/radioljubuski.ba\\\/wp-content\\\/uploads\\\/2021\\\/09\\\/3-2021-09-27-10-16-26-struja.jpg\",\"datePublished\":\"2021-09-27T09:58:18+00:00\",\"dateModified\":\"2021-09-27T09:58:19+00:00\",\"breadcrumb\":{\"@id\":\"https:\\\/\\\/radioljubuski.ba\\\/index.php\\\/2021\\\/09\\\/27\\\/troskovi-popravka-elektricnih-automobila-mnogo-visi\\\/#breadcrumb\"},\"inLanguage\":\"hr\",\"potentialAction\":[{\"@type\":\"ReadAction\",\"target\":[\"https:\\\/\\\/radioljubuski.ba\\\/index.php\\\/2021\\\/09\\\/27\\\/troskovi-popravka-elektricnih-automobila-mnogo-visi\\\/\"]}]},{\"@type\":\"ImageObject\",\"inLanguage\":\"hr\",\"@id\":\"https:\\\/\\\/radioljubuski.ba\\\/index.php\\\/2021\\\/09\\\/27\\\/troskovi-popravka-elektricnih-automobila-mnogo-visi\\\/#primaryimage\",\"url\":\"https:\\\/\\\/radioljubuski.ba\\\/wp-content\\\/uploads\\\/2021\\\/09\\\/3-2021-09-27-10-16-26-struja.jpg\",\"contentUrl\":\"https:\\\/\\\/radioljubuski.ba\\\/wp-content\\\/uploads\\\/2021\\\/09\\\/3-2021-09-27-10-16-26-struja.jpg\",\"width\":1000,\"height\":625},{\"@type\":\"BreadcrumbList\",\"@id\":\"https:\\\/\\\/radioljubuski.ba\\\/index.php\\\/2021\\\/09\\\/27\\\/troskovi-popravka-elektricnih-automobila-mnogo-visi\\\/#breadcrumb\",\"itemListElement\":[{\"@type\":\"ListItem\",\"position\":1,\"name\":\"Po\u010detna stranica\",\"item\":\"https:\\\/\\\/radioljubuski.ba\\\/\"},{\"@type\":\"ListItem\",\"position\":2,\"name\":\"Tro\u0161kovi popravka elektri\u010dnih automobila mnogo vi\u0161i\"}]},{\"@type\":\"WebSite\",\"@id\":\"https:\\\/\\\/radioljubuski.ba\\\/#website\",\"url\":\"https:\\\/\\\/radioljubuski.ba\\\/\",\"name\":\"Radio Ljubu\u0161ki\",\"description\":\"Sun\u010dana frekvencija Hercegovine\",\"publisher\":{\"@id\":\"https:\\\/\\\/radioljubuski.ba\\\/#organization\"},\"potentialAction\":[{\"@type\":\"SearchAction\",\"target\":{\"@type\":\"EntryPoint\",\"urlTemplate\":\"https:\\\/\\\/radioljubuski.ba\\\/?s={search_term_string}\"},\"query-input\":{\"@type\":\"PropertyValueSpecification\",\"valueRequired\":true,\"valueName\":\"search_term_string\"}}],\"inLanguage\":\"hr\"},{\"@type\":\"Organization\",\"@id\":\"https:\\\/\\\/radioljubuski.ba\\\/#organization\",\"name\":\"Radio Ljubu\u0161ki\",\"url\":\"https:\\\/\\\/radioljubuski.ba\\\/\",\"logo\":{\"@type\":\"ImageObject\",\"inLanguage\":\"hr\",\"@id\":\"https:\\\/\\\/radioljubuski.ba\\\/#\\\/schema\\\/logo\\\/image\\\/\",\"url\":\"https:\\\/\\\/radioljubuski.ba\\\/wp-content\\\/uploads\\\/2021\\\/02\\\/cropped-Radio_Ljubuski_logo1.jpg\",\"contentUrl\":\"https:\\\/\\\/radioljubuski.ba\\\/wp-content\\\/uploads\\\/2021\\\/02\\\/cropped-Radio_Ljubuski_logo1.jpg\",\"width\":512,\"height\":512,\"caption\":\"Radio Ljubu\u0161ki\"},\"image\":{\"@id\":\"https:\\\/\\\/radioljubuski.ba\\\/#\\\/schema\\\/logo\\\/image\\\/\"},\"sameAs\":[\"https:\\\/\\\/www.facebook.com\\\/Radiio-Ljubuski-1490835324566332\",\"https:\\\/\\\/x.com\\\/radioljubuski\",\"https:\\\/\\\/hr.linkedin.com\\\/company\\\/radio-ljubuski\",\"https:\\\/\\\/www.youtube.com\\\/channel\\\/UCHYaeO_n0Db3tjNGudGpXyw\"]},{\"@type\":\"Person\",\"@id\":\"https:\\\/\\\/radioljubuski.ba\\\/#\\\/schema\\\/person\\\/19fc700381a780f69665d7956c469e3b\",\"name\":\"Radio Ljubu\u0161ki\"}]}<\/script>\n<!-- \/ Yoast SEO plugin. -->","yoast_head_json":{"title":"Tro\u0161kovi popravka elektri\u010dnih automobila mnogo vi\u0161i - RADIO LJUBU\u0160KI","robots":{"index":"index","follow":"follow","max-snippet":"max-snippet:-1","max-image-preview":"max-image-preview:large","max-video-preview":"max-video-preview:-1"},"canonical":"https:\/\/radioljubuski.ba\/index.php\/2021\/09\/27\/troskovi-popravka-elektricnih-automobila-mnogo-visi\/","og_locale":"hr_HR","og_type":"article","og_title":"Tro\u0161kovi popravka elektri\u010dnih automobila mnogo vi\u0161i - RADIO LJUBU\u0160KI","og_description":"Iako dr\u017eavni poticaji mogu ponekad smanjiti ukupni tro\u0161ak, elektri\u010dna vozila mnogo su skuplja od benzinaca i dizela\u0161a, barem onda kad se u obzir uzme udarac na va\u0161 prora\u010dun, a ne na okoli\u0161. A to su samo po\u010detni tro\u0161kovi. Dodatni tro\u0161kovi koji s godinama dolaze s popravcima elektri\u010dnih automobila nisu za podcijeniti. Studija osiguravaju\u0107eg dru\u0161tva Allianz [&hellip;]","og_url":"https:\/\/radioljubuski.ba\/index.php\/2021\/09\/27\/troskovi-popravka-elektricnih-automobila-mnogo-visi\/","og_site_name":"RADIO LJUBU\u0160KI","article_publisher":"https:\/\/www.facebook.com\/Radiio-Ljubuski-1490835324566332","article_published_time":"2021-09-27T09:58:18+00:00","article_modified_time":"2021-09-27T09:58:19+00:00","og_image":[{"width":1000,"height":625,"url":"https:\/\/radioljubuski.ba\/wp-content\/uploads\/2021\/09\/3-2021-09-27-10-16-26-struja.jpg","type":"image\/jpeg"}],"author":"Radio Ljubu\u0161ki","twitter_card":"summary_large_image","twitter_creator":"@radioljubuski","twitter_site":"@radioljubuski","twitter_misc":{"Napisao\/la":"Radio Ljubu\u0161ki","Procijenjeno vrijeme \u010ditanja":"2 minute"},"schema":{"@context":"https:\/\/schema.org","@graph":[{"@type":"Article","@id":"https:\/\/radioljubuski.ba\/index.php\/2021\/09\/27\/troskovi-popravka-elektricnih-automobila-mnogo-visi\/#article","isPartOf":{"@id":"https:\/\/radioljubuski.ba\/index.php\/2021\/09\/27\/troskovi-popravka-elektricnih-automobila-mnogo-visi\/"},"author":{"name":"Radio Ljubu\u0161ki","@id":"https:\/\/radioljubuski.ba\/#\/schema\/person\/19fc700381a780f69665d7956c469e3b"},"headline":"Tro\u0161kovi popravka elektri\u010dnih automobila mnogo vi\u0161i","datePublished":"2021-09-27T09:58:18+00:00","dateModified":"2021-09-27T09:58:19+00:00","mainEntityOfPage":{"@id":"https:\/\/radioljubuski.ba\/index.php\/2021\/09\/27\/troskovi-popravka-elektricnih-automobila-mnogo-visi\/"},"wordCount":285,"publisher":{"@id":"https:\/\/radioljubuski.ba\/#organization"},"image":{"@id":"https:\/\/radioljubuski.ba\/index.php\/2021\/09\/27\/troskovi-popravka-elektricnih-automobila-mnogo-visi\/#primaryimage"},"thumbnailUrl":"https:\/\/radioljubuski.ba\/wp-content\/uploads\/2021\/09\/3-2021-09-27-10-16-26-struja.jpg","articleSection":["BIH i regija"],"inLanguage":"hr"},{"@type":"WebPage","@id":"https:\/\/radioljubuski.ba\/index.php\/2021\/09\/27\/troskovi-popravka-elektricnih-automobila-mnogo-visi\/","url":"https:\/\/radioljubuski.ba\/index.php\/2021\/09\/27\/troskovi-popravka-elektricnih-automobila-mnogo-visi\/","name":"Tro\u0161kovi popravka elektri\u010dnih automobila mnogo vi\u0161i - RADIO LJUBU\u0160KI","isPartOf":{"@id":"https:\/\/radioljubuski.ba\/#website"},"primaryImageOfPage":{"@id":"https:\/\/radioljubuski.ba\/index.php\/2021\/09\/27\/troskovi-popravka-elektricnih-automobila-mnogo-visi\/#primaryimage"},"image":{"@id":"https:\/\/radioljubuski.ba\/index.php\/2021\/09\/27\/troskovi-popravka-elektricnih-automobila-mnogo-visi\/#primaryimage"},"thumbnailUrl":"https:\/\/radioljubuski.ba\/wp-content\/uploads\/2021\/09\/3-2021-09-27-10-16-26-struja.jpg","datePublished":"2021-09-27T09:58:18+00:00","dateModified":"2021-09-27T09:58:19+00:00","breadcrumb":{"@id":"https:\/\/radioljubuski.ba\/index.php\/2021\/09\/27\/troskovi-popravka-elektricnih-automobila-mnogo-visi\/#breadcrumb"},"inLanguage":"hr","potentialAction":[{"@type":"ReadAction","target":["https:\/\/radioljubuski.ba\/index.php\/2021\/09\/27\/troskovi-popravka-elektricnih-automobila-mnogo-visi\/"]}]},{"@type":"ImageObject","inLanguage":"hr","@id":"https:\/\/radioljubuski.ba\/index.php\/2021\/09\/27\/troskovi-popravka-elektricnih-automobila-mnogo-visi\/#primaryimage","url":"https:\/\/radioljubuski.ba\/wp-content\/uploads\/2021\/09\/3-2021-09-27-10-16-26-struja.jpg","contentUrl":"https:\/\/radioljubuski.ba\/wp-content\/uploads\/2021\/09\/3-2021-09-27-10-16-26-struja.jpg","width":1000,"height":625},{"@type":"BreadcrumbList","@id":"https:\/\/radioljubuski.ba\/index.php\/2021\/09\/27\/troskovi-popravka-elektricnih-automobila-mnogo-visi\/#breadcrumb","itemListElement":[{"@type":"ListItem","position":1,"name":"Po\u010detna stranica","item":"https:\/\/radioljubuski.ba\/"},{"@type":"ListItem","position":2,"name":"Tro\u0161kovi popravka elektri\u010dnih automobila mnogo vi\u0161i"}]},{"@type":"WebSite","@id":"https:\/\/radioljubuski.ba\/#website","url":"https:\/\/radioljubuski.ba\/","name":"Radio Ljubu\u0161ki","description":"Sun\u010dana frekvencija Hercegovine","publisher":{"@id":"https:\/\/radioljubuski.ba\/#organization"},"potentialAction":[{"@type":"SearchAction","target":{"@type":"EntryPoint","urlTemplate":"https:\/\/radioljubuski.ba\/?s={search_term_string}"},"query-input":{"@type":"PropertyValueSpecification","valueRequired":true,"valueName":"search_term_string"}}],"inLanguage":"hr"},{"@type":"Organization","@id":"https:\/\/radioljubuski.ba\/#organization","name":"Radio Ljubu\u0161ki","url":"https:\/\/radioljubuski.ba\/","logo":{"@type":"ImageObject","inLanguage":"hr","@id":"https:\/\/radioljubuski.ba\/#\/schema\/logo\/image\/","url":"https:\/\/radioljubuski.ba\/wp-content\/uploads\/2021\/02\/cropped-Radio_Ljubuski_logo1.jpg","contentUrl":"https:\/\/radioljubuski.ba\/wp-content\/uploads\/2021\/02\/cropped-Radio_Ljubuski_logo1.jpg","width":512,"height":512,"caption":"Radio Ljubu\u0161ki"},"image":{"@id":"https:\/\/radioljubuski.ba\/#\/schema\/logo\/image\/"},"sameAs":["https:\/\/www.facebook.com\/Radiio-Ljubuski-1490835324566332","https:\/\/x.com\/radioljubuski","https:\/\/hr.linkedin.com\/company\/radio-ljubuski","https:\/\/www.youtube.com\/channel\/UCHYaeO_n0Db3tjNGudGpXyw"]},{"@type":"Person","@id":"https:\/\/radioljubuski.ba\/#\/schema\/person\/19fc700381a780f69665d7956c469e3b","name":"Radio Ljubu\u0161ki"}]}},"_links":{"self":[{"href":"https:\/\/radioljubuski.ba\/index.php\/wp-json\/wp\/v2\/posts\/68572","targetHints":{"allow":["GET"]}}],"collection":[{"href":"https:\/\/radioljubuski.ba\/index.php\/wp-json\/wp\/v2\/posts"}],"about":[{"href":"https:\/\/radioljubuski.ba\/index.php\/wp-json\/wp\/v2\/types\/post"}],"author":[{"embeddable":true,"href":"https:\/\/radioljubuski.ba\/index.php\/wp-json\/wp\/v2\/users\/2"}],"replies":[{"embeddable":true,"href":"https:\/\/radioljubuski.ba\/index.php\/wp-json\/wp\/v2\/comments?post=68572"}],"version-history":[{"count":1,"href":"https:\/\/radioljubuski.ba\/index.php\/wp-json\/wp\/v2\/posts\/68572\/revisions"}],"predecessor-version":[{"id":68574,"href":"https:\/\/radioljubuski.ba\/index.php\/wp-json\/wp\/v2\/posts\/68572\/revisions\/68574"}],"wp:featuredmedia":[{"embeddable":true,"href":"https:\/\/radioljubuski.ba\/index.php\/wp-json\/wp\/v2\/media\/68573"}],"wp:attachment":[{"href":"https:\/\/radioljubuski.ba\/index.php\/wp-json\/wp\/v2\/media?parent=68572"}],"wp:term":[{"taxonomy":"category","embeddable":true,"href":"https:\/\/radioljubuski.ba\/index.php\/wp-json\/wp\/v2\/categories?post=68572"},{"taxonomy":"post_tag","embeddable":true,"href":"https:\/\/radioljubuski.ba\/index.php\/wp-json\/wp\/v2\/tags?post=68572"}],"curies":[{"name":"wp","href":"https:\/\/api.w.org\/{rel}","templated":true}]}}