{"id":68575,"date":"2021-09-27T11:01:03","date_gmt":"2021-09-27T10:01:03","guid":{"rendered":"https:\/\/radioljubuski.ba\/?p=68575"},"modified":"2021-09-27T11:01:04","modified_gmt":"2021-09-27T10:01:04","slug":"temelji-meduljudske-komunikacije-nova-je-knjiga-prof-dr-zorana-tomica-i-doc-dr-damira-juge","status":"publish","type":"post","link":"https:\/\/radioljubuski.ba\/index.php\/2021\/09\/27\/temelji-meduljudske-komunikacije-nova-je-knjiga-prof-dr-zorana-tomica-i-doc-dr-damira-juge\/","title":{"rendered":"&#8216;Temelji me\u0111uljudske komunikacije&#8217; nova je knjiga prof. dr. Zorana Tomi\u0107a i doc. dr. Damira Juge"},"content":{"rendered":"\n<p>Sveobuhvatan pristup me\u0111uljudskoj komunikaciji zaokru\u017een je u novom djelu i sveu\u010dili\u0161nom ud\u017ebeniku koji su napisali rektor Sveu\u010dili\u0161ta u Mostaru, prof. dr. Zoran Tomi\u0107 i dekan Visoke \u0161kole za komunikacijski menad\u017ement Edward Bernays u Zagrebu doc. dr. Damir Jugo.<\/p>\n\n\n\n<p>Prof. dr. emer. Mario Plenkovi\u0107, za koga se smatra da je otac hrvatske komunikologije, smatra da je sadr\u017eaj knjige komplementaran sli\u010dnim ud\u017ebenicima u svijetu. \u201eZa mene to zna\u010di kako u usavr\u0161avanju svakoga od nas ne treba izbjegavati najbolju svjetsku literaturu ali ni zaobilaziti ovo recentno djelo. Jer samo sintezom najboljih djela mo\u017eemo do\u0107i do optimalnog ili najboljeg komuniciranja.\u201c<\/p>\n\n\n\n<p>Na 647 stranica autori su knjigu koncipirali kroz 26 poglavlja od kojih posebno izdvajamo temelji individualnoga (osobnog) pona\u0161anja, upravljanje odnosima u komunikaciji, interpersonalna komunikacija, verbalna komunikacija, neverbalna komunikacija, aktivno slu\u0161anje, javna komunikacija, komunikacija u malim grupama, komunikacija u organizaciji, suportivna komunikacija\/komunikacija potpore, empatija u komunikaciji, sukob u komunikaciji, persuazija i komunikacija, self-pristupi i komunikacija, upravljanje impresijama, komunikacija na radnome mjestu, etika komuniciranja. Vrijedno je dodati kako su autori u knjizi predstavili i 55 vje\u0161tine i tehnike interpersonalne komunikacije u praksi \u0161to ovoj knjizi daje posebno zna\u010denje.<\/p>\n\n\n\n<p>\u201eTemelji me\u0111uljudske komunikacije nastali su kao potreba za rad sa studentima na brojnim sveu\u010dili\u0161tima i fakultetima. Za pisanje ove knjige kori\u0161tena je top recentna svjetska literatura, ali dio sadr\u017eaja, posebno vje\u0161tine i tehnike, odraz je znanja i iskustva samih autora. Nedvojbeno je kako ovo nije samo knjiga za studente. Ovaj ud\u017ebenik je namijenjen je svakom pojedincu, menad\u017eerima, rukovoditeljima, politi\u010darima, liderima i svima onima koji \u017eele pobolj\u0161ati svoju me\u0111uljudsku komunikaciju. Mnoge osobe me pitaju mo\u017ee li se nau\u010diti komunicirati ili se ra\u0111amo kao talenti za komunikaciju. Mi\u0161ljenja sam da ima talenta ali ja sam sklon u\u010denju i radu. Komunikacija se mo\u017ee nau\u010diti i uspje\u0161na komunikacija mo\u017ee bitno utjecati na kvalitetu \u017eivota svake osobe\u201c, smatra autor knjige Zoran Tomi\u0107.&nbsp;<\/p>\n\n\n\n<p>Damir Jugo napominje da \u0107e ova knjiga odmah u\u0107i u slu\u017ebenu literaturu na brojnim fakultetima. \u201eSve visoko\u0161kolske institucije vape za ovakvim sadr\u017eajem i djelom. Vjerujem kako smo kolega Tomi\u0107 i ja popunili jednu va\u017enu prazninu i omogu\u0107ili studentima ali i svima drugima uvid u najva\u017enije teorijske i prakti\u010dne spoznaje putem kojih se pobolj\u0161ava komunikacija, a time i grade uspje\u0161ni interpersonalni odnosi.\u201c<\/p>\n\n\n\n<p>Izdava\u010di knjige su Sveu\u010dili\u0161te u Mostaru, Sinopsis i Edward Bernays College iz Zagreba. Jedanaest je recenzenata. Radi se o dobro prepoznatljivim imenima s podru\u010dja komunikologije i informacijsko-komunikacijskih znanosti. Mario Plenkovi\u0107, Aleksandar Bogdani\u0107, Najil Kurti\u0107, Damir Kuki\u0107, Danijel Laba\u0161, Smiljana Leinert Novosel, \u0110or\u0111e Obradovi\u0107, Bo\u017eo Skoko, Iko Skoko, i Besim Spahi\u0107. Autori knjige dobro su poznata imena u komunikacijskim znanostima u Bosni i Hercegovini i Hrvatskoj. Prof. dr. Zoran Tomi\u0107 aktualni je rektor Sveu\u010dili\u0161ta u Mostaru, redoviti \u010dlan Europske akademije znanosti i umjetnosti, autor dvadeset knjiga i \u0161est sveu\u010dili\u0161nih ud\u017ebenika, vi\u0161e od 80 znanstvenih i stru\u010dnih radova. Dobitnik je brojnih doma\u0107ih i me\u0111unarodnih priznanja. Doc. dr. Damir Jugo dekan je Visoke \u0161kole za komunikacijski menad\u017ement Edward Bernays iz Zagreba. Autor ud\u017ebenika Menad\u017ement kriznog komuniciranja i Strategije odnosa s javno\u0161\u0107u, te desetke znanstvenih i stru\u010dnih radova. Tako\u0111er nagra\u0111ivan za svoj rad i nastavnik je na vi\u0161e sveu\u010dili\u0161ta (Mostar, Dubrovnik, Zagreb) i visokih \u0161kola.<\/p>\n\n\n\n<p>Izvor:pogled.ba<\/p>\n","protected":false},"excerpt":{"rendered":"<p>Sveobuhvatan pristup me\u0111uljudskoj komunikaciji zaokru\u017een je u novom djelu i sveu\u010dili\u0161nom ud\u017ebeniku koji su napisali rektor Sveu\u010dili\u0161ta u Mostaru, prof. dr. Zoran Tomi\u0107 i dekan Visoke \u0161kole za komunikacijski menad\u017ement Edward Bernays u Zagrebu doc. dr. Damir Jugo. Prof. dr. emer. Mario Plenkovi\u0107, za koga se smatra da je otac hrvatske komunikologije, smatra da je [&hellip;]<\/p>\n","protected":false},"author":2,"featured_media":68576,"comment_status":"closed","ping_status":"closed","sticky":false,"template":"","format":"standard","meta":{"h5ap_radio_sources":[],"footnotes":""},"categories":[1],"tags":[],"class_list":["post-68575","post","type-post","status-publish","format-standard","has-post-thumbnail","hentry","category-bihiregija"],"yoast_head":"<!-- This site is optimized with the Yoast SEO plugin v27.5 - https:\/\/yoast.com\/product\/yoast-seo-wordpress\/ -->\n<title>&#039;Temelji me\u0111uljudske komunikacije&#039; nova je knjiga prof. dr. Zorana Tomi\u0107a i doc. dr. Damira Juge - RADIO LJUBU\u0160KI<\/title>\n<meta name=\"robots\" content=\"index, follow, max-snippet:-1, max-image-preview:large, max-video-preview:-1\" \/>\n<link rel=\"canonical\" href=\"https:\/\/radioljubuski.ba\/index.php\/2021\/09\/27\/temelji-meduljudske-komunikacije-nova-je-knjiga-prof-dr-zorana-tomica-i-doc-dr-damira-juge\/\" \/>\n<meta property=\"og:locale\" content=\"hr_HR\" \/>\n<meta property=\"og:type\" content=\"article\" \/>\n<meta property=\"og:title\" content=\"&#039;Temelji me\u0111uljudske komunikacije&#039; nova je knjiga prof. dr. Zorana Tomi\u0107a i doc. dr. Damira Juge - RADIO LJUBU\u0160KI\" \/>\n<meta property=\"og:description\" content=\"Sveobuhvatan pristup me\u0111uljudskoj komunikaciji zaokru\u017een je u novom djelu i sveu\u010dili\u0161nom ud\u017ebeniku koji su napisali rektor Sveu\u010dili\u0161ta u Mostaru, prof. dr. Zoran Tomi\u0107 i dekan Visoke \u0161kole za komunikacijski menad\u017ement Edward Bernays u Zagrebu doc. dr. Damir Jugo. Prof. dr. emer. Mario Plenkovi\u0107, za koga se smatra da je otac hrvatske komunikologije, smatra da je [&hellip;]\" \/>\n<meta property=\"og:url\" content=\"https:\/\/radioljubuski.ba\/index.php\/2021\/09\/27\/temelji-meduljudske-komunikacije-nova-je-knjiga-prof-dr-zorana-tomica-i-doc-dr-damira-juge\/\" \/>\n<meta property=\"og:site_name\" content=\"RADIO LJUBU\u0160KI\" \/>\n<meta property=\"article:publisher\" content=\"https:\/\/www.facebook.com\/Radiio-Ljubuski-1490835324566332\" \/>\n<meta property=\"article:published_time\" content=\"2021-09-27T10:01:03+00:00\" \/>\n<meta property=\"article:modified_time\" content=\"2021-09-27T10:01:04+00:00\" \/>\n<meta property=\"og:image\" content=\"https:\/\/radioljubuski.ba\/wp-content\/uploads\/2021\/09\/8cb2bf524d6a149accdb2ef057a211a2_M.jpg\" \/>\n\t<meta property=\"og:image:width\" content=\"623\" \/>\n\t<meta property=\"og:image:height\" content=\"383\" \/>\n\t<meta property=\"og:image:type\" content=\"image\/jpeg\" \/>\n<meta name=\"author\" content=\"Radio Ljubu\u0161ki\" \/>\n<meta name=\"twitter:card\" content=\"summary_large_image\" \/>\n<meta name=\"twitter:creator\" content=\"@radioljubuski\" \/>\n<meta name=\"twitter:site\" content=\"@radioljubuski\" \/>\n<meta name=\"twitter:label1\" content=\"Napisao\/la\" \/>\n\t<meta name=\"twitter:data1\" content=\"Radio Ljubu\u0161ki\" \/>\n\t<meta name=\"twitter:label2\" content=\"Procijenjeno vrijeme \u010ditanja\" \/>\n\t<meta name=\"twitter:data2\" content=\"3 minute\" \/>\n<script type=\"application\/ld+json\" class=\"yoast-schema-graph\">{\"@context\":\"https:\\\/\\\/schema.org\",\"@graph\":[{\"@type\":\"Article\",\"@id\":\"https:\\\/\\\/radioljubuski.ba\\\/index.php\\\/2021\\\/09\\\/27\\\/temelji-meduljudske-komunikacije-nova-je-knjiga-prof-dr-zorana-tomica-i-doc-dr-damira-juge\\\/#article\",\"isPartOf\":{\"@id\":\"https:\\\/\\\/radioljubuski.ba\\\/index.php\\\/2021\\\/09\\\/27\\\/temelji-meduljudske-komunikacije-nova-je-knjiga-prof-dr-zorana-tomica-i-doc-dr-damira-juge\\\/\"},\"author\":{\"name\":\"Radio Ljubu\u0161ki\",\"@id\":\"https:\\\/\\\/radioljubuski.ba\\\/#\\\/schema\\\/person\\\/19fc700381a780f69665d7956c469e3b\"},\"headline\":\"&#8216;Temelji me\u0111uljudske komunikacije&#8217; nova je knjiga prof. dr. Zorana Tomi\u0107a i doc. dr. Damira Juge\",\"datePublished\":\"2021-09-27T10:01:03+00:00\",\"dateModified\":\"2021-09-27T10:01:04+00:00\",\"mainEntityOfPage\":{\"@id\":\"https:\\\/\\\/radioljubuski.ba\\\/index.php\\\/2021\\\/09\\\/27\\\/temelji-meduljudske-komunikacije-nova-je-knjiga-prof-dr-zorana-tomica-i-doc-dr-damira-juge\\\/\"},\"wordCount\":603,\"publisher\":{\"@id\":\"https:\\\/\\\/radioljubuski.ba\\\/#organization\"},\"image\":{\"@id\":\"https:\\\/\\\/radioljubuski.ba\\\/index.php\\\/2021\\\/09\\\/27\\\/temelji-meduljudske-komunikacije-nova-je-knjiga-prof-dr-zorana-tomica-i-doc-dr-damira-juge\\\/#primaryimage\"},\"thumbnailUrl\":\"https:\\\/\\\/radioljubuski.ba\\\/wp-content\\\/uploads\\\/2021\\\/09\\\/8cb2bf524d6a149accdb2ef057a211a2_M.jpg\",\"articleSection\":[\"BIH i regija\"],\"inLanguage\":\"hr\"},{\"@type\":\"WebPage\",\"@id\":\"https:\\\/\\\/radioljubuski.ba\\\/index.php\\\/2021\\\/09\\\/27\\\/temelji-meduljudske-komunikacije-nova-je-knjiga-prof-dr-zorana-tomica-i-doc-dr-damira-juge\\\/\",\"url\":\"https:\\\/\\\/radioljubuski.ba\\\/index.php\\\/2021\\\/09\\\/27\\\/temelji-meduljudske-komunikacije-nova-je-knjiga-prof-dr-zorana-tomica-i-doc-dr-damira-juge\\\/\",\"name\":\"'Temelji me\u0111uljudske komunikacije' nova je knjiga prof. dr. Zorana Tomi\u0107a i doc. dr. Damira Juge - RADIO LJUBU\u0160KI\",\"isPartOf\":{\"@id\":\"https:\\\/\\\/radioljubuski.ba\\\/#website\"},\"primaryImageOfPage\":{\"@id\":\"https:\\\/\\\/radioljubuski.ba\\\/index.php\\\/2021\\\/09\\\/27\\\/temelji-meduljudske-komunikacije-nova-je-knjiga-prof-dr-zorana-tomica-i-doc-dr-damira-juge\\\/#primaryimage\"},\"image\":{\"@id\":\"https:\\\/\\\/radioljubuski.ba\\\/index.php\\\/2021\\\/09\\\/27\\\/temelji-meduljudske-komunikacije-nova-je-knjiga-prof-dr-zorana-tomica-i-doc-dr-damira-juge\\\/#primaryimage\"},\"thumbnailUrl\":\"https:\\\/\\\/radioljubuski.ba\\\/wp-content\\\/uploads\\\/2021\\\/09\\\/8cb2bf524d6a149accdb2ef057a211a2_M.jpg\",\"datePublished\":\"2021-09-27T10:01:03+00:00\",\"dateModified\":\"2021-09-27T10:01:04+00:00\",\"breadcrumb\":{\"@id\":\"https:\\\/\\\/radioljubuski.ba\\\/index.php\\\/2021\\\/09\\\/27\\\/temelji-meduljudske-komunikacije-nova-je-knjiga-prof-dr-zorana-tomica-i-doc-dr-damira-juge\\\/#breadcrumb\"},\"inLanguage\":\"hr\",\"potentialAction\":[{\"@type\":\"ReadAction\",\"target\":[\"https:\\\/\\\/radioljubuski.ba\\\/index.php\\\/2021\\\/09\\\/27\\\/temelji-meduljudske-komunikacije-nova-je-knjiga-prof-dr-zorana-tomica-i-doc-dr-damira-juge\\\/\"]}]},{\"@type\":\"ImageObject\",\"inLanguage\":\"hr\",\"@id\":\"https:\\\/\\\/radioljubuski.ba\\\/index.php\\\/2021\\\/09\\\/27\\\/temelji-meduljudske-komunikacije-nova-je-knjiga-prof-dr-zorana-tomica-i-doc-dr-damira-juge\\\/#primaryimage\",\"url\":\"https:\\\/\\\/radioljubuski.ba\\\/wp-content\\\/uploads\\\/2021\\\/09\\\/8cb2bf524d6a149accdb2ef057a211a2_M.jpg\",\"contentUrl\":\"https:\\\/\\\/radioljubuski.ba\\\/wp-content\\\/uploads\\\/2021\\\/09\\\/8cb2bf524d6a149accdb2ef057a211a2_M.jpg\",\"width\":623,\"height\":383},{\"@type\":\"BreadcrumbList\",\"@id\":\"https:\\\/\\\/radioljubuski.ba\\\/index.php\\\/2021\\\/09\\\/27\\\/temelji-meduljudske-komunikacije-nova-je-knjiga-prof-dr-zorana-tomica-i-doc-dr-damira-juge\\\/#breadcrumb\",\"itemListElement\":[{\"@type\":\"ListItem\",\"position\":1,\"name\":\"Po\u010detna stranica\",\"item\":\"https:\\\/\\\/radioljubuski.ba\\\/\"},{\"@type\":\"ListItem\",\"position\":2,\"name\":\"&#8216;Temelji me\u0111uljudske komunikacije&#8217; nova je knjiga prof. dr. Zorana Tomi\u0107a i doc. dr. Damira Juge\"}]},{\"@type\":\"WebSite\",\"@id\":\"https:\\\/\\\/radioljubuski.ba\\\/#website\",\"url\":\"https:\\\/\\\/radioljubuski.ba\\\/\",\"name\":\"Radio Ljubu\u0161ki\",\"description\":\"Sun\u010dana frekvencija Hercegovine\",\"publisher\":{\"@id\":\"https:\\\/\\\/radioljubuski.ba\\\/#organization\"},\"potentialAction\":[{\"@type\":\"SearchAction\",\"target\":{\"@type\":\"EntryPoint\",\"urlTemplate\":\"https:\\\/\\\/radioljubuski.ba\\\/?s={search_term_string}\"},\"query-input\":{\"@type\":\"PropertyValueSpecification\",\"valueRequired\":true,\"valueName\":\"search_term_string\"}}],\"inLanguage\":\"hr\"},{\"@type\":\"Organization\",\"@id\":\"https:\\\/\\\/radioljubuski.ba\\\/#organization\",\"name\":\"Radio Ljubu\u0161ki\",\"url\":\"https:\\\/\\\/radioljubuski.ba\\\/\",\"logo\":{\"@type\":\"ImageObject\",\"inLanguage\":\"hr\",\"@id\":\"https:\\\/\\\/radioljubuski.ba\\\/#\\\/schema\\\/logo\\\/image\\\/\",\"url\":\"https:\\\/\\\/radioljubuski.ba\\\/wp-content\\\/uploads\\\/2021\\\/02\\\/cropped-Radio_Ljubuski_logo1.jpg\",\"contentUrl\":\"https:\\\/\\\/radioljubuski.ba\\\/wp-content\\\/uploads\\\/2021\\\/02\\\/cropped-Radio_Ljubuski_logo1.jpg\",\"width\":512,\"height\":512,\"caption\":\"Radio Ljubu\u0161ki\"},\"image\":{\"@id\":\"https:\\\/\\\/radioljubuski.ba\\\/#\\\/schema\\\/logo\\\/image\\\/\"},\"sameAs\":[\"https:\\\/\\\/www.facebook.com\\\/Radiio-Ljubuski-1490835324566332\",\"https:\\\/\\\/x.com\\\/radioljubuski\",\"https:\\\/\\\/hr.linkedin.com\\\/company\\\/radio-ljubuski\",\"https:\\\/\\\/www.youtube.com\\\/channel\\\/UCHYaeO_n0Db3tjNGudGpXyw\"]},{\"@type\":\"Person\",\"@id\":\"https:\\\/\\\/radioljubuski.ba\\\/#\\\/schema\\\/person\\\/19fc700381a780f69665d7956c469e3b\",\"name\":\"Radio Ljubu\u0161ki\"}]}<\/script>\n<!-- \/ Yoast SEO plugin. -->","yoast_head_json":{"title":"'Temelji me\u0111uljudske komunikacije' nova je knjiga prof. dr. Zorana Tomi\u0107a i doc. dr. Damira Juge - RADIO LJUBU\u0160KI","robots":{"index":"index","follow":"follow","max-snippet":"max-snippet:-1","max-image-preview":"max-image-preview:large","max-video-preview":"max-video-preview:-1"},"canonical":"https:\/\/radioljubuski.ba\/index.php\/2021\/09\/27\/temelji-meduljudske-komunikacije-nova-je-knjiga-prof-dr-zorana-tomica-i-doc-dr-damira-juge\/","og_locale":"hr_HR","og_type":"article","og_title":"'Temelji me\u0111uljudske komunikacije' nova je knjiga prof. dr. Zorana Tomi\u0107a i doc. dr. Damira Juge - RADIO LJUBU\u0160KI","og_description":"Sveobuhvatan pristup me\u0111uljudskoj komunikaciji zaokru\u017een je u novom djelu i sveu\u010dili\u0161nom ud\u017ebeniku koji su napisali rektor Sveu\u010dili\u0161ta u Mostaru, prof. dr. Zoran Tomi\u0107 i dekan Visoke \u0161kole za komunikacijski menad\u017ement Edward Bernays u Zagrebu doc. dr. Damir Jugo. Prof. dr. emer. Mario Plenkovi\u0107, za koga se smatra da je otac hrvatske komunikologije, smatra da je [&hellip;]","og_url":"https:\/\/radioljubuski.ba\/index.php\/2021\/09\/27\/temelji-meduljudske-komunikacije-nova-je-knjiga-prof-dr-zorana-tomica-i-doc-dr-damira-juge\/","og_site_name":"RADIO LJUBU\u0160KI","article_publisher":"https:\/\/www.facebook.com\/Radiio-Ljubuski-1490835324566332","article_published_time":"2021-09-27T10:01:03+00:00","article_modified_time":"2021-09-27T10:01:04+00:00","og_image":[{"width":623,"height":383,"url":"https:\/\/radioljubuski.ba\/wp-content\/uploads\/2021\/09\/8cb2bf524d6a149accdb2ef057a211a2_M.jpg","type":"image\/jpeg"}],"author":"Radio Ljubu\u0161ki","twitter_card":"summary_large_image","twitter_creator":"@radioljubuski","twitter_site":"@radioljubuski","twitter_misc":{"Napisao\/la":"Radio Ljubu\u0161ki","Procijenjeno vrijeme \u010ditanja":"3 minute"},"schema":{"@context":"https:\/\/schema.org","@graph":[{"@type":"Article","@id":"https:\/\/radioljubuski.ba\/index.php\/2021\/09\/27\/temelji-meduljudske-komunikacije-nova-je-knjiga-prof-dr-zorana-tomica-i-doc-dr-damira-juge\/#article","isPartOf":{"@id":"https:\/\/radioljubuski.ba\/index.php\/2021\/09\/27\/temelji-meduljudske-komunikacije-nova-je-knjiga-prof-dr-zorana-tomica-i-doc-dr-damira-juge\/"},"author":{"name":"Radio Ljubu\u0161ki","@id":"https:\/\/radioljubuski.ba\/#\/schema\/person\/19fc700381a780f69665d7956c469e3b"},"headline":"&#8216;Temelji me\u0111uljudske komunikacije&#8217; nova je knjiga prof. dr. Zorana Tomi\u0107a i doc. dr. Damira Juge","datePublished":"2021-09-27T10:01:03+00:00","dateModified":"2021-09-27T10:01:04+00:00","mainEntityOfPage":{"@id":"https:\/\/radioljubuski.ba\/index.php\/2021\/09\/27\/temelji-meduljudske-komunikacije-nova-je-knjiga-prof-dr-zorana-tomica-i-doc-dr-damira-juge\/"},"wordCount":603,"publisher":{"@id":"https:\/\/radioljubuski.ba\/#organization"},"image":{"@id":"https:\/\/radioljubuski.ba\/index.php\/2021\/09\/27\/temelji-meduljudske-komunikacije-nova-je-knjiga-prof-dr-zorana-tomica-i-doc-dr-damira-juge\/#primaryimage"},"thumbnailUrl":"https:\/\/radioljubuski.ba\/wp-content\/uploads\/2021\/09\/8cb2bf524d6a149accdb2ef057a211a2_M.jpg","articleSection":["BIH i regija"],"inLanguage":"hr"},{"@type":"WebPage","@id":"https:\/\/radioljubuski.ba\/index.php\/2021\/09\/27\/temelji-meduljudske-komunikacije-nova-je-knjiga-prof-dr-zorana-tomica-i-doc-dr-damira-juge\/","url":"https:\/\/radioljubuski.ba\/index.php\/2021\/09\/27\/temelji-meduljudske-komunikacije-nova-je-knjiga-prof-dr-zorana-tomica-i-doc-dr-damira-juge\/","name":"'Temelji me\u0111uljudske komunikacije' nova je knjiga prof. dr. Zorana Tomi\u0107a i doc. dr. Damira Juge - RADIO LJUBU\u0160KI","isPartOf":{"@id":"https:\/\/radioljubuski.ba\/#website"},"primaryImageOfPage":{"@id":"https:\/\/radioljubuski.ba\/index.php\/2021\/09\/27\/temelji-meduljudske-komunikacije-nova-je-knjiga-prof-dr-zorana-tomica-i-doc-dr-damira-juge\/#primaryimage"},"image":{"@id":"https:\/\/radioljubuski.ba\/index.php\/2021\/09\/27\/temelji-meduljudske-komunikacije-nova-je-knjiga-prof-dr-zorana-tomica-i-doc-dr-damira-juge\/#primaryimage"},"thumbnailUrl":"https:\/\/radioljubuski.ba\/wp-content\/uploads\/2021\/09\/8cb2bf524d6a149accdb2ef057a211a2_M.jpg","datePublished":"2021-09-27T10:01:03+00:00","dateModified":"2021-09-27T10:01:04+00:00","breadcrumb":{"@id":"https:\/\/radioljubuski.ba\/index.php\/2021\/09\/27\/temelji-meduljudske-komunikacije-nova-je-knjiga-prof-dr-zorana-tomica-i-doc-dr-damira-juge\/#breadcrumb"},"inLanguage":"hr","potentialAction":[{"@type":"ReadAction","target":["https:\/\/radioljubuski.ba\/index.php\/2021\/09\/27\/temelji-meduljudske-komunikacije-nova-je-knjiga-prof-dr-zorana-tomica-i-doc-dr-damira-juge\/"]}]},{"@type":"ImageObject","inLanguage":"hr","@id":"https:\/\/radioljubuski.ba\/index.php\/2021\/09\/27\/temelji-meduljudske-komunikacije-nova-je-knjiga-prof-dr-zorana-tomica-i-doc-dr-damira-juge\/#primaryimage","url":"https:\/\/radioljubuski.ba\/wp-content\/uploads\/2021\/09\/8cb2bf524d6a149accdb2ef057a211a2_M.jpg","contentUrl":"https:\/\/radioljubuski.ba\/wp-content\/uploads\/2021\/09\/8cb2bf524d6a149accdb2ef057a211a2_M.jpg","width":623,"height":383},{"@type":"BreadcrumbList","@id":"https:\/\/radioljubuski.ba\/index.php\/2021\/09\/27\/temelji-meduljudske-komunikacije-nova-je-knjiga-prof-dr-zorana-tomica-i-doc-dr-damira-juge\/#breadcrumb","itemListElement":[{"@type":"ListItem","position":1,"name":"Po\u010detna stranica","item":"https:\/\/radioljubuski.ba\/"},{"@type":"ListItem","position":2,"name":"&#8216;Temelji me\u0111uljudske komunikacije&#8217; nova je knjiga prof. dr. Zorana Tomi\u0107a i doc. dr. Damira Juge"}]},{"@type":"WebSite","@id":"https:\/\/radioljubuski.ba\/#website","url":"https:\/\/radioljubuski.ba\/","name":"Radio Ljubu\u0161ki","description":"Sun\u010dana frekvencija Hercegovine","publisher":{"@id":"https:\/\/radioljubuski.ba\/#organization"},"potentialAction":[{"@type":"SearchAction","target":{"@type":"EntryPoint","urlTemplate":"https:\/\/radioljubuski.ba\/?s={search_term_string}"},"query-input":{"@type":"PropertyValueSpecification","valueRequired":true,"valueName":"search_term_string"}}],"inLanguage":"hr"},{"@type":"Organization","@id":"https:\/\/radioljubuski.ba\/#organization","name":"Radio Ljubu\u0161ki","url":"https:\/\/radioljubuski.ba\/","logo":{"@type":"ImageObject","inLanguage":"hr","@id":"https:\/\/radioljubuski.ba\/#\/schema\/logo\/image\/","url":"https:\/\/radioljubuski.ba\/wp-content\/uploads\/2021\/02\/cropped-Radio_Ljubuski_logo1.jpg","contentUrl":"https:\/\/radioljubuski.ba\/wp-content\/uploads\/2021\/02\/cropped-Radio_Ljubuski_logo1.jpg","width":512,"height":512,"caption":"Radio Ljubu\u0161ki"},"image":{"@id":"https:\/\/radioljubuski.ba\/#\/schema\/logo\/image\/"},"sameAs":["https:\/\/www.facebook.com\/Radiio-Ljubuski-1490835324566332","https:\/\/x.com\/radioljubuski","https:\/\/hr.linkedin.com\/company\/radio-ljubuski","https:\/\/www.youtube.com\/channel\/UCHYaeO_n0Db3tjNGudGpXyw"]},{"@type":"Person","@id":"https:\/\/radioljubuski.ba\/#\/schema\/person\/19fc700381a780f69665d7956c469e3b","name":"Radio Ljubu\u0161ki"}]}},"_links":{"self":[{"href":"https:\/\/radioljubuski.ba\/index.php\/wp-json\/wp\/v2\/posts\/68575","targetHints":{"allow":["GET"]}}],"collection":[{"href":"https:\/\/radioljubuski.ba\/index.php\/wp-json\/wp\/v2\/posts"}],"about":[{"href":"https:\/\/radioljubuski.ba\/index.php\/wp-json\/wp\/v2\/types\/post"}],"author":[{"embeddable":true,"href":"https:\/\/radioljubuski.ba\/index.php\/wp-json\/wp\/v2\/users\/2"}],"replies":[{"embeddable":true,"href":"https:\/\/radioljubuski.ba\/index.php\/wp-json\/wp\/v2\/comments?post=68575"}],"version-history":[{"count":1,"href":"https:\/\/radioljubuski.ba\/index.php\/wp-json\/wp\/v2\/posts\/68575\/revisions"}],"predecessor-version":[{"id":68577,"href":"https:\/\/radioljubuski.ba\/index.php\/wp-json\/wp\/v2\/posts\/68575\/revisions\/68577"}],"wp:featuredmedia":[{"embeddable":true,"href":"https:\/\/radioljubuski.ba\/index.php\/wp-json\/wp\/v2\/media\/68576"}],"wp:attachment":[{"href":"https:\/\/radioljubuski.ba\/index.php\/wp-json\/wp\/v2\/media?parent=68575"}],"wp:term":[{"taxonomy":"category","embeddable":true,"href":"https:\/\/radioljubuski.ba\/index.php\/wp-json\/wp\/v2\/categories?post=68575"},{"taxonomy":"post_tag","embeddable":true,"href":"https:\/\/radioljubuski.ba\/index.php\/wp-json\/wp\/v2\/tags?post=68575"}],"curies":[{"name":"wp","href":"https:\/\/api.w.org\/{rel}","templated":true}]}}