{"id":68584,"date":"2021-09-27T11:05:02","date_gmt":"2021-09-27T10:05:02","guid":{"rendered":"https:\/\/radioljubuski.ba\/?p=68584"},"modified":"2021-09-27T11:05:03","modified_gmt":"2021-09-27T10:05:03","slug":"sef-policije-o-stanju-ubojice-djece-u-bolnici-je-tamo-je-policija-jos-nije-uhicen","status":"publish","type":"post","link":"https:\/\/radioljubuski.ba\/index.php\/2021\/09\/27\/sef-policije-o-stanju-ubojice-djece-u-bolnici-je-tamo-je-policija-jos-nije-uhicen\/","title":{"rendered":"\u0160ef policije o stanju ubojice djece: U bolnici je, tamo je policija. Jo\u0161 nije uhi\u0107en"},"content":{"rendered":"\n<p>\u0160ef policije Nikola Milina komentirao je situaciju oko oca koji je u subotu ubio troje djece u zagreba\u010dkim Mlinovima, pi\u0161u hrvatski mediji.<\/p>\n\n\n\n<p>On je jo\u0161 u bolnici.<\/p>\n\n\n\n<p>&#8220;Osoba je pod lije\u010dni\u010dkim nadzorom, policija je stalno u bolnici. Kad bude otpu\u0161ten, nastavit \u0107emo kriminalisti\u010dko istra\u017eivanje. Do tada skupljamo obavijesti, provodimo radnje da do kraja rasvijetlimo ovaj jedan od najgorih zlo\u010dina u Hrvatskoj&#8221;, rekao je Milina.<\/p>\n\n\n\n<p>&#8220;Nemamo postupanja prema po\u010dinitelju od ranije, nije bilo nikakvih kaznenih djela. Sad sve prikupljamo od svih osoba koje mogu dati neke obavijesti. Procedura je poznata, provest \u0107emo krim istra\u017eivanje, onda ide privo\u0111enje. On jo\u0161 nije uhi\u0107en, bit \u0107e uhi\u0107en kad ga se pusti iz bolnice&#8221;, rekao je Nikola Milina. Dodao je da ne ovisi o policiji ho\u0107e li zavr\u0161iti u psihijatrijskoj bolnici.<\/p>\n\n\n\n<p>Izvor:pogled.ba<\/p>\n","protected":false},"excerpt":{"rendered":"<p>\u0160ef policije Nikola Milina komentirao je situaciju oko oca koji je u subotu ubio troje djece u zagreba\u010dkim Mlinovima, pi\u0161u hrvatski mediji. On je jo\u0161 u bolnici. &#8220;Osoba je pod lije\u010dni\u010dkim nadzorom, policija je stalno u bolnici. Kad bude otpu\u0161ten, nastavit \u0107emo kriminalisti\u010dko istra\u017eivanje. Do tada skupljamo obavijesti, provodimo radnje da do kraja rasvijetlimo ovaj [&hellip;]<\/p>\n","protected":false},"author":2,"featured_media":0,"comment_status":"closed","ping_status":"closed","sticky":false,"template":"","format":"standard","meta":{"h5ap_radio_sources":[],"footnotes":""},"categories":[1],"tags":[],"class_list":["post-68584","post","type-post","status-publish","format-standard","hentry","category-bihiregija"],"yoast_head":"<!-- This site is optimized with the Yoast SEO plugin v27.5 - https:\/\/yoast.com\/product\/yoast-seo-wordpress\/ -->\n<title>\u0160ef policije o stanju ubojice djece: U bolnici je, tamo je policija. Jo\u0161 nije uhi\u0107en - RADIO LJUBU\u0160KI<\/title>\n<meta name=\"robots\" content=\"index, follow, max-snippet:-1, max-image-preview:large, max-video-preview:-1\" \/>\n<link rel=\"canonical\" href=\"https:\/\/radioljubuski.ba\/index.php\/2021\/09\/27\/sef-policije-o-stanju-ubojice-djece-u-bolnici-je-tamo-je-policija-jos-nije-uhicen\/\" \/>\n<meta property=\"og:locale\" content=\"hr_HR\" \/>\n<meta property=\"og:type\" content=\"article\" \/>\n<meta property=\"og:title\" content=\"\u0160ef policije o stanju ubojice djece: U bolnici je, tamo je policija. Jo\u0161 nije uhi\u0107en - RADIO LJUBU\u0160KI\" \/>\n<meta property=\"og:description\" content=\"\u0160ef policije Nikola Milina komentirao je situaciju oko oca koji je u subotu ubio troje djece u zagreba\u010dkim Mlinovima, pi\u0161u hrvatski mediji. On je jo\u0161 u bolnici. &#8220;Osoba je pod lije\u010dni\u010dkim nadzorom, policija je stalno u bolnici. Kad bude otpu\u0161ten, nastavit \u0107emo kriminalisti\u010dko istra\u017eivanje. Do tada skupljamo obavijesti, provodimo radnje da do kraja rasvijetlimo ovaj [&hellip;]\" \/>\n<meta property=\"og:url\" content=\"https:\/\/radioljubuski.ba\/index.php\/2021\/09\/27\/sef-policije-o-stanju-ubojice-djece-u-bolnici-je-tamo-je-policija-jos-nije-uhicen\/\" \/>\n<meta property=\"og:site_name\" content=\"RADIO LJUBU\u0160KI\" \/>\n<meta property=\"article:publisher\" content=\"https:\/\/www.facebook.com\/Radiio-Ljubuski-1490835324566332\" \/>\n<meta property=\"article:published_time\" content=\"2021-09-27T10:05:02+00:00\" \/>\n<meta property=\"article:modified_time\" content=\"2021-09-27T10:05:03+00:00\" \/>\n<meta property=\"og:image\" content=\"https:\/\/radioljubuski.ba\/wp-content\/uploads\/2021\/09\/8-2021-09-25-10-26-23-ZAGREB-UBOJSTVO-1.jpg\" \/>\n\t<meta property=\"og:image:width\" content=\"1000\" \/>\n\t<meta property=\"og:image:height\" content=\"625\" \/>\n\t<meta property=\"og:image:type\" content=\"image\/jpeg\" \/>\n<meta name=\"author\" content=\"Radio Ljubu\u0161ki\" \/>\n<meta name=\"twitter:card\" content=\"summary_large_image\" \/>\n<meta name=\"twitter:creator\" content=\"@radioljubuski\" \/>\n<meta name=\"twitter:site\" content=\"@radioljubuski\" \/>\n<meta name=\"twitter:label1\" content=\"Napisao\/la\" \/>\n\t<meta name=\"twitter:data1\" content=\"Radio Ljubu\u0161ki\" \/>\n\t<meta name=\"twitter:label2\" content=\"Procijenjeno vrijeme \u010ditanja\" \/>\n\t<meta name=\"twitter:data2\" content=\"1 minuta\" \/>\n<script type=\"application\/ld+json\" class=\"yoast-schema-graph\">{\"@context\":\"https:\\\/\\\/schema.org\",\"@graph\":[{\"@type\":\"Article\",\"@id\":\"https:\\\/\\\/radioljubuski.ba\\\/index.php\\\/2021\\\/09\\\/27\\\/sef-policije-o-stanju-ubojice-djece-u-bolnici-je-tamo-je-policija-jos-nije-uhicen\\\/#article\",\"isPartOf\":{\"@id\":\"https:\\\/\\\/radioljubuski.ba\\\/index.php\\\/2021\\\/09\\\/27\\\/sef-policije-o-stanju-ubojice-djece-u-bolnici-je-tamo-je-policija-jos-nije-uhicen\\\/\"},\"author\":{\"name\":\"Radio Ljubu\u0161ki\",\"@id\":\"https:\\\/\\\/radioljubuski.ba\\\/#\\\/schema\\\/person\\\/19fc700381a780f69665d7956c469e3b\"},\"headline\":\"\u0160ef policije o stanju ubojice djece: U bolnici je, tamo je policija. Jo\u0161 nije uhi\u0107en\",\"datePublished\":\"2021-09-27T10:05:02+00:00\",\"dateModified\":\"2021-09-27T10:05:03+00:00\",\"mainEntityOfPage\":{\"@id\":\"https:\\\/\\\/radioljubuski.ba\\\/index.php\\\/2021\\\/09\\\/27\\\/sef-policije-o-stanju-ubojice-djece-u-bolnici-je-tamo-je-policija-jos-nije-uhicen\\\/\"},\"wordCount\":160,\"publisher\":{\"@id\":\"https:\\\/\\\/radioljubuski.ba\\\/#organization\"},\"articleSection\":[\"BIH i regija\"],\"inLanguage\":\"hr\"},{\"@type\":\"WebPage\",\"@id\":\"https:\\\/\\\/radioljubuski.ba\\\/index.php\\\/2021\\\/09\\\/27\\\/sef-policije-o-stanju-ubojice-djece-u-bolnici-je-tamo-je-policija-jos-nije-uhicen\\\/\",\"url\":\"https:\\\/\\\/radioljubuski.ba\\\/index.php\\\/2021\\\/09\\\/27\\\/sef-policije-o-stanju-ubojice-djece-u-bolnici-je-tamo-je-policija-jos-nije-uhicen\\\/\",\"name\":\"\u0160ef policije o stanju ubojice djece: U bolnici je, tamo je policija. Jo\u0161 nije uhi\u0107en - RADIO LJUBU\u0160KI\",\"isPartOf\":{\"@id\":\"https:\\\/\\\/radioljubuski.ba\\\/#website\"},\"datePublished\":\"2021-09-27T10:05:02+00:00\",\"dateModified\":\"2021-09-27T10:05:03+00:00\",\"breadcrumb\":{\"@id\":\"https:\\\/\\\/radioljubuski.ba\\\/index.php\\\/2021\\\/09\\\/27\\\/sef-policije-o-stanju-ubojice-djece-u-bolnici-je-tamo-je-policija-jos-nije-uhicen\\\/#breadcrumb\"},\"inLanguage\":\"hr\",\"potentialAction\":[{\"@type\":\"ReadAction\",\"target\":[\"https:\\\/\\\/radioljubuski.ba\\\/index.php\\\/2021\\\/09\\\/27\\\/sef-policije-o-stanju-ubojice-djece-u-bolnici-je-tamo-je-policija-jos-nije-uhicen\\\/\"]}]},{\"@type\":\"BreadcrumbList\",\"@id\":\"https:\\\/\\\/radioljubuski.ba\\\/index.php\\\/2021\\\/09\\\/27\\\/sef-policije-o-stanju-ubojice-djece-u-bolnici-je-tamo-je-policija-jos-nije-uhicen\\\/#breadcrumb\",\"itemListElement\":[{\"@type\":\"ListItem\",\"position\":1,\"name\":\"Po\u010detna stranica\",\"item\":\"https:\\\/\\\/radioljubuski.ba\\\/\"},{\"@type\":\"ListItem\",\"position\":2,\"name\":\"\u0160ef policije o stanju ubojice djece: U bolnici je, tamo je policija. Jo\u0161 nije uhi\u0107en\"}]},{\"@type\":\"WebSite\",\"@id\":\"https:\\\/\\\/radioljubuski.ba\\\/#website\",\"url\":\"https:\\\/\\\/radioljubuski.ba\\\/\",\"name\":\"Radio Ljubu\u0161ki\",\"description\":\"Sun\u010dana frekvencija Hercegovine\",\"publisher\":{\"@id\":\"https:\\\/\\\/radioljubuski.ba\\\/#organization\"},\"potentialAction\":[{\"@type\":\"SearchAction\",\"target\":{\"@type\":\"EntryPoint\",\"urlTemplate\":\"https:\\\/\\\/radioljubuski.ba\\\/?s={search_term_string}\"},\"query-input\":{\"@type\":\"PropertyValueSpecification\",\"valueRequired\":true,\"valueName\":\"search_term_string\"}}],\"inLanguage\":\"hr\"},{\"@type\":\"Organization\",\"@id\":\"https:\\\/\\\/radioljubuski.ba\\\/#organization\",\"name\":\"Radio Ljubu\u0161ki\",\"url\":\"https:\\\/\\\/radioljubuski.ba\\\/\",\"logo\":{\"@type\":\"ImageObject\",\"inLanguage\":\"hr\",\"@id\":\"https:\\\/\\\/radioljubuski.ba\\\/#\\\/schema\\\/logo\\\/image\\\/\",\"url\":\"https:\\\/\\\/radioljubuski.ba\\\/wp-content\\\/uploads\\\/2021\\\/02\\\/cropped-Radio_Ljubuski_logo1.jpg\",\"contentUrl\":\"https:\\\/\\\/radioljubuski.ba\\\/wp-content\\\/uploads\\\/2021\\\/02\\\/cropped-Radio_Ljubuski_logo1.jpg\",\"width\":512,\"height\":512,\"caption\":\"Radio Ljubu\u0161ki\"},\"image\":{\"@id\":\"https:\\\/\\\/radioljubuski.ba\\\/#\\\/schema\\\/logo\\\/image\\\/\"},\"sameAs\":[\"https:\\\/\\\/www.facebook.com\\\/Radiio-Ljubuski-1490835324566332\",\"https:\\\/\\\/x.com\\\/radioljubuski\",\"https:\\\/\\\/hr.linkedin.com\\\/company\\\/radio-ljubuski\",\"https:\\\/\\\/www.youtube.com\\\/channel\\\/UCHYaeO_n0Db3tjNGudGpXyw\"]},{\"@type\":\"Person\",\"@id\":\"https:\\\/\\\/radioljubuski.ba\\\/#\\\/schema\\\/person\\\/19fc700381a780f69665d7956c469e3b\",\"name\":\"Radio Ljubu\u0161ki\"}]}<\/script>\n<!-- \/ Yoast SEO plugin. -->","yoast_head_json":{"title":"\u0160ef policije o stanju ubojice djece: U bolnici je, tamo je policija. Jo\u0161 nije uhi\u0107en - RADIO LJUBU\u0160KI","robots":{"index":"index","follow":"follow","max-snippet":"max-snippet:-1","max-image-preview":"max-image-preview:large","max-video-preview":"max-video-preview:-1"},"canonical":"https:\/\/radioljubuski.ba\/index.php\/2021\/09\/27\/sef-policije-o-stanju-ubojice-djece-u-bolnici-je-tamo-je-policija-jos-nije-uhicen\/","og_locale":"hr_HR","og_type":"article","og_title":"\u0160ef policije o stanju ubojice djece: U bolnici je, tamo je policija. Jo\u0161 nije uhi\u0107en - RADIO LJUBU\u0160KI","og_description":"\u0160ef policije Nikola Milina komentirao je situaciju oko oca koji je u subotu ubio troje djece u zagreba\u010dkim Mlinovima, pi\u0161u hrvatski mediji. On je jo\u0161 u bolnici. &#8220;Osoba je pod lije\u010dni\u010dkim nadzorom, policija je stalno u bolnici. Kad bude otpu\u0161ten, nastavit \u0107emo kriminalisti\u010dko istra\u017eivanje. Do tada skupljamo obavijesti, provodimo radnje da do kraja rasvijetlimo ovaj [&hellip;]","og_url":"https:\/\/radioljubuski.ba\/index.php\/2021\/09\/27\/sef-policije-o-stanju-ubojice-djece-u-bolnici-je-tamo-je-policija-jos-nije-uhicen\/","og_site_name":"RADIO LJUBU\u0160KI","article_publisher":"https:\/\/www.facebook.com\/Radiio-Ljubuski-1490835324566332","article_published_time":"2021-09-27T10:05:02+00:00","article_modified_time":"2021-09-27T10:05:03+00:00","og_image":[{"width":1000,"height":625,"url":"https:\/\/radioljubuski.ba\/wp-content\/uploads\/2021\/09\/8-2021-09-25-10-26-23-ZAGREB-UBOJSTVO-1.jpg","type":"image\/jpeg"}],"author":"Radio Ljubu\u0161ki","twitter_card":"summary_large_image","twitter_creator":"@radioljubuski","twitter_site":"@radioljubuski","twitter_misc":{"Napisao\/la":"Radio Ljubu\u0161ki","Procijenjeno vrijeme \u010ditanja":"1 minuta"},"schema":{"@context":"https:\/\/schema.org","@graph":[{"@type":"Article","@id":"https:\/\/radioljubuski.ba\/index.php\/2021\/09\/27\/sef-policije-o-stanju-ubojice-djece-u-bolnici-je-tamo-je-policija-jos-nije-uhicen\/#article","isPartOf":{"@id":"https:\/\/radioljubuski.ba\/index.php\/2021\/09\/27\/sef-policije-o-stanju-ubojice-djece-u-bolnici-je-tamo-je-policija-jos-nije-uhicen\/"},"author":{"name":"Radio Ljubu\u0161ki","@id":"https:\/\/radioljubuski.ba\/#\/schema\/person\/19fc700381a780f69665d7956c469e3b"},"headline":"\u0160ef policije o stanju ubojice djece: U bolnici je, tamo je policija. Jo\u0161 nije uhi\u0107en","datePublished":"2021-09-27T10:05:02+00:00","dateModified":"2021-09-27T10:05:03+00:00","mainEntityOfPage":{"@id":"https:\/\/radioljubuski.ba\/index.php\/2021\/09\/27\/sef-policije-o-stanju-ubojice-djece-u-bolnici-je-tamo-je-policija-jos-nije-uhicen\/"},"wordCount":160,"publisher":{"@id":"https:\/\/radioljubuski.ba\/#organization"},"articleSection":["BIH i regija"],"inLanguage":"hr"},{"@type":"WebPage","@id":"https:\/\/radioljubuski.ba\/index.php\/2021\/09\/27\/sef-policije-o-stanju-ubojice-djece-u-bolnici-je-tamo-je-policija-jos-nije-uhicen\/","url":"https:\/\/radioljubuski.ba\/index.php\/2021\/09\/27\/sef-policije-o-stanju-ubojice-djece-u-bolnici-je-tamo-je-policija-jos-nije-uhicen\/","name":"\u0160ef policije o stanju ubojice djece: U bolnici je, tamo je policija. Jo\u0161 nije uhi\u0107en - RADIO LJUBU\u0160KI","isPartOf":{"@id":"https:\/\/radioljubuski.ba\/#website"},"datePublished":"2021-09-27T10:05:02+00:00","dateModified":"2021-09-27T10:05:03+00:00","breadcrumb":{"@id":"https:\/\/radioljubuski.ba\/index.php\/2021\/09\/27\/sef-policije-o-stanju-ubojice-djece-u-bolnici-je-tamo-je-policija-jos-nije-uhicen\/#breadcrumb"},"inLanguage":"hr","potentialAction":[{"@type":"ReadAction","target":["https:\/\/radioljubuski.ba\/index.php\/2021\/09\/27\/sef-policije-o-stanju-ubojice-djece-u-bolnici-je-tamo-je-policija-jos-nije-uhicen\/"]}]},{"@type":"BreadcrumbList","@id":"https:\/\/radioljubuski.ba\/index.php\/2021\/09\/27\/sef-policije-o-stanju-ubojice-djece-u-bolnici-je-tamo-je-policija-jos-nije-uhicen\/#breadcrumb","itemListElement":[{"@type":"ListItem","position":1,"name":"Po\u010detna stranica","item":"https:\/\/radioljubuski.ba\/"},{"@type":"ListItem","position":2,"name":"\u0160ef policije o stanju ubojice djece: U bolnici je, tamo je policija. Jo\u0161 nije uhi\u0107en"}]},{"@type":"WebSite","@id":"https:\/\/radioljubuski.ba\/#website","url":"https:\/\/radioljubuski.ba\/","name":"Radio Ljubu\u0161ki","description":"Sun\u010dana frekvencija Hercegovine","publisher":{"@id":"https:\/\/radioljubuski.ba\/#organization"},"potentialAction":[{"@type":"SearchAction","target":{"@type":"EntryPoint","urlTemplate":"https:\/\/radioljubuski.ba\/?s={search_term_string}"},"query-input":{"@type":"PropertyValueSpecification","valueRequired":true,"valueName":"search_term_string"}}],"inLanguage":"hr"},{"@type":"Organization","@id":"https:\/\/radioljubuski.ba\/#organization","name":"Radio Ljubu\u0161ki","url":"https:\/\/radioljubuski.ba\/","logo":{"@type":"ImageObject","inLanguage":"hr","@id":"https:\/\/radioljubuski.ba\/#\/schema\/logo\/image\/","url":"https:\/\/radioljubuski.ba\/wp-content\/uploads\/2021\/02\/cropped-Radio_Ljubuski_logo1.jpg","contentUrl":"https:\/\/radioljubuski.ba\/wp-content\/uploads\/2021\/02\/cropped-Radio_Ljubuski_logo1.jpg","width":512,"height":512,"caption":"Radio Ljubu\u0161ki"},"image":{"@id":"https:\/\/radioljubuski.ba\/#\/schema\/logo\/image\/"},"sameAs":["https:\/\/www.facebook.com\/Radiio-Ljubuski-1490835324566332","https:\/\/x.com\/radioljubuski","https:\/\/hr.linkedin.com\/company\/radio-ljubuski","https:\/\/www.youtube.com\/channel\/UCHYaeO_n0Db3tjNGudGpXyw"]},{"@type":"Person","@id":"https:\/\/radioljubuski.ba\/#\/schema\/person\/19fc700381a780f69665d7956c469e3b","name":"Radio Ljubu\u0161ki"}]}},"_links":{"self":[{"href":"https:\/\/radioljubuski.ba\/index.php\/wp-json\/wp\/v2\/posts\/68584","targetHints":{"allow":["GET"]}}],"collection":[{"href":"https:\/\/radioljubuski.ba\/index.php\/wp-json\/wp\/v2\/posts"}],"about":[{"href":"https:\/\/radioljubuski.ba\/index.php\/wp-json\/wp\/v2\/types\/post"}],"author":[{"embeddable":true,"href":"https:\/\/radioljubuski.ba\/index.php\/wp-json\/wp\/v2\/users\/2"}],"replies":[{"embeddable":true,"href":"https:\/\/radioljubuski.ba\/index.php\/wp-json\/wp\/v2\/comments?post=68584"}],"version-history":[{"count":1,"href":"https:\/\/radioljubuski.ba\/index.php\/wp-json\/wp\/v2\/posts\/68584\/revisions"}],"predecessor-version":[{"id":68586,"href":"https:\/\/radioljubuski.ba\/index.php\/wp-json\/wp\/v2\/posts\/68584\/revisions\/68586"}],"wp:attachment":[{"href":"https:\/\/radioljubuski.ba\/index.php\/wp-json\/wp\/v2\/media?parent=68584"}],"wp:term":[{"taxonomy":"category","embeddable":true,"href":"https:\/\/radioljubuski.ba\/index.php\/wp-json\/wp\/v2\/categories?post=68584"},{"taxonomy":"post_tag","embeddable":true,"href":"https:\/\/radioljubuski.ba\/index.php\/wp-json\/wp\/v2\/tags?post=68584"}],"curies":[{"name":"wp","href":"https:\/\/api.w.org\/{rel}","templated":true}]}}