{"id":68589,"date":"2021-09-27T11:07:40","date_gmt":"2021-09-27T10:07:40","guid":{"rendered":"https:\/\/radioljubuski.ba\/?p=68589"},"modified":"2021-09-27T11:07:40","modified_gmt":"2021-09-27T10:07:40","slug":"u-dvoristu-crkve-u-varesu-srusili-jarbol-i-odnijeli-zastavu-hrvatskog-naroda","status":"publish","type":"post","link":"https:\/\/radioljubuski.ba\/index.php\/2021\/09\/27\/u-dvoristu-crkve-u-varesu-srusili-jarbol-i-odnijeli-zastavu-hrvatskog-naroda\/","title":{"rendered":"U dvori\u0161tu crkve u Vare\u0161u sru\u0161ili jarbol i odnijeli zastavu hrvatskog naroda"},"content":{"rendered":"\n<p>Nekoliko lokalnih medija ve\u0107 danima vode harangu o zastavi hrvatskog naroda koja je bila istaknuta u dvori\u0161tu crkve u Vare\u0161u pored spomenika koji se nalazi na ovoj lokaciji.&nbsp;<\/p>\n\n\n\n<p>Do kulminacije je do\u0161lo sino\u0107, odnosno, tijekom no\u0107i, kada su nepoznati po\u010dinitelji upali na prostor crkvenog zemlji\u0161ta, sru\u0161ili jarbol i odnijeli zastavu hrvatskog naroda. Ovaj napad na Hrvate Vare\u0161a i crkvenu imovinu jo\u0161 jedan je primjer kako pojedinci \u017eele graditi su\u017eivot na ovim prostorima.&nbsp;<\/p>\n\n\n\n<p>Sve ovo se doga\u0111a pred obilje\u017eavanje patrona \u017dupe, te mjesec dana pred obilje\u017eavanje stradavanja Hrvata Vare\u0161a, a o\u010dekuje se da policijske strukture otkriju tko je po\u010dinitelj ovoga napada.&nbsp;<\/p>\n\n\n\n<p>Na\u017ealost, me\u0111u onima kojima nije jasno kako Hrvati u BiH mogu imati zastavu svoga naroda je i \u0161porta\u0161 Farih Muhi\u0107 koji je svojim pisanjem na dru\u0161tvenim mre\u017eama dolio ulje na vatru.&nbsp;<\/p>\n\n\n\n<p>&#8211; Ja kao sportista i predstavnik na\u0161e dr\u017eave Bosne i Hercegovine i grada Vare\u0161a volio bi da znam koga prestavljam, Bosnu i Hercegovinu ili \u201canam one tam\u201d? Po\u0161to bi skorije vrijeme trebao i\u0107i za Rusiju \u2013 Moscov na takmi\u010denje pod zastavom Bosne i Hercegovine pa ne znam \u0161ta \u0107u sad ponijeti. Kao \u0161to sam odlu\u010dio da se izjasnim javno povodom zakivanja zastave, isto tako sam kontaktirao i na\u0161e nadla\u017ene. Pa sam ih zatekao pitanjem da li oni znaju i\u0161ta o ovome. Odgovor je bio: A d\u017ee to visi? Nisu ni oni upu\u0107eni u ovo. Zamolio sam lijepo da kontaktiraju Radio Bobovac da nam objasne povod ovoga. Ili ako zna neko od ovih \u0161to \u0107e vidjeti da objasni. Herceg Bosna \u2013 \u0160ta je to? Od kud ovo u Vare\u0161u?\u201d, objavio je Farik na svom profilu. <em><strong>(tekst objavljen bez lekture)<\/strong><\/em><\/p>\n\n\n\n<p>O\u010dito nedovoljno educiranom Fariku preporu\u010damo da pogleda kako je Damir Beljo ulazio u ring. Kad ve\u0107 mladi Farik nije dovoljno u\u010dio u \u0161koli, neka u\u010di od Belje. I vidi kako se voli svoj narod i zemlja u kojoj \u017eivi.&nbsp;<\/p>\n\n\n\n<p>Izvor:pogled.ba<\/p>\n","protected":false},"excerpt":{"rendered":"<p>Nekoliko lokalnih medija ve\u0107 danima vode harangu o zastavi hrvatskog naroda koja je bila istaknuta u dvori\u0161tu crkve u Vare\u0161u pored spomenika koji se nalazi na ovoj lokaciji.&nbsp; Do kulminacije je do\u0161lo sino\u0107, odnosno, tijekom no\u0107i, kada su nepoznati po\u010dinitelji upali na prostor crkvenog zemlji\u0161ta, sru\u0161ili jarbol i odnijeli zastavu hrvatskog naroda. Ovaj napad na [&hellip;]<\/p>\n","protected":false},"author":2,"featured_media":68590,"comment_status":"closed","ping_status":"closed","sticky":false,"template":"","format":"standard","meta":{"h5ap_radio_sources":[],"footnotes":""},"categories":[1],"tags":[],"class_list":["post-68589","post","type-post","status-publish","format-standard","has-post-thumbnail","hentry","category-bihiregija"],"yoast_head":"<!-- This site is optimized with the Yoast SEO plugin v27.5 - https:\/\/yoast.com\/product\/yoast-seo-wordpress\/ -->\n<title>U dvori\u0161tu crkve u Vare\u0161u sru\u0161ili jarbol i odnijeli zastavu hrvatskog naroda - RADIO LJUBU\u0160KI<\/title>\n<meta name=\"robots\" content=\"index, follow, max-snippet:-1, max-image-preview:large, max-video-preview:-1\" \/>\n<link rel=\"canonical\" href=\"https:\/\/radioljubuski.ba\/index.php\/2021\/09\/27\/u-dvoristu-crkve-u-varesu-srusili-jarbol-i-odnijeli-zastavu-hrvatskog-naroda\/\" \/>\n<meta property=\"og:locale\" content=\"hr_HR\" \/>\n<meta property=\"og:type\" content=\"article\" \/>\n<meta property=\"og:title\" content=\"U dvori\u0161tu crkve u Vare\u0161u sru\u0161ili jarbol i odnijeli zastavu hrvatskog naroda - RADIO LJUBU\u0160KI\" \/>\n<meta property=\"og:description\" content=\"Nekoliko lokalnih medija ve\u0107 danima vode harangu o zastavi hrvatskog naroda koja je bila istaknuta u dvori\u0161tu crkve u Vare\u0161u pored spomenika koji se nalazi na ovoj lokaciji.&nbsp; Do kulminacije je do\u0161lo sino\u0107, odnosno, tijekom no\u0107i, kada su nepoznati po\u010dinitelji upali na prostor crkvenog zemlji\u0161ta, sru\u0161ili jarbol i odnijeli zastavu hrvatskog naroda. Ovaj napad na [&hellip;]\" \/>\n<meta property=\"og:url\" content=\"https:\/\/radioljubuski.ba\/index.php\/2021\/09\/27\/u-dvoristu-crkve-u-varesu-srusili-jarbol-i-odnijeli-zastavu-hrvatskog-naroda\/\" \/>\n<meta property=\"og:site_name\" content=\"RADIO LJUBU\u0160KI\" \/>\n<meta property=\"article:publisher\" content=\"https:\/\/www.facebook.com\/Radiio-Ljubuski-1490835324566332\" \/>\n<meta property=\"article:published_time\" content=\"2021-09-27T10:07:40+00:00\" \/>\n<meta property=\"og:image\" content=\"https:\/\/radioljubuski.ba\/wp-content\/uploads\/2021\/09\/3-2021-09-27-11-38-54-zastave.jpg\" \/>\n\t<meta property=\"og:image:width\" content=\"1000\" \/>\n\t<meta property=\"og:image:height\" content=\"625\" \/>\n\t<meta property=\"og:image:type\" content=\"image\/jpeg\" \/>\n<meta name=\"author\" content=\"Radio Ljubu\u0161ki\" \/>\n<meta name=\"twitter:card\" content=\"summary_large_image\" \/>\n<meta name=\"twitter:creator\" content=\"@radioljubuski\" \/>\n<meta name=\"twitter:site\" content=\"@radioljubuski\" \/>\n<meta name=\"twitter:label1\" content=\"Napisao\/la\" \/>\n\t<meta name=\"twitter:data1\" content=\"Radio Ljubu\u0161ki\" \/>\n\t<meta name=\"twitter:label2\" content=\"Procijenjeno vrijeme \u010ditanja\" \/>\n\t<meta name=\"twitter:data2\" content=\"2 minute\" \/>\n<script type=\"application\/ld+json\" class=\"yoast-schema-graph\">{\"@context\":\"https:\\\/\\\/schema.org\",\"@graph\":[{\"@type\":\"Article\",\"@id\":\"https:\\\/\\\/radioljubuski.ba\\\/index.php\\\/2021\\\/09\\\/27\\\/u-dvoristu-crkve-u-varesu-srusili-jarbol-i-odnijeli-zastavu-hrvatskog-naroda\\\/#article\",\"isPartOf\":{\"@id\":\"https:\\\/\\\/radioljubuski.ba\\\/index.php\\\/2021\\\/09\\\/27\\\/u-dvoristu-crkve-u-varesu-srusili-jarbol-i-odnijeli-zastavu-hrvatskog-naroda\\\/\"},\"author\":{\"name\":\"Radio Ljubu\u0161ki\",\"@id\":\"https:\\\/\\\/radioljubuski.ba\\\/#\\\/schema\\\/person\\\/19fc700381a780f69665d7956c469e3b\"},\"headline\":\"U dvori\u0161tu crkve u Vare\u0161u sru\u0161ili jarbol i odnijeli zastavu hrvatskog naroda\",\"datePublished\":\"2021-09-27T10:07:40+00:00\",\"mainEntityOfPage\":{\"@id\":\"https:\\\/\\\/radioljubuski.ba\\\/index.php\\\/2021\\\/09\\\/27\\\/u-dvoristu-crkve-u-varesu-srusili-jarbol-i-odnijeli-zastavu-hrvatskog-naroda\\\/\"},\"wordCount\":365,\"publisher\":{\"@id\":\"https:\\\/\\\/radioljubuski.ba\\\/#organization\"},\"image\":{\"@id\":\"https:\\\/\\\/radioljubuski.ba\\\/index.php\\\/2021\\\/09\\\/27\\\/u-dvoristu-crkve-u-varesu-srusili-jarbol-i-odnijeli-zastavu-hrvatskog-naroda\\\/#primaryimage\"},\"thumbnailUrl\":\"https:\\\/\\\/radioljubuski.ba\\\/wp-content\\\/uploads\\\/2021\\\/09\\\/3-2021-09-27-11-38-54-zastave.jpg\",\"articleSection\":[\"BIH i regija\"],\"inLanguage\":\"hr\"},{\"@type\":\"WebPage\",\"@id\":\"https:\\\/\\\/radioljubuski.ba\\\/index.php\\\/2021\\\/09\\\/27\\\/u-dvoristu-crkve-u-varesu-srusili-jarbol-i-odnijeli-zastavu-hrvatskog-naroda\\\/\",\"url\":\"https:\\\/\\\/radioljubuski.ba\\\/index.php\\\/2021\\\/09\\\/27\\\/u-dvoristu-crkve-u-varesu-srusili-jarbol-i-odnijeli-zastavu-hrvatskog-naroda\\\/\",\"name\":\"U dvori\u0161tu crkve u Vare\u0161u sru\u0161ili jarbol i odnijeli zastavu hrvatskog naroda - RADIO LJUBU\u0160KI\",\"isPartOf\":{\"@id\":\"https:\\\/\\\/radioljubuski.ba\\\/#website\"},\"primaryImageOfPage\":{\"@id\":\"https:\\\/\\\/radioljubuski.ba\\\/index.php\\\/2021\\\/09\\\/27\\\/u-dvoristu-crkve-u-varesu-srusili-jarbol-i-odnijeli-zastavu-hrvatskog-naroda\\\/#primaryimage\"},\"image\":{\"@id\":\"https:\\\/\\\/radioljubuski.ba\\\/index.php\\\/2021\\\/09\\\/27\\\/u-dvoristu-crkve-u-varesu-srusili-jarbol-i-odnijeli-zastavu-hrvatskog-naroda\\\/#primaryimage\"},\"thumbnailUrl\":\"https:\\\/\\\/radioljubuski.ba\\\/wp-content\\\/uploads\\\/2021\\\/09\\\/3-2021-09-27-11-38-54-zastave.jpg\",\"datePublished\":\"2021-09-27T10:07:40+00:00\",\"breadcrumb\":{\"@id\":\"https:\\\/\\\/radioljubuski.ba\\\/index.php\\\/2021\\\/09\\\/27\\\/u-dvoristu-crkve-u-varesu-srusili-jarbol-i-odnijeli-zastavu-hrvatskog-naroda\\\/#breadcrumb\"},\"inLanguage\":\"hr\",\"potentialAction\":[{\"@type\":\"ReadAction\",\"target\":[\"https:\\\/\\\/radioljubuski.ba\\\/index.php\\\/2021\\\/09\\\/27\\\/u-dvoristu-crkve-u-varesu-srusili-jarbol-i-odnijeli-zastavu-hrvatskog-naroda\\\/\"]}]},{\"@type\":\"ImageObject\",\"inLanguage\":\"hr\",\"@id\":\"https:\\\/\\\/radioljubuski.ba\\\/index.php\\\/2021\\\/09\\\/27\\\/u-dvoristu-crkve-u-varesu-srusili-jarbol-i-odnijeli-zastavu-hrvatskog-naroda\\\/#primaryimage\",\"url\":\"https:\\\/\\\/radioljubuski.ba\\\/wp-content\\\/uploads\\\/2021\\\/09\\\/3-2021-09-27-11-38-54-zastave.jpg\",\"contentUrl\":\"https:\\\/\\\/radioljubuski.ba\\\/wp-content\\\/uploads\\\/2021\\\/09\\\/3-2021-09-27-11-38-54-zastave.jpg\",\"width\":1000,\"height\":625},{\"@type\":\"BreadcrumbList\",\"@id\":\"https:\\\/\\\/radioljubuski.ba\\\/index.php\\\/2021\\\/09\\\/27\\\/u-dvoristu-crkve-u-varesu-srusili-jarbol-i-odnijeli-zastavu-hrvatskog-naroda\\\/#breadcrumb\",\"itemListElement\":[{\"@type\":\"ListItem\",\"position\":1,\"name\":\"Po\u010detna stranica\",\"item\":\"https:\\\/\\\/radioljubuski.ba\\\/\"},{\"@type\":\"ListItem\",\"position\":2,\"name\":\"U dvori\u0161tu crkve u Vare\u0161u sru\u0161ili jarbol i odnijeli zastavu hrvatskog naroda\"}]},{\"@type\":\"WebSite\",\"@id\":\"https:\\\/\\\/radioljubuski.ba\\\/#website\",\"url\":\"https:\\\/\\\/radioljubuski.ba\\\/\",\"name\":\"Radio Ljubu\u0161ki\",\"description\":\"Sun\u010dana frekvencija Hercegovine\",\"publisher\":{\"@id\":\"https:\\\/\\\/radioljubuski.ba\\\/#organization\"},\"potentialAction\":[{\"@type\":\"SearchAction\",\"target\":{\"@type\":\"EntryPoint\",\"urlTemplate\":\"https:\\\/\\\/radioljubuski.ba\\\/?s={search_term_string}\"},\"query-input\":{\"@type\":\"PropertyValueSpecification\",\"valueRequired\":true,\"valueName\":\"search_term_string\"}}],\"inLanguage\":\"hr\"},{\"@type\":\"Organization\",\"@id\":\"https:\\\/\\\/radioljubuski.ba\\\/#organization\",\"name\":\"Radio Ljubu\u0161ki\",\"url\":\"https:\\\/\\\/radioljubuski.ba\\\/\",\"logo\":{\"@type\":\"ImageObject\",\"inLanguage\":\"hr\",\"@id\":\"https:\\\/\\\/radioljubuski.ba\\\/#\\\/schema\\\/logo\\\/image\\\/\",\"url\":\"https:\\\/\\\/radioljubuski.ba\\\/wp-content\\\/uploads\\\/2021\\\/02\\\/cropped-Radio_Ljubuski_logo1.jpg\",\"contentUrl\":\"https:\\\/\\\/radioljubuski.ba\\\/wp-content\\\/uploads\\\/2021\\\/02\\\/cropped-Radio_Ljubuski_logo1.jpg\",\"width\":512,\"height\":512,\"caption\":\"Radio Ljubu\u0161ki\"},\"image\":{\"@id\":\"https:\\\/\\\/radioljubuski.ba\\\/#\\\/schema\\\/logo\\\/image\\\/\"},\"sameAs\":[\"https:\\\/\\\/www.facebook.com\\\/Radiio-Ljubuski-1490835324566332\",\"https:\\\/\\\/x.com\\\/radioljubuski\",\"https:\\\/\\\/hr.linkedin.com\\\/company\\\/radio-ljubuski\",\"https:\\\/\\\/www.youtube.com\\\/channel\\\/UCHYaeO_n0Db3tjNGudGpXyw\"]},{\"@type\":\"Person\",\"@id\":\"https:\\\/\\\/radioljubuski.ba\\\/#\\\/schema\\\/person\\\/19fc700381a780f69665d7956c469e3b\",\"name\":\"Radio Ljubu\u0161ki\"}]}<\/script>\n<!-- \/ Yoast SEO plugin. -->","yoast_head_json":{"title":"U dvori\u0161tu crkve u Vare\u0161u sru\u0161ili jarbol i odnijeli zastavu hrvatskog naroda - RADIO LJUBU\u0160KI","robots":{"index":"index","follow":"follow","max-snippet":"max-snippet:-1","max-image-preview":"max-image-preview:large","max-video-preview":"max-video-preview:-1"},"canonical":"https:\/\/radioljubuski.ba\/index.php\/2021\/09\/27\/u-dvoristu-crkve-u-varesu-srusili-jarbol-i-odnijeli-zastavu-hrvatskog-naroda\/","og_locale":"hr_HR","og_type":"article","og_title":"U dvori\u0161tu crkve u Vare\u0161u sru\u0161ili jarbol i odnijeli zastavu hrvatskog naroda - RADIO LJUBU\u0160KI","og_description":"Nekoliko lokalnih medija ve\u0107 danima vode harangu o zastavi hrvatskog naroda koja je bila istaknuta u dvori\u0161tu crkve u Vare\u0161u pored spomenika koji se nalazi na ovoj lokaciji.&nbsp; Do kulminacije je do\u0161lo sino\u0107, odnosno, tijekom no\u0107i, kada su nepoznati po\u010dinitelji upali na prostor crkvenog zemlji\u0161ta, sru\u0161ili jarbol i odnijeli zastavu hrvatskog naroda. Ovaj napad na [&hellip;]","og_url":"https:\/\/radioljubuski.ba\/index.php\/2021\/09\/27\/u-dvoristu-crkve-u-varesu-srusili-jarbol-i-odnijeli-zastavu-hrvatskog-naroda\/","og_site_name":"RADIO LJUBU\u0160KI","article_publisher":"https:\/\/www.facebook.com\/Radiio-Ljubuski-1490835324566332","article_published_time":"2021-09-27T10:07:40+00:00","og_image":[{"width":1000,"height":625,"url":"https:\/\/radioljubuski.ba\/wp-content\/uploads\/2021\/09\/3-2021-09-27-11-38-54-zastave.jpg","type":"image\/jpeg"}],"author":"Radio Ljubu\u0161ki","twitter_card":"summary_large_image","twitter_creator":"@radioljubuski","twitter_site":"@radioljubuski","twitter_misc":{"Napisao\/la":"Radio Ljubu\u0161ki","Procijenjeno vrijeme \u010ditanja":"2 minute"},"schema":{"@context":"https:\/\/schema.org","@graph":[{"@type":"Article","@id":"https:\/\/radioljubuski.ba\/index.php\/2021\/09\/27\/u-dvoristu-crkve-u-varesu-srusili-jarbol-i-odnijeli-zastavu-hrvatskog-naroda\/#article","isPartOf":{"@id":"https:\/\/radioljubuski.ba\/index.php\/2021\/09\/27\/u-dvoristu-crkve-u-varesu-srusili-jarbol-i-odnijeli-zastavu-hrvatskog-naroda\/"},"author":{"name":"Radio Ljubu\u0161ki","@id":"https:\/\/radioljubuski.ba\/#\/schema\/person\/19fc700381a780f69665d7956c469e3b"},"headline":"U dvori\u0161tu crkve u Vare\u0161u sru\u0161ili jarbol i odnijeli zastavu hrvatskog naroda","datePublished":"2021-09-27T10:07:40+00:00","mainEntityOfPage":{"@id":"https:\/\/radioljubuski.ba\/index.php\/2021\/09\/27\/u-dvoristu-crkve-u-varesu-srusili-jarbol-i-odnijeli-zastavu-hrvatskog-naroda\/"},"wordCount":365,"publisher":{"@id":"https:\/\/radioljubuski.ba\/#organization"},"image":{"@id":"https:\/\/radioljubuski.ba\/index.php\/2021\/09\/27\/u-dvoristu-crkve-u-varesu-srusili-jarbol-i-odnijeli-zastavu-hrvatskog-naroda\/#primaryimage"},"thumbnailUrl":"https:\/\/radioljubuski.ba\/wp-content\/uploads\/2021\/09\/3-2021-09-27-11-38-54-zastave.jpg","articleSection":["BIH i regija"],"inLanguage":"hr"},{"@type":"WebPage","@id":"https:\/\/radioljubuski.ba\/index.php\/2021\/09\/27\/u-dvoristu-crkve-u-varesu-srusili-jarbol-i-odnijeli-zastavu-hrvatskog-naroda\/","url":"https:\/\/radioljubuski.ba\/index.php\/2021\/09\/27\/u-dvoristu-crkve-u-varesu-srusili-jarbol-i-odnijeli-zastavu-hrvatskog-naroda\/","name":"U dvori\u0161tu crkve u Vare\u0161u sru\u0161ili jarbol i odnijeli zastavu hrvatskog naroda - RADIO LJUBU\u0160KI","isPartOf":{"@id":"https:\/\/radioljubuski.ba\/#website"},"primaryImageOfPage":{"@id":"https:\/\/radioljubuski.ba\/index.php\/2021\/09\/27\/u-dvoristu-crkve-u-varesu-srusili-jarbol-i-odnijeli-zastavu-hrvatskog-naroda\/#primaryimage"},"image":{"@id":"https:\/\/radioljubuski.ba\/index.php\/2021\/09\/27\/u-dvoristu-crkve-u-varesu-srusili-jarbol-i-odnijeli-zastavu-hrvatskog-naroda\/#primaryimage"},"thumbnailUrl":"https:\/\/radioljubuski.ba\/wp-content\/uploads\/2021\/09\/3-2021-09-27-11-38-54-zastave.jpg","datePublished":"2021-09-27T10:07:40+00:00","breadcrumb":{"@id":"https:\/\/radioljubuski.ba\/index.php\/2021\/09\/27\/u-dvoristu-crkve-u-varesu-srusili-jarbol-i-odnijeli-zastavu-hrvatskog-naroda\/#breadcrumb"},"inLanguage":"hr","potentialAction":[{"@type":"ReadAction","target":["https:\/\/radioljubuski.ba\/index.php\/2021\/09\/27\/u-dvoristu-crkve-u-varesu-srusili-jarbol-i-odnijeli-zastavu-hrvatskog-naroda\/"]}]},{"@type":"ImageObject","inLanguage":"hr","@id":"https:\/\/radioljubuski.ba\/index.php\/2021\/09\/27\/u-dvoristu-crkve-u-varesu-srusili-jarbol-i-odnijeli-zastavu-hrvatskog-naroda\/#primaryimage","url":"https:\/\/radioljubuski.ba\/wp-content\/uploads\/2021\/09\/3-2021-09-27-11-38-54-zastave.jpg","contentUrl":"https:\/\/radioljubuski.ba\/wp-content\/uploads\/2021\/09\/3-2021-09-27-11-38-54-zastave.jpg","width":1000,"height":625},{"@type":"BreadcrumbList","@id":"https:\/\/radioljubuski.ba\/index.php\/2021\/09\/27\/u-dvoristu-crkve-u-varesu-srusili-jarbol-i-odnijeli-zastavu-hrvatskog-naroda\/#breadcrumb","itemListElement":[{"@type":"ListItem","position":1,"name":"Po\u010detna stranica","item":"https:\/\/radioljubuski.ba\/"},{"@type":"ListItem","position":2,"name":"U dvori\u0161tu crkve u Vare\u0161u sru\u0161ili jarbol i odnijeli zastavu hrvatskog naroda"}]},{"@type":"WebSite","@id":"https:\/\/radioljubuski.ba\/#website","url":"https:\/\/radioljubuski.ba\/","name":"Radio Ljubu\u0161ki","description":"Sun\u010dana frekvencija Hercegovine","publisher":{"@id":"https:\/\/radioljubuski.ba\/#organization"},"potentialAction":[{"@type":"SearchAction","target":{"@type":"EntryPoint","urlTemplate":"https:\/\/radioljubuski.ba\/?s={search_term_string}"},"query-input":{"@type":"PropertyValueSpecification","valueRequired":true,"valueName":"search_term_string"}}],"inLanguage":"hr"},{"@type":"Organization","@id":"https:\/\/radioljubuski.ba\/#organization","name":"Radio Ljubu\u0161ki","url":"https:\/\/radioljubuski.ba\/","logo":{"@type":"ImageObject","inLanguage":"hr","@id":"https:\/\/radioljubuski.ba\/#\/schema\/logo\/image\/","url":"https:\/\/radioljubuski.ba\/wp-content\/uploads\/2021\/02\/cropped-Radio_Ljubuski_logo1.jpg","contentUrl":"https:\/\/radioljubuski.ba\/wp-content\/uploads\/2021\/02\/cropped-Radio_Ljubuski_logo1.jpg","width":512,"height":512,"caption":"Radio Ljubu\u0161ki"},"image":{"@id":"https:\/\/radioljubuski.ba\/#\/schema\/logo\/image\/"},"sameAs":["https:\/\/www.facebook.com\/Radiio-Ljubuski-1490835324566332","https:\/\/x.com\/radioljubuski","https:\/\/hr.linkedin.com\/company\/radio-ljubuski","https:\/\/www.youtube.com\/channel\/UCHYaeO_n0Db3tjNGudGpXyw"]},{"@type":"Person","@id":"https:\/\/radioljubuski.ba\/#\/schema\/person\/19fc700381a780f69665d7956c469e3b","name":"Radio Ljubu\u0161ki"}]}},"_links":{"self":[{"href":"https:\/\/radioljubuski.ba\/index.php\/wp-json\/wp\/v2\/posts\/68589","targetHints":{"allow":["GET"]}}],"collection":[{"href":"https:\/\/radioljubuski.ba\/index.php\/wp-json\/wp\/v2\/posts"}],"about":[{"href":"https:\/\/radioljubuski.ba\/index.php\/wp-json\/wp\/v2\/types\/post"}],"author":[{"embeddable":true,"href":"https:\/\/radioljubuski.ba\/index.php\/wp-json\/wp\/v2\/users\/2"}],"replies":[{"embeddable":true,"href":"https:\/\/radioljubuski.ba\/index.php\/wp-json\/wp\/v2\/comments?post=68589"}],"version-history":[{"count":1,"href":"https:\/\/radioljubuski.ba\/index.php\/wp-json\/wp\/v2\/posts\/68589\/revisions"}],"predecessor-version":[{"id":68591,"href":"https:\/\/radioljubuski.ba\/index.php\/wp-json\/wp\/v2\/posts\/68589\/revisions\/68591"}],"wp:featuredmedia":[{"embeddable":true,"href":"https:\/\/radioljubuski.ba\/index.php\/wp-json\/wp\/v2\/media\/68590"}],"wp:attachment":[{"href":"https:\/\/radioljubuski.ba\/index.php\/wp-json\/wp\/v2\/media?parent=68589"}],"wp:term":[{"taxonomy":"category","embeddable":true,"href":"https:\/\/radioljubuski.ba\/index.php\/wp-json\/wp\/v2\/categories?post=68589"},{"taxonomy":"post_tag","embeddable":true,"href":"https:\/\/radioljubuski.ba\/index.php\/wp-json\/wp\/v2\/tags?post=68589"}],"curies":[{"name":"wp","href":"https:\/\/api.w.org\/{rel}","templated":true}]}}