{"id":68613,"date":"2021-09-27T12:26:04","date_gmt":"2021-09-27T11:26:04","guid":{"rendered":"https:\/\/radioljubuski.ba\/?p=68613"},"modified":"2021-09-27T12:26:05","modified_gmt":"2021-09-27T11:26:05","slug":"27-rujna-1991-srpski-agresor-razarao-bolnice-zasticene-zenevskim-konvencijama","status":"publish","type":"post","link":"https:\/\/radioljubuski.ba\/index.php\/2021\/09\/27\/27-rujna-1991-srpski-agresor-razarao-bolnice-zasticene-zenevskim-konvencijama\/","title":{"rendered":"27. rujna 1991. Srpski agresor razarao bolnice za\u0161ti\u0107ene \u017denevskim konvencijama"},"content":{"rendered":"\n<p><strong>Bolnica u Vukovaru nije bila zlo\u010din samo zbog toga \u0161to su iz nje odvedeni ranjenici na pokolj na Ov\u010dari, ve\u0107 i zato \u0161to su zlo\u010dinci sustavno mjesecima ga\u0111ali bolnicu kao vojni cilj. To nikada nije vi\u0111eno u povijesti ratovanja, jer su bolnice najza\u0161ti\u0107enija mjesta. Krajnji cilj granatiranja bolnica bio je uno\u0161enje psihoze i pritisak na Hrvate kako bi ih se protjeralo, sve u cilju stvaranja Velike Srbije.<\/strong><\/p>\n\n\n\n<p><strong>I nije samo bolnica u Vukovaru bila cilj velikosrpske mr\u017enje prema Hrvatima, ve\u0107 i bolnice u Vinkovcima, Pakracu, Karlovcu, Slavonskom Brodu, Zagrebu i drugim hrvatskim gradovima. Razaranje bolnica, \u201esvetog mjesta koje nitko u ratovima ne dira\u201c, bilo je sustavno organizirano od barbarske srpske vojske.<\/strong><\/p>\n\n\n\n<iframe loading=\"lazy\" title=\"VUKOVARSKA BOLNICA (5.10.1991)\" width=\"640\" height=\"360\" src=\"https:\/\/www.youtube.com\/embed\/qgZI9dFbosQ?start=1&#038;feature=oembed\" frameborder=\"0\" allow=\"accelerometer; autoplay; clipboard-write; encrypted-media; gyroscope; picture-in-picture; web-share\" referrerpolicy=\"strict-origin-when-cross-origin\" allowfullscreen><\/iframe>\n\n\n\n<p><strong>Dana 27. rujna 1991.<\/strong> ratni ministar zdravstva i \u010dovjek najzaslu\u017eniji za izvanredno funkcioniranje zdravstva u Domovinskom ratu, <strong>Andrija Hebrang,<\/strong> odr\u017eao je konferenciju za novinare gdje je rekao da JNA i srpski dragovoljci koriste bolnice kao vojne ciljeve, pi\u0161e <a href=\"https:\/\/www.matica.hr\/hr\/428\/rat-u-kojem-je-bilo-mnogo-vise-civilnih-nego-vojnih-zrtava-23767\/\">matica.hr.<\/a><\/p>\n\n\n\n<p>Poznato je da su bolnice za\u0161ti\u0107ene u ratovima \u017denevskim konvencijama, no unato\u010d tomu katkad su o\u0161te\u0107ene slu\u010dajnim pogodcima. U srpsko-crnogorskoj agresiji na Hrvatsku do\u017eivjeli smo ne\u0161to o \u010demu nismo do tada ni \u010ditali.<\/p>\n\n\n\n<p>Artiljerija je bila uperena u bolnice, koje su bile primarni cilj, a jedina mogu\u0107a namjera takva masovnog zlo\u010dina psiholo\u0161ki je pritisak na stanovni\u0161tvo sa svrhom njegova protjerivanja.<\/p>\n\n\n\n<p>Poznato je da se grad bez bolnice ne mo\u017ee braniti.<\/p>\n\n\n\n<p>Ubrzo smo shvatili da su bolnice i drugi zdravstveni objekti uvr\u0161teni u primarne civilne ciljeve. Zato smo napravili \u0161iroku mre\u017eu ratnih bolnica i njihovih rezervnih lokacija kako bismo poni\u0161tili agresorsku strategiju spaljenog zdravstva. Nevjerojatan je podatak da je agresor <strong>opetovano ga\u0111ao 17 hrvatskih bolnica, od \u010dega je 14 znatno o\u0161te\u0107eno a \u010detiri su potpuno uni\u0161tene.<\/strong><\/p>\n\n\n\n<p><strong>Razaranje bolnice u Vinkovcima:<\/strong><\/p>\n\n\n\n<iframe loading=\"lazy\" title=\"Vinkovci at War: The Hospital\" width=\"640\" height=\"480\" src=\"https:\/\/www.youtube.com\/embed\/US8HuXnorxs?feature=oembed\" frameborder=\"0\" allow=\"accelerometer; autoplay; clipboard-write; encrypted-media; gyroscope; picture-in-picture; web-share\" referrerpolicy=\"strict-origin-when-cross-origin\" allowfullscreen><\/iframe>\n\n\n\n<p>Uz to je <strong>uni\u0161teno vi\u0161e od stotinu ambulanti i nekoliko stotina sanitetskih vozila.<\/strong><\/p>\n\n\n\n<p>Uni\u0161tavanje bolnica i drugih zdravstvenih objekata propisno ozna\u010denih znakom crvenoga kri\u017ea <strong>pripada u najte\u017ee ratne zlo\u010dine.<\/strong> Crvena petokraka uni\u0161tavala je nemilice crvene kri\u017eeve. Tijekom rata poslali smo u svijet stotine apela me\u0111unarodnoj javnosti, dr\u017eavama i humanitarnim udrugama s molbom da osude postupke agresora i spase bolesnike. Vapaji su bili uzaludni. Zbog toga je na bolnice svakodnevno padalo na stotine eksplozivnih projektila. Me\u0111utim, do danas nije podignuta ni jedna kaznena prijava za ratni zlo\u010din napada na bolnice. O razmjerima tog zlo\u010dina govore podatci. Tragedija vukovarske bolnice ogleda se u podatku da je na nju padalo prosje\u010dno po 70 do 80 granata dnevno mjesecima, a u tom paklu hrabro osoblje bolnice zbrinulo je 3474 ranjenika i izvelo vi\u0161e od 2500 operacija.<\/p>\n\n\n\n<p>Od stradanja ostalih bolnica valja navesti <strong>vinkova\u010dku bolnicu, koja je potpuno uni\u0161tena s vi\u0161e od 500 projektila.<\/strong> Vi\u0161e stotina granata potpuno <strong>je uni\u0161tilo i pakra\u010dku bolnicu.<\/strong> Pakra\u010dka bolnica bila je uto\u010di\u0161te braniteljima, poglavito policiji koja je dr\u017eala taj dio boji\u0161nice, a iz bolnice smo ranjenike mogli izvla\u010diti jedino u oklopnim transporterima. Osoblje je izvelo i poznati herojski pothvat kada je pod artiljerijskom paljbom evakuiralo 300 psihijatrijskih bolesnika i to srpske narodnosti. Kako u ratu tako i u miru pakra\u010dka je bolnica objekt od strate\u0161kog razvoja cijeloga kraja, preko \u010dega se danas prelazi: naime, ona je nedavno izgubila svoju pravnu osobnost pripajanjem bolnici u drugom gradu.<\/p>\n\n\n\n<p><strong>JNA i \u010detnici granatiraju bolnicu u Pakracu s osmijehom na licu:<\/strong><\/p>\n\n\n\nhttps:\/\/www.youtube.com\/watch?v=F5oX_kFAigY\n\n\n\n<p><strong>Bolnica u Slavonskom Brodu<\/strong> tako\u0111er je bila cilj napada: pogo\u0111ena s vi\u0161e od tri stotine granata, tako\u0111er je bila predmetom te\u0161koga ratnog zlo\u010dina. Zapravo, nema ni jedne bolnice udaljene dvadesetak kilometara od boji\u0161nice koja nije pogo\u0111ena mnogobrojnim projektilima a kao kuriozitet slu\u017ei podatak da je \u010dak i <strong>Dje\u010dja bolnica u Zagrebu<\/strong> pogo\u0111ena raketom iz okupirane Petrinje. Ga\u0111anje bolnica izazivalo je velik strah u lokalnog stanovni\u0161tva, zbog \u010dega je evakuiran velik broj gra\u0111ana. Me\u0111utim, ni za taj ni za ostale navedene zlo\u010dine napada na bolnice nije kaznenu prijavu protiv po\u010dinitelja podigla dr\u017eava Hrvatska, nego Udruga lije\u010dnika dragovoljaca 1990\u201391. To je podatak koji otvara mnoga politi\u010dka, ali i moralna pitanja.<\/p>\n\n\n\n<p>U hrvatskoj politici dominiraju snage koje se nisu uklju\u010dile u obranu dr\u017eave i kojima je cilj zata\u0161kati sve zlo\u010dine, dakle krenuti u budu\u0107nost s la\u017eima koje optere\u0107uju sada\u0161nju i budu\u0107u sudbinu zemlje. Time su preuzeli odgovornost prekrajanja povijesti, dakle, neprestanog okretanja k pro\u0161losti, umjesto tro\u0161enja nacionalne energije na kreiranje budu\u0107nosti.<\/p>\n\n\n\n<p><em>Izvor: narod.hr<\/em><\/p>\n","protected":false},"excerpt":{"rendered":"<p>Bolnica u Vukovaru nije bila zlo\u010din samo zbog toga \u0161to su iz nje odvedeni ranjenici na pokolj na Ov\u010dari, ve\u0107 i zato \u0161to su zlo\u010dinci sustavno mjesecima ga\u0111ali bolnicu kao vojni cilj. To nikada nije vi\u0111eno u povijesti ratovanja, jer su bolnice najza\u0161ti\u0107enija mjesta. Krajnji cilj granatiranja bolnica bio je uno\u0161enje psihoze i pritisak na [&hellip;]<\/p>\n","protected":false},"author":2,"featured_media":68614,"comment_status":"closed","ping_status":"closed","sticky":false,"template":"","format":"standard","meta":{"h5ap_radio_sources":[],"footnotes":""},"categories":[1],"tags":[],"class_list":["post-68613","post","type-post","status-publish","format-standard","has-post-thumbnail","hentry","category-bihiregija"],"yoast_head":"<!-- This site is optimized with the Yoast SEO plugin v27.5 - https:\/\/yoast.com\/product\/yoast-seo-wordpress\/ -->\n<title>27. rujna 1991. Srpski agresor razarao bolnice za\u0161ti\u0107ene \u017denevskim konvencijama - RADIO LJUBU\u0160KI<\/title>\n<meta name=\"robots\" content=\"index, follow, max-snippet:-1, max-image-preview:large, max-video-preview:-1\" \/>\n<link rel=\"canonical\" href=\"https:\/\/radioljubuski.ba\/index.php\/2021\/09\/27\/27-rujna-1991-srpski-agresor-razarao-bolnice-zasticene-zenevskim-konvencijama\/\" \/>\n<meta property=\"og:locale\" content=\"hr_HR\" \/>\n<meta property=\"og:type\" content=\"article\" \/>\n<meta property=\"og:title\" content=\"27. rujna 1991. Srpski agresor razarao bolnice za\u0161ti\u0107ene \u017denevskim konvencijama - RADIO LJUBU\u0160KI\" \/>\n<meta property=\"og:description\" content=\"Bolnica u Vukovaru nije bila zlo\u010din samo zbog toga \u0161to su iz nje odvedeni ranjenici na pokolj na Ov\u010dari, ve\u0107 i zato \u0161to su zlo\u010dinci sustavno mjesecima ga\u0111ali bolnicu kao vojni cilj. To nikada nije vi\u0111eno u povijesti ratovanja, jer su bolnice najza\u0161ti\u0107enija mjesta. Krajnji cilj granatiranja bolnica bio je uno\u0161enje psihoze i pritisak na [&hellip;]\" \/>\n<meta property=\"og:url\" content=\"https:\/\/radioljubuski.ba\/index.php\/2021\/09\/27\/27-rujna-1991-srpski-agresor-razarao-bolnice-zasticene-zenevskim-konvencijama\/\" \/>\n<meta property=\"og:site_name\" content=\"RADIO LJUBU\u0160KI\" \/>\n<meta property=\"article:publisher\" content=\"https:\/\/www.facebook.com\/Radiio-Ljubuski-1490835324566332\" \/>\n<meta property=\"article:published_time\" content=\"2021-09-27T11:26:04+00:00\" \/>\n<meta property=\"article:modified_time\" content=\"2021-09-27T11:26:05+00:00\" \/>\n<meta property=\"og:image\" content=\"https:\/\/radioljubuski.ba\/wp-content\/uploads\/2021\/09\/vukovarska-bolnica-696x392-1.jpg\" \/>\n\t<meta property=\"og:image:width\" content=\"696\" \/>\n\t<meta property=\"og:image:height\" content=\"392\" \/>\n\t<meta property=\"og:image:type\" content=\"image\/jpeg\" \/>\n<meta name=\"author\" content=\"Radio Ljubu\u0161ki\" \/>\n<meta name=\"twitter:card\" content=\"summary_large_image\" \/>\n<meta name=\"twitter:creator\" content=\"@radioljubuski\" \/>\n<meta name=\"twitter:site\" content=\"@radioljubuski\" \/>\n<meta name=\"twitter:label1\" content=\"Napisao\/la\" \/>\n\t<meta name=\"twitter:data1\" content=\"Radio Ljubu\u0161ki\" \/>\n\t<meta name=\"twitter:label2\" content=\"Procijenjeno vrijeme \u010ditanja\" \/>\n\t<meta name=\"twitter:data2\" content=\"4 minute\" \/>\n<script type=\"application\/ld+json\" class=\"yoast-schema-graph\">{\"@context\":\"https:\\\/\\\/schema.org\",\"@graph\":[{\"@type\":\"Article\",\"@id\":\"https:\\\/\\\/radioljubuski.ba\\\/index.php\\\/2021\\\/09\\\/27\\\/27-rujna-1991-srpski-agresor-razarao-bolnice-zasticene-zenevskim-konvencijama\\\/#article\",\"isPartOf\":{\"@id\":\"https:\\\/\\\/radioljubuski.ba\\\/index.php\\\/2021\\\/09\\\/27\\\/27-rujna-1991-srpski-agresor-razarao-bolnice-zasticene-zenevskim-konvencijama\\\/\"},\"author\":{\"name\":\"Radio Ljubu\u0161ki\",\"@id\":\"https:\\\/\\\/radioljubuski.ba\\\/#\\\/schema\\\/person\\\/19fc700381a780f69665d7956c469e3b\"},\"headline\":\"27. rujna 1991. Srpski agresor razarao bolnice za\u0161ti\u0107ene \u017denevskim konvencijama\",\"datePublished\":\"2021-09-27T11:26:04+00:00\",\"dateModified\":\"2021-09-27T11:26:05+00:00\",\"mainEntityOfPage\":{\"@id\":\"https:\\\/\\\/radioljubuski.ba\\\/index.php\\\/2021\\\/09\\\/27\\\/27-rujna-1991-srpski-agresor-razarao-bolnice-zasticene-zenevskim-konvencijama\\\/\"},\"wordCount\":808,\"publisher\":{\"@id\":\"https:\\\/\\\/radioljubuski.ba\\\/#organization\"},\"image\":{\"@id\":\"https:\\\/\\\/radioljubuski.ba\\\/index.php\\\/2021\\\/09\\\/27\\\/27-rujna-1991-srpski-agresor-razarao-bolnice-zasticene-zenevskim-konvencijama\\\/#primaryimage\"},\"thumbnailUrl\":\"https:\\\/\\\/radioljubuski.ba\\\/wp-content\\\/uploads\\\/2021\\\/09\\\/vukovarska-bolnica-696x392-1.jpg\",\"articleSection\":[\"BIH i regija\"],\"inLanguage\":\"hr\"},{\"@type\":\"WebPage\",\"@id\":\"https:\\\/\\\/radioljubuski.ba\\\/index.php\\\/2021\\\/09\\\/27\\\/27-rujna-1991-srpski-agresor-razarao-bolnice-zasticene-zenevskim-konvencijama\\\/\",\"url\":\"https:\\\/\\\/radioljubuski.ba\\\/index.php\\\/2021\\\/09\\\/27\\\/27-rujna-1991-srpski-agresor-razarao-bolnice-zasticene-zenevskim-konvencijama\\\/\",\"name\":\"27. rujna 1991. Srpski agresor razarao bolnice za\u0161ti\u0107ene \u017denevskim konvencijama - RADIO LJUBU\u0160KI\",\"isPartOf\":{\"@id\":\"https:\\\/\\\/radioljubuski.ba\\\/#website\"},\"primaryImageOfPage\":{\"@id\":\"https:\\\/\\\/radioljubuski.ba\\\/index.php\\\/2021\\\/09\\\/27\\\/27-rujna-1991-srpski-agresor-razarao-bolnice-zasticene-zenevskim-konvencijama\\\/#primaryimage\"},\"image\":{\"@id\":\"https:\\\/\\\/radioljubuski.ba\\\/index.php\\\/2021\\\/09\\\/27\\\/27-rujna-1991-srpski-agresor-razarao-bolnice-zasticene-zenevskim-konvencijama\\\/#primaryimage\"},\"thumbnailUrl\":\"https:\\\/\\\/radioljubuski.ba\\\/wp-content\\\/uploads\\\/2021\\\/09\\\/vukovarska-bolnica-696x392-1.jpg\",\"datePublished\":\"2021-09-27T11:26:04+00:00\",\"dateModified\":\"2021-09-27T11:26:05+00:00\",\"breadcrumb\":{\"@id\":\"https:\\\/\\\/radioljubuski.ba\\\/index.php\\\/2021\\\/09\\\/27\\\/27-rujna-1991-srpski-agresor-razarao-bolnice-zasticene-zenevskim-konvencijama\\\/#breadcrumb\"},\"inLanguage\":\"hr\",\"potentialAction\":[{\"@type\":\"ReadAction\",\"target\":[\"https:\\\/\\\/radioljubuski.ba\\\/index.php\\\/2021\\\/09\\\/27\\\/27-rujna-1991-srpski-agresor-razarao-bolnice-zasticene-zenevskim-konvencijama\\\/\"]}]},{\"@type\":\"ImageObject\",\"inLanguage\":\"hr\",\"@id\":\"https:\\\/\\\/radioljubuski.ba\\\/index.php\\\/2021\\\/09\\\/27\\\/27-rujna-1991-srpski-agresor-razarao-bolnice-zasticene-zenevskim-konvencijama\\\/#primaryimage\",\"url\":\"https:\\\/\\\/radioljubuski.ba\\\/wp-content\\\/uploads\\\/2021\\\/09\\\/vukovarska-bolnica-696x392-1.jpg\",\"contentUrl\":\"https:\\\/\\\/radioljubuski.ba\\\/wp-content\\\/uploads\\\/2021\\\/09\\\/vukovarska-bolnica-696x392-1.jpg\",\"width\":696,\"height\":392},{\"@type\":\"BreadcrumbList\",\"@id\":\"https:\\\/\\\/radioljubuski.ba\\\/index.php\\\/2021\\\/09\\\/27\\\/27-rujna-1991-srpski-agresor-razarao-bolnice-zasticene-zenevskim-konvencijama\\\/#breadcrumb\",\"itemListElement\":[{\"@type\":\"ListItem\",\"position\":1,\"name\":\"Po\u010detna stranica\",\"item\":\"https:\\\/\\\/radioljubuski.ba\\\/\"},{\"@type\":\"ListItem\",\"position\":2,\"name\":\"27. rujna 1991. Srpski agresor razarao bolnice za\u0161ti\u0107ene \u017denevskim konvencijama\"}]},{\"@type\":\"WebSite\",\"@id\":\"https:\\\/\\\/radioljubuski.ba\\\/#website\",\"url\":\"https:\\\/\\\/radioljubuski.ba\\\/\",\"name\":\"Radio Ljubu\u0161ki\",\"description\":\"Sun\u010dana frekvencija Hercegovine\",\"publisher\":{\"@id\":\"https:\\\/\\\/radioljubuski.ba\\\/#organization\"},\"potentialAction\":[{\"@type\":\"SearchAction\",\"target\":{\"@type\":\"EntryPoint\",\"urlTemplate\":\"https:\\\/\\\/radioljubuski.ba\\\/?s={search_term_string}\"},\"query-input\":{\"@type\":\"PropertyValueSpecification\",\"valueRequired\":true,\"valueName\":\"search_term_string\"}}],\"inLanguage\":\"hr\"},{\"@type\":\"Organization\",\"@id\":\"https:\\\/\\\/radioljubuski.ba\\\/#organization\",\"name\":\"Radio Ljubu\u0161ki\",\"url\":\"https:\\\/\\\/radioljubuski.ba\\\/\",\"logo\":{\"@type\":\"ImageObject\",\"inLanguage\":\"hr\",\"@id\":\"https:\\\/\\\/radioljubuski.ba\\\/#\\\/schema\\\/logo\\\/image\\\/\",\"url\":\"https:\\\/\\\/radioljubuski.ba\\\/wp-content\\\/uploads\\\/2021\\\/02\\\/cropped-Radio_Ljubuski_logo1.jpg\",\"contentUrl\":\"https:\\\/\\\/radioljubuski.ba\\\/wp-content\\\/uploads\\\/2021\\\/02\\\/cropped-Radio_Ljubuski_logo1.jpg\",\"width\":512,\"height\":512,\"caption\":\"Radio Ljubu\u0161ki\"},\"image\":{\"@id\":\"https:\\\/\\\/radioljubuski.ba\\\/#\\\/schema\\\/logo\\\/image\\\/\"},\"sameAs\":[\"https:\\\/\\\/www.facebook.com\\\/Radiio-Ljubuski-1490835324566332\",\"https:\\\/\\\/x.com\\\/radioljubuski\",\"https:\\\/\\\/hr.linkedin.com\\\/company\\\/radio-ljubuski\",\"https:\\\/\\\/www.youtube.com\\\/channel\\\/UCHYaeO_n0Db3tjNGudGpXyw\"]},{\"@type\":\"Person\",\"@id\":\"https:\\\/\\\/radioljubuski.ba\\\/#\\\/schema\\\/person\\\/19fc700381a780f69665d7956c469e3b\",\"name\":\"Radio Ljubu\u0161ki\"}]}<\/script>\n<!-- \/ Yoast SEO plugin. -->","yoast_head_json":{"title":"27. rujna 1991. Srpski agresor razarao bolnice za\u0161ti\u0107ene \u017denevskim konvencijama - RADIO LJUBU\u0160KI","robots":{"index":"index","follow":"follow","max-snippet":"max-snippet:-1","max-image-preview":"max-image-preview:large","max-video-preview":"max-video-preview:-1"},"canonical":"https:\/\/radioljubuski.ba\/index.php\/2021\/09\/27\/27-rujna-1991-srpski-agresor-razarao-bolnice-zasticene-zenevskim-konvencijama\/","og_locale":"hr_HR","og_type":"article","og_title":"27. rujna 1991. Srpski agresor razarao bolnice za\u0161ti\u0107ene \u017denevskim konvencijama - RADIO LJUBU\u0160KI","og_description":"Bolnica u Vukovaru nije bila zlo\u010din samo zbog toga \u0161to su iz nje odvedeni ranjenici na pokolj na Ov\u010dari, ve\u0107 i zato \u0161to su zlo\u010dinci sustavno mjesecima ga\u0111ali bolnicu kao vojni cilj. To nikada nije vi\u0111eno u povijesti ratovanja, jer su bolnice najza\u0161ti\u0107enija mjesta. Krajnji cilj granatiranja bolnica bio je uno\u0161enje psihoze i pritisak na [&hellip;]","og_url":"https:\/\/radioljubuski.ba\/index.php\/2021\/09\/27\/27-rujna-1991-srpski-agresor-razarao-bolnice-zasticene-zenevskim-konvencijama\/","og_site_name":"RADIO LJUBU\u0160KI","article_publisher":"https:\/\/www.facebook.com\/Radiio-Ljubuski-1490835324566332","article_published_time":"2021-09-27T11:26:04+00:00","article_modified_time":"2021-09-27T11:26:05+00:00","og_image":[{"width":696,"height":392,"url":"https:\/\/radioljubuski.ba\/wp-content\/uploads\/2021\/09\/vukovarska-bolnica-696x392-1.jpg","type":"image\/jpeg"}],"author":"Radio Ljubu\u0161ki","twitter_card":"summary_large_image","twitter_creator":"@radioljubuski","twitter_site":"@radioljubuski","twitter_misc":{"Napisao\/la":"Radio Ljubu\u0161ki","Procijenjeno vrijeme \u010ditanja":"4 minute"},"schema":{"@context":"https:\/\/schema.org","@graph":[{"@type":"Article","@id":"https:\/\/radioljubuski.ba\/index.php\/2021\/09\/27\/27-rujna-1991-srpski-agresor-razarao-bolnice-zasticene-zenevskim-konvencijama\/#article","isPartOf":{"@id":"https:\/\/radioljubuski.ba\/index.php\/2021\/09\/27\/27-rujna-1991-srpski-agresor-razarao-bolnice-zasticene-zenevskim-konvencijama\/"},"author":{"name":"Radio Ljubu\u0161ki","@id":"https:\/\/radioljubuski.ba\/#\/schema\/person\/19fc700381a780f69665d7956c469e3b"},"headline":"27. rujna 1991. Srpski agresor razarao bolnice za\u0161ti\u0107ene \u017denevskim konvencijama","datePublished":"2021-09-27T11:26:04+00:00","dateModified":"2021-09-27T11:26:05+00:00","mainEntityOfPage":{"@id":"https:\/\/radioljubuski.ba\/index.php\/2021\/09\/27\/27-rujna-1991-srpski-agresor-razarao-bolnice-zasticene-zenevskim-konvencijama\/"},"wordCount":808,"publisher":{"@id":"https:\/\/radioljubuski.ba\/#organization"},"image":{"@id":"https:\/\/radioljubuski.ba\/index.php\/2021\/09\/27\/27-rujna-1991-srpski-agresor-razarao-bolnice-zasticene-zenevskim-konvencijama\/#primaryimage"},"thumbnailUrl":"https:\/\/radioljubuski.ba\/wp-content\/uploads\/2021\/09\/vukovarska-bolnica-696x392-1.jpg","articleSection":["BIH i regija"],"inLanguage":"hr"},{"@type":"WebPage","@id":"https:\/\/radioljubuski.ba\/index.php\/2021\/09\/27\/27-rujna-1991-srpski-agresor-razarao-bolnice-zasticene-zenevskim-konvencijama\/","url":"https:\/\/radioljubuski.ba\/index.php\/2021\/09\/27\/27-rujna-1991-srpski-agresor-razarao-bolnice-zasticene-zenevskim-konvencijama\/","name":"27. rujna 1991. Srpski agresor razarao bolnice za\u0161ti\u0107ene \u017denevskim konvencijama - RADIO LJUBU\u0160KI","isPartOf":{"@id":"https:\/\/radioljubuski.ba\/#website"},"primaryImageOfPage":{"@id":"https:\/\/radioljubuski.ba\/index.php\/2021\/09\/27\/27-rujna-1991-srpski-agresor-razarao-bolnice-zasticene-zenevskim-konvencijama\/#primaryimage"},"image":{"@id":"https:\/\/radioljubuski.ba\/index.php\/2021\/09\/27\/27-rujna-1991-srpski-agresor-razarao-bolnice-zasticene-zenevskim-konvencijama\/#primaryimage"},"thumbnailUrl":"https:\/\/radioljubuski.ba\/wp-content\/uploads\/2021\/09\/vukovarska-bolnica-696x392-1.jpg","datePublished":"2021-09-27T11:26:04+00:00","dateModified":"2021-09-27T11:26:05+00:00","breadcrumb":{"@id":"https:\/\/radioljubuski.ba\/index.php\/2021\/09\/27\/27-rujna-1991-srpski-agresor-razarao-bolnice-zasticene-zenevskim-konvencijama\/#breadcrumb"},"inLanguage":"hr","potentialAction":[{"@type":"ReadAction","target":["https:\/\/radioljubuski.ba\/index.php\/2021\/09\/27\/27-rujna-1991-srpski-agresor-razarao-bolnice-zasticene-zenevskim-konvencijama\/"]}]},{"@type":"ImageObject","inLanguage":"hr","@id":"https:\/\/radioljubuski.ba\/index.php\/2021\/09\/27\/27-rujna-1991-srpski-agresor-razarao-bolnice-zasticene-zenevskim-konvencijama\/#primaryimage","url":"https:\/\/radioljubuski.ba\/wp-content\/uploads\/2021\/09\/vukovarska-bolnica-696x392-1.jpg","contentUrl":"https:\/\/radioljubuski.ba\/wp-content\/uploads\/2021\/09\/vukovarska-bolnica-696x392-1.jpg","width":696,"height":392},{"@type":"BreadcrumbList","@id":"https:\/\/radioljubuski.ba\/index.php\/2021\/09\/27\/27-rujna-1991-srpski-agresor-razarao-bolnice-zasticene-zenevskim-konvencijama\/#breadcrumb","itemListElement":[{"@type":"ListItem","position":1,"name":"Po\u010detna stranica","item":"https:\/\/radioljubuski.ba\/"},{"@type":"ListItem","position":2,"name":"27. rujna 1991. Srpski agresor razarao bolnice za\u0161ti\u0107ene \u017denevskim konvencijama"}]},{"@type":"WebSite","@id":"https:\/\/radioljubuski.ba\/#website","url":"https:\/\/radioljubuski.ba\/","name":"Radio Ljubu\u0161ki","description":"Sun\u010dana frekvencija Hercegovine","publisher":{"@id":"https:\/\/radioljubuski.ba\/#organization"},"potentialAction":[{"@type":"SearchAction","target":{"@type":"EntryPoint","urlTemplate":"https:\/\/radioljubuski.ba\/?s={search_term_string}"},"query-input":{"@type":"PropertyValueSpecification","valueRequired":true,"valueName":"search_term_string"}}],"inLanguage":"hr"},{"@type":"Organization","@id":"https:\/\/radioljubuski.ba\/#organization","name":"Radio Ljubu\u0161ki","url":"https:\/\/radioljubuski.ba\/","logo":{"@type":"ImageObject","inLanguage":"hr","@id":"https:\/\/radioljubuski.ba\/#\/schema\/logo\/image\/","url":"https:\/\/radioljubuski.ba\/wp-content\/uploads\/2021\/02\/cropped-Radio_Ljubuski_logo1.jpg","contentUrl":"https:\/\/radioljubuski.ba\/wp-content\/uploads\/2021\/02\/cropped-Radio_Ljubuski_logo1.jpg","width":512,"height":512,"caption":"Radio Ljubu\u0161ki"},"image":{"@id":"https:\/\/radioljubuski.ba\/#\/schema\/logo\/image\/"},"sameAs":["https:\/\/www.facebook.com\/Radiio-Ljubuski-1490835324566332","https:\/\/x.com\/radioljubuski","https:\/\/hr.linkedin.com\/company\/radio-ljubuski","https:\/\/www.youtube.com\/channel\/UCHYaeO_n0Db3tjNGudGpXyw"]},{"@type":"Person","@id":"https:\/\/radioljubuski.ba\/#\/schema\/person\/19fc700381a780f69665d7956c469e3b","name":"Radio Ljubu\u0161ki"}]}},"_links":{"self":[{"href":"https:\/\/radioljubuski.ba\/index.php\/wp-json\/wp\/v2\/posts\/68613","targetHints":{"allow":["GET"]}}],"collection":[{"href":"https:\/\/radioljubuski.ba\/index.php\/wp-json\/wp\/v2\/posts"}],"about":[{"href":"https:\/\/radioljubuski.ba\/index.php\/wp-json\/wp\/v2\/types\/post"}],"author":[{"embeddable":true,"href":"https:\/\/radioljubuski.ba\/index.php\/wp-json\/wp\/v2\/users\/2"}],"replies":[{"embeddable":true,"href":"https:\/\/radioljubuski.ba\/index.php\/wp-json\/wp\/v2\/comments?post=68613"}],"version-history":[{"count":1,"href":"https:\/\/radioljubuski.ba\/index.php\/wp-json\/wp\/v2\/posts\/68613\/revisions"}],"predecessor-version":[{"id":68615,"href":"https:\/\/radioljubuski.ba\/index.php\/wp-json\/wp\/v2\/posts\/68613\/revisions\/68615"}],"wp:featuredmedia":[{"embeddable":true,"href":"https:\/\/radioljubuski.ba\/index.php\/wp-json\/wp\/v2\/media\/68614"}],"wp:attachment":[{"href":"https:\/\/radioljubuski.ba\/index.php\/wp-json\/wp\/v2\/media?parent=68613"}],"wp:term":[{"taxonomy":"category","embeddable":true,"href":"https:\/\/radioljubuski.ba\/index.php\/wp-json\/wp\/v2\/categories?post=68613"},{"taxonomy":"post_tag","embeddable":true,"href":"https:\/\/radioljubuski.ba\/index.php\/wp-json\/wp\/v2\/tags?post=68613"}],"curies":[{"name":"wp","href":"https:\/\/api.w.org\/{rel}","templated":true}]}}