{"id":68616,"date":"2021-09-27T12:27:42","date_gmt":"2021-09-27T11:27:42","guid":{"rendered":"https:\/\/radioljubuski.ba\/?p=68616"},"modified":"2021-09-27T12:27:43","modified_gmt":"2021-09-27T11:27:43","slug":"un-ova-specijalna-izvjestiteljica-pobacaj-je-radikalni-cin-ljubavi-prema-sebi","status":"publish","type":"post","link":"https:\/\/radioljubuski.ba\/index.php\/2021\/09\/27\/un-ova-specijalna-izvjestiteljica-pobacaj-je-radikalni-cin-ljubavi-prema-sebi\/","title":{"rendered":"UN-ova specijalna izvjestiteljica: Poba\u010daj je \u201cradikalni \u010din ljubavi prema sebi\u201d"},"content":{"rendered":"\n<p>Specijalna izvjestiteljica Vije\u0107a za ljudska prava Ujedinjenih Naroda opisala je poba\u010daj kao \u201eradikalni \u010din ljubavi prema sebi\u201d, donosi <a href=\"https:\/\/righttolife.org.uk\/news\/abortion-a-radical-act-of-self-love-says-un-special-rapporteur\">Right to Life UK<\/a>.<\/p>\n\n\n\n<p>Pro\u0161le je godine Specijalna izvjestiteljica, Dr. Tlaleng Mofokeng iz Ju\u017ene Afrike, objavila izjavu vezanu uz \u201epravilo zabrane\u201d predsjednika Trumpa, koje je zabranilo financiranje poba\u010daja u inozemstvu iz novca poreznih obveznika SAD-a.<\/p>\n\n\n\n<p>Specijalni izvjestitelji djeluju kao predstavnici Vije\u0107a za ljudska prava koji savjetuju, istra\u017euju, promatraju i izvje\u0161tavaju o ljudskim pravima u pojedinim dr\u017eavama. Dr. Mofokeng, koja je i sama vr\u0161ila poba\u010daje, koristi svoju platformu kako bi poba\u010daj promovirala na me\u0111unarodnoj razini.<\/p>\n\n\n\n<p>Tijekom kampanje protiv Trumpovih zabrana financiranja poba\u010daja u inozemstvu, Dr. Mofokeng izjavila je putem <a href=\"https:\/\/twitter.com\/drtlaleng\/status\/1263529386675970049\">Twittera<\/a>: \u201eBorim se za nju [eng. #fight4HER] jer iz prve ruke poznajem negativni u\u010dinak globalnog pravila zabrane. Pristup sveobuhvatnoj i pravovremenoj brizi prilikom poba\u010daja ljudsko je pravo, a globalno financiranje zdravstva, kao i pomo\u0107 stranih zemalja, trebali bi biti bezuvjetni, a ne sprje\u010davati pristup ovim pravima i njihovu realizaciju.\u201d<\/p>\n\n\n\n<p>Nadalje je izjavila da \u201epoba\u010daj spa\u0161ava \u017eivote\u201d te opisala poba\u010daj kao \u201eradikalni \u010din ljubavi prema sebi\u201d.<\/p>\n\n\n\n<p>Dr. Mofokeng predsjeda odborom od najmanje osam organizacija u Africi koje promoviraju poba\u010daj, a dobitnica je nagrada Zaklade Gates i Me\u0111unarodne federacije za planirano roditeljstvo<\/p>\n\n\n\n<p>\u201eZastarjela mantra da bi poba\u010daj trebao biti \u201esiguran, legalan i rijedak\u201d stvar je pro\u0161losti. Iako ovo nikad i nije bilo prihva\u0107eno od strane prolife zagovornika, koji shva\u0107aju da je svaki \u017eivot \u2013 ro\u0111eni i nero\u0111eni, majke i djeteta \u2013 va\u017ean, izjava Dr. Mofokeng pokazuje kako zagovornici poba\u010daja odstupaju od ovakvog stava u korist stavova o poba\u010daju koji su ekstremniji nego ikad\u201d, izjavila je glasnogovornica za Right to Life UK, Catherine Robinson.<\/p>\n\n\n\n<p>\u201eKad Mofokeng ka\u017ee da je \u201epoba\u010daj radikalni \u010din ljubavi prema sebi\u201d, \u010dini se da priznaje vi\u0161e nego \u0161to je svjesna. Priznavaju\u0107i poba\u010daj kao ne\u0161to \u201eradikalno\u201d, ona priznaje da je to velika stvar, i bilo bi zanimljivo znati za\u0161to misli da je to radikalno ili za\u0161to je velika stvar. Naravno, velika je stvar jer uklju\u010duje prekid \u017eivota nevinog nero\u0111enog dje\u010daka ili djevoj\u010dice. No kad bi ona takvo ne\u0161to priznala, tad, po svemu sude\u0107i, poba\u010daj nikad ne bi mogao biti opravdan.\u201d<\/p>\n\n\n\n<p>Prevela i uredila:<br>Ornela Findrik<\/p>\n\n\n\n<p><em>Izvor: narod.hr<\/em><\/p>\n","protected":false},"excerpt":{"rendered":"<p>Specijalna izvjestiteljica Vije\u0107a za ljudska prava Ujedinjenih Naroda opisala je poba\u010daj kao \u201eradikalni \u010din ljubavi prema sebi\u201d, donosi Right to Life UK. Pro\u0161le je godine Specijalna izvjestiteljica, Dr. Tlaleng Mofokeng iz Ju\u017ene Afrike, objavila izjavu vezanu uz \u201epravilo zabrane\u201d predsjednika Trumpa, koje je zabranilo financiranje poba\u010daja u inozemstvu iz novca poreznih obveznika SAD-a. Specijalni izvjestitelji [&hellip;]<\/p>\n","protected":false},"author":2,"featured_media":68617,"comment_status":"closed","ping_status":"closed","sticky":false,"template":"","format":"standard","meta":{"h5ap_radio_sources":[],"footnotes":""},"categories":[1],"tags":[],"class_list":["post-68616","post","type-post","status-publish","format-standard","has-post-thumbnail","hentry","category-bihiregija"],"yoast_head":"<!-- This site is optimized with the Yoast SEO plugin v27.5 - https:\/\/yoast.com\/product\/yoast-seo-wordpress\/ -->\n<title>UN-ova specijalna izvjestiteljica: Poba\u010daj je \u201cradikalni \u010din ljubavi prema sebi\u201d - RADIO LJUBU\u0160KI<\/title>\n<meta name=\"robots\" content=\"index, follow, max-snippet:-1, max-image-preview:large, max-video-preview:-1\" \/>\n<link rel=\"canonical\" href=\"https:\/\/radioljubuski.ba\/index.php\/2021\/09\/27\/un-ova-specijalna-izvjestiteljica-pobacaj-je-radikalni-cin-ljubavi-prema-sebi\/\" \/>\n<meta property=\"og:locale\" content=\"hr_HR\" \/>\n<meta property=\"og:type\" content=\"article\" \/>\n<meta property=\"og:title\" content=\"UN-ova specijalna izvjestiteljica: Poba\u010daj je \u201cradikalni \u010din ljubavi prema sebi\u201d - RADIO LJUBU\u0160KI\" \/>\n<meta property=\"og:description\" content=\"Specijalna izvjestiteljica Vije\u0107a za ljudska prava Ujedinjenih Naroda opisala je poba\u010daj kao \u201eradikalni \u010din ljubavi prema sebi\u201d, donosi Right to Life UK. Pro\u0161le je godine Specijalna izvjestiteljica, Dr. Tlaleng Mofokeng iz Ju\u017ene Afrike, objavila izjavu vezanu uz \u201epravilo zabrane\u201d predsjednika Trumpa, koje je zabranilo financiranje poba\u010daja u inozemstvu iz novca poreznih obveznika SAD-a. Specijalni izvjestitelji [&hellip;]\" \/>\n<meta property=\"og:url\" content=\"https:\/\/radioljubuski.ba\/index.php\/2021\/09\/27\/un-ova-specijalna-izvjestiteljica-pobacaj-je-radikalni-cin-ljubavi-prema-sebi\/\" \/>\n<meta property=\"og:site_name\" content=\"RADIO LJUBU\u0160KI\" \/>\n<meta property=\"article:publisher\" content=\"https:\/\/www.facebook.com\/Radiio-Ljubuski-1490835324566332\" \/>\n<meta property=\"article:published_time\" content=\"2021-09-27T11:27:42+00:00\" \/>\n<meta property=\"article:modified_time\" content=\"2021-09-27T11:27:43+00:00\" \/>\n<meta property=\"og:image\" content=\"https:\/\/radioljubuski.ba\/wp-content\/uploads\/2021\/09\/Tlaleng-Mofokeng.jpg-696x522-1.jpg\" \/>\n\t<meta property=\"og:image:width\" content=\"696\" \/>\n\t<meta property=\"og:image:height\" content=\"522\" \/>\n\t<meta property=\"og:image:type\" content=\"image\/jpeg\" \/>\n<meta name=\"author\" content=\"Radio Ljubu\u0161ki\" \/>\n<meta name=\"twitter:card\" content=\"summary_large_image\" \/>\n<meta name=\"twitter:creator\" content=\"@radioljubuski\" \/>\n<meta name=\"twitter:site\" content=\"@radioljubuski\" \/>\n<meta name=\"twitter:label1\" content=\"Napisao\/la\" \/>\n\t<meta name=\"twitter:data1\" content=\"Radio Ljubu\u0161ki\" \/>\n\t<meta name=\"twitter:label2\" content=\"Procijenjeno vrijeme \u010ditanja\" \/>\n\t<meta name=\"twitter:data2\" content=\"2 minute\" \/>\n<script type=\"application\/ld+json\" class=\"yoast-schema-graph\">{\"@context\":\"https:\\\/\\\/schema.org\",\"@graph\":[{\"@type\":\"Article\",\"@id\":\"https:\\\/\\\/radioljubuski.ba\\\/index.php\\\/2021\\\/09\\\/27\\\/un-ova-specijalna-izvjestiteljica-pobacaj-je-radikalni-cin-ljubavi-prema-sebi\\\/#article\",\"isPartOf\":{\"@id\":\"https:\\\/\\\/radioljubuski.ba\\\/index.php\\\/2021\\\/09\\\/27\\\/un-ova-specijalna-izvjestiteljica-pobacaj-je-radikalni-cin-ljubavi-prema-sebi\\\/\"},\"author\":{\"name\":\"Radio Ljubu\u0161ki\",\"@id\":\"https:\\\/\\\/radioljubuski.ba\\\/#\\\/schema\\\/person\\\/19fc700381a780f69665d7956c469e3b\"},\"headline\":\"UN-ova specijalna izvjestiteljica: Poba\u010daj je \u201cradikalni \u010din ljubavi prema sebi\u201d\",\"datePublished\":\"2021-09-27T11:27:42+00:00\",\"dateModified\":\"2021-09-27T11:27:43+00:00\",\"mainEntityOfPage\":{\"@id\":\"https:\\\/\\\/radioljubuski.ba\\\/index.php\\\/2021\\\/09\\\/27\\\/un-ova-specijalna-izvjestiteljica-pobacaj-je-radikalni-cin-ljubavi-prema-sebi\\\/\"},\"wordCount\":410,\"publisher\":{\"@id\":\"https:\\\/\\\/radioljubuski.ba\\\/#organization\"},\"image\":{\"@id\":\"https:\\\/\\\/radioljubuski.ba\\\/index.php\\\/2021\\\/09\\\/27\\\/un-ova-specijalna-izvjestiteljica-pobacaj-je-radikalni-cin-ljubavi-prema-sebi\\\/#primaryimage\"},\"thumbnailUrl\":\"https:\\\/\\\/radioljubuski.ba\\\/wp-content\\\/uploads\\\/2021\\\/09\\\/Tlaleng-Mofokeng.jpg-696x522-1.jpg\",\"articleSection\":[\"BIH i regija\"],\"inLanguage\":\"hr\"},{\"@type\":\"WebPage\",\"@id\":\"https:\\\/\\\/radioljubuski.ba\\\/index.php\\\/2021\\\/09\\\/27\\\/un-ova-specijalna-izvjestiteljica-pobacaj-je-radikalni-cin-ljubavi-prema-sebi\\\/\",\"url\":\"https:\\\/\\\/radioljubuski.ba\\\/index.php\\\/2021\\\/09\\\/27\\\/un-ova-specijalna-izvjestiteljica-pobacaj-je-radikalni-cin-ljubavi-prema-sebi\\\/\",\"name\":\"UN-ova specijalna izvjestiteljica: Poba\u010daj je \u201cradikalni \u010din ljubavi prema sebi\u201d - RADIO LJUBU\u0160KI\",\"isPartOf\":{\"@id\":\"https:\\\/\\\/radioljubuski.ba\\\/#website\"},\"primaryImageOfPage\":{\"@id\":\"https:\\\/\\\/radioljubuski.ba\\\/index.php\\\/2021\\\/09\\\/27\\\/un-ova-specijalna-izvjestiteljica-pobacaj-je-radikalni-cin-ljubavi-prema-sebi\\\/#primaryimage\"},\"image\":{\"@id\":\"https:\\\/\\\/radioljubuski.ba\\\/index.php\\\/2021\\\/09\\\/27\\\/un-ova-specijalna-izvjestiteljica-pobacaj-je-radikalni-cin-ljubavi-prema-sebi\\\/#primaryimage\"},\"thumbnailUrl\":\"https:\\\/\\\/radioljubuski.ba\\\/wp-content\\\/uploads\\\/2021\\\/09\\\/Tlaleng-Mofokeng.jpg-696x522-1.jpg\",\"datePublished\":\"2021-09-27T11:27:42+00:00\",\"dateModified\":\"2021-09-27T11:27:43+00:00\",\"breadcrumb\":{\"@id\":\"https:\\\/\\\/radioljubuski.ba\\\/index.php\\\/2021\\\/09\\\/27\\\/un-ova-specijalna-izvjestiteljica-pobacaj-je-radikalni-cin-ljubavi-prema-sebi\\\/#breadcrumb\"},\"inLanguage\":\"hr\",\"potentialAction\":[{\"@type\":\"ReadAction\",\"target\":[\"https:\\\/\\\/radioljubuski.ba\\\/index.php\\\/2021\\\/09\\\/27\\\/un-ova-specijalna-izvjestiteljica-pobacaj-je-radikalni-cin-ljubavi-prema-sebi\\\/\"]}]},{\"@type\":\"ImageObject\",\"inLanguage\":\"hr\",\"@id\":\"https:\\\/\\\/radioljubuski.ba\\\/index.php\\\/2021\\\/09\\\/27\\\/un-ova-specijalna-izvjestiteljica-pobacaj-je-radikalni-cin-ljubavi-prema-sebi\\\/#primaryimage\",\"url\":\"https:\\\/\\\/radioljubuski.ba\\\/wp-content\\\/uploads\\\/2021\\\/09\\\/Tlaleng-Mofokeng.jpg-696x522-1.jpg\",\"contentUrl\":\"https:\\\/\\\/radioljubuski.ba\\\/wp-content\\\/uploads\\\/2021\\\/09\\\/Tlaleng-Mofokeng.jpg-696x522-1.jpg\",\"width\":696,\"height\":522},{\"@type\":\"BreadcrumbList\",\"@id\":\"https:\\\/\\\/radioljubuski.ba\\\/index.php\\\/2021\\\/09\\\/27\\\/un-ova-specijalna-izvjestiteljica-pobacaj-je-radikalni-cin-ljubavi-prema-sebi\\\/#breadcrumb\",\"itemListElement\":[{\"@type\":\"ListItem\",\"position\":1,\"name\":\"Po\u010detna stranica\",\"item\":\"https:\\\/\\\/radioljubuski.ba\\\/\"},{\"@type\":\"ListItem\",\"position\":2,\"name\":\"UN-ova specijalna izvjestiteljica: Poba\u010daj je \u201cradikalni \u010din ljubavi prema sebi\u201d\"}]},{\"@type\":\"WebSite\",\"@id\":\"https:\\\/\\\/radioljubuski.ba\\\/#website\",\"url\":\"https:\\\/\\\/radioljubuski.ba\\\/\",\"name\":\"Radio Ljubu\u0161ki\",\"description\":\"Sun\u010dana frekvencija Hercegovine\",\"publisher\":{\"@id\":\"https:\\\/\\\/radioljubuski.ba\\\/#organization\"},\"potentialAction\":[{\"@type\":\"SearchAction\",\"target\":{\"@type\":\"EntryPoint\",\"urlTemplate\":\"https:\\\/\\\/radioljubuski.ba\\\/?s={search_term_string}\"},\"query-input\":{\"@type\":\"PropertyValueSpecification\",\"valueRequired\":true,\"valueName\":\"search_term_string\"}}],\"inLanguage\":\"hr\"},{\"@type\":\"Organization\",\"@id\":\"https:\\\/\\\/radioljubuski.ba\\\/#organization\",\"name\":\"Radio Ljubu\u0161ki\",\"url\":\"https:\\\/\\\/radioljubuski.ba\\\/\",\"logo\":{\"@type\":\"ImageObject\",\"inLanguage\":\"hr\",\"@id\":\"https:\\\/\\\/radioljubuski.ba\\\/#\\\/schema\\\/logo\\\/image\\\/\",\"url\":\"https:\\\/\\\/radioljubuski.ba\\\/wp-content\\\/uploads\\\/2021\\\/02\\\/cropped-Radio_Ljubuski_logo1.jpg\",\"contentUrl\":\"https:\\\/\\\/radioljubuski.ba\\\/wp-content\\\/uploads\\\/2021\\\/02\\\/cropped-Radio_Ljubuski_logo1.jpg\",\"width\":512,\"height\":512,\"caption\":\"Radio Ljubu\u0161ki\"},\"image\":{\"@id\":\"https:\\\/\\\/radioljubuski.ba\\\/#\\\/schema\\\/logo\\\/image\\\/\"},\"sameAs\":[\"https:\\\/\\\/www.facebook.com\\\/Radiio-Ljubuski-1490835324566332\",\"https:\\\/\\\/x.com\\\/radioljubuski\",\"https:\\\/\\\/hr.linkedin.com\\\/company\\\/radio-ljubuski\",\"https:\\\/\\\/www.youtube.com\\\/channel\\\/UCHYaeO_n0Db3tjNGudGpXyw\"]},{\"@type\":\"Person\",\"@id\":\"https:\\\/\\\/radioljubuski.ba\\\/#\\\/schema\\\/person\\\/19fc700381a780f69665d7956c469e3b\",\"name\":\"Radio Ljubu\u0161ki\"}]}<\/script>\n<!-- \/ Yoast SEO plugin. -->","yoast_head_json":{"title":"UN-ova specijalna izvjestiteljica: Poba\u010daj je \u201cradikalni \u010din ljubavi prema sebi\u201d - RADIO LJUBU\u0160KI","robots":{"index":"index","follow":"follow","max-snippet":"max-snippet:-1","max-image-preview":"max-image-preview:large","max-video-preview":"max-video-preview:-1"},"canonical":"https:\/\/radioljubuski.ba\/index.php\/2021\/09\/27\/un-ova-specijalna-izvjestiteljica-pobacaj-je-radikalni-cin-ljubavi-prema-sebi\/","og_locale":"hr_HR","og_type":"article","og_title":"UN-ova specijalna izvjestiteljica: Poba\u010daj je \u201cradikalni \u010din ljubavi prema sebi\u201d - RADIO LJUBU\u0160KI","og_description":"Specijalna izvjestiteljica Vije\u0107a za ljudska prava Ujedinjenih Naroda opisala je poba\u010daj kao \u201eradikalni \u010din ljubavi prema sebi\u201d, donosi Right to Life UK. Pro\u0161le je godine Specijalna izvjestiteljica, Dr. Tlaleng Mofokeng iz Ju\u017ene Afrike, objavila izjavu vezanu uz \u201epravilo zabrane\u201d predsjednika Trumpa, koje je zabranilo financiranje poba\u010daja u inozemstvu iz novca poreznih obveznika SAD-a. Specijalni izvjestitelji [&hellip;]","og_url":"https:\/\/radioljubuski.ba\/index.php\/2021\/09\/27\/un-ova-specijalna-izvjestiteljica-pobacaj-je-radikalni-cin-ljubavi-prema-sebi\/","og_site_name":"RADIO LJUBU\u0160KI","article_publisher":"https:\/\/www.facebook.com\/Radiio-Ljubuski-1490835324566332","article_published_time":"2021-09-27T11:27:42+00:00","article_modified_time":"2021-09-27T11:27:43+00:00","og_image":[{"width":696,"height":522,"url":"https:\/\/radioljubuski.ba\/wp-content\/uploads\/2021\/09\/Tlaleng-Mofokeng.jpg-696x522-1.jpg","type":"image\/jpeg"}],"author":"Radio Ljubu\u0161ki","twitter_card":"summary_large_image","twitter_creator":"@radioljubuski","twitter_site":"@radioljubuski","twitter_misc":{"Napisao\/la":"Radio Ljubu\u0161ki","Procijenjeno vrijeme \u010ditanja":"2 minute"},"schema":{"@context":"https:\/\/schema.org","@graph":[{"@type":"Article","@id":"https:\/\/radioljubuski.ba\/index.php\/2021\/09\/27\/un-ova-specijalna-izvjestiteljica-pobacaj-je-radikalni-cin-ljubavi-prema-sebi\/#article","isPartOf":{"@id":"https:\/\/radioljubuski.ba\/index.php\/2021\/09\/27\/un-ova-specijalna-izvjestiteljica-pobacaj-je-radikalni-cin-ljubavi-prema-sebi\/"},"author":{"name":"Radio Ljubu\u0161ki","@id":"https:\/\/radioljubuski.ba\/#\/schema\/person\/19fc700381a780f69665d7956c469e3b"},"headline":"UN-ova specijalna izvjestiteljica: Poba\u010daj je \u201cradikalni \u010din ljubavi prema sebi\u201d","datePublished":"2021-09-27T11:27:42+00:00","dateModified":"2021-09-27T11:27:43+00:00","mainEntityOfPage":{"@id":"https:\/\/radioljubuski.ba\/index.php\/2021\/09\/27\/un-ova-specijalna-izvjestiteljica-pobacaj-je-radikalni-cin-ljubavi-prema-sebi\/"},"wordCount":410,"publisher":{"@id":"https:\/\/radioljubuski.ba\/#organization"},"image":{"@id":"https:\/\/radioljubuski.ba\/index.php\/2021\/09\/27\/un-ova-specijalna-izvjestiteljica-pobacaj-je-radikalni-cin-ljubavi-prema-sebi\/#primaryimage"},"thumbnailUrl":"https:\/\/radioljubuski.ba\/wp-content\/uploads\/2021\/09\/Tlaleng-Mofokeng.jpg-696x522-1.jpg","articleSection":["BIH i regija"],"inLanguage":"hr"},{"@type":"WebPage","@id":"https:\/\/radioljubuski.ba\/index.php\/2021\/09\/27\/un-ova-specijalna-izvjestiteljica-pobacaj-je-radikalni-cin-ljubavi-prema-sebi\/","url":"https:\/\/radioljubuski.ba\/index.php\/2021\/09\/27\/un-ova-specijalna-izvjestiteljica-pobacaj-je-radikalni-cin-ljubavi-prema-sebi\/","name":"UN-ova specijalna izvjestiteljica: Poba\u010daj je \u201cradikalni \u010din ljubavi prema sebi\u201d - RADIO LJUBU\u0160KI","isPartOf":{"@id":"https:\/\/radioljubuski.ba\/#website"},"primaryImageOfPage":{"@id":"https:\/\/radioljubuski.ba\/index.php\/2021\/09\/27\/un-ova-specijalna-izvjestiteljica-pobacaj-je-radikalni-cin-ljubavi-prema-sebi\/#primaryimage"},"image":{"@id":"https:\/\/radioljubuski.ba\/index.php\/2021\/09\/27\/un-ova-specijalna-izvjestiteljica-pobacaj-je-radikalni-cin-ljubavi-prema-sebi\/#primaryimage"},"thumbnailUrl":"https:\/\/radioljubuski.ba\/wp-content\/uploads\/2021\/09\/Tlaleng-Mofokeng.jpg-696x522-1.jpg","datePublished":"2021-09-27T11:27:42+00:00","dateModified":"2021-09-27T11:27:43+00:00","breadcrumb":{"@id":"https:\/\/radioljubuski.ba\/index.php\/2021\/09\/27\/un-ova-specijalna-izvjestiteljica-pobacaj-je-radikalni-cin-ljubavi-prema-sebi\/#breadcrumb"},"inLanguage":"hr","potentialAction":[{"@type":"ReadAction","target":["https:\/\/radioljubuski.ba\/index.php\/2021\/09\/27\/un-ova-specijalna-izvjestiteljica-pobacaj-je-radikalni-cin-ljubavi-prema-sebi\/"]}]},{"@type":"ImageObject","inLanguage":"hr","@id":"https:\/\/radioljubuski.ba\/index.php\/2021\/09\/27\/un-ova-specijalna-izvjestiteljica-pobacaj-je-radikalni-cin-ljubavi-prema-sebi\/#primaryimage","url":"https:\/\/radioljubuski.ba\/wp-content\/uploads\/2021\/09\/Tlaleng-Mofokeng.jpg-696x522-1.jpg","contentUrl":"https:\/\/radioljubuski.ba\/wp-content\/uploads\/2021\/09\/Tlaleng-Mofokeng.jpg-696x522-1.jpg","width":696,"height":522},{"@type":"BreadcrumbList","@id":"https:\/\/radioljubuski.ba\/index.php\/2021\/09\/27\/un-ova-specijalna-izvjestiteljica-pobacaj-je-radikalni-cin-ljubavi-prema-sebi\/#breadcrumb","itemListElement":[{"@type":"ListItem","position":1,"name":"Po\u010detna stranica","item":"https:\/\/radioljubuski.ba\/"},{"@type":"ListItem","position":2,"name":"UN-ova specijalna izvjestiteljica: Poba\u010daj je \u201cradikalni \u010din ljubavi prema sebi\u201d"}]},{"@type":"WebSite","@id":"https:\/\/radioljubuski.ba\/#website","url":"https:\/\/radioljubuski.ba\/","name":"Radio Ljubu\u0161ki","description":"Sun\u010dana frekvencija Hercegovine","publisher":{"@id":"https:\/\/radioljubuski.ba\/#organization"},"potentialAction":[{"@type":"SearchAction","target":{"@type":"EntryPoint","urlTemplate":"https:\/\/radioljubuski.ba\/?s={search_term_string}"},"query-input":{"@type":"PropertyValueSpecification","valueRequired":true,"valueName":"search_term_string"}}],"inLanguage":"hr"},{"@type":"Organization","@id":"https:\/\/radioljubuski.ba\/#organization","name":"Radio Ljubu\u0161ki","url":"https:\/\/radioljubuski.ba\/","logo":{"@type":"ImageObject","inLanguage":"hr","@id":"https:\/\/radioljubuski.ba\/#\/schema\/logo\/image\/","url":"https:\/\/radioljubuski.ba\/wp-content\/uploads\/2021\/02\/cropped-Radio_Ljubuski_logo1.jpg","contentUrl":"https:\/\/radioljubuski.ba\/wp-content\/uploads\/2021\/02\/cropped-Radio_Ljubuski_logo1.jpg","width":512,"height":512,"caption":"Radio Ljubu\u0161ki"},"image":{"@id":"https:\/\/radioljubuski.ba\/#\/schema\/logo\/image\/"},"sameAs":["https:\/\/www.facebook.com\/Radiio-Ljubuski-1490835324566332","https:\/\/x.com\/radioljubuski","https:\/\/hr.linkedin.com\/company\/radio-ljubuski","https:\/\/www.youtube.com\/channel\/UCHYaeO_n0Db3tjNGudGpXyw"]},{"@type":"Person","@id":"https:\/\/radioljubuski.ba\/#\/schema\/person\/19fc700381a780f69665d7956c469e3b","name":"Radio Ljubu\u0161ki"}]}},"_links":{"self":[{"href":"https:\/\/radioljubuski.ba\/index.php\/wp-json\/wp\/v2\/posts\/68616","targetHints":{"allow":["GET"]}}],"collection":[{"href":"https:\/\/radioljubuski.ba\/index.php\/wp-json\/wp\/v2\/posts"}],"about":[{"href":"https:\/\/radioljubuski.ba\/index.php\/wp-json\/wp\/v2\/types\/post"}],"author":[{"embeddable":true,"href":"https:\/\/radioljubuski.ba\/index.php\/wp-json\/wp\/v2\/users\/2"}],"replies":[{"embeddable":true,"href":"https:\/\/radioljubuski.ba\/index.php\/wp-json\/wp\/v2\/comments?post=68616"}],"version-history":[{"count":1,"href":"https:\/\/radioljubuski.ba\/index.php\/wp-json\/wp\/v2\/posts\/68616\/revisions"}],"predecessor-version":[{"id":68618,"href":"https:\/\/radioljubuski.ba\/index.php\/wp-json\/wp\/v2\/posts\/68616\/revisions\/68618"}],"wp:featuredmedia":[{"embeddable":true,"href":"https:\/\/radioljubuski.ba\/index.php\/wp-json\/wp\/v2\/media\/68617"}],"wp:attachment":[{"href":"https:\/\/radioljubuski.ba\/index.php\/wp-json\/wp\/v2\/media?parent=68616"}],"wp:term":[{"taxonomy":"category","embeddable":true,"href":"https:\/\/radioljubuski.ba\/index.php\/wp-json\/wp\/v2\/categories?post=68616"},{"taxonomy":"post_tag","embeddable":true,"href":"https:\/\/radioljubuski.ba\/index.php\/wp-json\/wp\/v2\/tags?post=68616"}],"curies":[{"name":"wp","href":"https:\/\/api.w.org\/{rel}","templated":true}]}}