{"id":68619,"date":"2021-09-27T12:29:13","date_gmt":"2021-09-27T11:29:13","guid":{"rendered":"https:\/\/radioljubuski.ba\/?p=68619"},"modified":"2021-09-27T12:29:15","modified_gmt":"2021-09-27T11:29:15","slug":"svicarci-na-referendumu-nisu-uspjeli-zastititi-brak-kao-zajednicu-zene-i-muskarca","status":"publish","type":"post","link":"https:\/\/radioljubuski.ba\/index.php\/2021\/09\/27\/svicarci-na-referendumu-nisu-uspjeli-zastititi-brak-kao-zajednicu-zene-i-muskarca\/","title":{"rendered":"\u0160vicarci na referendumu nisu uspjeli za\u0161tititi brak kao zajednicu \u017eene i mu\u0161karca"},"content":{"rendered":"\n<p>\u0160vicarci su u nedjelju iza\u0161li na referendum o za\u0161titi braka kao zajednice \u017eene i mu\u0161karca odnosno o istospolnim parovima i njihovoj mogu\u0107nosti da se \u201cvjen\u010daju\u201d. Prema slu\u017ebenim rezultatima 64,1% glasa\u010da glasovalo je za omogu\u0107avanje \u201cbraka istospolnim parovima\u201d.<\/p>\n\n\n\n<p>U svih 26 kantona \u0160vicarci su podr\u017eali izmjenu definicije braka. \u0160vicarska je odobrila istospolna gra\u0111anska partnerstva jo\u0161 2007. godine. Pobornici o\u010duvanja braka kao zajednice mu\u0161karca i \u017eene isti\u010du da \u0107e izjedna\u010davanje istospolnih parova s heteroseksualnim moglo dovesti do toga da im se omogu\u0107i posvajanje djece.<\/p>\n\n\n\n<p>U prosincu pro\u0161le godine \u0161vicarski parlament dopustio je formalizaciju \u2018istospolnih veza\u2019, me\u0111utim, u svibnju je premijer objavio da su kriti\u010dari zakona prikupili 61.027 potpisa kako bi to pitanje iznijeli na nacionalno glasovanje. Sporni Zakon izglasovan u prosincu pro\u0161le godine tako\u0111er je lezbijskim parovima omogu\u0107io pristup darivateljima sperme.<\/p>\n\n\n\n<p>U \u0160vicarskoj, zemlji s oko 8,5 milijuna stanovnika, zakoni koji su ve\u0107 doneseni mogu se osporiti referendumom nakon skupljanja 50 tisu\u0107a potpisa. Za prijedloge zbog kojih bi se trebao mijenjati ustav potrebno je 100 tisu\u0107a potpisa.<\/p>\n\n\n\n<p>Ve\u0107ina zemalja u zapadnoj Europi priznaje istospolne brakove, za razliku od ve\u0107ine dr\u017eava u srednjoj i isto\u010dnoj Europi koje ne dopu\u0161taju sklapanje braka izme\u0111u dva mu\u0161karca ili dvije \u017eene.<\/p>\n\n\n\n<p>\u0160vicarci su u nedjelju tako\u0111er odbacili prijedlog ljevi\u010darskih skupina za pove\u0107anje poreza na povrat od ulaganja i kapitala, poput dividendi ili prihoda od najma nekretnina u \u0160vicarskoj. Rezultati su pokazali da je 64,9% glasovalo protiv pove\u0107anja poreza, odnosno da nijedan kanton nije podr\u017eao takav prijedlog, prenosi <a href=\"https:\/\/www.npr.org\/2021\/09\/26\/1040761090\/switzerland-same-sex-marriage-referendum?t=1632724054809&amp;t=1632727196005\">npr.org<\/a>.<\/p>\n\n\n\n<p><strong>Hrvatska 2013. stala u za\u0161titu braka i obitelji<\/strong><\/p>\n\n\n\n<p>Podsjetimo kako je 1. prosinca 2013., 23 godine od osamostaljenja Republike Hrvatske, odr\u017ean prvi narodni referendum \u2013 referendum koji su pokrenuli i omogu\u0107ili samo gra\u0111ani.<\/p>\n\n\n\n<p>Protiv najdemokratskijeg na\u010dina izja\u0161njavanja bira\u010da \u2013 referenduma \u2013 o referendumskom pitanju \u201eJeste li za to da se u Ustav RH unese odredba po kojoj je brak \u017eivotna zajednica \u017eene i mu\u0161karca?\u201c\u2013 bili su tada\u0161nji premijer Milanovi\u0107 i cijela njegova vlada sa svim ministrima, s njima povezane tzv. civilne udruge, tada\u0161nji predsjednik RH Ivo Josipovi\u0107. Predsjednik RH se tada suprotno demokratskoj praksi i smjernicama Venecijanske komisije, pojavio na naslovnici Jutarnjeg lista uz naslov:\u201cJa \u0107u glasati protiv, a vi?\u201c, a gotovo 90 % medijskih izvje\u0161\u0107a bilo je protiv referenduma i prava bira\u010da da u demokratskom ozra\u010dju odlu\u010duju o tako va\u017enom pitanju kao \u0161to su brak, obitelj, posvajanje i podizanje djece.<\/p>\n\n\n\n<p>Unato\u010d mu\u010dnoj atmosferi punoj politi\u010dkog i medijskog pritiska, zastra\u0161ivanja i etiketiranja, 66% bira\u010da izjasnilo se ZA ustavnu za\u0161titu braka kao zajednice \u017eene i mu\u0161karca.<\/p>\n\n\n\n<p><em>Izvor: narod.hr\/npr.org<\/em><\/p>\n","protected":false},"excerpt":{"rendered":"<p>\u0160vicarci su u nedjelju iza\u0161li na referendum o za\u0161titi braka kao zajednice \u017eene i mu\u0161karca odnosno o istospolnim parovima i njihovoj mogu\u0107nosti da se \u201cvjen\u010daju\u201d. Prema slu\u017ebenim rezultatima 64,1% glasa\u010da glasovalo je za omogu\u0107avanje \u201cbraka istospolnim parovima\u201d. U svih 26 kantona \u0160vicarci su podr\u017eali izmjenu definicije braka. \u0160vicarska je odobrila istospolna gra\u0111anska partnerstva jo\u0161 2007. [&hellip;]<\/p>\n","protected":false},"author":2,"featured_media":68620,"comment_status":"closed","ping_status":"closed","sticky":false,"template":"","format":"standard","meta":{"h5ap_radio_sources":[],"footnotes":""},"categories":[1],"tags":[],"class_list":["post-68619","post","type-post","status-publish","format-standard","has-post-thumbnail","hentry","category-bihiregija"],"yoast_head":"<!-- This site is optimized with the Yoast SEO plugin v27.5 - https:\/\/yoast.com\/product\/yoast-seo-wordpress\/ -->\n<title>\u0160vicarci na referendumu nisu uspjeli za\u0161tititi brak kao zajednicu \u017eene i mu\u0161karca - RADIO LJUBU\u0160KI<\/title>\n<meta name=\"robots\" content=\"index, follow, max-snippet:-1, max-image-preview:large, max-video-preview:-1\" \/>\n<link rel=\"canonical\" href=\"https:\/\/radioljubuski.ba\/index.php\/2021\/09\/27\/svicarci-na-referendumu-nisu-uspjeli-zastititi-brak-kao-zajednicu-zene-i-muskarca\/\" \/>\n<meta property=\"og:locale\" content=\"hr_HR\" \/>\n<meta property=\"og:type\" content=\"article\" \/>\n<meta property=\"og:title\" content=\"\u0160vicarci na referendumu nisu uspjeli za\u0161tititi brak kao zajednicu \u017eene i mu\u0161karca - RADIO LJUBU\u0160KI\" \/>\n<meta property=\"og:description\" content=\"\u0160vicarci su u nedjelju iza\u0161li na referendum o za\u0161titi braka kao zajednice \u017eene i mu\u0161karca odnosno o istospolnim parovima i njihovoj mogu\u0107nosti da se \u201cvjen\u010daju\u201d. Prema slu\u017ebenim rezultatima 64,1% glasa\u010da glasovalo je za omogu\u0107avanje \u201cbraka istospolnim parovima\u201d. U svih 26 kantona \u0160vicarci su podr\u017eali izmjenu definicije braka. \u0160vicarska je odobrila istospolna gra\u0111anska partnerstva jo\u0161 2007. [&hellip;]\" \/>\n<meta property=\"og:url\" content=\"https:\/\/radioljubuski.ba\/index.php\/2021\/09\/27\/svicarci-na-referendumu-nisu-uspjeli-zastititi-brak-kao-zajednicu-zene-i-muskarca\/\" \/>\n<meta property=\"og:site_name\" content=\"RADIO LJUBU\u0160KI\" \/>\n<meta property=\"article:publisher\" content=\"https:\/\/www.facebook.com\/Radiio-Ljubuski-1490835324566332\" \/>\n<meta property=\"article:published_time\" content=\"2021-09-27T11:29:13+00:00\" \/>\n<meta property=\"article:modified_time\" content=\"2021-09-27T11:29:15+00:00\" \/>\n<meta property=\"og:image\" content=\"https:\/\/radioljubuski.ba\/wp-content\/uploads\/2021\/09\/GettyImages-1140643979-696x464-1.jpg\" \/>\n\t<meta property=\"og:image:width\" content=\"696\" \/>\n\t<meta property=\"og:image:height\" content=\"464\" \/>\n\t<meta property=\"og:image:type\" content=\"image\/jpeg\" \/>\n<meta name=\"author\" content=\"Radio Ljubu\u0161ki\" \/>\n<meta name=\"twitter:card\" content=\"summary_large_image\" \/>\n<meta name=\"twitter:creator\" content=\"@radioljubuski\" \/>\n<meta name=\"twitter:site\" content=\"@radioljubuski\" \/>\n<meta name=\"twitter:label1\" content=\"Napisao\/la\" \/>\n\t<meta name=\"twitter:data1\" content=\"Radio Ljubu\u0161ki\" \/>\n\t<meta name=\"twitter:label2\" content=\"Procijenjeno vrijeme \u010ditanja\" \/>\n\t<meta name=\"twitter:data2\" content=\"2 minute\" \/>\n<script type=\"application\/ld+json\" class=\"yoast-schema-graph\">{\"@context\":\"https:\\\/\\\/schema.org\",\"@graph\":[{\"@type\":\"Article\",\"@id\":\"https:\\\/\\\/radioljubuski.ba\\\/index.php\\\/2021\\\/09\\\/27\\\/svicarci-na-referendumu-nisu-uspjeli-zastititi-brak-kao-zajednicu-zene-i-muskarca\\\/#article\",\"isPartOf\":{\"@id\":\"https:\\\/\\\/radioljubuski.ba\\\/index.php\\\/2021\\\/09\\\/27\\\/svicarci-na-referendumu-nisu-uspjeli-zastititi-brak-kao-zajednicu-zene-i-muskarca\\\/\"},\"author\":{\"name\":\"Radio Ljubu\u0161ki\",\"@id\":\"https:\\\/\\\/radioljubuski.ba\\\/#\\\/schema\\\/person\\\/19fc700381a780f69665d7956c469e3b\"},\"headline\":\"\u0160vicarci na referendumu nisu uspjeli za\u0161tititi brak kao zajednicu \u017eene i mu\u0161karca\",\"datePublished\":\"2021-09-27T11:29:13+00:00\",\"dateModified\":\"2021-09-27T11:29:15+00:00\",\"mainEntityOfPage\":{\"@id\":\"https:\\\/\\\/radioljubuski.ba\\\/index.php\\\/2021\\\/09\\\/27\\\/svicarci-na-referendumu-nisu-uspjeli-zastititi-brak-kao-zajednicu-zene-i-muskarca\\\/\"},\"wordCount\":465,\"publisher\":{\"@id\":\"https:\\\/\\\/radioljubuski.ba\\\/#organization\"},\"image\":{\"@id\":\"https:\\\/\\\/radioljubuski.ba\\\/index.php\\\/2021\\\/09\\\/27\\\/svicarci-na-referendumu-nisu-uspjeli-zastititi-brak-kao-zajednicu-zene-i-muskarca\\\/#primaryimage\"},\"thumbnailUrl\":\"https:\\\/\\\/radioljubuski.ba\\\/wp-content\\\/uploads\\\/2021\\\/09\\\/GettyImages-1140643979-696x464-1.jpg\",\"articleSection\":[\"BIH i regija\"],\"inLanguage\":\"hr\"},{\"@type\":\"WebPage\",\"@id\":\"https:\\\/\\\/radioljubuski.ba\\\/index.php\\\/2021\\\/09\\\/27\\\/svicarci-na-referendumu-nisu-uspjeli-zastititi-brak-kao-zajednicu-zene-i-muskarca\\\/\",\"url\":\"https:\\\/\\\/radioljubuski.ba\\\/index.php\\\/2021\\\/09\\\/27\\\/svicarci-na-referendumu-nisu-uspjeli-zastititi-brak-kao-zajednicu-zene-i-muskarca\\\/\",\"name\":\"\u0160vicarci na referendumu nisu uspjeli za\u0161tititi brak kao zajednicu \u017eene i mu\u0161karca - RADIO LJUBU\u0160KI\",\"isPartOf\":{\"@id\":\"https:\\\/\\\/radioljubuski.ba\\\/#website\"},\"primaryImageOfPage\":{\"@id\":\"https:\\\/\\\/radioljubuski.ba\\\/index.php\\\/2021\\\/09\\\/27\\\/svicarci-na-referendumu-nisu-uspjeli-zastititi-brak-kao-zajednicu-zene-i-muskarca\\\/#primaryimage\"},\"image\":{\"@id\":\"https:\\\/\\\/radioljubuski.ba\\\/index.php\\\/2021\\\/09\\\/27\\\/svicarci-na-referendumu-nisu-uspjeli-zastititi-brak-kao-zajednicu-zene-i-muskarca\\\/#primaryimage\"},\"thumbnailUrl\":\"https:\\\/\\\/radioljubuski.ba\\\/wp-content\\\/uploads\\\/2021\\\/09\\\/GettyImages-1140643979-696x464-1.jpg\",\"datePublished\":\"2021-09-27T11:29:13+00:00\",\"dateModified\":\"2021-09-27T11:29:15+00:00\",\"breadcrumb\":{\"@id\":\"https:\\\/\\\/radioljubuski.ba\\\/index.php\\\/2021\\\/09\\\/27\\\/svicarci-na-referendumu-nisu-uspjeli-zastititi-brak-kao-zajednicu-zene-i-muskarca\\\/#breadcrumb\"},\"inLanguage\":\"hr\",\"potentialAction\":[{\"@type\":\"ReadAction\",\"target\":[\"https:\\\/\\\/radioljubuski.ba\\\/index.php\\\/2021\\\/09\\\/27\\\/svicarci-na-referendumu-nisu-uspjeli-zastititi-brak-kao-zajednicu-zene-i-muskarca\\\/\"]}]},{\"@type\":\"ImageObject\",\"inLanguage\":\"hr\",\"@id\":\"https:\\\/\\\/radioljubuski.ba\\\/index.php\\\/2021\\\/09\\\/27\\\/svicarci-na-referendumu-nisu-uspjeli-zastititi-brak-kao-zajednicu-zene-i-muskarca\\\/#primaryimage\",\"url\":\"https:\\\/\\\/radioljubuski.ba\\\/wp-content\\\/uploads\\\/2021\\\/09\\\/GettyImages-1140643979-696x464-1.jpg\",\"contentUrl\":\"https:\\\/\\\/radioljubuski.ba\\\/wp-content\\\/uploads\\\/2021\\\/09\\\/GettyImages-1140643979-696x464-1.jpg\",\"width\":696,\"height\":464},{\"@type\":\"BreadcrumbList\",\"@id\":\"https:\\\/\\\/radioljubuski.ba\\\/index.php\\\/2021\\\/09\\\/27\\\/svicarci-na-referendumu-nisu-uspjeli-zastititi-brak-kao-zajednicu-zene-i-muskarca\\\/#breadcrumb\",\"itemListElement\":[{\"@type\":\"ListItem\",\"position\":1,\"name\":\"Po\u010detna stranica\",\"item\":\"https:\\\/\\\/radioljubuski.ba\\\/\"},{\"@type\":\"ListItem\",\"position\":2,\"name\":\"\u0160vicarci na referendumu nisu uspjeli za\u0161tititi brak kao zajednicu \u017eene i mu\u0161karca\"}]},{\"@type\":\"WebSite\",\"@id\":\"https:\\\/\\\/radioljubuski.ba\\\/#website\",\"url\":\"https:\\\/\\\/radioljubuski.ba\\\/\",\"name\":\"Radio Ljubu\u0161ki\",\"description\":\"Sun\u010dana frekvencija Hercegovine\",\"publisher\":{\"@id\":\"https:\\\/\\\/radioljubuski.ba\\\/#organization\"},\"potentialAction\":[{\"@type\":\"SearchAction\",\"target\":{\"@type\":\"EntryPoint\",\"urlTemplate\":\"https:\\\/\\\/radioljubuski.ba\\\/?s={search_term_string}\"},\"query-input\":{\"@type\":\"PropertyValueSpecification\",\"valueRequired\":true,\"valueName\":\"search_term_string\"}}],\"inLanguage\":\"hr\"},{\"@type\":\"Organization\",\"@id\":\"https:\\\/\\\/radioljubuski.ba\\\/#organization\",\"name\":\"Radio Ljubu\u0161ki\",\"url\":\"https:\\\/\\\/radioljubuski.ba\\\/\",\"logo\":{\"@type\":\"ImageObject\",\"inLanguage\":\"hr\",\"@id\":\"https:\\\/\\\/radioljubuski.ba\\\/#\\\/schema\\\/logo\\\/image\\\/\",\"url\":\"https:\\\/\\\/radioljubuski.ba\\\/wp-content\\\/uploads\\\/2021\\\/02\\\/cropped-Radio_Ljubuski_logo1.jpg\",\"contentUrl\":\"https:\\\/\\\/radioljubuski.ba\\\/wp-content\\\/uploads\\\/2021\\\/02\\\/cropped-Radio_Ljubuski_logo1.jpg\",\"width\":512,\"height\":512,\"caption\":\"Radio Ljubu\u0161ki\"},\"image\":{\"@id\":\"https:\\\/\\\/radioljubuski.ba\\\/#\\\/schema\\\/logo\\\/image\\\/\"},\"sameAs\":[\"https:\\\/\\\/www.facebook.com\\\/Radiio-Ljubuski-1490835324566332\",\"https:\\\/\\\/x.com\\\/radioljubuski\",\"https:\\\/\\\/hr.linkedin.com\\\/company\\\/radio-ljubuski\",\"https:\\\/\\\/www.youtube.com\\\/channel\\\/UCHYaeO_n0Db3tjNGudGpXyw\"]},{\"@type\":\"Person\",\"@id\":\"https:\\\/\\\/radioljubuski.ba\\\/#\\\/schema\\\/person\\\/19fc700381a780f69665d7956c469e3b\",\"name\":\"Radio Ljubu\u0161ki\"}]}<\/script>\n<!-- \/ Yoast SEO plugin. -->","yoast_head_json":{"title":"\u0160vicarci na referendumu nisu uspjeli za\u0161tititi brak kao zajednicu \u017eene i mu\u0161karca - RADIO LJUBU\u0160KI","robots":{"index":"index","follow":"follow","max-snippet":"max-snippet:-1","max-image-preview":"max-image-preview:large","max-video-preview":"max-video-preview:-1"},"canonical":"https:\/\/radioljubuski.ba\/index.php\/2021\/09\/27\/svicarci-na-referendumu-nisu-uspjeli-zastititi-brak-kao-zajednicu-zene-i-muskarca\/","og_locale":"hr_HR","og_type":"article","og_title":"\u0160vicarci na referendumu nisu uspjeli za\u0161tititi brak kao zajednicu \u017eene i mu\u0161karca - RADIO LJUBU\u0160KI","og_description":"\u0160vicarci su u nedjelju iza\u0161li na referendum o za\u0161titi braka kao zajednice \u017eene i mu\u0161karca odnosno o istospolnim parovima i njihovoj mogu\u0107nosti da se \u201cvjen\u010daju\u201d. Prema slu\u017ebenim rezultatima 64,1% glasa\u010da glasovalo je za omogu\u0107avanje \u201cbraka istospolnim parovima\u201d. U svih 26 kantona \u0160vicarci su podr\u017eali izmjenu definicije braka. \u0160vicarska je odobrila istospolna gra\u0111anska partnerstva jo\u0161 2007. [&hellip;]","og_url":"https:\/\/radioljubuski.ba\/index.php\/2021\/09\/27\/svicarci-na-referendumu-nisu-uspjeli-zastititi-brak-kao-zajednicu-zene-i-muskarca\/","og_site_name":"RADIO LJUBU\u0160KI","article_publisher":"https:\/\/www.facebook.com\/Radiio-Ljubuski-1490835324566332","article_published_time":"2021-09-27T11:29:13+00:00","article_modified_time":"2021-09-27T11:29:15+00:00","og_image":[{"width":696,"height":464,"url":"https:\/\/radioljubuski.ba\/wp-content\/uploads\/2021\/09\/GettyImages-1140643979-696x464-1.jpg","type":"image\/jpeg"}],"author":"Radio Ljubu\u0161ki","twitter_card":"summary_large_image","twitter_creator":"@radioljubuski","twitter_site":"@radioljubuski","twitter_misc":{"Napisao\/la":"Radio Ljubu\u0161ki","Procijenjeno vrijeme \u010ditanja":"2 minute"},"schema":{"@context":"https:\/\/schema.org","@graph":[{"@type":"Article","@id":"https:\/\/radioljubuski.ba\/index.php\/2021\/09\/27\/svicarci-na-referendumu-nisu-uspjeli-zastititi-brak-kao-zajednicu-zene-i-muskarca\/#article","isPartOf":{"@id":"https:\/\/radioljubuski.ba\/index.php\/2021\/09\/27\/svicarci-na-referendumu-nisu-uspjeli-zastititi-brak-kao-zajednicu-zene-i-muskarca\/"},"author":{"name":"Radio Ljubu\u0161ki","@id":"https:\/\/radioljubuski.ba\/#\/schema\/person\/19fc700381a780f69665d7956c469e3b"},"headline":"\u0160vicarci na referendumu nisu uspjeli za\u0161tititi brak kao zajednicu \u017eene i mu\u0161karca","datePublished":"2021-09-27T11:29:13+00:00","dateModified":"2021-09-27T11:29:15+00:00","mainEntityOfPage":{"@id":"https:\/\/radioljubuski.ba\/index.php\/2021\/09\/27\/svicarci-na-referendumu-nisu-uspjeli-zastititi-brak-kao-zajednicu-zene-i-muskarca\/"},"wordCount":465,"publisher":{"@id":"https:\/\/radioljubuski.ba\/#organization"},"image":{"@id":"https:\/\/radioljubuski.ba\/index.php\/2021\/09\/27\/svicarci-na-referendumu-nisu-uspjeli-zastititi-brak-kao-zajednicu-zene-i-muskarca\/#primaryimage"},"thumbnailUrl":"https:\/\/radioljubuski.ba\/wp-content\/uploads\/2021\/09\/GettyImages-1140643979-696x464-1.jpg","articleSection":["BIH i regija"],"inLanguage":"hr"},{"@type":"WebPage","@id":"https:\/\/radioljubuski.ba\/index.php\/2021\/09\/27\/svicarci-na-referendumu-nisu-uspjeli-zastititi-brak-kao-zajednicu-zene-i-muskarca\/","url":"https:\/\/radioljubuski.ba\/index.php\/2021\/09\/27\/svicarci-na-referendumu-nisu-uspjeli-zastititi-brak-kao-zajednicu-zene-i-muskarca\/","name":"\u0160vicarci na referendumu nisu uspjeli za\u0161tititi brak kao zajednicu \u017eene i mu\u0161karca - RADIO LJUBU\u0160KI","isPartOf":{"@id":"https:\/\/radioljubuski.ba\/#website"},"primaryImageOfPage":{"@id":"https:\/\/radioljubuski.ba\/index.php\/2021\/09\/27\/svicarci-na-referendumu-nisu-uspjeli-zastititi-brak-kao-zajednicu-zene-i-muskarca\/#primaryimage"},"image":{"@id":"https:\/\/radioljubuski.ba\/index.php\/2021\/09\/27\/svicarci-na-referendumu-nisu-uspjeli-zastititi-brak-kao-zajednicu-zene-i-muskarca\/#primaryimage"},"thumbnailUrl":"https:\/\/radioljubuski.ba\/wp-content\/uploads\/2021\/09\/GettyImages-1140643979-696x464-1.jpg","datePublished":"2021-09-27T11:29:13+00:00","dateModified":"2021-09-27T11:29:15+00:00","breadcrumb":{"@id":"https:\/\/radioljubuski.ba\/index.php\/2021\/09\/27\/svicarci-na-referendumu-nisu-uspjeli-zastititi-brak-kao-zajednicu-zene-i-muskarca\/#breadcrumb"},"inLanguage":"hr","potentialAction":[{"@type":"ReadAction","target":["https:\/\/radioljubuski.ba\/index.php\/2021\/09\/27\/svicarci-na-referendumu-nisu-uspjeli-zastititi-brak-kao-zajednicu-zene-i-muskarca\/"]}]},{"@type":"ImageObject","inLanguage":"hr","@id":"https:\/\/radioljubuski.ba\/index.php\/2021\/09\/27\/svicarci-na-referendumu-nisu-uspjeli-zastititi-brak-kao-zajednicu-zene-i-muskarca\/#primaryimage","url":"https:\/\/radioljubuski.ba\/wp-content\/uploads\/2021\/09\/GettyImages-1140643979-696x464-1.jpg","contentUrl":"https:\/\/radioljubuski.ba\/wp-content\/uploads\/2021\/09\/GettyImages-1140643979-696x464-1.jpg","width":696,"height":464},{"@type":"BreadcrumbList","@id":"https:\/\/radioljubuski.ba\/index.php\/2021\/09\/27\/svicarci-na-referendumu-nisu-uspjeli-zastititi-brak-kao-zajednicu-zene-i-muskarca\/#breadcrumb","itemListElement":[{"@type":"ListItem","position":1,"name":"Po\u010detna stranica","item":"https:\/\/radioljubuski.ba\/"},{"@type":"ListItem","position":2,"name":"\u0160vicarci na referendumu nisu uspjeli za\u0161tititi brak kao zajednicu \u017eene i mu\u0161karca"}]},{"@type":"WebSite","@id":"https:\/\/radioljubuski.ba\/#website","url":"https:\/\/radioljubuski.ba\/","name":"Radio Ljubu\u0161ki","description":"Sun\u010dana frekvencija Hercegovine","publisher":{"@id":"https:\/\/radioljubuski.ba\/#organization"},"potentialAction":[{"@type":"SearchAction","target":{"@type":"EntryPoint","urlTemplate":"https:\/\/radioljubuski.ba\/?s={search_term_string}"},"query-input":{"@type":"PropertyValueSpecification","valueRequired":true,"valueName":"search_term_string"}}],"inLanguage":"hr"},{"@type":"Organization","@id":"https:\/\/radioljubuski.ba\/#organization","name":"Radio Ljubu\u0161ki","url":"https:\/\/radioljubuski.ba\/","logo":{"@type":"ImageObject","inLanguage":"hr","@id":"https:\/\/radioljubuski.ba\/#\/schema\/logo\/image\/","url":"https:\/\/radioljubuski.ba\/wp-content\/uploads\/2021\/02\/cropped-Radio_Ljubuski_logo1.jpg","contentUrl":"https:\/\/radioljubuski.ba\/wp-content\/uploads\/2021\/02\/cropped-Radio_Ljubuski_logo1.jpg","width":512,"height":512,"caption":"Radio Ljubu\u0161ki"},"image":{"@id":"https:\/\/radioljubuski.ba\/#\/schema\/logo\/image\/"},"sameAs":["https:\/\/www.facebook.com\/Radiio-Ljubuski-1490835324566332","https:\/\/x.com\/radioljubuski","https:\/\/hr.linkedin.com\/company\/radio-ljubuski","https:\/\/www.youtube.com\/channel\/UCHYaeO_n0Db3tjNGudGpXyw"]},{"@type":"Person","@id":"https:\/\/radioljubuski.ba\/#\/schema\/person\/19fc700381a780f69665d7956c469e3b","name":"Radio Ljubu\u0161ki"}]}},"_links":{"self":[{"href":"https:\/\/radioljubuski.ba\/index.php\/wp-json\/wp\/v2\/posts\/68619","targetHints":{"allow":["GET"]}}],"collection":[{"href":"https:\/\/radioljubuski.ba\/index.php\/wp-json\/wp\/v2\/posts"}],"about":[{"href":"https:\/\/radioljubuski.ba\/index.php\/wp-json\/wp\/v2\/types\/post"}],"author":[{"embeddable":true,"href":"https:\/\/radioljubuski.ba\/index.php\/wp-json\/wp\/v2\/users\/2"}],"replies":[{"embeddable":true,"href":"https:\/\/radioljubuski.ba\/index.php\/wp-json\/wp\/v2\/comments?post=68619"}],"version-history":[{"count":1,"href":"https:\/\/radioljubuski.ba\/index.php\/wp-json\/wp\/v2\/posts\/68619\/revisions"}],"predecessor-version":[{"id":68621,"href":"https:\/\/radioljubuski.ba\/index.php\/wp-json\/wp\/v2\/posts\/68619\/revisions\/68621"}],"wp:featuredmedia":[{"embeddable":true,"href":"https:\/\/radioljubuski.ba\/index.php\/wp-json\/wp\/v2\/media\/68620"}],"wp:attachment":[{"href":"https:\/\/radioljubuski.ba\/index.php\/wp-json\/wp\/v2\/media?parent=68619"}],"wp:term":[{"taxonomy":"category","embeddable":true,"href":"https:\/\/radioljubuski.ba\/index.php\/wp-json\/wp\/v2\/categories?post=68619"},{"taxonomy":"post_tag","embeddable":true,"href":"https:\/\/radioljubuski.ba\/index.php\/wp-json\/wp\/v2\/tags?post=68619"}],"curies":[{"name":"wp","href":"https:\/\/api.w.org\/{rel}","templated":true}]}}