{"id":68622,"date":"2021-09-27T12:31:19","date_gmt":"2021-09-27T11:31:19","guid":{"rendered":"https:\/\/radioljubuski.ba\/?p=68622"},"modified":"2021-09-27T12:31:20","modified_gmt":"2021-09-27T11:31:20","slug":"visnja-staresina-tajna-veza-australskih-barracuda-i-hrvatskih-rafala","status":"publish","type":"post","link":"https:\/\/radioljubuski.ba\/index.php\/2021\/09\/27\/visnja-staresina-tajna-veza-australskih-barracuda-i-hrvatskih-rafala\/","title":{"rendered":"Vi\u0161nja Stare\u0161ina: Tajna veza australskih Barracuda i hrvatskih Rafala"},"content":{"rendered":"\n<p>Neobi\u010dan boj se posljednjih dana bije me\u0111u formalnim politi\u010dko-obrambenim saveznicama \u2013 SAD-om i Francuskom. Neposredni povod: Australija je raskinula sporazum o nabavci podmornica s Francuskom i odlu\u010dila kupiti naprednije, nuklearne podmornice od SAD-a, a u sklopu novog australsko-britansko-ameri\u010dkog sigurnosnog saveza (AUKUS). Francuzi su to saznali prakti\u010dki iz novinskih vijesti. Potom su krenuli rafali te\u0161kih rije\u010di s najvi\u0161ih pari\u0161kih adresa &#8211; od predsjednika Macrona do vanjskopoliti\u010dkog ministra Le Driana. Prozivali su Washington da im je &#8220;zabio no\u017e u le\u0111a\u201c, da je &#8220;po\u010dinio izdaju\u201c, Bidena da je gori od Trumpa\u2026<\/p>\n\n\n\n<p>\u0160ef diplomacije Le Drian povukao je francuske veleposlanike iz Washingtona i Canberre. Tjedan dana poslije, nakon \u0161to je dobro prou\u010dio slu\u010daj, oglasio se i nadasve utjecajni predsjednik Europskog vije\u0107a Charles Michel, poru\u010div\u0161i da &#8220;tu vidimo jasan nedostatak transparentnosti i lojalnosti\u201c i da ba\u0161 zato treba &#8220;ja\u010dati kapacitete europske obrane\u201c. S druge strane oceana su pak mirno najavljivali ja\u010danje europsko-ameri\u010dke trgovinsko-tehnolo\u0161ke suradnje, kao da ih francuski rafali bijesa uop\u0107e ne doti\u010du. Kao je to tek dje\u010dja ljutnja manjeg partnera, nakon \u0161to mu je javno pokazano da je \u2013 manji partner.<\/p>\n\n\n\n<p>Afera oko australskih podmornica je prije svega veliki pou\u010dak o tome kako funkcionira svjetski obrambeno-sigurnosni poredak, tko je tko u tom poretku, kako funkcionira business u njemu i u kojoj mjeri obrambeno sigurnosni prioriteti iliti nacionalni interes upravljaju tim businessom. Pouka je to za Francusku, koja se sada ljuti, ne samo zbog propalog posla, ve\u0107 i zbog propalog strate\u0161kog plana. Ali to je i pouka za cijelu Europsku uniju, a na poseban na\u010din i za Hrvatsku. Ako u pri\u010di samo zamijenite francuske Barracude za australsku ratnu mornaricu s francuskim Rafalima za hrvatsko ratno zrakoplovstvo, dobit \u0107ete vrlo zanimljivu analogiju.<\/p>\n\n\n\n<p>No pri\u010da o podmornicama dakako nije zapo\u010dela 15. rujna ove godine, kada su australski premijer Scott Morisson, britanski premijer Boris Johnson i ameri\u010dki predsjednik Joe Biden objavili trilateralni sigurnosni savez AUKUS, u sklopu kojeg \u0107e SAD pomo\u0107i Australiji razviti i razmjestiti nuklearne podmornice. A u skladu AUKUS-om, Australija je jednostrano raskinula ugovor s Francuskom za izgradnju klasi\u010dnih francuskih podmornica Barracuda, koji je Francuskoj trebao donijeti 34 milijarde eura u 25 godina.<\/p>\n\n\n\n<p>Ugovor, koji je jo\u0161 2016. potpisala administracija Macronova prethodnika Hollandea, nije bio samo financijski vrlo vrijedan. Bio je to za Francusku strate\u0161ki va\u017ean ugovor kojim je kanila ostvariti svoj sigurnosni utjecaj u indo-pacifi\u010dkoj regiji, zakora\u010diti u dotada\u0161nji ameri\u010dko-britanski obrambeno-sigurnosni monopol na tom prostoru i time se profilirati kao svojevrsni medijator izme\u0111u rastu\u0107e Kine i angloameri\u010dkog bloka te kao vode\u0107a politi\u010dka sila EU-a. Tada\u0161nja australska vlada vjerovala je pak da je sklopila dobar posao i malo diverzificirala svoja obambeno-sigurnosna partnerstva. Ne sje\u0107am se da je tada\u0161nja Obamina administracija pravila od toga veliku javnu dramu, optu\u017eivala da su joj nelojalni francuski partneri zabili no\u017e u le\u0111a u izbornoj godini ulaze\u0107i u njezin tradicionalni prostor utjecaja. (I podsje\u0107am na analogiju s hrvatskim Rafalima.)<\/p>\n\n\n\n<p>Ameri\u010dki odgovor stigao je pet godina poslije, u vidu AUKUS-a. U me\u0111uvremenu, Australija je spoznala da je bez ameri\u010dkog obrambenog ki\u0161obrana nemo\u0107na pred rastu\u0107om Kinom. A Francuska, pod Macronovim napoleonsko-dramskim utjecajem ba\u0161 je umislila da stvarno postaje obrambeno-sigurnosna sila, koja nakon ulaska u indo-pacifi\u010dku regiju ulazi i u prostor ameri\u010dke dominacije u jugoisto\u010dnoj Europi, prodaju\u0107i Rafale najprije Gr\u010dkoj, potom Hrvatskoj\u2026 Usput puni i svoj vrlo osiroma\u0161eni obrambeni prora\u010dun. A onda je bilo: zabili nam no\u017e u le\u0111a\u2026 Ne, samo je Francuskoj, a i drugima koji \u017eele u\u010diti, pokazano tko je tko u globalnom obrambeno-sigurnosnom businessu.<\/p>\n\n\n\n<p>A to se najbolje vidi iz obrambenih prora\u010duna: SAD 778 milijardi USD u 2021., naspram Francuske s 56 milijardi USD. Ili jo\u0161 slikovitije: Kina, Indija, UK, Saudijska Arabija, Njema\u010dka, Francuska, Japan, Ju\u017ena Koreja, Italija, Australija zajedno (poredane su po visini obrambenih prora\u010duna) imaju u ovoj godini obrambene prora\u010dune u visini 761 milijardi USD. Dakle 10 vojno najja\u010dih dr\u017eava svijeta zajedno imaju prora\u010dune 17 milijardi USD manje od Amerike. To dalje zna\u010di da je SAD taj koji diktira pravila igre u globalnim obrambeno-sigurnosnim poslovima, da Francuska mo\u017ee postati &#8220;medijator&#8221; u globalnoj sigurnosti samo ako je to komplementarno interesima SAD-a. I da se u kona\u010dnici europska obrana i vojni kapaciteti mogu razvijati samo komplementarno s ameri\u010dkim kapacitetima i interesima. A sve pri\u010de o europskoj obrani nasuprot Americi su puka, a \u010desto i skupa tlapnja.<\/p>\n\n\n\n<p>Francuzi su potom povjerovali da \u0107e preko EU-a ucijeniti SAD odugovla\u010denjem pregovora o novom sporazumu o trgova\u010dkoj i tehnolo\u0161koj suradnji. Da \u0107e pokazati kako dr\u017eavni tajnik Blinken pojma nema kad govori da euro-atlansko gospodarsko partnerstvo u postaje sve \u010dvr\u0161\u0107e. Kad tamo, pregovori euro-ameri\u010dkog Vije\u0107a za trgovinu i tehnologiju idu dalje sljede\u0107eg tjedna, prema planu. Kao da se Macron i ne ljuti\u2026.<\/p>\n\n\n\n<p>Pi\u0161e:Vi\u0161nja Stare\u0161ina\/slobodnadalmacija.hr<\/p>\n","protected":false},"excerpt":{"rendered":"<p>Neobi\u010dan boj se posljednjih dana bije me\u0111u formalnim politi\u010dko-obrambenim saveznicama \u2013 SAD-om i Francuskom. Neposredni povod: Australija je raskinula sporazum o nabavci podmornica s Francuskom i odlu\u010dila kupiti naprednije, nuklearne podmornice od SAD-a, a u sklopu novog australsko-britansko-ameri\u010dkog sigurnosnog saveza (AUKUS). Francuzi su to saznali prakti\u010dki iz novinskih vijesti. Potom su krenuli rafali te\u0161kih rije\u010di [&hellip;]<\/p>\n","protected":false},"author":2,"featured_media":29544,"comment_status":"closed","ping_status":"closed","sticky":false,"template":"","format":"standard","meta":{"h5ap_radio_sources":[],"footnotes":""},"categories":[1],"tags":[],"class_list":["post-68622","post","type-post","status-publish","format-standard","has-post-thumbnail","hentry","category-bihiregija"],"yoast_head":"<!-- This site is optimized with the Yoast SEO plugin v27.5 - https:\/\/yoast.com\/product\/yoast-seo-wordpress\/ -->\n<title>Vi\u0161nja Stare\u0161ina: Tajna veza australskih Barracuda i hrvatskih Rafala - RADIO LJUBU\u0160KI<\/title>\n<meta name=\"robots\" content=\"index, follow, max-snippet:-1, max-image-preview:large, max-video-preview:-1\" \/>\n<link rel=\"canonical\" href=\"https:\/\/radioljubuski.ba\/index.php\/2021\/09\/27\/visnja-staresina-tajna-veza-australskih-barracuda-i-hrvatskih-rafala\/\" \/>\n<meta property=\"og:locale\" content=\"hr_HR\" \/>\n<meta property=\"og:type\" content=\"article\" \/>\n<meta property=\"og:title\" content=\"Vi\u0161nja Stare\u0161ina: Tajna veza australskih Barracuda i hrvatskih Rafala - RADIO LJUBU\u0160KI\" \/>\n<meta property=\"og:description\" content=\"Neobi\u010dan boj se posljednjih dana bije me\u0111u formalnim politi\u010dko-obrambenim saveznicama \u2013 SAD-om i Francuskom. Neposredni povod: Australija je raskinula sporazum o nabavci podmornica s Francuskom i odlu\u010dila kupiti naprednije, nuklearne podmornice od SAD-a, a u sklopu novog australsko-britansko-ameri\u010dkog sigurnosnog saveza (AUKUS). Francuzi su to saznali prakti\u010dki iz novinskih vijesti. Potom su krenuli rafali te\u0161kih rije\u010di [&hellip;]\" \/>\n<meta property=\"og:url\" content=\"https:\/\/radioljubuski.ba\/index.php\/2021\/09\/27\/visnja-staresina-tajna-veza-australskih-barracuda-i-hrvatskih-rafala\/\" \/>\n<meta property=\"og:site_name\" content=\"RADIO LJUBU\u0160KI\" \/>\n<meta property=\"article:publisher\" content=\"https:\/\/www.facebook.com\/Radiio-Ljubuski-1490835324566332\" \/>\n<meta property=\"article:published_time\" content=\"2021-09-27T11:31:19+00:00\" \/>\n<meta property=\"article:modified_time\" content=\"2021-09-27T11:31:20+00:00\" \/>\n<meta property=\"og:image\" content=\"https:\/\/radioljubuski.ba\/wp-content\/uploads\/2021\/06\/visnja-staresina-735-735x400-1.jpg\" \/>\n\t<meta property=\"og:image:width\" content=\"735\" \/>\n\t<meta property=\"og:image:height\" content=\"400\" \/>\n\t<meta property=\"og:image:type\" content=\"image\/jpeg\" \/>\n<meta name=\"author\" content=\"Radio Ljubu\u0161ki\" \/>\n<meta name=\"twitter:card\" content=\"summary_large_image\" \/>\n<meta name=\"twitter:creator\" content=\"@radioljubuski\" \/>\n<meta name=\"twitter:site\" content=\"@radioljubuski\" \/>\n<meta name=\"twitter:label1\" content=\"Napisao\/la\" \/>\n\t<meta name=\"twitter:data1\" content=\"Radio Ljubu\u0161ki\" \/>\n\t<meta name=\"twitter:label2\" content=\"Procijenjeno vrijeme \u010ditanja\" \/>\n\t<meta name=\"twitter:data2\" content=\"4 minute\" \/>\n<script type=\"application\/ld+json\" class=\"yoast-schema-graph\">{\"@context\":\"https:\\\/\\\/schema.org\",\"@graph\":[{\"@type\":\"Article\",\"@id\":\"https:\\\/\\\/radioljubuski.ba\\\/index.php\\\/2021\\\/09\\\/27\\\/visnja-staresina-tajna-veza-australskih-barracuda-i-hrvatskih-rafala\\\/#article\",\"isPartOf\":{\"@id\":\"https:\\\/\\\/radioljubuski.ba\\\/index.php\\\/2021\\\/09\\\/27\\\/visnja-staresina-tajna-veza-australskih-barracuda-i-hrvatskih-rafala\\\/\"},\"author\":{\"name\":\"Radio Ljubu\u0161ki\",\"@id\":\"https:\\\/\\\/radioljubuski.ba\\\/#\\\/schema\\\/person\\\/19fc700381a780f69665d7956c469e3b\"},\"headline\":\"Vi\u0161nja Stare\u0161ina: Tajna veza australskih Barracuda i hrvatskih Rafala\",\"datePublished\":\"2021-09-27T11:31:19+00:00\",\"dateModified\":\"2021-09-27T11:31:20+00:00\",\"mainEntityOfPage\":{\"@id\":\"https:\\\/\\\/radioljubuski.ba\\\/index.php\\\/2021\\\/09\\\/27\\\/visnja-staresina-tajna-veza-australskih-barracuda-i-hrvatskih-rafala\\\/\"},\"wordCount\":850,\"publisher\":{\"@id\":\"https:\\\/\\\/radioljubuski.ba\\\/#organization\"},\"image\":{\"@id\":\"https:\\\/\\\/radioljubuski.ba\\\/index.php\\\/2021\\\/09\\\/27\\\/visnja-staresina-tajna-veza-australskih-barracuda-i-hrvatskih-rafala\\\/#primaryimage\"},\"thumbnailUrl\":\"https:\\\/\\\/radioljubuski.ba\\\/wp-content\\\/uploads\\\/2021\\\/06\\\/visnja-staresina-735-735x400-1.jpg\",\"articleSection\":[\"BIH i regija\"],\"inLanguage\":\"hr\"},{\"@type\":\"WebPage\",\"@id\":\"https:\\\/\\\/radioljubuski.ba\\\/index.php\\\/2021\\\/09\\\/27\\\/visnja-staresina-tajna-veza-australskih-barracuda-i-hrvatskih-rafala\\\/\",\"url\":\"https:\\\/\\\/radioljubuski.ba\\\/index.php\\\/2021\\\/09\\\/27\\\/visnja-staresina-tajna-veza-australskih-barracuda-i-hrvatskih-rafala\\\/\",\"name\":\"Vi\u0161nja Stare\u0161ina: Tajna veza australskih Barracuda i hrvatskih Rafala - RADIO LJUBU\u0160KI\",\"isPartOf\":{\"@id\":\"https:\\\/\\\/radioljubuski.ba\\\/#website\"},\"primaryImageOfPage\":{\"@id\":\"https:\\\/\\\/radioljubuski.ba\\\/index.php\\\/2021\\\/09\\\/27\\\/visnja-staresina-tajna-veza-australskih-barracuda-i-hrvatskih-rafala\\\/#primaryimage\"},\"image\":{\"@id\":\"https:\\\/\\\/radioljubuski.ba\\\/index.php\\\/2021\\\/09\\\/27\\\/visnja-staresina-tajna-veza-australskih-barracuda-i-hrvatskih-rafala\\\/#primaryimage\"},\"thumbnailUrl\":\"https:\\\/\\\/radioljubuski.ba\\\/wp-content\\\/uploads\\\/2021\\\/06\\\/visnja-staresina-735-735x400-1.jpg\",\"datePublished\":\"2021-09-27T11:31:19+00:00\",\"dateModified\":\"2021-09-27T11:31:20+00:00\",\"breadcrumb\":{\"@id\":\"https:\\\/\\\/radioljubuski.ba\\\/index.php\\\/2021\\\/09\\\/27\\\/visnja-staresina-tajna-veza-australskih-barracuda-i-hrvatskih-rafala\\\/#breadcrumb\"},\"inLanguage\":\"hr\",\"potentialAction\":[{\"@type\":\"ReadAction\",\"target\":[\"https:\\\/\\\/radioljubuski.ba\\\/index.php\\\/2021\\\/09\\\/27\\\/visnja-staresina-tajna-veza-australskih-barracuda-i-hrvatskih-rafala\\\/\"]}]},{\"@type\":\"ImageObject\",\"inLanguage\":\"hr\",\"@id\":\"https:\\\/\\\/radioljubuski.ba\\\/index.php\\\/2021\\\/09\\\/27\\\/visnja-staresina-tajna-veza-australskih-barracuda-i-hrvatskih-rafala\\\/#primaryimage\",\"url\":\"https:\\\/\\\/radioljubuski.ba\\\/wp-content\\\/uploads\\\/2021\\\/06\\\/visnja-staresina-735-735x400-1.jpg\",\"contentUrl\":\"https:\\\/\\\/radioljubuski.ba\\\/wp-content\\\/uploads\\\/2021\\\/06\\\/visnja-staresina-735-735x400-1.jpg\",\"width\":735,\"height\":400},{\"@type\":\"BreadcrumbList\",\"@id\":\"https:\\\/\\\/radioljubuski.ba\\\/index.php\\\/2021\\\/09\\\/27\\\/visnja-staresina-tajna-veza-australskih-barracuda-i-hrvatskih-rafala\\\/#breadcrumb\",\"itemListElement\":[{\"@type\":\"ListItem\",\"position\":1,\"name\":\"Po\u010detna stranica\",\"item\":\"https:\\\/\\\/radioljubuski.ba\\\/\"},{\"@type\":\"ListItem\",\"position\":2,\"name\":\"Vi\u0161nja Stare\u0161ina: Tajna veza australskih Barracuda i hrvatskih Rafala\"}]},{\"@type\":\"WebSite\",\"@id\":\"https:\\\/\\\/radioljubuski.ba\\\/#website\",\"url\":\"https:\\\/\\\/radioljubuski.ba\\\/\",\"name\":\"Radio Ljubu\u0161ki\",\"description\":\"Sun\u010dana frekvencija Hercegovine\",\"publisher\":{\"@id\":\"https:\\\/\\\/radioljubuski.ba\\\/#organization\"},\"potentialAction\":[{\"@type\":\"SearchAction\",\"target\":{\"@type\":\"EntryPoint\",\"urlTemplate\":\"https:\\\/\\\/radioljubuski.ba\\\/?s={search_term_string}\"},\"query-input\":{\"@type\":\"PropertyValueSpecification\",\"valueRequired\":true,\"valueName\":\"search_term_string\"}}],\"inLanguage\":\"hr\"},{\"@type\":\"Organization\",\"@id\":\"https:\\\/\\\/radioljubuski.ba\\\/#organization\",\"name\":\"Radio Ljubu\u0161ki\",\"url\":\"https:\\\/\\\/radioljubuski.ba\\\/\",\"logo\":{\"@type\":\"ImageObject\",\"inLanguage\":\"hr\",\"@id\":\"https:\\\/\\\/radioljubuski.ba\\\/#\\\/schema\\\/logo\\\/image\\\/\",\"url\":\"https:\\\/\\\/radioljubuski.ba\\\/wp-content\\\/uploads\\\/2021\\\/02\\\/cropped-Radio_Ljubuski_logo1.jpg\",\"contentUrl\":\"https:\\\/\\\/radioljubuski.ba\\\/wp-content\\\/uploads\\\/2021\\\/02\\\/cropped-Radio_Ljubuski_logo1.jpg\",\"width\":512,\"height\":512,\"caption\":\"Radio Ljubu\u0161ki\"},\"image\":{\"@id\":\"https:\\\/\\\/radioljubuski.ba\\\/#\\\/schema\\\/logo\\\/image\\\/\"},\"sameAs\":[\"https:\\\/\\\/www.facebook.com\\\/Radiio-Ljubuski-1490835324566332\",\"https:\\\/\\\/x.com\\\/radioljubuski\",\"https:\\\/\\\/hr.linkedin.com\\\/company\\\/radio-ljubuski\",\"https:\\\/\\\/www.youtube.com\\\/channel\\\/UCHYaeO_n0Db3tjNGudGpXyw\"]},{\"@type\":\"Person\",\"@id\":\"https:\\\/\\\/radioljubuski.ba\\\/#\\\/schema\\\/person\\\/19fc700381a780f69665d7956c469e3b\",\"name\":\"Radio Ljubu\u0161ki\"}]}<\/script>\n<!-- \/ Yoast SEO plugin. -->","yoast_head_json":{"title":"Vi\u0161nja Stare\u0161ina: Tajna veza australskih Barracuda i hrvatskih Rafala - RADIO LJUBU\u0160KI","robots":{"index":"index","follow":"follow","max-snippet":"max-snippet:-1","max-image-preview":"max-image-preview:large","max-video-preview":"max-video-preview:-1"},"canonical":"https:\/\/radioljubuski.ba\/index.php\/2021\/09\/27\/visnja-staresina-tajna-veza-australskih-barracuda-i-hrvatskih-rafala\/","og_locale":"hr_HR","og_type":"article","og_title":"Vi\u0161nja Stare\u0161ina: Tajna veza australskih Barracuda i hrvatskih Rafala - RADIO LJUBU\u0160KI","og_description":"Neobi\u010dan boj se posljednjih dana bije me\u0111u formalnim politi\u010dko-obrambenim saveznicama \u2013 SAD-om i Francuskom. Neposredni povod: Australija je raskinula sporazum o nabavci podmornica s Francuskom i odlu\u010dila kupiti naprednije, nuklearne podmornice od SAD-a, a u sklopu novog australsko-britansko-ameri\u010dkog sigurnosnog saveza (AUKUS). Francuzi su to saznali prakti\u010dki iz novinskih vijesti. Potom su krenuli rafali te\u0161kih rije\u010di [&hellip;]","og_url":"https:\/\/radioljubuski.ba\/index.php\/2021\/09\/27\/visnja-staresina-tajna-veza-australskih-barracuda-i-hrvatskih-rafala\/","og_site_name":"RADIO LJUBU\u0160KI","article_publisher":"https:\/\/www.facebook.com\/Radiio-Ljubuski-1490835324566332","article_published_time":"2021-09-27T11:31:19+00:00","article_modified_time":"2021-09-27T11:31:20+00:00","og_image":[{"width":735,"height":400,"url":"https:\/\/radioljubuski.ba\/wp-content\/uploads\/2021\/06\/visnja-staresina-735-735x400-1.jpg","type":"image\/jpeg"}],"author":"Radio Ljubu\u0161ki","twitter_card":"summary_large_image","twitter_creator":"@radioljubuski","twitter_site":"@radioljubuski","twitter_misc":{"Napisao\/la":"Radio Ljubu\u0161ki","Procijenjeno vrijeme \u010ditanja":"4 minute"},"schema":{"@context":"https:\/\/schema.org","@graph":[{"@type":"Article","@id":"https:\/\/radioljubuski.ba\/index.php\/2021\/09\/27\/visnja-staresina-tajna-veza-australskih-barracuda-i-hrvatskih-rafala\/#article","isPartOf":{"@id":"https:\/\/radioljubuski.ba\/index.php\/2021\/09\/27\/visnja-staresina-tajna-veza-australskih-barracuda-i-hrvatskih-rafala\/"},"author":{"name":"Radio Ljubu\u0161ki","@id":"https:\/\/radioljubuski.ba\/#\/schema\/person\/19fc700381a780f69665d7956c469e3b"},"headline":"Vi\u0161nja Stare\u0161ina: Tajna veza australskih Barracuda i hrvatskih Rafala","datePublished":"2021-09-27T11:31:19+00:00","dateModified":"2021-09-27T11:31:20+00:00","mainEntityOfPage":{"@id":"https:\/\/radioljubuski.ba\/index.php\/2021\/09\/27\/visnja-staresina-tajna-veza-australskih-barracuda-i-hrvatskih-rafala\/"},"wordCount":850,"publisher":{"@id":"https:\/\/radioljubuski.ba\/#organization"},"image":{"@id":"https:\/\/radioljubuski.ba\/index.php\/2021\/09\/27\/visnja-staresina-tajna-veza-australskih-barracuda-i-hrvatskih-rafala\/#primaryimage"},"thumbnailUrl":"https:\/\/radioljubuski.ba\/wp-content\/uploads\/2021\/06\/visnja-staresina-735-735x400-1.jpg","articleSection":["BIH i regija"],"inLanguage":"hr"},{"@type":"WebPage","@id":"https:\/\/radioljubuski.ba\/index.php\/2021\/09\/27\/visnja-staresina-tajna-veza-australskih-barracuda-i-hrvatskih-rafala\/","url":"https:\/\/radioljubuski.ba\/index.php\/2021\/09\/27\/visnja-staresina-tajna-veza-australskih-barracuda-i-hrvatskih-rafala\/","name":"Vi\u0161nja Stare\u0161ina: Tajna veza australskih Barracuda i hrvatskih Rafala - RADIO LJUBU\u0160KI","isPartOf":{"@id":"https:\/\/radioljubuski.ba\/#website"},"primaryImageOfPage":{"@id":"https:\/\/radioljubuski.ba\/index.php\/2021\/09\/27\/visnja-staresina-tajna-veza-australskih-barracuda-i-hrvatskih-rafala\/#primaryimage"},"image":{"@id":"https:\/\/radioljubuski.ba\/index.php\/2021\/09\/27\/visnja-staresina-tajna-veza-australskih-barracuda-i-hrvatskih-rafala\/#primaryimage"},"thumbnailUrl":"https:\/\/radioljubuski.ba\/wp-content\/uploads\/2021\/06\/visnja-staresina-735-735x400-1.jpg","datePublished":"2021-09-27T11:31:19+00:00","dateModified":"2021-09-27T11:31:20+00:00","breadcrumb":{"@id":"https:\/\/radioljubuski.ba\/index.php\/2021\/09\/27\/visnja-staresina-tajna-veza-australskih-barracuda-i-hrvatskih-rafala\/#breadcrumb"},"inLanguage":"hr","potentialAction":[{"@type":"ReadAction","target":["https:\/\/radioljubuski.ba\/index.php\/2021\/09\/27\/visnja-staresina-tajna-veza-australskih-barracuda-i-hrvatskih-rafala\/"]}]},{"@type":"ImageObject","inLanguage":"hr","@id":"https:\/\/radioljubuski.ba\/index.php\/2021\/09\/27\/visnja-staresina-tajna-veza-australskih-barracuda-i-hrvatskih-rafala\/#primaryimage","url":"https:\/\/radioljubuski.ba\/wp-content\/uploads\/2021\/06\/visnja-staresina-735-735x400-1.jpg","contentUrl":"https:\/\/radioljubuski.ba\/wp-content\/uploads\/2021\/06\/visnja-staresina-735-735x400-1.jpg","width":735,"height":400},{"@type":"BreadcrumbList","@id":"https:\/\/radioljubuski.ba\/index.php\/2021\/09\/27\/visnja-staresina-tajna-veza-australskih-barracuda-i-hrvatskih-rafala\/#breadcrumb","itemListElement":[{"@type":"ListItem","position":1,"name":"Po\u010detna stranica","item":"https:\/\/radioljubuski.ba\/"},{"@type":"ListItem","position":2,"name":"Vi\u0161nja Stare\u0161ina: Tajna veza australskih Barracuda i hrvatskih Rafala"}]},{"@type":"WebSite","@id":"https:\/\/radioljubuski.ba\/#website","url":"https:\/\/radioljubuski.ba\/","name":"Radio Ljubu\u0161ki","description":"Sun\u010dana frekvencija Hercegovine","publisher":{"@id":"https:\/\/radioljubuski.ba\/#organization"},"potentialAction":[{"@type":"SearchAction","target":{"@type":"EntryPoint","urlTemplate":"https:\/\/radioljubuski.ba\/?s={search_term_string}"},"query-input":{"@type":"PropertyValueSpecification","valueRequired":true,"valueName":"search_term_string"}}],"inLanguage":"hr"},{"@type":"Organization","@id":"https:\/\/radioljubuski.ba\/#organization","name":"Radio Ljubu\u0161ki","url":"https:\/\/radioljubuski.ba\/","logo":{"@type":"ImageObject","inLanguage":"hr","@id":"https:\/\/radioljubuski.ba\/#\/schema\/logo\/image\/","url":"https:\/\/radioljubuski.ba\/wp-content\/uploads\/2021\/02\/cropped-Radio_Ljubuski_logo1.jpg","contentUrl":"https:\/\/radioljubuski.ba\/wp-content\/uploads\/2021\/02\/cropped-Radio_Ljubuski_logo1.jpg","width":512,"height":512,"caption":"Radio Ljubu\u0161ki"},"image":{"@id":"https:\/\/radioljubuski.ba\/#\/schema\/logo\/image\/"},"sameAs":["https:\/\/www.facebook.com\/Radiio-Ljubuski-1490835324566332","https:\/\/x.com\/radioljubuski","https:\/\/hr.linkedin.com\/company\/radio-ljubuski","https:\/\/www.youtube.com\/channel\/UCHYaeO_n0Db3tjNGudGpXyw"]},{"@type":"Person","@id":"https:\/\/radioljubuski.ba\/#\/schema\/person\/19fc700381a780f69665d7956c469e3b","name":"Radio Ljubu\u0161ki"}]}},"_links":{"self":[{"href":"https:\/\/radioljubuski.ba\/index.php\/wp-json\/wp\/v2\/posts\/68622","targetHints":{"allow":["GET"]}}],"collection":[{"href":"https:\/\/radioljubuski.ba\/index.php\/wp-json\/wp\/v2\/posts"}],"about":[{"href":"https:\/\/radioljubuski.ba\/index.php\/wp-json\/wp\/v2\/types\/post"}],"author":[{"embeddable":true,"href":"https:\/\/radioljubuski.ba\/index.php\/wp-json\/wp\/v2\/users\/2"}],"replies":[{"embeddable":true,"href":"https:\/\/radioljubuski.ba\/index.php\/wp-json\/wp\/v2\/comments?post=68622"}],"version-history":[{"count":1,"href":"https:\/\/radioljubuski.ba\/index.php\/wp-json\/wp\/v2\/posts\/68622\/revisions"}],"predecessor-version":[{"id":68623,"href":"https:\/\/radioljubuski.ba\/index.php\/wp-json\/wp\/v2\/posts\/68622\/revisions\/68623"}],"wp:featuredmedia":[{"embeddable":true,"href":"https:\/\/radioljubuski.ba\/index.php\/wp-json\/wp\/v2\/media\/29544"}],"wp:attachment":[{"href":"https:\/\/radioljubuski.ba\/index.php\/wp-json\/wp\/v2\/media?parent=68622"}],"wp:term":[{"taxonomy":"category","embeddable":true,"href":"https:\/\/radioljubuski.ba\/index.php\/wp-json\/wp\/v2\/categories?post=68622"},{"taxonomy":"post_tag","embeddable":true,"href":"https:\/\/radioljubuski.ba\/index.php\/wp-json\/wp\/v2\/tags?post=68622"}],"curies":[{"name":"wp","href":"https:\/\/api.w.org\/{rel}","templated":true}]}}