{"id":68624,"date":"2021-09-27T12:32:42","date_gmt":"2021-09-27T11:32:42","guid":{"rendered":"https:\/\/radioljubuski.ba\/?p=68624"},"modified":"2021-09-27T12:32:43","modified_gmt":"2021-09-27T11:32:43","slug":"najpoznatiji-plodovi-meditarana-stizu-i-ove-godine-u-stolac","status":"publish","type":"post","link":"https:\/\/radioljubuski.ba\/index.php\/2021\/09\/27\/najpoznatiji-plodovi-meditarana-stizu-i-ove-godine-u-stolac\/","title":{"rendered":"Najpoznatiji plodovi Meditarana sti\u017eu i ove godine u Stolac"},"content":{"rendered":"\n<p>Kada se spomene sajam &#8221;Hercegova\u010dki plodovi Mediterana&#8221; sve misli vode u Stolac, koji \u0107e i ove godine ugostiti brojne izlaga\u010de na regionalno poznatoj manifestaciji.&nbsp;<\/p>\n\n\n\n<p>Ova poljoprivredna manifestacija odr\u017eava se u Stocu jo\u0161 od 2008. godine, a namjera od samog po\u010detka je da promi\u010de, pokrene i pove\u0107a organiziranu proizvodnju sadnica autohtonih sorta \u0161ipka, smokve i masline, izvozno orijentiranih sorta te njihovih prera\u0111evina te da plodovi mukotrpnog rada koji traje kroz cijelu godinu budu vidljivi i dostupni kupcima.&nbsp;<\/p>\n\n\n\n<p>Ovogodi\u0161nji sajam &#8221;Hercegova\u010dki plodovi Mediterana&#8221; bit \u0107e 13. po redu, a organizatori su pripremili bogat i druk\u010diji sadr\u017eaj sa izlaga\u010dima u odnosu na prethodne godine.&nbsp;<\/p>\n\n\n\n<p>Zanimljiv sadr\u017eaj izlaga\u010da iz cijele regije i susjednih zemalja o\u010dekuje sve posjetitelje, a doma\u0107ini isti\u010du kako se posebno raduju posjetiteljima iz Stoca i Hercegovine.&nbsp;<\/p>\n\n\n\n<p>Stariji \u0107e imati priliku okusiti rasko\u0161nu paletu kvalitetnih prera\u0111evina od \u0161ipka, smokve, masline, kao i puno drugih mediteranskih artikala poput vina, sira, mesa, ljekobilja, sokova s na\u0161eg podru\u010dja, ali i susjednih dr\u017eava, a za najmla\u0111e posjetitelje spreman je, pored ostalog, i bogat zabavni program.<br>Po\u010detak listopada ve\u0107 tradicionalno rezerviran je za odr\u017eavanje ove manifestacije, koja \u0107e se ove godine odr\u017eati u petak i subotu, 1. i 2. listopada, na ve\u0107 poznatoj lokaciji &#8211; u prostorijama \u0161kolske sportske dvorane u Stocu.&nbsp;<\/p>\n\n\n\n<p>Sajamska manifestacija zapo\u010det \u0107e 1. listopada u 10:00 sati prezentacijom tradicionalnih lokalnih kulturnih doga\u0111anja i festivala sajmova svih 11 lokalnih zajednica uklju\u010denih u projekt &#8221;EUnity in diversity&#8221; (EUnity).&nbsp;<\/p>\n\n\n\n<p>Potom od 11:00 do 12:00 sati slijedi prijam uzvanika i gostiju te sve\u010dano otvaranje manifestacije.&nbsp;<\/p>\n\n\n\n<p>Od 13:30 do 15:00 sati slijedi seminar pod nazivom: Programi i politike EU-a za pove\u0107anje odr\u017eivog razvoja temeljnog na kulturnom turizmu: UNESCO-va Konvencija o za\u0161titi i promicanju raznolikosti kulturnog izra\u017eavanja.&nbsp;<\/p>\n\n\n\n<p>Program \u0107e za posjetitelje biti otvoren do 18:00 sati kada slijedi dodjela nagrada, a u 19:00 sati i sve\u010dano zatvaranje sajma.&nbsp;<\/p>\n\n\n\n<p>Sve pristutne od 20:00 sati zabavljat \u0107e Antoniette \u010cerkez.&nbsp;<\/p>\n\n\n\n<p>Sajam \u0107e za posjetitelje biti otvoren i u subotu, a vrijedi istaknuti da \u0107e od 17:00 do 19:00 sati biti odr\u017ean nastup folklornih skupina u sklopu projekta &#8221;EUnity in diversity&#8221; (EUnity).<\/p>\n\n\n\n<p>&#8221;Mi smo zajedno s drugim organizacijama stvorili pretpostavku da u ovom dijelu Hercegovine za\u017eivi simbioza na\u0161ih poljoprivrednika i turisti\u010dkih organizacija kroz agroturizam. Djelujemo u suradnji sa stru\u010dnim turisti\u010dkim ustanovama, a s ciljem ostvarenja kvalitetnog profita za ulo\u017een rad i bolji \u017eivot. Trinaesti put zaredom, ali nimalo umorni, radujemo se Va\u0161em dolasku &nbsp;u Stolac&#8221;, poru\u010duju organizatori.&nbsp;<\/p>\n\n\n\n<p>Ovogodi\u0161nju manifestaciju organizira Udruga &#8221;Hercegova\u010dki plodovi mediterana&#8221; uz podr\u0161ku Op\u0107ine Stolac JU &#8221;Radimlja&#8221; i JU &#8221;Centar za kulturu i sport&#8221;.&nbsp;<br>Sajamska manifestacija \u0107e se odr\u017eati u skladu sa svim preporu\u010denim epidemiolo\u0161kim mjerama.<\/p>\n\n\n\n<p>Izvor:pogled.ba<\/p>\n","protected":false},"excerpt":{"rendered":"<p>Kada se spomene sajam &#8221;Hercegova\u010dki plodovi Mediterana&#8221; sve misli vode u Stolac, koji \u0107e i ove godine ugostiti brojne izlaga\u010de na regionalno poznatoj manifestaciji.&nbsp; Ova poljoprivredna manifestacija odr\u017eava se u Stocu jo\u0161 od 2008. godine, a namjera od samog po\u010detka je da promi\u010de, pokrene i pove\u0107a organiziranu proizvodnju sadnica autohtonih sorta \u0161ipka, smokve i masline, [&hellip;]<\/p>\n","protected":false},"author":2,"featured_media":68625,"comment_status":"closed","ping_status":"closed","sticky":false,"template":"","format":"standard","meta":{"h5ap_radio_sources":[],"footnotes":""},"categories":[1],"tags":[],"class_list":["post-68624","post","type-post","status-publish","format-standard","has-post-thumbnail","hentry","category-bihiregija"],"yoast_head":"<!-- This site is optimized with the Yoast SEO plugin v27.5 - https:\/\/yoast.com\/product\/yoast-seo-wordpress\/ -->\n<title>Najpoznatiji plodovi Meditarana sti\u017eu i ove godine u Stolac - RADIO LJUBU\u0160KI<\/title>\n<meta name=\"robots\" content=\"index, follow, max-snippet:-1, max-image-preview:large, max-video-preview:-1\" \/>\n<link rel=\"canonical\" href=\"https:\/\/radioljubuski.ba\/index.php\/2021\/09\/27\/najpoznatiji-plodovi-meditarana-stizu-i-ove-godine-u-stolac\/\" \/>\n<meta property=\"og:locale\" content=\"hr_HR\" \/>\n<meta property=\"og:type\" content=\"article\" \/>\n<meta property=\"og:title\" content=\"Najpoznatiji plodovi Meditarana sti\u017eu i ove godine u Stolac - RADIO LJUBU\u0160KI\" \/>\n<meta property=\"og:description\" content=\"Kada se spomene sajam &#8221;Hercegova\u010dki plodovi Mediterana&#8221; sve misli vode u Stolac, koji \u0107e i ove godine ugostiti brojne izlaga\u010de na regionalno poznatoj manifestaciji.&nbsp; Ova poljoprivredna manifestacija odr\u017eava se u Stocu jo\u0161 od 2008. godine, a namjera od samog po\u010detka je da promi\u010de, pokrene i pove\u0107a organiziranu proizvodnju sadnica autohtonih sorta \u0161ipka, smokve i masline, [&hellip;]\" \/>\n<meta property=\"og:url\" content=\"https:\/\/radioljubuski.ba\/index.php\/2021\/09\/27\/najpoznatiji-plodovi-meditarana-stizu-i-ove-godine-u-stolac\/\" \/>\n<meta property=\"og:site_name\" content=\"RADIO LJUBU\u0160KI\" \/>\n<meta property=\"article:publisher\" content=\"https:\/\/www.facebook.com\/Radiio-Ljubuski-1490835324566332\" \/>\n<meta property=\"article:published_time\" content=\"2021-09-27T11:32:42+00:00\" \/>\n<meta property=\"article:modified_time\" content=\"2021-09-27T11:32:43+00:00\" \/>\n<meta property=\"og:image\" content=\"https:\/\/radioljubuski.ba\/wp-content\/uploads\/2021\/09\/8-2021-09-27-11-54-13-hercegovacki-plodovi-mediterana.jpg\" \/>\n\t<meta property=\"og:image:width\" content=\"1000\" \/>\n\t<meta property=\"og:image:height\" content=\"625\" \/>\n\t<meta property=\"og:image:type\" content=\"image\/jpeg\" \/>\n<meta name=\"author\" content=\"Radio Ljubu\u0161ki\" \/>\n<meta name=\"twitter:card\" content=\"summary_large_image\" \/>\n<meta name=\"twitter:creator\" content=\"@radioljubuski\" \/>\n<meta name=\"twitter:site\" content=\"@radioljubuski\" \/>\n<meta name=\"twitter:label1\" content=\"Napisao\/la\" \/>\n\t<meta name=\"twitter:data1\" content=\"Radio Ljubu\u0161ki\" \/>\n\t<meta name=\"twitter:label2\" content=\"Procijenjeno vrijeme \u010ditanja\" \/>\n\t<meta name=\"twitter:data2\" content=\"2 minute\" \/>\n<script type=\"application\/ld+json\" class=\"yoast-schema-graph\">{\"@context\":\"https:\\\/\\\/schema.org\",\"@graph\":[{\"@type\":\"Article\",\"@id\":\"https:\\\/\\\/radioljubuski.ba\\\/index.php\\\/2021\\\/09\\\/27\\\/najpoznatiji-plodovi-meditarana-stizu-i-ove-godine-u-stolac\\\/#article\",\"isPartOf\":{\"@id\":\"https:\\\/\\\/radioljubuski.ba\\\/index.php\\\/2021\\\/09\\\/27\\\/najpoznatiji-plodovi-meditarana-stizu-i-ove-godine-u-stolac\\\/\"},\"author\":{\"name\":\"Radio Ljubu\u0161ki\",\"@id\":\"https:\\\/\\\/radioljubuski.ba\\\/#\\\/schema\\\/person\\\/19fc700381a780f69665d7956c469e3b\"},\"headline\":\"Najpoznatiji plodovi Meditarana sti\u017eu i ove godine u Stolac\",\"datePublished\":\"2021-09-27T11:32:42+00:00\",\"dateModified\":\"2021-09-27T11:32:43+00:00\",\"mainEntityOfPage\":{\"@id\":\"https:\\\/\\\/radioljubuski.ba\\\/index.php\\\/2021\\\/09\\\/27\\\/najpoznatiji-plodovi-meditarana-stizu-i-ove-godine-u-stolac\\\/\"},\"wordCount\":487,\"publisher\":{\"@id\":\"https:\\\/\\\/radioljubuski.ba\\\/#organization\"},\"image\":{\"@id\":\"https:\\\/\\\/radioljubuski.ba\\\/index.php\\\/2021\\\/09\\\/27\\\/najpoznatiji-plodovi-meditarana-stizu-i-ove-godine-u-stolac\\\/#primaryimage\"},\"thumbnailUrl\":\"https:\\\/\\\/radioljubuski.ba\\\/wp-content\\\/uploads\\\/2021\\\/09\\\/8-2021-09-27-11-54-13-hercegovacki-plodovi-mediterana.jpg\",\"articleSection\":[\"BIH i regija\"],\"inLanguage\":\"hr\"},{\"@type\":\"WebPage\",\"@id\":\"https:\\\/\\\/radioljubuski.ba\\\/index.php\\\/2021\\\/09\\\/27\\\/najpoznatiji-plodovi-meditarana-stizu-i-ove-godine-u-stolac\\\/\",\"url\":\"https:\\\/\\\/radioljubuski.ba\\\/index.php\\\/2021\\\/09\\\/27\\\/najpoznatiji-plodovi-meditarana-stizu-i-ove-godine-u-stolac\\\/\",\"name\":\"Najpoznatiji plodovi Meditarana sti\u017eu i ove godine u Stolac - RADIO LJUBU\u0160KI\",\"isPartOf\":{\"@id\":\"https:\\\/\\\/radioljubuski.ba\\\/#website\"},\"primaryImageOfPage\":{\"@id\":\"https:\\\/\\\/radioljubuski.ba\\\/index.php\\\/2021\\\/09\\\/27\\\/najpoznatiji-plodovi-meditarana-stizu-i-ove-godine-u-stolac\\\/#primaryimage\"},\"image\":{\"@id\":\"https:\\\/\\\/radioljubuski.ba\\\/index.php\\\/2021\\\/09\\\/27\\\/najpoznatiji-plodovi-meditarana-stizu-i-ove-godine-u-stolac\\\/#primaryimage\"},\"thumbnailUrl\":\"https:\\\/\\\/radioljubuski.ba\\\/wp-content\\\/uploads\\\/2021\\\/09\\\/8-2021-09-27-11-54-13-hercegovacki-plodovi-mediterana.jpg\",\"datePublished\":\"2021-09-27T11:32:42+00:00\",\"dateModified\":\"2021-09-27T11:32:43+00:00\",\"breadcrumb\":{\"@id\":\"https:\\\/\\\/radioljubuski.ba\\\/index.php\\\/2021\\\/09\\\/27\\\/najpoznatiji-plodovi-meditarana-stizu-i-ove-godine-u-stolac\\\/#breadcrumb\"},\"inLanguage\":\"hr\",\"potentialAction\":[{\"@type\":\"ReadAction\",\"target\":[\"https:\\\/\\\/radioljubuski.ba\\\/index.php\\\/2021\\\/09\\\/27\\\/najpoznatiji-plodovi-meditarana-stizu-i-ove-godine-u-stolac\\\/\"]}]},{\"@type\":\"ImageObject\",\"inLanguage\":\"hr\",\"@id\":\"https:\\\/\\\/radioljubuski.ba\\\/index.php\\\/2021\\\/09\\\/27\\\/najpoznatiji-plodovi-meditarana-stizu-i-ove-godine-u-stolac\\\/#primaryimage\",\"url\":\"https:\\\/\\\/radioljubuski.ba\\\/wp-content\\\/uploads\\\/2021\\\/09\\\/8-2021-09-27-11-54-13-hercegovacki-plodovi-mediterana.jpg\",\"contentUrl\":\"https:\\\/\\\/radioljubuski.ba\\\/wp-content\\\/uploads\\\/2021\\\/09\\\/8-2021-09-27-11-54-13-hercegovacki-plodovi-mediterana.jpg\",\"width\":1000,\"height\":625},{\"@type\":\"BreadcrumbList\",\"@id\":\"https:\\\/\\\/radioljubuski.ba\\\/index.php\\\/2021\\\/09\\\/27\\\/najpoznatiji-plodovi-meditarana-stizu-i-ove-godine-u-stolac\\\/#breadcrumb\",\"itemListElement\":[{\"@type\":\"ListItem\",\"position\":1,\"name\":\"Po\u010detna stranica\",\"item\":\"https:\\\/\\\/radioljubuski.ba\\\/\"},{\"@type\":\"ListItem\",\"position\":2,\"name\":\"Najpoznatiji plodovi Meditarana sti\u017eu i ove godine u Stolac\"}]},{\"@type\":\"WebSite\",\"@id\":\"https:\\\/\\\/radioljubuski.ba\\\/#website\",\"url\":\"https:\\\/\\\/radioljubuski.ba\\\/\",\"name\":\"Radio Ljubu\u0161ki\",\"description\":\"Sun\u010dana frekvencija Hercegovine\",\"publisher\":{\"@id\":\"https:\\\/\\\/radioljubuski.ba\\\/#organization\"},\"potentialAction\":[{\"@type\":\"SearchAction\",\"target\":{\"@type\":\"EntryPoint\",\"urlTemplate\":\"https:\\\/\\\/radioljubuski.ba\\\/?s={search_term_string}\"},\"query-input\":{\"@type\":\"PropertyValueSpecification\",\"valueRequired\":true,\"valueName\":\"search_term_string\"}}],\"inLanguage\":\"hr\"},{\"@type\":\"Organization\",\"@id\":\"https:\\\/\\\/radioljubuski.ba\\\/#organization\",\"name\":\"Radio Ljubu\u0161ki\",\"url\":\"https:\\\/\\\/radioljubuski.ba\\\/\",\"logo\":{\"@type\":\"ImageObject\",\"inLanguage\":\"hr\",\"@id\":\"https:\\\/\\\/radioljubuski.ba\\\/#\\\/schema\\\/logo\\\/image\\\/\",\"url\":\"https:\\\/\\\/radioljubuski.ba\\\/wp-content\\\/uploads\\\/2021\\\/02\\\/cropped-Radio_Ljubuski_logo1.jpg\",\"contentUrl\":\"https:\\\/\\\/radioljubuski.ba\\\/wp-content\\\/uploads\\\/2021\\\/02\\\/cropped-Radio_Ljubuski_logo1.jpg\",\"width\":512,\"height\":512,\"caption\":\"Radio Ljubu\u0161ki\"},\"image\":{\"@id\":\"https:\\\/\\\/radioljubuski.ba\\\/#\\\/schema\\\/logo\\\/image\\\/\"},\"sameAs\":[\"https:\\\/\\\/www.facebook.com\\\/Radiio-Ljubuski-1490835324566332\",\"https:\\\/\\\/x.com\\\/radioljubuski\",\"https:\\\/\\\/hr.linkedin.com\\\/company\\\/radio-ljubuski\",\"https:\\\/\\\/www.youtube.com\\\/channel\\\/UCHYaeO_n0Db3tjNGudGpXyw\"]},{\"@type\":\"Person\",\"@id\":\"https:\\\/\\\/radioljubuski.ba\\\/#\\\/schema\\\/person\\\/19fc700381a780f69665d7956c469e3b\",\"name\":\"Radio Ljubu\u0161ki\"}]}<\/script>\n<!-- \/ Yoast SEO plugin. -->","yoast_head_json":{"title":"Najpoznatiji plodovi Meditarana sti\u017eu i ove godine u Stolac - RADIO LJUBU\u0160KI","robots":{"index":"index","follow":"follow","max-snippet":"max-snippet:-1","max-image-preview":"max-image-preview:large","max-video-preview":"max-video-preview:-1"},"canonical":"https:\/\/radioljubuski.ba\/index.php\/2021\/09\/27\/najpoznatiji-plodovi-meditarana-stizu-i-ove-godine-u-stolac\/","og_locale":"hr_HR","og_type":"article","og_title":"Najpoznatiji plodovi Meditarana sti\u017eu i ove godine u Stolac - RADIO LJUBU\u0160KI","og_description":"Kada se spomene sajam &#8221;Hercegova\u010dki plodovi Mediterana&#8221; sve misli vode u Stolac, koji \u0107e i ove godine ugostiti brojne izlaga\u010de na regionalno poznatoj manifestaciji.&nbsp; Ova poljoprivredna manifestacija odr\u017eava se u Stocu jo\u0161 od 2008. godine, a namjera od samog po\u010detka je da promi\u010de, pokrene i pove\u0107a organiziranu proizvodnju sadnica autohtonih sorta \u0161ipka, smokve i masline, [&hellip;]","og_url":"https:\/\/radioljubuski.ba\/index.php\/2021\/09\/27\/najpoznatiji-plodovi-meditarana-stizu-i-ove-godine-u-stolac\/","og_site_name":"RADIO LJUBU\u0160KI","article_publisher":"https:\/\/www.facebook.com\/Radiio-Ljubuski-1490835324566332","article_published_time":"2021-09-27T11:32:42+00:00","article_modified_time":"2021-09-27T11:32:43+00:00","og_image":[{"width":1000,"height":625,"url":"https:\/\/radioljubuski.ba\/wp-content\/uploads\/2021\/09\/8-2021-09-27-11-54-13-hercegovacki-plodovi-mediterana.jpg","type":"image\/jpeg"}],"author":"Radio Ljubu\u0161ki","twitter_card":"summary_large_image","twitter_creator":"@radioljubuski","twitter_site":"@radioljubuski","twitter_misc":{"Napisao\/la":"Radio Ljubu\u0161ki","Procijenjeno vrijeme \u010ditanja":"2 minute"},"schema":{"@context":"https:\/\/schema.org","@graph":[{"@type":"Article","@id":"https:\/\/radioljubuski.ba\/index.php\/2021\/09\/27\/najpoznatiji-plodovi-meditarana-stizu-i-ove-godine-u-stolac\/#article","isPartOf":{"@id":"https:\/\/radioljubuski.ba\/index.php\/2021\/09\/27\/najpoznatiji-plodovi-meditarana-stizu-i-ove-godine-u-stolac\/"},"author":{"name":"Radio Ljubu\u0161ki","@id":"https:\/\/radioljubuski.ba\/#\/schema\/person\/19fc700381a780f69665d7956c469e3b"},"headline":"Najpoznatiji plodovi Meditarana sti\u017eu i ove godine u Stolac","datePublished":"2021-09-27T11:32:42+00:00","dateModified":"2021-09-27T11:32:43+00:00","mainEntityOfPage":{"@id":"https:\/\/radioljubuski.ba\/index.php\/2021\/09\/27\/najpoznatiji-plodovi-meditarana-stizu-i-ove-godine-u-stolac\/"},"wordCount":487,"publisher":{"@id":"https:\/\/radioljubuski.ba\/#organization"},"image":{"@id":"https:\/\/radioljubuski.ba\/index.php\/2021\/09\/27\/najpoznatiji-plodovi-meditarana-stizu-i-ove-godine-u-stolac\/#primaryimage"},"thumbnailUrl":"https:\/\/radioljubuski.ba\/wp-content\/uploads\/2021\/09\/8-2021-09-27-11-54-13-hercegovacki-plodovi-mediterana.jpg","articleSection":["BIH i regija"],"inLanguage":"hr"},{"@type":"WebPage","@id":"https:\/\/radioljubuski.ba\/index.php\/2021\/09\/27\/najpoznatiji-plodovi-meditarana-stizu-i-ove-godine-u-stolac\/","url":"https:\/\/radioljubuski.ba\/index.php\/2021\/09\/27\/najpoznatiji-plodovi-meditarana-stizu-i-ove-godine-u-stolac\/","name":"Najpoznatiji plodovi Meditarana sti\u017eu i ove godine u Stolac - RADIO LJUBU\u0160KI","isPartOf":{"@id":"https:\/\/radioljubuski.ba\/#website"},"primaryImageOfPage":{"@id":"https:\/\/radioljubuski.ba\/index.php\/2021\/09\/27\/najpoznatiji-plodovi-meditarana-stizu-i-ove-godine-u-stolac\/#primaryimage"},"image":{"@id":"https:\/\/radioljubuski.ba\/index.php\/2021\/09\/27\/najpoznatiji-plodovi-meditarana-stizu-i-ove-godine-u-stolac\/#primaryimage"},"thumbnailUrl":"https:\/\/radioljubuski.ba\/wp-content\/uploads\/2021\/09\/8-2021-09-27-11-54-13-hercegovacki-plodovi-mediterana.jpg","datePublished":"2021-09-27T11:32:42+00:00","dateModified":"2021-09-27T11:32:43+00:00","breadcrumb":{"@id":"https:\/\/radioljubuski.ba\/index.php\/2021\/09\/27\/najpoznatiji-plodovi-meditarana-stizu-i-ove-godine-u-stolac\/#breadcrumb"},"inLanguage":"hr","potentialAction":[{"@type":"ReadAction","target":["https:\/\/radioljubuski.ba\/index.php\/2021\/09\/27\/najpoznatiji-plodovi-meditarana-stizu-i-ove-godine-u-stolac\/"]}]},{"@type":"ImageObject","inLanguage":"hr","@id":"https:\/\/radioljubuski.ba\/index.php\/2021\/09\/27\/najpoznatiji-plodovi-meditarana-stizu-i-ove-godine-u-stolac\/#primaryimage","url":"https:\/\/radioljubuski.ba\/wp-content\/uploads\/2021\/09\/8-2021-09-27-11-54-13-hercegovacki-plodovi-mediterana.jpg","contentUrl":"https:\/\/radioljubuski.ba\/wp-content\/uploads\/2021\/09\/8-2021-09-27-11-54-13-hercegovacki-plodovi-mediterana.jpg","width":1000,"height":625},{"@type":"BreadcrumbList","@id":"https:\/\/radioljubuski.ba\/index.php\/2021\/09\/27\/najpoznatiji-plodovi-meditarana-stizu-i-ove-godine-u-stolac\/#breadcrumb","itemListElement":[{"@type":"ListItem","position":1,"name":"Po\u010detna stranica","item":"https:\/\/radioljubuski.ba\/"},{"@type":"ListItem","position":2,"name":"Najpoznatiji plodovi Meditarana sti\u017eu i ove godine u Stolac"}]},{"@type":"WebSite","@id":"https:\/\/radioljubuski.ba\/#website","url":"https:\/\/radioljubuski.ba\/","name":"Radio Ljubu\u0161ki","description":"Sun\u010dana frekvencija Hercegovine","publisher":{"@id":"https:\/\/radioljubuski.ba\/#organization"},"potentialAction":[{"@type":"SearchAction","target":{"@type":"EntryPoint","urlTemplate":"https:\/\/radioljubuski.ba\/?s={search_term_string}"},"query-input":{"@type":"PropertyValueSpecification","valueRequired":true,"valueName":"search_term_string"}}],"inLanguage":"hr"},{"@type":"Organization","@id":"https:\/\/radioljubuski.ba\/#organization","name":"Radio Ljubu\u0161ki","url":"https:\/\/radioljubuski.ba\/","logo":{"@type":"ImageObject","inLanguage":"hr","@id":"https:\/\/radioljubuski.ba\/#\/schema\/logo\/image\/","url":"https:\/\/radioljubuski.ba\/wp-content\/uploads\/2021\/02\/cropped-Radio_Ljubuski_logo1.jpg","contentUrl":"https:\/\/radioljubuski.ba\/wp-content\/uploads\/2021\/02\/cropped-Radio_Ljubuski_logo1.jpg","width":512,"height":512,"caption":"Radio Ljubu\u0161ki"},"image":{"@id":"https:\/\/radioljubuski.ba\/#\/schema\/logo\/image\/"},"sameAs":["https:\/\/www.facebook.com\/Radiio-Ljubuski-1490835324566332","https:\/\/x.com\/radioljubuski","https:\/\/hr.linkedin.com\/company\/radio-ljubuski","https:\/\/www.youtube.com\/channel\/UCHYaeO_n0Db3tjNGudGpXyw"]},{"@type":"Person","@id":"https:\/\/radioljubuski.ba\/#\/schema\/person\/19fc700381a780f69665d7956c469e3b","name":"Radio Ljubu\u0161ki"}]}},"_links":{"self":[{"href":"https:\/\/radioljubuski.ba\/index.php\/wp-json\/wp\/v2\/posts\/68624","targetHints":{"allow":["GET"]}}],"collection":[{"href":"https:\/\/radioljubuski.ba\/index.php\/wp-json\/wp\/v2\/posts"}],"about":[{"href":"https:\/\/radioljubuski.ba\/index.php\/wp-json\/wp\/v2\/types\/post"}],"author":[{"embeddable":true,"href":"https:\/\/radioljubuski.ba\/index.php\/wp-json\/wp\/v2\/users\/2"}],"replies":[{"embeddable":true,"href":"https:\/\/radioljubuski.ba\/index.php\/wp-json\/wp\/v2\/comments?post=68624"}],"version-history":[{"count":1,"href":"https:\/\/radioljubuski.ba\/index.php\/wp-json\/wp\/v2\/posts\/68624\/revisions"}],"predecessor-version":[{"id":68626,"href":"https:\/\/radioljubuski.ba\/index.php\/wp-json\/wp\/v2\/posts\/68624\/revisions\/68626"}],"wp:featuredmedia":[{"embeddable":true,"href":"https:\/\/radioljubuski.ba\/index.php\/wp-json\/wp\/v2\/media\/68625"}],"wp:attachment":[{"href":"https:\/\/radioljubuski.ba\/index.php\/wp-json\/wp\/v2\/media?parent=68624"}],"wp:term":[{"taxonomy":"category","embeddable":true,"href":"https:\/\/radioljubuski.ba\/index.php\/wp-json\/wp\/v2\/categories?post=68624"},{"taxonomy":"post_tag","embeddable":true,"href":"https:\/\/radioljubuski.ba\/index.php\/wp-json\/wp\/v2\/tags?post=68624"}],"curies":[{"name":"wp","href":"https:\/\/api.w.org\/{rel}","templated":true}]}}