{"id":68627,"date":"2021-09-27T12:34:11","date_gmt":"2021-09-27T11:34:11","guid":{"rendered":"https:\/\/radioljubuski.ba\/?p=68627"},"modified":"2021-09-27T12:34:12","modified_gmt":"2021-09-27T11:34:12","slug":"policija-oduzela-golf-2-i-tablice-vozac-ima-dug-od-skoro-15-000-km-za-kazne","status":"publish","type":"post","link":"https:\/\/radioljubuski.ba\/index.php\/2021\/09\/27\/policija-oduzela-golf-2-i-tablice-vozac-ima-dug-od-skoro-15-000-km-za-kazne\/","title":{"rendered":"Policija oduzela Golf 2 i tablice, voza\u010d ima dug od skoro 15.000 KM za kazne"},"content":{"rendered":"\n<p>Policija je u dobojskom naselju Bare oduzela putni\u010dki automobil Golf 2 registarskih oznaka za kojima je Policijska uprava Zenica raspisala potragu, priop\u0107eno je iz dobojske Policijske uprave.<\/p>\n\n\n\n<p>Vozilom je upravljao M. L. sa podru\u010dja Te\u0161nja, za koga je evidentirano da ima dug u registru nov\u010danih kazni od 14.635 KM.<\/p>\n\n\n\n<p>Nakon \u0161to je vozilo kontrolirano u petak, 24. rujna , oduzete su i tablice i automobil.<\/p>\n\n\n\n<p>Protiv M .L. \u0107e nadle\u017enom sudu biti podnesen zahtjev za pokretanje prekr\u0161ajnog postupka.<\/p>\n\n\n\n<p>Izvor:pogled.ba<\/p>\n","protected":false},"excerpt":{"rendered":"<p>Policija je u dobojskom naselju Bare oduzela putni\u010dki automobil Golf 2 registarskih oznaka za kojima je Policijska uprava Zenica raspisala potragu, priop\u0107eno je iz dobojske Policijske uprave. Vozilom je upravljao M. L. sa podru\u010dja Te\u0161nja, za koga je evidentirano da ima dug u registru nov\u010danih kazni od 14.635 KM. Nakon \u0161to je vozilo kontrolirano u [&hellip;]<\/p>\n","protected":false},"author":2,"featured_media":68628,"comment_status":"closed","ping_status":"closed","sticky":false,"template":"","format":"standard","meta":{"h5ap_radio_sources":[],"footnotes":""},"categories":[1],"tags":[],"class_list":["post-68627","post","type-post","status-publish","format-standard","has-post-thumbnail","hentry","category-bihiregija"],"yoast_head":"<!-- This site is optimized with the Yoast SEO plugin v27.5 - https:\/\/yoast.com\/product\/yoast-seo-wordpress\/ -->\n<title>Policija oduzela Golf 2 i tablice, voza\u010d ima dug od skoro 15.000 KM za kazne - RADIO LJUBU\u0160KI<\/title>\n<meta name=\"robots\" content=\"index, follow, max-snippet:-1, max-image-preview:large, max-video-preview:-1\" \/>\n<link rel=\"canonical\" href=\"https:\/\/radioljubuski.ba\/index.php\/2021\/09\/27\/policija-oduzela-golf-2-i-tablice-vozac-ima-dug-od-skoro-15-000-km-za-kazne\/\" \/>\n<meta property=\"og:locale\" content=\"hr_HR\" \/>\n<meta property=\"og:type\" content=\"article\" \/>\n<meta property=\"og:title\" content=\"Policija oduzela Golf 2 i tablice, voza\u010d ima dug od skoro 15.000 KM za kazne - RADIO LJUBU\u0160KI\" \/>\n<meta property=\"og:description\" content=\"Policija je u dobojskom naselju Bare oduzela putni\u010dki automobil Golf 2 registarskih oznaka za kojima je Policijska uprava Zenica raspisala potragu, priop\u0107eno je iz dobojske Policijske uprave. Vozilom je upravljao M. L. sa podru\u010dja Te\u0161nja, za koga je evidentirano da ima dug u registru nov\u010danih kazni od 14.635 KM. Nakon \u0161to je vozilo kontrolirano u [&hellip;]\" \/>\n<meta property=\"og:url\" content=\"https:\/\/radioljubuski.ba\/index.php\/2021\/09\/27\/policija-oduzela-golf-2-i-tablice-vozac-ima-dug-od-skoro-15-000-km-za-kazne\/\" \/>\n<meta property=\"og:site_name\" content=\"RADIO LJUBU\u0160KI\" \/>\n<meta property=\"article:publisher\" content=\"https:\/\/www.facebook.com\/Radiio-Ljubuski-1490835324566332\" \/>\n<meta property=\"article:published_time\" content=\"2021-09-27T11:34:11+00:00\" \/>\n<meta property=\"article:modified_time\" content=\"2021-09-27T11:34:12+00:00\" \/>\n<meta property=\"og:image\" content=\"https:\/\/radioljubuski.ba\/wp-content\/uploads\/2021\/09\/lV60rpxu_golf.jpg\" \/>\n\t<meta property=\"og:image:width\" content=\"1000\" \/>\n\t<meta property=\"og:image:height\" content=\"625\" \/>\n\t<meta property=\"og:image:type\" content=\"image\/jpeg\" \/>\n<meta name=\"author\" content=\"Radio Ljubu\u0161ki\" \/>\n<meta name=\"twitter:card\" content=\"summary_large_image\" \/>\n<meta name=\"twitter:creator\" content=\"@radioljubuski\" \/>\n<meta name=\"twitter:site\" content=\"@radioljubuski\" \/>\n<meta name=\"twitter:label1\" content=\"Napisao\/la\" \/>\n\t<meta name=\"twitter:data1\" content=\"Radio Ljubu\u0161ki\" \/>\n\t<meta name=\"twitter:label2\" content=\"Procijenjeno vrijeme \u010ditanja\" \/>\n\t<meta name=\"twitter:data2\" content=\"1 minuta\" \/>\n<script type=\"application\/ld+json\" class=\"yoast-schema-graph\">{\"@context\":\"https:\\\/\\\/schema.org\",\"@graph\":[{\"@type\":\"Article\",\"@id\":\"https:\\\/\\\/radioljubuski.ba\\\/index.php\\\/2021\\\/09\\\/27\\\/policija-oduzela-golf-2-i-tablice-vozac-ima-dug-od-skoro-15-000-km-za-kazne\\\/#article\",\"isPartOf\":{\"@id\":\"https:\\\/\\\/radioljubuski.ba\\\/index.php\\\/2021\\\/09\\\/27\\\/policija-oduzela-golf-2-i-tablice-vozac-ima-dug-od-skoro-15-000-km-za-kazne\\\/\"},\"author\":{\"name\":\"Radio Ljubu\u0161ki\",\"@id\":\"https:\\\/\\\/radioljubuski.ba\\\/#\\\/schema\\\/person\\\/19fc700381a780f69665d7956c469e3b\"},\"headline\":\"Policija oduzela Golf 2 i tablice, voza\u010d ima dug od skoro 15.000 KM za kazne\",\"datePublished\":\"2021-09-27T11:34:11+00:00\",\"dateModified\":\"2021-09-27T11:34:12+00:00\",\"mainEntityOfPage\":{\"@id\":\"https:\\\/\\\/radioljubuski.ba\\\/index.php\\\/2021\\\/09\\\/27\\\/policija-oduzela-golf-2-i-tablice-vozac-ima-dug-od-skoro-15-000-km-za-kazne\\\/\"},\"wordCount\":97,\"publisher\":{\"@id\":\"https:\\\/\\\/radioljubuski.ba\\\/#organization\"},\"image\":{\"@id\":\"https:\\\/\\\/radioljubuski.ba\\\/index.php\\\/2021\\\/09\\\/27\\\/policija-oduzela-golf-2-i-tablice-vozac-ima-dug-od-skoro-15-000-km-za-kazne\\\/#primaryimage\"},\"thumbnailUrl\":\"https:\\\/\\\/radioljubuski.ba\\\/wp-content\\\/uploads\\\/2021\\\/09\\\/lV60rpxu_golf.jpg\",\"articleSection\":[\"BIH i regija\"],\"inLanguage\":\"hr\"},{\"@type\":\"WebPage\",\"@id\":\"https:\\\/\\\/radioljubuski.ba\\\/index.php\\\/2021\\\/09\\\/27\\\/policija-oduzela-golf-2-i-tablice-vozac-ima-dug-od-skoro-15-000-km-za-kazne\\\/\",\"url\":\"https:\\\/\\\/radioljubuski.ba\\\/index.php\\\/2021\\\/09\\\/27\\\/policija-oduzela-golf-2-i-tablice-vozac-ima-dug-od-skoro-15-000-km-za-kazne\\\/\",\"name\":\"Policija oduzela Golf 2 i tablice, voza\u010d ima dug od skoro 15.000 KM za kazne - RADIO LJUBU\u0160KI\",\"isPartOf\":{\"@id\":\"https:\\\/\\\/radioljubuski.ba\\\/#website\"},\"primaryImageOfPage\":{\"@id\":\"https:\\\/\\\/radioljubuski.ba\\\/index.php\\\/2021\\\/09\\\/27\\\/policija-oduzela-golf-2-i-tablice-vozac-ima-dug-od-skoro-15-000-km-za-kazne\\\/#primaryimage\"},\"image\":{\"@id\":\"https:\\\/\\\/radioljubuski.ba\\\/index.php\\\/2021\\\/09\\\/27\\\/policija-oduzela-golf-2-i-tablice-vozac-ima-dug-od-skoro-15-000-km-za-kazne\\\/#primaryimage\"},\"thumbnailUrl\":\"https:\\\/\\\/radioljubuski.ba\\\/wp-content\\\/uploads\\\/2021\\\/09\\\/lV60rpxu_golf.jpg\",\"datePublished\":\"2021-09-27T11:34:11+00:00\",\"dateModified\":\"2021-09-27T11:34:12+00:00\",\"breadcrumb\":{\"@id\":\"https:\\\/\\\/radioljubuski.ba\\\/index.php\\\/2021\\\/09\\\/27\\\/policija-oduzela-golf-2-i-tablice-vozac-ima-dug-od-skoro-15-000-km-za-kazne\\\/#breadcrumb\"},\"inLanguage\":\"hr\",\"potentialAction\":[{\"@type\":\"ReadAction\",\"target\":[\"https:\\\/\\\/radioljubuski.ba\\\/index.php\\\/2021\\\/09\\\/27\\\/policija-oduzela-golf-2-i-tablice-vozac-ima-dug-od-skoro-15-000-km-za-kazne\\\/\"]}]},{\"@type\":\"ImageObject\",\"inLanguage\":\"hr\",\"@id\":\"https:\\\/\\\/radioljubuski.ba\\\/index.php\\\/2021\\\/09\\\/27\\\/policija-oduzela-golf-2-i-tablice-vozac-ima-dug-od-skoro-15-000-km-za-kazne\\\/#primaryimage\",\"url\":\"https:\\\/\\\/radioljubuski.ba\\\/wp-content\\\/uploads\\\/2021\\\/09\\\/lV60rpxu_golf.jpg\",\"contentUrl\":\"https:\\\/\\\/radioljubuski.ba\\\/wp-content\\\/uploads\\\/2021\\\/09\\\/lV60rpxu_golf.jpg\",\"width\":1000,\"height\":625},{\"@type\":\"BreadcrumbList\",\"@id\":\"https:\\\/\\\/radioljubuski.ba\\\/index.php\\\/2021\\\/09\\\/27\\\/policija-oduzela-golf-2-i-tablice-vozac-ima-dug-od-skoro-15-000-km-za-kazne\\\/#breadcrumb\",\"itemListElement\":[{\"@type\":\"ListItem\",\"position\":1,\"name\":\"Po\u010detna stranica\",\"item\":\"https:\\\/\\\/radioljubuski.ba\\\/\"},{\"@type\":\"ListItem\",\"position\":2,\"name\":\"Policija oduzela Golf 2 i tablice, voza\u010d ima dug od skoro 15.000 KM za kazne\"}]},{\"@type\":\"WebSite\",\"@id\":\"https:\\\/\\\/radioljubuski.ba\\\/#website\",\"url\":\"https:\\\/\\\/radioljubuski.ba\\\/\",\"name\":\"Radio Ljubu\u0161ki\",\"description\":\"Sun\u010dana frekvencija Hercegovine\",\"publisher\":{\"@id\":\"https:\\\/\\\/radioljubuski.ba\\\/#organization\"},\"potentialAction\":[{\"@type\":\"SearchAction\",\"target\":{\"@type\":\"EntryPoint\",\"urlTemplate\":\"https:\\\/\\\/radioljubuski.ba\\\/?s={search_term_string}\"},\"query-input\":{\"@type\":\"PropertyValueSpecification\",\"valueRequired\":true,\"valueName\":\"search_term_string\"}}],\"inLanguage\":\"hr\"},{\"@type\":\"Organization\",\"@id\":\"https:\\\/\\\/radioljubuski.ba\\\/#organization\",\"name\":\"Radio Ljubu\u0161ki\",\"url\":\"https:\\\/\\\/radioljubuski.ba\\\/\",\"logo\":{\"@type\":\"ImageObject\",\"inLanguage\":\"hr\",\"@id\":\"https:\\\/\\\/radioljubuski.ba\\\/#\\\/schema\\\/logo\\\/image\\\/\",\"url\":\"https:\\\/\\\/radioljubuski.ba\\\/wp-content\\\/uploads\\\/2021\\\/02\\\/cropped-Radio_Ljubuski_logo1.jpg\",\"contentUrl\":\"https:\\\/\\\/radioljubuski.ba\\\/wp-content\\\/uploads\\\/2021\\\/02\\\/cropped-Radio_Ljubuski_logo1.jpg\",\"width\":512,\"height\":512,\"caption\":\"Radio Ljubu\u0161ki\"},\"image\":{\"@id\":\"https:\\\/\\\/radioljubuski.ba\\\/#\\\/schema\\\/logo\\\/image\\\/\"},\"sameAs\":[\"https:\\\/\\\/www.facebook.com\\\/Radiio-Ljubuski-1490835324566332\",\"https:\\\/\\\/x.com\\\/radioljubuski\",\"https:\\\/\\\/hr.linkedin.com\\\/company\\\/radio-ljubuski\",\"https:\\\/\\\/www.youtube.com\\\/channel\\\/UCHYaeO_n0Db3tjNGudGpXyw\"]},{\"@type\":\"Person\",\"@id\":\"https:\\\/\\\/radioljubuski.ba\\\/#\\\/schema\\\/person\\\/19fc700381a780f69665d7956c469e3b\",\"name\":\"Radio Ljubu\u0161ki\"}]}<\/script>\n<!-- \/ Yoast SEO plugin. -->","yoast_head_json":{"title":"Policija oduzela Golf 2 i tablice, voza\u010d ima dug od skoro 15.000 KM za kazne - RADIO LJUBU\u0160KI","robots":{"index":"index","follow":"follow","max-snippet":"max-snippet:-1","max-image-preview":"max-image-preview:large","max-video-preview":"max-video-preview:-1"},"canonical":"https:\/\/radioljubuski.ba\/index.php\/2021\/09\/27\/policija-oduzela-golf-2-i-tablice-vozac-ima-dug-od-skoro-15-000-km-za-kazne\/","og_locale":"hr_HR","og_type":"article","og_title":"Policija oduzela Golf 2 i tablice, voza\u010d ima dug od skoro 15.000 KM za kazne - RADIO LJUBU\u0160KI","og_description":"Policija je u dobojskom naselju Bare oduzela putni\u010dki automobil Golf 2 registarskih oznaka za kojima je Policijska uprava Zenica raspisala potragu, priop\u0107eno je iz dobojske Policijske uprave. Vozilom je upravljao M. L. sa podru\u010dja Te\u0161nja, za koga je evidentirano da ima dug u registru nov\u010danih kazni od 14.635 KM. Nakon \u0161to je vozilo kontrolirano u [&hellip;]","og_url":"https:\/\/radioljubuski.ba\/index.php\/2021\/09\/27\/policija-oduzela-golf-2-i-tablice-vozac-ima-dug-od-skoro-15-000-km-za-kazne\/","og_site_name":"RADIO LJUBU\u0160KI","article_publisher":"https:\/\/www.facebook.com\/Radiio-Ljubuski-1490835324566332","article_published_time":"2021-09-27T11:34:11+00:00","article_modified_time":"2021-09-27T11:34:12+00:00","og_image":[{"width":1000,"height":625,"url":"https:\/\/radioljubuski.ba\/wp-content\/uploads\/2021\/09\/lV60rpxu_golf.jpg","type":"image\/jpeg"}],"author":"Radio Ljubu\u0161ki","twitter_card":"summary_large_image","twitter_creator":"@radioljubuski","twitter_site":"@radioljubuski","twitter_misc":{"Napisao\/la":"Radio Ljubu\u0161ki","Procijenjeno vrijeme \u010ditanja":"1 minuta"},"schema":{"@context":"https:\/\/schema.org","@graph":[{"@type":"Article","@id":"https:\/\/radioljubuski.ba\/index.php\/2021\/09\/27\/policija-oduzela-golf-2-i-tablice-vozac-ima-dug-od-skoro-15-000-km-za-kazne\/#article","isPartOf":{"@id":"https:\/\/radioljubuski.ba\/index.php\/2021\/09\/27\/policija-oduzela-golf-2-i-tablice-vozac-ima-dug-od-skoro-15-000-km-za-kazne\/"},"author":{"name":"Radio Ljubu\u0161ki","@id":"https:\/\/radioljubuski.ba\/#\/schema\/person\/19fc700381a780f69665d7956c469e3b"},"headline":"Policija oduzela Golf 2 i tablice, voza\u010d ima dug od skoro 15.000 KM za kazne","datePublished":"2021-09-27T11:34:11+00:00","dateModified":"2021-09-27T11:34:12+00:00","mainEntityOfPage":{"@id":"https:\/\/radioljubuski.ba\/index.php\/2021\/09\/27\/policija-oduzela-golf-2-i-tablice-vozac-ima-dug-od-skoro-15-000-km-za-kazne\/"},"wordCount":97,"publisher":{"@id":"https:\/\/radioljubuski.ba\/#organization"},"image":{"@id":"https:\/\/radioljubuski.ba\/index.php\/2021\/09\/27\/policija-oduzela-golf-2-i-tablice-vozac-ima-dug-od-skoro-15-000-km-za-kazne\/#primaryimage"},"thumbnailUrl":"https:\/\/radioljubuski.ba\/wp-content\/uploads\/2021\/09\/lV60rpxu_golf.jpg","articleSection":["BIH i regija"],"inLanguage":"hr"},{"@type":"WebPage","@id":"https:\/\/radioljubuski.ba\/index.php\/2021\/09\/27\/policija-oduzela-golf-2-i-tablice-vozac-ima-dug-od-skoro-15-000-km-za-kazne\/","url":"https:\/\/radioljubuski.ba\/index.php\/2021\/09\/27\/policija-oduzela-golf-2-i-tablice-vozac-ima-dug-od-skoro-15-000-km-za-kazne\/","name":"Policija oduzela Golf 2 i tablice, voza\u010d ima dug od skoro 15.000 KM za kazne - RADIO LJUBU\u0160KI","isPartOf":{"@id":"https:\/\/radioljubuski.ba\/#website"},"primaryImageOfPage":{"@id":"https:\/\/radioljubuski.ba\/index.php\/2021\/09\/27\/policija-oduzela-golf-2-i-tablice-vozac-ima-dug-od-skoro-15-000-km-za-kazne\/#primaryimage"},"image":{"@id":"https:\/\/radioljubuski.ba\/index.php\/2021\/09\/27\/policija-oduzela-golf-2-i-tablice-vozac-ima-dug-od-skoro-15-000-km-za-kazne\/#primaryimage"},"thumbnailUrl":"https:\/\/radioljubuski.ba\/wp-content\/uploads\/2021\/09\/lV60rpxu_golf.jpg","datePublished":"2021-09-27T11:34:11+00:00","dateModified":"2021-09-27T11:34:12+00:00","breadcrumb":{"@id":"https:\/\/radioljubuski.ba\/index.php\/2021\/09\/27\/policija-oduzela-golf-2-i-tablice-vozac-ima-dug-od-skoro-15-000-km-za-kazne\/#breadcrumb"},"inLanguage":"hr","potentialAction":[{"@type":"ReadAction","target":["https:\/\/radioljubuski.ba\/index.php\/2021\/09\/27\/policija-oduzela-golf-2-i-tablice-vozac-ima-dug-od-skoro-15-000-km-za-kazne\/"]}]},{"@type":"ImageObject","inLanguage":"hr","@id":"https:\/\/radioljubuski.ba\/index.php\/2021\/09\/27\/policija-oduzela-golf-2-i-tablice-vozac-ima-dug-od-skoro-15-000-km-za-kazne\/#primaryimage","url":"https:\/\/radioljubuski.ba\/wp-content\/uploads\/2021\/09\/lV60rpxu_golf.jpg","contentUrl":"https:\/\/radioljubuski.ba\/wp-content\/uploads\/2021\/09\/lV60rpxu_golf.jpg","width":1000,"height":625},{"@type":"BreadcrumbList","@id":"https:\/\/radioljubuski.ba\/index.php\/2021\/09\/27\/policija-oduzela-golf-2-i-tablice-vozac-ima-dug-od-skoro-15-000-km-za-kazne\/#breadcrumb","itemListElement":[{"@type":"ListItem","position":1,"name":"Po\u010detna stranica","item":"https:\/\/radioljubuski.ba\/"},{"@type":"ListItem","position":2,"name":"Policija oduzela Golf 2 i tablice, voza\u010d ima dug od skoro 15.000 KM za kazne"}]},{"@type":"WebSite","@id":"https:\/\/radioljubuski.ba\/#website","url":"https:\/\/radioljubuski.ba\/","name":"Radio Ljubu\u0161ki","description":"Sun\u010dana frekvencija Hercegovine","publisher":{"@id":"https:\/\/radioljubuski.ba\/#organization"},"potentialAction":[{"@type":"SearchAction","target":{"@type":"EntryPoint","urlTemplate":"https:\/\/radioljubuski.ba\/?s={search_term_string}"},"query-input":{"@type":"PropertyValueSpecification","valueRequired":true,"valueName":"search_term_string"}}],"inLanguage":"hr"},{"@type":"Organization","@id":"https:\/\/radioljubuski.ba\/#organization","name":"Radio Ljubu\u0161ki","url":"https:\/\/radioljubuski.ba\/","logo":{"@type":"ImageObject","inLanguage":"hr","@id":"https:\/\/radioljubuski.ba\/#\/schema\/logo\/image\/","url":"https:\/\/radioljubuski.ba\/wp-content\/uploads\/2021\/02\/cropped-Radio_Ljubuski_logo1.jpg","contentUrl":"https:\/\/radioljubuski.ba\/wp-content\/uploads\/2021\/02\/cropped-Radio_Ljubuski_logo1.jpg","width":512,"height":512,"caption":"Radio Ljubu\u0161ki"},"image":{"@id":"https:\/\/radioljubuski.ba\/#\/schema\/logo\/image\/"},"sameAs":["https:\/\/www.facebook.com\/Radiio-Ljubuski-1490835324566332","https:\/\/x.com\/radioljubuski","https:\/\/hr.linkedin.com\/company\/radio-ljubuski","https:\/\/www.youtube.com\/channel\/UCHYaeO_n0Db3tjNGudGpXyw"]},{"@type":"Person","@id":"https:\/\/radioljubuski.ba\/#\/schema\/person\/19fc700381a780f69665d7956c469e3b","name":"Radio Ljubu\u0161ki"}]}},"_links":{"self":[{"href":"https:\/\/radioljubuski.ba\/index.php\/wp-json\/wp\/v2\/posts\/68627","targetHints":{"allow":["GET"]}}],"collection":[{"href":"https:\/\/radioljubuski.ba\/index.php\/wp-json\/wp\/v2\/posts"}],"about":[{"href":"https:\/\/radioljubuski.ba\/index.php\/wp-json\/wp\/v2\/types\/post"}],"author":[{"embeddable":true,"href":"https:\/\/radioljubuski.ba\/index.php\/wp-json\/wp\/v2\/users\/2"}],"replies":[{"embeddable":true,"href":"https:\/\/radioljubuski.ba\/index.php\/wp-json\/wp\/v2\/comments?post=68627"}],"version-history":[{"count":1,"href":"https:\/\/radioljubuski.ba\/index.php\/wp-json\/wp\/v2\/posts\/68627\/revisions"}],"predecessor-version":[{"id":68629,"href":"https:\/\/radioljubuski.ba\/index.php\/wp-json\/wp\/v2\/posts\/68627\/revisions\/68629"}],"wp:featuredmedia":[{"embeddable":true,"href":"https:\/\/radioljubuski.ba\/index.php\/wp-json\/wp\/v2\/media\/68628"}],"wp:attachment":[{"href":"https:\/\/radioljubuski.ba\/index.php\/wp-json\/wp\/v2\/media?parent=68627"}],"wp:term":[{"taxonomy":"category","embeddable":true,"href":"https:\/\/radioljubuski.ba\/index.php\/wp-json\/wp\/v2\/categories?post=68627"},{"taxonomy":"post_tag","embeddable":true,"href":"https:\/\/radioljubuski.ba\/index.php\/wp-json\/wp\/v2\/tags?post=68627"}],"curies":[{"name":"wp","href":"https:\/\/api.w.org\/{rel}","templated":true}]}}