{"id":68636,"date":"2021-09-27T12:37:47","date_gmt":"2021-09-27T11:37:47","guid":{"rendered":"https:\/\/radioljubuski.ba\/?p=68636"},"modified":"2021-09-27T12:37:48","modified_gmt":"2021-09-27T11:37:48","slug":"bozinovic-o-stravicnom-ubojstvu-troje-djece-na-takav-dogadaj-kao-ljudsko-bice-nista-vas-ne-moze-pripremiti","status":"publish","type":"post","link":"https:\/\/radioljubuski.ba\/index.php\/2021\/09\/27\/bozinovic-o-stravicnom-ubojstvu-troje-djece-na-takav-dogadaj-kao-ljudsko-bice-nista-vas-ne-moze-pripremiti\/","title":{"rendered":"Bo\u017einovi\u0107 o stravi\u010dnom ubojstvu troje djece: &#8216;Na takav doga\u0111aj kao ljudsko bi\u0107e ni\u0161ta vas ne mo\u017ee pripremiti&#8217;"},"content":{"rendered":"\n<p>Glavni ravnatelj policije Nikola Milina izvijestio je u ponedjeljak da se roditelj osumnji\u010den za ubojstvo svoje troje djece nalazi pod lije\u010dni\u010dkim nadzorom te da \u0107e imati status uhi\u0107enika nakon otpu\u0161tanja iz bolnice.<\/p>\n\n\n\n<p>&#8221;Policija je stalno prisutna u bolnici i nastavit \u0107e kriminalisti\u010dko istra\u017eivanje nakon \u0161to osumnji\u010denik bude otpu\u0161ten iz bolnice. Policija u me\u0111uvremenu prikuplja obavijesti, provodi potrebne dokazne radnje i vje\u0161ta\u010denja kako bi se do kraja rasvjetlile sve okolnosti jednog od najstra\u0161nijih zlo\u010dina u RH&#8221;, kazao je Milina.<\/p>\n\n\n\n<p>Dodao je da policija dosad nije postupala prema osumnji\u010denom po\u010dinitelju zbog obiteljskog nasilja ili drugih kaznenih djela te da \u0107e osumnji\u010denik nakon dovr\u0161enog kriminalisti\u010dkog istra\u017eivanja biti predan pritvorskom nadzorniku.<\/p>\n\n\n\n<p>Upitan kakve su \u0161anse da \u0107e osumnji\u010deni roditelj biti hospitaliziran u psihijatrijsku bolnicu, Milina je odgovorio da to ne ovisi o policiji ve\u0107 o procjeni nadle\u017ene zdravstvene ustanove.<\/p>\n\n\n\n<p>Govore\u0107i o traumi koju su do\u017eivjeli policajci dolaskom na mjesto trostrukog ubojstva, ministar unutarnjih poslova Davor Bo\u017einovi\u0107 je ocijenio da ljudsko bi\u0107e ne mo\u017ee biti pripremljeno na jedan takav doga\u0111aj.<\/p>\n\n\n\n<p>&#8221;Mi kroz sustav \u0161kolovanja, pored obrazovne i fizi\u010dke pripreme, radimo i na psiholo\u0161koj pripremi mladih policajaca i vje\u017ebenika na terenu. Me\u0111utim, uvijek postoje ekstremne situacije gdje \u010dovjek reagira ljudski. Zbog toga imamo posebne stru\u010dnjake koji se bave upravo takvih situacijama i daju psiholo\u0161ku podr\u0161ku i savjete ljudima koji si imali tragi\u010dno iskustvo, a kako bi \u0161to prije pripremili za povratak njihovim svakodnevnim du\u017enostima. &nbsp;\u010cinjenica je da \u0107e oni, na\u017ealost, pamtiti ono \u010demu su svjedo\u010dili u profesionalnom smislu&#8221;, zaklju\u010dio je Bo\u017einovi\u0107. &nbsp; &nbsp; &nbsp; &nbsp; &nbsp; &nbsp;<\/p>\n\n\n\n<p>Policija i tu\u017eiteljstvo su ranije priop\u0107ili da je u subotu oko 2 sata u stanu u zagreba\u010dkim Mlinovima, temeljem informacija o najavljenom samoubojstvu zaprimljenih od gra\u0111ana zbog objave na dru\u0161tvenim mre\u017eama, prona\u0161la troje najvjerojatnije ugu\u0161ene djece i njihova 56-godi\u0161njeg oca koji je poku\u0161ao po\u010diniti samoubojstvo te je prevezen na lije\u010denje u bolnicu Sestara Milosrdnica.<\/p>\n\n\n\n<p>U vrijeme zlo\u010dina majka ubijene djece nije bila u Zagrebu, a djeca su vikend provodila s ocem.<\/p>\n\n\n\n<p>Mediji pi\u0161u da je za ubojstvo svoje troje maloljetne djece osumnji\u010den Harald Kopitz iz Be\u010da koji je \u017eivio i radio u Zagrebu gdje je imao svoje tvrtke te da je radio za vi\u0161e velikih tvrtki kao financijski konzultant i pregovara\u010d.<\/p>\n\n\n\n<p>Izvor:pogled.ba<\/p>\n","protected":false},"excerpt":{"rendered":"<p>Glavni ravnatelj policije Nikola Milina izvijestio je u ponedjeljak da se roditelj osumnji\u010den za ubojstvo svoje troje djece nalazi pod lije\u010dni\u010dkim nadzorom te da \u0107e imati status uhi\u0107enika nakon otpu\u0161tanja iz bolnice. &#8221;Policija je stalno prisutna u bolnici i nastavit \u0107e kriminalisti\u010dko istra\u017eivanje nakon \u0161to osumnji\u010denik bude otpu\u0161ten iz bolnice. Policija u me\u0111uvremenu prikuplja obavijesti, [&hellip;]<\/p>\n","protected":false},"author":2,"featured_media":49175,"comment_status":"closed","ping_status":"closed","sticky":false,"template":"","format":"standard","meta":{"h5ap_radio_sources":[],"footnotes":""},"categories":[1],"tags":[],"class_list":["post-68636","post","type-post","status-publish","format-standard","has-post-thumbnail","hentry","category-bihiregija"],"yoast_head":"<!-- This site is optimized with the Yoast SEO plugin v27.5 - https:\/\/yoast.com\/product\/yoast-seo-wordpress\/ -->\n<title>Bo\u017einovi\u0107 o stravi\u010dnom ubojstvu troje djece: &#039;Na takav doga\u0111aj kao ljudsko bi\u0107e ni\u0161ta vas ne mo\u017ee pripremiti&#039; - RADIO LJUBU\u0160KI<\/title>\n<meta name=\"robots\" content=\"index, follow, max-snippet:-1, max-image-preview:large, max-video-preview:-1\" \/>\n<link rel=\"canonical\" href=\"https:\/\/radioljubuski.ba\/index.php\/2021\/09\/27\/bozinovic-o-stravicnom-ubojstvu-troje-djece-na-takav-dogadaj-kao-ljudsko-bice-nista-vas-ne-moze-pripremiti\/\" \/>\n<meta property=\"og:locale\" content=\"hr_HR\" \/>\n<meta property=\"og:type\" content=\"article\" \/>\n<meta property=\"og:title\" content=\"Bo\u017einovi\u0107 o stravi\u010dnom ubojstvu troje djece: &#039;Na takav doga\u0111aj kao ljudsko bi\u0107e ni\u0161ta vas ne mo\u017ee pripremiti&#039; - RADIO LJUBU\u0160KI\" \/>\n<meta property=\"og:description\" content=\"Glavni ravnatelj policije Nikola Milina izvijestio je u ponedjeljak da se roditelj osumnji\u010den za ubojstvo svoje troje djece nalazi pod lije\u010dni\u010dkim nadzorom te da \u0107e imati status uhi\u0107enika nakon otpu\u0161tanja iz bolnice. &#8221;Policija je stalno prisutna u bolnici i nastavit \u0107e kriminalisti\u010dko istra\u017eivanje nakon \u0161to osumnji\u010denik bude otpu\u0161ten iz bolnice. Policija u me\u0111uvremenu prikuplja obavijesti, [&hellip;]\" \/>\n<meta property=\"og:url\" content=\"https:\/\/radioljubuski.ba\/index.php\/2021\/09\/27\/bozinovic-o-stravicnom-ubojstvu-troje-djece-na-takav-dogadaj-kao-ljudsko-bice-nista-vas-ne-moze-pripremiti\/\" \/>\n<meta property=\"og:site_name\" content=\"RADIO LJUBU\u0160KI\" \/>\n<meta property=\"article:publisher\" content=\"https:\/\/www.facebook.com\/Radiio-Ljubuski-1490835324566332\" \/>\n<meta property=\"article:published_time\" content=\"2021-09-27T11:37:47+00:00\" \/>\n<meta property=\"article:modified_time\" content=\"2021-09-27T11:37:48+00:00\" \/>\n<meta property=\"og:image\" content=\"https:\/\/radioljubuski.ba\/wp-content\/uploads\/2021\/08\/2-2021-07-30-17-13-52-BOZINOVIC.jpg\" \/>\n\t<meta property=\"og:image:width\" content=\"1000\" \/>\n\t<meta property=\"og:image:height\" content=\"625\" \/>\n\t<meta property=\"og:image:type\" content=\"image\/jpeg\" \/>\n<meta name=\"author\" content=\"Radio Ljubu\u0161ki\" \/>\n<meta name=\"twitter:card\" content=\"summary_large_image\" \/>\n<meta name=\"twitter:creator\" content=\"@radioljubuski\" \/>\n<meta name=\"twitter:site\" content=\"@radioljubuski\" \/>\n<meta name=\"twitter:label1\" content=\"Napisao\/la\" \/>\n\t<meta name=\"twitter:data1\" content=\"Radio Ljubu\u0161ki\" \/>\n\t<meta name=\"twitter:label2\" content=\"Procijenjeno vrijeme \u010ditanja\" \/>\n\t<meta name=\"twitter:data2\" content=\"2 minute\" \/>\n<script type=\"application\/ld+json\" class=\"yoast-schema-graph\">{\"@context\":\"https:\\\/\\\/schema.org\",\"@graph\":[{\"@type\":\"Article\",\"@id\":\"https:\\\/\\\/radioljubuski.ba\\\/index.php\\\/2021\\\/09\\\/27\\\/bozinovic-o-stravicnom-ubojstvu-troje-djece-na-takav-dogadaj-kao-ljudsko-bice-nista-vas-ne-moze-pripremiti\\\/#article\",\"isPartOf\":{\"@id\":\"https:\\\/\\\/radioljubuski.ba\\\/index.php\\\/2021\\\/09\\\/27\\\/bozinovic-o-stravicnom-ubojstvu-troje-djece-na-takav-dogadaj-kao-ljudsko-bice-nista-vas-ne-moze-pripremiti\\\/\"},\"author\":{\"name\":\"Radio Ljubu\u0161ki\",\"@id\":\"https:\\\/\\\/radioljubuski.ba\\\/#\\\/schema\\\/person\\\/19fc700381a780f69665d7956c469e3b\"},\"headline\":\"Bo\u017einovi\u0107 o stravi\u010dnom ubojstvu troje djece: &#8216;Na takav doga\u0111aj kao ljudsko bi\u0107e ni\u0161ta vas ne mo\u017ee pripremiti&#8217;\",\"datePublished\":\"2021-09-27T11:37:47+00:00\",\"dateModified\":\"2021-09-27T11:37:48+00:00\",\"mainEntityOfPage\":{\"@id\":\"https:\\\/\\\/radioljubuski.ba\\\/index.php\\\/2021\\\/09\\\/27\\\/bozinovic-o-stravicnom-ubojstvu-troje-djece-na-takav-dogadaj-kao-ljudsko-bice-nista-vas-ne-moze-pripremiti\\\/\"},\"wordCount\":446,\"publisher\":{\"@id\":\"https:\\\/\\\/radioljubuski.ba\\\/#organization\"},\"image\":{\"@id\":\"https:\\\/\\\/radioljubuski.ba\\\/index.php\\\/2021\\\/09\\\/27\\\/bozinovic-o-stravicnom-ubojstvu-troje-djece-na-takav-dogadaj-kao-ljudsko-bice-nista-vas-ne-moze-pripremiti\\\/#primaryimage\"},\"thumbnailUrl\":\"https:\\\/\\\/radioljubuski.ba\\\/wp-content\\\/uploads\\\/2021\\\/08\\\/2-2021-07-30-17-13-52-BOZINOVIC.jpg\",\"articleSection\":[\"BIH i regija\"],\"inLanguage\":\"hr\"},{\"@type\":\"WebPage\",\"@id\":\"https:\\\/\\\/radioljubuski.ba\\\/index.php\\\/2021\\\/09\\\/27\\\/bozinovic-o-stravicnom-ubojstvu-troje-djece-na-takav-dogadaj-kao-ljudsko-bice-nista-vas-ne-moze-pripremiti\\\/\",\"url\":\"https:\\\/\\\/radioljubuski.ba\\\/index.php\\\/2021\\\/09\\\/27\\\/bozinovic-o-stravicnom-ubojstvu-troje-djece-na-takav-dogadaj-kao-ljudsko-bice-nista-vas-ne-moze-pripremiti\\\/\",\"name\":\"Bo\u017einovi\u0107 o stravi\u010dnom ubojstvu troje djece: 'Na takav doga\u0111aj kao ljudsko bi\u0107e ni\u0161ta vas ne mo\u017ee pripremiti' - RADIO LJUBU\u0160KI\",\"isPartOf\":{\"@id\":\"https:\\\/\\\/radioljubuski.ba\\\/#website\"},\"primaryImageOfPage\":{\"@id\":\"https:\\\/\\\/radioljubuski.ba\\\/index.php\\\/2021\\\/09\\\/27\\\/bozinovic-o-stravicnom-ubojstvu-troje-djece-na-takav-dogadaj-kao-ljudsko-bice-nista-vas-ne-moze-pripremiti\\\/#primaryimage\"},\"image\":{\"@id\":\"https:\\\/\\\/radioljubuski.ba\\\/index.php\\\/2021\\\/09\\\/27\\\/bozinovic-o-stravicnom-ubojstvu-troje-djece-na-takav-dogadaj-kao-ljudsko-bice-nista-vas-ne-moze-pripremiti\\\/#primaryimage\"},\"thumbnailUrl\":\"https:\\\/\\\/radioljubuski.ba\\\/wp-content\\\/uploads\\\/2021\\\/08\\\/2-2021-07-30-17-13-52-BOZINOVIC.jpg\",\"datePublished\":\"2021-09-27T11:37:47+00:00\",\"dateModified\":\"2021-09-27T11:37:48+00:00\",\"breadcrumb\":{\"@id\":\"https:\\\/\\\/radioljubuski.ba\\\/index.php\\\/2021\\\/09\\\/27\\\/bozinovic-o-stravicnom-ubojstvu-troje-djece-na-takav-dogadaj-kao-ljudsko-bice-nista-vas-ne-moze-pripremiti\\\/#breadcrumb\"},\"inLanguage\":\"hr\",\"potentialAction\":[{\"@type\":\"ReadAction\",\"target\":[\"https:\\\/\\\/radioljubuski.ba\\\/index.php\\\/2021\\\/09\\\/27\\\/bozinovic-o-stravicnom-ubojstvu-troje-djece-na-takav-dogadaj-kao-ljudsko-bice-nista-vas-ne-moze-pripremiti\\\/\"]}]},{\"@type\":\"ImageObject\",\"inLanguage\":\"hr\",\"@id\":\"https:\\\/\\\/radioljubuski.ba\\\/index.php\\\/2021\\\/09\\\/27\\\/bozinovic-o-stravicnom-ubojstvu-troje-djece-na-takav-dogadaj-kao-ljudsko-bice-nista-vas-ne-moze-pripremiti\\\/#primaryimage\",\"url\":\"https:\\\/\\\/radioljubuski.ba\\\/wp-content\\\/uploads\\\/2021\\\/08\\\/2-2021-07-30-17-13-52-BOZINOVIC.jpg\",\"contentUrl\":\"https:\\\/\\\/radioljubuski.ba\\\/wp-content\\\/uploads\\\/2021\\\/08\\\/2-2021-07-30-17-13-52-BOZINOVIC.jpg\",\"width\":1000,\"height\":625},{\"@type\":\"BreadcrumbList\",\"@id\":\"https:\\\/\\\/radioljubuski.ba\\\/index.php\\\/2021\\\/09\\\/27\\\/bozinovic-o-stravicnom-ubojstvu-troje-djece-na-takav-dogadaj-kao-ljudsko-bice-nista-vas-ne-moze-pripremiti\\\/#breadcrumb\",\"itemListElement\":[{\"@type\":\"ListItem\",\"position\":1,\"name\":\"Po\u010detna stranica\",\"item\":\"https:\\\/\\\/radioljubuski.ba\\\/\"},{\"@type\":\"ListItem\",\"position\":2,\"name\":\"Bo\u017einovi\u0107 o stravi\u010dnom ubojstvu troje djece: &#8216;Na takav doga\u0111aj kao ljudsko bi\u0107e ni\u0161ta vas ne mo\u017ee pripremiti&#8217;\"}]},{\"@type\":\"WebSite\",\"@id\":\"https:\\\/\\\/radioljubuski.ba\\\/#website\",\"url\":\"https:\\\/\\\/radioljubuski.ba\\\/\",\"name\":\"Radio Ljubu\u0161ki\",\"description\":\"Sun\u010dana frekvencija Hercegovine\",\"publisher\":{\"@id\":\"https:\\\/\\\/radioljubuski.ba\\\/#organization\"},\"potentialAction\":[{\"@type\":\"SearchAction\",\"target\":{\"@type\":\"EntryPoint\",\"urlTemplate\":\"https:\\\/\\\/radioljubuski.ba\\\/?s={search_term_string}\"},\"query-input\":{\"@type\":\"PropertyValueSpecification\",\"valueRequired\":true,\"valueName\":\"search_term_string\"}}],\"inLanguage\":\"hr\"},{\"@type\":\"Organization\",\"@id\":\"https:\\\/\\\/radioljubuski.ba\\\/#organization\",\"name\":\"Radio Ljubu\u0161ki\",\"url\":\"https:\\\/\\\/radioljubuski.ba\\\/\",\"logo\":{\"@type\":\"ImageObject\",\"inLanguage\":\"hr\",\"@id\":\"https:\\\/\\\/radioljubuski.ba\\\/#\\\/schema\\\/logo\\\/image\\\/\",\"url\":\"https:\\\/\\\/radioljubuski.ba\\\/wp-content\\\/uploads\\\/2021\\\/02\\\/cropped-Radio_Ljubuski_logo1.jpg\",\"contentUrl\":\"https:\\\/\\\/radioljubuski.ba\\\/wp-content\\\/uploads\\\/2021\\\/02\\\/cropped-Radio_Ljubuski_logo1.jpg\",\"width\":512,\"height\":512,\"caption\":\"Radio Ljubu\u0161ki\"},\"image\":{\"@id\":\"https:\\\/\\\/radioljubuski.ba\\\/#\\\/schema\\\/logo\\\/image\\\/\"},\"sameAs\":[\"https:\\\/\\\/www.facebook.com\\\/Radiio-Ljubuski-1490835324566332\",\"https:\\\/\\\/x.com\\\/radioljubuski\",\"https:\\\/\\\/hr.linkedin.com\\\/company\\\/radio-ljubuski\",\"https:\\\/\\\/www.youtube.com\\\/channel\\\/UCHYaeO_n0Db3tjNGudGpXyw\"]},{\"@type\":\"Person\",\"@id\":\"https:\\\/\\\/radioljubuski.ba\\\/#\\\/schema\\\/person\\\/19fc700381a780f69665d7956c469e3b\",\"name\":\"Radio Ljubu\u0161ki\"}]}<\/script>\n<!-- \/ Yoast SEO plugin. -->","yoast_head_json":{"title":"Bo\u017einovi\u0107 o stravi\u010dnom ubojstvu troje djece: 'Na takav doga\u0111aj kao ljudsko bi\u0107e ni\u0161ta vas ne mo\u017ee pripremiti' - RADIO LJUBU\u0160KI","robots":{"index":"index","follow":"follow","max-snippet":"max-snippet:-1","max-image-preview":"max-image-preview:large","max-video-preview":"max-video-preview:-1"},"canonical":"https:\/\/radioljubuski.ba\/index.php\/2021\/09\/27\/bozinovic-o-stravicnom-ubojstvu-troje-djece-na-takav-dogadaj-kao-ljudsko-bice-nista-vas-ne-moze-pripremiti\/","og_locale":"hr_HR","og_type":"article","og_title":"Bo\u017einovi\u0107 o stravi\u010dnom ubojstvu troje djece: 'Na takav doga\u0111aj kao ljudsko bi\u0107e ni\u0161ta vas ne mo\u017ee pripremiti' - RADIO LJUBU\u0160KI","og_description":"Glavni ravnatelj policije Nikola Milina izvijestio je u ponedjeljak da se roditelj osumnji\u010den za ubojstvo svoje troje djece nalazi pod lije\u010dni\u010dkim nadzorom te da \u0107e imati status uhi\u0107enika nakon otpu\u0161tanja iz bolnice. &#8221;Policija je stalno prisutna u bolnici i nastavit \u0107e kriminalisti\u010dko istra\u017eivanje nakon \u0161to osumnji\u010denik bude otpu\u0161ten iz bolnice. Policija u me\u0111uvremenu prikuplja obavijesti, [&hellip;]","og_url":"https:\/\/radioljubuski.ba\/index.php\/2021\/09\/27\/bozinovic-o-stravicnom-ubojstvu-troje-djece-na-takav-dogadaj-kao-ljudsko-bice-nista-vas-ne-moze-pripremiti\/","og_site_name":"RADIO LJUBU\u0160KI","article_publisher":"https:\/\/www.facebook.com\/Radiio-Ljubuski-1490835324566332","article_published_time":"2021-09-27T11:37:47+00:00","article_modified_time":"2021-09-27T11:37:48+00:00","og_image":[{"width":1000,"height":625,"url":"https:\/\/radioljubuski.ba\/wp-content\/uploads\/2021\/08\/2-2021-07-30-17-13-52-BOZINOVIC.jpg","type":"image\/jpeg"}],"author":"Radio Ljubu\u0161ki","twitter_card":"summary_large_image","twitter_creator":"@radioljubuski","twitter_site":"@radioljubuski","twitter_misc":{"Napisao\/la":"Radio Ljubu\u0161ki","Procijenjeno vrijeme \u010ditanja":"2 minute"},"schema":{"@context":"https:\/\/schema.org","@graph":[{"@type":"Article","@id":"https:\/\/radioljubuski.ba\/index.php\/2021\/09\/27\/bozinovic-o-stravicnom-ubojstvu-troje-djece-na-takav-dogadaj-kao-ljudsko-bice-nista-vas-ne-moze-pripremiti\/#article","isPartOf":{"@id":"https:\/\/radioljubuski.ba\/index.php\/2021\/09\/27\/bozinovic-o-stravicnom-ubojstvu-troje-djece-na-takav-dogadaj-kao-ljudsko-bice-nista-vas-ne-moze-pripremiti\/"},"author":{"name":"Radio Ljubu\u0161ki","@id":"https:\/\/radioljubuski.ba\/#\/schema\/person\/19fc700381a780f69665d7956c469e3b"},"headline":"Bo\u017einovi\u0107 o stravi\u010dnom ubojstvu troje djece: &#8216;Na takav doga\u0111aj kao ljudsko bi\u0107e ni\u0161ta vas ne mo\u017ee pripremiti&#8217;","datePublished":"2021-09-27T11:37:47+00:00","dateModified":"2021-09-27T11:37:48+00:00","mainEntityOfPage":{"@id":"https:\/\/radioljubuski.ba\/index.php\/2021\/09\/27\/bozinovic-o-stravicnom-ubojstvu-troje-djece-na-takav-dogadaj-kao-ljudsko-bice-nista-vas-ne-moze-pripremiti\/"},"wordCount":446,"publisher":{"@id":"https:\/\/radioljubuski.ba\/#organization"},"image":{"@id":"https:\/\/radioljubuski.ba\/index.php\/2021\/09\/27\/bozinovic-o-stravicnom-ubojstvu-troje-djece-na-takav-dogadaj-kao-ljudsko-bice-nista-vas-ne-moze-pripremiti\/#primaryimage"},"thumbnailUrl":"https:\/\/radioljubuski.ba\/wp-content\/uploads\/2021\/08\/2-2021-07-30-17-13-52-BOZINOVIC.jpg","articleSection":["BIH i regija"],"inLanguage":"hr"},{"@type":"WebPage","@id":"https:\/\/radioljubuski.ba\/index.php\/2021\/09\/27\/bozinovic-o-stravicnom-ubojstvu-troje-djece-na-takav-dogadaj-kao-ljudsko-bice-nista-vas-ne-moze-pripremiti\/","url":"https:\/\/radioljubuski.ba\/index.php\/2021\/09\/27\/bozinovic-o-stravicnom-ubojstvu-troje-djece-na-takav-dogadaj-kao-ljudsko-bice-nista-vas-ne-moze-pripremiti\/","name":"Bo\u017einovi\u0107 o stravi\u010dnom ubojstvu troje djece: 'Na takav doga\u0111aj kao ljudsko bi\u0107e ni\u0161ta vas ne mo\u017ee pripremiti' - RADIO LJUBU\u0160KI","isPartOf":{"@id":"https:\/\/radioljubuski.ba\/#website"},"primaryImageOfPage":{"@id":"https:\/\/radioljubuski.ba\/index.php\/2021\/09\/27\/bozinovic-o-stravicnom-ubojstvu-troje-djece-na-takav-dogadaj-kao-ljudsko-bice-nista-vas-ne-moze-pripremiti\/#primaryimage"},"image":{"@id":"https:\/\/radioljubuski.ba\/index.php\/2021\/09\/27\/bozinovic-o-stravicnom-ubojstvu-troje-djece-na-takav-dogadaj-kao-ljudsko-bice-nista-vas-ne-moze-pripremiti\/#primaryimage"},"thumbnailUrl":"https:\/\/radioljubuski.ba\/wp-content\/uploads\/2021\/08\/2-2021-07-30-17-13-52-BOZINOVIC.jpg","datePublished":"2021-09-27T11:37:47+00:00","dateModified":"2021-09-27T11:37:48+00:00","breadcrumb":{"@id":"https:\/\/radioljubuski.ba\/index.php\/2021\/09\/27\/bozinovic-o-stravicnom-ubojstvu-troje-djece-na-takav-dogadaj-kao-ljudsko-bice-nista-vas-ne-moze-pripremiti\/#breadcrumb"},"inLanguage":"hr","potentialAction":[{"@type":"ReadAction","target":["https:\/\/radioljubuski.ba\/index.php\/2021\/09\/27\/bozinovic-o-stravicnom-ubojstvu-troje-djece-na-takav-dogadaj-kao-ljudsko-bice-nista-vas-ne-moze-pripremiti\/"]}]},{"@type":"ImageObject","inLanguage":"hr","@id":"https:\/\/radioljubuski.ba\/index.php\/2021\/09\/27\/bozinovic-o-stravicnom-ubojstvu-troje-djece-na-takav-dogadaj-kao-ljudsko-bice-nista-vas-ne-moze-pripremiti\/#primaryimage","url":"https:\/\/radioljubuski.ba\/wp-content\/uploads\/2021\/08\/2-2021-07-30-17-13-52-BOZINOVIC.jpg","contentUrl":"https:\/\/radioljubuski.ba\/wp-content\/uploads\/2021\/08\/2-2021-07-30-17-13-52-BOZINOVIC.jpg","width":1000,"height":625},{"@type":"BreadcrumbList","@id":"https:\/\/radioljubuski.ba\/index.php\/2021\/09\/27\/bozinovic-o-stravicnom-ubojstvu-troje-djece-na-takav-dogadaj-kao-ljudsko-bice-nista-vas-ne-moze-pripremiti\/#breadcrumb","itemListElement":[{"@type":"ListItem","position":1,"name":"Po\u010detna stranica","item":"https:\/\/radioljubuski.ba\/"},{"@type":"ListItem","position":2,"name":"Bo\u017einovi\u0107 o stravi\u010dnom ubojstvu troje djece: &#8216;Na takav doga\u0111aj kao ljudsko bi\u0107e ni\u0161ta vas ne mo\u017ee pripremiti&#8217;"}]},{"@type":"WebSite","@id":"https:\/\/radioljubuski.ba\/#website","url":"https:\/\/radioljubuski.ba\/","name":"Radio Ljubu\u0161ki","description":"Sun\u010dana frekvencija Hercegovine","publisher":{"@id":"https:\/\/radioljubuski.ba\/#organization"},"potentialAction":[{"@type":"SearchAction","target":{"@type":"EntryPoint","urlTemplate":"https:\/\/radioljubuski.ba\/?s={search_term_string}"},"query-input":{"@type":"PropertyValueSpecification","valueRequired":true,"valueName":"search_term_string"}}],"inLanguage":"hr"},{"@type":"Organization","@id":"https:\/\/radioljubuski.ba\/#organization","name":"Radio Ljubu\u0161ki","url":"https:\/\/radioljubuski.ba\/","logo":{"@type":"ImageObject","inLanguage":"hr","@id":"https:\/\/radioljubuski.ba\/#\/schema\/logo\/image\/","url":"https:\/\/radioljubuski.ba\/wp-content\/uploads\/2021\/02\/cropped-Radio_Ljubuski_logo1.jpg","contentUrl":"https:\/\/radioljubuski.ba\/wp-content\/uploads\/2021\/02\/cropped-Radio_Ljubuski_logo1.jpg","width":512,"height":512,"caption":"Radio Ljubu\u0161ki"},"image":{"@id":"https:\/\/radioljubuski.ba\/#\/schema\/logo\/image\/"},"sameAs":["https:\/\/www.facebook.com\/Radiio-Ljubuski-1490835324566332","https:\/\/x.com\/radioljubuski","https:\/\/hr.linkedin.com\/company\/radio-ljubuski","https:\/\/www.youtube.com\/channel\/UCHYaeO_n0Db3tjNGudGpXyw"]},{"@type":"Person","@id":"https:\/\/radioljubuski.ba\/#\/schema\/person\/19fc700381a780f69665d7956c469e3b","name":"Radio Ljubu\u0161ki"}]}},"_links":{"self":[{"href":"https:\/\/radioljubuski.ba\/index.php\/wp-json\/wp\/v2\/posts\/68636","targetHints":{"allow":["GET"]}}],"collection":[{"href":"https:\/\/radioljubuski.ba\/index.php\/wp-json\/wp\/v2\/posts"}],"about":[{"href":"https:\/\/radioljubuski.ba\/index.php\/wp-json\/wp\/v2\/types\/post"}],"author":[{"embeddable":true,"href":"https:\/\/radioljubuski.ba\/index.php\/wp-json\/wp\/v2\/users\/2"}],"replies":[{"embeddable":true,"href":"https:\/\/radioljubuski.ba\/index.php\/wp-json\/wp\/v2\/comments?post=68636"}],"version-history":[{"count":1,"href":"https:\/\/radioljubuski.ba\/index.php\/wp-json\/wp\/v2\/posts\/68636\/revisions"}],"predecessor-version":[{"id":68637,"href":"https:\/\/radioljubuski.ba\/index.php\/wp-json\/wp\/v2\/posts\/68636\/revisions\/68637"}],"wp:featuredmedia":[{"embeddable":true,"href":"https:\/\/radioljubuski.ba\/index.php\/wp-json\/wp\/v2\/media\/49175"}],"wp:attachment":[{"href":"https:\/\/radioljubuski.ba\/index.php\/wp-json\/wp\/v2\/media?parent=68636"}],"wp:term":[{"taxonomy":"category","embeddable":true,"href":"https:\/\/radioljubuski.ba\/index.php\/wp-json\/wp\/v2\/categories?post=68636"},{"taxonomy":"post_tag","embeddable":true,"href":"https:\/\/radioljubuski.ba\/index.php\/wp-json\/wp\/v2\/tags?post=68636"}],"curies":[{"name":"wp","href":"https:\/\/api.w.org\/{rel}","templated":true}]}}