{"id":68638,"date":"2021-09-27T12:38:52","date_gmt":"2021-09-27T11:38:52","guid":{"rendered":"https:\/\/radioljubuski.ba\/?p=68638"},"modified":"2021-09-27T12:38:53","modified_gmt":"2021-09-27T11:38:53","slug":"europol-srusio-balkanski-kartel-koji-je-snabdijevao-europu-kokainom","status":"publish","type":"post","link":"https:\/\/radioljubuski.ba\/index.php\/2021\/09\/27\/europol-srusio-balkanski-kartel-koji-je-snabdijevao-europu-kokainom\/","title":{"rendered":"Europol sru\u0161io balkanski kartel koji je snabdijevao Europu kokainom"},"content":{"rendered":"\n<p>Dosad nevi\u0111ena me\u0111unarodna operacija tijela za provedbu zakona u kojoj je sudjelovalo osam zemalja rezultirala je prijavama protiv 61 pripadnika balkanskog narkokartela koji Europu opskrbljuje kokainom, javlja MUP.<\/p>\n\n\n\n<p>Protekle je godine proveden niz akcija u okviru Operativne radne skupine izme\u0111u \u0160panjolske, Hrvatske, Srbije, Njema\u010dke, Slovenije, Bosne i Hercegovine, Sjedinjenih Dr\u017eava i Kolumbije, uz koordinaciju aktivnosti koju je vodio Europolov Europski centar za te\u0161ki i organizirani kriminal.<\/p>\n\n\n\n<p>Ova izrazito mobilna zlo\u010dina\u010dka organizacija imala je aktivne ogranke u nekoliko europskih zemalja, a \u010dinili su je uglavnom kriminalci iz Srbije, Hrvatske, Crne Gore i Slovenije.<\/p>\n\n\n\n<p>Europol je Operativnu radnu skupinu osnovao u srpnju 2020. godine s ciljem povezivanja svih uklju\u010denih zemalja u koordinaciji zajedni\u010dke strategije usmjerene na razbijanje cijele mre\u017ee. Od tada Europol kontinuirano osigurava najnovije obavje\u0161tajne podatke i analize, kao pomo\u0107 istra\u017eiteljima na terenu.<\/p>\n\n\n\n<p><strong>Rezultati Operativne radne skupine Balkanski kartel:<\/strong><\/p>\n\n\n\n<p>&nbsp; &nbsp; nadle\u017enim tijelima prijavljen je 61 pripadnik, od kojih su 23 uhi\u0107ena (13 u \u0160panjolskoj i 10 u Sloveniji)<br>&nbsp; &nbsp; zaplijenjeno 2.6 tona kokaina<br>&nbsp; &nbsp; zaplijenjeno 324 kilograma marihuane<br>&nbsp; &nbsp; zaplijenjeno 612.000 eura u gotovini<br>&nbsp; &nbsp; zaplijenjeno 9 luksuznih vozila i 5 motora.<\/p>\n\n\n\n<p><strong>Koordiniran udarac<\/strong><\/p>\n\n\n\n<p>U okviru obavje\u0161tajnih aktivnosti koje su proveli zajedno sa svojim me\u0111unarodnim kolegama, \u0161panjolski su istra\u017eitelji do\u0161li do pouzdanih obavje\u0161tajnih podataka da je ovaj kartel za prolje\u0107e ove godine pripremao uvoz ogromnih koli\u010dina kokaina iz Ju\u017ene Amerike u Europu.<\/p>\n\n\n\n<p>Poduzete su posebne mjere nadzora kriminalaca tijekom njihovih vi\u0161estrukih putovanja izme\u0111u \u0160panjolske i Ju\u017ene Amerike kako bi organizirali zavr\u0161ne pojedinosti uvoza vi\u0161e od 1,25 tona kokaina.<\/p>\n\n\n\n<p>Istra\u017eivanje je dobilo zamah u o\u017eujku ove godine kada su vo\u0111e tog kartela otputovali u \u0160panjolsku kako bi se pripremili za dolazak po\u0161iljke kokaina. Te dvije osobe &#8211; koje je EUROPOL smatrao visokovrijednim metama, su do tada izbjegavale osobno prisustvovati sastancima kako bi izbjegle policiju.<\/p>\n\n\n\n<p>To je bila predobra prilika za policiju da je propusti: u ranim jutarnjim satima 10. o\u017eujka 2021. godine, pripadnici \u0161panjolske nacionalne policije (Polic\u00eda Nacional) izvr\u0161ili su istodobne racije u gradovima Tarragoni, Barceloni, Geroni i Valenciji te uhitili trinaest osoba, uklju\u010duju\u0107i dva narkobosa i policijskog slu\u017ebenika koji je sura\u0111ivao sa zlo\u010dina\u010dkom organizacijom.<\/p>\n\n\n\n<p>\u0160panjolski istra\u017eitelji tako\u0111er su razbili alternativne izvore prihoda kartela, kao \u0161to su proizvodnja i trgovina marihuanom i prodaja luksuznih vozila.<\/p>\n\n\n\n<p>U naknadnoj akciji, u svibnju 2021. godine, slovenska nacionalna policija nadle\u017enim tijelima prijavila je 48 ostalih pripadnika organizirane kriminalne skupine zbog uklju\u010denosti u raspa\u010davanje kokaina i marihuane u Europi. Od toga je do sada uhi\u0107eno ukupno 10 osumnji\u010denih.&nbsp;<\/p>\n\n\n\n<p><strong>U ovu akciju bila su uklju\u010dena sljede\u0107a tijela za provedbu zakona:<\/strong><\/p>\n\n\n\n<p>&nbsp; &nbsp; \u0160panjolska: Nacionalna policija (Polic\u00eda Nacional)<br>&nbsp; &nbsp; Hrvatska: Policijski nacionalni ured za suzbijanje korupcije i organiziranog kriminaliteta &#8211; PNUSKOK<br>&nbsp; &nbsp; Srbija: Uprava kriminalisti\u010dke policije<br>&nbsp; &nbsp; Njema\u010dka: Savezni ured kriminalisti\u010dke policije (Bundeskriminalamt), Sjedi\u0161te policije Frankfurt am Main (Polizeipr\u00e4sidium Frankfurt am Main)<br>&nbsp; &nbsp; Slovenija: Nacionalni istra\u017eni ured<br>&nbsp; &nbsp; Bosna i Hercegovina: Federalna uprava policije Sarajevo<br>&nbsp; &nbsp; Sjedinjene Dr\u017eave: Agencija za suzbijanje droge Sjedinjenih Dr\u017eava<br>&nbsp; &nbsp; Kolumbija: Nacionalna policija (Polic\u00eda Nacional)<\/p>\n\n\n\n<p>Ova Operativna radna skupina bila je dio EUROPOL-ove strategije u borbi protiv te\u0161kog i organiziranog kriminala koji dolazi sa Zapadnog Balkana.<\/p>\n\n\n\n<p>Izvor:pogled.ba<\/p>\n","protected":false},"excerpt":{"rendered":"<p>Dosad nevi\u0111ena me\u0111unarodna operacija tijela za provedbu zakona u kojoj je sudjelovalo osam zemalja rezultirala je prijavama protiv 61 pripadnika balkanskog narkokartela koji Europu opskrbljuje kokainom, javlja MUP. Protekle je godine proveden niz akcija u okviru Operativne radne skupine izme\u0111u \u0160panjolske, Hrvatske, Srbije, Njema\u010dke, Slovenije, Bosne i Hercegovine, Sjedinjenih Dr\u017eava i Kolumbije, uz koordinaciju aktivnosti [&hellip;]<\/p>\n","protected":false},"author":2,"featured_media":68639,"comment_status":"closed","ping_status":"closed","sticky":false,"template":"","format":"standard","meta":{"h5ap_radio_sources":[],"footnotes":""},"categories":[1],"tags":[],"class_list":["post-68638","post","type-post","status-publish","format-standard","has-post-thumbnail","hentry","category-bihiregija"],"yoast_head":"<!-- This site is optimized with the Yoast SEO plugin v27.5 - https:\/\/yoast.com\/product\/yoast-seo-wordpress\/ -->\n<title>Europol sru\u0161io balkanski kartel koji je snabdijevao Europu kokainom - RADIO LJUBU\u0160KI<\/title>\n<meta name=\"robots\" content=\"index, follow, max-snippet:-1, max-image-preview:large, max-video-preview:-1\" \/>\n<link rel=\"canonical\" href=\"https:\/\/radioljubuski.ba\/index.php\/2021\/09\/27\/europol-srusio-balkanski-kartel-koji-je-snabdijevao-europu-kokainom\/\" \/>\n<meta property=\"og:locale\" content=\"hr_HR\" \/>\n<meta property=\"og:type\" content=\"article\" \/>\n<meta property=\"og:title\" content=\"Europol sru\u0161io balkanski kartel koji je snabdijevao Europu kokainom - RADIO LJUBU\u0160KI\" \/>\n<meta property=\"og:description\" content=\"Dosad nevi\u0111ena me\u0111unarodna operacija tijela za provedbu zakona u kojoj je sudjelovalo osam zemalja rezultirala je prijavama protiv 61 pripadnika balkanskog narkokartela koji Europu opskrbljuje kokainom, javlja MUP. Protekle je godine proveden niz akcija u okviru Operativne radne skupine izme\u0111u \u0160panjolske, Hrvatske, Srbije, Njema\u010dke, Slovenije, Bosne i Hercegovine, Sjedinjenih Dr\u017eava i Kolumbije, uz koordinaciju aktivnosti [&hellip;]\" \/>\n<meta property=\"og:url\" content=\"https:\/\/radioljubuski.ba\/index.php\/2021\/09\/27\/europol-srusio-balkanski-kartel-koji-je-snabdijevao-europu-kokainom\/\" \/>\n<meta property=\"og:site_name\" content=\"RADIO LJUBU\u0160KI\" \/>\n<meta property=\"article:publisher\" content=\"https:\/\/www.facebook.com\/Radiio-Ljubuski-1490835324566332\" \/>\n<meta property=\"article:published_time\" content=\"2021-09-27T11:38:52+00:00\" \/>\n<meta property=\"article:modified_time\" content=\"2021-09-27T11:38:53+00:00\" \/>\n<meta property=\"og:image\" content=\"https:\/\/radioljubuski.ba\/wp-content\/uploads\/2021\/09\/8-2021-09-27-12-28-06-europol.jpg\" \/>\n\t<meta property=\"og:image:width\" content=\"1000\" \/>\n\t<meta property=\"og:image:height\" content=\"625\" \/>\n\t<meta property=\"og:image:type\" content=\"image\/jpeg\" \/>\n<meta name=\"author\" content=\"Radio Ljubu\u0161ki\" \/>\n<meta name=\"twitter:card\" content=\"summary_large_image\" \/>\n<meta name=\"twitter:creator\" content=\"@radioljubuski\" \/>\n<meta name=\"twitter:site\" content=\"@radioljubuski\" \/>\n<meta name=\"twitter:label1\" content=\"Napisao\/la\" \/>\n\t<meta name=\"twitter:data1\" content=\"Radio Ljubu\u0161ki\" \/>\n\t<meta name=\"twitter:label2\" content=\"Procijenjeno vrijeme \u010ditanja\" \/>\n\t<meta name=\"twitter:data2\" content=\"3 minute\" \/>\n<script type=\"application\/ld+json\" class=\"yoast-schema-graph\">{\"@context\":\"https:\\\/\\\/schema.org\",\"@graph\":[{\"@type\":\"Article\",\"@id\":\"https:\\\/\\\/radioljubuski.ba\\\/index.php\\\/2021\\\/09\\\/27\\\/europol-srusio-balkanski-kartel-koji-je-snabdijevao-europu-kokainom\\\/#article\",\"isPartOf\":{\"@id\":\"https:\\\/\\\/radioljubuski.ba\\\/index.php\\\/2021\\\/09\\\/27\\\/europol-srusio-balkanski-kartel-koji-je-snabdijevao-europu-kokainom\\\/\"},\"author\":{\"name\":\"Radio Ljubu\u0161ki\",\"@id\":\"https:\\\/\\\/radioljubuski.ba\\\/#\\\/schema\\\/person\\\/19fc700381a780f69665d7956c469e3b\"},\"headline\":\"Europol sru\u0161io balkanski kartel koji je snabdijevao Europu kokainom\",\"datePublished\":\"2021-09-27T11:38:52+00:00\",\"dateModified\":\"2021-09-27T11:38:53+00:00\",\"mainEntityOfPage\":{\"@id\":\"https:\\\/\\\/radioljubuski.ba\\\/index.php\\\/2021\\\/09\\\/27\\\/europol-srusio-balkanski-kartel-koji-je-snabdijevao-europu-kokainom\\\/\"},\"wordCount\":572,\"publisher\":{\"@id\":\"https:\\\/\\\/radioljubuski.ba\\\/#organization\"},\"image\":{\"@id\":\"https:\\\/\\\/radioljubuski.ba\\\/index.php\\\/2021\\\/09\\\/27\\\/europol-srusio-balkanski-kartel-koji-je-snabdijevao-europu-kokainom\\\/#primaryimage\"},\"thumbnailUrl\":\"https:\\\/\\\/radioljubuski.ba\\\/wp-content\\\/uploads\\\/2021\\\/09\\\/8-2021-09-27-12-28-06-europol.jpg\",\"articleSection\":[\"BIH i regija\"],\"inLanguage\":\"hr\"},{\"@type\":\"WebPage\",\"@id\":\"https:\\\/\\\/radioljubuski.ba\\\/index.php\\\/2021\\\/09\\\/27\\\/europol-srusio-balkanski-kartel-koji-je-snabdijevao-europu-kokainom\\\/\",\"url\":\"https:\\\/\\\/radioljubuski.ba\\\/index.php\\\/2021\\\/09\\\/27\\\/europol-srusio-balkanski-kartel-koji-je-snabdijevao-europu-kokainom\\\/\",\"name\":\"Europol sru\u0161io balkanski kartel koji je snabdijevao Europu kokainom - RADIO LJUBU\u0160KI\",\"isPartOf\":{\"@id\":\"https:\\\/\\\/radioljubuski.ba\\\/#website\"},\"primaryImageOfPage\":{\"@id\":\"https:\\\/\\\/radioljubuski.ba\\\/index.php\\\/2021\\\/09\\\/27\\\/europol-srusio-balkanski-kartel-koji-je-snabdijevao-europu-kokainom\\\/#primaryimage\"},\"image\":{\"@id\":\"https:\\\/\\\/radioljubuski.ba\\\/index.php\\\/2021\\\/09\\\/27\\\/europol-srusio-balkanski-kartel-koji-je-snabdijevao-europu-kokainom\\\/#primaryimage\"},\"thumbnailUrl\":\"https:\\\/\\\/radioljubuski.ba\\\/wp-content\\\/uploads\\\/2021\\\/09\\\/8-2021-09-27-12-28-06-europol.jpg\",\"datePublished\":\"2021-09-27T11:38:52+00:00\",\"dateModified\":\"2021-09-27T11:38:53+00:00\",\"breadcrumb\":{\"@id\":\"https:\\\/\\\/radioljubuski.ba\\\/index.php\\\/2021\\\/09\\\/27\\\/europol-srusio-balkanski-kartel-koji-je-snabdijevao-europu-kokainom\\\/#breadcrumb\"},\"inLanguage\":\"hr\",\"potentialAction\":[{\"@type\":\"ReadAction\",\"target\":[\"https:\\\/\\\/radioljubuski.ba\\\/index.php\\\/2021\\\/09\\\/27\\\/europol-srusio-balkanski-kartel-koji-je-snabdijevao-europu-kokainom\\\/\"]}]},{\"@type\":\"ImageObject\",\"inLanguage\":\"hr\",\"@id\":\"https:\\\/\\\/radioljubuski.ba\\\/index.php\\\/2021\\\/09\\\/27\\\/europol-srusio-balkanski-kartel-koji-je-snabdijevao-europu-kokainom\\\/#primaryimage\",\"url\":\"https:\\\/\\\/radioljubuski.ba\\\/wp-content\\\/uploads\\\/2021\\\/09\\\/8-2021-09-27-12-28-06-europol.jpg\",\"contentUrl\":\"https:\\\/\\\/radioljubuski.ba\\\/wp-content\\\/uploads\\\/2021\\\/09\\\/8-2021-09-27-12-28-06-europol.jpg\",\"width\":1000,\"height\":625},{\"@type\":\"BreadcrumbList\",\"@id\":\"https:\\\/\\\/radioljubuski.ba\\\/index.php\\\/2021\\\/09\\\/27\\\/europol-srusio-balkanski-kartel-koji-je-snabdijevao-europu-kokainom\\\/#breadcrumb\",\"itemListElement\":[{\"@type\":\"ListItem\",\"position\":1,\"name\":\"Po\u010detna stranica\",\"item\":\"https:\\\/\\\/radioljubuski.ba\\\/\"},{\"@type\":\"ListItem\",\"position\":2,\"name\":\"Europol sru\u0161io balkanski kartel koji je snabdijevao Europu kokainom\"}]},{\"@type\":\"WebSite\",\"@id\":\"https:\\\/\\\/radioljubuski.ba\\\/#website\",\"url\":\"https:\\\/\\\/radioljubuski.ba\\\/\",\"name\":\"Radio Ljubu\u0161ki\",\"description\":\"Sun\u010dana frekvencija Hercegovine\",\"publisher\":{\"@id\":\"https:\\\/\\\/radioljubuski.ba\\\/#organization\"},\"potentialAction\":[{\"@type\":\"SearchAction\",\"target\":{\"@type\":\"EntryPoint\",\"urlTemplate\":\"https:\\\/\\\/radioljubuski.ba\\\/?s={search_term_string}\"},\"query-input\":{\"@type\":\"PropertyValueSpecification\",\"valueRequired\":true,\"valueName\":\"search_term_string\"}}],\"inLanguage\":\"hr\"},{\"@type\":\"Organization\",\"@id\":\"https:\\\/\\\/radioljubuski.ba\\\/#organization\",\"name\":\"Radio Ljubu\u0161ki\",\"url\":\"https:\\\/\\\/radioljubuski.ba\\\/\",\"logo\":{\"@type\":\"ImageObject\",\"inLanguage\":\"hr\",\"@id\":\"https:\\\/\\\/radioljubuski.ba\\\/#\\\/schema\\\/logo\\\/image\\\/\",\"url\":\"https:\\\/\\\/radioljubuski.ba\\\/wp-content\\\/uploads\\\/2021\\\/02\\\/cropped-Radio_Ljubuski_logo1.jpg\",\"contentUrl\":\"https:\\\/\\\/radioljubuski.ba\\\/wp-content\\\/uploads\\\/2021\\\/02\\\/cropped-Radio_Ljubuski_logo1.jpg\",\"width\":512,\"height\":512,\"caption\":\"Radio Ljubu\u0161ki\"},\"image\":{\"@id\":\"https:\\\/\\\/radioljubuski.ba\\\/#\\\/schema\\\/logo\\\/image\\\/\"},\"sameAs\":[\"https:\\\/\\\/www.facebook.com\\\/Radiio-Ljubuski-1490835324566332\",\"https:\\\/\\\/x.com\\\/radioljubuski\",\"https:\\\/\\\/hr.linkedin.com\\\/company\\\/radio-ljubuski\",\"https:\\\/\\\/www.youtube.com\\\/channel\\\/UCHYaeO_n0Db3tjNGudGpXyw\"]},{\"@type\":\"Person\",\"@id\":\"https:\\\/\\\/radioljubuski.ba\\\/#\\\/schema\\\/person\\\/19fc700381a780f69665d7956c469e3b\",\"name\":\"Radio Ljubu\u0161ki\"}]}<\/script>\n<!-- \/ Yoast SEO plugin. -->","yoast_head_json":{"title":"Europol sru\u0161io balkanski kartel koji je snabdijevao Europu kokainom - RADIO LJUBU\u0160KI","robots":{"index":"index","follow":"follow","max-snippet":"max-snippet:-1","max-image-preview":"max-image-preview:large","max-video-preview":"max-video-preview:-1"},"canonical":"https:\/\/radioljubuski.ba\/index.php\/2021\/09\/27\/europol-srusio-balkanski-kartel-koji-je-snabdijevao-europu-kokainom\/","og_locale":"hr_HR","og_type":"article","og_title":"Europol sru\u0161io balkanski kartel koji je snabdijevao Europu kokainom - RADIO LJUBU\u0160KI","og_description":"Dosad nevi\u0111ena me\u0111unarodna operacija tijela za provedbu zakona u kojoj je sudjelovalo osam zemalja rezultirala je prijavama protiv 61 pripadnika balkanskog narkokartela koji Europu opskrbljuje kokainom, javlja MUP. Protekle je godine proveden niz akcija u okviru Operativne radne skupine izme\u0111u \u0160panjolske, Hrvatske, Srbije, Njema\u010dke, Slovenije, Bosne i Hercegovine, Sjedinjenih Dr\u017eava i Kolumbije, uz koordinaciju aktivnosti [&hellip;]","og_url":"https:\/\/radioljubuski.ba\/index.php\/2021\/09\/27\/europol-srusio-balkanski-kartel-koji-je-snabdijevao-europu-kokainom\/","og_site_name":"RADIO LJUBU\u0160KI","article_publisher":"https:\/\/www.facebook.com\/Radiio-Ljubuski-1490835324566332","article_published_time":"2021-09-27T11:38:52+00:00","article_modified_time":"2021-09-27T11:38:53+00:00","og_image":[{"width":1000,"height":625,"url":"https:\/\/radioljubuski.ba\/wp-content\/uploads\/2021\/09\/8-2021-09-27-12-28-06-europol.jpg","type":"image\/jpeg"}],"author":"Radio Ljubu\u0161ki","twitter_card":"summary_large_image","twitter_creator":"@radioljubuski","twitter_site":"@radioljubuski","twitter_misc":{"Napisao\/la":"Radio Ljubu\u0161ki","Procijenjeno vrijeme \u010ditanja":"3 minute"},"schema":{"@context":"https:\/\/schema.org","@graph":[{"@type":"Article","@id":"https:\/\/radioljubuski.ba\/index.php\/2021\/09\/27\/europol-srusio-balkanski-kartel-koji-je-snabdijevao-europu-kokainom\/#article","isPartOf":{"@id":"https:\/\/radioljubuski.ba\/index.php\/2021\/09\/27\/europol-srusio-balkanski-kartel-koji-je-snabdijevao-europu-kokainom\/"},"author":{"name":"Radio Ljubu\u0161ki","@id":"https:\/\/radioljubuski.ba\/#\/schema\/person\/19fc700381a780f69665d7956c469e3b"},"headline":"Europol sru\u0161io balkanski kartel koji je snabdijevao Europu kokainom","datePublished":"2021-09-27T11:38:52+00:00","dateModified":"2021-09-27T11:38:53+00:00","mainEntityOfPage":{"@id":"https:\/\/radioljubuski.ba\/index.php\/2021\/09\/27\/europol-srusio-balkanski-kartel-koji-je-snabdijevao-europu-kokainom\/"},"wordCount":572,"publisher":{"@id":"https:\/\/radioljubuski.ba\/#organization"},"image":{"@id":"https:\/\/radioljubuski.ba\/index.php\/2021\/09\/27\/europol-srusio-balkanski-kartel-koji-je-snabdijevao-europu-kokainom\/#primaryimage"},"thumbnailUrl":"https:\/\/radioljubuski.ba\/wp-content\/uploads\/2021\/09\/8-2021-09-27-12-28-06-europol.jpg","articleSection":["BIH i regija"],"inLanguage":"hr"},{"@type":"WebPage","@id":"https:\/\/radioljubuski.ba\/index.php\/2021\/09\/27\/europol-srusio-balkanski-kartel-koji-je-snabdijevao-europu-kokainom\/","url":"https:\/\/radioljubuski.ba\/index.php\/2021\/09\/27\/europol-srusio-balkanski-kartel-koji-je-snabdijevao-europu-kokainom\/","name":"Europol sru\u0161io balkanski kartel koji je snabdijevao Europu kokainom - RADIO LJUBU\u0160KI","isPartOf":{"@id":"https:\/\/radioljubuski.ba\/#website"},"primaryImageOfPage":{"@id":"https:\/\/radioljubuski.ba\/index.php\/2021\/09\/27\/europol-srusio-balkanski-kartel-koji-je-snabdijevao-europu-kokainom\/#primaryimage"},"image":{"@id":"https:\/\/radioljubuski.ba\/index.php\/2021\/09\/27\/europol-srusio-balkanski-kartel-koji-je-snabdijevao-europu-kokainom\/#primaryimage"},"thumbnailUrl":"https:\/\/radioljubuski.ba\/wp-content\/uploads\/2021\/09\/8-2021-09-27-12-28-06-europol.jpg","datePublished":"2021-09-27T11:38:52+00:00","dateModified":"2021-09-27T11:38:53+00:00","breadcrumb":{"@id":"https:\/\/radioljubuski.ba\/index.php\/2021\/09\/27\/europol-srusio-balkanski-kartel-koji-je-snabdijevao-europu-kokainom\/#breadcrumb"},"inLanguage":"hr","potentialAction":[{"@type":"ReadAction","target":["https:\/\/radioljubuski.ba\/index.php\/2021\/09\/27\/europol-srusio-balkanski-kartel-koji-je-snabdijevao-europu-kokainom\/"]}]},{"@type":"ImageObject","inLanguage":"hr","@id":"https:\/\/radioljubuski.ba\/index.php\/2021\/09\/27\/europol-srusio-balkanski-kartel-koji-je-snabdijevao-europu-kokainom\/#primaryimage","url":"https:\/\/radioljubuski.ba\/wp-content\/uploads\/2021\/09\/8-2021-09-27-12-28-06-europol.jpg","contentUrl":"https:\/\/radioljubuski.ba\/wp-content\/uploads\/2021\/09\/8-2021-09-27-12-28-06-europol.jpg","width":1000,"height":625},{"@type":"BreadcrumbList","@id":"https:\/\/radioljubuski.ba\/index.php\/2021\/09\/27\/europol-srusio-balkanski-kartel-koji-je-snabdijevao-europu-kokainom\/#breadcrumb","itemListElement":[{"@type":"ListItem","position":1,"name":"Po\u010detna stranica","item":"https:\/\/radioljubuski.ba\/"},{"@type":"ListItem","position":2,"name":"Europol sru\u0161io balkanski kartel koji je snabdijevao Europu kokainom"}]},{"@type":"WebSite","@id":"https:\/\/radioljubuski.ba\/#website","url":"https:\/\/radioljubuski.ba\/","name":"Radio Ljubu\u0161ki","description":"Sun\u010dana frekvencija Hercegovine","publisher":{"@id":"https:\/\/radioljubuski.ba\/#organization"},"potentialAction":[{"@type":"SearchAction","target":{"@type":"EntryPoint","urlTemplate":"https:\/\/radioljubuski.ba\/?s={search_term_string}"},"query-input":{"@type":"PropertyValueSpecification","valueRequired":true,"valueName":"search_term_string"}}],"inLanguage":"hr"},{"@type":"Organization","@id":"https:\/\/radioljubuski.ba\/#organization","name":"Radio Ljubu\u0161ki","url":"https:\/\/radioljubuski.ba\/","logo":{"@type":"ImageObject","inLanguage":"hr","@id":"https:\/\/radioljubuski.ba\/#\/schema\/logo\/image\/","url":"https:\/\/radioljubuski.ba\/wp-content\/uploads\/2021\/02\/cropped-Radio_Ljubuski_logo1.jpg","contentUrl":"https:\/\/radioljubuski.ba\/wp-content\/uploads\/2021\/02\/cropped-Radio_Ljubuski_logo1.jpg","width":512,"height":512,"caption":"Radio Ljubu\u0161ki"},"image":{"@id":"https:\/\/radioljubuski.ba\/#\/schema\/logo\/image\/"},"sameAs":["https:\/\/www.facebook.com\/Radiio-Ljubuski-1490835324566332","https:\/\/x.com\/radioljubuski","https:\/\/hr.linkedin.com\/company\/radio-ljubuski","https:\/\/www.youtube.com\/channel\/UCHYaeO_n0Db3tjNGudGpXyw"]},{"@type":"Person","@id":"https:\/\/radioljubuski.ba\/#\/schema\/person\/19fc700381a780f69665d7956c469e3b","name":"Radio Ljubu\u0161ki"}]}},"_links":{"self":[{"href":"https:\/\/radioljubuski.ba\/index.php\/wp-json\/wp\/v2\/posts\/68638","targetHints":{"allow":["GET"]}}],"collection":[{"href":"https:\/\/radioljubuski.ba\/index.php\/wp-json\/wp\/v2\/posts"}],"about":[{"href":"https:\/\/radioljubuski.ba\/index.php\/wp-json\/wp\/v2\/types\/post"}],"author":[{"embeddable":true,"href":"https:\/\/radioljubuski.ba\/index.php\/wp-json\/wp\/v2\/users\/2"}],"replies":[{"embeddable":true,"href":"https:\/\/radioljubuski.ba\/index.php\/wp-json\/wp\/v2\/comments?post=68638"}],"version-history":[{"count":1,"href":"https:\/\/radioljubuski.ba\/index.php\/wp-json\/wp\/v2\/posts\/68638\/revisions"}],"predecessor-version":[{"id":68640,"href":"https:\/\/radioljubuski.ba\/index.php\/wp-json\/wp\/v2\/posts\/68638\/revisions\/68640"}],"wp:featuredmedia":[{"embeddable":true,"href":"https:\/\/radioljubuski.ba\/index.php\/wp-json\/wp\/v2\/media\/68639"}],"wp:attachment":[{"href":"https:\/\/radioljubuski.ba\/index.php\/wp-json\/wp\/v2\/media?parent=68638"}],"wp:term":[{"taxonomy":"category","embeddable":true,"href":"https:\/\/radioljubuski.ba\/index.php\/wp-json\/wp\/v2\/categories?post=68638"},{"taxonomy":"post_tag","embeddable":true,"href":"https:\/\/radioljubuski.ba\/index.php\/wp-json\/wp\/v2\/tags?post=68638"}],"curies":[{"name":"wp","href":"https:\/\/api.w.org\/{rel}","templated":true}]}}