{"id":68641,"date":"2021-09-27T12:40:06","date_gmt":"2021-09-27T11:40:06","guid":{"rendered":"https:\/\/radioljubuski.ba\/?p=68641"},"modified":"2021-09-27T12:40:07","modified_gmt":"2021-09-27T11:40:07","slug":"u-bosni-i-hercegovini-33-preminulih-181-novozarazena-osoba","status":"publish","type":"post","link":"https:\/\/radioljubuski.ba\/index.php\/2021\/09\/27\/u-bosni-i-hercegovini-33-preminulih-181-novozarazena-osoba\/","title":{"rendered":"U Bosni i Hercegovini 33 preminulih, 181 novozara\u017eena osoba"},"content":{"rendered":"\n<p>U Bosni i Hercegovini je u posljednja 24 sata registrirana 181 osoba zara\u017eena koronavirusom, a testirana su ukupno 1.142 uzorka. Preminulo je 19 osoba koje su bile pozitivne na ovaj virus.<\/p>\n\n\n\n<p>Dan ranije je u BiH registriran&nbsp; 451 novi slu\u010daj koronavirusa, a testirano je 1.700 uzoraka. U istom periodu preminula su 24 pacijenta.<\/p>\n\n\n\n<p><strong>Federacija BiH<\/strong><\/p>\n\n\n\n<p>U protekla 24 sata, Zavodu za javno zdravstvo Federacije BiH prijavljeno je ukupno 816 uzoraka, od \u010dega je 110 pozitivno na koronavirus.<\/p>\n\n\n\n<p>Novi slu\u010dajevi registrirani su u Hercegova\u010dko-neretvanskoj, Srednjobosanskoj, Zeni\u010dko-dobojskoj, Posavskoj, Tuzlanskoj i \u017dupaniji Sarajevo.<\/p>\n\n\n\n<p>Do sada je testirano ukupno 853.238 uzoraka, a koronavirus je potvr\u0111en kod 150.401 osobe.<\/p>\n\n\n\n<p>U protekla 24 sata u Federaciji BiH preminulo je 19 osoba i to iz Hercegova\u010dko-neretvanske (1), Srednjobosanske (2), Zeni\u010dko-dobojske (4), Tuzlanske (5) i \u017dupanije Sarajevo (7), dok je 8 smrtnih ishoda prijavljeno retroaktivno.<\/p>\n\n\n\n<p>Ukupan broj smrtnih ishoda na podru\u010dju Federacije BiH je 5.953.<\/p>\n\n\n\n<p>Republika Srpska<\/p>\n\n\n\n<p>Od posljednjeg izvje\u0161taja o epidemiolo\u0161koj situaciji u Republici Srpskoj, u posljednja 24 sata izvr\u0161eno je testiranje 239 laboratorijskih uzoraka, a koronavirus je potvr\u0111en kod 69 osoba.<\/p>\n\n\n\n<p>Radi se o 39 mu\u0161karaca i 30 \u017eena, od kojih je 19 mla\u0111e, 33 srednje i 17 starije \u017eivotne dobi<\/p>\n\n\n\n<p>U posljednja 24 sata, Institutu za javno zdravstvo Republike Srpske prijavljeno je 13 smrtnih slu\u010dajeva. Radi se o pet mu\u0161karaca i osam \u017eena, srednje i starije \u017eivotne dobi, od kojih su po dvije osobe iz Prijedora i Modri\u010de i po jedna iz Vi\u0161egrada, Novog Grada, Sokoca Bijeljine, Trebinja, \u010celinca, Banje Luke, Doboja, Dervente.<\/p>\n\n\n\n<p>Do sada je u Republici Srpskoj potvr\u0111eno 74.269 slu\u010dajeva virusa korona, a preminulo je ukupno 4.189 osoba kod kojih je potvr\u0111en test na virus korona. U Republici Srpskoj, testirano je ukupno 318.422 osobe.<\/p>\n\n\n\n<p>Ukupan broj hospitaliziranih u Republici Srpskoj je 774, u Univerzitetskom klini\u010dkom centru Republike Srpske 336, a u ostalim bolnicama 438. Na respiratoru je 70 osoba (41 u Univerzitetskom klini\u010dkom centru Republike Srpske, 29 u ostalim bolnicama). U Republici Srpskoj pod zdravstvenim nadzorom trenutno je 8.360 osoba.<\/p>\n\n\n\n<p><strong>Br\u010dko distrikt BiH<\/strong><\/p>\n\n\n\n<p>U Br\u010dko distriktu BiH su registrirana dva nova slu\u010daja zaraze virusom korona. Preminula je jedna \u017eenska osoba. Testirano je 87 osoba, a oporavljeno 19.<\/p>\n\n\n\n<p>Izvor:pogled.ba<\/p>\n","protected":false},"excerpt":{"rendered":"<p>U Bosni i Hercegovini je u posljednja 24 sata registrirana 181 osoba zara\u017eena koronavirusom, a testirana su ukupno 1.142 uzorka. Preminulo je 19 osoba koje su bile pozitivne na ovaj virus. Dan ranije je u BiH registriran&nbsp; 451 novi slu\u010daj koronavirusa, a testirano je 1.700 uzoraka. U istom periodu preminula su 24 pacijenta. Federacija BiH [&hellip;]<\/p>\n","protected":false},"author":2,"featured_media":17217,"comment_status":"closed","ping_status":"closed","sticky":false,"template":"","format":"standard","meta":{"h5ap_radio_sources":[],"footnotes":""},"categories":[1],"tags":[],"class_list":["post-68641","post","type-post","status-publish","format-standard","has-post-thumbnail","hentry","category-bihiregija"],"yoast_head":"<!-- This site is optimized with the Yoast SEO plugin v27.5 - https:\/\/yoast.com\/product\/yoast-seo-wordpress\/ -->\n<title>U Bosni i Hercegovini 33 preminulih, 181 novozara\u017eena osoba - RADIO LJUBU\u0160KI<\/title>\n<meta name=\"robots\" content=\"index, follow, max-snippet:-1, max-image-preview:large, max-video-preview:-1\" \/>\n<link rel=\"canonical\" href=\"https:\/\/radioljubuski.ba\/index.php\/2021\/09\/27\/u-bosni-i-hercegovini-33-preminulih-181-novozarazena-osoba\/\" \/>\n<meta property=\"og:locale\" content=\"hr_HR\" \/>\n<meta property=\"og:type\" content=\"article\" \/>\n<meta property=\"og:title\" content=\"U Bosni i Hercegovini 33 preminulih, 181 novozara\u017eena osoba - RADIO LJUBU\u0160KI\" \/>\n<meta property=\"og:description\" content=\"U Bosni i Hercegovini je u posljednja 24 sata registrirana 181 osoba zara\u017eena koronavirusom, a testirana su ukupno 1.142 uzorka. Preminulo je 19 osoba koje su bile pozitivne na ovaj virus. Dan ranije je u BiH registriran&nbsp; 451 novi slu\u010daj koronavirusa, a testirano je 1.700 uzoraka. U istom periodu preminula su 24 pacijenta. Federacija BiH [&hellip;]\" \/>\n<meta property=\"og:url\" content=\"https:\/\/radioljubuski.ba\/index.php\/2021\/09\/27\/u-bosni-i-hercegovini-33-preminulih-181-novozarazena-osoba\/\" \/>\n<meta property=\"og:site_name\" content=\"RADIO LJUBU\u0160KI\" \/>\n<meta property=\"article:publisher\" content=\"https:\/\/www.facebook.com\/Radiio-Ljubuski-1490835324566332\" \/>\n<meta property=\"article:published_time\" content=\"2021-09-27T11:40:06+00:00\" \/>\n<meta property=\"article:modified_time\" content=\"2021-09-27T11:40:07+00:00\" \/>\n<meta property=\"og:image\" content=\"https:\/\/radioljubuski.ba\/wp-content\/uploads\/2021\/04\/2-2021-04-18-11-11-48-koronavirus_covid19_maske_sarajevo_-1.jpg\" \/>\n\t<meta property=\"og:image:width\" content=\"1000\" \/>\n\t<meta property=\"og:image:height\" content=\"625\" \/>\n\t<meta property=\"og:image:type\" content=\"image\/jpeg\" \/>\n<meta name=\"author\" content=\"Radio Ljubu\u0161ki\" \/>\n<meta name=\"twitter:card\" content=\"summary_large_image\" \/>\n<meta name=\"twitter:creator\" content=\"@radioljubuski\" \/>\n<meta name=\"twitter:site\" content=\"@radioljubuski\" \/>\n<meta name=\"twitter:label1\" content=\"Napisao\/la\" \/>\n\t<meta name=\"twitter:data1\" content=\"Radio Ljubu\u0161ki\" \/>\n\t<meta name=\"twitter:label2\" content=\"Procijenjeno vrijeme \u010ditanja\" \/>\n\t<meta name=\"twitter:data2\" content=\"2 minute\" \/>\n<script type=\"application\/ld+json\" class=\"yoast-schema-graph\">{\"@context\":\"https:\\\/\\\/schema.org\",\"@graph\":[{\"@type\":\"Article\",\"@id\":\"https:\\\/\\\/radioljubuski.ba\\\/index.php\\\/2021\\\/09\\\/27\\\/u-bosni-i-hercegovini-33-preminulih-181-novozarazena-osoba\\\/#article\",\"isPartOf\":{\"@id\":\"https:\\\/\\\/radioljubuski.ba\\\/index.php\\\/2021\\\/09\\\/27\\\/u-bosni-i-hercegovini-33-preminulih-181-novozarazena-osoba\\\/\"},\"author\":{\"name\":\"Radio Ljubu\u0161ki\",\"@id\":\"https:\\\/\\\/radioljubuski.ba\\\/#\\\/schema\\\/person\\\/19fc700381a780f69665d7956c469e3b\"},\"headline\":\"U Bosni i Hercegovini 33 preminulih, 181 novozara\u017eena osoba\",\"datePublished\":\"2021-09-27T11:40:06+00:00\",\"dateModified\":\"2021-09-27T11:40:07+00:00\",\"mainEntityOfPage\":{\"@id\":\"https:\\\/\\\/radioljubuski.ba\\\/index.php\\\/2021\\\/09\\\/27\\\/u-bosni-i-hercegovini-33-preminulih-181-novozarazena-osoba\\\/\"},\"wordCount\":350,\"publisher\":{\"@id\":\"https:\\\/\\\/radioljubuski.ba\\\/#organization\"},\"image\":{\"@id\":\"https:\\\/\\\/radioljubuski.ba\\\/index.php\\\/2021\\\/09\\\/27\\\/u-bosni-i-hercegovini-33-preminulih-181-novozarazena-osoba\\\/#primaryimage\"},\"thumbnailUrl\":\"https:\\\/\\\/radioljubuski.ba\\\/wp-content\\\/uploads\\\/2021\\\/04\\\/2-2021-04-18-11-11-48-koronavirus_covid19_maske_sarajevo_-1.jpg\",\"articleSection\":[\"BIH i regija\"],\"inLanguage\":\"hr\"},{\"@type\":\"WebPage\",\"@id\":\"https:\\\/\\\/radioljubuski.ba\\\/index.php\\\/2021\\\/09\\\/27\\\/u-bosni-i-hercegovini-33-preminulih-181-novozarazena-osoba\\\/\",\"url\":\"https:\\\/\\\/radioljubuski.ba\\\/index.php\\\/2021\\\/09\\\/27\\\/u-bosni-i-hercegovini-33-preminulih-181-novozarazena-osoba\\\/\",\"name\":\"U Bosni i Hercegovini 33 preminulih, 181 novozara\u017eena osoba - RADIO LJUBU\u0160KI\",\"isPartOf\":{\"@id\":\"https:\\\/\\\/radioljubuski.ba\\\/#website\"},\"primaryImageOfPage\":{\"@id\":\"https:\\\/\\\/radioljubuski.ba\\\/index.php\\\/2021\\\/09\\\/27\\\/u-bosni-i-hercegovini-33-preminulih-181-novozarazena-osoba\\\/#primaryimage\"},\"image\":{\"@id\":\"https:\\\/\\\/radioljubuski.ba\\\/index.php\\\/2021\\\/09\\\/27\\\/u-bosni-i-hercegovini-33-preminulih-181-novozarazena-osoba\\\/#primaryimage\"},\"thumbnailUrl\":\"https:\\\/\\\/radioljubuski.ba\\\/wp-content\\\/uploads\\\/2021\\\/04\\\/2-2021-04-18-11-11-48-koronavirus_covid19_maske_sarajevo_-1.jpg\",\"datePublished\":\"2021-09-27T11:40:06+00:00\",\"dateModified\":\"2021-09-27T11:40:07+00:00\",\"breadcrumb\":{\"@id\":\"https:\\\/\\\/radioljubuski.ba\\\/index.php\\\/2021\\\/09\\\/27\\\/u-bosni-i-hercegovini-33-preminulih-181-novozarazena-osoba\\\/#breadcrumb\"},\"inLanguage\":\"hr\",\"potentialAction\":[{\"@type\":\"ReadAction\",\"target\":[\"https:\\\/\\\/radioljubuski.ba\\\/index.php\\\/2021\\\/09\\\/27\\\/u-bosni-i-hercegovini-33-preminulih-181-novozarazena-osoba\\\/\"]}]},{\"@type\":\"ImageObject\",\"inLanguage\":\"hr\",\"@id\":\"https:\\\/\\\/radioljubuski.ba\\\/index.php\\\/2021\\\/09\\\/27\\\/u-bosni-i-hercegovini-33-preminulih-181-novozarazena-osoba\\\/#primaryimage\",\"url\":\"https:\\\/\\\/radioljubuski.ba\\\/wp-content\\\/uploads\\\/2021\\\/04\\\/2-2021-04-18-11-11-48-koronavirus_covid19_maske_sarajevo_-1.jpg\",\"contentUrl\":\"https:\\\/\\\/radioljubuski.ba\\\/wp-content\\\/uploads\\\/2021\\\/04\\\/2-2021-04-18-11-11-48-koronavirus_covid19_maske_sarajevo_-1.jpg\",\"width\":1000,\"height\":625},{\"@type\":\"BreadcrumbList\",\"@id\":\"https:\\\/\\\/radioljubuski.ba\\\/index.php\\\/2021\\\/09\\\/27\\\/u-bosni-i-hercegovini-33-preminulih-181-novozarazena-osoba\\\/#breadcrumb\",\"itemListElement\":[{\"@type\":\"ListItem\",\"position\":1,\"name\":\"Po\u010detna stranica\",\"item\":\"https:\\\/\\\/radioljubuski.ba\\\/\"},{\"@type\":\"ListItem\",\"position\":2,\"name\":\"U Bosni i Hercegovini 33 preminulih, 181 novozara\u017eena osoba\"}]},{\"@type\":\"WebSite\",\"@id\":\"https:\\\/\\\/radioljubuski.ba\\\/#website\",\"url\":\"https:\\\/\\\/radioljubuski.ba\\\/\",\"name\":\"Radio Ljubu\u0161ki\",\"description\":\"Sun\u010dana frekvencija Hercegovine\",\"publisher\":{\"@id\":\"https:\\\/\\\/radioljubuski.ba\\\/#organization\"},\"potentialAction\":[{\"@type\":\"SearchAction\",\"target\":{\"@type\":\"EntryPoint\",\"urlTemplate\":\"https:\\\/\\\/radioljubuski.ba\\\/?s={search_term_string}\"},\"query-input\":{\"@type\":\"PropertyValueSpecification\",\"valueRequired\":true,\"valueName\":\"search_term_string\"}}],\"inLanguage\":\"hr\"},{\"@type\":\"Organization\",\"@id\":\"https:\\\/\\\/radioljubuski.ba\\\/#organization\",\"name\":\"Radio Ljubu\u0161ki\",\"url\":\"https:\\\/\\\/radioljubuski.ba\\\/\",\"logo\":{\"@type\":\"ImageObject\",\"inLanguage\":\"hr\",\"@id\":\"https:\\\/\\\/radioljubuski.ba\\\/#\\\/schema\\\/logo\\\/image\\\/\",\"url\":\"https:\\\/\\\/radioljubuski.ba\\\/wp-content\\\/uploads\\\/2021\\\/02\\\/cropped-Radio_Ljubuski_logo1.jpg\",\"contentUrl\":\"https:\\\/\\\/radioljubuski.ba\\\/wp-content\\\/uploads\\\/2021\\\/02\\\/cropped-Radio_Ljubuski_logo1.jpg\",\"width\":512,\"height\":512,\"caption\":\"Radio Ljubu\u0161ki\"},\"image\":{\"@id\":\"https:\\\/\\\/radioljubuski.ba\\\/#\\\/schema\\\/logo\\\/image\\\/\"},\"sameAs\":[\"https:\\\/\\\/www.facebook.com\\\/Radiio-Ljubuski-1490835324566332\",\"https:\\\/\\\/x.com\\\/radioljubuski\",\"https:\\\/\\\/hr.linkedin.com\\\/company\\\/radio-ljubuski\",\"https:\\\/\\\/www.youtube.com\\\/channel\\\/UCHYaeO_n0Db3tjNGudGpXyw\"]},{\"@type\":\"Person\",\"@id\":\"https:\\\/\\\/radioljubuski.ba\\\/#\\\/schema\\\/person\\\/19fc700381a780f69665d7956c469e3b\",\"name\":\"Radio Ljubu\u0161ki\"}]}<\/script>\n<!-- \/ Yoast SEO plugin. -->","yoast_head_json":{"title":"U Bosni i Hercegovini 33 preminulih, 181 novozara\u017eena osoba - RADIO LJUBU\u0160KI","robots":{"index":"index","follow":"follow","max-snippet":"max-snippet:-1","max-image-preview":"max-image-preview:large","max-video-preview":"max-video-preview:-1"},"canonical":"https:\/\/radioljubuski.ba\/index.php\/2021\/09\/27\/u-bosni-i-hercegovini-33-preminulih-181-novozarazena-osoba\/","og_locale":"hr_HR","og_type":"article","og_title":"U Bosni i Hercegovini 33 preminulih, 181 novozara\u017eena osoba - RADIO LJUBU\u0160KI","og_description":"U Bosni i Hercegovini je u posljednja 24 sata registrirana 181 osoba zara\u017eena koronavirusom, a testirana su ukupno 1.142 uzorka. Preminulo je 19 osoba koje su bile pozitivne na ovaj virus. Dan ranije je u BiH registriran&nbsp; 451 novi slu\u010daj koronavirusa, a testirano je 1.700 uzoraka. U istom periodu preminula su 24 pacijenta. Federacija BiH [&hellip;]","og_url":"https:\/\/radioljubuski.ba\/index.php\/2021\/09\/27\/u-bosni-i-hercegovini-33-preminulih-181-novozarazena-osoba\/","og_site_name":"RADIO LJUBU\u0160KI","article_publisher":"https:\/\/www.facebook.com\/Radiio-Ljubuski-1490835324566332","article_published_time":"2021-09-27T11:40:06+00:00","article_modified_time":"2021-09-27T11:40:07+00:00","og_image":[{"width":1000,"height":625,"url":"https:\/\/radioljubuski.ba\/wp-content\/uploads\/2021\/04\/2-2021-04-18-11-11-48-koronavirus_covid19_maske_sarajevo_-1.jpg","type":"image\/jpeg"}],"author":"Radio Ljubu\u0161ki","twitter_card":"summary_large_image","twitter_creator":"@radioljubuski","twitter_site":"@radioljubuski","twitter_misc":{"Napisao\/la":"Radio Ljubu\u0161ki","Procijenjeno vrijeme \u010ditanja":"2 minute"},"schema":{"@context":"https:\/\/schema.org","@graph":[{"@type":"Article","@id":"https:\/\/radioljubuski.ba\/index.php\/2021\/09\/27\/u-bosni-i-hercegovini-33-preminulih-181-novozarazena-osoba\/#article","isPartOf":{"@id":"https:\/\/radioljubuski.ba\/index.php\/2021\/09\/27\/u-bosni-i-hercegovini-33-preminulih-181-novozarazena-osoba\/"},"author":{"name":"Radio Ljubu\u0161ki","@id":"https:\/\/radioljubuski.ba\/#\/schema\/person\/19fc700381a780f69665d7956c469e3b"},"headline":"U Bosni i Hercegovini 33 preminulih, 181 novozara\u017eena osoba","datePublished":"2021-09-27T11:40:06+00:00","dateModified":"2021-09-27T11:40:07+00:00","mainEntityOfPage":{"@id":"https:\/\/radioljubuski.ba\/index.php\/2021\/09\/27\/u-bosni-i-hercegovini-33-preminulih-181-novozarazena-osoba\/"},"wordCount":350,"publisher":{"@id":"https:\/\/radioljubuski.ba\/#organization"},"image":{"@id":"https:\/\/radioljubuski.ba\/index.php\/2021\/09\/27\/u-bosni-i-hercegovini-33-preminulih-181-novozarazena-osoba\/#primaryimage"},"thumbnailUrl":"https:\/\/radioljubuski.ba\/wp-content\/uploads\/2021\/04\/2-2021-04-18-11-11-48-koronavirus_covid19_maske_sarajevo_-1.jpg","articleSection":["BIH i regija"],"inLanguage":"hr"},{"@type":"WebPage","@id":"https:\/\/radioljubuski.ba\/index.php\/2021\/09\/27\/u-bosni-i-hercegovini-33-preminulih-181-novozarazena-osoba\/","url":"https:\/\/radioljubuski.ba\/index.php\/2021\/09\/27\/u-bosni-i-hercegovini-33-preminulih-181-novozarazena-osoba\/","name":"U Bosni i Hercegovini 33 preminulih, 181 novozara\u017eena osoba - RADIO LJUBU\u0160KI","isPartOf":{"@id":"https:\/\/radioljubuski.ba\/#website"},"primaryImageOfPage":{"@id":"https:\/\/radioljubuski.ba\/index.php\/2021\/09\/27\/u-bosni-i-hercegovini-33-preminulih-181-novozarazena-osoba\/#primaryimage"},"image":{"@id":"https:\/\/radioljubuski.ba\/index.php\/2021\/09\/27\/u-bosni-i-hercegovini-33-preminulih-181-novozarazena-osoba\/#primaryimage"},"thumbnailUrl":"https:\/\/radioljubuski.ba\/wp-content\/uploads\/2021\/04\/2-2021-04-18-11-11-48-koronavirus_covid19_maske_sarajevo_-1.jpg","datePublished":"2021-09-27T11:40:06+00:00","dateModified":"2021-09-27T11:40:07+00:00","breadcrumb":{"@id":"https:\/\/radioljubuski.ba\/index.php\/2021\/09\/27\/u-bosni-i-hercegovini-33-preminulih-181-novozarazena-osoba\/#breadcrumb"},"inLanguage":"hr","potentialAction":[{"@type":"ReadAction","target":["https:\/\/radioljubuski.ba\/index.php\/2021\/09\/27\/u-bosni-i-hercegovini-33-preminulih-181-novozarazena-osoba\/"]}]},{"@type":"ImageObject","inLanguage":"hr","@id":"https:\/\/radioljubuski.ba\/index.php\/2021\/09\/27\/u-bosni-i-hercegovini-33-preminulih-181-novozarazena-osoba\/#primaryimage","url":"https:\/\/radioljubuski.ba\/wp-content\/uploads\/2021\/04\/2-2021-04-18-11-11-48-koronavirus_covid19_maske_sarajevo_-1.jpg","contentUrl":"https:\/\/radioljubuski.ba\/wp-content\/uploads\/2021\/04\/2-2021-04-18-11-11-48-koronavirus_covid19_maske_sarajevo_-1.jpg","width":1000,"height":625},{"@type":"BreadcrumbList","@id":"https:\/\/radioljubuski.ba\/index.php\/2021\/09\/27\/u-bosni-i-hercegovini-33-preminulih-181-novozarazena-osoba\/#breadcrumb","itemListElement":[{"@type":"ListItem","position":1,"name":"Po\u010detna stranica","item":"https:\/\/radioljubuski.ba\/"},{"@type":"ListItem","position":2,"name":"U Bosni i Hercegovini 33 preminulih, 181 novozara\u017eena osoba"}]},{"@type":"WebSite","@id":"https:\/\/radioljubuski.ba\/#website","url":"https:\/\/radioljubuski.ba\/","name":"Radio Ljubu\u0161ki","description":"Sun\u010dana frekvencija Hercegovine","publisher":{"@id":"https:\/\/radioljubuski.ba\/#organization"},"potentialAction":[{"@type":"SearchAction","target":{"@type":"EntryPoint","urlTemplate":"https:\/\/radioljubuski.ba\/?s={search_term_string}"},"query-input":{"@type":"PropertyValueSpecification","valueRequired":true,"valueName":"search_term_string"}}],"inLanguage":"hr"},{"@type":"Organization","@id":"https:\/\/radioljubuski.ba\/#organization","name":"Radio Ljubu\u0161ki","url":"https:\/\/radioljubuski.ba\/","logo":{"@type":"ImageObject","inLanguage":"hr","@id":"https:\/\/radioljubuski.ba\/#\/schema\/logo\/image\/","url":"https:\/\/radioljubuski.ba\/wp-content\/uploads\/2021\/02\/cropped-Radio_Ljubuski_logo1.jpg","contentUrl":"https:\/\/radioljubuski.ba\/wp-content\/uploads\/2021\/02\/cropped-Radio_Ljubuski_logo1.jpg","width":512,"height":512,"caption":"Radio Ljubu\u0161ki"},"image":{"@id":"https:\/\/radioljubuski.ba\/#\/schema\/logo\/image\/"},"sameAs":["https:\/\/www.facebook.com\/Radiio-Ljubuski-1490835324566332","https:\/\/x.com\/radioljubuski","https:\/\/hr.linkedin.com\/company\/radio-ljubuski","https:\/\/www.youtube.com\/channel\/UCHYaeO_n0Db3tjNGudGpXyw"]},{"@type":"Person","@id":"https:\/\/radioljubuski.ba\/#\/schema\/person\/19fc700381a780f69665d7956c469e3b","name":"Radio Ljubu\u0161ki"}]}},"_links":{"self":[{"href":"https:\/\/radioljubuski.ba\/index.php\/wp-json\/wp\/v2\/posts\/68641","targetHints":{"allow":["GET"]}}],"collection":[{"href":"https:\/\/radioljubuski.ba\/index.php\/wp-json\/wp\/v2\/posts"}],"about":[{"href":"https:\/\/radioljubuski.ba\/index.php\/wp-json\/wp\/v2\/types\/post"}],"author":[{"embeddable":true,"href":"https:\/\/radioljubuski.ba\/index.php\/wp-json\/wp\/v2\/users\/2"}],"replies":[{"embeddable":true,"href":"https:\/\/radioljubuski.ba\/index.php\/wp-json\/wp\/v2\/comments?post=68641"}],"version-history":[{"count":1,"href":"https:\/\/radioljubuski.ba\/index.php\/wp-json\/wp\/v2\/posts\/68641\/revisions"}],"predecessor-version":[{"id":68642,"href":"https:\/\/radioljubuski.ba\/index.php\/wp-json\/wp\/v2\/posts\/68641\/revisions\/68642"}],"wp:featuredmedia":[{"embeddable":true,"href":"https:\/\/radioljubuski.ba\/index.php\/wp-json\/wp\/v2\/media\/17217"}],"wp:attachment":[{"href":"https:\/\/radioljubuski.ba\/index.php\/wp-json\/wp\/v2\/media?parent=68641"}],"wp:term":[{"taxonomy":"category","embeddable":true,"href":"https:\/\/radioljubuski.ba\/index.php\/wp-json\/wp\/v2\/categories?post=68641"},{"taxonomy":"post_tag","embeddable":true,"href":"https:\/\/radioljubuski.ba\/index.php\/wp-json\/wp\/v2\/tags?post=68641"}],"curies":[{"name":"wp","href":"https:\/\/api.w.org\/{rel}","templated":true}]}}