{"id":68655,"date":"2021-09-27T12:47:00","date_gmt":"2021-09-27T11:47:00","guid":{"rendered":"https:\/\/radioljubuski.ba\/?p=68655"},"modified":"2021-09-27T12:47:02","modified_gmt":"2021-09-27T11:47:02","slug":"namirnica-cija-je-cijena-ove-godine-u-bih-skuplja-cak-cetiri-puta-nego-prosle-godine","status":"publish","type":"post","link":"https:\/\/radioljubuski.ba\/index.php\/2021\/09\/27\/namirnica-cija-je-cijena-ove-godine-u-bih-skuplja-cak-cetiri-puta-nego-prosle-godine\/","title":{"rendered":"Namirnica \u010dija je cijena ove godine u BiH skuplja \u010dak \u010detiri puta nego pro\u0161le godine"},"content":{"rendered":"\n<p>Cijena kupusa ove godine dosti\u017ee rekorde te tako vre\u0107ica vara\u017edinca od 12 kilograma ko\u0161ta i do 17 KM.<\/p>\n\n\n\n<p>Ovu informaciju su potvrdili poljoprivredni proizvo\u0111a\u010di te su istakli da se poskupljenje o\u010dekuje i u narednom periodu.<\/p>\n\n\n\n<p>Branko Mastalo, predsjednik Udru\u017eenja povrtara RS rekao je za <a href=\"https:\/\/www.nezavisne.com\/ekonomija\/agrar\/Paprena-cijena-povrca-kupus-cetiri-puta-skuplji-nego-lani\/682941\" target=\"_blank\" rel=\"noreferrer noopener\">Nezavisne novine <\/a>da se cijene ovog povr\u0107a kre\u0107u od 1,20 do 1,40 po kilogramu.<\/p>\n\n\n\n<p>&#8220;Tako vre\u0107ica kupusa dosti\u017ee i do 17 KM. Razlog za tako visoku cijenu ove godine upravo je nedostak ovog povr\u0107a na tr\u017ei\u0161tu, jer su povrtlari odlu\u010dili da ove godine manje zasiju&#8221;, kazao je Mastalo i dodao da je ve\u0107a potra\u017enja, a manje kupusa na tr\u017ei\u0161tu razlog visokih cijena.<\/p>\n\n\n\n<p>Veliki broj proizvo\u0111a\u010da odustao je od proizvodnje jer nisu imali ekonomsku ra\u010dunicu.<\/p>\n\n\n\n<p>&#8220;Veliki proizvo\u0111a\u010di kupusa su odustali, te samim tim nemaju ra\u010duna, nemaju povjerenja u to da kupus mo\u017ee imati neku cijenu, kad je unazad pet godina nema&#8221;, istakao je Mastalo.<\/p>\n\n\n\n<p>Pro\u0161le godine proizvo\u0111a\u010di kupusa imali su velike koli\u010dine ovog povr\u0107a.<\/p>\n\n\n\n<p>&#8220;Pro\u0161le godine je vre\u0107ica kupusa ko\u0161tala od tri do \u010detiri KM, a ove godine je to i do \u010detiri puta vi\u0161e&#8221;, isti\u010de Mastalo.<\/p>\n\n\n\n<p>Kako je rekao, mnogi zasadi zbog su\u0161e su ove godine pretrpjeli ogromnu \u0161tetu te su poljoprivrednici morali dodatno da ula\u017eu u navodnjavanaje da bi imali rod.<\/p>\n\n\n\n<p>&#8220;I to je na neki na\u010din uvjetovalo vi\u0161e cijene, do kojih je jednostavno moralo do\u0107i kao neka kompenzacija poljoprivrednim proizvo\u0111a\u010dima&#8221;, kazao je Mastalo.<\/p>\n\n\n\n<p>Da je vre\u0107ica kupusa vara\u017edinca dostigla i ve\u0107u cijenu od 17 KM potvrdio je i Savo Bakajli\u0107, predsjednik Regionalnog udru\u017eenja poljoprivrednika Semberije i Majevice.<\/p>\n\n\n\n<p>&#8220;Do skoka cijene kupusa do\u0161lo je upravo jer se ljudi ne mogu upustiti u proizvodnju da bi bili konkurentni na tr\u017ei\u0161tu, a ove godine su i manje zasadili upravo jer su pro\u0161le godine morali zaoravati zasijene povr\u0161ine pod kupusom&#8221;, kazao je Bakajli\u0107 i isti\u010de da je ovo tek po\u010detak vala poskupljena povr\u0107a.<\/p>\n\n\n\n<p>&#8220;Jednostavno cijene su ve\u0107e zbog nedostataka ovog povr\u0107a kod na\u0161ih proizvo\u0111a\u010da, tako da o\u010dekujemo i dalji poskupljenje ne samo kupusa nego i ostalog povr\u0107a. Mi sve vrijeme upozoravamo da \u0107e BiH do\u0107i u sitaciju da ne\u0107emo imati svoju hranu&#8221;, kazao je Bakajli\u0107.<\/p>\n\n\n\n<p>Isti\u010de da je sada cijena kupusa oko 17 KM, mada je kod nekih proizvo\u0111a\u010da \u010dak i vi\u0161a.<\/p>\n\n\n\n<p><br>&#8220;Poljoprivrednici ka\u017eu da je cijena jo\u0161 podno\u0161ljiva, ali su male koli\u010dine koje mi imamo na tr\u017ei\u0161tu tako da se u narednom periodu o\u010dekuje i dodatni skok cijena&#8221;, reko je Bakajli\u0107.<\/p>\n\n\n\n<p>Da je kupus ove godine skup ka\u017ee i Darko Ili\u0107, poljoprivrednik iz Gornjih Karajzovaca, kod Gradi\u0161ke.<\/p>\n\n\n\n<p>&#8220;Mi smo ranu vrstu kupusa prodavali po jednu KM za kilogram&#8221;, kazao je Ili\u0107 i istakao da on u svojim zasadima nema kupusa vara\u017edinca, ali zna da su ove godine jako visoke cijene.<\/p>\n\n\n\n<p>Izvor:pogled.ba<\/p>\n","protected":false},"excerpt":{"rendered":"<p>Cijena kupusa ove godine dosti\u017ee rekorde te tako vre\u0107ica vara\u017edinca od 12 kilograma ko\u0161ta i do 17 KM. Ovu informaciju su potvrdili poljoprivredni proizvo\u0111a\u010di te su istakli da se poskupljenje o\u010dekuje i u narednom periodu. Branko Mastalo, predsjednik Udru\u017eenja povrtara RS rekao je za Nezavisne novine da se cijene ovog povr\u0107a kre\u0107u od 1,20 do [&hellip;]<\/p>\n","protected":false},"author":2,"featured_media":68656,"comment_status":"closed","ping_status":"closed","sticky":false,"template":"","format":"standard","meta":{"h5ap_radio_sources":[],"footnotes":""},"categories":[1],"tags":[],"class_list":["post-68655","post","type-post","status-publish","format-standard","has-post-thumbnail","hentry","category-bihiregija"],"yoast_head":"<!-- This site is optimized with the Yoast SEO plugin v27.5 - https:\/\/yoast.com\/product\/yoast-seo-wordpress\/ -->\n<title>Namirnica \u010dija je cijena ove godine u BiH skuplja \u010dak \u010detiri puta nego pro\u0161le godine - RADIO LJUBU\u0160KI<\/title>\n<meta name=\"robots\" content=\"index, follow, max-snippet:-1, max-image-preview:large, max-video-preview:-1\" \/>\n<link rel=\"canonical\" href=\"https:\/\/radioljubuski.ba\/index.php\/2021\/09\/27\/namirnica-cija-je-cijena-ove-godine-u-bih-skuplja-cak-cetiri-puta-nego-prosle-godine\/\" \/>\n<meta property=\"og:locale\" content=\"hr_HR\" \/>\n<meta property=\"og:type\" content=\"article\" \/>\n<meta property=\"og:title\" content=\"Namirnica \u010dija je cijena ove godine u BiH skuplja \u010dak \u010detiri puta nego pro\u0161le godine - RADIO LJUBU\u0160KI\" \/>\n<meta property=\"og:description\" content=\"Cijena kupusa ove godine dosti\u017ee rekorde te tako vre\u0107ica vara\u017edinca od 12 kilograma ko\u0161ta i do 17 KM. Ovu informaciju su potvrdili poljoprivredni proizvo\u0111a\u010di te su istakli da se poskupljenje o\u010dekuje i u narednom periodu. Branko Mastalo, predsjednik Udru\u017eenja povrtara RS rekao je za Nezavisne novine da se cijene ovog povr\u0107a kre\u0107u od 1,20 do [&hellip;]\" \/>\n<meta property=\"og:url\" content=\"https:\/\/radioljubuski.ba\/index.php\/2021\/09\/27\/namirnica-cija-je-cijena-ove-godine-u-bih-skuplja-cak-cetiri-puta-nego-prosle-godine\/\" \/>\n<meta property=\"og:site_name\" content=\"RADIO LJUBU\u0160KI\" \/>\n<meta property=\"article:publisher\" content=\"https:\/\/www.facebook.com\/Radiio-Ljubuski-1490835324566332\" \/>\n<meta property=\"article:published_time\" content=\"2021-09-27T11:47:00+00:00\" \/>\n<meta property=\"article:modified_time\" content=\"2021-09-27T11:47:02+00:00\" \/>\n<meta property=\"og:image\" content=\"https:\/\/radioljubuski.ba\/wp-content\/uploads\/2021\/09\/8-2021-09-27-13-19-50-kupus_povrce_namirnice_unsplash_28sep.jpg\" \/>\n\t<meta property=\"og:image:width\" content=\"1000\" \/>\n\t<meta property=\"og:image:height\" content=\"625\" \/>\n\t<meta property=\"og:image:type\" content=\"image\/jpeg\" \/>\n<meta name=\"author\" content=\"Radio Ljubu\u0161ki\" \/>\n<meta name=\"twitter:card\" content=\"summary_large_image\" \/>\n<meta name=\"twitter:creator\" content=\"@radioljubuski\" \/>\n<meta name=\"twitter:site\" content=\"@radioljubuski\" \/>\n<meta name=\"twitter:label1\" content=\"Napisao\/la\" \/>\n\t<meta name=\"twitter:data1\" content=\"Radio Ljubu\u0161ki\" \/>\n\t<meta name=\"twitter:label2\" content=\"Procijenjeno vrijeme \u010ditanja\" \/>\n\t<meta name=\"twitter:data2\" content=\"2 minute\" \/>\n<script type=\"application\/ld+json\" class=\"yoast-schema-graph\">{\"@context\":\"https:\\\/\\\/schema.org\",\"@graph\":[{\"@type\":\"Article\",\"@id\":\"https:\\\/\\\/radioljubuski.ba\\\/index.php\\\/2021\\\/09\\\/27\\\/namirnica-cija-je-cijena-ove-godine-u-bih-skuplja-cak-cetiri-puta-nego-prosle-godine\\\/#article\",\"isPartOf\":{\"@id\":\"https:\\\/\\\/radioljubuski.ba\\\/index.php\\\/2021\\\/09\\\/27\\\/namirnica-cija-je-cijena-ove-godine-u-bih-skuplja-cak-cetiri-puta-nego-prosle-godine\\\/\"},\"author\":{\"name\":\"Radio Ljubu\u0161ki\",\"@id\":\"https:\\\/\\\/radioljubuski.ba\\\/#\\\/schema\\\/person\\\/19fc700381a780f69665d7956c469e3b\"},\"headline\":\"Namirnica \u010dija je cijena ove godine u BiH skuplja \u010dak \u010detiri puta nego pro\u0161le godine\",\"datePublished\":\"2021-09-27T11:47:00+00:00\",\"dateModified\":\"2021-09-27T11:47:02+00:00\",\"mainEntityOfPage\":{\"@id\":\"https:\\\/\\\/radioljubuski.ba\\\/index.php\\\/2021\\\/09\\\/27\\\/namirnica-cija-je-cijena-ove-godine-u-bih-skuplja-cak-cetiri-puta-nego-prosle-godine\\\/\"},\"wordCount\":533,\"publisher\":{\"@id\":\"https:\\\/\\\/radioljubuski.ba\\\/#organization\"},\"image\":{\"@id\":\"https:\\\/\\\/radioljubuski.ba\\\/index.php\\\/2021\\\/09\\\/27\\\/namirnica-cija-je-cijena-ove-godine-u-bih-skuplja-cak-cetiri-puta-nego-prosle-godine\\\/#primaryimage\"},\"thumbnailUrl\":\"https:\\\/\\\/radioljubuski.ba\\\/wp-content\\\/uploads\\\/2021\\\/09\\\/8-2021-09-27-13-19-50-kupus_povrce_namirnice_unsplash_28sep.jpg\",\"articleSection\":[\"BIH i regija\"],\"inLanguage\":\"hr\"},{\"@type\":\"WebPage\",\"@id\":\"https:\\\/\\\/radioljubuski.ba\\\/index.php\\\/2021\\\/09\\\/27\\\/namirnica-cija-je-cijena-ove-godine-u-bih-skuplja-cak-cetiri-puta-nego-prosle-godine\\\/\",\"url\":\"https:\\\/\\\/radioljubuski.ba\\\/index.php\\\/2021\\\/09\\\/27\\\/namirnica-cija-je-cijena-ove-godine-u-bih-skuplja-cak-cetiri-puta-nego-prosle-godine\\\/\",\"name\":\"Namirnica \u010dija je cijena ove godine u BiH skuplja \u010dak \u010detiri puta nego pro\u0161le godine - RADIO LJUBU\u0160KI\",\"isPartOf\":{\"@id\":\"https:\\\/\\\/radioljubuski.ba\\\/#website\"},\"primaryImageOfPage\":{\"@id\":\"https:\\\/\\\/radioljubuski.ba\\\/index.php\\\/2021\\\/09\\\/27\\\/namirnica-cija-je-cijena-ove-godine-u-bih-skuplja-cak-cetiri-puta-nego-prosle-godine\\\/#primaryimage\"},\"image\":{\"@id\":\"https:\\\/\\\/radioljubuski.ba\\\/index.php\\\/2021\\\/09\\\/27\\\/namirnica-cija-je-cijena-ove-godine-u-bih-skuplja-cak-cetiri-puta-nego-prosle-godine\\\/#primaryimage\"},\"thumbnailUrl\":\"https:\\\/\\\/radioljubuski.ba\\\/wp-content\\\/uploads\\\/2021\\\/09\\\/8-2021-09-27-13-19-50-kupus_povrce_namirnice_unsplash_28sep.jpg\",\"datePublished\":\"2021-09-27T11:47:00+00:00\",\"dateModified\":\"2021-09-27T11:47:02+00:00\",\"breadcrumb\":{\"@id\":\"https:\\\/\\\/radioljubuski.ba\\\/index.php\\\/2021\\\/09\\\/27\\\/namirnica-cija-je-cijena-ove-godine-u-bih-skuplja-cak-cetiri-puta-nego-prosle-godine\\\/#breadcrumb\"},\"inLanguage\":\"hr\",\"potentialAction\":[{\"@type\":\"ReadAction\",\"target\":[\"https:\\\/\\\/radioljubuski.ba\\\/index.php\\\/2021\\\/09\\\/27\\\/namirnica-cija-je-cijena-ove-godine-u-bih-skuplja-cak-cetiri-puta-nego-prosle-godine\\\/\"]}]},{\"@type\":\"ImageObject\",\"inLanguage\":\"hr\",\"@id\":\"https:\\\/\\\/radioljubuski.ba\\\/index.php\\\/2021\\\/09\\\/27\\\/namirnica-cija-je-cijena-ove-godine-u-bih-skuplja-cak-cetiri-puta-nego-prosle-godine\\\/#primaryimage\",\"url\":\"https:\\\/\\\/radioljubuski.ba\\\/wp-content\\\/uploads\\\/2021\\\/09\\\/8-2021-09-27-13-19-50-kupus_povrce_namirnice_unsplash_28sep.jpg\",\"contentUrl\":\"https:\\\/\\\/radioljubuski.ba\\\/wp-content\\\/uploads\\\/2021\\\/09\\\/8-2021-09-27-13-19-50-kupus_povrce_namirnice_unsplash_28sep.jpg\",\"width\":1000,\"height\":625},{\"@type\":\"BreadcrumbList\",\"@id\":\"https:\\\/\\\/radioljubuski.ba\\\/index.php\\\/2021\\\/09\\\/27\\\/namirnica-cija-je-cijena-ove-godine-u-bih-skuplja-cak-cetiri-puta-nego-prosle-godine\\\/#breadcrumb\",\"itemListElement\":[{\"@type\":\"ListItem\",\"position\":1,\"name\":\"Po\u010detna stranica\",\"item\":\"https:\\\/\\\/radioljubuski.ba\\\/\"},{\"@type\":\"ListItem\",\"position\":2,\"name\":\"Namirnica \u010dija je cijena ove godine u BiH skuplja \u010dak \u010detiri puta nego pro\u0161le godine\"}]},{\"@type\":\"WebSite\",\"@id\":\"https:\\\/\\\/radioljubuski.ba\\\/#website\",\"url\":\"https:\\\/\\\/radioljubuski.ba\\\/\",\"name\":\"Radio Ljubu\u0161ki\",\"description\":\"Sun\u010dana frekvencija Hercegovine\",\"publisher\":{\"@id\":\"https:\\\/\\\/radioljubuski.ba\\\/#organization\"},\"potentialAction\":[{\"@type\":\"SearchAction\",\"target\":{\"@type\":\"EntryPoint\",\"urlTemplate\":\"https:\\\/\\\/radioljubuski.ba\\\/?s={search_term_string}\"},\"query-input\":{\"@type\":\"PropertyValueSpecification\",\"valueRequired\":true,\"valueName\":\"search_term_string\"}}],\"inLanguage\":\"hr\"},{\"@type\":\"Organization\",\"@id\":\"https:\\\/\\\/radioljubuski.ba\\\/#organization\",\"name\":\"Radio Ljubu\u0161ki\",\"url\":\"https:\\\/\\\/radioljubuski.ba\\\/\",\"logo\":{\"@type\":\"ImageObject\",\"inLanguage\":\"hr\",\"@id\":\"https:\\\/\\\/radioljubuski.ba\\\/#\\\/schema\\\/logo\\\/image\\\/\",\"url\":\"https:\\\/\\\/radioljubuski.ba\\\/wp-content\\\/uploads\\\/2021\\\/02\\\/cropped-Radio_Ljubuski_logo1.jpg\",\"contentUrl\":\"https:\\\/\\\/radioljubuski.ba\\\/wp-content\\\/uploads\\\/2021\\\/02\\\/cropped-Radio_Ljubuski_logo1.jpg\",\"width\":512,\"height\":512,\"caption\":\"Radio Ljubu\u0161ki\"},\"image\":{\"@id\":\"https:\\\/\\\/radioljubuski.ba\\\/#\\\/schema\\\/logo\\\/image\\\/\"},\"sameAs\":[\"https:\\\/\\\/www.facebook.com\\\/Radiio-Ljubuski-1490835324566332\",\"https:\\\/\\\/x.com\\\/radioljubuski\",\"https:\\\/\\\/hr.linkedin.com\\\/company\\\/radio-ljubuski\",\"https:\\\/\\\/www.youtube.com\\\/channel\\\/UCHYaeO_n0Db3tjNGudGpXyw\"]},{\"@type\":\"Person\",\"@id\":\"https:\\\/\\\/radioljubuski.ba\\\/#\\\/schema\\\/person\\\/19fc700381a780f69665d7956c469e3b\",\"name\":\"Radio Ljubu\u0161ki\"}]}<\/script>\n<!-- \/ Yoast SEO plugin. -->","yoast_head_json":{"title":"Namirnica \u010dija je cijena ove godine u BiH skuplja \u010dak \u010detiri puta nego pro\u0161le godine - RADIO LJUBU\u0160KI","robots":{"index":"index","follow":"follow","max-snippet":"max-snippet:-1","max-image-preview":"max-image-preview:large","max-video-preview":"max-video-preview:-1"},"canonical":"https:\/\/radioljubuski.ba\/index.php\/2021\/09\/27\/namirnica-cija-je-cijena-ove-godine-u-bih-skuplja-cak-cetiri-puta-nego-prosle-godine\/","og_locale":"hr_HR","og_type":"article","og_title":"Namirnica \u010dija je cijena ove godine u BiH skuplja \u010dak \u010detiri puta nego pro\u0161le godine - RADIO LJUBU\u0160KI","og_description":"Cijena kupusa ove godine dosti\u017ee rekorde te tako vre\u0107ica vara\u017edinca od 12 kilograma ko\u0161ta i do 17 KM. Ovu informaciju su potvrdili poljoprivredni proizvo\u0111a\u010di te su istakli da se poskupljenje o\u010dekuje i u narednom periodu. Branko Mastalo, predsjednik Udru\u017eenja povrtara RS rekao je za Nezavisne novine da se cijene ovog povr\u0107a kre\u0107u od 1,20 do [&hellip;]","og_url":"https:\/\/radioljubuski.ba\/index.php\/2021\/09\/27\/namirnica-cija-je-cijena-ove-godine-u-bih-skuplja-cak-cetiri-puta-nego-prosle-godine\/","og_site_name":"RADIO LJUBU\u0160KI","article_publisher":"https:\/\/www.facebook.com\/Radiio-Ljubuski-1490835324566332","article_published_time":"2021-09-27T11:47:00+00:00","article_modified_time":"2021-09-27T11:47:02+00:00","og_image":[{"width":1000,"height":625,"url":"https:\/\/radioljubuski.ba\/wp-content\/uploads\/2021\/09\/8-2021-09-27-13-19-50-kupus_povrce_namirnice_unsplash_28sep.jpg","type":"image\/jpeg"}],"author":"Radio Ljubu\u0161ki","twitter_card":"summary_large_image","twitter_creator":"@radioljubuski","twitter_site":"@radioljubuski","twitter_misc":{"Napisao\/la":"Radio Ljubu\u0161ki","Procijenjeno vrijeme \u010ditanja":"2 minute"},"schema":{"@context":"https:\/\/schema.org","@graph":[{"@type":"Article","@id":"https:\/\/radioljubuski.ba\/index.php\/2021\/09\/27\/namirnica-cija-je-cijena-ove-godine-u-bih-skuplja-cak-cetiri-puta-nego-prosle-godine\/#article","isPartOf":{"@id":"https:\/\/radioljubuski.ba\/index.php\/2021\/09\/27\/namirnica-cija-je-cijena-ove-godine-u-bih-skuplja-cak-cetiri-puta-nego-prosle-godine\/"},"author":{"name":"Radio Ljubu\u0161ki","@id":"https:\/\/radioljubuski.ba\/#\/schema\/person\/19fc700381a780f69665d7956c469e3b"},"headline":"Namirnica \u010dija je cijena ove godine u BiH skuplja \u010dak \u010detiri puta nego pro\u0161le godine","datePublished":"2021-09-27T11:47:00+00:00","dateModified":"2021-09-27T11:47:02+00:00","mainEntityOfPage":{"@id":"https:\/\/radioljubuski.ba\/index.php\/2021\/09\/27\/namirnica-cija-je-cijena-ove-godine-u-bih-skuplja-cak-cetiri-puta-nego-prosle-godine\/"},"wordCount":533,"publisher":{"@id":"https:\/\/radioljubuski.ba\/#organization"},"image":{"@id":"https:\/\/radioljubuski.ba\/index.php\/2021\/09\/27\/namirnica-cija-je-cijena-ove-godine-u-bih-skuplja-cak-cetiri-puta-nego-prosle-godine\/#primaryimage"},"thumbnailUrl":"https:\/\/radioljubuski.ba\/wp-content\/uploads\/2021\/09\/8-2021-09-27-13-19-50-kupus_povrce_namirnice_unsplash_28sep.jpg","articleSection":["BIH i regija"],"inLanguage":"hr"},{"@type":"WebPage","@id":"https:\/\/radioljubuski.ba\/index.php\/2021\/09\/27\/namirnica-cija-je-cijena-ove-godine-u-bih-skuplja-cak-cetiri-puta-nego-prosle-godine\/","url":"https:\/\/radioljubuski.ba\/index.php\/2021\/09\/27\/namirnica-cija-je-cijena-ove-godine-u-bih-skuplja-cak-cetiri-puta-nego-prosle-godine\/","name":"Namirnica \u010dija je cijena ove godine u BiH skuplja \u010dak \u010detiri puta nego pro\u0161le godine - RADIO LJUBU\u0160KI","isPartOf":{"@id":"https:\/\/radioljubuski.ba\/#website"},"primaryImageOfPage":{"@id":"https:\/\/radioljubuski.ba\/index.php\/2021\/09\/27\/namirnica-cija-je-cijena-ove-godine-u-bih-skuplja-cak-cetiri-puta-nego-prosle-godine\/#primaryimage"},"image":{"@id":"https:\/\/radioljubuski.ba\/index.php\/2021\/09\/27\/namirnica-cija-je-cijena-ove-godine-u-bih-skuplja-cak-cetiri-puta-nego-prosle-godine\/#primaryimage"},"thumbnailUrl":"https:\/\/radioljubuski.ba\/wp-content\/uploads\/2021\/09\/8-2021-09-27-13-19-50-kupus_povrce_namirnice_unsplash_28sep.jpg","datePublished":"2021-09-27T11:47:00+00:00","dateModified":"2021-09-27T11:47:02+00:00","breadcrumb":{"@id":"https:\/\/radioljubuski.ba\/index.php\/2021\/09\/27\/namirnica-cija-je-cijena-ove-godine-u-bih-skuplja-cak-cetiri-puta-nego-prosle-godine\/#breadcrumb"},"inLanguage":"hr","potentialAction":[{"@type":"ReadAction","target":["https:\/\/radioljubuski.ba\/index.php\/2021\/09\/27\/namirnica-cija-je-cijena-ove-godine-u-bih-skuplja-cak-cetiri-puta-nego-prosle-godine\/"]}]},{"@type":"ImageObject","inLanguage":"hr","@id":"https:\/\/radioljubuski.ba\/index.php\/2021\/09\/27\/namirnica-cija-je-cijena-ove-godine-u-bih-skuplja-cak-cetiri-puta-nego-prosle-godine\/#primaryimage","url":"https:\/\/radioljubuski.ba\/wp-content\/uploads\/2021\/09\/8-2021-09-27-13-19-50-kupus_povrce_namirnice_unsplash_28sep.jpg","contentUrl":"https:\/\/radioljubuski.ba\/wp-content\/uploads\/2021\/09\/8-2021-09-27-13-19-50-kupus_povrce_namirnice_unsplash_28sep.jpg","width":1000,"height":625},{"@type":"BreadcrumbList","@id":"https:\/\/radioljubuski.ba\/index.php\/2021\/09\/27\/namirnica-cija-je-cijena-ove-godine-u-bih-skuplja-cak-cetiri-puta-nego-prosle-godine\/#breadcrumb","itemListElement":[{"@type":"ListItem","position":1,"name":"Po\u010detna stranica","item":"https:\/\/radioljubuski.ba\/"},{"@type":"ListItem","position":2,"name":"Namirnica \u010dija je cijena ove godine u BiH skuplja \u010dak \u010detiri puta nego pro\u0161le godine"}]},{"@type":"WebSite","@id":"https:\/\/radioljubuski.ba\/#website","url":"https:\/\/radioljubuski.ba\/","name":"Radio Ljubu\u0161ki","description":"Sun\u010dana frekvencija Hercegovine","publisher":{"@id":"https:\/\/radioljubuski.ba\/#organization"},"potentialAction":[{"@type":"SearchAction","target":{"@type":"EntryPoint","urlTemplate":"https:\/\/radioljubuski.ba\/?s={search_term_string}"},"query-input":{"@type":"PropertyValueSpecification","valueRequired":true,"valueName":"search_term_string"}}],"inLanguage":"hr"},{"@type":"Organization","@id":"https:\/\/radioljubuski.ba\/#organization","name":"Radio Ljubu\u0161ki","url":"https:\/\/radioljubuski.ba\/","logo":{"@type":"ImageObject","inLanguage":"hr","@id":"https:\/\/radioljubuski.ba\/#\/schema\/logo\/image\/","url":"https:\/\/radioljubuski.ba\/wp-content\/uploads\/2021\/02\/cropped-Radio_Ljubuski_logo1.jpg","contentUrl":"https:\/\/radioljubuski.ba\/wp-content\/uploads\/2021\/02\/cropped-Radio_Ljubuski_logo1.jpg","width":512,"height":512,"caption":"Radio Ljubu\u0161ki"},"image":{"@id":"https:\/\/radioljubuski.ba\/#\/schema\/logo\/image\/"},"sameAs":["https:\/\/www.facebook.com\/Radiio-Ljubuski-1490835324566332","https:\/\/x.com\/radioljubuski","https:\/\/hr.linkedin.com\/company\/radio-ljubuski","https:\/\/www.youtube.com\/channel\/UCHYaeO_n0Db3tjNGudGpXyw"]},{"@type":"Person","@id":"https:\/\/radioljubuski.ba\/#\/schema\/person\/19fc700381a780f69665d7956c469e3b","name":"Radio Ljubu\u0161ki"}]}},"_links":{"self":[{"href":"https:\/\/radioljubuski.ba\/index.php\/wp-json\/wp\/v2\/posts\/68655","targetHints":{"allow":["GET"]}}],"collection":[{"href":"https:\/\/radioljubuski.ba\/index.php\/wp-json\/wp\/v2\/posts"}],"about":[{"href":"https:\/\/radioljubuski.ba\/index.php\/wp-json\/wp\/v2\/types\/post"}],"author":[{"embeddable":true,"href":"https:\/\/radioljubuski.ba\/index.php\/wp-json\/wp\/v2\/users\/2"}],"replies":[{"embeddable":true,"href":"https:\/\/radioljubuski.ba\/index.php\/wp-json\/wp\/v2\/comments?post=68655"}],"version-history":[{"count":1,"href":"https:\/\/radioljubuski.ba\/index.php\/wp-json\/wp\/v2\/posts\/68655\/revisions"}],"predecessor-version":[{"id":68657,"href":"https:\/\/radioljubuski.ba\/index.php\/wp-json\/wp\/v2\/posts\/68655\/revisions\/68657"}],"wp:featuredmedia":[{"embeddable":true,"href":"https:\/\/radioljubuski.ba\/index.php\/wp-json\/wp\/v2\/media\/68656"}],"wp:attachment":[{"href":"https:\/\/radioljubuski.ba\/index.php\/wp-json\/wp\/v2\/media?parent=68655"}],"wp:term":[{"taxonomy":"category","embeddable":true,"href":"https:\/\/radioljubuski.ba\/index.php\/wp-json\/wp\/v2\/categories?post=68655"},{"taxonomy":"post_tag","embeddable":true,"href":"https:\/\/radioljubuski.ba\/index.php\/wp-json\/wp\/v2\/tags?post=68655"}],"curies":[{"name":"wp","href":"https:\/\/api.w.org\/{rel}","templated":true}]}}