{"id":68902,"date":"2021-09-28T20:21:46","date_gmt":"2021-09-28T19:21:46","guid":{"rendered":"https:\/\/radioljubuski.ba\/?p=68902"},"modified":"2021-09-28T20:21:47","modified_gmt":"2021-09-28T19:21:47","slug":"znate-li-sto-je-crna-zona-izmedu-10-i-13-kola","status":"publish","type":"post","link":"https:\/\/radioljubuski.ba\/index.php\/2021\/09\/28\/znate-li-sto-je-crna-zona-izmedu-10-i-13-kola\/","title":{"rendered":"Znate li \u0161to je &#8220;crna zona&#8221; izme\u0111u 10. i 13. kola?"},"content":{"rendered":"\n<p><strong>Deseto kolo HNL-a donijelo je pobjede Dinama, Osijeka, Hajduka i Rijeke, koja je slavila u ljepotici kola s Goricom.<\/strong><\/p>\n\n\n\n<p>&#8211; Velika \u010detvorka se izdvojila na tablici, tako da \u0107e biti zanimljivo do samog kraja, rekao je u uvodu emisije Stadion<strong>&nbsp;Mario Carevi\u0107<\/strong>, koji se posebno osvrnuo na dvoboj Gorice i Rijeke:<\/p>\n\n\n\n<p>&#8211; Ljepotica kola, to je utakmica zbog koje volimo dobri, stari HNL. Za nas gledatelje je bilo interesantno, ali treneri moraju biti nezadovoljni \u0161to su im mom\u010dadi primile tri, odnosno \u010detiri gola. No koliko uzbu\u0111enja u zavr\u0161nici, prekrasno.<\/p>\n\n\n\n<p>Upitan je li previ\u0161e primljenih golova problem kvalitete rije\u010dke mom\u010dadi, Carevi\u0107 se nije slo\u017eio:<\/p>\n\n\n\n<p>&#8211; Ne bih rekao da je to problem kvalitete. \u010cinjenica je da su u prvom poluvremenu imali lo\u0161e reakcije, no oni pobje\u0111uju i kad ne igraju najbolje, to je svakako kvaliteta. Ne pokazuje Tomi\u0107 ba\u0161 puno emocija, no u njemu sigurno kipti. Gorica isto ima jako dobar kontranapad. U modernom nogometu ne zna\u010di puno igra\u010d vi\u0161e, jer svi rade u fazi obrane i svi su jako disciplinirani i te\u0161ko je probiti blok.<\/p>\n\n\n\n<p>O pobjedi Dinama nad Slaven Belupom ka\u017ee:<\/p>\n\n\n\n<p>&#8211; Dinamova pobjeda je rutinska, 4:1, no do prvog primljenog gola je igrao jako dobro, imali su i jednu dobru \u0161ansu, no protiv Dinama treba igrati iznad svojih limita.<\/p>\n\n\n\n<p>Osvrnuo se i na pobjedu Hajduka nad Lokomotivom:<\/p>\n\n\n\n<p>&#8211; Hajduk je dominirao, no bez \u0161ansi, a Lokomotiva je na momente bila stvarno opasna. Mislim ipak da je Hajduk bio bolji za jedan gol.&nbsp;<\/p>\n\n\n\n<p>Na\u0161 suda\u010dki ekspert&nbsp;<strong>Marijo Strahonja<\/strong>&nbsp;smatra da je su\u0111enje u 10. kolu bilo manjkavo:<\/p>\n\n\n\n<p>&#8211; Su\u0111enje nije bilo na nivou kakvog pri\u017eeljkujemo, no rekao bih da je to bila jedna &#8220;crna zona&#8221;&nbsp; koja se dogodila ne samo sucima nego i op\u0107enito sporta\u0161ima kakve se \u010desto doga\u0111aju izme\u0111u 10. i 13. kola. Suci se pripremaju 30-ak dana prije prvenstva, kre\u0107e prvenstvo, tada je va\u017eno pokazati smjer, onda dolazi kratka &#8220;crna zona&#8221;, doga\u0111aju se i u drugim ligama, nadam se da \u0107e suci kroz novi seminar krenuti nabolje, rekao je Strahonja.<\/p>\n\n\n\n<p>Proanalizirao je potom HTV-ov suda\u010dki ekspert tri sporne situacije u derbiju kola izme\u0111u Gorice i Rijeke.<\/p>\n\n\n\n<p>Prva sporna situacija bio je&nbsp;<strong>Kre\u0161i\u0107ev&nbsp;<\/strong>start nad&nbsp;<strong>Mitrovi\u0107em<\/strong>&nbsp;u devetoj minuti, koji je primjetio VAR:<\/p>\n\n\n\n<p>&#8211; Bila je to koli\u010dina nogu gdje sudac nikako nije mogao vidjeti taj start. Sre\u0107om postoji VAR tehnologija i opravdani je jedanaesterac za Goricu.<\/p>\n\n\n\n<p>Je li mogao biti i crveni karton?<\/p>\n\n\n\n<p>&#8211; \u0110on je oti\u0161ao stvarno visoko na potkoljenicu. Mo\u017eda bi bilo bolje da je bio i crveni karton, ali \u017euti je isto prihvatljiv.<\/p>\n\n\n\n<p>Druga sporna situacija bio je jedanaesterac za Rijeku u 57. minuti,&nbsp;<strong>Doka<\/strong>&nbsp;je igrao rukom u kaznom prostoru i jo\u0161 je dobio \u017euti karton.<\/p>\n\n\n\n<p>&#8211; Ispravna disciplinska mjera, \u017euti karton. No bio je previd kod kaznenog udarca, jer igra\u010d Rijeke je prerano u\u0161ao i trebao se ponoviti kazneni udarac.<\/p>\n\n\n\n<p>Najspornija situacija dogodila se u samoj zavr\u0161nici, u tre\u0107oj minuti suda\u010dke nadoknade. Nije dosu\u0111en, ali je li to bio kazneni udarac za Goricu nakon pada&nbsp;<strong>Dvornekovi\u0107a<\/strong>?<\/p>\n\n\n\n<p>&#8211; Trebao je biti kazneni udarac. Vidljivo je da je do\u0161lo do udaranja po listu igra\u010da, s pravom je reagirao sudac iz VAR sobe, no do\u0161lo je do pada koncentracije. Vjerujem da \u0107e ovo dati dodatan podra\u017eaj da odluke ubudu\u0107e budu ispravnije.&nbsp;<\/p>\n\n\n\n<p>Izvor:hrt.hr<\/p>\n","protected":false},"excerpt":{"rendered":"<p>Deseto kolo HNL-a donijelo je pobjede Dinama, Osijeka, Hajduka i Rijeke, koja je slavila u ljepotici kola s Goricom. &#8211; Velika \u010detvorka se izdvojila na tablici, tako da \u0107e biti zanimljivo do samog kraja, rekao je u uvodu emisije Stadion&nbsp;Mario Carevi\u0107, koji se posebno osvrnuo na dvoboj Gorice i Rijeke: &#8211; Ljepotica kola, to je [&hellip;]<\/p>\n","protected":false},"author":2,"featured_media":68903,"comment_status":"closed","ping_status":"closed","sticky":false,"template":"","format":"standard","meta":{"h5ap_radio_sources":[],"footnotes":""},"categories":[7],"tags":[],"class_list":["post-68902","post","type-post","status-publish","format-standard","has-post-thumbnail","hentry","category-sport"],"yoast_head":"<!-- This site is optimized with the Yoast SEO plugin v27.4 - https:\/\/yoast.com\/product\/yoast-seo-wordpress\/ -->\n<title>Znate li \u0161to je &quot;crna zona&quot; izme\u0111u 10. i 13. kola? - RADIO LJUBU\u0160KI<\/title>\n<meta name=\"robots\" content=\"index, follow, max-snippet:-1, max-image-preview:large, max-video-preview:-1\" \/>\n<link rel=\"canonical\" href=\"https:\/\/radioljubuski.ba\/index.php\/2021\/09\/28\/znate-li-sto-je-crna-zona-izmedu-10-i-13-kola\/\" \/>\n<meta property=\"og:locale\" content=\"hr_HR\" \/>\n<meta property=\"og:type\" content=\"article\" \/>\n<meta property=\"og:title\" content=\"Znate li \u0161to je &quot;crna zona&quot; izme\u0111u 10. i 13. kola? - RADIO LJUBU\u0160KI\" \/>\n<meta property=\"og:description\" content=\"Deseto kolo HNL-a donijelo je pobjede Dinama, Osijeka, Hajduka i Rijeke, koja je slavila u ljepotici kola s Goricom. &#8211; Velika \u010detvorka se izdvojila na tablici, tako da \u0107e biti zanimljivo do samog kraja, rekao je u uvodu emisije Stadion&nbsp;Mario Carevi\u0107, koji se posebno osvrnuo na dvoboj Gorice i Rijeke: &#8211; Ljepotica kola, to je [&hellip;]\" \/>\n<meta property=\"og:url\" content=\"https:\/\/radioljubuski.ba\/index.php\/2021\/09\/28\/znate-li-sto-je-crna-zona-izmedu-10-i-13-kola\/\" \/>\n<meta property=\"og:site_name\" content=\"RADIO LJUBU\u0160KI\" \/>\n<meta property=\"article:publisher\" content=\"https:\/\/www.facebook.com\/Radiio-Ljubuski-1490835324566332\" \/>\n<meta property=\"article:published_time\" content=\"2021-09-28T19:21:46+00:00\" \/>\n<meta property=\"article:modified_time\" content=\"2021-09-28T19:21:47+00:00\" \/>\n<meta property=\"og:image\" content=\"https:\/\/radioljubuski.ba\/wp-content\/uploads\/2021\/09\/vlcsnap-2021-09-27-20h29m19s856-20210927183020.png\" \/>\n\t<meta property=\"og:image:width\" content=\"1920\" \/>\n\t<meta property=\"og:image:height\" content=\"1080\" \/>\n\t<meta property=\"og:image:type\" content=\"image\/png\" \/>\n<meta name=\"author\" content=\"Radio Ljubu\u0161ki\" \/>\n<meta name=\"twitter:card\" content=\"summary_large_image\" \/>\n<meta name=\"twitter:creator\" content=\"@radioljubuski\" \/>\n<meta name=\"twitter:site\" content=\"@radioljubuski\" \/>\n<meta name=\"twitter:label1\" content=\"Napisao\/la\" \/>\n\t<meta name=\"twitter:data1\" content=\"Radio Ljubu\u0161ki\" \/>\n\t<meta name=\"twitter:label2\" content=\"Procijenjeno vrijeme \u010ditanja\" \/>\n\t<meta name=\"twitter:data2\" content=\"3 minute\" \/>\n<script type=\"application\/ld+json\" class=\"yoast-schema-graph\">{\"@context\":\"https:\\\/\\\/schema.org\",\"@graph\":[{\"@type\":\"Article\",\"@id\":\"https:\\\/\\\/radioljubuski.ba\\\/index.php\\\/2021\\\/09\\\/28\\\/znate-li-sto-je-crna-zona-izmedu-10-i-13-kola\\\/#article\",\"isPartOf\":{\"@id\":\"https:\\\/\\\/radioljubuski.ba\\\/index.php\\\/2021\\\/09\\\/28\\\/znate-li-sto-je-crna-zona-izmedu-10-i-13-kola\\\/\"},\"author\":{\"name\":\"Radio Ljubu\u0161ki\",\"@id\":\"https:\\\/\\\/radioljubuski.ba\\\/#\\\/schema\\\/person\\\/19fc700381a780f69665d7956c469e3b\"},\"headline\":\"Znate li \u0161to je &#8220;crna zona&#8221; izme\u0111u 10. i 13. kola?\",\"datePublished\":\"2021-09-28T19:21:46+00:00\",\"dateModified\":\"2021-09-28T19:21:47+00:00\",\"mainEntityOfPage\":{\"@id\":\"https:\\\/\\\/radioljubuski.ba\\\/index.php\\\/2021\\\/09\\\/28\\\/znate-li-sto-je-crna-zona-izmedu-10-i-13-kola\\\/\"},\"wordCount\":601,\"publisher\":{\"@id\":\"https:\\\/\\\/radioljubuski.ba\\\/#organization\"},\"image\":{\"@id\":\"https:\\\/\\\/radioljubuski.ba\\\/index.php\\\/2021\\\/09\\\/28\\\/znate-li-sto-je-crna-zona-izmedu-10-i-13-kola\\\/#primaryimage\"},\"thumbnailUrl\":\"https:\\\/\\\/radioljubuski.ba\\\/wp-content\\\/uploads\\\/2021\\\/09\\\/vlcsnap-2021-09-27-20h29m19s856-20210927183020.png\",\"articleSection\":[\"\u0160port\"],\"inLanguage\":\"hr\"},{\"@type\":\"WebPage\",\"@id\":\"https:\\\/\\\/radioljubuski.ba\\\/index.php\\\/2021\\\/09\\\/28\\\/znate-li-sto-je-crna-zona-izmedu-10-i-13-kola\\\/\",\"url\":\"https:\\\/\\\/radioljubuski.ba\\\/index.php\\\/2021\\\/09\\\/28\\\/znate-li-sto-je-crna-zona-izmedu-10-i-13-kola\\\/\",\"name\":\"Znate li \u0161to je \\\"crna zona\\\" izme\u0111u 10. i 13. kola? - RADIO LJUBU\u0160KI\",\"isPartOf\":{\"@id\":\"https:\\\/\\\/radioljubuski.ba\\\/#website\"},\"primaryImageOfPage\":{\"@id\":\"https:\\\/\\\/radioljubuski.ba\\\/index.php\\\/2021\\\/09\\\/28\\\/znate-li-sto-je-crna-zona-izmedu-10-i-13-kola\\\/#primaryimage\"},\"image\":{\"@id\":\"https:\\\/\\\/radioljubuski.ba\\\/index.php\\\/2021\\\/09\\\/28\\\/znate-li-sto-je-crna-zona-izmedu-10-i-13-kola\\\/#primaryimage\"},\"thumbnailUrl\":\"https:\\\/\\\/radioljubuski.ba\\\/wp-content\\\/uploads\\\/2021\\\/09\\\/vlcsnap-2021-09-27-20h29m19s856-20210927183020.png\",\"datePublished\":\"2021-09-28T19:21:46+00:00\",\"dateModified\":\"2021-09-28T19:21:47+00:00\",\"breadcrumb\":{\"@id\":\"https:\\\/\\\/radioljubuski.ba\\\/index.php\\\/2021\\\/09\\\/28\\\/znate-li-sto-je-crna-zona-izmedu-10-i-13-kola\\\/#breadcrumb\"},\"inLanguage\":\"hr\",\"potentialAction\":[{\"@type\":\"ReadAction\",\"target\":[\"https:\\\/\\\/radioljubuski.ba\\\/index.php\\\/2021\\\/09\\\/28\\\/znate-li-sto-je-crna-zona-izmedu-10-i-13-kola\\\/\"]}]},{\"@type\":\"ImageObject\",\"inLanguage\":\"hr\",\"@id\":\"https:\\\/\\\/radioljubuski.ba\\\/index.php\\\/2021\\\/09\\\/28\\\/znate-li-sto-je-crna-zona-izmedu-10-i-13-kola\\\/#primaryimage\",\"url\":\"https:\\\/\\\/radioljubuski.ba\\\/wp-content\\\/uploads\\\/2021\\\/09\\\/vlcsnap-2021-09-27-20h29m19s856-20210927183020.png\",\"contentUrl\":\"https:\\\/\\\/radioljubuski.ba\\\/wp-content\\\/uploads\\\/2021\\\/09\\\/vlcsnap-2021-09-27-20h29m19s856-20210927183020.png\",\"width\":1920,\"height\":1080},{\"@type\":\"BreadcrumbList\",\"@id\":\"https:\\\/\\\/radioljubuski.ba\\\/index.php\\\/2021\\\/09\\\/28\\\/znate-li-sto-je-crna-zona-izmedu-10-i-13-kola\\\/#breadcrumb\",\"itemListElement\":[{\"@type\":\"ListItem\",\"position\":1,\"name\":\"Po\u010detna stranica\",\"item\":\"https:\\\/\\\/radioljubuski.ba\\\/\"},{\"@type\":\"ListItem\",\"position\":2,\"name\":\"Znate li \u0161to je &#8220;crna zona&#8221; izme\u0111u 10. i 13. kola?\"}]},{\"@type\":\"WebSite\",\"@id\":\"https:\\\/\\\/radioljubuski.ba\\\/#website\",\"url\":\"https:\\\/\\\/radioljubuski.ba\\\/\",\"name\":\"Radio Ljubu\u0161ki\",\"description\":\"Sun\u010dana frekvencija Hercegovine\",\"publisher\":{\"@id\":\"https:\\\/\\\/radioljubuski.ba\\\/#organization\"},\"potentialAction\":[{\"@type\":\"SearchAction\",\"target\":{\"@type\":\"EntryPoint\",\"urlTemplate\":\"https:\\\/\\\/radioljubuski.ba\\\/?s={search_term_string}\"},\"query-input\":{\"@type\":\"PropertyValueSpecification\",\"valueRequired\":true,\"valueName\":\"search_term_string\"}}],\"inLanguage\":\"hr\"},{\"@type\":\"Organization\",\"@id\":\"https:\\\/\\\/radioljubuski.ba\\\/#organization\",\"name\":\"Radio Ljubu\u0161ki\",\"url\":\"https:\\\/\\\/radioljubuski.ba\\\/\",\"logo\":{\"@type\":\"ImageObject\",\"inLanguage\":\"hr\",\"@id\":\"https:\\\/\\\/radioljubuski.ba\\\/#\\\/schema\\\/logo\\\/image\\\/\",\"url\":\"https:\\\/\\\/radioljubuski.ba\\\/wp-content\\\/uploads\\\/2021\\\/02\\\/cropped-Radio_Ljubuski_logo1.jpg\",\"contentUrl\":\"https:\\\/\\\/radioljubuski.ba\\\/wp-content\\\/uploads\\\/2021\\\/02\\\/cropped-Radio_Ljubuski_logo1.jpg\",\"width\":512,\"height\":512,\"caption\":\"Radio Ljubu\u0161ki\"},\"image\":{\"@id\":\"https:\\\/\\\/radioljubuski.ba\\\/#\\\/schema\\\/logo\\\/image\\\/\"},\"sameAs\":[\"https:\\\/\\\/www.facebook.com\\\/Radiio-Ljubuski-1490835324566332\",\"https:\\\/\\\/x.com\\\/radioljubuski\",\"https:\\\/\\\/hr.linkedin.com\\\/company\\\/radio-ljubuski\",\"https:\\\/\\\/www.youtube.com\\\/channel\\\/UCHYaeO_n0Db3tjNGudGpXyw\"]},{\"@type\":\"Person\",\"@id\":\"https:\\\/\\\/radioljubuski.ba\\\/#\\\/schema\\\/person\\\/19fc700381a780f69665d7956c469e3b\",\"name\":\"Radio Ljubu\u0161ki\"}]}<\/script>\n<!-- \/ Yoast SEO plugin. -->","yoast_head_json":{"title":"Znate li \u0161to je \"crna zona\" izme\u0111u 10. i 13. kola? - RADIO LJUBU\u0160KI","robots":{"index":"index","follow":"follow","max-snippet":"max-snippet:-1","max-image-preview":"max-image-preview:large","max-video-preview":"max-video-preview:-1"},"canonical":"https:\/\/radioljubuski.ba\/index.php\/2021\/09\/28\/znate-li-sto-je-crna-zona-izmedu-10-i-13-kola\/","og_locale":"hr_HR","og_type":"article","og_title":"Znate li \u0161to je \"crna zona\" izme\u0111u 10. i 13. kola? - RADIO LJUBU\u0160KI","og_description":"Deseto kolo HNL-a donijelo je pobjede Dinama, Osijeka, Hajduka i Rijeke, koja je slavila u ljepotici kola s Goricom. &#8211; Velika \u010detvorka se izdvojila na tablici, tako da \u0107e biti zanimljivo do samog kraja, rekao je u uvodu emisije Stadion&nbsp;Mario Carevi\u0107, koji se posebno osvrnuo na dvoboj Gorice i Rijeke: &#8211; Ljepotica kola, to je [&hellip;]","og_url":"https:\/\/radioljubuski.ba\/index.php\/2021\/09\/28\/znate-li-sto-je-crna-zona-izmedu-10-i-13-kola\/","og_site_name":"RADIO LJUBU\u0160KI","article_publisher":"https:\/\/www.facebook.com\/Radiio-Ljubuski-1490835324566332","article_published_time":"2021-09-28T19:21:46+00:00","article_modified_time":"2021-09-28T19:21:47+00:00","og_image":[{"width":1920,"height":1080,"url":"https:\/\/radioljubuski.ba\/wp-content\/uploads\/2021\/09\/vlcsnap-2021-09-27-20h29m19s856-20210927183020.png","type":"image\/png"}],"author":"Radio Ljubu\u0161ki","twitter_card":"summary_large_image","twitter_creator":"@radioljubuski","twitter_site":"@radioljubuski","twitter_misc":{"Napisao\/la":"Radio Ljubu\u0161ki","Procijenjeno vrijeme \u010ditanja":"3 minute"},"schema":{"@context":"https:\/\/schema.org","@graph":[{"@type":"Article","@id":"https:\/\/radioljubuski.ba\/index.php\/2021\/09\/28\/znate-li-sto-je-crna-zona-izmedu-10-i-13-kola\/#article","isPartOf":{"@id":"https:\/\/radioljubuski.ba\/index.php\/2021\/09\/28\/znate-li-sto-je-crna-zona-izmedu-10-i-13-kola\/"},"author":{"name":"Radio Ljubu\u0161ki","@id":"https:\/\/radioljubuski.ba\/#\/schema\/person\/19fc700381a780f69665d7956c469e3b"},"headline":"Znate li \u0161to je &#8220;crna zona&#8221; izme\u0111u 10. i 13. kola?","datePublished":"2021-09-28T19:21:46+00:00","dateModified":"2021-09-28T19:21:47+00:00","mainEntityOfPage":{"@id":"https:\/\/radioljubuski.ba\/index.php\/2021\/09\/28\/znate-li-sto-je-crna-zona-izmedu-10-i-13-kola\/"},"wordCount":601,"publisher":{"@id":"https:\/\/radioljubuski.ba\/#organization"},"image":{"@id":"https:\/\/radioljubuski.ba\/index.php\/2021\/09\/28\/znate-li-sto-je-crna-zona-izmedu-10-i-13-kola\/#primaryimage"},"thumbnailUrl":"https:\/\/radioljubuski.ba\/wp-content\/uploads\/2021\/09\/vlcsnap-2021-09-27-20h29m19s856-20210927183020.png","articleSection":["\u0160port"],"inLanguage":"hr"},{"@type":"WebPage","@id":"https:\/\/radioljubuski.ba\/index.php\/2021\/09\/28\/znate-li-sto-je-crna-zona-izmedu-10-i-13-kola\/","url":"https:\/\/radioljubuski.ba\/index.php\/2021\/09\/28\/znate-li-sto-je-crna-zona-izmedu-10-i-13-kola\/","name":"Znate li \u0161to je \"crna zona\" izme\u0111u 10. i 13. kola? - RADIO LJUBU\u0160KI","isPartOf":{"@id":"https:\/\/radioljubuski.ba\/#website"},"primaryImageOfPage":{"@id":"https:\/\/radioljubuski.ba\/index.php\/2021\/09\/28\/znate-li-sto-je-crna-zona-izmedu-10-i-13-kola\/#primaryimage"},"image":{"@id":"https:\/\/radioljubuski.ba\/index.php\/2021\/09\/28\/znate-li-sto-je-crna-zona-izmedu-10-i-13-kola\/#primaryimage"},"thumbnailUrl":"https:\/\/radioljubuski.ba\/wp-content\/uploads\/2021\/09\/vlcsnap-2021-09-27-20h29m19s856-20210927183020.png","datePublished":"2021-09-28T19:21:46+00:00","dateModified":"2021-09-28T19:21:47+00:00","breadcrumb":{"@id":"https:\/\/radioljubuski.ba\/index.php\/2021\/09\/28\/znate-li-sto-je-crna-zona-izmedu-10-i-13-kola\/#breadcrumb"},"inLanguage":"hr","potentialAction":[{"@type":"ReadAction","target":["https:\/\/radioljubuski.ba\/index.php\/2021\/09\/28\/znate-li-sto-je-crna-zona-izmedu-10-i-13-kola\/"]}]},{"@type":"ImageObject","inLanguage":"hr","@id":"https:\/\/radioljubuski.ba\/index.php\/2021\/09\/28\/znate-li-sto-je-crna-zona-izmedu-10-i-13-kola\/#primaryimage","url":"https:\/\/radioljubuski.ba\/wp-content\/uploads\/2021\/09\/vlcsnap-2021-09-27-20h29m19s856-20210927183020.png","contentUrl":"https:\/\/radioljubuski.ba\/wp-content\/uploads\/2021\/09\/vlcsnap-2021-09-27-20h29m19s856-20210927183020.png","width":1920,"height":1080},{"@type":"BreadcrumbList","@id":"https:\/\/radioljubuski.ba\/index.php\/2021\/09\/28\/znate-li-sto-je-crna-zona-izmedu-10-i-13-kola\/#breadcrumb","itemListElement":[{"@type":"ListItem","position":1,"name":"Po\u010detna stranica","item":"https:\/\/radioljubuski.ba\/"},{"@type":"ListItem","position":2,"name":"Znate li \u0161to je &#8220;crna zona&#8221; izme\u0111u 10. i 13. kola?"}]},{"@type":"WebSite","@id":"https:\/\/radioljubuski.ba\/#website","url":"https:\/\/radioljubuski.ba\/","name":"Radio Ljubu\u0161ki","description":"Sun\u010dana frekvencija Hercegovine","publisher":{"@id":"https:\/\/radioljubuski.ba\/#organization"},"potentialAction":[{"@type":"SearchAction","target":{"@type":"EntryPoint","urlTemplate":"https:\/\/radioljubuski.ba\/?s={search_term_string}"},"query-input":{"@type":"PropertyValueSpecification","valueRequired":true,"valueName":"search_term_string"}}],"inLanguage":"hr"},{"@type":"Organization","@id":"https:\/\/radioljubuski.ba\/#organization","name":"Radio Ljubu\u0161ki","url":"https:\/\/radioljubuski.ba\/","logo":{"@type":"ImageObject","inLanguage":"hr","@id":"https:\/\/radioljubuski.ba\/#\/schema\/logo\/image\/","url":"https:\/\/radioljubuski.ba\/wp-content\/uploads\/2021\/02\/cropped-Radio_Ljubuski_logo1.jpg","contentUrl":"https:\/\/radioljubuski.ba\/wp-content\/uploads\/2021\/02\/cropped-Radio_Ljubuski_logo1.jpg","width":512,"height":512,"caption":"Radio Ljubu\u0161ki"},"image":{"@id":"https:\/\/radioljubuski.ba\/#\/schema\/logo\/image\/"},"sameAs":["https:\/\/www.facebook.com\/Radiio-Ljubuski-1490835324566332","https:\/\/x.com\/radioljubuski","https:\/\/hr.linkedin.com\/company\/radio-ljubuski","https:\/\/www.youtube.com\/channel\/UCHYaeO_n0Db3tjNGudGpXyw"]},{"@type":"Person","@id":"https:\/\/radioljubuski.ba\/#\/schema\/person\/19fc700381a780f69665d7956c469e3b","name":"Radio Ljubu\u0161ki"}]}},"_links":{"self":[{"href":"https:\/\/radioljubuski.ba\/index.php\/wp-json\/wp\/v2\/posts\/68902","targetHints":{"allow":["GET"]}}],"collection":[{"href":"https:\/\/radioljubuski.ba\/index.php\/wp-json\/wp\/v2\/posts"}],"about":[{"href":"https:\/\/radioljubuski.ba\/index.php\/wp-json\/wp\/v2\/types\/post"}],"author":[{"embeddable":true,"href":"https:\/\/radioljubuski.ba\/index.php\/wp-json\/wp\/v2\/users\/2"}],"replies":[{"embeddable":true,"href":"https:\/\/radioljubuski.ba\/index.php\/wp-json\/wp\/v2\/comments?post=68902"}],"version-history":[{"count":1,"href":"https:\/\/radioljubuski.ba\/index.php\/wp-json\/wp\/v2\/posts\/68902\/revisions"}],"predecessor-version":[{"id":68904,"href":"https:\/\/radioljubuski.ba\/index.php\/wp-json\/wp\/v2\/posts\/68902\/revisions\/68904"}],"wp:featuredmedia":[{"embeddable":true,"href":"https:\/\/radioljubuski.ba\/index.php\/wp-json\/wp\/v2\/media\/68903"}],"wp:attachment":[{"href":"https:\/\/radioljubuski.ba\/index.php\/wp-json\/wp\/v2\/media?parent=68902"}],"wp:term":[{"taxonomy":"category","embeddable":true,"href":"https:\/\/radioljubuski.ba\/index.php\/wp-json\/wp\/v2\/categories?post=68902"},{"taxonomy":"post_tag","embeddable":true,"href":"https:\/\/radioljubuski.ba\/index.php\/wp-json\/wp\/v2\/tags?post=68902"}],"curies":[{"name":"wp","href":"https:\/\/api.w.org\/{rel}","templated":true}]}}