{"id":68908,"date":"2021-09-28T20:24:26","date_gmt":"2021-09-28T19:24:26","guid":{"rendered":"https:\/\/radioljubuski.ba\/?p=68908"},"modified":"2021-09-28T20:24:26","modified_gmt":"2021-09-28T19:24:26","slug":"ajax-uvjerljiv-protiv-besiktasa-interu-bod-kod-sahtara","status":"publish","type":"post","link":"https:\/\/radioljubuski.ba\/index.php\/2021\/09\/28\/ajax-uvjerljiv-protiv-besiktasa-interu-bod-kod-sahtara\/","title":{"rendered":"Ajax uvjerljiv protiv Be\u0161ikta\u0161a, Interu bod kod \u0160ahtara"},"content":{"rendered":"\n<p><strong>I nakon druge utakmice u skupini D Lige prvaka talijanski prvak Inter je bez pobjede. Nakon poraza od Reala u drugom kolu je odigrao 0-0 kod \u0160ahtara.<\/strong><\/p>\n\n\n\n<p>Bli\u017ee pobjedi u tom susretu je bio Inter, ali doma\u0107ina ipak nije uspio slomiti. U prvom poluvremenu je bilo vi\u0161e prilika na obje strane, s tim da je&nbsp;<strong>Barella<\/strong>&nbsp;pogodio okvir vrata,<strong>&nbsp;Edin D\u017eek<\/strong>o je proma\u0161io nemogu\u0107e, a prijetio je i<strong>&nbsp;Lautaro Martinez<\/strong>.<\/p>\n\n\n\n<p>Drugo poluvrijeme je otvoreno \u0161ansom doma\u0107ina (<strong>Dod<\/strong>o) i kako se pribli\u017eavao kraj utakmice tako je ritam igre padao. Ipak, u samoj zavr\u0161nici novi udar Intera koji nije urodio plodom.<\/p>\n\n\n\n<p>Odli\u010dno je pucao&nbsp;<strong>Correa<\/strong>, a pogodak je mogao posti\u0107i i<strong>&nbsp;De Vrij<\/strong>, ali je u oba slu\u010daja odli\u010dno reagirao doma\u0107i vratar&nbsp;<strong>Pjatov.<\/strong><\/p>\n\n\n\n<p>Hrvatski reprezentativac<strong>&nbsp;Marcelo Brozovi\u0107<\/strong>, koji je bio u udarnoj mom\u010dadi, solidno je odigrao u Kijevu, ali je zamijenjen u 55. minuti.&nbsp;<strong>Ivan Peri\u0161i\u0107<\/strong>, drugi Hrvat u Interu, u igru je u\u0161ao u 81. minuti.<\/p>\n\n\n\n<p>I za \u0160ahtar i za Inter ovo je prvo ovosezonski bod u Ligi prvaka, a zanimljivo je navesti da su pro\u0161le sezone obje me\u0111usobne utakmice \u0160ahtara i Intera zavr\u0161avale 0-0.<\/p>\n\n\n\n<p>U skupini C nogometa\u0161i Ajaxa imaju dvije pobjede nakon drugog kola. Nakon uvjerljivih 5-1 u Lisabonu protiv Sportinga nizozemska mom\u010dad je na svom stadionu svladala Be\u0161ikta\u0161 2-0.<\/p>\n\n\n\n<p>Bila je to ukupno gledano sedma pobjeda u nizu Ajaxa (prvenstvo i Liga prvaka), a rije\u0161ena je nakon prvih 45 minuta nakon \u010dega je Ajax smanjio gas. Prvo je u 17. minuti poentirao<strong>&nbsp;Berghuis<\/strong>, dok je u 43. na 2-0 pove\u0107ao&nbsp;<strong>Haller<\/strong>.<\/p>\n\n\n\n<p>Time je Sebastien Haller, reprezentativac Obale Bjelokosti, ispisao povijesni doseg u Ligi prvaka jer je u uvodne svoje dvije utakmice postigao pet pogodaka (na premijeri je \u010detiri zabio Sportingu), \u0161to nikome do sada nije uspjelo.<\/p>\n\n\n\n<p>Hrvatskog reprezentativca&nbsp;<strong>Domagoje Vide<\/strong>&nbsp;zbog ozljede nije bilo u turskom sastavu.<\/p>\n\n\n\n<p>Izvor:hrt.hr<\/p>\n","protected":false},"excerpt":{"rendered":"<p>I nakon druge utakmice u skupini D Lige prvaka talijanski prvak Inter je bez pobjede. Nakon poraza od Reala u drugom kolu je odigrao 0-0 kod \u0160ahtara. Bli\u017ee pobjedi u tom susretu je bio Inter, ali doma\u0107ina ipak nije uspio slomiti. U prvom poluvremenu je bilo vi\u0161e prilika na obje strane, s tim da je&nbsp;Barella&nbsp;pogodio [&hellip;]<\/p>\n","protected":false},"author":2,"featured_media":68909,"comment_status":"closed","ping_status":"closed","sticky":false,"template":"","format":"standard","meta":{"h5ap_radio_sources":[],"footnotes":""},"categories":[7],"tags":[],"class_list":["post-68908","post","type-post","status-publish","format-standard","has-post-thumbnail","hentry","category-sport"],"yoast_head":"<!-- This site is optimized with the Yoast SEO plugin v27.4 - https:\/\/yoast.com\/product\/yoast-seo-wordpress\/ -->\n<title>Ajax uvjerljiv protiv Be\u0161ikta\u0161a, Interu bod kod \u0160ahtara - RADIO LJUBU\u0160KI<\/title>\n<meta name=\"robots\" content=\"index, follow, max-snippet:-1, max-image-preview:large, max-video-preview:-1\" \/>\n<link rel=\"canonical\" href=\"https:\/\/radioljubuski.ba\/index.php\/2021\/09\/28\/ajax-uvjerljiv-protiv-besiktasa-interu-bod-kod-sahtara\/\" \/>\n<meta property=\"og:locale\" content=\"hr_HR\" \/>\n<meta property=\"og:type\" content=\"article\" \/>\n<meta property=\"og:title\" content=\"Ajax uvjerljiv protiv Be\u0161ikta\u0161a, Interu bod kod \u0160ahtara - RADIO LJUBU\u0160KI\" \/>\n<meta property=\"og:description\" content=\"I nakon druge utakmice u skupini D Lige prvaka talijanski prvak Inter je bez pobjede. Nakon poraza od Reala u drugom kolu je odigrao 0-0 kod \u0160ahtara. Bli\u017ee pobjedi u tom susretu je bio Inter, ali doma\u0107ina ipak nije uspio slomiti. U prvom poluvremenu je bilo vi\u0161e prilika na obje strane, s tim da je&nbsp;Barella&nbsp;pogodio [&hellip;]\" \/>\n<meta property=\"og:url\" content=\"https:\/\/radioljubuski.ba\/index.php\/2021\/09\/28\/ajax-uvjerljiv-protiv-besiktasa-interu-bod-kod-sahtara\/\" \/>\n<meta property=\"og:site_name\" content=\"RADIO LJUBU\u0160KI\" \/>\n<meta property=\"article:publisher\" content=\"https:\/\/www.facebook.com\/Radiio-Ljubuski-1490835324566332\" \/>\n<meta property=\"article:published_time\" content=\"2021-09-28T19:24:26+00:00\" \/>\n<meta property=\"og:image\" content=\"https:\/\/radioljubuski.ba\/wp-content\/uploads\/2021\/09\/hn20210928210929_61536426089e9.jpg\" \/>\n\t<meta property=\"og:image:width\" content=\"1500\" \/>\n\t<meta property=\"og:image:height\" content=\"972\" \/>\n\t<meta property=\"og:image:type\" content=\"image\/jpeg\" \/>\n<meta name=\"author\" content=\"Radio Ljubu\u0161ki\" \/>\n<meta name=\"twitter:card\" content=\"summary_large_image\" \/>\n<meta name=\"twitter:creator\" content=\"@radioljubuski\" \/>\n<meta name=\"twitter:site\" content=\"@radioljubuski\" \/>\n<meta name=\"twitter:label1\" content=\"Napisao\/la\" \/>\n\t<meta name=\"twitter:data1\" content=\"Radio Ljubu\u0161ki\" \/>\n\t<meta name=\"twitter:label2\" content=\"Procijenjeno vrijeme \u010ditanja\" \/>\n\t<meta name=\"twitter:data2\" content=\"2 minute\" \/>\n<script type=\"application\/ld+json\" class=\"yoast-schema-graph\">{\"@context\":\"https:\\\/\\\/schema.org\",\"@graph\":[{\"@type\":\"Article\",\"@id\":\"https:\\\/\\\/radioljubuski.ba\\\/index.php\\\/2021\\\/09\\\/28\\\/ajax-uvjerljiv-protiv-besiktasa-interu-bod-kod-sahtara\\\/#article\",\"isPartOf\":{\"@id\":\"https:\\\/\\\/radioljubuski.ba\\\/index.php\\\/2021\\\/09\\\/28\\\/ajax-uvjerljiv-protiv-besiktasa-interu-bod-kod-sahtara\\\/\"},\"author\":{\"name\":\"Radio Ljubu\u0161ki\",\"@id\":\"https:\\\/\\\/radioljubuski.ba\\\/#\\\/schema\\\/person\\\/19fc700381a780f69665d7956c469e3b\"},\"headline\":\"Ajax uvjerljiv protiv Be\u0161ikta\u0161a, Interu bod kod \u0160ahtara\",\"datePublished\":\"2021-09-28T19:24:26+00:00\",\"mainEntityOfPage\":{\"@id\":\"https:\\\/\\\/radioljubuski.ba\\\/index.php\\\/2021\\\/09\\\/28\\\/ajax-uvjerljiv-protiv-besiktasa-interu-bod-kod-sahtara\\\/\"},\"wordCount\":346,\"publisher\":{\"@id\":\"https:\\\/\\\/radioljubuski.ba\\\/#organization\"},\"image\":{\"@id\":\"https:\\\/\\\/radioljubuski.ba\\\/index.php\\\/2021\\\/09\\\/28\\\/ajax-uvjerljiv-protiv-besiktasa-interu-bod-kod-sahtara\\\/#primaryimage\"},\"thumbnailUrl\":\"https:\\\/\\\/radioljubuski.ba\\\/wp-content\\\/uploads\\\/2021\\\/09\\\/hn20210928210929_61536426089e9.jpg\",\"articleSection\":[\"\u0160port\"],\"inLanguage\":\"hr\"},{\"@type\":\"WebPage\",\"@id\":\"https:\\\/\\\/radioljubuski.ba\\\/index.php\\\/2021\\\/09\\\/28\\\/ajax-uvjerljiv-protiv-besiktasa-interu-bod-kod-sahtara\\\/\",\"url\":\"https:\\\/\\\/radioljubuski.ba\\\/index.php\\\/2021\\\/09\\\/28\\\/ajax-uvjerljiv-protiv-besiktasa-interu-bod-kod-sahtara\\\/\",\"name\":\"Ajax uvjerljiv protiv Be\u0161ikta\u0161a, Interu bod kod \u0160ahtara - RADIO LJUBU\u0160KI\",\"isPartOf\":{\"@id\":\"https:\\\/\\\/radioljubuski.ba\\\/#website\"},\"primaryImageOfPage\":{\"@id\":\"https:\\\/\\\/radioljubuski.ba\\\/index.php\\\/2021\\\/09\\\/28\\\/ajax-uvjerljiv-protiv-besiktasa-interu-bod-kod-sahtara\\\/#primaryimage\"},\"image\":{\"@id\":\"https:\\\/\\\/radioljubuski.ba\\\/index.php\\\/2021\\\/09\\\/28\\\/ajax-uvjerljiv-protiv-besiktasa-interu-bod-kod-sahtara\\\/#primaryimage\"},\"thumbnailUrl\":\"https:\\\/\\\/radioljubuski.ba\\\/wp-content\\\/uploads\\\/2021\\\/09\\\/hn20210928210929_61536426089e9.jpg\",\"datePublished\":\"2021-09-28T19:24:26+00:00\",\"breadcrumb\":{\"@id\":\"https:\\\/\\\/radioljubuski.ba\\\/index.php\\\/2021\\\/09\\\/28\\\/ajax-uvjerljiv-protiv-besiktasa-interu-bod-kod-sahtara\\\/#breadcrumb\"},\"inLanguage\":\"hr\",\"potentialAction\":[{\"@type\":\"ReadAction\",\"target\":[\"https:\\\/\\\/radioljubuski.ba\\\/index.php\\\/2021\\\/09\\\/28\\\/ajax-uvjerljiv-protiv-besiktasa-interu-bod-kod-sahtara\\\/\"]}]},{\"@type\":\"ImageObject\",\"inLanguage\":\"hr\",\"@id\":\"https:\\\/\\\/radioljubuski.ba\\\/index.php\\\/2021\\\/09\\\/28\\\/ajax-uvjerljiv-protiv-besiktasa-interu-bod-kod-sahtara\\\/#primaryimage\",\"url\":\"https:\\\/\\\/radioljubuski.ba\\\/wp-content\\\/uploads\\\/2021\\\/09\\\/hn20210928210929_61536426089e9.jpg\",\"contentUrl\":\"https:\\\/\\\/radioljubuski.ba\\\/wp-content\\\/uploads\\\/2021\\\/09\\\/hn20210928210929_61536426089e9.jpg\",\"width\":1500,\"height\":972},{\"@type\":\"BreadcrumbList\",\"@id\":\"https:\\\/\\\/radioljubuski.ba\\\/index.php\\\/2021\\\/09\\\/28\\\/ajax-uvjerljiv-protiv-besiktasa-interu-bod-kod-sahtara\\\/#breadcrumb\",\"itemListElement\":[{\"@type\":\"ListItem\",\"position\":1,\"name\":\"Po\u010detna stranica\",\"item\":\"https:\\\/\\\/radioljubuski.ba\\\/\"},{\"@type\":\"ListItem\",\"position\":2,\"name\":\"Ajax uvjerljiv protiv Be\u0161ikta\u0161a, Interu bod kod \u0160ahtara\"}]},{\"@type\":\"WebSite\",\"@id\":\"https:\\\/\\\/radioljubuski.ba\\\/#website\",\"url\":\"https:\\\/\\\/radioljubuski.ba\\\/\",\"name\":\"Radio Ljubu\u0161ki\",\"description\":\"Sun\u010dana frekvencija Hercegovine\",\"publisher\":{\"@id\":\"https:\\\/\\\/radioljubuski.ba\\\/#organization\"},\"potentialAction\":[{\"@type\":\"SearchAction\",\"target\":{\"@type\":\"EntryPoint\",\"urlTemplate\":\"https:\\\/\\\/radioljubuski.ba\\\/?s={search_term_string}\"},\"query-input\":{\"@type\":\"PropertyValueSpecification\",\"valueRequired\":true,\"valueName\":\"search_term_string\"}}],\"inLanguage\":\"hr\"},{\"@type\":\"Organization\",\"@id\":\"https:\\\/\\\/radioljubuski.ba\\\/#organization\",\"name\":\"Radio Ljubu\u0161ki\",\"url\":\"https:\\\/\\\/radioljubuski.ba\\\/\",\"logo\":{\"@type\":\"ImageObject\",\"inLanguage\":\"hr\",\"@id\":\"https:\\\/\\\/radioljubuski.ba\\\/#\\\/schema\\\/logo\\\/image\\\/\",\"url\":\"https:\\\/\\\/radioljubuski.ba\\\/wp-content\\\/uploads\\\/2021\\\/02\\\/cropped-Radio_Ljubuski_logo1.jpg\",\"contentUrl\":\"https:\\\/\\\/radioljubuski.ba\\\/wp-content\\\/uploads\\\/2021\\\/02\\\/cropped-Radio_Ljubuski_logo1.jpg\",\"width\":512,\"height\":512,\"caption\":\"Radio Ljubu\u0161ki\"},\"image\":{\"@id\":\"https:\\\/\\\/radioljubuski.ba\\\/#\\\/schema\\\/logo\\\/image\\\/\"},\"sameAs\":[\"https:\\\/\\\/www.facebook.com\\\/Radiio-Ljubuski-1490835324566332\",\"https:\\\/\\\/x.com\\\/radioljubuski\",\"https:\\\/\\\/hr.linkedin.com\\\/company\\\/radio-ljubuski\",\"https:\\\/\\\/www.youtube.com\\\/channel\\\/UCHYaeO_n0Db3tjNGudGpXyw\"]},{\"@type\":\"Person\",\"@id\":\"https:\\\/\\\/radioljubuski.ba\\\/#\\\/schema\\\/person\\\/19fc700381a780f69665d7956c469e3b\",\"name\":\"Radio Ljubu\u0161ki\"}]}<\/script>\n<!-- \/ Yoast SEO plugin. -->","yoast_head_json":{"title":"Ajax uvjerljiv protiv Be\u0161ikta\u0161a, Interu bod kod \u0160ahtara - RADIO LJUBU\u0160KI","robots":{"index":"index","follow":"follow","max-snippet":"max-snippet:-1","max-image-preview":"max-image-preview:large","max-video-preview":"max-video-preview:-1"},"canonical":"https:\/\/radioljubuski.ba\/index.php\/2021\/09\/28\/ajax-uvjerljiv-protiv-besiktasa-interu-bod-kod-sahtara\/","og_locale":"hr_HR","og_type":"article","og_title":"Ajax uvjerljiv protiv Be\u0161ikta\u0161a, Interu bod kod \u0160ahtara - RADIO LJUBU\u0160KI","og_description":"I nakon druge utakmice u skupini D Lige prvaka talijanski prvak Inter je bez pobjede. Nakon poraza od Reala u drugom kolu je odigrao 0-0 kod \u0160ahtara. Bli\u017ee pobjedi u tom susretu je bio Inter, ali doma\u0107ina ipak nije uspio slomiti. U prvom poluvremenu je bilo vi\u0161e prilika na obje strane, s tim da je&nbsp;Barella&nbsp;pogodio [&hellip;]","og_url":"https:\/\/radioljubuski.ba\/index.php\/2021\/09\/28\/ajax-uvjerljiv-protiv-besiktasa-interu-bod-kod-sahtara\/","og_site_name":"RADIO LJUBU\u0160KI","article_publisher":"https:\/\/www.facebook.com\/Radiio-Ljubuski-1490835324566332","article_published_time":"2021-09-28T19:24:26+00:00","og_image":[{"width":1500,"height":972,"url":"https:\/\/radioljubuski.ba\/wp-content\/uploads\/2021\/09\/hn20210928210929_61536426089e9.jpg","type":"image\/jpeg"}],"author":"Radio Ljubu\u0161ki","twitter_card":"summary_large_image","twitter_creator":"@radioljubuski","twitter_site":"@radioljubuski","twitter_misc":{"Napisao\/la":"Radio Ljubu\u0161ki","Procijenjeno vrijeme \u010ditanja":"2 minute"},"schema":{"@context":"https:\/\/schema.org","@graph":[{"@type":"Article","@id":"https:\/\/radioljubuski.ba\/index.php\/2021\/09\/28\/ajax-uvjerljiv-protiv-besiktasa-interu-bod-kod-sahtara\/#article","isPartOf":{"@id":"https:\/\/radioljubuski.ba\/index.php\/2021\/09\/28\/ajax-uvjerljiv-protiv-besiktasa-interu-bod-kod-sahtara\/"},"author":{"name":"Radio Ljubu\u0161ki","@id":"https:\/\/radioljubuski.ba\/#\/schema\/person\/19fc700381a780f69665d7956c469e3b"},"headline":"Ajax uvjerljiv protiv Be\u0161ikta\u0161a, Interu bod kod \u0160ahtara","datePublished":"2021-09-28T19:24:26+00:00","mainEntityOfPage":{"@id":"https:\/\/radioljubuski.ba\/index.php\/2021\/09\/28\/ajax-uvjerljiv-protiv-besiktasa-interu-bod-kod-sahtara\/"},"wordCount":346,"publisher":{"@id":"https:\/\/radioljubuski.ba\/#organization"},"image":{"@id":"https:\/\/radioljubuski.ba\/index.php\/2021\/09\/28\/ajax-uvjerljiv-protiv-besiktasa-interu-bod-kod-sahtara\/#primaryimage"},"thumbnailUrl":"https:\/\/radioljubuski.ba\/wp-content\/uploads\/2021\/09\/hn20210928210929_61536426089e9.jpg","articleSection":["\u0160port"],"inLanguage":"hr"},{"@type":"WebPage","@id":"https:\/\/radioljubuski.ba\/index.php\/2021\/09\/28\/ajax-uvjerljiv-protiv-besiktasa-interu-bod-kod-sahtara\/","url":"https:\/\/radioljubuski.ba\/index.php\/2021\/09\/28\/ajax-uvjerljiv-protiv-besiktasa-interu-bod-kod-sahtara\/","name":"Ajax uvjerljiv protiv Be\u0161ikta\u0161a, Interu bod kod \u0160ahtara - RADIO LJUBU\u0160KI","isPartOf":{"@id":"https:\/\/radioljubuski.ba\/#website"},"primaryImageOfPage":{"@id":"https:\/\/radioljubuski.ba\/index.php\/2021\/09\/28\/ajax-uvjerljiv-protiv-besiktasa-interu-bod-kod-sahtara\/#primaryimage"},"image":{"@id":"https:\/\/radioljubuski.ba\/index.php\/2021\/09\/28\/ajax-uvjerljiv-protiv-besiktasa-interu-bod-kod-sahtara\/#primaryimage"},"thumbnailUrl":"https:\/\/radioljubuski.ba\/wp-content\/uploads\/2021\/09\/hn20210928210929_61536426089e9.jpg","datePublished":"2021-09-28T19:24:26+00:00","breadcrumb":{"@id":"https:\/\/radioljubuski.ba\/index.php\/2021\/09\/28\/ajax-uvjerljiv-protiv-besiktasa-interu-bod-kod-sahtara\/#breadcrumb"},"inLanguage":"hr","potentialAction":[{"@type":"ReadAction","target":["https:\/\/radioljubuski.ba\/index.php\/2021\/09\/28\/ajax-uvjerljiv-protiv-besiktasa-interu-bod-kod-sahtara\/"]}]},{"@type":"ImageObject","inLanguage":"hr","@id":"https:\/\/radioljubuski.ba\/index.php\/2021\/09\/28\/ajax-uvjerljiv-protiv-besiktasa-interu-bod-kod-sahtara\/#primaryimage","url":"https:\/\/radioljubuski.ba\/wp-content\/uploads\/2021\/09\/hn20210928210929_61536426089e9.jpg","contentUrl":"https:\/\/radioljubuski.ba\/wp-content\/uploads\/2021\/09\/hn20210928210929_61536426089e9.jpg","width":1500,"height":972},{"@type":"BreadcrumbList","@id":"https:\/\/radioljubuski.ba\/index.php\/2021\/09\/28\/ajax-uvjerljiv-protiv-besiktasa-interu-bod-kod-sahtara\/#breadcrumb","itemListElement":[{"@type":"ListItem","position":1,"name":"Po\u010detna stranica","item":"https:\/\/radioljubuski.ba\/"},{"@type":"ListItem","position":2,"name":"Ajax uvjerljiv protiv Be\u0161ikta\u0161a, Interu bod kod \u0160ahtara"}]},{"@type":"WebSite","@id":"https:\/\/radioljubuski.ba\/#website","url":"https:\/\/radioljubuski.ba\/","name":"Radio Ljubu\u0161ki","description":"Sun\u010dana frekvencija Hercegovine","publisher":{"@id":"https:\/\/radioljubuski.ba\/#organization"},"potentialAction":[{"@type":"SearchAction","target":{"@type":"EntryPoint","urlTemplate":"https:\/\/radioljubuski.ba\/?s={search_term_string}"},"query-input":{"@type":"PropertyValueSpecification","valueRequired":true,"valueName":"search_term_string"}}],"inLanguage":"hr"},{"@type":"Organization","@id":"https:\/\/radioljubuski.ba\/#organization","name":"Radio Ljubu\u0161ki","url":"https:\/\/radioljubuski.ba\/","logo":{"@type":"ImageObject","inLanguage":"hr","@id":"https:\/\/radioljubuski.ba\/#\/schema\/logo\/image\/","url":"https:\/\/radioljubuski.ba\/wp-content\/uploads\/2021\/02\/cropped-Radio_Ljubuski_logo1.jpg","contentUrl":"https:\/\/radioljubuski.ba\/wp-content\/uploads\/2021\/02\/cropped-Radio_Ljubuski_logo1.jpg","width":512,"height":512,"caption":"Radio Ljubu\u0161ki"},"image":{"@id":"https:\/\/radioljubuski.ba\/#\/schema\/logo\/image\/"},"sameAs":["https:\/\/www.facebook.com\/Radiio-Ljubuski-1490835324566332","https:\/\/x.com\/radioljubuski","https:\/\/hr.linkedin.com\/company\/radio-ljubuski","https:\/\/www.youtube.com\/channel\/UCHYaeO_n0Db3tjNGudGpXyw"]},{"@type":"Person","@id":"https:\/\/radioljubuski.ba\/#\/schema\/person\/19fc700381a780f69665d7956c469e3b","name":"Radio Ljubu\u0161ki"}]}},"_links":{"self":[{"href":"https:\/\/radioljubuski.ba\/index.php\/wp-json\/wp\/v2\/posts\/68908","targetHints":{"allow":["GET"]}}],"collection":[{"href":"https:\/\/radioljubuski.ba\/index.php\/wp-json\/wp\/v2\/posts"}],"about":[{"href":"https:\/\/radioljubuski.ba\/index.php\/wp-json\/wp\/v2\/types\/post"}],"author":[{"embeddable":true,"href":"https:\/\/radioljubuski.ba\/index.php\/wp-json\/wp\/v2\/users\/2"}],"replies":[{"embeddable":true,"href":"https:\/\/radioljubuski.ba\/index.php\/wp-json\/wp\/v2\/comments?post=68908"}],"version-history":[{"count":1,"href":"https:\/\/radioljubuski.ba\/index.php\/wp-json\/wp\/v2\/posts\/68908\/revisions"}],"predecessor-version":[{"id":68910,"href":"https:\/\/radioljubuski.ba\/index.php\/wp-json\/wp\/v2\/posts\/68908\/revisions\/68910"}],"wp:featuredmedia":[{"embeddable":true,"href":"https:\/\/radioljubuski.ba\/index.php\/wp-json\/wp\/v2\/media\/68909"}],"wp:attachment":[{"href":"https:\/\/radioljubuski.ba\/index.php\/wp-json\/wp\/v2\/media?parent=68908"}],"wp:term":[{"taxonomy":"category","embeddable":true,"href":"https:\/\/radioljubuski.ba\/index.php\/wp-json\/wp\/v2\/categories?post=68908"},{"taxonomy":"post_tag","embeddable":true,"href":"https:\/\/radioljubuski.ba\/index.php\/wp-json\/wp\/v2\/tags?post=68908"}],"curies":[{"name":"wp","href":"https:\/\/api.w.org\/{rel}","templated":true}]}}