{"id":695,"date":"2021-03-02T01:44:11","date_gmt":"2021-03-02T01:44:11","guid":{"rendered":"https:\/\/radioljubuski.ba\/?p=695"},"modified":"2021-03-02T01:44:12","modified_gmt":"2021-03-02T01:44:12","slug":"tek-oko-2-migranata-trazi-azil-u-bih-vecinom-iz-iraka-turske","status":"publish","type":"post","link":"https:\/\/radioljubuski.ba\/index.php\/2021\/03\/02\/tek-oko-2-migranata-trazi-azil-u-bih-vecinom-iz-iraka-turske\/","title":{"rendered":"Tek oko 2% migranata tra\u017ei azil u BiH, ve\u0107inom iz Iraka, Turske&#8230;"},"content":{"rendered":"\n<p>Tijekom godinu i osam mjeseci Slu\u017ebi za strance BiH prijavljena su 46.594 migranta koja su nelegalno u\u0161la na prostor ove zemlje. U prvih osam mjeseci pro\u0161le godine taj broj iznosio je ne\u0161to vi\u0161e od 17.000, pi\u0161e Ve\u010dernji list BiH.&nbsp;<br><br>Nezakoniti ulasci<br><br>Me\u0111u njima je najve\u0107i broj dr\u017eavljana Afganistana (3079 ili 27,3% od ukupnog broja prijavljenih migranata). Drugi po broju su dr\u017eavljani Pakistana (2620), koji \u010dine 23,2% od ukupnog broja prijavljenih migranata. Nakon njih slijede dr\u017eavljani Banglade\u0161a (2109 ili 18,7%), Maroka (1172 ili 1O,4%) i Iraka (511 ili 4,5%). Me\u0111u ostalima, koji \u010dine 15,9% od ukupnog broja migranata koji su nezakonito u\u0161li na teritorij BiH i prijavljeni su Slu\u017ebi za poslove sa strancima, prema dr\u017eavljanstvu, slijede dr\u017eavljani Irana, Al\u017eira, Egipta, Sirije i Indije.<br><br>Tek oko dva posto migranata koji nelegalno u\u0111u na podru\u010dje Bosne i Hercegovine podnese zahtjev za azil. Svi ostali iska\u017eu namjeru za podno\u0161enje zahtjeva za azil. Taj papir omogu\u0107uje im da se zakonito \u010detrnaest dana slobodno kre\u0107u cijelim teritorijem BiH, i tu je jedan od klju\u010dnih problema. Izmjenom zakonskih okvira o migracijama, u smislu da se osoba koja iska\u017ee namjeru za azil smje\u0161ta u prihvatne centre zatvorenog tipa dok ne podnese zahtjev za azil te mu isti ne bude odobren, smanjile bi se ove vrste zloporaba.<br><br>Naime, u skladu sa Zakonom o azilu, osobi koja je iskazala namjeru za podno\u0161enje zahtjeva za azil izdaje se potvrda o iskazanoj namjeri podno\u0161enja zahtjeva za azil. U skladu s \u010dlankom 32. Zakona o azilu, rok valjanosti potvrde o iskazanoj namjeri mo\u017ee biti 14 dana. U navedenom razdoblju migrant treba podnijeti zahtjev za azil nadle\u017enoj organizacijskoj jedinici Ministarstva sigurnosti.<br><br>&#8211; Razlike izme\u0111u broja iskazanih namjera i podnesenih zahtjeva za azil potvr\u0111uju zloporabu sustava azila onih koji iskazivanje namjere za podno\u0161enje zahtjeva za azil koriste kao instrument koji omogu\u0107uje zakonit boravak na teritoriju BiH u roku njezine valjanosti, odnosno 14 dana &#8211; objasnili su iz Ministarstva sigurnosti.<br><br>Koliko ima zahtjeva<br><br>Naime, prema podacima ovog Ministarstva, u prvih osam mjeseci 2O2O. godine, od ukupno 17.292 nezakonita migranta prijavljena Slu\u017ebi za poslove sa strancima, namjeru za podno\u0161enje zahtjeva za azil iskazalo je 10.738 osoba. Od navedenog broja, 185 osoba ili 1,7 posto njih podnijelo je zahtjev za azil u BiH.<br><br>Tijekom 2019. godine, od ukupno 29.302 nezakonita migranta prijavljena Slu\u017ebi za poslove sa strancima, namjeru za podno\u0161enje zahtjeva za azil u BiH iskazalo je 27.169 osoba. Zahtjev za azil podnijele su 784 osobe ili 2,8% od ukupnog broja osoba koje su iskazale namjeru za podno\u0161enje zahtjeva za azil u BiH. Najve\u0107i broj zahtjeva za azil u osmomjese\u010dnom razdoblju 2020. godine podnijeli su dr\u017eavljani Iraka, Afganistana i Turske.<br><br>&#8211; Navedeni podaci pokazuju istu strukturu podnositelja zahtjeva za azil kao u proteklom sedmomjese\u010dnom razdoblju &#8211; objasnili su u izvje\u0161\u0107u iz Ministarstva sigurnosti BiH. Dodaju kako je u kolovozu 2020. godine, od ukupno 2224 osobe koje su iskazale namjeru za podno\u0161enje zahtjeva za azil, samo 13 osoba uistinu podnijelo taj zahtjev, \u0161to predstavlja svega 0,6 posto od svih iskazanih namjera u navedenom mjesecu 2020. godine. Dr\u017eavljani Afganistana i Maroka podnijeli su najve\u0107i broj zahtjeva za azil u kolovozu 2020. godine. Osim navedenog, u kolovozu 2020. godine za tri osobe, dr\u017eavljane Afganistana, Kuvajta i Maroka, odbijeni su zahtjevi za azil. Postupak u povodu zahtjeva za azil obustavljen je za \u010dak 84 osobe, u najve\u0107em broju za dr\u017eavljane Iraka, njih 56.<br><br>&#8211; Osim navedenog, odobrena je supsidijarna za\u0161tita za pet osoba, dr\u017eavljana Turske. U odnosu na kolovoz 2019., broj namjera za podno\u0161enje zahtjeva za azil (3118) smanjen je za 29 posto, a broj podnesenih zahtjeva za azil (102) za \u010dak 87%.<\/p>\n\n\n\n<p>Izvor:vecernji.ba<\/p>\n","protected":false},"excerpt":{"rendered":"<p>Tijekom godinu i osam mjeseci Slu\u017ebi za strance BiH prijavljena su 46.594 migranta koja su nelegalno u\u0161la na prostor ove zemlje. U prvih osam mjeseci pro\u0161le godine taj broj iznosio je ne\u0161to vi\u0161e od 17.000, pi\u0161e Ve\u010dernji list BiH.&nbsp; Nezakoniti ulasci Me\u0111u njima je najve\u0107i broj dr\u017eavljana Afganistana (3079 ili 27,3% od ukupnog broja prijavljenih [&hellip;]<\/p>\n","protected":false},"author":2,"featured_media":696,"comment_status":"closed","ping_status":"closed","sticky":false,"template":"","format":"standard","meta":{"h5ap_radio_sources":[],"footnotes":""},"categories":[1],"tags":[],"class_list":["post-695","post","type-post","status-publish","format-standard","has-post-thumbnail","hentry","category-bihiregija"],"yoast_head":"<!-- This site is optimized with the Yoast SEO plugin v27.4 - https:\/\/yoast.com\/product\/yoast-seo-wordpress\/ -->\n<title>Tek oko 2% migranata tra\u017ei azil u BiH, ve\u0107inom iz Iraka, Turske... - RADIO LJUBU\u0160KI<\/title>\n<meta name=\"robots\" content=\"index, follow, max-snippet:-1, max-image-preview:large, max-video-preview:-1\" \/>\n<link rel=\"canonical\" href=\"https:\/\/radioljubuski.ba\/index.php\/2021\/03\/02\/tek-oko-2-migranata-trazi-azil-u-bih-vecinom-iz-iraka-turske\/\" \/>\n<meta property=\"og:locale\" content=\"hr_HR\" \/>\n<meta property=\"og:type\" content=\"article\" \/>\n<meta property=\"og:title\" content=\"Tek oko 2% migranata tra\u017ei azil u BiH, ve\u0107inom iz Iraka, Turske... - RADIO LJUBU\u0160KI\" \/>\n<meta property=\"og:description\" content=\"Tijekom godinu i osam mjeseci Slu\u017ebi za strance BiH prijavljena su 46.594 migranta koja su nelegalno u\u0161la na prostor ove zemlje. U prvih osam mjeseci pro\u0161le godine taj broj iznosio je ne\u0161to vi\u0161e od 17.000, pi\u0161e Ve\u010dernji list BiH.&nbsp; Nezakoniti ulasci Me\u0111u njima je najve\u0107i broj dr\u017eavljana Afganistana (3079 ili 27,3% od ukupnog broja prijavljenih [&hellip;]\" \/>\n<meta property=\"og:url\" content=\"https:\/\/radioljubuski.ba\/index.php\/2021\/03\/02\/tek-oko-2-migranata-trazi-azil-u-bih-vecinom-iz-iraka-turske\/\" \/>\n<meta property=\"og:site_name\" content=\"RADIO LJUBU\u0160KI\" \/>\n<meta property=\"article:publisher\" content=\"https:\/\/www.facebook.com\/Radiio-Ljubuski-1490835324566332\" \/>\n<meta property=\"article:published_time\" content=\"2021-03-02T01:44:11+00:00\" \/>\n<meta property=\"article:modified_time\" content=\"2021-03-02T01:44:12+00:00\" \/>\n<meta property=\"og:image\" content=\"https:\/\/radioljubuski.ba\/wp-content\/uploads\/2021\/03\/lUVz3YMH_MIGRANTI_475_316_85_s_c1.jpg\" \/>\n\t<meta property=\"og:image:width\" content=\"475\" \/>\n\t<meta property=\"og:image:height\" content=\"316\" \/>\n\t<meta property=\"og:image:type\" content=\"image\/jpeg\" \/>\n<meta name=\"author\" content=\"Radio Ljubu\u0161ki\" \/>\n<meta name=\"twitter:card\" content=\"summary_large_image\" \/>\n<meta name=\"twitter:creator\" content=\"@radioljubuski\" \/>\n<meta name=\"twitter:site\" content=\"@radioljubuski\" \/>\n<meta name=\"twitter:label1\" content=\"Napisao\/la\" \/>\n\t<meta name=\"twitter:data1\" content=\"Radio Ljubu\u0161ki\" \/>\n\t<meta name=\"twitter:label2\" content=\"Procijenjeno vrijeme \u010ditanja\" \/>\n\t<meta name=\"twitter:data2\" content=\"3 minute\" \/>\n<script type=\"application\/ld+json\" class=\"yoast-schema-graph\">{\"@context\":\"https:\\\/\\\/schema.org\",\"@graph\":[{\"@type\":\"Article\",\"@id\":\"https:\\\/\\\/radioljubuski.ba\\\/index.php\\\/2021\\\/03\\\/02\\\/tek-oko-2-migranata-trazi-azil-u-bih-vecinom-iz-iraka-turske\\\/#article\",\"isPartOf\":{\"@id\":\"https:\\\/\\\/radioljubuski.ba\\\/index.php\\\/2021\\\/03\\\/02\\\/tek-oko-2-migranata-trazi-azil-u-bih-vecinom-iz-iraka-turske\\\/\"},\"author\":{\"name\":\"Radio Ljubu\u0161ki\",\"@id\":\"https:\\\/\\\/radioljubuski.ba\\\/#\\\/schema\\\/person\\\/19fc700381a780f69665d7956c469e3b\"},\"headline\":\"Tek oko 2% migranata tra\u017ei azil u BiH, ve\u0107inom iz Iraka, Turske&#8230;\",\"datePublished\":\"2021-03-02T01:44:11+00:00\",\"dateModified\":\"2021-03-02T01:44:12+00:00\",\"mainEntityOfPage\":{\"@id\":\"https:\\\/\\\/radioljubuski.ba\\\/index.php\\\/2021\\\/03\\\/02\\\/tek-oko-2-migranata-trazi-azil-u-bih-vecinom-iz-iraka-turske\\\/\"},\"wordCount\":625,\"publisher\":{\"@id\":\"https:\\\/\\\/radioljubuski.ba\\\/#organization\"},\"image\":{\"@id\":\"https:\\\/\\\/radioljubuski.ba\\\/index.php\\\/2021\\\/03\\\/02\\\/tek-oko-2-migranata-trazi-azil-u-bih-vecinom-iz-iraka-turske\\\/#primaryimage\"},\"thumbnailUrl\":\"https:\\\/\\\/radioljubuski.ba\\\/wp-content\\\/uploads\\\/2021\\\/03\\\/lUVz3YMH_MIGRANTI_475_316_85_s_c1.jpg\",\"articleSection\":[\"BIH i regija\"],\"inLanguage\":\"hr\"},{\"@type\":\"WebPage\",\"@id\":\"https:\\\/\\\/radioljubuski.ba\\\/index.php\\\/2021\\\/03\\\/02\\\/tek-oko-2-migranata-trazi-azil-u-bih-vecinom-iz-iraka-turske\\\/\",\"url\":\"https:\\\/\\\/radioljubuski.ba\\\/index.php\\\/2021\\\/03\\\/02\\\/tek-oko-2-migranata-trazi-azil-u-bih-vecinom-iz-iraka-turske\\\/\",\"name\":\"Tek oko 2% migranata tra\u017ei azil u BiH, ve\u0107inom iz Iraka, Turske... - RADIO LJUBU\u0160KI\",\"isPartOf\":{\"@id\":\"https:\\\/\\\/radioljubuski.ba\\\/#website\"},\"primaryImageOfPage\":{\"@id\":\"https:\\\/\\\/radioljubuski.ba\\\/index.php\\\/2021\\\/03\\\/02\\\/tek-oko-2-migranata-trazi-azil-u-bih-vecinom-iz-iraka-turske\\\/#primaryimage\"},\"image\":{\"@id\":\"https:\\\/\\\/radioljubuski.ba\\\/index.php\\\/2021\\\/03\\\/02\\\/tek-oko-2-migranata-trazi-azil-u-bih-vecinom-iz-iraka-turske\\\/#primaryimage\"},\"thumbnailUrl\":\"https:\\\/\\\/radioljubuski.ba\\\/wp-content\\\/uploads\\\/2021\\\/03\\\/lUVz3YMH_MIGRANTI_475_316_85_s_c1.jpg\",\"datePublished\":\"2021-03-02T01:44:11+00:00\",\"dateModified\":\"2021-03-02T01:44:12+00:00\",\"breadcrumb\":{\"@id\":\"https:\\\/\\\/radioljubuski.ba\\\/index.php\\\/2021\\\/03\\\/02\\\/tek-oko-2-migranata-trazi-azil-u-bih-vecinom-iz-iraka-turske\\\/#breadcrumb\"},\"inLanguage\":\"hr\",\"potentialAction\":[{\"@type\":\"ReadAction\",\"target\":[\"https:\\\/\\\/radioljubuski.ba\\\/index.php\\\/2021\\\/03\\\/02\\\/tek-oko-2-migranata-trazi-azil-u-bih-vecinom-iz-iraka-turske\\\/\"]}]},{\"@type\":\"ImageObject\",\"inLanguage\":\"hr\",\"@id\":\"https:\\\/\\\/radioljubuski.ba\\\/index.php\\\/2021\\\/03\\\/02\\\/tek-oko-2-migranata-trazi-azil-u-bih-vecinom-iz-iraka-turske\\\/#primaryimage\",\"url\":\"https:\\\/\\\/radioljubuski.ba\\\/wp-content\\\/uploads\\\/2021\\\/03\\\/lUVz3YMH_MIGRANTI_475_316_85_s_c1.jpg\",\"contentUrl\":\"https:\\\/\\\/radioljubuski.ba\\\/wp-content\\\/uploads\\\/2021\\\/03\\\/lUVz3YMH_MIGRANTI_475_316_85_s_c1.jpg\",\"width\":475,\"height\":316},{\"@type\":\"BreadcrumbList\",\"@id\":\"https:\\\/\\\/radioljubuski.ba\\\/index.php\\\/2021\\\/03\\\/02\\\/tek-oko-2-migranata-trazi-azil-u-bih-vecinom-iz-iraka-turske\\\/#breadcrumb\",\"itemListElement\":[{\"@type\":\"ListItem\",\"position\":1,\"name\":\"Po\u010detna stranica\",\"item\":\"https:\\\/\\\/radioljubuski.ba\\\/\"},{\"@type\":\"ListItem\",\"position\":2,\"name\":\"Tek oko 2% migranata tra\u017ei azil u BiH, ve\u0107inom iz Iraka, Turske&#8230;\"}]},{\"@type\":\"WebSite\",\"@id\":\"https:\\\/\\\/radioljubuski.ba\\\/#website\",\"url\":\"https:\\\/\\\/radioljubuski.ba\\\/\",\"name\":\"Radio Ljubu\u0161ki\",\"description\":\"Sun\u010dana frekvencija Hercegovine\",\"publisher\":{\"@id\":\"https:\\\/\\\/radioljubuski.ba\\\/#organization\"},\"potentialAction\":[{\"@type\":\"SearchAction\",\"target\":{\"@type\":\"EntryPoint\",\"urlTemplate\":\"https:\\\/\\\/radioljubuski.ba\\\/?s={search_term_string}\"},\"query-input\":{\"@type\":\"PropertyValueSpecification\",\"valueRequired\":true,\"valueName\":\"search_term_string\"}}],\"inLanguage\":\"hr\"},{\"@type\":\"Organization\",\"@id\":\"https:\\\/\\\/radioljubuski.ba\\\/#organization\",\"name\":\"Radio Ljubu\u0161ki\",\"url\":\"https:\\\/\\\/radioljubuski.ba\\\/\",\"logo\":{\"@type\":\"ImageObject\",\"inLanguage\":\"hr\",\"@id\":\"https:\\\/\\\/radioljubuski.ba\\\/#\\\/schema\\\/logo\\\/image\\\/\",\"url\":\"https:\\\/\\\/radioljubuski.ba\\\/wp-content\\\/uploads\\\/2021\\\/02\\\/cropped-Radio_Ljubuski_logo1.jpg\",\"contentUrl\":\"https:\\\/\\\/radioljubuski.ba\\\/wp-content\\\/uploads\\\/2021\\\/02\\\/cropped-Radio_Ljubuski_logo1.jpg\",\"width\":512,\"height\":512,\"caption\":\"Radio Ljubu\u0161ki\"},\"image\":{\"@id\":\"https:\\\/\\\/radioljubuski.ba\\\/#\\\/schema\\\/logo\\\/image\\\/\"},\"sameAs\":[\"https:\\\/\\\/www.facebook.com\\\/Radiio-Ljubuski-1490835324566332\",\"https:\\\/\\\/x.com\\\/radioljubuski\",\"https:\\\/\\\/hr.linkedin.com\\\/company\\\/radio-ljubuski\",\"https:\\\/\\\/www.youtube.com\\\/channel\\\/UCHYaeO_n0Db3tjNGudGpXyw\"]},{\"@type\":\"Person\",\"@id\":\"https:\\\/\\\/radioljubuski.ba\\\/#\\\/schema\\\/person\\\/19fc700381a780f69665d7956c469e3b\",\"name\":\"Radio Ljubu\u0161ki\"}]}<\/script>\n<!-- \/ Yoast SEO plugin. -->","yoast_head_json":{"title":"Tek oko 2% migranata tra\u017ei azil u BiH, ve\u0107inom iz Iraka, Turske... - RADIO LJUBU\u0160KI","robots":{"index":"index","follow":"follow","max-snippet":"max-snippet:-1","max-image-preview":"max-image-preview:large","max-video-preview":"max-video-preview:-1"},"canonical":"https:\/\/radioljubuski.ba\/index.php\/2021\/03\/02\/tek-oko-2-migranata-trazi-azil-u-bih-vecinom-iz-iraka-turske\/","og_locale":"hr_HR","og_type":"article","og_title":"Tek oko 2% migranata tra\u017ei azil u BiH, ve\u0107inom iz Iraka, Turske... - RADIO LJUBU\u0160KI","og_description":"Tijekom godinu i osam mjeseci Slu\u017ebi za strance BiH prijavljena su 46.594 migranta koja su nelegalno u\u0161la na prostor ove zemlje. U prvih osam mjeseci pro\u0161le godine taj broj iznosio je ne\u0161to vi\u0161e od 17.000, pi\u0161e Ve\u010dernji list BiH.&nbsp; Nezakoniti ulasci Me\u0111u njima je najve\u0107i broj dr\u017eavljana Afganistana (3079 ili 27,3% od ukupnog broja prijavljenih [&hellip;]","og_url":"https:\/\/radioljubuski.ba\/index.php\/2021\/03\/02\/tek-oko-2-migranata-trazi-azil-u-bih-vecinom-iz-iraka-turske\/","og_site_name":"RADIO LJUBU\u0160KI","article_publisher":"https:\/\/www.facebook.com\/Radiio-Ljubuski-1490835324566332","article_published_time":"2021-03-02T01:44:11+00:00","article_modified_time":"2021-03-02T01:44:12+00:00","og_image":[{"width":475,"height":316,"url":"https:\/\/radioljubuski.ba\/wp-content\/uploads\/2021\/03\/lUVz3YMH_MIGRANTI_475_316_85_s_c1.jpg","type":"image\/jpeg"}],"author":"Radio Ljubu\u0161ki","twitter_card":"summary_large_image","twitter_creator":"@radioljubuski","twitter_site":"@radioljubuski","twitter_misc":{"Napisao\/la":"Radio Ljubu\u0161ki","Procijenjeno vrijeme \u010ditanja":"3 minute"},"schema":{"@context":"https:\/\/schema.org","@graph":[{"@type":"Article","@id":"https:\/\/radioljubuski.ba\/index.php\/2021\/03\/02\/tek-oko-2-migranata-trazi-azil-u-bih-vecinom-iz-iraka-turske\/#article","isPartOf":{"@id":"https:\/\/radioljubuski.ba\/index.php\/2021\/03\/02\/tek-oko-2-migranata-trazi-azil-u-bih-vecinom-iz-iraka-turske\/"},"author":{"name":"Radio Ljubu\u0161ki","@id":"https:\/\/radioljubuski.ba\/#\/schema\/person\/19fc700381a780f69665d7956c469e3b"},"headline":"Tek oko 2% migranata tra\u017ei azil u BiH, ve\u0107inom iz Iraka, Turske&#8230;","datePublished":"2021-03-02T01:44:11+00:00","dateModified":"2021-03-02T01:44:12+00:00","mainEntityOfPage":{"@id":"https:\/\/radioljubuski.ba\/index.php\/2021\/03\/02\/tek-oko-2-migranata-trazi-azil-u-bih-vecinom-iz-iraka-turske\/"},"wordCount":625,"publisher":{"@id":"https:\/\/radioljubuski.ba\/#organization"},"image":{"@id":"https:\/\/radioljubuski.ba\/index.php\/2021\/03\/02\/tek-oko-2-migranata-trazi-azil-u-bih-vecinom-iz-iraka-turske\/#primaryimage"},"thumbnailUrl":"https:\/\/radioljubuski.ba\/wp-content\/uploads\/2021\/03\/lUVz3YMH_MIGRANTI_475_316_85_s_c1.jpg","articleSection":["BIH i regija"],"inLanguage":"hr"},{"@type":"WebPage","@id":"https:\/\/radioljubuski.ba\/index.php\/2021\/03\/02\/tek-oko-2-migranata-trazi-azil-u-bih-vecinom-iz-iraka-turske\/","url":"https:\/\/radioljubuski.ba\/index.php\/2021\/03\/02\/tek-oko-2-migranata-trazi-azil-u-bih-vecinom-iz-iraka-turske\/","name":"Tek oko 2% migranata tra\u017ei azil u BiH, ve\u0107inom iz Iraka, Turske... - RADIO LJUBU\u0160KI","isPartOf":{"@id":"https:\/\/radioljubuski.ba\/#website"},"primaryImageOfPage":{"@id":"https:\/\/radioljubuski.ba\/index.php\/2021\/03\/02\/tek-oko-2-migranata-trazi-azil-u-bih-vecinom-iz-iraka-turske\/#primaryimage"},"image":{"@id":"https:\/\/radioljubuski.ba\/index.php\/2021\/03\/02\/tek-oko-2-migranata-trazi-azil-u-bih-vecinom-iz-iraka-turske\/#primaryimage"},"thumbnailUrl":"https:\/\/radioljubuski.ba\/wp-content\/uploads\/2021\/03\/lUVz3YMH_MIGRANTI_475_316_85_s_c1.jpg","datePublished":"2021-03-02T01:44:11+00:00","dateModified":"2021-03-02T01:44:12+00:00","breadcrumb":{"@id":"https:\/\/radioljubuski.ba\/index.php\/2021\/03\/02\/tek-oko-2-migranata-trazi-azil-u-bih-vecinom-iz-iraka-turske\/#breadcrumb"},"inLanguage":"hr","potentialAction":[{"@type":"ReadAction","target":["https:\/\/radioljubuski.ba\/index.php\/2021\/03\/02\/tek-oko-2-migranata-trazi-azil-u-bih-vecinom-iz-iraka-turske\/"]}]},{"@type":"ImageObject","inLanguage":"hr","@id":"https:\/\/radioljubuski.ba\/index.php\/2021\/03\/02\/tek-oko-2-migranata-trazi-azil-u-bih-vecinom-iz-iraka-turske\/#primaryimage","url":"https:\/\/radioljubuski.ba\/wp-content\/uploads\/2021\/03\/lUVz3YMH_MIGRANTI_475_316_85_s_c1.jpg","contentUrl":"https:\/\/radioljubuski.ba\/wp-content\/uploads\/2021\/03\/lUVz3YMH_MIGRANTI_475_316_85_s_c1.jpg","width":475,"height":316},{"@type":"BreadcrumbList","@id":"https:\/\/radioljubuski.ba\/index.php\/2021\/03\/02\/tek-oko-2-migranata-trazi-azil-u-bih-vecinom-iz-iraka-turske\/#breadcrumb","itemListElement":[{"@type":"ListItem","position":1,"name":"Po\u010detna stranica","item":"https:\/\/radioljubuski.ba\/"},{"@type":"ListItem","position":2,"name":"Tek oko 2% migranata tra\u017ei azil u BiH, ve\u0107inom iz Iraka, Turske&#8230;"}]},{"@type":"WebSite","@id":"https:\/\/radioljubuski.ba\/#website","url":"https:\/\/radioljubuski.ba\/","name":"Radio Ljubu\u0161ki","description":"Sun\u010dana frekvencija Hercegovine","publisher":{"@id":"https:\/\/radioljubuski.ba\/#organization"},"potentialAction":[{"@type":"SearchAction","target":{"@type":"EntryPoint","urlTemplate":"https:\/\/radioljubuski.ba\/?s={search_term_string}"},"query-input":{"@type":"PropertyValueSpecification","valueRequired":true,"valueName":"search_term_string"}}],"inLanguage":"hr"},{"@type":"Organization","@id":"https:\/\/radioljubuski.ba\/#organization","name":"Radio Ljubu\u0161ki","url":"https:\/\/radioljubuski.ba\/","logo":{"@type":"ImageObject","inLanguage":"hr","@id":"https:\/\/radioljubuski.ba\/#\/schema\/logo\/image\/","url":"https:\/\/radioljubuski.ba\/wp-content\/uploads\/2021\/02\/cropped-Radio_Ljubuski_logo1.jpg","contentUrl":"https:\/\/radioljubuski.ba\/wp-content\/uploads\/2021\/02\/cropped-Radio_Ljubuski_logo1.jpg","width":512,"height":512,"caption":"Radio Ljubu\u0161ki"},"image":{"@id":"https:\/\/radioljubuski.ba\/#\/schema\/logo\/image\/"},"sameAs":["https:\/\/www.facebook.com\/Radiio-Ljubuski-1490835324566332","https:\/\/x.com\/radioljubuski","https:\/\/hr.linkedin.com\/company\/radio-ljubuski","https:\/\/www.youtube.com\/channel\/UCHYaeO_n0Db3tjNGudGpXyw"]},{"@type":"Person","@id":"https:\/\/radioljubuski.ba\/#\/schema\/person\/19fc700381a780f69665d7956c469e3b","name":"Radio Ljubu\u0161ki"}]}},"_links":{"self":[{"href":"https:\/\/radioljubuski.ba\/index.php\/wp-json\/wp\/v2\/posts\/695","targetHints":{"allow":["GET"]}}],"collection":[{"href":"https:\/\/radioljubuski.ba\/index.php\/wp-json\/wp\/v2\/posts"}],"about":[{"href":"https:\/\/radioljubuski.ba\/index.php\/wp-json\/wp\/v2\/types\/post"}],"author":[{"embeddable":true,"href":"https:\/\/radioljubuski.ba\/index.php\/wp-json\/wp\/v2\/users\/2"}],"replies":[{"embeddable":true,"href":"https:\/\/radioljubuski.ba\/index.php\/wp-json\/wp\/v2\/comments?post=695"}],"version-history":[{"count":1,"href":"https:\/\/radioljubuski.ba\/index.php\/wp-json\/wp\/v2\/posts\/695\/revisions"}],"predecessor-version":[{"id":697,"href":"https:\/\/radioljubuski.ba\/index.php\/wp-json\/wp\/v2\/posts\/695\/revisions\/697"}],"wp:featuredmedia":[{"embeddable":true,"href":"https:\/\/radioljubuski.ba\/index.php\/wp-json\/wp\/v2\/media\/696"}],"wp:attachment":[{"href":"https:\/\/radioljubuski.ba\/index.php\/wp-json\/wp\/v2\/media?parent=695"}],"wp:term":[{"taxonomy":"category","embeddable":true,"href":"https:\/\/radioljubuski.ba\/index.php\/wp-json\/wp\/v2\/categories?post=695"},{"taxonomy":"post_tag","embeddable":true,"href":"https:\/\/radioljubuski.ba\/index.php\/wp-json\/wp\/v2\/tags?post=695"}],"curies":[{"name":"wp","href":"https:\/\/api.w.org\/{rel}","templated":true}]}}