{"id":7007,"date":"2021-03-26T14:18:17","date_gmt":"2021-03-26T13:18:17","guid":{"rendered":"https:\/\/radioljubuski.ba\/?p=7007"},"modified":"2021-03-26T14:18:18","modified_gmt":"2021-03-26T13:18:18","slug":"villarrealov-bek-oporavio-se-od-ozljede","status":"publish","type":"post","link":"https:\/\/radioljubuski.ba\/index.php\/2021\/03\/26\/villarrealov-bek-oporavio-se-od-ozljede\/","title":{"rendered":"Villarrealov bek oporavio se od ozljede"},"content":{"rendered":"\n<p>Villarrealov lijevi bek Alberto Moreno (28), koji je zbog slomljenih kri\u017enih ligamenata koljena propustio dosada\u0161nji dio sezone, vratio se u \u010detvrtak na travnjak odigrav\u0161i svih 90 minuta u trening utakmici izme\u0111u prve i rezervne mom\u010dadi ovog \u0161panjolskog prvoliga\u0161a.<\/p>\n\n\n\n<p>Moreno, koji je od 2013. skupio \u010detiri nastupa za \u0160panjolsku a igrao i za Sevillu te Liverpool, bio je jedan od \u0161estorice ozlije\u0111enih igra\u010da.<br><br>Villarreal, protivnik zagreba\u010dkog Dinama u \u010detvrtfinalu Europske lige, iskoristio je pauzu zbog reprezentativnih obveza za odigravanje me\u0111usobne utakmice u kojoj je prva mom\u010dad svladala rezervnu s 5-2 uz tri gola <strong>Paca Alc\u00e1cera <\/strong>(27), donedavnog reprezentativca \u0160panjolske.<br><br>Nakon treninga je kolumbijski napada\u010d <strong>Carlos Bacca<\/strong> iza\u0161ao na konferenciju za medije pa rekao kako \u0107e im dvoboj protiv hrvatskog prvaka biti te\u017eak no da njegova mom\u010dad \u017eeli osvojiti Europsku ligu do \u010dijeg je pehara on ve\u0107 dolazio u dresu Seville.<br><br>&#8211; Puni smo \u017eelje. Sada \u0107emo igrati protiv Dinama, te\u0161kog protivnika. Nitko ga ne vidi kao favorita za osvajanje naslova ali ako uzmete u obzir da je eliminirao Tottenham, jednoga od favorita, i to igraju\u0107i dobro i zabiv\u0161i mu tri gola, jasno je da nam ne\u0107e biti lako, izjavio je 34-godi\u0161nji Bacca. &#8211; U ovoj fazi i nadalje sve su utakmice poput finala, zahtjevne su, pa im je potrebno pa\u017eljivo pristupiti razmi\u0161ljaju\u0107i samo o onoj idu\u0107oj, dodao je.<br><br>Bacca je 2014. i 2015. godine osvojio naslov Europske lige sa Sevillom pod vodstvom <strong>Unaija Emeryja<\/strong>, aktualnog trenera Villarreala.<br><br>Sedmoplasirani Villarreal \u0107e idu\u0107u utakmicu igrati 3. travnja protiv osmoplasirane Granade, a pet dana kasnije istr\u010dat \u0107e na Maksimiru protiv Dinama.<br><br>Prvi \u010detvrtfinalni susret s hrvatskim prvakom igrat \u0107e 8. travnja a uzvrat u Vilarealu, gradi\u0107u s 51.000 stanovnika na jugoistoku \u0160panjolske, zakazan je za 15. travnja.<br><br>&#8211; \u010cetvrtfinalni dvoboj ne\u0107e biti lagan nama ali niti Dinamu jer smo se u posljednje vrijeme popravili. Dinamo je veliki protivnik koji ove sezone radi dobre stvari, u svom prvenstvu i Europskoj ligi, ima odli\u010dne igra\u010de ali mi \u0107emo se pripremiti. Sada razmi\u0161ljamo o Granadi a bit \u0107e vremena da se posvetimo Dinamu, izjavio je Bacca.<br><br>Villarreal je tri puta ispadao u polufinalu Kupa UEFA-e i Europske lige, godine 2004. od Valencije, pa 2011. od Porta a zatim i 2016. od Liverpoola.<br><br>Villarreal je bio upao u negativnu rezultatsku seriju iz koje je iza\u0161ao u posljednja dva tjedna budu\u0107i da je ostvario \u010detiri pobjede zaredom, od \u010dega dvije u prvenstvu a dvije u Europskoj ligi.<\/p>\n\n\n\n<p>Izvor:hrt.hr<\/p>\n","protected":false},"excerpt":{"rendered":"<p>Villarrealov lijevi bek Alberto Moreno (28), koji je zbog slomljenih kri\u017enih ligamenata koljena propustio dosada\u0161nji dio sezone, vratio se u \u010detvrtak na travnjak odigrav\u0161i svih 90 minuta u trening utakmici izme\u0111u prve i rezervne mom\u010dadi ovog \u0161panjolskog prvoliga\u0161a. Moreno, koji je od 2013. skupio \u010detiri nastupa za \u0160panjolsku a igrao i za Sevillu te Liverpool, [&hellip;]<\/p>\n","protected":false},"author":2,"featured_media":7008,"comment_status":"closed","ping_status":"closed","sticky":false,"template":"","format":"standard","meta":{"h5ap_radio_sources":[],"footnotes":""},"categories":[1],"tags":[],"class_list":["post-7007","post","type-post","status-publish","format-standard","has-post-thumbnail","hentry","category-bihiregija"],"yoast_head":"<!-- This site is optimized with the Yoast SEO plugin v27.4 - https:\/\/yoast.com\/product\/yoast-seo-wordpress\/ -->\n<title>Villarrealov bek oporavio se od ozljede - RADIO LJUBU\u0160KI<\/title>\n<meta name=\"robots\" content=\"index, follow, max-snippet:-1, max-image-preview:large, max-video-preview:-1\" \/>\n<link rel=\"canonical\" href=\"https:\/\/radioljubuski.ba\/index.php\/2021\/03\/26\/villarrealov-bek-oporavio-se-od-ozljede\/\" \/>\n<meta property=\"og:locale\" content=\"hr_HR\" \/>\n<meta property=\"og:type\" content=\"article\" \/>\n<meta property=\"og:title\" content=\"Villarrealov bek oporavio se od ozljede - RADIO LJUBU\u0160KI\" \/>\n<meta property=\"og:description\" content=\"Villarrealov lijevi bek Alberto Moreno (28), koji je zbog slomljenih kri\u017enih ligamenata koljena propustio dosada\u0161nji dio sezone, vratio se u \u010detvrtak na travnjak odigrav\u0161i svih 90 minuta u trening utakmici izme\u0111u prve i rezervne mom\u010dadi ovog \u0161panjolskog prvoliga\u0161a. Moreno, koji je od 2013. skupio \u010detiri nastupa za \u0160panjolsku a igrao i za Sevillu te Liverpool, [&hellip;]\" \/>\n<meta property=\"og:url\" content=\"https:\/\/radioljubuski.ba\/index.php\/2021\/03\/26\/villarrealov-bek-oporavio-se-od-ozljede\/\" \/>\n<meta property=\"og:site_name\" content=\"RADIO LJUBU\u0160KI\" \/>\n<meta property=\"article:publisher\" content=\"https:\/\/www.facebook.com\/Radiio-Ljubuski-1490835324566332\" \/>\n<meta property=\"article:published_time\" content=\"2021-03-26T13:18:17+00:00\" \/>\n<meta property=\"article:modified_time\" content=\"2021-03-26T13:18:18+00:00\" \/>\n<meta property=\"og:image\" content=\"https:\/\/radioljubuski.ba\/wp-content\/uploads\/2021\/03\/22-23.png\" \/>\n\t<meta property=\"og:image:width\" content=\"645\" \/>\n\t<meta property=\"og:image:height\" content=\"362\" \/>\n\t<meta property=\"og:image:type\" content=\"image\/png\" \/>\n<meta name=\"author\" content=\"Radio Ljubu\u0161ki\" \/>\n<meta name=\"twitter:card\" content=\"summary_large_image\" \/>\n<meta name=\"twitter:creator\" content=\"@radioljubuski\" \/>\n<meta name=\"twitter:site\" content=\"@radioljubuski\" \/>\n<meta name=\"twitter:label1\" content=\"Napisao\/la\" \/>\n\t<meta name=\"twitter:data1\" content=\"Radio Ljubu\u0161ki\" \/>\n\t<meta name=\"twitter:label2\" content=\"Procijenjeno vrijeme \u010ditanja\" \/>\n\t<meta name=\"twitter:data2\" content=\"2 minute\" \/>\n<script type=\"application\/ld+json\" class=\"yoast-schema-graph\">{\"@context\":\"https:\\\/\\\/schema.org\",\"@graph\":[{\"@type\":\"Article\",\"@id\":\"https:\\\/\\\/radioljubuski.ba\\\/index.php\\\/2021\\\/03\\\/26\\\/villarrealov-bek-oporavio-se-od-ozljede\\\/#article\",\"isPartOf\":{\"@id\":\"https:\\\/\\\/radioljubuski.ba\\\/index.php\\\/2021\\\/03\\\/26\\\/villarrealov-bek-oporavio-se-od-ozljede\\\/\"},\"author\":{\"name\":\"Radio Ljubu\u0161ki\",\"@id\":\"https:\\\/\\\/radioljubuski.ba\\\/#\\\/schema\\\/person\\\/19fc700381a780f69665d7956c469e3b\"},\"headline\":\"Villarrealov bek oporavio se od ozljede\",\"datePublished\":\"2021-03-26T13:18:17+00:00\",\"dateModified\":\"2021-03-26T13:18:18+00:00\",\"mainEntityOfPage\":{\"@id\":\"https:\\\/\\\/radioljubuski.ba\\\/index.php\\\/2021\\\/03\\\/26\\\/villarrealov-bek-oporavio-se-od-ozljede\\\/\"},\"wordCount\":427,\"publisher\":{\"@id\":\"https:\\\/\\\/radioljubuski.ba\\\/#organization\"},\"image\":{\"@id\":\"https:\\\/\\\/radioljubuski.ba\\\/index.php\\\/2021\\\/03\\\/26\\\/villarrealov-bek-oporavio-se-od-ozljede\\\/#primaryimage\"},\"thumbnailUrl\":\"https:\\\/\\\/radioljubuski.ba\\\/wp-content\\\/uploads\\\/2021\\\/03\\\/22-23.png\",\"articleSection\":[\"BIH i regija\"],\"inLanguage\":\"hr\"},{\"@type\":\"WebPage\",\"@id\":\"https:\\\/\\\/radioljubuski.ba\\\/index.php\\\/2021\\\/03\\\/26\\\/villarrealov-bek-oporavio-se-od-ozljede\\\/\",\"url\":\"https:\\\/\\\/radioljubuski.ba\\\/index.php\\\/2021\\\/03\\\/26\\\/villarrealov-bek-oporavio-se-od-ozljede\\\/\",\"name\":\"Villarrealov bek oporavio se od ozljede - RADIO LJUBU\u0160KI\",\"isPartOf\":{\"@id\":\"https:\\\/\\\/radioljubuski.ba\\\/#website\"},\"primaryImageOfPage\":{\"@id\":\"https:\\\/\\\/radioljubuski.ba\\\/index.php\\\/2021\\\/03\\\/26\\\/villarrealov-bek-oporavio-se-od-ozljede\\\/#primaryimage\"},\"image\":{\"@id\":\"https:\\\/\\\/radioljubuski.ba\\\/index.php\\\/2021\\\/03\\\/26\\\/villarrealov-bek-oporavio-se-od-ozljede\\\/#primaryimage\"},\"thumbnailUrl\":\"https:\\\/\\\/radioljubuski.ba\\\/wp-content\\\/uploads\\\/2021\\\/03\\\/22-23.png\",\"datePublished\":\"2021-03-26T13:18:17+00:00\",\"dateModified\":\"2021-03-26T13:18:18+00:00\",\"breadcrumb\":{\"@id\":\"https:\\\/\\\/radioljubuski.ba\\\/index.php\\\/2021\\\/03\\\/26\\\/villarrealov-bek-oporavio-se-od-ozljede\\\/#breadcrumb\"},\"inLanguage\":\"hr\",\"potentialAction\":[{\"@type\":\"ReadAction\",\"target\":[\"https:\\\/\\\/radioljubuski.ba\\\/index.php\\\/2021\\\/03\\\/26\\\/villarrealov-bek-oporavio-se-od-ozljede\\\/\"]}]},{\"@type\":\"ImageObject\",\"inLanguage\":\"hr\",\"@id\":\"https:\\\/\\\/radioljubuski.ba\\\/index.php\\\/2021\\\/03\\\/26\\\/villarrealov-bek-oporavio-se-od-ozljede\\\/#primaryimage\",\"url\":\"https:\\\/\\\/radioljubuski.ba\\\/wp-content\\\/uploads\\\/2021\\\/03\\\/22-23.png\",\"contentUrl\":\"https:\\\/\\\/radioljubuski.ba\\\/wp-content\\\/uploads\\\/2021\\\/03\\\/22-23.png\",\"width\":645,\"height\":362},{\"@type\":\"BreadcrumbList\",\"@id\":\"https:\\\/\\\/radioljubuski.ba\\\/index.php\\\/2021\\\/03\\\/26\\\/villarrealov-bek-oporavio-se-od-ozljede\\\/#breadcrumb\",\"itemListElement\":[{\"@type\":\"ListItem\",\"position\":1,\"name\":\"Po\u010detna stranica\",\"item\":\"https:\\\/\\\/radioljubuski.ba\\\/\"},{\"@type\":\"ListItem\",\"position\":2,\"name\":\"Villarrealov bek oporavio se od ozljede\"}]},{\"@type\":\"WebSite\",\"@id\":\"https:\\\/\\\/radioljubuski.ba\\\/#website\",\"url\":\"https:\\\/\\\/radioljubuski.ba\\\/\",\"name\":\"Radio Ljubu\u0161ki\",\"description\":\"Sun\u010dana frekvencija Hercegovine\",\"publisher\":{\"@id\":\"https:\\\/\\\/radioljubuski.ba\\\/#organization\"},\"potentialAction\":[{\"@type\":\"SearchAction\",\"target\":{\"@type\":\"EntryPoint\",\"urlTemplate\":\"https:\\\/\\\/radioljubuski.ba\\\/?s={search_term_string}\"},\"query-input\":{\"@type\":\"PropertyValueSpecification\",\"valueRequired\":true,\"valueName\":\"search_term_string\"}}],\"inLanguage\":\"hr\"},{\"@type\":\"Organization\",\"@id\":\"https:\\\/\\\/radioljubuski.ba\\\/#organization\",\"name\":\"Radio Ljubu\u0161ki\",\"url\":\"https:\\\/\\\/radioljubuski.ba\\\/\",\"logo\":{\"@type\":\"ImageObject\",\"inLanguage\":\"hr\",\"@id\":\"https:\\\/\\\/radioljubuski.ba\\\/#\\\/schema\\\/logo\\\/image\\\/\",\"url\":\"https:\\\/\\\/radioljubuski.ba\\\/wp-content\\\/uploads\\\/2021\\\/02\\\/cropped-Radio_Ljubuski_logo1.jpg\",\"contentUrl\":\"https:\\\/\\\/radioljubuski.ba\\\/wp-content\\\/uploads\\\/2021\\\/02\\\/cropped-Radio_Ljubuski_logo1.jpg\",\"width\":512,\"height\":512,\"caption\":\"Radio Ljubu\u0161ki\"},\"image\":{\"@id\":\"https:\\\/\\\/radioljubuski.ba\\\/#\\\/schema\\\/logo\\\/image\\\/\"},\"sameAs\":[\"https:\\\/\\\/www.facebook.com\\\/Radiio-Ljubuski-1490835324566332\",\"https:\\\/\\\/x.com\\\/radioljubuski\",\"https:\\\/\\\/hr.linkedin.com\\\/company\\\/radio-ljubuski\",\"https:\\\/\\\/www.youtube.com\\\/channel\\\/UCHYaeO_n0Db3tjNGudGpXyw\"]},{\"@type\":\"Person\",\"@id\":\"https:\\\/\\\/radioljubuski.ba\\\/#\\\/schema\\\/person\\\/19fc700381a780f69665d7956c469e3b\",\"name\":\"Radio Ljubu\u0161ki\"}]}<\/script>\n<!-- \/ Yoast SEO plugin. -->","yoast_head_json":{"title":"Villarrealov bek oporavio se od ozljede - RADIO LJUBU\u0160KI","robots":{"index":"index","follow":"follow","max-snippet":"max-snippet:-1","max-image-preview":"max-image-preview:large","max-video-preview":"max-video-preview:-1"},"canonical":"https:\/\/radioljubuski.ba\/index.php\/2021\/03\/26\/villarrealov-bek-oporavio-se-od-ozljede\/","og_locale":"hr_HR","og_type":"article","og_title":"Villarrealov bek oporavio se od ozljede - RADIO LJUBU\u0160KI","og_description":"Villarrealov lijevi bek Alberto Moreno (28), koji je zbog slomljenih kri\u017enih ligamenata koljena propustio dosada\u0161nji dio sezone, vratio se u \u010detvrtak na travnjak odigrav\u0161i svih 90 minuta u trening utakmici izme\u0111u prve i rezervne mom\u010dadi ovog \u0161panjolskog prvoliga\u0161a. Moreno, koji je od 2013. skupio \u010detiri nastupa za \u0160panjolsku a igrao i za Sevillu te Liverpool, [&hellip;]","og_url":"https:\/\/radioljubuski.ba\/index.php\/2021\/03\/26\/villarrealov-bek-oporavio-se-od-ozljede\/","og_site_name":"RADIO LJUBU\u0160KI","article_publisher":"https:\/\/www.facebook.com\/Radiio-Ljubuski-1490835324566332","article_published_time":"2021-03-26T13:18:17+00:00","article_modified_time":"2021-03-26T13:18:18+00:00","og_image":[{"width":645,"height":362,"url":"https:\/\/radioljubuski.ba\/wp-content\/uploads\/2021\/03\/22-23.png","type":"image\/png"}],"author":"Radio Ljubu\u0161ki","twitter_card":"summary_large_image","twitter_creator":"@radioljubuski","twitter_site":"@radioljubuski","twitter_misc":{"Napisao\/la":"Radio Ljubu\u0161ki","Procijenjeno vrijeme \u010ditanja":"2 minute"},"schema":{"@context":"https:\/\/schema.org","@graph":[{"@type":"Article","@id":"https:\/\/radioljubuski.ba\/index.php\/2021\/03\/26\/villarrealov-bek-oporavio-se-od-ozljede\/#article","isPartOf":{"@id":"https:\/\/radioljubuski.ba\/index.php\/2021\/03\/26\/villarrealov-bek-oporavio-se-od-ozljede\/"},"author":{"name":"Radio Ljubu\u0161ki","@id":"https:\/\/radioljubuski.ba\/#\/schema\/person\/19fc700381a780f69665d7956c469e3b"},"headline":"Villarrealov bek oporavio se od ozljede","datePublished":"2021-03-26T13:18:17+00:00","dateModified":"2021-03-26T13:18:18+00:00","mainEntityOfPage":{"@id":"https:\/\/radioljubuski.ba\/index.php\/2021\/03\/26\/villarrealov-bek-oporavio-se-od-ozljede\/"},"wordCount":427,"publisher":{"@id":"https:\/\/radioljubuski.ba\/#organization"},"image":{"@id":"https:\/\/radioljubuski.ba\/index.php\/2021\/03\/26\/villarrealov-bek-oporavio-se-od-ozljede\/#primaryimage"},"thumbnailUrl":"https:\/\/radioljubuski.ba\/wp-content\/uploads\/2021\/03\/22-23.png","articleSection":["BIH i regija"],"inLanguage":"hr"},{"@type":"WebPage","@id":"https:\/\/radioljubuski.ba\/index.php\/2021\/03\/26\/villarrealov-bek-oporavio-se-od-ozljede\/","url":"https:\/\/radioljubuski.ba\/index.php\/2021\/03\/26\/villarrealov-bek-oporavio-se-od-ozljede\/","name":"Villarrealov bek oporavio se od ozljede - RADIO LJUBU\u0160KI","isPartOf":{"@id":"https:\/\/radioljubuski.ba\/#website"},"primaryImageOfPage":{"@id":"https:\/\/radioljubuski.ba\/index.php\/2021\/03\/26\/villarrealov-bek-oporavio-se-od-ozljede\/#primaryimage"},"image":{"@id":"https:\/\/radioljubuski.ba\/index.php\/2021\/03\/26\/villarrealov-bek-oporavio-se-od-ozljede\/#primaryimage"},"thumbnailUrl":"https:\/\/radioljubuski.ba\/wp-content\/uploads\/2021\/03\/22-23.png","datePublished":"2021-03-26T13:18:17+00:00","dateModified":"2021-03-26T13:18:18+00:00","breadcrumb":{"@id":"https:\/\/radioljubuski.ba\/index.php\/2021\/03\/26\/villarrealov-bek-oporavio-se-od-ozljede\/#breadcrumb"},"inLanguage":"hr","potentialAction":[{"@type":"ReadAction","target":["https:\/\/radioljubuski.ba\/index.php\/2021\/03\/26\/villarrealov-bek-oporavio-se-od-ozljede\/"]}]},{"@type":"ImageObject","inLanguage":"hr","@id":"https:\/\/radioljubuski.ba\/index.php\/2021\/03\/26\/villarrealov-bek-oporavio-se-od-ozljede\/#primaryimage","url":"https:\/\/radioljubuski.ba\/wp-content\/uploads\/2021\/03\/22-23.png","contentUrl":"https:\/\/radioljubuski.ba\/wp-content\/uploads\/2021\/03\/22-23.png","width":645,"height":362},{"@type":"BreadcrumbList","@id":"https:\/\/radioljubuski.ba\/index.php\/2021\/03\/26\/villarrealov-bek-oporavio-se-od-ozljede\/#breadcrumb","itemListElement":[{"@type":"ListItem","position":1,"name":"Po\u010detna stranica","item":"https:\/\/radioljubuski.ba\/"},{"@type":"ListItem","position":2,"name":"Villarrealov bek oporavio se od ozljede"}]},{"@type":"WebSite","@id":"https:\/\/radioljubuski.ba\/#website","url":"https:\/\/radioljubuski.ba\/","name":"Radio Ljubu\u0161ki","description":"Sun\u010dana frekvencija Hercegovine","publisher":{"@id":"https:\/\/radioljubuski.ba\/#organization"},"potentialAction":[{"@type":"SearchAction","target":{"@type":"EntryPoint","urlTemplate":"https:\/\/radioljubuski.ba\/?s={search_term_string}"},"query-input":{"@type":"PropertyValueSpecification","valueRequired":true,"valueName":"search_term_string"}}],"inLanguage":"hr"},{"@type":"Organization","@id":"https:\/\/radioljubuski.ba\/#organization","name":"Radio Ljubu\u0161ki","url":"https:\/\/radioljubuski.ba\/","logo":{"@type":"ImageObject","inLanguage":"hr","@id":"https:\/\/radioljubuski.ba\/#\/schema\/logo\/image\/","url":"https:\/\/radioljubuski.ba\/wp-content\/uploads\/2021\/02\/cropped-Radio_Ljubuski_logo1.jpg","contentUrl":"https:\/\/radioljubuski.ba\/wp-content\/uploads\/2021\/02\/cropped-Radio_Ljubuski_logo1.jpg","width":512,"height":512,"caption":"Radio Ljubu\u0161ki"},"image":{"@id":"https:\/\/radioljubuski.ba\/#\/schema\/logo\/image\/"},"sameAs":["https:\/\/www.facebook.com\/Radiio-Ljubuski-1490835324566332","https:\/\/x.com\/radioljubuski","https:\/\/hr.linkedin.com\/company\/radio-ljubuski","https:\/\/www.youtube.com\/channel\/UCHYaeO_n0Db3tjNGudGpXyw"]},{"@type":"Person","@id":"https:\/\/radioljubuski.ba\/#\/schema\/person\/19fc700381a780f69665d7956c469e3b","name":"Radio Ljubu\u0161ki"}]}},"_links":{"self":[{"href":"https:\/\/radioljubuski.ba\/index.php\/wp-json\/wp\/v2\/posts\/7007","targetHints":{"allow":["GET"]}}],"collection":[{"href":"https:\/\/radioljubuski.ba\/index.php\/wp-json\/wp\/v2\/posts"}],"about":[{"href":"https:\/\/radioljubuski.ba\/index.php\/wp-json\/wp\/v2\/types\/post"}],"author":[{"embeddable":true,"href":"https:\/\/radioljubuski.ba\/index.php\/wp-json\/wp\/v2\/users\/2"}],"replies":[{"embeddable":true,"href":"https:\/\/radioljubuski.ba\/index.php\/wp-json\/wp\/v2\/comments?post=7007"}],"version-history":[{"count":1,"href":"https:\/\/radioljubuski.ba\/index.php\/wp-json\/wp\/v2\/posts\/7007\/revisions"}],"predecessor-version":[{"id":7009,"href":"https:\/\/radioljubuski.ba\/index.php\/wp-json\/wp\/v2\/posts\/7007\/revisions\/7009"}],"wp:featuredmedia":[{"embeddable":true,"href":"https:\/\/radioljubuski.ba\/index.php\/wp-json\/wp\/v2\/media\/7008"}],"wp:attachment":[{"href":"https:\/\/radioljubuski.ba\/index.php\/wp-json\/wp\/v2\/media?parent=7007"}],"wp:term":[{"taxonomy":"category","embeddable":true,"href":"https:\/\/radioljubuski.ba\/index.php\/wp-json\/wp\/v2\/categories?post=7007"},{"taxonomy":"post_tag","embeddable":true,"href":"https:\/\/radioljubuski.ba\/index.php\/wp-json\/wp\/v2\/tags?post=7007"}],"curies":[{"name":"wp","href":"https:\/\/api.w.org\/{rel}","templated":true}]}}