{"id":701,"date":"2021-03-02T01:50:51","date_gmt":"2021-03-02T01:50:51","guid":{"rendered":"https:\/\/radioljubuski.ba\/?p=701"},"modified":"2021-03-02T01:50:52","modified_gmt":"2021-03-02T01:50:52","slug":"sezona-je-mladog-luka-pogledajte-kako-ga-iskoristiti","status":"publish","type":"post","link":"https:\/\/radioljubuski.ba\/index.php\/2021\/03\/02\/sezona-je-mladog-luka-pogledajte-kako-ga-iskoristiti\/","title":{"rendered":"Sezona je mladog luka \u2013 pogledajte kako ga iskoristiti"},"content":{"rendered":"\n<p>Sti\u017ee sezona mladog luka, koji je prebogat vitaminima i mineralima i odli\u010dan u za\u0161titi zdravlja, pa je \u0161teta ne iskoristiti priliku i ne uvrstiti ga u prehranu. Poznato je da mladi luk ima antibakterijska svojstva te \u0161titi od upala, kao i da poma\u017ee kod prehlade, a odli\u010dan je i za pobolj\u0161anje probave.<br>&nbsp;<br>Imajte na umu da zeleni dio mladoga luka nikako ne bi trebalo bacati, jer se u njemu nalaze sastojci odli\u010dni za na\u0161e zdravlje.<br>&nbsp;<br>Evo top pet razloga za\u0161to je mladi luk dobro jesti svaki dan:<\/p>\n\n\n\n<p>\u0160titi srce &#8211; pun je antioksidansa koji \u0161titi stanice u tijelu od o\u0161te\u0107enja izazvanih djelovanjem slobodnih radikala. Uz to, mladi luk dr\u017ei krvni tlak u granicama normale i smanjuje rizik od stvaranja ugru\u0161aka.<\/p>\n\n\n\n<p>Dobar je za vid &#8211; \u0161titi od upala i smanjuje rizik od bolesti mre\u017enice. Sadr\u017ei vitamin A koji je va\u017ean za proizvodnju proteina u o\u010dima, zaslu\u017enog za dobar vid. Ljudi kojima nedostaje ovog vitamina mogu patiti od no\u0107nog sljepila i drugih poreme\u0107aja. Jedan luk sadr\u017ei oko 3 posto dnevnih potreba za vitaminom A.<\/p>\n\n\n\n<p>Ja\u010da kosti &#8211; vitamin C i K kojima mladi luk obiluje, dobri su za za\u0161titu kostiju. Samo jedan luk sadr\u017ei oko 20 posto preporu\u010dene doze vitamina K i oko 2 posto vitamina C. I jedan i drugi va\u017eni su sa gusto\u0107u i \u010dvrsto\u0107u kostiju. Nedostatak ovih vitamina pove\u0107ava \u0161ansu za razvoj osteoporoze i lomove, prenosi portal<\/p>\n\n\n\n<p>Sni\u017eava kolesterol &#8211; posebno njegov zeleni dio koji neki ljudi bacaju, a bolje bi bilo da ga pojedu. Osim \u0161to sni\u017eava razinu lo\u0161eg kolesterola u krvi, poma\u017ee i u reguliranju razine \u0161e\u0107era.<\/p>\n\n\n\n<p>Za ljep\u0161u ko\u017eu &#8211; poma\u017ee tijelu u proizvodnji kolagena koji je va\u017ean za lijepu, zdravu i zategnutu ko\u017eu. Kolagen je zaslu\u017ean za usporavanje nastanka bora na licu i nalazi se u mnogim kremama, pi\u0161e 24sata.<\/p>\n\n\n\n<p>Izvor:24sata.hr<\/p>\n","protected":false},"excerpt":{"rendered":"<p>Sti\u017ee sezona mladog luka, koji je prebogat vitaminima i mineralima i odli\u010dan u za\u0161titi zdravlja, pa je \u0161teta ne iskoristiti priliku i ne uvrstiti ga u prehranu. Poznato je da mladi luk ima antibakterijska svojstva te \u0161titi od upala, kao i da poma\u017ee kod prehlade, a odli\u010dan je i za pobolj\u0161anje probave.&nbsp;Imajte na umu da [&hellip;]<\/p>\n","protected":false},"author":2,"featured_media":702,"comment_status":"closed","ping_status":"closed","sticky":false,"template":"","format":"standard","meta":{"h5ap_radio_sources":[],"footnotes":""},"categories":[1],"tags":[],"class_list":["post-701","post","type-post","status-publish","format-standard","has-post-thumbnail","hentry","category-bihiregija"],"yoast_head":"<!-- This site is optimized with the Yoast SEO plugin v27.5 - https:\/\/yoast.com\/product\/yoast-seo-wordpress\/ -->\n<title>Sezona je mladog luka \u2013 pogledajte kako ga iskoristiti - RADIO LJUBU\u0160KI<\/title>\n<meta name=\"robots\" content=\"index, follow, max-snippet:-1, max-image-preview:large, max-video-preview:-1\" \/>\n<link rel=\"canonical\" href=\"https:\/\/radioljubuski.ba\/index.php\/2021\/03\/02\/sezona-je-mladog-luka-pogledajte-kako-ga-iskoristiti\/\" \/>\n<meta property=\"og:locale\" content=\"hr_HR\" \/>\n<meta property=\"og:type\" content=\"article\" \/>\n<meta property=\"og:title\" content=\"Sezona je mladog luka \u2013 pogledajte kako ga iskoristiti - RADIO LJUBU\u0160KI\" \/>\n<meta property=\"og:description\" content=\"Sti\u017ee sezona mladog luka, koji je prebogat vitaminima i mineralima i odli\u010dan u za\u0161titi zdravlja, pa je \u0161teta ne iskoristiti priliku i ne uvrstiti ga u prehranu. Poznato je da mladi luk ima antibakterijska svojstva te \u0161titi od upala, kao i da poma\u017ee kod prehlade, a odli\u010dan je i za pobolj\u0161anje probave.&nbsp;Imajte na umu da [&hellip;]\" \/>\n<meta property=\"og:url\" content=\"https:\/\/radioljubuski.ba\/index.php\/2021\/03\/02\/sezona-je-mladog-luka-pogledajte-kako-ga-iskoristiti\/\" \/>\n<meta property=\"og:site_name\" content=\"RADIO LJUBU\u0160KI\" \/>\n<meta property=\"article:publisher\" content=\"https:\/\/www.facebook.com\/Radiio-Ljubuski-1490835324566332\" \/>\n<meta property=\"article:published_time\" content=\"2021-03-02T01:50:51+00:00\" \/>\n<meta property=\"article:modified_time\" content=\"2021-03-02T01:50:52+00:00\" \/>\n<meta property=\"og:image\" content=\"https:\/\/radioljubuski.ba\/wp-content\/uploads\/2021\/03\/tw8FMp4P_preuzmi_33_475_316_85_s_c1.jpg\" \/>\n\t<meta property=\"og:image:width\" content=\"475\" \/>\n\t<meta property=\"og:image:height\" content=\"316\" \/>\n\t<meta property=\"og:image:type\" content=\"image\/jpeg\" \/>\n<meta name=\"author\" content=\"Radio Ljubu\u0161ki\" \/>\n<meta name=\"twitter:card\" content=\"summary_large_image\" \/>\n<meta name=\"twitter:creator\" content=\"@radioljubuski\" \/>\n<meta name=\"twitter:site\" content=\"@radioljubuski\" \/>\n<meta name=\"twitter:label1\" content=\"Napisao\/la\" \/>\n\t<meta name=\"twitter:data1\" content=\"Radio Ljubu\u0161ki\" \/>\n\t<meta name=\"twitter:label2\" content=\"Procijenjeno vrijeme \u010ditanja\" \/>\n\t<meta name=\"twitter:data2\" content=\"2 minute\" \/>\n<script type=\"application\/ld+json\" class=\"yoast-schema-graph\">{\"@context\":\"https:\\\/\\\/schema.org\",\"@graph\":[{\"@type\":\"Article\",\"@id\":\"https:\\\/\\\/radioljubuski.ba\\\/index.php\\\/2021\\\/03\\\/02\\\/sezona-je-mladog-luka-pogledajte-kako-ga-iskoristiti\\\/#article\",\"isPartOf\":{\"@id\":\"https:\\\/\\\/radioljubuski.ba\\\/index.php\\\/2021\\\/03\\\/02\\\/sezona-je-mladog-luka-pogledajte-kako-ga-iskoristiti\\\/\"},\"author\":{\"name\":\"Radio Ljubu\u0161ki\",\"@id\":\"https:\\\/\\\/radioljubuski.ba\\\/#\\\/schema\\\/person\\\/19fc700381a780f69665d7956c469e3b\"},\"headline\":\"Sezona je mladog luka \u2013 pogledajte kako ga iskoristiti\",\"datePublished\":\"2021-03-02T01:50:51+00:00\",\"dateModified\":\"2021-03-02T01:50:52+00:00\",\"mainEntityOfPage\":{\"@id\":\"https:\\\/\\\/radioljubuski.ba\\\/index.php\\\/2021\\\/03\\\/02\\\/sezona-je-mladog-luka-pogledajte-kako-ga-iskoristiti\\\/\"},\"wordCount\":347,\"publisher\":{\"@id\":\"https:\\\/\\\/radioljubuski.ba\\\/#organization\"},\"image\":{\"@id\":\"https:\\\/\\\/radioljubuski.ba\\\/index.php\\\/2021\\\/03\\\/02\\\/sezona-je-mladog-luka-pogledajte-kako-ga-iskoristiti\\\/#primaryimage\"},\"thumbnailUrl\":\"https:\\\/\\\/radioljubuski.ba\\\/wp-content\\\/uploads\\\/2021\\\/03\\\/tw8FMp4P_preuzmi_33_475_316_85_s_c1.jpg\",\"articleSection\":[\"BIH i regija\"],\"inLanguage\":\"hr\"},{\"@type\":\"WebPage\",\"@id\":\"https:\\\/\\\/radioljubuski.ba\\\/index.php\\\/2021\\\/03\\\/02\\\/sezona-je-mladog-luka-pogledajte-kako-ga-iskoristiti\\\/\",\"url\":\"https:\\\/\\\/radioljubuski.ba\\\/index.php\\\/2021\\\/03\\\/02\\\/sezona-je-mladog-luka-pogledajte-kako-ga-iskoristiti\\\/\",\"name\":\"Sezona je mladog luka \u2013 pogledajte kako ga iskoristiti - RADIO LJUBU\u0160KI\",\"isPartOf\":{\"@id\":\"https:\\\/\\\/radioljubuski.ba\\\/#website\"},\"primaryImageOfPage\":{\"@id\":\"https:\\\/\\\/radioljubuski.ba\\\/index.php\\\/2021\\\/03\\\/02\\\/sezona-je-mladog-luka-pogledajte-kako-ga-iskoristiti\\\/#primaryimage\"},\"image\":{\"@id\":\"https:\\\/\\\/radioljubuski.ba\\\/index.php\\\/2021\\\/03\\\/02\\\/sezona-je-mladog-luka-pogledajte-kako-ga-iskoristiti\\\/#primaryimage\"},\"thumbnailUrl\":\"https:\\\/\\\/radioljubuski.ba\\\/wp-content\\\/uploads\\\/2021\\\/03\\\/tw8FMp4P_preuzmi_33_475_316_85_s_c1.jpg\",\"datePublished\":\"2021-03-02T01:50:51+00:00\",\"dateModified\":\"2021-03-02T01:50:52+00:00\",\"breadcrumb\":{\"@id\":\"https:\\\/\\\/radioljubuski.ba\\\/index.php\\\/2021\\\/03\\\/02\\\/sezona-je-mladog-luka-pogledajte-kako-ga-iskoristiti\\\/#breadcrumb\"},\"inLanguage\":\"hr\",\"potentialAction\":[{\"@type\":\"ReadAction\",\"target\":[\"https:\\\/\\\/radioljubuski.ba\\\/index.php\\\/2021\\\/03\\\/02\\\/sezona-je-mladog-luka-pogledajte-kako-ga-iskoristiti\\\/\"]}]},{\"@type\":\"ImageObject\",\"inLanguage\":\"hr\",\"@id\":\"https:\\\/\\\/radioljubuski.ba\\\/index.php\\\/2021\\\/03\\\/02\\\/sezona-je-mladog-luka-pogledajte-kako-ga-iskoristiti\\\/#primaryimage\",\"url\":\"https:\\\/\\\/radioljubuski.ba\\\/wp-content\\\/uploads\\\/2021\\\/03\\\/tw8FMp4P_preuzmi_33_475_316_85_s_c1.jpg\",\"contentUrl\":\"https:\\\/\\\/radioljubuski.ba\\\/wp-content\\\/uploads\\\/2021\\\/03\\\/tw8FMp4P_preuzmi_33_475_316_85_s_c1.jpg\",\"width\":475,\"height\":316},{\"@type\":\"BreadcrumbList\",\"@id\":\"https:\\\/\\\/radioljubuski.ba\\\/index.php\\\/2021\\\/03\\\/02\\\/sezona-je-mladog-luka-pogledajte-kako-ga-iskoristiti\\\/#breadcrumb\",\"itemListElement\":[{\"@type\":\"ListItem\",\"position\":1,\"name\":\"Po\u010detna stranica\",\"item\":\"https:\\\/\\\/radioljubuski.ba\\\/\"},{\"@type\":\"ListItem\",\"position\":2,\"name\":\"Sezona je mladog luka \u2013 pogledajte kako ga iskoristiti\"}]},{\"@type\":\"WebSite\",\"@id\":\"https:\\\/\\\/radioljubuski.ba\\\/#website\",\"url\":\"https:\\\/\\\/radioljubuski.ba\\\/\",\"name\":\"Radio Ljubu\u0161ki\",\"description\":\"Sun\u010dana frekvencija Hercegovine\",\"publisher\":{\"@id\":\"https:\\\/\\\/radioljubuski.ba\\\/#organization\"},\"potentialAction\":[{\"@type\":\"SearchAction\",\"target\":{\"@type\":\"EntryPoint\",\"urlTemplate\":\"https:\\\/\\\/radioljubuski.ba\\\/?s={search_term_string}\"},\"query-input\":{\"@type\":\"PropertyValueSpecification\",\"valueRequired\":true,\"valueName\":\"search_term_string\"}}],\"inLanguage\":\"hr\"},{\"@type\":\"Organization\",\"@id\":\"https:\\\/\\\/radioljubuski.ba\\\/#organization\",\"name\":\"Radio Ljubu\u0161ki\",\"url\":\"https:\\\/\\\/radioljubuski.ba\\\/\",\"logo\":{\"@type\":\"ImageObject\",\"inLanguage\":\"hr\",\"@id\":\"https:\\\/\\\/radioljubuski.ba\\\/#\\\/schema\\\/logo\\\/image\\\/\",\"url\":\"https:\\\/\\\/radioljubuski.ba\\\/wp-content\\\/uploads\\\/2021\\\/02\\\/cropped-Radio_Ljubuski_logo1.jpg\",\"contentUrl\":\"https:\\\/\\\/radioljubuski.ba\\\/wp-content\\\/uploads\\\/2021\\\/02\\\/cropped-Radio_Ljubuski_logo1.jpg\",\"width\":512,\"height\":512,\"caption\":\"Radio Ljubu\u0161ki\"},\"image\":{\"@id\":\"https:\\\/\\\/radioljubuski.ba\\\/#\\\/schema\\\/logo\\\/image\\\/\"},\"sameAs\":[\"https:\\\/\\\/www.facebook.com\\\/Radiio-Ljubuski-1490835324566332\",\"https:\\\/\\\/x.com\\\/radioljubuski\",\"https:\\\/\\\/hr.linkedin.com\\\/company\\\/radio-ljubuski\",\"https:\\\/\\\/www.youtube.com\\\/channel\\\/UCHYaeO_n0Db3tjNGudGpXyw\"]},{\"@type\":\"Person\",\"@id\":\"https:\\\/\\\/radioljubuski.ba\\\/#\\\/schema\\\/person\\\/19fc700381a780f69665d7956c469e3b\",\"name\":\"Radio Ljubu\u0161ki\"}]}<\/script>\n<!-- \/ Yoast SEO plugin. -->","yoast_head_json":{"title":"Sezona je mladog luka \u2013 pogledajte kako ga iskoristiti - RADIO LJUBU\u0160KI","robots":{"index":"index","follow":"follow","max-snippet":"max-snippet:-1","max-image-preview":"max-image-preview:large","max-video-preview":"max-video-preview:-1"},"canonical":"https:\/\/radioljubuski.ba\/index.php\/2021\/03\/02\/sezona-je-mladog-luka-pogledajte-kako-ga-iskoristiti\/","og_locale":"hr_HR","og_type":"article","og_title":"Sezona je mladog luka \u2013 pogledajte kako ga iskoristiti - RADIO LJUBU\u0160KI","og_description":"Sti\u017ee sezona mladog luka, koji je prebogat vitaminima i mineralima i odli\u010dan u za\u0161titi zdravlja, pa je \u0161teta ne iskoristiti priliku i ne uvrstiti ga u prehranu. Poznato je da mladi luk ima antibakterijska svojstva te \u0161titi od upala, kao i da poma\u017ee kod prehlade, a odli\u010dan je i za pobolj\u0161anje probave.&nbsp;Imajte na umu da [&hellip;]","og_url":"https:\/\/radioljubuski.ba\/index.php\/2021\/03\/02\/sezona-je-mladog-luka-pogledajte-kako-ga-iskoristiti\/","og_site_name":"RADIO LJUBU\u0160KI","article_publisher":"https:\/\/www.facebook.com\/Radiio-Ljubuski-1490835324566332","article_published_time":"2021-03-02T01:50:51+00:00","article_modified_time":"2021-03-02T01:50:52+00:00","og_image":[{"width":475,"height":316,"url":"https:\/\/radioljubuski.ba\/wp-content\/uploads\/2021\/03\/tw8FMp4P_preuzmi_33_475_316_85_s_c1.jpg","type":"image\/jpeg"}],"author":"Radio Ljubu\u0161ki","twitter_card":"summary_large_image","twitter_creator":"@radioljubuski","twitter_site":"@radioljubuski","twitter_misc":{"Napisao\/la":"Radio Ljubu\u0161ki","Procijenjeno vrijeme \u010ditanja":"2 minute"},"schema":{"@context":"https:\/\/schema.org","@graph":[{"@type":"Article","@id":"https:\/\/radioljubuski.ba\/index.php\/2021\/03\/02\/sezona-je-mladog-luka-pogledajte-kako-ga-iskoristiti\/#article","isPartOf":{"@id":"https:\/\/radioljubuski.ba\/index.php\/2021\/03\/02\/sezona-je-mladog-luka-pogledajte-kako-ga-iskoristiti\/"},"author":{"name":"Radio Ljubu\u0161ki","@id":"https:\/\/radioljubuski.ba\/#\/schema\/person\/19fc700381a780f69665d7956c469e3b"},"headline":"Sezona je mladog luka \u2013 pogledajte kako ga iskoristiti","datePublished":"2021-03-02T01:50:51+00:00","dateModified":"2021-03-02T01:50:52+00:00","mainEntityOfPage":{"@id":"https:\/\/radioljubuski.ba\/index.php\/2021\/03\/02\/sezona-je-mladog-luka-pogledajte-kako-ga-iskoristiti\/"},"wordCount":347,"publisher":{"@id":"https:\/\/radioljubuski.ba\/#organization"},"image":{"@id":"https:\/\/radioljubuski.ba\/index.php\/2021\/03\/02\/sezona-je-mladog-luka-pogledajte-kako-ga-iskoristiti\/#primaryimage"},"thumbnailUrl":"https:\/\/radioljubuski.ba\/wp-content\/uploads\/2021\/03\/tw8FMp4P_preuzmi_33_475_316_85_s_c1.jpg","articleSection":["BIH i regija"],"inLanguage":"hr"},{"@type":"WebPage","@id":"https:\/\/radioljubuski.ba\/index.php\/2021\/03\/02\/sezona-je-mladog-luka-pogledajte-kako-ga-iskoristiti\/","url":"https:\/\/radioljubuski.ba\/index.php\/2021\/03\/02\/sezona-je-mladog-luka-pogledajte-kako-ga-iskoristiti\/","name":"Sezona je mladog luka \u2013 pogledajte kako ga iskoristiti - RADIO LJUBU\u0160KI","isPartOf":{"@id":"https:\/\/radioljubuski.ba\/#website"},"primaryImageOfPage":{"@id":"https:\/\/radioljubuski.ba\/index.php\/2021\/03\/02\/sezona-je-mladog-luka-pogledajte-kako-ga-iskoristiti\/#primaryimage"},"image":{"@id":"https:\/\/radioljubuski.ba\/index.php\/2021\/03\/02\/sezona-je-mladog-luka-pogledajte-kako-ga-iskoristiti\/#primaryimage"},"thumbnailUrl":"https:\/\/radioljubuski.ba\/wp-content\/uploads\/2021\/03\/tw8FMp4P_preuzmi_33_475_316_85_s_c1.jpg","datePublished":"2021-03-02T01:50:51+00:00","dateModified":"2021-03-02T01:50:52+00:00","breadcrumb":{"@id":"https:\/\/radioljubuski.ba\/index.php\/2021\/03\/02\/sezona-je-mladog-luka-pogledajte-kako-ga-iskoristiti\/#breadcrumb"},"inLanguage":"hr","potentialAction":[{"@type":"ReadAction","target":["https:\/\/radioljubuski.ba\/index.php\/2021\/03\/02\/sezona-je-mladog-luka-pogledajte-kako-ga-iskoristiti\/"]}]},{"@type":"ImageObject","inLanguage":"hr","@id":"https:\/\/radioljubuski.ba\/index.php\/2021\/03\/02\/sezona-je-mladog-luka-pogledajte-kako-ga-iskoristiti\/#primaryimage","url":"https:\/\/radioljubuski.ba\/wp-content\/uploads\/2021\/03\/tw8FMp4P_preuzmi_33_475_316_85_s_c1.jpg","contentUrl":"https:\/\/radioljubuski.ba\/wp-content\/uploads\/2021\/03\/tw8FMp4P_preuzmi_33_475_316_85_s_c1.jpg","width":475,"height":316},{"@type":"BreadcrumbList","@id":"https:\/\/radioljubuski.ba\/index.php\/2021\/03\/02\/sezona-je-mladog-luka-pogledajte-kako-ga-iskoristiti\/#breadcrumb","itemListElement":[{"@type":"ListItem","position":1,"name":"Po\u010detna stranica","item":"https:\/\/radioljubuski.ba\/"},{"@type":"ListItem","position":2,"name":"Sezona je mladog luka \u2013 pogledajte kako ga iskoristiti"}]},{"@type":"WebSite","@id":"https:\/\/radioljubuski.ba\/#website","url":"https:\/\/radioljubuski.ba\/","name":"Radio Ljubu\u0161ki","description":"Sun\u010dana frekvencija Hercegovine","publisher":{"@id":"https:\/\/radioljubuski.ba\/#organization"},"potentialAction":[{"@type":"SearchAction","target":{"@type":"EntryPoint","urlTemplate":"https:\/\/radioljubuski.ba\/?s={search_term_string}"},"query-input":{"@type":"PropertyValueSpecification","valueRequired":true,"valueName":"search_term_string"}}],"inLanguage":"hr"},{"@type":"Organization","@id":"https:\/\/radioljubuski.ba\/#organization","name":"Radio Ljubu\u0161ki","url":"https:\/\/radioljubuski.ba\/","logo":{"@type":"ImageObject","inLanguage":"hr","@id":"https:\/\/radioljubuski.ba\/#\/schema\/logo\/image\/","url":"https:\/\/radioljubuski.ba\/wp-content\/uploads\/2021\/02\/cropped-Radio_Ljubuski_logo1.jpg","contentUrl":"https:\/\/radioljubuski.ba\/wp-content\/uploads\/2021\/02\/cropped-Radio_Ljubuski_logo1.jpg","width":512,"height":512,"caption":"Radio Ljubu\u0161ki"},"image":{"@id":"https:\/\/radioljubuski.ba\/#\/schema\/logo\/image\/"},"sameAs":["https:\/\/www.facebook.com\/Radiio-Ljubuski-1490835324566332","https:\/\/x.com\/radioljubuski","https:\/\/hr.linkedin.com\/company\/radio-ljubuski","https:\/\/www.youtube.com\/channel\/UCHYaeO_n0Db3tjNGudGpXyw"]},{"@type":"Person","@id":"https:\/\/radioljubuski.ba\/#\/schema\/person\/19fc700381a780f69665d7956c469e3b","name":"Radio Ljubu\u0161ki"}]}},"_links":{"self":[{"href":"https:\/\/radioljubuski.ba\/index.php\/wp-json\/wp\/v2\/posts\/701","targetHints":{"allow":["GET"]}}],"collection":[{"href":"https:\/\/radioljubuski.ba\/index.php\/wp-json\/wp\/v2\/posts"}],"about":[{"href":"https:\/\/radioljubuski.ba\/index.php\/wp-json\/wp\/v2\/types\/post"}],"author":[{"embeddable":true,"href":"https:\/\/radioljubuski.ba\/index.php\/wp-json\/wp\/v2\/users\/2"}],"replies":[{"embeddable":true,"href":"https:\/\/radioljubuski.ba\/index.php\/wp-json\/wp\/v2\/comments?post=701"}],"version-history":[{"count":1,"href":"https:\/\/radioljubuski.ba\/index.php\/wp-json\/wp\/v2\/posts\/701\/revisions"}],"predecessor-version":[{"id":703,"href":"https:\/\/radioljubuski.ba\/index.php\/wp-json\/wp\/v2\/posts\/701\/revisions\/703"}],"wp:featuredmedia":[{"embeddable":true,"href":"https:\/\/radioljubuski.ba\/index.php\/wp-json\/wp\/v2\/media\/702"}],"wp:attachment":[{"href":"https:\/\/radioljubuski.ba\/index.php\/wp-json\/wp\/v2\/media?parent=701"}],"wp:term":[{"taxonomy":"category","embeddable":true,"href":"https:\/\/radioljubuski.ba\/index.php\/wp-json\/wp\/v2\/categories?post=701"},{"taxonomy":"post_tag","embeddable":true,"href":"https:\/\/radioljubuski.ba\/index.php\/wp-json\/wp\/v2\/tags?post=701"}],"curies":[{"name":"wp","href":"https:\/\/api.w.org\/{rel}","templated":true}]}}