{"id":710,"date":"2021-03-02T07:36:34","date_gmt":"2021-03-02T07:36:34","guid":{"rendered":"https:\/\/radioljubuski.ba\/?p=710"},"modified":"2021-03-02T07:36:35","modified_gmt":"2021-03-02T07:36:35","slug":"intervju-sa-sirokobrijezankom-koja-ce-semestar-provesti-na-studenskoj-razmjeni-u-ceskoj","status":"publish","type":"post","link":"https:\/\/radioljubuski.ba\/index.php\/2021\/03\/02\/intervju-sa-sirokobrijezankom-koja-ce-semestar-provesti-na-studenskoj-razmjeni-u-ceskoj\/","title":{"rendered":"Intervju sa \u0160irokobrije\u017eankom koja \u0107e semestar provesti na studenskoj razmjeni u \u010ce\u0161koj"},"content":{"rendered":"\n<p>Studentica Filozofskog fakulteta Sveu\u010dili\u0161ta u Mostaru Ana Mikuli\u0107 (3.godina preddiplomskog studija Odnosi s javno\u0161\u0107u) provest \u0107e ljetni semestar akademske godine 2020.\/21. na studijskoj mobilnosti u okviru Erasmus programa na Masaryk University u Brnu, \u010ce\u0161ka.<\/p>\n\n\n\n<p>Ana je nedavno oti\u0161la na razmjenu u Brno, pa smo ju kontaktirali i zamolili da podjeli s nama svoje iskustvo. U nastavku mo\u017eete pro\u010ditati \u0161to je Anu potaknulo na razmjenu, kakvi su joj dojmovi, te kakvo je stanje u Brnu po\u0161to je potpuni lockdown.<\/p>\n\n\n\n<p><strong>\u0160to te potaknulo da se prijavi\u0161 na Erasmus razmjenu?<\/strong><\/p>\n\n\n\n<p>\u2013 Jo\u0161 u srednjoj \u0161koli sam saznala za Erasmus i ve\u0107 tada sam znala da \u0107u se prijaviti. Mogu\u0107nost upoznavanja novih ljudi, navikavanja na druga\u010diju kulturu, studiranja op\u0107enito u nekoj stranoj zemlji je fantasti\u010dna. Uz sve to dobiva se i stipendija, tako da roditelji nisu optere\u0107eni. Ne vidim razlog za\u0161to to iskustvo ne bi iskoristio svaki student.<\/p>\n\n\n\n<p><strong>Koja su bila va\u0161a o\u010dekivanja prije samog odlaska na razmjenu, unato\u010d koronavirusa?<\/strong><\/p>\n\n\n\n<p>\u2013 Iskreno, nisam imala nikakva o\u010dekivanja. Znala sam da idem na razmjenu u najgorem mogu\u0107em trenutku, jer je \u010ce\u0161ka trenutno jedna od najgorih dr\u017eava \u0161to se ti\u010de koronavirusa. Ali u isto vrijeme, mlada sam i potpuno zdrava, najbolje godine moga \u017eivota ne mogu stati radi virusa. Tako da sam svejedno odlu\u010dila i\u0107i.<\/p>\n\n\n\n<p><strong>Kako je pro\u0161ao sami put do gore? Jesi li morala biti u karanteni?<\/strong><\/p>\n\n\n\n<p>\u2013 Put je bio u redu. Dobro sam se organizirala, pa nisam imala nikakvih problema na granicama. Morala sam biti u samoizolaciji pet dana, jer dolazim iz tamno crvene zemlje. Peti dan sam se testirala i onda sam bila gotova sa izolacijom.<\/p>\n\n\n\n<p><img loading=\"lazy\" decoding=\"async\" src=\"https:\/\/www.vrisak.info\/wp-content\/uploads\/2021\/03\/A94508BA-ACE1-4A0B-B3DA-C39A662C81BC.jpeg\" alt=\"\" width=\"1200\" height=\"1600\" srcset=\"https:\/\/www.vrisak.info\/wp-content\/uploads\/2021\/03\/A94508BA-ACE1-4A0B-B3DA-C39A662C81BC.jpeg 1200w, https:\/\/www.vrisak.info\/wp-content\/uploads\/2021\/03\/A94508BA-ACE1-4A0B-B3DA-C39A662C81BC-225x300.jpeg 225w, https:\/\/www.vrisak.info\/wp-content\/uploads\/2021\/03\/A94508BA-ACE1-4A0B-B3DA-C39A662C81BC-768x1024.jpeg 768w, https:\/\/www.vrisak.info\/wp-content\/uploads\/2021\/03\/A94508BA-ACE1-4A0B-B3DA-C39A662C81BC-1152x1536.jpeg 1152w, https:\/\/www.vrisak.info\/wp-content\/uploads\/2021\/03\/A94508BA-ACE1-4A0B-B3DA-C39A662C81BC-750x1000.jpeg 750w, https:\/\/www.vrisak.info\/wp-content\/uploads\/2021\/03\/A94508BA-ACE1-4A0B-B3DA-C39A662C81BC-1140x1520.jpeg 1140w\"><strong>Kako si se na po\u010detku sna\u0161la tamo? Je li ti se bilo te\u0161ko prilagoditi na drugi jezik \/ kulturu \/ ljude?<\/strong><\/p>\n\n\n\n<p>\u2013 Iz razloga \u0161to smo stalno u domu, vi\u0161e sam nau\u010dila o talijanskoj, francuskoj i \u0161panjolskoj kulturi nego o \u010de\u0161koj. \u0160to se ti\u010de jezika, te\u0161ko je. Stariji lokalci ne pri\u010daju engleski, ne znam je li ne znaju ili ne \u017eele, s mla\u0111ima je malo lak\u0161e, ali oni koje sam upoznala nisu ba\u0161 dobri s engleskim jezikom. Tako\u0111er uvijek kada \u010dujem \u010de\u0161ki jezik na prvu pomislim da razumijem, radi izgovora rije\u010di, ali zapravo ne razumijem ni\u0161ta.<\/p>\n\n\n\n<p><strong>Koliko si se brzo sna\u0161la i prilagodila \u017eivotu u stranoj dr\u017eavi?<\/strong><\/p>\n\n\n\n<p>\u2013 Iskreno, vrlo brzo. Nije to neka velika razlika od Bosne i Hercegovine. Jedina razlika koju sam odmah primijetila je da ljudi nisu ba\u0161 prijateljski nastrojeni prema strancima kao kod nas.<\/p>\n\n\n\n<p><strong>\u0160to se ti\u010de nastave odvija se online. Kakva su pravila \u0161to se ti\u010de vi\u0111anja s osobama?<\/strong><\/p>\n\n\n\n<p>\u2013 Izme\u0111u ostalih mjera, tu je i ona da skupa smiju biti samo dvije osobe. Rekla bih da se lokalci dr\u017ee pravila, ali stranci ba\u0161 i ne. No do sad nije bilo nikakvih incidenata radi te mjere.<\/p>\n\n\n\n<p><strong>Kako provodi\u0161 vrijeme u Brnu jer je potpuni lockdown u \u010ce\u0161koj?<\/strong><\/p>\n\n\n\n<p>\u2013 Brno ima prelijepe parkove, tako da po danu \u0161etamo, a nave\u010der se dru\u017eimo u domu. Nikad nije dosadno jer smo svi iz razli\u010ditih zemalja.<\/p>\n\n\n\n<p><img loading=\"lazy\" decoding=\"async\" src=\"https:\/\/www.vrisak.info\/wp-content\/uploads\/2021\/03\/69E39E6E-9887-4E2D-AB04-316A335E184F.jpeg\" alt=\"\" width=\"1200\" height=\"1600\" srcset=\"https:\/\/www.vrisak.info\/wp-content\/uploads\/2021\/03\/69E39E6E-9887-4E2D-AB04-316A335E184F.jpeg 1200w, https:\/\/www.vrisak.info\/wp-content\/uploads\/2021\/03\/69E39E6E-9887-4E2D-AB04-316A335E184F-225x300.jpeg 225w, https:\/\/www.vrisak.info\/wp-content\/uploads\/2021\/03\/69E39E6E-9887-4E2D-AB04-316A335E184F-768x1024.jpeg 768w, https:\/\/www.vrisak.info\/wp-content\/uploads\/2021\/03\/69E39E6E-9887-4E2D-AB04-316A335E184F-1152x1536.jpeg 1152w, https:\/\/www.vrisak.info\/wp-content\/uploads\/2021\/03\/69E39E6E-9887-4E2D-AB04-316A335E184F-750x1000.jpeg 750w, https:\/\/www.vrisak.info\/wp-content\/uploads\/2021\/03\/69E39E6E-9887-4E2D-AB04-316A335E184F-1140x1520.jpeg 1140w\"><strong>Kakve su mjere poduzete u \u010ce\u0161koj?<\/strong><\/p>\n\n\n\n<p>\u2013 Sve je zatvoreno, osim trgovina s osnovnim potrep\u0161tinama, obavezno je no\u0161enje FFP2 maski, u supermarketima mo\u017ee biti samo odre\u0111eni broj ljudi, ovisno o veli\u010dini trgovine. Grupe mogu \u010diniti samo dvije osobe. Najnovija mjera je zabrana kretanja izme\u0111u \u017eupanija.<\/p>\n\n\n\n<p><strong>Pridr\u017eavaju li se ljudi mjera? Ima li ljudi na ulicama?<\/strong><\/p>\n\n\n\n<p>\u2013 Ulice su pune. Ka\u017eu mi da nisu toliko puno kao \u0161to bi bile u normalno vrijeme, ali svejedno ljudi su vani. Rekla bih da se lokalci pridr\u017eavaju mjera, ali stranci ba\u0161 i ne.<\/p>\n\n\n\n<p><strong>Vlada li jo\u0161 uvijek panika zbog koronavirusa?<\/strong><\/p>\n\n\n\n<p>\u2013 Za na\u0161 hercegova\u010dki mentalitet ljudi jesu u panici, ali moji prijatelji iz drugih dr\u017eava ka\u017eu da ovdje panike nema.<\/p>\n\n\n\n<p><strong>\u0160to bi poru\u010dila studentima koji razmi\u0161ljaju o odlasku na Erasmus razmjenu?<\/strong><\/p>\n\n\n\n<p>\u2013 Svatko tko studira i ima natje\u010daje za erasmus na svom fakultetu mora probati oti\u0107i na razmjenu. To je iskustvo koje se pamti cijeli \u017eivot.<\/p>\n\n\n\n<p>Izvor: <strong>Vrisak.info<\/strong><\/p>\n","protected":false},"excerpt":{"rendered":"<p>Studentica Filozofskog fakulteta Sveu\u010dili\u0161ta u Mostaru Ana Mikuli\u0107 (3.godina preddiplomskog studija Odnosi s javno\u0161\u0107u) provest \u0107e ljetni semestar akademske godine 2020.\/21. na studijskoj mobilnosti u okviru Erasmus programa na Masaryk University u Brnu, \u010ce\u0161ka. Ana je nedavno oti\u0161la na razmjenu u Brno, pa smo ju kontaktirali i zamolili da podjeli s nama svoje iskustvo. U [&hellip;]<\/p>\n","protected":false},"author":2,"featured_media":711,"comment_status":"closed","ping_status":"closed","sticky":false,"template":"","format":"standard","meta":{"h5ap_radio_sources":[],"footnotes":""},"categories":[1],"tags":[],"class_list":["post-710","post","type-post","status-publish","format-standard","has-post-thumbnail","hentry","category-bihiregija"],"yoast_head":"<!-- This site is optimized with the Yoast SEO plugin v27.5 - https:\/\/yoast.com\/product\/yoast-seo-wordpress\/ -->\n<title>Intervju sa \u0160irokobrije\u017eankom koja \u0107e semestar provesti na studenskoj razmjeni u \u010ce\u0161koj - RADIO LJUBU\u0160KI<\/title>\n<meta name=\"robots\" content=\"index, follow, max-snippet:-1, max-image-preview:large, max-video-preview:-1\" \/>\n<link rel=\"canonical\" href=\"https:\/\/radioljubuski.ba\/index.php\/2021\/03\/02\/intervju-sa-sirokobrijezankom-koja-ce-semestar-provesti-na-studenskoj-razmjeni-u-ceskoj\/\" \/>\n<meta property=\"og:locale\" content=\"hr_HR\" \/>\n<meta property=\"og:type\" content=\"article\" \/>\n<meta property=\"og:title\" content=\"Intervju sa \u0160irokobrije\u017eankom koja \u0107e semestar provesti na studenskoj razmjeni u \u010ce\u0161koj - RADIO LJUBU\u0160KI\" \/>\n<meta property=\"og:description\" content=\"Studentica Filozofskog fakulteta Sveu\u010dili\u0161ta u Mostaru Ana Mikuli\u0107 (3.godina preddiplomskog studija Odnosi s javno\u0161\u0107u) provest \u0107e ljetni semestar akademske godine 2020.\/21. na studijskoj mobilnosti u okviru Erasmus programa na Masaryk University u Brnu, \u010ce\u0161ka. Ana je nedavno oti\u0161la na razmjenu u Brno, pa smo ju kontaktirali i zamolili da podjeli s nama svoje iskustvo. U [&hellip;]\" \/>\n<meta property=\"og:url\" content=\"https:\/\/radioljubuski.ba\/index.php\/2021\/03\/02\/intervju-sa-sirokobrijezankom-koja-ce-semestar-provesti-na-studenskoj-razmjeni-u-ceskoj\/\" \/>\n<meta property=\"og:site_name\" content=\"RADIO LJUBU\u0160KI\" \/>\n<meta property=\"article:publisher\" content=\"https:\/\/www.facebook.com\/Radiio-Ljubuski-1490835324566332\" \/>\n<meta property=\"article:published_time\" content=\"2021-03-02T07:36:34+00:00\" \/>\n<meta property=\"article:modified_time\" content=\"2021-03-02T07:36:35+00:00\" \/>\n<meta property=\"og:image\" content=\"https:\/\/radioljubuski.ba\/wp-content\/uploads\/2021\/03\/ana-mikulic.jpeg\" \/>\n\t<meta property=\"og:image:width\" content=\"750\" \/>\n\t<meta property=\"og:image:height\" content=\"515\" \/>\n\t<meta property=\"og:image:type\" content=\"image\/jpeg\" \/>\n<meta name=\"author\" content=\"Radio Ljubu\u0161ki\" \/>\n<meta name=\"twitter:card\" content=\"summary_large_image\" \/>\n<meta name=\"twitter:creator\" content=\"@radioljubuski\" \/>\n<meta name=\"twitter:site\" content=\"@radioljubuski\" \/>\n<meta name=\"twitter:label1\" content=\"Napisao\/la\" \/>\n\t<meta name=\"twitter:data1\" content=\"Radio Ljubu\u0161ki\" \/>\n\t<meta name=\"twitter:label2\" content=\"Procijenjeno vrijeme \u010ditanja\" \/>\n\t<meta name=\"twitter:data2\" content=\"4 minute\" \/>\n<script type=\"application\/ld+json\" class=\"yoast-schema-graph\">{\"@context\":\"https:\\\/\\\/schema.org\",\"@graph\":[{\"@type\":\"Article\",\"@id\":\"https:\\\/\\\/radioljubuski.ba\\\/index.php\\\/2021\\\/03\\\/02\\\/intervju-sa-sirokobrijezankom-koja-ce-semestar-provesti-na-studenskoj-razmjeni-u-ceskoj\\\/#article\",\"isPartOf\":{\"@id\":\"https:\\\/\\\/radioljubuski.ba\\\/index.php\\\/2021\\\/03\\\/02\\\/intervju-sa-sirokobrijezankom-koja-ce-semestar-provesti-na-studenskoj-razmjeni-u-ceskoj\\\/\"},\"author\":{\"name\":\"Radio Ljubu\u0161ki\",\"@id\":\"https:\\\/\\\/radioljubuski.ba\\\/#\\\/schema\\\/person\\\/19fc700381a780f69665d7956c469e3b\"},\"headline\":\"Intervju sa \u0160irokobrije\u017eankom koja \u0107e semestar provesti na studenskoj razmjeni u \u010ce\u0161koj\",\"datePublished\":\"2021-03-02T07:36:34+00:00\",\"dateModified\":\"2021-03-02T07:36:35+00:00\",\"mainEntityOfPage\":{\"@id\":\"https:\\\/\\\/radioljubuski.ba\\\/index.php\\\/2021\\\/03\\\/02\\\/intervju-sa-sirokobrijezankom-koja-ce-semestar-provesti-na-studenskoj-razmjeni-u-ceskoj\\\/\"},\"wordCount\":712,\"publisher\":{\"@id\":\"https:\\\/\\\/radioljubuski.ba\\\/#organization\"},\"image\":{\"@id\":\"https:\\\/\\\/radioljubuski.ba\\\/index.php\\\/2021\\\/03\\\/02\\\/intervju-sa-sirokobrijezankom-koja-ce-semestar-provesti-na-studenskoj-razmjeni-u-ceskoj\\\/#primaryimage\"},\"thumbnailUrl\":\"https:\\\/\\\/radioljubuski.ba\\\/wp-content\\\/uploads\\\/2021\\\/03\\\/ana-mikulic.jpeg\",\"articleSection\":[\"BIH i regija\"],\"inLanguage\":\"hr\"},{\"@type\":\"WebPage\",\"@id\":\"https:\\\/\\\/radioljubuski.ba\\\/index.php\\\/2021\\\/03\\\/02\\\/intervju-sa-sirokobrijezankom-koja-ce-semestar-provesti-na-studenskoj-razmjeni-u-ceskoj\\\/\",\"url\":\"https:\\\/\\\/radioljubuski.ba\\\/index.php\\\/2021\\\/03\\\/02\\\/intervju-sa-sirokobrijezankom-koja-ce-semestar-provesti-na-studenskoj-razmjeni-u-ceskoj\\\/\",\"name\":\"Intervju sa \u0160irokobrije\u017eankom koja \u0107e semestar provesti na studenskoj razmjeni u \u010ce\u0161koj - RADIO LJUBU\u0160KI\",\"isPartOf\":{\"@id\":\"https:\\\/\\\/radioljubuski.ba\\\/#website\"},\"primaryImageOfPage\":{\"@id\":\"https:\\\/\\\/radioljubuski.ba\\\/index.php\\\/2021\\\/03\\\/02\\\/intervju-sa-sirokobrijezankom-koja-ce-semestar-provesti-na-studenskoj-razmjeni-u-ceskoj\\\/#primaryimage\"},\"image\":{\"@id\":\"https:\\\/\\\/radioljubuski.ba\\\/index.php\\\/2021\\\/03\\\/02\\\/intervju-sa-sirokobrijezankom-koja-ce-semestar-provesti-na-studenskoj-razmjeni-u-ceskoj\\\/#primaryimage\"},\"thumbnailUrl\":\"https:\\\/\\\/radioljubuski.ba\\\/wp-content\\\/uploads\\\/2021\\\/03\\\/ana-mikulic.jpeg\",\"datePublished\":\"2021-03-02T07:36:34+00:00\",\"dateModified\":\"2021-03-02T07:36:35+00:00\",\"breadcrumb\":{\"@id\":\"https:\\\/\\\/radioljubuski.ba\\\/index.php\\\/2021\\\/03\\\/02\\\/intervju-sa-sirokobrijezankom-koja-ce-semestar-provesti-na-studenskoj-razmjeni-u-ceskoj\\\/#breadcrumb\"},\"inLanguage\":\"hr\",\"potentialAction\":[{\"@type\":\"ReadAction\",\"target\":[\"https:\\\/\\\/radioljubuski.ba\\\/index.php\\\/2021\\\/03\\\/02\\\/intervju-sa-sirokobrijezankom-koja-ce-semestar-provesti-na-studenskoj-razmjeni-u-ceskoj\\\/\"]}]},{\"@type\":\"ImageObject\",\"inLanguage\":\"hr\",\"@id\":\"https:\\\/\\\/radioljubuski.ba\\\/index.php\\\/2021\\\/03\\\/02\\\/intervju-sa-sirokobrijezankom-koja-ce-semestar-provesti-na-studenskoj-razmjeni-u-ceskoj\\\/#primaryimage\",\"url\":\"https:\\\/\\\/radioljubuski.ba\\\/wp-content\\\/uploads\\\/2021\\\/03\\\/ana-mikulic.jpeg\",\"contentUrl\":\"https:\\\/\\\/radioljubuski.ba\\\/wp-content\\\/uploads\\\/2021\\\/03\\\/ana-mikulic.jpeg\",\"width\":750,\"height\":515},{\"@type\":\"BreadcrumbList\",\"@id\":\"https:\\\/\\\/radioljubuski.ba\\\/index.php\\\/2021\\\/03\\\/02\\\/intervju-sa-sirokobrijezankom-koja-ce-semestar-provesti-na-studenskoj-razmjeni-u-ceskoj\\\/#breadcrumb\",\"itemListElement\":[{\"@type\":\"ListItem\",\"position\":1,\"name\":\"Po\u010detna stranica\",\"item\":\"https:\\\/\\\/radioljubuski.ba\\\/\"},{\"@type\":\"ListItem\",\"position\":2,\"name\":\"Intervju sa \u0160irokobrije\u017eankom koja \u0107e semestar provesti na studenskoj razmjeni u \u010ce\u0161koj\"}]},{\"@type\":\"WebSite\",\"@id\":\"https:\\\/\\\/radioljubuski.ba\\\/#website\",\"url\":\"https:\\\/\\\/radioljubuski.ba\\\/\",\"name\":\"Radio Ljubu\u0161ki\",\"description\":\"Sun\u010dana frekvencija Hercegovine\",\"publisher\":{\"@id\":\"https:\\\/\\\/radioljubuski.ba\\\/#organization\"},\"potentialAction\":[{\"@type\":\"SearchAction\",\"target\":{\"@type\":\"EntryPoint\",\"urlTemplate\":\"https:\\\/\\\/radioljubuski.ba\\\/?s={search_term_string}\"},\"query-input\":{\"@type\":\"PropertyValueSpecification\",\"valueRequired\":true,\"valueName\":\"search_term_string\"}}],\"inLanguage\":\"hr\"},{\"@type\":\"Organization\",\"@id\":\"https:\\\/\\\/radioljubuski.ba\\\/#organization\",\"name\":\"Radio Ljubu\u0161ki\",\"url\":\"https:\\\/\\\/radioljubuski.ba\\\/\",\"logo\":{\"@type\":\"ImageObject\",\"inLanguage\":\"hr\",\"@id\":\"https:\\\/\\\/radioljubuski.ba\\\/#\\\/schema\\\/logo\\\/image\\\/\",\"url\":\"https:\\\/\\\/radioljubuski.ba\\\/wp-content\\\/uploads\\\/2021\\\/02\\\/cropped-Radio_Ljubuski_logo1.jpg\",\"contentUrl\":\"https:\\\/\\\/radioljubuski.ba\\\/wp-content\\\/uploads\\\/2021\\\/02\\\/cropped-Radio_Ljubuski_logo1.jpg\",\"width\":512,\"height\":512,\"caption\":\"Radio Ljubu\u0161ki\"},\"image\":{\"@id\":\"https:\\\/\\\/radioljubuski.ba\\\/#\\\/schema\\\/logo\\\/image\\\/\"},\"sameAs\":[\"https:\\\/\\\/www.facebook.com\\\/Radiio-Ljubuski-1490835324566332\",\"https:\\\/\\\/x.com\\\/radioljubuski\",\"https:\\\/\\\/hr.linkedin.com\\\/company\\\/radio-ljubuski\",\"https:\\\/\\\/www.youtube.com\\\/channel\\\/UCHYaeO_n0Db3tjNGudGpXyw\"]},{\"@type\":\"Person\",\"@id\":\"https:\\\/\\\/radioljubuski.ba\\\/#\\\/schema\\\/person\\\/19fc700381a780f69665d7956c469e3b\",\"name\":\"Radio Ljubu\u0161ki\"}]}<\/script>\n<!-- \/ Yoast SEO plugin. -->","yoast_head_json":{"title":"Intervju sa \u0160irokobrije\u017eankom koja \u0107e semestar provesti na studenskoj razmjeni u \u010ce\u0161koj - RADIO LJUBU\u0160KI","robots":{"index":"index","follow":"follow","max-snippet":"max-snippet:-1","max-image-preview":"max-image-preview:large","max-video-preview":"max-video-preview:-1"},"canonical":"https:\/\/radioljubuski.ba\/index.php\/2021\/03\/02\/intervju-sa-sirokobrijezankom-koja-ce-semestar-provesti-na-studenskoj-razmjeni-u-ceskoj\/","og_locale":"hr_HR","og_type":"article","og_title":"Intervju sa \u0160irokobrije\u017eankom koja \u0107e semestar provesti na studenskoj razmjeni u \u010ce\u0161koj - RADIO LJUBU\u0160KI","og_description":"Studentica Filozofskog fakulteta Sveu\u010dili\u0161ta u Mostaru Ana Mikuli\u0107 (3.godina preddiplomskog studija Odnosi s javno\u0161\u0107u) provest \u0107e ljetni semestar akademske godine 2020.\/21. na studijskoj mobilnosti u okviru Erasmus programa na Masaryk University u Brnu, \u010ce\u0161ka. Ana je nedavno oti\u0161la na razmjenu u Brno, pa smo ju kontaktirali i zamolili da podjeli s nama svoje iskustvo. U [&hellip;]","og_url":"https:\/\/radioljubuski.ba\/index.php\/2021\/03\/02\/intervju-sa-sirokobrijezankom-koja-ce-semestar-provesti-na-studenskoj-razmjeni-u-ceskoj\/","og_site_name":"RADIO LJUBU\u0160KI","article_publisher":"https:\/\/www.facebook.com\/Radiio-Ljubuski-1490835324566332","article_published_time":"2021-03-02T07:36:34+00:00","article_modified_time":"2021-03-02T07:36:35+00:00","og_image":[{"width":750,"height":515,"url":"https:\/\/radioljubuski.ba\/wp-content\/uploads\/2021\/03\/ana-mikulic.jpeg","type":"image\/jpeg"}],"author":"Radio Ljubu\u0161ki","twitter_card":"summary_large_image","twitter_creator":"@radioljubuski","twitter_site":"@radioljubuski","twitter_misc":{"Napisao\/la":"Radio Ljubu\u0161ki","Procijenjeno vrijeme \u010ditanja":"4 minute"},"schema":{"@context":"https:\/\/schema.org","@graph":[{"@type":"Article","@id":"https:\/\/radioljubuski.ba\/index.php\/2021\/03\/02\/intervju-sa-sirokobrijezankom-koja-ce-semestar-provesti-na-studenskoj-razmjeni-u-ceskoj\/#article","isPartOf":{"@id":"https:\/\/radioljubuski.ba\/index.php\/2021\/03\/02\/intervju-sa-sirokobrijezankom-koja-ce-semestar-provesti-na-studenskoj-razmjeni-u-ceskoj\/"},"author":{"name":"Radio Ljubu\u0161ki","@id":"https:\/\/radioljubuski.ba\/#\/schema\/person\/19fc700381a780f69665d7956c469e3b"},"headline":"Intervju sa \u0160irokobrije\u017eankom koja \u0107e semestar provesti na studenskoj razmjeni u \u010ce\u0161koj","datePublished":"2021-03-02T07:36:34+00:00","dateModified":"2021-03-02T07:36:35+00:00","mainEntityOfPage":{"@id":"https:\/\/radioljubuski.ba\/index.php\/2021\/03\/02\/intervju-sa-sirokobrijezankom-koja-ce-semestar-provesti-na-studenskoj-razmjeni-u-ceskoj\/"},"wordCount":712,"publisher":{"@id":"https:\/\/radioljubuski.ba\/#organization"},"image":{"@id":"https:\/\/radioljubuski.ba\/index.php\/2021\/03\/02\/intervju-sa-sirokobrijezankom-koja-ce-semestar-provesti-na-studenskoj-razmjeni-u-ceskoj\/#primaryimage"},"thumbnailUrl":"https:\/\/radioljubuski.ba\/wp-content\/uploads\/2021\/03\/ana-mikulic.jpeg","articleSection":["BIH i regija"],"inLanguage":"hr"},{"@type":"WebPage","@id":"https:\/\/radioljubuski.ba\/index.php\/2021\/03\/02\/intervju-sa-sirokobrijezankom-koja-ce-semestar-provesti-na-studenskoj-razmjeni-u-ceskoj\/","url":"https:\/\/radioljubuski.ba\/index.php\/2021\/03\/02\/intervju-sa-sirokobrijezankom-koja-ce-semestar-provesti-na-studenskoj-razmjeni-u-ceskoj\/","name":"Intervju sa \u0160irokobrije\u017eankom koja \u0107e semestar provesti na studenskoj razmjeni u \u010ce\u0161koj - RADIO LJUBU\u0160KI","isPartOf":{"@id":"https:\/\/radioljubuski.ba\/#website"},"primaryImageOfPage":{"@id":"https:\/\/radioljubuski.ba\/index.php\/2021\/03\/02\/intervju-sa-sirokobrijezankom-koja-ce-semestar-provesti-na-studenskoj-razmjeni-u-ceskoj\/#primaryimage"},"image":{"@id":"https:\/\/radioljubuski.ba\/index.php\/2021\/03\/02\/intervju-sa-sirokobrijezankom-koja-ce-semestar-provesti-na-studenskoj-razmjeni-u-ceskoj\/#primaryimage"},"thumbnailUrl":"https:\/\/radioljubuski.ba\/wp-content\/uploads\/2021\/03\/ana-mikulic.jpeg","datePublished":"2021-03-02T07:36:34+00:00","dateModified":"2021-03-02T07:36:35+00:00","breadcrumb":{"@id":"https:\/\/radioljubuski.ba\/index.php\/2021\/03\/02\/intervju-sa-sirokobrijezankom-koja-ce-semestar-provesti-na-studenskoj-razmjeni-u-ceskoj\/#breadcrumb"},"inLanguage":"hr","potentialAction":[{"@type":"ReadAction","target":["https:\/\/radioljubuski.ba\/index.php\/2021\/03\/02\/intervju-sa-sirokobrijezankom-koja-ce-semestar-provesti-na-studenskoj-razmjeni-u-ceskoj\/"]}]},{"@type":"ImageObject","inLanguage":"hr","@id":"https:\/\/radioljubuski.ba\/index.php\/2021\/03\/02\/intervju-sa-sirokobrijezankom-koja-ce-semestar-provesti-na-studenskoj-razmjeni-u-ceskoj\/#primaryimage","url":"https:\/\/radioljubuski.ba\/wp-content\/uploads\/2021\/03\/ana-mikulic.jpeg","contentUrl":"https:\/\/radioljubuski.ba\/wp-content\/uploads\/2021\/03\/ana-mikulic.jpeg","width":750,"height":515},{"@type":"BreadcrumbList","@id":"https:\/\/radioljubuski.ba\/index.php\/2021\/03\/02\/intervju-sa-sirokobrijezankom-koja-ce-semestar-provesti-na-studenskoj-razmjeni-u-ceskoj\/#breadcrumb","itemListElement":[{"@type":"ListItem","position":1,"name":"Po\u010detna stranica","item":"https:\/\/radioljubuski.ba\/"},{"@type":"ListItem","position":2,"name":"Intervju sa \u0160irokobrije\u017eankom koja \u0107e semestar provesti na studenskoj razmjeni u \u010ce\u0161koj"}]},{"@type":"WebSite","@id":"https:\/\/radioljubuski.ba\/#website","url":"https:\/\/radioljubuski.ba\/","name":"Radio Ljubu\u0161ki","description":"Sun\u010dana frekvencija Hercegovine","publisher":{"@id":"https:\/\/radioljubuski.ba\/#organization"},"potentialAction":[{"@type":"SearchAction","target":{"@type":"EntryPoint","urlTemplate":"https:\/\/radioljubuski.ba\/?s={search_term_string}"},"query-input":{"@type":"PropertyValueSpecification","valueRequired":true,"valueName":"search_term_string"}}],"inLanguage":"hr"},{"@type":"Organization","@id":"https:\/\/radioljubuski.ba\/#organization","name":"Radio Ljubu\u0161ki","url":"https:\/\/radioljubuski.ba\/","logo":{"@type":"ImageObject","inLanguage":"hr","@id":"https:\/\/radioljubuski.ba\/#\/schema\/logo\/image\/","url":"https:\/\/radioljubuski.ba\/wp-content\/uploads\/2021\/02\/cropped-Radio_Ljubuski_logo1.jpg","contentUrl":"https:\/\/radioljubuski.ba\/wp-content\/uploads\/2021\/02\/cropped-Radio_Ljubuski_logo1.jpg","width":512,"height":512,"caption":"Radio Ljubu\u0161ki"},"image":{"@id":"https:\/\/radioljubuski.ba\/#\/schema\/logo\/image\/"},"sameAs":["https:\/\/www.facebook.com\/Radiio-Ljubuski-1490835324566332","https:\/\/x.com\/radioljubuski","https:\/\/hr.linkedin.com\/company\/radio-ljubuski","https:\/\/www.youtube.com\/channel\/UCHYaeO_n0Db3tjNGudGpXyw"]},{"@type":"Person","@id":"https:\/\/radioljubuski.ba\/#\/schema\/person\/19fc700381a780f69665d7956c469e3b","name":"Radio Ljubu\u0161ki"}]}},"_links":{"self":[{"href":"https:\/\/radioljubuski.ba\/index.php\/wp-json\/wp\/v2\/posts\/710","targetHints":{"allow":["GET"]}}],"collection":[{"href":"https:\/\/radioljubuski.ba\/index.php\/wp-json\/wp\/v2\/posts"}],"about":[{"href":"https:\/\/radioljubuski.ba\/index.php\/wp-json\/wp\/v2\/types\/post"}],"author":[{"embeddable":true,"href":"https:\/\/radioljubuski.ba\/index.php\/wp-json\/wp\/v2\/users\/2"}],"replies":[{"embeddable":true,"href":"https:\/\/radioljubuski.ba\/index.php\/wp-json\/wp\/v2\/comments?post=710"}],"version-history":[{"count":1,"href":"https:\/\/radioljubuski.ba\/index.php\/wp-json\/wp\/v2\/posts\/710\/revisions"}],"predecessor-version":[{"id":712,"href":"https:\/\/radioljubuski.ba\/index.php\/wp-json\/wp\/v2\/posts\/710\/revisions\/712"}],"wp:featuredmedia":[{"embeddable":true,"href":"https:\/\/radioljubuski.ba\/index.php\/wp-json\/wp\/v2\/media\/711"}],"wp:attachment":[{"href":"https:\/\/radioljubuski.ba\/index.php\/wp-json\/wp\/v2\/media?parent=710"}],"wp:term":[{"taxonomy":"category","embeddable":true,"href":"https:\/\/radioljubuski.ba\/index.php\/wp-json\/wp\/v2\/categories?post=710"},{"taxonomy":"post_tag","embeddable":true,"href":"https:\/\/radioljubuski.ba\/index.php\/wp-json\/wp\/v2\/tags?post=710"}],"curies":[{"name":"wp","href":"https:\/\/api.w.org\/{rel}","templated":true}]}}