{"id":71750,"date":"2021-10-05T10:54:49","date_gmt":"2021-10-05T09:54:49","guid":{"rendered":"https:\/\/radioljubuski.ba\/?p=71750"},"modified":"2021-10-05T10:54:50","modified_gmt":"2021-10-05T09:54:50","slug":"5-listopada-2002-preminula-mia-corak-slavenska-prva-hrvatska-primabalerina","status":"publish","type":"post","link":"https:\/\/radioljubuski.ba\/index.php\/2021\/10\/05\/5-listopada-2002-preminula-mia-corak-slavenska-prva-hrvatska-primabalerina\/","title":{"rendered":"5. listopada 2002. \u2013 Preminula Mia \u010corak Slavenska, prva hrvatska primabalerina"},"content":{"rendered":"\n<p>Na dana\u0161nji je dan 2002. u Los Angelesu umrla Mia \u010corak Slavenska, prva primabalerina Hrvatskog narodnog kazali\u0161ta koje joj nakon godine dana nije produ\u017eio ugovor te je Mia \u010corak napustila Hrvatsku. U domovinu \u0107e se vratiti njezini posmrtni ostaci 70 godina poslije.<\/p>\n\n\n\n<p><strong>Slavonka po ro\u0111enju<\/strong><\/p>\n\n\n\n<p>Ro\u0111ena je 20. velja\u010de 1916. u Slavonskom Brodu (tada Brod na Savi) u obitelji Hedde (Hedvige) r. Palmer i Milana \u010corka. Majka je potjecala iz glazbene obitelji. Usmjeravala je Miju prema plesu i glazbi, upisivala je kod najboljih u\u010ditelja onoga vremena, \u010dvrstom rukom pomagala Miji u odricanju, upornosti i beskompromisnosti koju je zahtijevao \u017eivot balerine, cijelo ju je vrijeme pratila u inozemstvu, u Americi je \u017eivjela s Mijom i njezinim suprugom, \u010duvala unuku dok je Mija bila na turnejama. Otac Milan \u010corak bio je ljekarnik. Nakon zavr\u0161etka Drugog svjetskog rata Mia je organizirala njegov dolazak iz Hrvatske u SAD, ali je otac umro.<\/p>\n\n\n\n<p><strong>Plesni po\u010deci<\/strong><\/p>\n\n\n\n<p>Ro\u0111ena kao nedono\u0161\u010de, krhkije gra\u0111e i slabijeg apetita, lije\u010dnik preporu\u010duje da se bavi nekim oblikom tjelovje\u017ebe. Majka je upisuje na balet. I tu po\u010dinje njezina baletna i \u017eivotna pri\u010da neraskidivo isprepletena do posljednjeg \u010dasa. Postaje svjetski poznata balerina. \u201eNajve\u0107a je i najnadarenija plesna umjetnica koja je do danas iza\u0161la iz hrvatskog naroda.\u201c (Slavko Batu\u0161i\u0107)<\/p>\n\n\n\n<p>\u201eJesmo li znali, prije nego \u0161to se Mia Slavenska pojavila pred na\u0161im o\u010dima, \u0161to zna\u010de Ljepota, Gracija i Harmonija? Ne vjerujem, jer ona je pro\u0161irila vrijednost tih rije\u010di do najve\u0107ih granica.\u201d (franc. \u010dasopis Oran Matin, 1938.) Nakon prvih plesnih koraka u Slavonskom Brodu, majka je u Zagrebu upisuje u baletnu \u0161kolu Margarite Froman (biv\u0161a \u010dlanica Bolj\u0161oja, postavlja temelje zagreba\u010dkom Baletu). S navr\u0161ene tri godine prvi put nastupa u Hrvatskome narodnom kazali\u0161tu ulogom Trouble u Madame Butterfly. Zatim sa \u0161est godina u baletu La Sylphide ple\u0161u\u0107i ulogu vilenjaka. Publika je bila zadivljena njezinom izvedbom.<\/p>\n\n\n\n<p>Vlastitu plesnu ve\u010der (Plesno ve\u010de Mije \u010corak) imala je s 12 godina u Splitu i Zagrebu. U sedmoj godini u\u010di glasovir kao glavni predmet na Glazbenoj \u0161koli Muzi\u010dke akademije. S osam godina ple\u0161e Malo srce u Baranovi\u0107evu Licitarskom srcu, a s devet glavnu ulogu u baletu Figurine na pozornici HNK-a. Od 11. godine Mia je s majkom svake godine ljeti odlazila u Be\u010d i Pariz da bi Mia u\u010dila i pratila nove plesne trendove. Ple\u0161e pod vodstvom najglasovitijih profesora (Gertrude Krauss, Raimundija, Duboisa, Godlevskog, Preobra\u017eenske, K\u0161esinske i Egorove). U Be\u010du \u0107e studirati moderne plesove. Kao primabalerina debitirala je s 18 godina (9. rujna 1934.) ulogom princeze u \u017dar ptici Stravinskoga. Novine su o njoj pisale hvalospjeve.<\/p>\n\n\n\n<p>\u017deljela je modernizirati zagreba\u010dki balet i pribli\u017eiti ga europskim repertoarima, no tada za to nije bilo sluha. Tada\u0161nja je uprava preferirala operete i starije balete s vilama, \u010darobnjacima, labudovima i lutkama. Zato je Mia \u010corak napisala otvoreno pismo upravi pod naslovom Te\u0161ka kriza na\u0161ega baleta (Jutarnji list, 22. 8. 1935.) govore\u0107i o dubokom snu na\u0161ega baleta i bogatom modernom poratnom plesu. Budu\u0107i da su umjetnost i politika bili \u010dvrsto isprepleteni u Jugoslaviji 30-ih godina 20. stolje\u0107a, Mijini stavovi o plesnoj umjetnosti nisu nai\u0161li na odobravanje te joj nije produ\u017een ugovor kao primabalerini.<\/p>\n\n\n\n<p>Nakon tog doga\u0111aja, Mia iznajmljuje dvoranu te organizira plesnu ve\u010der za 5. obljetnicu smrti Ane Pavlove. Publika je bila odu\u0161evljena izvedbom, te nije htjela iza\u0107i iz kazali\u0161ta, zahtijevaju\u0107i da Miji produ\u017ee ugovor. Nakon protesta gra\u0111ana protiv uprave, uprava Narodnog kazali\u0161ta zabranila je Miji sve nastupe. Mia \u010corak napu\u0161ta Hrvatsku i za \u017eivota vi\u0161e se ne\u0107e vratiti.<\/p>\n\n\n\n<p><strong>Svjetske pozornice<\/strong><\/p>\n\n\n\n<p>S majkom odlazi u <strong>Berlin<\/strong> te se prijavljuje na Plesnu olimpijadu, 1936. i pobje\u0111uje.<br>U <strong>Parizu<\/strong> upoznaje Arnolda Meckela, lovca na nove talente. On joj smi\u0161lja ime<strong> Slavenska<\/strong>. Za \u0161est mjeseci Meckel je od Mije stvorio zvijezdu. Zapa\u017ea je i francuski redatelj Jean Benoit-Levy s kojim snima film Smrt labuda, 1937., koji je postigao veliki uspjeh u SAD-u pod naslovom Ballerina. U Parizu nastupa u prepunoj Salle Pleyel te joj Francuzi dodjeljuju orden Legije \u010dasti i progla\u0161avaju je ambasadoricom dobre volje. Mijin ples bio je o\u010daravaju\u0107i te je postajala sve poznatiji i priznatija. No 1938. A. Meckel iznenada umire te Mia ostaje bez menad\u017eera. Ubrzo joj se javljaju iz plesne trupe Ballet Russe de Monte Carlo s kojima naslijepo potpisuje trogodi\u0161nji ugovor. Slavenska ple\u0161e uz Danilovu i Markovu. Trupa nastupa po cijeloj Europi.<\/p>\n\n\n\n<p>Po\u010detkom Drugog svjetskog rata Mia s trupom odlazi u <strong>New York<\/strong> gdje \u0107e nastupati u Metropolitu. Trupa je bila vrlo uspje\u0161na, njihove su predstave bile rasprodane, a izvedbe \u010darobne i zadivljuju\u0107e, predstavljali su glamur, egzotiku, profinjenost. Proputovali su cijelu Ameriku izvode\u0107i baletne ulomke. Nakon isteka ugovora, Mia Slavenska napu\u0161ta trupu. Nakon \u0161to se udala za Kurta Newmana i dobila k\u0107i Mariju, Mia \u0107e 12. 9. 1947. uzeti ameri\u010dko dr\u017eavljanstvo te osnovati svoje trupe (Slavenska Tihmar, Slavenska Variante Ballet i Slavenska Franklin Ballet).<\/p>\n\n\n\n<p>Sa svojom trupom Slavenska Variante Ballet putuje po <strong>Sjevernoj i Ju\u017enoj Americi, Kanadi, Kubi, Meksiku<\/strong>. Nakon toga osniva plesa\u010dko-koreografsku trupu Slavenska Franklin Ballet s kojom tako\u0111er putuje u gradove Amerike i u <strong>Japan<\/strong>. Njihov najva\u017eniji komad bio je Tramvaj zvan \u017eudnja, Tennessee Williamsa, koji je bio iznimno popularan, dobivao je izvrsne kritike i o njemu je pri\u010dao cijeli baletni svijet. Ipak unato\u010d uspjesima i slavi, nemaju\u0107i bogatog sponzora kao ostale trupe, trupa nije zara\u0111ivala dovoljno da bi pokrila tro\u0161kove te je do\u017eivjela krah. Zadnju su predstavu izveli 1954. Zbog financijskog kraha izgubila je i obiteljsku ku\u0107u te se s obitelji preselila kod prijatelja.<\/p>\n\n\n\n<p>Da bi se izvukli iz nov\u010danih te\u0161ko\u0107a prodali su Tramvaj zvan \u017eudnja drugoj trupi Ballet Theatru (koji u izvedbi nikada nisu dosegli Slavensku i Franklina), te je Mia zara\u0111ivala gostuju\u0107i na pozornicama, jednu je sezonu (1955\/56) primabalerina Metropolitan Opere i u TV emisijama, no nakon sedam godina odlu\u010dila se povu\u0107i. Tada je imala 47 godina. Iako je bila svjesna da je na vrhuncu mo\u0107i tehni\u010dke izvedbe i da je njezino ime privla\u010dilo publiku u kazali\u0161ta, nije imala trupu u kojoj bi plesala ni ku\u0107u u kojoj i bila zaposlena te se povla\u010di.<\/p>\n\n\n\n<p><strong>\u017divot prolazi<\/strong><\/p>\n\n\n\n<p>Idu\u0107ih 40 godina bavi se podu\u010davanjem plesa, u New Yorku je osnovala svoj plesni studio. Mnogi mladi poslije popularni i izvrsni plesa\u010di pro\u0161li su njezinu poduku. Predavala je moderne i klasi\u010dne plesove. Godine 1969. preselila se u Los Angeles te predavala balet na Kalifornijskom institutu za umjetnost pri UCLA. Kada nije podu\u010davala, sve je vrijeme posve\u0107ivala pisanju svojih memoara. Njezina k\u0107i svjedo\u010di o tome da <strong>Mija nije \u017eeljela biti zaboravljena<\/strong>. Svoje je memoare pisala 20 godina, nije ih uspjela objaviti za \u017eivota. Nije \u017eeljela da ih se prera\u0111uje i prilago\u0111ava tr\u017ei\u0161tu.<\/p>\n\n\n\n<p>Od malena odgajana da bude zvijezda, u Miji se sretno sastao njezin karakter, neiscrpna \u017eivotna i fizi\u010dka energija, veliki plesni talent, ljepota koja je osvajala pozornice diljem svijeta. Primabalerina Hrvatskog narodnog kazali\u0161ta, Metropolitan opere u New Yorku i slavnog Ruskog baleta iz Monte Carla, supruga, majka, uvijek pomalo tu\u0111inac, borac s vjetrenja\u010dama\u2026<\/p>\n\n\n\n<p>\u201eMoja majka je ustajala u 4 ujutro, nakon toga bi popila \u0161alicu kave, i ne bi stala sve do 8 nave\u010der. Tad bi ve\u010derala steak, pe\u010deni krumpir i \u0161paroge, svoje omiljeno jelo, na koncu bi iskapila \u010da\u0161u whiskeya, i onda pala kao mrtva na krevet. Imala je vi\u0161e energije od bilo koga koga sam poznavala. U\u017eivala je u odr\u017eavanju vrta, podu\u010davala je balet na dva univerziteta, nakon \u010dega bi se vra\u0107ala ku\u0107i i onda opet ure\u0111ivala vrt i pripremala ve\u010deru. Kuhati ju je nau\u010dio moj otac.<\/p>\n\n\n\n<p>Na\u0161a je ku\u0107a uvijek bila puna ljudi: dolazili su njeni studenti te jako \u010desto James A. Doolittle i Jimmy Starbuck (\u0161ef Ballet Russe de Monte Carlo) te prijatelji koji bi prolazili kroz grad. U vrtu je organizirala ljetne partyje na kojima se pio punch i margarita (\u2026) Imala je savr\u0161en osje\u0107aj za estetiku u svakodnevnom \u017eivotu, za dobru hranu, stvaranje hramoni\u010dnog okru\u017eenja, ru\u0161ila je zidove po ku\u0107i, izra\u0111ivala stolove, stolice\u2026\u201c (k\u0107i Maria Ramas, 2010.)<\/p>\n\n\n\n<p>Kad se crta podvu\u010de \u2013 na pitanje je li bilo vrijedno \u2013 mo\u017eda je najto\u010dniji odgovor sakriven u Mijinim memoarima. Izdava\u010d s kojim je \u010desto razgovarala iznosi da je Mia te\u0161ko podnosila da je sve izgubila karijeru, obitelj i da je bila \u017eeljna ljubavi.<\/p>\n\n\n\n<p><strong>Nije zaboravljena<\/strong><\/p>\n\n\n\n<p>Umrla je 5. listopada 2002. u 86. godini. Njezini su posmrtni ostaci 2005. iz Amerike preneseni u Hrvatsku. Obredu je prisustvovala i njezina k\u0107i Maria koja je snimila dokumentarni film o svojoj majci A Dancer\u2019s Journey. Film je 2015. nagra\u0111en na dodjeli nagrade Emmy u kategoriji Umjetni\u010dkoga i povijesnog filma. \u201eFilm je moj poku\u0161aj da postignem ono \u0161to nije moja majka: prihvatiti da vrijeme te\u010de dalje.\u201c (Maria Ramas)<\/p>\n\n\n\n<p>Postavljena je spomen-plo\u010da na ku\u0107i u Slavonskom Brodu, Star\u010devi\u0107eva 3, u kojoj se rodila s tekstom: \u201eHrvatska balerina, upisana u svjetsku povijest baleta 20. stolje\u0107a, zvali su je ljepota, gracija, harmonija\u201c.<br>Dobitnica je medalje Ni\u017einski (SAD, 2000.)<\/p>\n\n\n\n<p>Svake se druge godine u Hrvatskoj organizira Me\u0111unarodno plesno natjecanje \u201eMia \u010corak Slavenska\u201c. U seriji Znameniti Hrvati Hrvatska po\u0161ta tiskala je po\u0161tansku marku s njezinim likom. U Zagrebu postoje Stube Mie Slavenske.<\/p>\n\n\n\n<p><em>Izvor: narod.hr<\/em><\/p>\n","protected":false},"excerpt":{"rendered":"<p>Na dana\u0161nji je dan 2002. u Los Angelesu umrla Mia \u010corak Slavenska, prva primabalerina Hrvatskog narodnog kazali\u0161ta koje joj nakon godine dana nije produ\u017eio ugovor te je Mia \u010corak napustila Hrvatsku. U domovinu \u0107e se vratiti njezini posmrtni ostaci 70 godina poslije. Slavonka po ro\u0111enju Ro\u0111ena je 20. velja\u010de 1916. u Slavonskom Brodu (tada Brod [&hellip;]<\/p>\n","protected":false},"author":2,"featured_media":71751,"comment_status":"closed","ping_status":"closed","sticky":false,"template":"","format":"standard","meta":{"h5ap_radio_sources":[],"footnotes":""},"categories":[1],"tags":[],"class_list":["post-71750","post","type-post","status-publish","format-standard","has-post-thumbnail","hentry","category-bihiregija"],"yoast_head":"<!-- This site is optimized with the Yoast SEO plugin v27.5 - https:\/\/yoast.com\/product\/yoast-seo-wordpress\/ -->\n<title>5. listopada 2002. \u2013 Preminula Mia \u010corak Slavenska, prva hrvatska primabalerina - RADIO LJUBU\u0160KI<\/title>\n<meta name=\"robots\" content=\"index, follow, max-snippet:-1, max-image-preview:large, max-video-preview:-1\" \/>\n<link rel=\"canonical\" href=\"https:\/\/radioljubuski.ba\/index.php\/2021\/10\/05\/5-listopada-2002-preminula-mia-corak-slavenska-prva-hrvatska-primabalerina\/\" \/>\n<meta property=\"og:locale\" content=\"hr_HR\" \/>\n<meta property=\"og:type\" content=\"article\" \/>\n<meta property=\"og:title\" content=\"5. listopada 2002. \u2013 Preminula Mia \u010corak Slavenska, prva hrvatska primabalerina - RADIO LJUBU\u0160KI\" \/>\n<meta property=\"og:description\" content=\"Na dana\u0161nji je dan 2002. u Los Angelesu umrla Mia \u010corak Slavenska, prva primabalerina Hrvatskog narodnog kazali\u0161ta koje joj nakon godine dana nije produ\u017eio ugovor te je Mia \u010corak napustila Hrvatsku. U domovinu \u0107e se vratiti njezini posmrtni ostaci 70 godina poslije. Slavonka po ro\u0111enju Ro\u0111ena je 20. velja\u010de 1916. u Slavonskom Brodu (tada Brod [&hellip;]\" \/>\n<meta property=\"og:url\" content=\"https:\/\/radioljubuski.ba\/index.php\/2021\/10\/05\/5-listopada-2002-preminula-mia-corak-slavenska-prva-hrvatska-primabalerina\/\" \/>\n<meta property=\"og:site_name\" content=\"RADIO LJUBU\u0160KI\" \/>\n<meta property=\"article:publisher\" content=\"https:\/\/www.facebook.com\/Radiio-Ljubuski-1490835324566332\" \/>\n<meta property=\"article:published_time\" content=\"2021-10-05T09:54:49+00:00\" \/>\n<meta property=\"article:modified_time\" content=\"2021-10-05T09:54:50+00:00\" \/>\n<meta property=\"og:image\" content=\"https:\/\/radioljubuski.ba\/wp-content\/uploads\/2021\/10\/Mia-Corak-Slavenska-696x522-1.jpg\" \/>\n\t<meta property=\"og:image:width\" content=\"696\" \/>\n\t<meta property=\"og:image:height\" content=\"522\" \/>\n\t<meta property=\"og:image:type\" content=\"image\/jpeg\" \/>\n<meta name=\"author\" content=\"Radio Ljubu\u0161ki\" \/>\n<meta name=\"twitter:card\" content=\"summary_large_image\" \/>\n<meta name=\"twitter:creator\" content=\"@radioljubuski\" \/>\n<meta name=\"twitter:site\" content=\"@radioljubuski\" \/>\n<meta name=\"twitter:label1\" content=\"Napisao\/la\" \/>\n\t<meta name=\"twitter:data1\" content=\"Radio Ljubu\u0161ki\" \/>\n\t<meta name=\"twitter:label2\" content=\"Procijenjeno vrijeme \u010ditanja\" \/>\n\t<meta name=\"twitter:data2\" content=\"7 minuta\" \/>\n<script type=\"application\/ld+json\" class=\"yoast-schema-graph\">{\"@context\":\"https:\\\/\\\/schema.org\",\"@graph\":[{\"@type\":\"Article\",\"@id\":\"https:\\\/\\\/radioljubuski.ba\\\/index.php\\\/2021\\\/10\\\/05\\\/5-listopada-2002-preminula-mia-corak-slavenska-prva-hrvatska-primabalerina\\\/#article\",\"isPartOf\":{\"@id\":\"https:\\\/\\\/radioljubuski.ba\\\/index.php\\\/2021\\\/10\\\/05\\\/5-listopada-2002-preminula-mia-corak-slavenska-prva-hrvatska-primabalerina\\\/\"},\"author\":{\"name\":\"Radio Ljubu\u0161ki\",\"@id\":\"https:\\\/\\\/radioljubuski.ba\\\/#\\\/schema\\\/person\\\/19fc700381a780f69665d7956c469e3b\"},\"headline\":\"5. listopada 2002. \u2013 Preminula Mia \u010corak Slavenska, prva hrvatska primabalerina\",\"datePublished\":\"2021-10-05T09:54:49+00:00\",\"dateModified\":\"2021-10-05T09:54:50+00:00\",\"mainEntityOfPage\":{\"@id\":\"https:\\\/\\\/radioljubuski.ba\\\/index.php\\\/2021\\\/10\\\/05\\\/5-listopada-2002-preminula-mia-corak-slavenska-prva-hrvatska-primabalerina\\\/\"},\"wordCount\":1597,\"publisher\":{\"@id\":\"https:\\\/\\\/radioljubuski.ba\\\/#organization\"},\"image\":{\"@id\":\"https:\\\/\\\/radioljubuski.ba\\\/index.php\\\/2021\\\/10\\\/05\\\/5-listopada-2002-preminula-mia-corak-slavenska-prva-hrvatska-primabalerina\\\/#primaryimage\"},\"thumbnailUrl\":\"https:\\\/\\\/radioljubuski.ba\\\/wp-content\\\/uploads\\\/2021\\\/10\\\/Mia-Corak-Slavenska-696x522-1.jpg\",\"articleSection\":[\"BIH i regija\"],\"inLanguage\":\"hr\"},{\"@type\":\"WebPage\",\"@id\":\"https:\\\/\\\/radioljubuski.ba\\\/index.php\\\/2021\\\/10\\\/05\\\/5-listopada-2002-preminula-mia-corak-slavenska-prva-hrvatska-primabalerina\\\/\",\"url\":\"https:\\\/\\\/radioljubuski.ba\\\/index.php\\\/2021\\\/10\\\/05\\\/5-listopada-2002-preminula-mia-corak-slavenska-prva-hrvatska-primabalerina\\\/\",\"name\":\"5. listopada 2002. \u2013 Preminula Mia \u010corak Slavenska, prva hrvatska primabalerina - RADIO LJUBU\u0160KI\",\"isPartOf\":{\"@id\":\"https:\\\/\\\/radioljubuski.ba\\\/#website\"},\"primaryImageOfPage\":{\"@id\":\"https:\\\/\\\/radioljubuski.ba\\\/index.php\\\/2021\\\/10\\\/05\\\/5-listopada-2002-preminula-mia-corak-slavenska-prva-hrvatska-primabalerina\\\/#primaryimage\"},\"image\":{\"@id\":\"https:\\\/\\\/radioljubuski.ba\\\/index.php\\\/2021\\\/10\\\/05\\\/5-listopada-2002-preminula-mia-corak-slavenska-prva-hrvatska-primabalerina\\\/#primaryimage\"},\"thumbnailUrl\":\"https:\\\/\\\/radioljubuski.ba\\\/wp-content\\\/uploads\\\/2021\\\/10\\\/Mia-Corak-Slavenska-696x522-1.jpg\",\"datePublished\":\"2021-10-05T09:54:49+00:00\",\"dateModified\":\"2021-10-05T09:54:50+00:00\",\"breadcrumb\":{\"@id\":\"https:\\\/\\\/radioljubuski.ba\\\/index.php\\\/2021\\\/10\\\/05\\\/5-listopada-2002-preminula-mia-corak-slavenska-prva-hrvatska-primabalerina\\\/#breadcrumb\"},\"inLanguage\":\"hr\",\"potentialAction\":[{\"@type\":\"ReadAction\",\"target\":[\"https:\\\/\\\/radioljubuski.ba\\\/index.php\\\/2021\\\/10\\\/05\\\/5-listopada-2002-preminula-mia-corak-slavenska-prva-hrvatska-primabalerina\\\/\"]}]},{\"@type\":\"ImageObject\",\"inLanguage\":\"hr\",\"@id\":\"https:\\\/\\\/radioljubuski.ba\\\/index.php\\\/2021\\\/10\\\/05\\\/5-listopada-2002-preminula-mia-corak-slavenska-prva-hrvatska-primabalerina\\\/#primaryimage\",\"url\":\"https:\\\/\\\/radioljubuski.ba\\\/wp-content\\\/uploads\\\/2021\\\/10\\\/Mia-Corak-Slavenska-696x522-1.jpg\",\"contentUrl\":\"https:\\\/\\\/radioljubuski.ba\\\/wp-content\\\/uploads\\\/2021\\\/10\\\/Mia-Corak-Slavenska-696x522-1.jpg\",\"width\":696,\"height\":522},{\"@type\":\"BreadcrumbList\",\"@id\":\"https:\\\/\\\/radioljubuski.ba\\\/index.php\\\/2021\\\/10\\\/05\\\/5-listopada-2002-preminula-mia-corak-slavenska-prva-hrvatska-primabalerina\\\/#breadcrumb\",\"itemListElement\":[{\"@type\":\"ListItem\",\"position\":1,\"name\":\"Po\u010detna stranica\",\"item\":\"https:\\\/\\\/radioljubuski.ba\\\/\"},{\"@type\":\"ListItem\",\"position\":2,\"name\":\"5. listopada 2002. \u2013 Preminula Mia \u010corak Slavenska, prva hrvatska primabalerina\"}]},{\"@type\":\"WebSite\",\"@id\":\"https:\\\/\\\/radioljubuski.ba\\\/#website\",\"url\":\"https:\\\/\\\/radioljubuski.ba\\\/\",\"name\":\"Radio Ljubu\u0161ki\",\"description\":\"Sun\u010dana frekvencija Hercegovine\",\"publisher\":{\"@id\":\"https:\\\/\\\/radioljubuski.ba\\\/#organization\"},\"potentialAction\":[{\"@type\":\"SearchAction\",\"target\":{\"@type\":\"EntryPoint\",\"urlTemplate\":\"https:\\\/\\\/radioljubuski.ba\\\/?s={search_term_string}\"},\"query-input\":{\"@type\":\"PropertyValueSpecification\",\"valueRequired\":true,\"valueName\":\"search_term_string\"}}],\"inLanguage\":\"hr\"},{\"@type\":\"Organization\",\"@id\":\"https:\\\/\\\/radioljubuski.ba\\\/#organization\",\"name\":\"Radio Ljubu\u0161ki\",\"url\":\"https:\\\/\\\/radioljubuski.ba\\\/\",\"logo\":{\"@type\":\"ImageObject\",\"inLanguage\":\"hr\",\"@id\":\"https:\\\/\\\/radioljubuski.ba\\\/#\\\/schema\\\/logo\\\/image\\\/\",\"url\":\"https:\\\/\\\/radioljubuski.ba\\\/wp-content\\\/uploads\\\/2021\\\/02\\\/cropped-Radio_Ljubuski_logo1.jpg\",\"contentUrl\":\"https:\\\/\\\/radioljubuski.ba\\\/wp-content\\\/uploads\\\/2021\\\/02\\\/cropped-Radio_Ljubuski_logo1.jpg\",\"width\":512,\"height\":512,\"caption\":\"Radio Ljubu\u0161ki\"},\"image\":{\"@id\":\"https:\\\/\\\/radioljubuski.ba\\\/#\\\/schema\\\/logo\\\/image\\\/\"},\"sameAs\":[\"https:\\\/\\\/www.facebook.com\\\/Radiio-Ljubuski-1490835324566332\",\"https:\\\/\\\/x.com\\\/radioljubuski\",\"https:\\\/\\\/hr.linkedin.com\\\/company\\\/radio-ljubuski\",\"https:\\\/\\\/www.youtube.com\\\/channel\\\/UCHYaeO_n0Db3tjNGudGpXyw\"]},{\"@type\":\"Person\",\"@id\":\"https:\\\/\\\/radioljubuski.ba\\\/#\\\/schema\\\/person\\\/19fc700381a780f69665d7956c469e3b\",\"name\":\"Radio Ljubu\u0161ki\"}]}<\/script>\n<!-- \/ Yoast SEO plugin. -->","yoast_head_json":{"title":"5. listopada 2002. \u2013 Preminula Mia \u010corak Slavenska, prva hrvatska primabalerina - RADIO LJUBU\u0160KI","robots":{"index":"index","follow":"follow","max-snippet":"max-snippet:-1","max-image-preview":"max-image-preview:large","max-video-preview":"max-video-preview:-1"},"canonical":"https:\/\/radioljubuski.ba\/index.php\/2021\/10\/05\/5-listopada-2002-preminula-mia-corak-slavenska-prva-hrvatska-primabalerina\/","og_locale":"hr_HR","og_type":"article","og_title":"5. listopada 2002. \u2013 Preminula Mia \u010corak Slavenska, prva hrvatska primabalerina - RADIO LJUBU\u0160KI","og_description":"Na dana\u0161nji je dan 2002. u Los Angelesu umrla Mia \u010corak Slavenska, prva primabalerina Hrvatskog narodnog kazali\u0161ta koje joj nakon godine dana nije produ\u017eio ugovor te je Mia \u010corak napustila Hrvatsku. U domovinu \u0107e se vratiti njezini posmrtni ostaci 70 godina poslije. Slavonka po ro\u0111enju Ro\u0111ena je 20. velja\u010de 1916. u Slavonskom Brodu (tada Brod [&hellip;]","og_url":"https:\/\/radioljubuski.ba\/index.php\/2021\/10\/05\/5-listopada-2002-preminula-mia-corak-slavenska-prva-hrvatska-primabalerina\/","og_site_name":"RADIO LJUBU\u0160KI","article_publisher":"https:\/\/www.facebook.com\/Radiio-Ljubuski-1490835324566332","article_published_time":"2021-10-05T09:54:49+00:00","article_modified_time":"2021-10-05T09:54:50+00:00","og_image":[{"width":696,"height":522,"url":"https:\/\/radioljubuski.ba\/wp-content\/uploads\/2021\/10\/Mia-Corak-Slavenska-696x522-1.jpg","type":"image\/jpeg"}],"author":"Radio Ljubu\u0161ki","twitter_card":"summary_large_image","twitter_creator":"@radioljubuski","twitter_site":"@radioljubuski","twitter_misc":{"Napisao\/la":"Radio Ljubu\u0161ki","Procijenjeno vrijeme \u010ditanja":"7 minuta"},"schema":{"@context":"https:\/\/schema.org","@graph":[{"@type":"Article","@id":"https:\/\/radioljubuski.ba\/index.php\/2021\/10\/05\/5-listopada-2002-preminula-mia-corak-slavenska-prva-hrvatska-primabalerina\/#article","isPartOf":{"@id":"https:\/\/radioljubuski.ba\/index.php\/2021\/10\/05\/5-listopada-2002-preminula-mia-corak-slavenska-prva-hrvatska-primabalerina\/"},"author":{"name":"Radio Ljubu\u0161ki","@id":"https:\/\/radioljubuski.ba\/#\/schema\/person\/19fc700381a780f69665d7956c469e3b"},"headline":"5. listopada 2002. \u2013 Preminula Mia \u010corak Slavenska, prva hrvatska primabalerina","datePublished":"2021-10-05T09:54:49+00:00","dateModified":"2021-10-05T09:54:50+00:00","mainEntityOfPage":{"@id":"https:\/\/radioljubuski.ba\/index.php\/2021\/10\/05\/5-listopada-2002-preminula-mia-corak-slavenska-prva-hrvatska-primabalerina\/"},"wordCount":1597,"publisher":{"@id":"https:\/\/radioljubuski.ba\/#organization"},"image":{"@id":"https:\/\/radioljubuski.ba\/index.php\/2021\/10\/05\/5-listopada-2002-preminula-mia-corak-slavenska-prva-hrvatska-primabalerina\/#primaryimage"},"thumbnailUrl":"https:\/\/radioljubuski.ba\/wp-content\/uploads\/2021\/10\/Mia-Corak-Slavenska-696x522-1.jpg","articleSection":["BIH i regija"],"inLanguage":"hr"},{"@type":"WebPage","@id":"https:\/\/radioljubuski.ba\/index.php\/2021\/10\/05\/5-listopada-2002-preminula-mia-corak-slavenska-prva-hrvatska-primabalerina\/","url":"https:\/\/radioljubuski.ba\/index.php\/2021\/10\/05\/5-listopada-2002-preminula-mia-corak-slavenska-prva-hrvatska-primabalerina\/","name":"5. listopada 2002. \u2013 Preminula Mia \u010corak Slavenska, prva hrvatska primabalerina - RADIO LJUBU\u0160KI","isPartOf":{"@id":"https:\/\/radioljubuski.ba\/#website"},"primaryImageOfPage":{"@id":"https:\/\/radioljubuski.ba\/index.php\/2021\/10\/05\/5-listopada-2002-preminula-mia-corak-slavenska-prva-hrvatska-primabalerina\/#primaryimage"},"image":{"@id":"https:\/\/radioljubuski.ba\/index.php\/2021\/10\/05\/5-listopada-2002-preminula-mia-corak-slavenska-prva-hrvatska-primabalerina\/#primaryimage"},"thumbnailUrl":"https:\/\/radioljubuski.ba\/wp-content\/uploads\/2021\/10\/Mia-Corak-Slavenska-696x522-1.jpg","datePublished":"2021-10-05T09:54:49+00:00","dateModified":"2021-10-05T09:54:50+00:00","breadcrumb":{"@id":"https:\/\/radioljubuski.ba\/index.php\/2021\/10\/05\/5-listopada-2002-preminula-mia-corak-slavenska-prva-hrvatska-primabalerina\/#breadcrumb"},"inLanguage":"hr","potentialAction":[{"@type":"ReadAction","target":["https:\/\/radioljubuski.ba\/index.php\/2021\/10\/05\/5-listopada-2002-preminula-mia-corak-slavenska-prva-hrvatska-primabalerina\/"]}]},{"@type":"ImageObject","inLanguage":"hr","@id":"https:\/\/radioljubuski.ba\/index.php\/2021\/10\/05\/5-listopada-2002-preminula-mia-corak-slavenska-prva-hrvatska-primabalerina\/#primaryimage","url":"https:\/\/radioljubuski.ba\/wp-content\/uploads\/2021\/10\/Mia-Corak-Slavenska-696x522-1.jpg","contentUrl":"https:\/\/radioljubuski.ba\/wp-content\/uploads\/2021\/10\/Mia-Corak-Slavenska-696x522-1.jpg","width":696,"height":522},{"@type":"BreadcrumbList","@id":"https:\/\/radioljubuski.ba\/index.php\/2021\/10\/05\/5-listopada-2002-preminula-mia-corak-slavenska-prva-hrvatska-primabalerina\/#breadcrumb","itemListElement":[{"@type":"ListItem","position":1,"name":"Po\u010detna stranica","item":"https:\/\/radioljubuski.ba\/"},{"@type":"ListItem","position":2,"name":"5. listopada 2002. \u2013 Preminula Mia \u010corak Slavenska, prva hrvatska primabalerina"}]},{"@type":"WebSite","@id":"https:\/\/radioljubuski.ba\/#website","url":"https:\/\/radioljubuski.ba\/","name":"Radio Ljubu\u0161ki","description":"Sun\u010dana frekvencija Hercegovine","publisher":{"@id":"https:\/\/radioljubuski.ba\/#organization"},"potentialAction":[{"@type":"SearchAction","target":{"@type":"EntryPoint","urlTemplate":"https:\/\/radioljubuski.ba\/?s={search_term_string}"},"query-input":{"@type":"PropertyValueSpecification","valueRequired":true,"valueName":"search_term_string"}}],"inLanguage":"hr"},{"@type":"Organization","@id":"https:\/\/radioljubuski.ba\/#organization","name":"Radio Ljubu\u0161ki","url":"https:\/\/radioljubuski.ba\/","logo":{"@type":"ImageObject","inLanguage":"hr","@id":"https:\/\/radioljubuski.ba\/#\/schema\/logo\/image\/","url":"https:\/\/radioljubuski.ba\/wp-content\/uploads\/2021\/02\/cropped-Radio_Ljubuski_logo1.jpg","contentUrl":"https:\/\/radioljubuski.ba\/wp-content\/uploads\/2021\/02\/cropped-Radio_Ljubuski_logo1.jpg","width":512,"height":512,"caption":"Radio Ljubu\u0161ki"},"image":{"@id":"https:\/\/radioljubuski.ba\/#\/schema\/logo\/image\/"},"sameAs":["https:\/\/www.facebook.com\/Radiio-Ljubuski-1490835324566332","https:\/\/x.com\/radioljubuski","https:\/\/hr.linkedin.com\/company\/radio-ljubuski","https:\/\/www.youtube.com\/channel\/UCHYaeO_n0Db3tjNGudGpXyw"]},{"@type":"Person","@id":"https:\/\/radioljubuski.ba\/#\/schema\/person\/19fc700381a780f69665d7956c469e3b","name":"Radio Ljubu\u0161ki"}]}},"_links":{"self":[{"href":"https:\/\/radioljubuski.ba\/index.php\/wp-json\/wp\/v2\/posts\/71750","targetHints":{"allow":["GET"]}}],"collection":[{"href":"https:\/\/radioljubuski.ba\/index.php\/wp-json\/wp\/v2\/posts"}],"about":[{"href":"https:\/\/radioljubuski.ba\/index.php\/wp-json\/wp\/v2\/types\/post"}],"author":[{"embeddable":true,"href":"https:\/\/radioljubuski.ba\/index.php\/wp-json\/wp\/v2\/users\/2"}],"replies":[{"embeddable":true,"href":"https:\/\/radioljubuski.ba\/index.php\/wp-json\/wp\/v2\/comments?post=71750"}],"version-history":[{"count":1,"href":"https:\/\/radioljubuski.ba\/index.php\/wp-json\/wp\/v2\/posts\/71750\/revisions"}],"predecessor-version":[{"id":71752,"href":"https:\/\/radioljubuski.ba\/index.php\/wp-json\/wp\/v2\/posts\/71750\/revisions\/71752"}],"wp:featuredmedia":[{"embeddable":true,"href":"https:\/\/radioljubuski.ba\/index.php\/wp-json\/wp\/v2\/media\/71751"}],"wp:attachment":[{"href":"https:\/\/radioljubuski.ba\/index.php\/wp-json\/wp\/v2\/media?parent=71750"}],"wp:term":[{"taxonomy":"category","embeddable":true,"href":"https:\/\/radioljubuski.ba\/index.php\/wp-json\/wp\/v2\/categories?post=71750"},{"taxonomy":"post_tag","embeddable":true,"href":"https:\/\/radioljubuski.ba\/index.php\/wp-json\/wp\/v2\/tags?post=71750"}],"curies":[{"name":"wp","href":"https:\/\/api.w.org\/{rel}","templated":true}]}}