{"id":71760,"date":"2021-10-05T11:01:18","date_gmt":"2021-10-05T10:01:18","guid":{"rendered":"https:\/\/radioljubuski.ba\/?p=71760"},"modified":"2021-10-05T11:01:20","modified_gmt":"2021-10-05T10:01:20","slug":"tony-danas-zivim-svoj-zivot-na-drugaciji-nacin-uz-intenzivniji-zivot-s-bogom","status":"publish","type":"post","link":"https:\/\/radioljubuski.ba\/index.php\/2021\/10\/05\/tony-danas-zivim-svoj-zivot-na-drugaciji-nacin-uz-intenzivniji-zivot-s-bogom\/","title":{"rendered":"Tony: Danas \u017eivim svoj \u017eivot na druga\u010diji na\u010din uz intenzivniji \u017eivot s Bogom"},"content":{"rendered":"\n<p>U emisiji \u2018More Milosr\u0111a\u2019 Laudato televizije pjeva\u010d Tony Cetinski posvjedo\u010dio je svojuvjeru u Boga te je progovorio o odre\u0111enoj prekretnici u \u017eivotu na koncertu \u2018Progledajsrcem\u2019 2019. koji je u organizaciji Laudata okupio preko 18.000 ljudi u Areni Zagreb.<\/p>\n\n\n\n<iframe loading=\"lazy\" title=\"More Milosr\u0111a - Tony Cetinski\" width=\"640\" height=\"360\" src=\"https:\/\/www.youtube.com\/embed\/N5Qkes3VOlE?feature=oembed\" frameborder=\"0\" allow=\"accelerometer; autoplay; clipboard-write; encrypted-media; gyroscope; picture-in-picture; web-share\" referrerpolicy=\"strict-origin-when-cross-origin\" allowfullscreen><\/iframe>\n\n\n\n<p>Poticaji koje je dobio na koncertu \u2018Progledaj srcem\u2019 u zagreba\u010dkoj Areni pokrenuli su unjemu duhovnu snagu.<\/p>\n\n\n\n<p>Odmah na po\u010detku gostovanja Tony je objasnio kako se ne osje\u0107a kao zvijezda hrvatske estrade, tvrde\u0107i da je sam pojam \u2018zvijezda\u2019 krivo postavljen.<\/p>\n\n\n\n<p>\u2013 Osje\u0107am se kao zvijezda samo u onom trenutku kada svoju situaciju mogu iskoristiti nekome za pomo\u0107, kad nekome mo\u017ee\u0161 napraviti ne\u0161to konkretno. Da vidi\u0161 osmjeh na licu drugome, posebno na djeci \u2013 kazao je Cetinski.<\/p>\n\n\n\n<h5 class=\"wp-block-heading\"><strong>Tony: Poniznost je glavna poruka za mene!<\/strong><\/h5>\n\n\n\n<p>Glazbu do\u017eivljava kao poziv, kao radost, a tek naknadno je postao posao. Nitko u po\u010detku nije naslu\u0107ivao da \u0107e postati glazbenik. Danas je pak jedan od najpoznatijih pjeva\u010da u Hrvatskoj. U razgovoru je detaljnije progovorio o svojoj 30 godina dugoj glazbenoj karijeri, svojim usponima i padovima. U emisiji je posvjedo\u010dio svoju vjeru u Boga te je progovorio o odre\u0111enoj prekretnici u \u017eivotu na koncertu \u2018Progledaj srcem\u2019 2019. godine u organizaciji Laudata.<\/p>\n\n\n\n<p>\u2013 Na tom sam koncertu pjesmu znao napamet. Ku\u0107i sam je ponovio milijun puta da ne bih ne\u0161to zaboravio. No, pola sata prije koncerta osjetio sam nekakav nemir. Danas zna \u0161to je bilo: tada smo slavili Boga. Ja tada nisam bio bitan nego ono \u0161to \u0107e preko tebe do\u0107i do publike \u2013 krenuo je sa svjedo\u010danstvom.<\/p>\n\n\n\n<p>Dodao je kako se nisu svi slagali da pjeva na koncertu, ali je on odlu\u010dio predati Bogu cijelu<br>situaciju.<\/p>\n\n\n\n<p>\u2013 Navikao sam na publiku i pune dvorane, ali ovo je bilo ne\u0161to druga\u010dije. Pomolili smo se prije koncerta, a ja sam osje\u0107ao da me ne\u0161to prizemljuje. Dalo mi se do znanja da mi je nu\u017ena poniznost, \u0161to tada nisam mogao razumjeti \u2013 pojasnio je.<\/p>\n\n\n\n<p>S obzirom na tremu koja mu se tada pojavila odlu\u010dio je staviti tekst pjesme pored sebe u slu\u010daju da mu se dogodi zaborav.<\/p>\n\n\n\n<p>\u2013 Poniznost je bila glavna poruka za mene. Osje\u0107ao sam se kao da nikad nisam nastupio. U<br>trenutku kad sam pjevao tra\u017eio sam \u0161alabahter po podu, a nisam ga mogao vidjeti jer je bio prekriven laticama ru\u017eama. Tad sam shvatio da se moram koncentrirati, ne oslanjati se na ni\u0161ta nego samo na svoj zadatak jer ja nisam bio bitan u tom nastupu \u2013 nastavio je.<\/p>\n\n\n\n<p>Kasnije je imao potrebu izgovoriti nekoliko rije\u010di kad je shvatio koliko mu je Bog blizu usprkos njegovim grijesima i porocima. Danas \u017eivi svoj \u017eivot na druga\u010diji na\u010din uz intenzivniji \u017eivot s Bogom.<\/p>\n\n\n\n<p><em>Izvor: narod.hr\/ Laudato<\/em><\/p>\n","protected":false},"excerpt":{"rendered":"<p>U emisiji \u2018More Milosr\u0111a\u2019 Laudato televizije pjeva\u010d Tony Cetinski posvjedo\u010dio je svojuvjeru u Boga te je progovorio o odre\u0111enoj prekretnici u \u017eivotu na koncertu \u2018Progledajsrcem\u2019 2019. koji je u organizaciji Laudata okupio preko 18.000 ljudi u Areni Zagreb. Poticaji koje je dobio na koncertu \u2018Progledaj srcem\u2019 u zagreba\u010dkoj Areni pokrenuli su unjemu duhovnu snagu. Odmah [&hellip;]<\/p>\n","protected":false},"author":2,"featured_media":71761,"comment_status":"closed","ping_status":"closed","sticky":false,"template":"","format":"standard","meta":{"h5ap_radio_sources":[],"footnotes":""},"categories":[1],"tags":[],"class_list":["post-71760","post","type-post","status-publish","format-standard","has-post-thumbnail","hentry","category-bihiregija"],"yoast_head":"<!-- This site is optimized with the Yoast SEO plugin v27.5 - https:\/\/yoast.com\/product\/yoast-seo-wordpress\/ -->\n<title>Tony: Danas \u017eivim svoj \u017eivot na druga\u010diji na\u010din uz intenzivniji \u017eivot s Bogom - RADIO LJUBU\u0160KI<\/title>\n<meta name=\"robots\" content=\"index, follow, max-snippet:-1, max-image-preview:large, max-video-preview:-1\" \/>\n<link rel=\"canonical\" href=\"https:\/\/radioljubuski.ba\/index.php\/2021\/10\/05\/tony-danas-zivim-svoj-zivot-na-drugaciji-nacin-uz-intenzivniji-zivot-s-bogom\/\" \/>\n<meta property=\"og:locale\" content=\"hr_HR\" \/>\n<meta property=\"og:type\" content=\"article\" \/>\n<meta property=\"og:title\" content=\"Tony: Danas \u017eivim svoj \u017eivot na druga\u010diji na\u010din uz intenzivniji \u017eivot s Bogom - RADIO LJUBU\u0160KI\" \/>\n<meta property=\"og:description\" content=\"U emisiji \u2018More Milosr\u0111a\u2019 Laudato televizije pjeva\u010d Tony Cetinski posvjedo\u010dio je svojuvjeru u Boga te je progovorio o odre\u0111enoj prekretnici u \u017eivotu na koncertu \u2018Progledajsrcem\u2019 2019. koji je u organizaciji Laudata okupio preko 18.000 ljudi u Areni Zagreb. Poticaji koje je dobio na koncertu \u2018Progledaj srcem\u2019 u zagreba\u010dkoj Areni pokrenuli su unjemu duhovnu snagu. Odmah [&hellip;]\" \/>\n<meta property=\"og:url\" content=\"https:\/\/radioljubuski.ba\/index.php\/2021\/10\/05\/tony-danas-zivim-svoj-zivot-na-drugaciji-nacin-uz-intenzivniji-zivot-s-bogom\/\" \/>\n<meta property=\"og:site_name\" content=\"RADIO LJUBU\u0160KI\" \/>\n<meta property=\"article:publisher\" content=\"https:\/\/www.facebook.com\/Radiio-Ljubuski-1490835324566332\" \/>\n<meta property=\"article:published_time\" content=\"2021-10-05T10:01:18+00:00\" \/>\n<meta property=\"article:modified_time\" content=\"2021-10-05T10:01:20+00:00\" \/>\n<meta property=\"og:image\" content=\"https:\/\/radioljubuski.ba\/wp-content\/uploads\/2021\/10\/Tony-Cetinski-Progledaj-srcem-Arena-696x463-1.jpg\" \/>\n\t<meta property=\"og:image:width\" content=\"696\" \/>\n\t<meta property=\"og:image:height\" content=\"463\" \/>\n\t<meta property=\"og:image:type\" content=\"image\/jpeg\" \/>\n<meta name=\"author\" content=\"Radio Ljubu\u0161ki\" \/>\n<meta name=\"twitter:card\" content=\"summary_large_image\" \/>\n<meta name=\"twitter:creator\" content=\"@radioljubuski\" \/>\n<meta name=\"twitter:site\" content=\"@radioljubuski\" \/>\n<meta name=\"twitter:label1\" content=\"Napisao\/la\" \/>\n\t<meta name=\"twitter:data1\" content=\"Radio Ljubu\u0161ki\" \/>\n\t<meta name=\"twitter:label2\" content=\"Procijenjeno vrijeme \u010ditanja\" \/>\n\t<meta name=\"twitter:data2\" content=\"2 minute\" \/>\n<script type=\"application\/ld+json\" class=\"yoast-schema-graph\">{\"@context\":\"https:\\\/\\\/schema.org\",\"@graph\":[{\"@type\":\"Article\",\"@id\":\"https:\\\/\\\/radioljubuski.ba\\\/index.php\\\/2021\\\/10\\\/05\\\/tony-danas-zivim-svoj-zivot-na-drugaciji-nacin-uz-intenzivniji-zivot-s-bogom\\\/#article\",\"isPartOf\":{\"@id\":\"https:\\\/\\\/radioljubuski.ba\\\/index.php\\\/2021\\\/10\\\/05\\\/tony-danas-zivim-svoj-zivot-na-drugaciji-nacin-uz-intenzivniji-zivot-s-bogom\\\/\"},\"author\":{\"name\":\"Radio Ljubu\u0161ki\",\"@id\":\"https:\\\/\\\/radioljubuski.ba\\\/#\\\/schema\\\/person\\\/19fc700381a780f69665d7956c469e3b\"},\"headline\":\"Tony: Danas \u017eivim svoj \u017eivot na druga\u010diji na\u010din uz intenzivniji \u017eivot s Bogom\",\"datePublished\":\"2021-10-05T10:01:18+00:00\",\"dateModified\":\"2021-10-05T10:01:20+00:00\",\"mainEntityOfPage\":{\"@id\":\"https:\\\/\\\/radioljubuski.ba\\\/index.php\\\/2021\\\/10\\\/05\\\/tony-danas-zivim-svoj-zivot-na-drugaciji-nacin-uz-intenzivniji-zivot-s-bogom\\\/\"},\"wordCount\":480,\"publisher\":{\"@id\":\"https:\\\/\\\/radioljubuski.ba\\\/#organization\"},\"image\":{\"@id\":\"https:\\\/\\\/radioljubuski.ba\\\/index.php\\\/2021\\\/10\\\/05\\\/tony-danas-zivim-svoj-zivot-na-drugaciji-nacin-uz-intenzivniji-zivot-s-bogom\\\/#primaryimage\"},\"thumbnailUrl\":\"https:\\\/\\\/radioljubuski.ba\\\/wp-content\\\/uploads\\\/2021\\\/10\\\/Tony-Cetinski-Progledaj-srcem-Arena-696x463-1.jpg\",\"articleSection\":[\"BIH i regija\"],\"inLanguage\":\"hr\"},{\"@type\":\"WebPage\",\"@id\":\"https:\\\/\\\/radioljubuski.ba\\\/index.php\\\/2021\\\/10\\\/05\\\/tony-danas-zivim-svoj-zivot-na-drugaciji-nacin-uz-intenzivniji-zivot-s-bogom\\\/\",\"url\":\"https:\\\/\\\/radioljubuski.ba\\\/index.php\\\/2021\\\/10\\\/05\\\/tony-danas-zivim-svoj-zivot-na-drugaciji-nacin-uz-intenzivniji-zivot-s-bogom\\\/\",\"name\":\"Tony: Danas \u017eivim svoj \u017eivot na druga\u010diji na\u010din uz intenzivniji \u017eivot s Bogom - RADIO LJUBU\u0160KI\",\"isPartOf\":{\"@id\":\"https:\\\/\\\/radioljubuski.ba\\\/#website\"},\"primaryImageOfPage\":{\"@id\":\"https:\\\/\\\/radioljubuski.ba\\\/index.php\\\/2021\\\/10\\\/05\\\/tony-danas-zivim-svoj-zivot-na-drugaciji-nacin-uz-intenzivniji-zivot-s-bogom\\\/#primaryimage\"},\"image\":{\"@id\":\"https:\\\/\\\/radioljubuski.ba\\\/index.php\\\/2021\\\/10\\\/05\\\/tony-danas-zivim-svoj-zivot-na-drugaciji-nacin-uz-intenzivniji-zivot-s-bogom\\\/#primaryimage\"},\"thumbnailUrl\":\"https:\\\/\\\/radioljubuski.ba\\\/wp-content\\\/uploads\\\/2021\\\/10\\\/Tony-Cetinski-Progledaj-srcem-Arena-696x463-1.jpg\",\"datePublished\":\"2021-10-05T10:01:18+00:00\",\"dateModified\":\"2021-10-05T10:01:20+00:00\",\"breadcrumb\":{\"@id\":\"https:\\\/\\\/radioljubuski.ba\\\/index.php\\\/2021\\\/10\\\/05\\\/tony-danas-zivim-svoj-zivot-na-drugaciji-nacin-uz-intenzivniji-zivot-s-bogom\\\/#breadcrumb\"},\"inLanguage\":\"hr\",\"potentialAction\":[{\"@type\":\"ReadAction\",\"target\":[\"https:\\\/\\\/radioljubuski.ba\\\/index.php\\\/2021\\\/10\\\/05\\\/tony-danas-zivim-svoj-zivot-na-drugaciji-nacin-uz-intenzivniji-zivot-s-bogom\\\/\"]}]},{\"@type\":\"ImageObject\",\"inLanguage\":\"hr\",\"@id\":\"https:\\\/\\\/radioljubuski.ba\\\/index.php\\\/2021\\\/10\\\/05\\\/tony-danas-zivim-svoj-zivot-na-drugaciji-nacin-uz-intenzivniji-zivot-s-bogom\\\/#primaryimage\",\"url\":\"https:\\\/\\\/radioljubuski.ba\\\/wp-content\\\/uploads\\\/2021\\\/10\\\/Tony-Cetinski-Progledaj-srcem-Arena-696x463-1.jpg\",\"contentUrl\":\"https:\\\/\\\/radioljubuski.ba\\\/wp-content\\\/uploads\\\/2021\\\/10\\\/Tony-Cetinski-Progledaj-srcem-Arena-696x463-1.jpg\",\"width\":696,\"height\":463},{\"@type\":\"BreadcrumbList\",\"@id\":\"https:\\\/\\\/radioljubuski.ba\\\/index.php\\\/2021\\\/10\\\/05\\\/tony-danas-zivim-svoj-zivot-na-drugaciji-nacin-uz-intenzivniji-zivot-s-bogom\\\/#breadcrumb\",\"itemListElement\":[{\"@type\":\"ListItem\",\"position\":1,\"name\":\"Po\u010detna stranica\",\"item\":\"https:\\\/\\\/radioljubuski.ba\\\/\"},{\"@type\":\"ListItem\",\"position\":2,\"name\":\"Tony: Danas \u017eivim svoj \u017eivot na druga\u010diji na\u010din uz intenzivniji \u017eivot s Bogom\"}]},{\"@type\":\"WebSite\",\"@id\":\"https:\\\/\\\/radioljubuski.ba\\\/#website\",\"url\":\"https:\\\/\\\/radioljubuski.ba\\\/\",\"name\":\"Radio Ljubu\u0161ki\",\"description\":\"Sun\u010dana frekvencija Hercegovine\",\"publisher\":{\"@id\":\"https:\\\/\\\/radioljubuski.ba\\\/#organization\"},\"potentialAction\":[{\"@type\":\"SearchAction\",\"target\":{\"@type\":\"EntryPoint\",\"urlTemplate\":\"https:\\\/\\\/radioljubuski.ba\\\/?s={search_term_string}\"},\"query-input\":{\"@type\":\"PropertyValueSpecification\",\"valueRequired\":true,\"valueName\":\"search_term_string\"}}],\"inLanguage\":\"hr\"},{\"@type\":\"Organization\",\"@id\":\"https:\\\/\\\/radioljubuski.ba\\\/#organization\",\"name\":\"Radio Ljubu\u0161ki\",\"url\":\"https:\\\/\\\/radioljubuski.ba\\\/\",\"logo\":{\"@type\":\"ImageObject\",\"inLanguage\":\"hr\",\"@id\":\"https:\\\/\\\/radioljubuski.ba\\\/#\\\/schema\\\/logo\\\/image\\\/\",\"url\":\"https:\\\/\\\/radioljubuski.ba\\\/wp-content\\\/uploads\\\/2021\\\/02\\\/cropped-Radio_Ljubuski_logo1.jpg\",\"contentUrl\":\"https:\\\/\\\/radioljubuski.ba\\\/wp-content\\\/uploads\\\/2021\\\/02\\\/cropped-Radio_Ljubuski_logo1.jpg\",\"width\":512,\"height\":512,\"caption\":\"Radio Ljubu\u0161ki\"},\"image\":{\"@id\":\"https:\\\/\\\/radioljubuski.ba\\\/#\\\/schema\\\/logo\\\/image\\\/\"},\"sameAs\":[\"https:\\\/\\\/www.facebook.com\\\/Radiio-Ljubuski-1490835324566332\",\"https:\\\/\\\/x.com\\\/radioljubuski\",\"https:\\\/\\\/hr.linkedin.com\\\/company\\\/radio-ljubuski\",\"https:\\\/\\\/www.youtube.com\\\/channel\\\/UCHYaeO_n0Db3tjNGudGpXyw\"]},{\"@type\":\"Person\",\"@id\":\"https:\\\/\\\/radioljubuski.ba\\\/#\\\/schema\\\/person\\\/19fc700381a780f69665d7956c469e3b\",\"name\":\"Radio Ljubu\u0161ki\"}]}<\/script>\n<!-- \/ Yoast SEO plugin. -->","yoast_head_json":{"title":"Tony: Danas \u017eivim svoj \u017eivot na druga\u010diji na\u010din uz intenzivniji \u017eivot s Bogom - RADIO LJUBU\u0160KI","robots":{"index":"index","follow":"follow","max-snippet":"max-snippet:-1","max-image-preview":"max-image-preview:large","max-video-preview":"max-video-preview:-1"},"canonical":"https:\/\/radioljubuski.ba\/index.php\/2021\/10\/05\/tony-danas-zivim-svoj-zivot-na-drugaciji-nacin-uz-intenzivniji-zivot-s-bogom\/","og_locale":"hr_HR","og_type":"article","og_title":"Tony: Danas \u017eivim svoj \u017eivot na druga\u010diji na\u010din uz intenzivniji \u017eivot s Bogom - RADIO LJUBU\u0160KI","og_description":"U emisiji \u2018More Milosr\u0111a\u2019 Laudato televizije pjeva\u010d Tony Cetinski posvjedo\u010dio je svojuvjeru u Boga te je progovorio o odre\u0111enoj prekretnici u \u017eivotu na koncertu \u2018Progledajsrcem\u2019 2019. koji je u organizaciji Laudata okupio preko 18.000 ljudi u Areni Zagreb. Poticaji koje je dobio na koncertu \u2018Progledaj srcem\u2019 u zagreba\u010dkoj Areni pokrenuli su unjemu duhovnu snagu. Odmah [&hellip;]","og_url":"https:\/\/radioljubuski.ba\/index.php\/2021\/10\/05\/tony-danas-zivim-svoj-zivot-na-drugaciji-nacin-uz-intenzivniji-zivot-s-bogom\/","og_site_name":"RADIO LJUBU\u0160KI","article_publisher":"https:\/\/www.facebook.com\/Radiio-Ljubuski-1490835324566332","article_published_time":"2021-10-05T10:01:18+00:00","article_modified_time":"2021-10-05T10:01:20+00:00","og_image":[{"width":696,"height":463,"url":"https:\/\/radioljubuski.ba\/wp-content\/uploads\/2021\/10\/Tony-Cetinski-Progledaj-srcem-Arena-696x463-1.jpg","type":"image\/jpeg"}],"author":"Radio Ljubu\u0161ki","twitter_card":"summary_large_image","twitter_creator":"@radioljubuski","twitter_site":"@radioljubuski","twitter_misc":{"Napisao\/la":"Radio Ljubu\u0161ki","Procijenjeno vrijeme \u010ditanja":"2 minute"},"schema":{"@context":"https:\/\/schema.org","@graph":[{"@type":"Article","@id":"https:\/\/radioljubuski.ba\/index.php\/2021\/10\/05\/tony-danas-zivim-svoj-zivot-na-drugaciji-nacin-uz-intenzivniji-zivot-s-bogom\/#article","isPartOf":{"@id":"https:\/\/radioljubuski.ba\/index.php\/2021\/10\/05\/tony-danas-zivim-svoj-zivot-na-drugaciji-nacin-uz-intenzivniji-zivot-s-bogom\/"},"author":{"name":"Radio Ljubu\u0161ki","@id":"https:\/\/radioljubuski.ba\/#\/schema\/person\/19fc700381a780f69665d7956c469e3b"},"headline":"Tony: Danas \u017eivim svoj \u017eivot na druga\u010diji na\u010din uz intenzivniji \u017eivot s Bogom","datePublished":"2021-10-05T10:01:18+00:00","dateModified":"2021-10-05T10:01:20+00:00","mainEntityOfPage":{"@id":"https:\/\/radioljubuski.ba\/index.php\/2021\/10\/05\/tony-danas-zivim-svoj-zivot-na-drugaciji-nacin-uz-intenzivniji-zivot-s-bogom\/"},"wordCount":480,"publisher":{"@id":"https:\/\/radioljubuski.ba\/#organization"},"image":{"@id":"https:\/\/radioljubuski.ba\/index.php\/2021\/10\/05\/tony-danas-zivim-svoj-zivot-na-drugaciji-nacin-uz-intenzivniji-zivot-s-bogom\/#primaryimage"},"thumbnailUrl":"https:\/\/radioljubuski.ba\/wp-content\/uploads\/2021\/10\/Tony-Cetinski-Progledaj-srcem-Arena-696x463-1.jpg","articleSection":["BIH i regija"],"inLanguage":"hr"},{"@type":"WebPage","@id":"https:\/\/radioljubuski.ba\/index.php\/2021\/10\/05\/tony-danas-zivim-svoj-zivot-na-drugaciji-nacin-uz-intenzivniji-zivot-s-bogom\/","url":"https:\/\/radioljubuski.ba\/index.php\/2021\/10\/05\/tony-danas-zivim-svoj-zivot-na-drugaciji-nacin-uz-intenzivniji-zivot-s-bogom\/","name":"Tony: Danas \u017eivim svoj \u017eivot na druga\u010diji na\u010din uz intenzivniji \u017eivot s Bogom - RADIO LJUBU\u0160KI","isPartOf":{"@id":"https:\/\/radioljubuski.ba\/#website"},"primaryImageOfPage":{"@id":"https:\/\/radioljubuski.ba\/index.php\/2021\/10\/05\/tony-danas-zivim-svoj-zivot-na-drugaciji-nacin-uz-intenzivniji-zivot-s-bogom\/#primaryimage"},"image":{"@id":"https:\/\/radioljubuski.ba\/index.php\/2021\/10\/05\/tony-danas-zivim-svoj-zivot-na-drugaciji-nacin-uz-intenzivniji-zivot-s-bogom\/#primaryimage"},"thumbnailUrl":"https:\/\/radioljubuski.ba\/wp-content\/uploads\/2021\/10\/Tony-Cetinski-Progledaj-srcem-Arena-696x463-1.jpg","datePublished":"2021-10-05T10:01:18+00:00","dateModified":"2021-10-05T10:01:20+00:00","breadcrumb":{"@id":"https:\/\/radioljubuski.ba\/index.php\/2021\/10\/05\/tony-danas-zivim-svoj-zivot-na-drugaciji-nacin-uz-intenzivniji-zivot-s-bogom\/#breadcrumb"},"inLanguage":"hr","potentialAction":[{"@type":"ReadAction","target":["https:\/\/radioljubuski.ba\/index.php\/2021\/10\/05\/tony-danas-zivim-svoj-zivot-na-drugaciji-nacin-uz-intenzivniji-zivot-s-bogom\/"]}]},{"@type":"ImageObject","inLanguage":"hr","@id":"https:\/\/radioljubuski.ba\/index.php\/2021\/10\/05\/tony-danas-zivim-svoj-zivot-na-drugaciji-nacin-uz-intenzivniji-zivot-s-bogom\/#primaryimage","url":"https:\/\/radioljubuski.ba\/wp-content\/uploads\/2021\/10\/Tony-Cetinski-Progledaj-srcem-Arena-696x463-1.jpg","contentUrl":"https:\/\/radioljubuski.ba\/wp-content\/uploads\/2021\/10\/Tony-Cetinski-Progledaj-srcem-Arena-696x463-1.jpg","width":696,"height":463},{"@type":"BreadcrumbList","@id":"https:\/\/radioljubuski.ba\/index.php\/2021\/10\/05\/tony-danas-zivim-svoj-zivot-na-drugaciji-nacin-uz-intenzivniji-zivot-s-bogom\/#breadcrumb","itemListElement":[{"@type":"ListItem","position":1,"name":"Po\u010detna stranica","item":"https:\/\/radioljubuski.ba\/"},{"@type":"ListItem","position":2,"name":"Tony: Danas \u017eivim svoj \u017eivot na druga\u010diji na\u010din uz intenzivniji \u017eivot s Bogom"}]},{"@type":"WebSite","@id":"https:\/\/radioljubuski.ba\/#website","url":"https:\/\/radioljubuski.ba\/","name":"Radio Ljubu\u0161ki","description":"Sun\u010dana frekvencija Hercegovine","publisher":{"@id":"https:\/\/radioljubuski.ba\/#organization"},"potentialAction":[{"@type":"SearchAction","target":{"@type":"EntryPoint","urlTemplate":"https:\/\/radioljubuski.ba\/?s={search_term_string}"},"query-input":{"@type":"PropertyValueSpecification","valueRequired":true,"valueName":"search_term_string"}}],"inLanguage":"hr"},{"@type":"Organization","@id":"https:\/\/radioljubuski.ba\/#organization","name":"Radio Ljubu\u0161ki","url":"https:\/\/radioljubuski.ba\/","logo":{"@type":"ImageObject","inLanguage":"hr","@id":"https:\/\/radioljubuski.ba\/#\/schema\/logo\/image\/","url":"https:\/\/radioljubuski.ba\/wp-content\/uploads\/2021\/02\/cropped-Radio_Ljubuski_logo1.jpg","contentUrl":"https:\/\/radioljubuski.ba\/wp-content\/uploads\/2021\/02\/cropped-Radio_Ljubuski_logo1.jpg","width":512,"height":512,"caption":"Radio Ljubu\u0161ki"},"image":{"@id":"https:\/\/radioljubuski.ba\/#\/schema\/logo\/image\/"},"sameAs":["https:\/\/www.facebook.com\/Radiio-Ljubuski-1490835324566332","https:\/\/x.com\/radioljubuski","https:\/\/hr.linkedin.com\/company\/radio-ljubuski","https:\/\/www.youtube.com\/channel\/UCHYaeO_n0Db3tjNGudGpXyw"]},{"@type":"Person","@id":"https:\/\/radioljubuski.ba\/#\/schema\/person\/19fc700381a780f69665d7956c469e3b","name":"Radio Ljubu\u0161ki"}]}},"_links":{"self":[{"href":"https:\/\/radioljubuski.ba\/index.php\/wp-json\/wp\/v2\/posts\/71760","targetHints":{"allow":["GET"]}}],"collection":[{"href":"https:\/\/radioljubuski.ba\/index.php\/wp-json\/wp\/v2\/posts"}],"about":[{"href":"https:\/\/radioljubuski.ba\/index.php\/wp-json\/wp\/v2\/types\/post"}],"author":[{"embeddable":true,"href":"https:\/\/radioljubuski.ba\/index.php\/wp-json\/wp\/v2\/users\/2"}],"replies":[{"embeddable":true,"href":"https:\/\/radioljubuski.ba\/index.php\/wp-json\/wp\/v2\/comments?post=71760"}],"version-history":[{"count":1,"href":"https:\/\/radioljubuski.ba\/index.php\/wp-json\/wp\/v2\/posts\/71760\/revisions"}],"predecessor-version":[{"id":71762,"href":"https:\/\/radioljubuski.ba\/index.php\/wp-json\/wp\/v2\/posts\/71760\/revisions\/71762"}],"wp:featuredmedia":[{"embeddable":true,"href":"https:\/\/radioljubuski.ba\/index.php\/wp-json\/wp\/v2\/media\/71761"}],"wp:attachment":[{"href":"https:\/\/radioljubuski.ba\/index.php\/wp-json\/wp\/v2\/media?parent=71760"}],"wp:term":[{"taxonomy":"category","embeddable":true,"href":"https:\/\/radioljubuski.ba\/index.php\/wp-json\/wp\/v2\/categories?post=71760"},{"taxonomy":"post_tag","embeddable":true,"href":"https:\/\/radioljubuski.ba\/index.php\/wp-json\/wp\/v2\/tags?post=71760"}],"curies":[{"name":"wp","href":"https:\/\/api.w.org\/{rel}","templated":true}]}}