{"id":7226,"date":"2021-03-27T10:17:56","date_gmt":"2021-03-27T09:17:56","guid":{"rendered":"https:\/\/radioljubuski.ba\/?p=7226"},"modified":"2021-03-27T10:17:57","modified_gmt":"2021-03-27T09:17:57","slug":"otvaranje-eura-u-rimu-s-gledateljima","status":"publish","type":"post","link":"https:\/\/radioljubuski.ba\/index.php\/2021\/03\/27\/otvaranje-eura-u-rimu-s-gledateljima\/","title":{"rendered":"Otvaranje Eura u Rimu s gledateljima"},"content":{"rendered":"\n<p><strong>Otvaraju\u0107a utakmica Europskog nogometnog prvenstva izme\u0111u Italije i Turske igrat \u0107e se uz nazo\u010dnost gledatelja unato\u010d pandemiji, potvrdio je predsjednik Talijanskog nogometnog saveza (FIGC) Gabriele Gravina.<\/strong><\/p>\n\n\n\n<p>EURO, koji je odgo\u0111en pro\u0161le godine zbog pandemije koronavirusa, zapo\u010det \u0107e na rimskom stadionu Olimpico 11. lipnja kada Italija ugo\u0161\u0107uje Tursku.<br><br>Gravina na konferenciji za novinare u petak potvrdio da \u0107e biti gledatelja, ali ne i koliko.<br><br>&#8211; Jo\u0161 ne znam koliko \u0107e gledatelja biti, ali sigurno \u0107e biti gu\u017eva, kazao je \u010delni \u010dovjek talijanskoga nogometa.<br><br>Italija je jedna od 12 zemalja doma\u0107ina EURA diljem Europe, a planovi za jednomjese\u010dni turnir su dovedeni u pitanje, dok se COVID-19 nastavlja \u0161iriti Starim kontinentom.<br><br>Italija je u Rimu nositelj skupine A Euro 2020 s Turskom, \u0160vicarskom i Walesom, dok bi talijanski glavni grad tako\u0111er trebao biti doma\u0107in \u010detvrtfinalne utakmice.<br><br>UEFA je izjavila nakon sastanka sa svim dr\u017eavama doma\u0107inima u sije\u010dnju da je pomaknula svoj krajnji rok za Saveze da dostave planove za smje\u0161taj navija\u010da na stadione na po\u010detak travnja.<\/p>\n\n\n\n<p>Izvor:hrt.hr<\/p>\n","protected":false},"excerpt":{"rendered":"<p>Otvaraju\u0107a utakmica Europskog nogometnog prvenstva izme\u0111u Italije i Turske igrat \u0107e se uz nazo\u010dnost gledatelja unato\u010d pandemiji, potvrdio je predsjednik Talijanskog nogometnog saveza (FIGC) Gabriele Gravina. EURO, koji je odgo\u0111en pro\u0161le godine zbog pandemije koronavirusa, zapo\u010det \u0107e na rimskom stadionu Olimpico 11. lipnja kada Italija ugo\u0161\u0107uje Tursku. Gravina na konferenciji za novinare u petak potvrdio [&hellip;]<\/p>\n","protected":false},"author":2,"featured_media":7227,"comment_status":"closed","ping_status":"closed","sticky":false,"template":"","format":"standard","meta":{"h5ap_radio_sources":[],"footnotes":""},"categories":[1],"tags":[],"class_list":["post-7226","post","type-post","status-publish","format-standard","has-post-thumbnail","hentry","category-bihiregija"],"yoast_head":"<!-- This site is optimized with the Yoast SEO plugin v27.4 - https:\/\/yoast.com\/product\/yoast-seo-wordpress\/ -->\n<title>Otvaranje Eura u Rimu s gledateljima - RADIO LJUBU\u0160KI<\/title>\n<meta name=\"robots\" content=\"index, follow, max-snippet:-1, max-image-preview:large, max-video-preview:-1\" \/>\n<link rel=\"canonical\" href=\"https:\/\/radioljubuski.ba\/index.php\/2021\/03\/27\/otvaranje-eura-u-rimu-s-gledateljima\/\" \/>\n<meta property=\"og:locale\" content=\"hr_HR\" \/>\n<meta property=\"og:type\" content=\"article\" \/>\n<meta property=\"og:title\" content=\"Otvaranje Eura u Rimu s gledateljima - RADIO LJUBU\u0160KI\" \/>\n<meta property=\"og:description\" content=\"Otvaraju\u0107a utakmica Europskog nogometnog prvenstva izme\u0111u Italije i Turske igrat \u0107e se uz nazo\u010dnost gledatelja unato\u010d pandemiji, potvrdio je predsjednik Talijanskog nogometnog saveza (FIGC) Gabriele Gravina. EURO, koji je odgo\u0111en pro\u0161le godine zbog pandemije koronavirusa, zapo\u010det \u0107e na rimskom stadionu Olimpico 11. lipnja kada Italija ugo\u0161\u0107uje Tursku. Gravina na konferenciji za novinare u petak potvrdio [&hellip;]\" \/>\n<meta property=\"og:url\" content=\"https:\/\/radioljubuski.ba\/index.php\/2021\/03\/27\/otvaranje-eura-u-rimu-s-gledateljima\/\" \/>\n<meta property=\"og:site_name\" content=\"RADIO LJUBU\u0160KI\" \/>\n<meta property=\"article:publisher\" content=\"https:\/\/www.facebook.com\/Radiio-Ljubuski-1490835324566332\" \/>\n<meta property=\"article:published_time\" content=\"2021-03-27T09:17:56+00:00\" \/>\n<meta property=\"article:modified_time\" content=\"2021-03-27T09:17:57+00:00\" \/>\n<meta property=\"og:image\" content=\"https:\/\/radioljubuski.ba\/wp-content\/uploads\/2021\/03\/preuzmi-1-28.jpg\" \/>\n\t<meta property=\"og:image:width\" content=\"275\" \/>\n\t<meta property=\"og:image:height\" content=\"183\" \/>\n\t<meta property=\"og:image:type\" content=\"image\/jpeg\" \/>\n<meta name=\"author\" content=\"Radio Ljubu\u0161ki\" \/>\n<meta name=\"twitter:card\" content=\"summary_large_image\" \/>\n<meta name=\"twitter:creator\" content=\"@radioljubuski\" \/>\n<meta name=\"twitter:site\" content=\"@radioljubuski\" \/>\n<meta name=\"twitter:label1\" content=\"Napisao\/la\" \/>\n\t<meta name=\"twitter:data1\" content=\"Radio Ljubu\u0161ki\" \/>\n\t<meta name=\"twitter:label2\" content=\"Procijenjeno vrijeme \u010ditanja\" \/>\n\t<meta name=\"twitter:data2\" content=\"1 minuta\" \/>\n<script type=\"application\/ld+json\" class=\"yoast-schema-graph\">{\"@context\":\"https:\\\/\\\/schema.org\",\"@graph\":[{\"@type\":\"Article\",\"@id\":\"https:\\\/\\\/radioljubuski.ba\\\/index.php\\\/2021\\\/03\\\/27\\\/otvaranje-eura-u-rimu-s-gledateljima\\\/#article\",\"isPartOf\":{\"@id\":\"https:\\\/\\\/radioljubuski.ba\\\/index.php\\\/2021\\\/03\\\/27\\\/otvaranje-eura-u-rimu-s-gledateljima\\\/\"},\"author\":{\"name\":\"Radio Ljubu\u0161ki\",\"@id\":\"https:\\\/\\\/radioljubuski.ba\\\/#\\\/schema\\\/person\\\/19fc700381a780f69665d7956c469e3b\"},\"headline\":\"Otvaranje Eura u Rimu s gledateljima\",\"datePublished\":\"2021-03-27T09:17:56+00:00\",\"dateModified\":\"2021-03-27T09:17:57+00:00\",\"mainEntityOfPage\":{\"@id\":\"https:\\\/\\\/radioljubuski.ba\\\/index.php\\\/2021\\\/03\\\/27\\\/otvaranje-eura-u-rimu-s-gledateljima\\\/\"},\"wordCount\":187,\"publisher\":{\"@id\":\"https:\\\/\\\/radioljubuski.ba\\\/#organization\"},\"image\":{\"@id\":\"https:\\\/\\\/radioljubuski.ba\\\/index.php\\\/2021\\\/03\\\/27\\\/otvaranje-eura-u-rimu-s-gledateljima\\\/#primaryimage\"},\"thumbnailUrl\":\"https:\\\/\\\/radioljubuski.ba\\\/wp-content\\\/uploads\\\/2021\\\/03\\\/preuzmi-1-28.jpg\",\"articleSection\":[\"BIH i regija\"],\"inLanguage\":\"hr\"},{\"@type\":\"WebPage\",\"@id\":\"https:\\\/\\\/radioljubuski.ba\\\/index.php\\\/2021\\\/03\\\/27\\\/otvaranje-eura-u-rimu-s-gledateljima\\\/\",\"url\":\"https:\\\/\\\/radioljubuski.ba\\\/index.php\\\/2021\\\/03\\\/27\\\/otvaranje-eura-u-rimu-s-gledateljima\\\/\",\"name\":\"Otvaranje Eura u Rimu s gledateljima - RADIO LJUBU\u0160KI\",\"isPartOf\":{\"@id\":\"https:\\\/\\\/radioljubuski.ba\\\/#website\"},\"primaryImageOfPage\":{\"@id\":\"https:\\\/\\\/radioljubuski.ba\\\/index.php\\\/2021\\\/03\\\/27\\\/otvaranje-eura-u-rimu-s-gledateljima\\\/#primaryimage\"},\"image\":{\"@id\":\"https:\\\/\\\/radioljubuski.ba\\\/index.php\\\/2021\\\/03\\\/27\\\/otvaranje-eura-u-rimu-s-gledateljima\\\/#primaryimage\"},\"thumbnailUrl\":\"https:\\\/\\\/radioljubuski.ba\\\/wp-content\\\/uploads\\\/2021\\\/03\\\/preuzmi-1-28.jpg\",\"datePublished\":\"2021-03-27T09:17:56+00:00\",\"dateModified\":\"2021-03-27T09:17:57+00:00\",\"breadcrumb\":{\"@id\":\"https:\\\/\\\/radioljubuski.ba\\\/index.php\\\/2021\\\/03\\\/27\\\/otvaranje-eura-u-rimu-s-gledateljima\\\/#breadcrumb\"},\"inLanguage\":\"hr\",\"potentialAction\":[{\"@type\":\"ReadAction\",\"target\":[\"https:\\\/\\\/radioljubuski.ba\\\/index.php\\\/2021\\\/03\\\/27\\\/otvaranje-eura-u-rimu-s-gledateljima\\\/\"]}]},{\"@type\":\"ImageObject\",\"inLanguage\":\"hr\",\"@id\":\"https:\\\/\\\/radioljubuski.ba\\\/index.php\\\/2021\\\/03\\\/27\\\/otvaranje-eura-u-rimu-s-gledateljima\\\/#primaryimage\",\"url\":\"https:\\\/\\\/radioljubuski.ba\\\/wp-content\\\/uploads\\\/2021\\\/03\\\/preuzmi-1-28.jpg\",\"contentUrl\":\"https:\\\/\\\/radioljubuski.ba\\\/wp-content\\\/uploads\\\/2021\\\/03\\\/preuzmi-1-28.jpg\",\"width\":275,\"height\":183},{\"@type\":\"BreadcrumbList\",\"@id\":\"https:\\\/\\\/radioljubuski.ba\\\/index.php\\\/2021\\\/03\\\/27\\\/otvaranje-eura-u-rimu-s-gledateljima\\\/#breadcrumb\",\"itemListElement\":[{\"@type\":\"ListItem\",\"position\":1,\"name\":\"Po\u010detna stranica\",\"item\":\"https:\\\/\\\/radioljubuski.ba\\\/\"},{\"@type\":\"ListItem\",\"position\":2,\"name\":\"Otvaranje Eura u Rimu s gledateljima\"}]},{\"@type\":\"WebSite\",\"@id\":\"https:\\\/\\\/radioljubuski.ba\\\/#website\",\"url\":\"https:\\\/\\\/radioljubuski.ba\\\/\",\"name\":\"Radio Ljubu\u0161ki\",\"description\":\"Sun\u010dana frekvencija Hercegovine\",\"publisher\":{\"@id\":\"https:\\\/\\\/radioljubuski.ba\\\/#organization\"},\"potentialAction\":[{\"@type\":\"SearchAction\",\"target\":{\"@type\":\"EntryPoint\",\"urlTemplate\":\"https:\\\/\\\/radioljubuski.ba\\\/?s={search_term_string}\"},\"query-input\":{\"@type\":\"PropertyValueSpecification\",\"valueRequired\":true,\"valueName\":\"search_term_string\"}}],\"inLanguage\":\"hr\"},{\"@type\":\"Organization\",\"@id\":\"https:\\\/\\\/radioljubuski.ba\\\/#organization\",\"name\":\"Radio Ljubu\u0161ki\",\"url\":\"https:\\\/\\\/radioljubuski.ba\\\/\",\"logo\":{\"@type\":\"ImageObject\",\"inLanguage\":\"hr\",\"@id\":\"https:\\\/\\\/radioljubuski.ba\\\/#\\\/schema\\\/logo\\\/image\\\/\",\"url\":\"https:\\\/\\\/radioljubuski.ba\\\/wp-content\\\/uploads\\\/2021\\\/02\\\/cropped-Radio_Ljubuski_logo1.jpg\",\"contentUrl\":\"https:\\\/\\\/radioljubuski.ba\\\/wp-content\\\/uploads\\\/2021\\\/02\\\/cropped-Radio_Ljubuski_logo1.jpg\",\"width\":512,\"height\":512,\"caption\":\"Radio Ljubu\u0161ki\"},\"image\":{\"@id\":\"https:\\\/\\\/radioljubuski.ba\\\/#\\\/schema\\\/logo\\\/image\\\/\"},\"sameAs\":[\"https:\\\/\\\/www.facebook.com\\\/Radiio-Ljubuski-1490835324566332\",\"https:\\\/\\\/x.com\\\/radioljubuski\",\"https:\\\/\\\/hr.linkedin.com\\\/company\\\/radio-ljubuski\",\"https:\\\/\\\/www.youtube.com\\\/channel\\\/UCHYaeO_n0Db3tjNGudGpXyw\"]},{\"@type\":\"Person\",\"@id\":\"https:\\\/\\\/radioljubuski.ba\\\/#\\\/schema\\\/person\\\/19fc700381a780f69665d7956c469e3b\",\"name\":\"Radio Ljubu\u0161ki\"}]}<\/script>\n<!-- \/ Yoast SEO plugin. -->","yoast_head_json":{"title":"Otvaranje Eura u Rimu s gledateljima - RADIO LJUBU\u0160KI","robots":{"index":"index","follow":"follow","max-snippet":"max-snippet:-1","max-image-preview":"max-image-preview:large","max-video-preview":"max-video-preview:-1"},"canonical":"https:\/\/radioljubuski.ba\/index.php\/2021\/03\/27\/otvaranje-eura-u-rimu-s-gledateljima\/","og_locale":"hr_HR","og_type":"article","og_title":"Otvaranje Eura u Rimu s gledateljima - RADIO LJUBU\u0160KI","og_description":"Otvaraju\u0107a utakmica Europskog nogometnog prvenstva izme\u0111u Italije i Turske igrat \u0107e se uz nazo\u010dnost gledatelja unato\u010d pandemiji, potvrdio je predsjednik Talijanskog nogometnog saveza (FIGC) Gabriele Gravina. EURO, koji je odgo\u0111en pro\u0161le godine zbog pandemije koronavirusa, zapo\u010det \u0107e na rimskom stadionu Olimpico 11. lipnja kada Italija ugo\u0161\u0107uje Tursku. Gravina na konferenciji za novinare u petak potvrdio [&hellip;]","og_url":"https:\/\/radioljubuski.ba\/index.php\/2021\/03\/27\/otvaranje-eura-u-rimu-s-gledateljima\/","og_site_name":"RADIO LJUBU\u0160KI","article_publisher":"https:\/\/www.facebook.com\/Radiio-Ljubuski-1490835324566332","article_published_time":"2021-03-27T09:17:56+00:00","article_modified_time":"2021-03-27T09:17:57+00:00","og_image":[{"width":275,"height":183,"url":"https:\/\/radioljubuski.ba\/wp-content\/uploads\/2021\/03\/preuzmi-1-28.jpg","type":"image\/jpeg"}],"author":"Radio Ljubu\u0161ki","twitter_card":"summary_large_image","twitter_creator":"@radioljubuski","twitter_site":"@radioljubuski","twitter_misc":{"Napisao\/la":"Radio Ljubu\u0161ki","Procijenjeno vrijeme \u010ditanja":"1 minuta"},"schema":{"@context":"https:\/\/schema.org","@graph":[{"@type":"Article","@id":"https:\/\/radioljubuski.ba\/index.php\/2021\/03\/27\/otvaranje-eura-u-rimu-s-gledateljima\/#article","isPartOf":{"@id":"https:\/\/radioljubuski.ba\/index.php\/2021\/03\/27\/otvaranje-eura-u-rimu-s-gledateljima\/"},"author":{"name":"Radio Ljubu\u0161ki","@id":"https:\/\/radioljubuski.ba\/#\/schema\/person\/19fc700381a780f69665d7956c469e3b"},"headline":"Otvaranje Eura u Rimu s gledateljima","datePublished":"2021-03-27T09:17:56+00:00","dateModified":"2021-03-27T09:17:57+00:00","mainEntityOfPage":{"@id":"https:\/\/radioljubuski.ba\/index.php\/2021\/03\/27\/otvaranje-eura-u-rimu-s-gledateljima\/"},"wordCount":187,"publisher":{"@id":"https:\/\/radioljubuski.ba\/#organization"},"image":{"@id":"https:\/\/radioljubuski.ba\/index.php\/2021\/03\/27\/otvaranje-eura-u-rimu-s-gledateljima\/#primaryimage"},"thumbnailUrl":"https:\/\/radioljubuski.ba\/wp-content\/uploads\/2021\/03\/preuzmi-1-28.jpg","articleSection":["BIH i regija"],"inLanguage":"hr"},{"@type":"WebPage","@id":"https:\/\/radioljubuski.ba\/index.php\/2021\/03\/27\/otvaranje-eura-u-rimu-s-gledateljima\/","url":"https:\/\/radioljubuski.ba\/index.php\/2021\/03\/27\/otvaranje-eura-u-rimu-s-gledateljima\/","name":"Otvaranje Eura u Rimu s gledateljima - RADIO LJUBU\u0160KI","isPartOf":{"@id":"https:\/\/radioljubuski.ba\/#website"},"primaryImageOfPage":{"@id":"https:\/\/radioljubuski.ba\/index.php\/2021\/03\/27\/otvaranje-eura-u-rimu-s-gledateljima\/#primaryimage"},"image":{"@id":"https:\/\/radioljubuski.ba\/index.php\/2021\/03\/27\/otvaranje-eura-u-rimu-s-gledateljima\/#primaryimage"},"thumbnailUrl":"https:\/\/radioljubuski.ba\/wp-content\/uploads\/2021\/03\/preuzmi-1-28.jpg","datePublished":"2021-03-27T09:17:56+00:00","dateModified":"2021-03-27T09:17:57+00:00","breadcrumb":{"@id":"https:\/\/radioljubuski.ba\/index.php\/2021\/03\/27\/otvaranje-eura-u-rimu-s-gledateljima\/#breadcrumb"},"inLanguage":"hr","potentialAction":[{"@type":"ReadAction","target":["https:\/\/radioljubuski.ba\/index.php\/2021\/03\/27\/otvaranje-eura-u-rimu-s-gledateljima\/"]}]},{"@type":"ImageObject","inLanguage":"hr","@id":"https:\/\/radioljubuski.ba\/index.php\/2021\/03\/27\/otvaranje-eura-u-rimu-s-gledateljima\/#primaryimage","url":"https:\/\/radioljubuski.ba\/wp-content\/uploads\/2021\/03\/preuzmi-1-28.jpg","contentUrl":"https:\/\/radioljubuski.ba\/wp-content\/uploads\/2021\/03\/preuzmi-1-28.jpg","width":275,"height":183},{"@type":"BreadcrumbList","@id":"https:\/\/radioljubuski.ba\/index.php\/2021\/03\/27\/otvaranje-eura-u-rimu-s-gledateljima\/#breadcrumb","itemListElement":[{"@type":"ListItem","position":1,"name":"Po\u010detna stranica","item":"https:\/\/radioljubuski.ba\/"},{"@type":"ListItem","position":2,"name":"Otvaranje Eura u Rimu s gledateljima"}]},{"@type":"WebSite","@id":"https:\/\/radioljubuski.ba\/#website","url":"https:\/\/radioljubuski.ba\/","name":"Radio Ljubu\u0161ki","description":"Sun\u010dana frekvencija Hercegovine","publisher":{"@id":"https:\/\/radioljubuski.ba\/#organization"},"potentialAction":[{"@type":"SearchAction","target":{"@type":"EntryPoint","urlTemplate":"https:\/\/radioljubuski.ba\/?s={search_term_string}"},"query-input":{"@type":"PropertyValueSpecification","valueRequired":true,"valueName":"search_term_string"}}],"inLanguage":"hr"},{"@type":"Organization","@id":"https:\/\/radioljubuski.ba\/#organization","name":"Radio Ljubu\u0161ki","url":"https:\/\/radioljubuski.ba\/","logo":{"@type":"ImageObject","inLanguage":"hr","@id":"https:\/\/radioljubuski.ba\/#\/schema\/logo\/image\/","url":"https:\/\/radioljubuski.ba\/wp-content\/uploads\/2021\/02\/cropped-Radio_Ljubuski_logo1.jpg","contentUrl":"https:\/\/radioljubuski.ba\/wp-content\/uploads\/2021\/02\/cropped-Radio_Ljubuski_logo1.jpg","width":512,"height":512,"caption":"Radio Ljubu\u0161ki"},"image":{"@id":"https:\/\/radioljubuski.ba\/#\/schema\/logo\/image\/"},"sameAs":["https:\/\/www.facebook.com\/Radiio-Ljubuski-1490835324566332","https:\/\/x.com\/radioljubuski","https:\/\/hr.linkedin.com\/company\/radio-ljubuski","https:\/\/www.youtube.com\/channel\/UCHYaeO_n0Db3tjNGudGpXyw"]},{"@type":"Person","@id":"https:\/\/radioljubuski.ba\/#\/schema\/person\/19fc700381a780f69665d7956c469e3b","name":"Radio Ljubu\u0161ki"}]}},"_links":{"self":[{"href":"https:\/\/radioljubuski.ba\/index.php\/wp-json\/wp\/v2\/posts\/7226","targetHints":{"allow":["GET"]}}],"collection":[{"href":"https:\/\/radioljubuski.ba\/index.php\/wp-json\/wp\/v2\/posts"}],"about":[{"href":"https:\/\/radioljubuski.ba\/index.php\/wp-json\/wp\/v2\/types\/post"}],"author":[{"embeddable":true,"href":"https:\/\/radioljubuski.ba\/index.php\/wp-json\/wp\/v2\/users\/2"}],"replies":[{"embeddable":true,"href":"https:\/\/radioljubuski.ba\/index.php\/wp-json\/wp\/v2\/comments?post=7226"}],"version-history":[{"count":1,"href":"https:\/\/radioljubuski.ba\/index.php\/wp-json\/wp\/v2\/posts\/7226\/revisions"}],"predecessor-version":[{"id":7228,"href":"https:\/\/radioljubuski.ba\/index.php\/wp-json\/wp\/v2\/posts\/7226\/revisions\/7228"}],"wp:featuredmedia":[{"embeddable":true,"href":"https:\/\/radioljubuski.ba\/index.php\/wp-json\/wp\/v2\/media\/7227"}],"wp:attachment":[{"href":"https:\/\/radioljubuski.ba\/index.php\/wp-json\/wp\/v2\/media?parent=7226"}],"wp:term":[{"taxonomy":"category","embeddable":true,"href":"https:\/\/radioljubuski.ba\/index.php\/wp-json\/wp\/v2\/categories?post=7226"},{"taxonomy":"post_tag","embeddable":true,"href":"https:\/\/radioljubuski.ba\/index.php\/wp-json\/wp\/v2\/tags?post=7226"}],"curies":[{"name":"wp","href":"https:\/\/api.w.org\/{rel}","templated":true}]}}