{"id":72888,"date":"2021-10-08T14:55:17","date_gmt":"2021-10-08T13:55:17","guid":{"rendered":"https:\/\/radioljubuski.ba\/?p=72888"},"modified":"2021-10-08T14:55:18","modified_gmt":"2021-10-08T13:55:18","slug":"nezaboravni-spektakl-na-oprostaju-zvonimira-bobana","status":"publish","type":"post","link":"https:\/\/radioljubuski.ba\/index.php\/2021\/10\/08\/nezaboravni-spektakl-na-oprostaju-zvonimira-bobana\/","title":{"rendered":"Nezaboravni spektakl na opro\u0161taju Zvonimira Bobana"},"content":{"rendered":"\n<p><strong>Na ju\u010dera\u0161nji dan prije 19 godina od nogometa se revijalnom utakmicom oprostio legendarni hrvatski kapetan&nbsp;Zvonimir Boban.<\/strong><\/p>\n\n\n\n<p>Svjetske i hrvatske nogometne zvijezde okupile su se na Maksimiru kako bi odale po\u010dast velikoj Bobanovoj karijeri.<br><br>Prisjetite se kako je to tada izgledalo u prilogu iz 2002. godine.<\/p>\n\n\n\n<div style=\"width: 640px;\" class=\"wp-video\"><video class=\"wp-video-shortcode\" id=\"video-72888-1\" width=\"640\" height=\"360\" preload=\"metadata\" controls=\"controls\"><source type=\"video\/mp4\" src=\"https:\/\/api.hrt.hr\/media\/8a\/c2\/a-web-boban-7102002sub-20211007172135.mp4?_=1\" \/><a href=\"https:\/\/api.hrt.hr\/media\/8a\/c2\/a-web-boban-7102002sub-20211007172135.mp4\">https:\/\/api.hrt.hr\/media\/8a\/c2\/a-web-boban-7102002sub-20211007172135.mp4<\/a><\/video><\/div>\n\n\n\n<p>&#8211; Veliko, veli\u010danstveno, nezaboravno i te\u0161ko ponovljivo bilo je sve ono \u0161to se doga\u0111alo danas od 17 do gotovo 20 sati ovdje na stadionu u Maksimiru. Na opro\u0161taj Zvone Bobana do\u0161li su svi pozvani i oni koji su jedva hodali ozlije\u0111eni, do\u0161li su biti dio ovoga velikoga trenutka. Dinamo 90&#8242; protiv Milana 90&#8242;, vidjeli smo ponovno na terenu<strong>&nbsp;Marijana Vlaka<\/strong>,&nbsp;<strong>Marka Mlinari\u0107a<\/strong>,&nbsp;<strong>Zlatka Kranj\u010dara<\/strong>,&nbsp;<strong>Stjepana Deveri\u0107a<\/strong>&nbsp;s jedne strane, a s druge strane&nbsp;<strong>Rossija<\/strong>,&nbsp;<strong>Maldinija<\/strong>,&nbsp;<strong>Albertinija<\/strong>,&nbsp;<strong>Baresija<\/strong>,&nbsp;<strong>Desaillyja<\/strong>,&nbsp;<strong>Savi\u010devi\u0107a<\/strong>, velikog&nbsp;<strong>Franka Rijkaarda<\/strong>, a po\u010dasni udarac izveo je i&nbsp;<strong>Marco van Basten<\/strong>, govorio je&nbsp;<strong>Bo\u017eo Su\u0161ec<\/strong>&nbsp;u prilogu pa nastavio:<br><br>&#8211; A kasnije, kako je tu frcalo od zvijezda, na\u0161i Vatreni&nbsp;<strong>Ladi\u0107<\/strong>,&nbsp;<strong>Jarni<\/strong>,&nbsp;<strong>Bili\u0107<\/strong>,&nbsp;<strong>\u0160timac<\/strong>,&nbsp;<strong>Asanovi\u0107<\/strong>,&nbsp;<strong>\u0160uker<\/strong>, Boban je opet igrao, i&nbsp;<strong>Bok\u0161i\u0107<\/strong>. Boban je i dao dva gola za Milan protiv Dinama 90&#8242;, zavr\u0161ila je ta utakmica 3:1, ako je to nekome va\u017eno, zgoditak Bobana bio je predivan. Onda svjetske zvijezde zaista da se \u010dovjek smrzne kad vidi tko je danas sve bio u Zagrebu,&nbsp;<strong>Taffarel<\/strong>,&nbsp;<strong>Serginho<\/strong>,&nbsp;<strong>Matteus<\/strong>, od na\u0161ih&nbsp;<strong>Tudor&nbsp;<\/strong>i&nbsp;<strong>Viduka<\/strong>,&nbsp;<strong>Papin<\/strong>,&nbsp;<strong>Weah<\/strong>,&nbsp;<strong>Rui Costa<\/strong>,&nbsp;<strong>Leonardo<\/strong>,&nbsp;<strong>\u0160ev\u010denko<\/strong>,&nbsp;<strong>Redondo<\/strong>,&nbsp;<strong>Rivaldo&nbsp;<\/strong>i svi drugi. Bio je zaista veliki i nezaboravni trenutak kojeg \u0107emo mo\u017eda postati svjesni tek naknadno, \u0161to je do\u017eivo Maksimir, Zagreb i Hrvatska. Na kraju, valja re\u0107i samo &#8211; Hvala ti Zvone, hvala ti puno za sve \u0161to si nam napravio i vrati nam se opet na onaj na\u010din, na koji \u0107e\u0161 ti izabrati, u nogomet.<\/p>\n\n\n\n<p>Izvor:hrt.hr<\/p>\n","protected":false},"excerpt":{"rendered":"<p>Na ju\u010dera\u0161nji dan prije 19 godina od nogometa se revijalnom utakmicom oprostio legendarni hrvatski kapetan&nbsp;Zvonimir Boban. Svjetske i hrvatske nogometne zvijezde okupile su se na Maksimiru kako bi odale po\u010dast velikoj Bobanovoj karijeri. Prisjetite se kako je to tada izgledalo u prilogu iz 2002. godine. https:\/\/api.hrt.hr\/media\/8a\/c2\/a-web-boban-7102002sub-20211007172135.mp4 &#8211; Veliko, veli\u010danstveno, nezaboravno i te\u0161ko ponovljivo bilo je [&hellip;]<\/p>\n","protected":false},"author":2,"featured_media":72889,"comment_status":"closed","ping_status":"closed","sticky":false,"template":"","format":"standard","meta":{"h5ap_radio_sources":[],"footnotes":""},"categories":[7],"tags":[],"class_list":["post-72888","post","type-post","status-publish","format-standard","has-post-thumbnail","hentry","category-sport"],"yoast_head":"<!-- This site is optimized with the Yoast SEO plugin v27.5 - https:\/\/yoast.com\/product\/yoast-seo-wordpress\/ -->\n<title>Nezaboravni spektakl na opro\u0161taju Zvonimira Bobana - RADIO LJUBU\u0160KI<\/title>\n<meta name=\"robots\" content=\"index, follow, max-snippet:-1, max-image-preview:large, max-video-preview:-1\" \/>\n<link rel=\"canonical\" href=\"https:\/\/radioljubuski.ba\/index.php\/2021\/10\/08\/nezaboravni-spektakl-na-oprostaju-zvonimira-bobana\/\" \/>\n<meta property=\"og:locale\" content=\"hr_HR\" \/>\n<meta property=\"og:type\" content=\"article\" \/>\n<meta property=\"og:title\" content=\"Nezaboravni spektakl na opro\u0161taju Zvonimira Bobana - RADIO LJUBU\u0160KI\" \/>\n<meta property=\"og:description\" content=\"Na ju\u010dera\u0161nji dan prije 19 godina od nogometa se revijalnom utakmicom oprostio legendarni hrvatski kapetan&nbsp;Zvonimir Boban. Svjetske i hrvatske nogometne zvijezde okupile su se na Maksimiru kako bi odale po\u010dast velikoj Bobanovoj karijeri. Prisjetite se kako je to tada izgledalo u prilogu iz 2002. godine. https:\/\/api.hrt.hr\/media\/8a\/c2\/a-web-boban-7102002sub-20211007172135.mp4 &#8211; Veliko, veli\u010danstveno, nezaboravno i te\u0161ko ponovljivo bilo je [&hellip;]\" \/>\n<meta property=\"og:url\" content=\"https:\/\/radioljubuski.ba\/index.php\/2021\/10\/08\/nezaboravni-spektakl-na-oprostaju-zvonimira-bobana\/\" \/>\n<meta property=\"og:site_name\" content=\"RADIO LJUBU\u0160KI\" \/>\n<meta property=\"article:publisher\" content=\"https:\/\/www.facebook.com\/Radiio-Ljubuski-1490835324566332\" \/>\n<meta property=\"article:published_time\" content=\"2021-10-08T13:55:17+00:00\" \/>\n<meta property=\"article:modified_time\" content=\"2021-10-08T13:55:18+00:00\" \/>\n<meta property=\"og:image\" content=\"https:\/\/radioljubuski.ba\/wp-content\/uploads\/2021\/10\/a-web-boban-7102002sub-frame-2255-20211007171802.jpg\" \/>\n\t<meta property=\"og:image:width\" content=\"1920\" \/>\n\t<meta property=\"og:image:height\" content=\"1080\" \/>\n\t<meta property=\"og:image:type\" content=\"image\/jpeg\" \/>\n<meta name=\"author\" content=\"Radio Ljubu\u0161ki\" \/>\n<meta name=\"twitter:card\" content=\"summary_large_image\" \/>\n<meta name=\"twitter:creator\" content=\"@radioljubuski\" \/>\n<meta name=\"twitter:site\" content=\"@radioljubuski\" \/>\n<meta name=\"twitter:label1\" content=\"Napisao\/la\" \/>\n\t<meta name=\"twitter:data1\" content=\"Radio Ljubu\u0161ki\" \/>\n\t<meta name=\"twitter:label2\" content=\"Procijenjeno vrijeme \u010ditanja\" \/>\n\t<meta name=\"twitter:data2\" content=\"2 minute\" \/>\n<script type=\"application\/ld+json\" class=\"yoast-schema-graph\">{\"@context\":\"https:\\\/\\\/schema.org\",\"@graph\":[{\"@type\":\"Article\",\"@id\":\"https:\\\/\\\/radioljubuski.ba\\\/index.php\\\/2021\\\/10\\\/08\\\/nezaboravni-spektakl-na-oprostaju-zvonimira-bobana\\\/#article\",\"isPartOf\":{\"@id\":\"https:\\\/\\\/radioljubuski.ba\\\/index.php\\\/2021\\\/10\\\/08\\\/nezaboravni-spektakl-na-oprostaju-zvonimira-bobana\\\/\"},\"author\":{\"name\":\"Radio Ljubu\u0161ki\",\"@id\":\"https:\\\/\\\/radioljubuski.ba\\\/#\\\/schema\\\/person\\\/19fc700381a780f69665d7956c469e3b\"},\"headline\":\"Nezaboravni spektakl na opro\u0161taju Zvonimira Bobana\",\"datePublished\":\"2021-10-08T13:55:17+00:00\",\"dateModified\":\"2021-10-08T13:55:18+00:00\",\"mainEntityOfPage\":{\"@id\":\"https:\\\/\\\/radioljubuski.ba\\\/index.php\\\/2021\\\/10\\\/08\\\/nezaboravni-spektakl-na-oprostaju-zvonimira-bobana\\\/\"},\"wordCount\":361,\"publisher\":{\"@id\":\"https:\\\/\\\/radioljubuski.ba\\\/#organization\"},\"image\":{\"@id\":\"https:\\\/\\\/radioljubuski.ba\\\/index.php\\\/2021\\\/10\\\/08\\\/nezaboravni-spektakl-na-oprostaju-zvonimira-bobana\\\/#primaryimage\"},\"thumbnailUrl\":\"https:\\\/\\\/radioljubuski.ba\\\/wp-content\\\/uploads\\\/2021\\\/10\\\/a-web-boban-7102002sub-frame-2255-20211007171802.jpg\",\"articleSection\":[\"\u0160port\"],\"inLanguage\":\"hr\"},{\"@type\":\"WebPage\",\"@id\":\"https:\\\/\\\/radioljubuski.ba\\\/index.php\\\/2021\\\/10\\\/08\\\/nezaboravni-spektakl-na-oprostaju-zvonimira-bobana\\\/\",\"url\":\"https:\\\/\\\/radioljubuski.ba\\\/index.php\\\/2021\\\/10\\\/08\\\/nezaboravni-spektakl-na-oprostaju-zvonimira-bobana\\\/\",\"name\":\"Nezaboravni spektakl na opro\u0161taju Zvonimira Bobana - RADIO LJUBU\u0160KI\",\"isPartOf\":{\"@id\":\"https:\\\/\\\/radioljubuski.ba\\\/#website\"},\"primaryImageOfPage\":{\"@id\":\"https:\\\/\\\/radioljubuski.ba\\\/index.php\\\/2021\\\/10\\\/08\\\/nezaboravni-spektakl-na-oprostaju-zvonimira-bobana\\\/#primaryimage\"},\"image\":{\"@id\":\"https:\\\/\\\/radioljubuski.ba\\\/index.php\\\/2021\\\/10\\\/08\\\/nezaboravni-spektakl-na-oprostaju-zvonimira-bobana\\\/#primaryimage\"},\"thumbnailUrl\":\"https:\\\/\\\/radioljubuski.ba\\\/wp-content\\\/uploads\\\/2021\\\/10\\\/a-web-boban-7102002sub-frame-2255-20211007171802.jpg\",\"datePublished\":\"2021-10-08T13:55:17+00:00\",\"dateModified\":\"2021-10-08T13:55:18+00:00\",\"breadcrumb\":{\"@id\":\"https:\\\/\\\/radioljubuski.ba\\\/index.php\\\/2021\\\/10\\\/08\\\/nezaboravni-spektakl-na-oprostaju-zvonimira-bobana\\\/#breadcrumb\"},\"inLanguage\":\"hr\",\"potentialAction\":[{\"@type\":\"ReadAction\",\"target\":[\"https:\\\/\\\/radioljubuski.ba\\\/index.php\\\/2021\\\/10\\\/08\\\/nezaboravni-spektakl-na-oprostaju-zvonimira-bobana\\\/\"]}]},{\"@type\":\"ImageObject\",\"inLanguage\":\"hr\",\"@id\":\"https:\\\/\\\/radioljubuski.ba\\\/index.php\\\/2021\\\/10\\\/08\\\/nezaboravni-spektakl-na-oprostaju-zvonimira-bobana\\\/#primaryimage\",\"url\":\"https:\\\/\\\/radioljubuski.ba\\\/wp-content\\\/uploads\\\/2021\\\/10\\\/a-web-boban-7102002sub-frame-2255-20211007171802.jpg\",\"contentUrl\":\"https:\\\/\\\/radioljubuski.ba\\\/wp-content\\\/uploads\\\/2021\\\/10\\\/a-web-boban-7102002sub-frame-2255-20211007171802.jpg\",\"width\":1920,\"height\":1080},{\"@type\":\"BreadcrumbList\",\"@id\":\"https:\\\/\\\/radioljubuski.ba\\\/index.php\\\/2021\\\/10\\\/08\\\/nezaboravni-spektakl-na-oprostaju-zvonimira-bobana\\\/#breadcrumb\",\"itemListElement\":[{\"@type\":\"ListItem\",\"position\":1,\"name\":\"Po\u010detna stranica\",\"item\":\"https:\\\/\\\/radioljubuski.ba\\\/\"},{\"@type\":\"ListItem\",\"position\":2,\"name\":\"Nezaboravni spektakl na opro\u0161taju Zvonimira Bobana\"}]},{\"@type\":\"WebSite\",\"@id\":\"https:\\\/\\\/radioljubuski.ba\\\/#website\",\"url\":\"https:\\\/\\\/radioljubuski.ba\\\/\",\"name\":\"Radio Ljubu\u0161ki\",\"description\":\"Sun\u010dana frekvencija Hercegovine\",\"publisher\":{\"@id\":\"https:\\\/\\\/radioljubuski.ba\\\/#organization\"},\"potentialAction\":[{\"@type\":\"SearchAction\",\"target\":{\"@type\":\"EntryPoint\",\"urlTemplate\":\"https:\\\/\\\/radioljubuski.ba\\\/?s={search_term_string}\"},\"query-input\":{\"@type\":\"PropertyValueSpecification\",\"valueRequired\":true,\"valueName\":\"search_term_string\"}}],\"inLanguage\":\"hr\"},{\"@type\":\"Organization\",\"@id\":\"https:\\\/\\\/radioljubuski.ba\\\/#organization\",\"name\":\"Radio Ljubu\u0161ki\",\"url\":\"https:\\\/\\\/radioljubuski.ba\\\/\",\"logo\":{\"@type\":\"ImageObject\",\"inLanguage\":\"hr\",\"@id\":\"https:\\\/\\\/radioljubuski.ba\\\/#\\\/schema\\\/logo\\\/image\\\/\",\"url\":\"https:\\\/\\\/radioljubuski.ba\\\/wp-content\\\/uploads\\\/2021\\\/02\\\/cropped-Radio_Ljubuski_logo1.jpg\",\"contentUrl\":\"https:\\\/\\\/radioljubuski.ba\\\/wp-content\\\/uploads\\\/2021\\\/02\\\/cropped-Radio_Ljubuski_logo1.jpg\",\"width\":512,\"height\":512,\"caption\":\"Radio Ljubu\u0161ki\"},\"image\":{\"@id\":\"https:\\\/\\\/radioljubuski.ba\\\/#\\\/schema\\\/logo\\\/image\\\/\"},\"sameAs\":[\"https:\\\/\\\/www.facebook.com\\\/Radiio-Ljubuski-1490835324566332\",\"https:\\\/\\\/x.com\\\/radioljubuski\",\"https:\\\/\\\/hr.linkedin.com\\\/company\\\/radio-ljubuski\",\"https:\\\/\\\/www.youtube.com\\\/channel\\\/UCHYaeO_n0Db3tjNGudGpXyw\"]},{\"@type\":\"Person\",\"@id\":\"https:\\\/\\\/radioljubuski.ba\\\/#\\\/schema\\\/person\\\/19fc700381a780f69665d7956c469e3b\",\"name\":\"Radio Ljubu\u0161ki\"}]}<\/script>\n<!-- \/ Yoast SEO plugin. -->","yoast_head_json":{"title":"Nezaboravni spektakl na opro\u0161taju Zvonimira Bobana - RADIO LJUBU\u0160KI","robots":{"index":"index","follow":"follow","max-snippet":"max-snippet:-1","max-image-preview":"max-image-preview:large","max-video-preview":"max-video-preview:-1"},"canonical":"https:\/\/radioljubuski.ba\/index.php\/2021\/10\/08\/nezaboravni-spektakl-na-oprostaju-zvonimira-bobana\/","og_locale":"hr_HR","og_type":"article","og_title":"Nezaboravni spektakl na opro\u0161taju Zvonimira Bobana - RADIO LJUBU\u0160KI","og_description":"Na ju\u010dera\u0161nji dan prije 19 godina od nogometa se revijalnom utakmicom oprostio legendarni hrvatski kapetan&nbsp;Zvonimir Boban. Svjetske i hrvatske nogometne zvijezde okupile su se na Maksimiru kako bi odale po\u010dast velikoj Bobanovoj karijeri. Prisjetite se kako je to tada izgledalo u prilogu iz 2002. godine. https:\/\/api.hrt.hr\/media\/8a\/c2\/a-web-boban-7102002sub-20211007172135.mp4 &#8211; Veliko, veli\u010danstveno, nezaboravno i te\u0161ko ponovljivo bilo je [&hellip;]","og_url":"https:\/\/radioljubuski.ba\/index.php\/2021\/10\/08\/nezaboravni-spektakl-na-oprostaju-zvonimira-bobana\/","og_site_name":"RADIO LJUBU\u0160KI","article_publisher":"https:\/\/www.facebook.com\/Radiio-Ljubuski-1490835324566332","article_published_time":"2021-10-08T13:55:17+00:00","article_modified_time":"2021-10-08T13:55:18+00:00","og_image":[{"width":1920,"height":1080,"url":"https:\/\/radioljubuski.ba\/wp-content\/uploads\/2021\/10\/a-web-boban-7102002sub-frame-2255-20211007171802.jpg","type":"image\/jpeg"}],"author":"Radio Ljubu\u0161ki","twitter_card":"summary_large_image","twitter_creator":"@radioljubuski","twitter_site":"@radioljubuski","twitter_misc":{"Napisao\/la":"Radio Ljubu\u0161ki","Procijenjeno vrijeme \u010ditanja":"2 minute"},"schema":{"@context":"https:\/\/schema.org","@graph":[{"@type":"Article","@id":"https:\/\/radioljubuski.ba\/index.php\/2021\/10\/08\/nezaboravni-spektakl-na-oprostaju-zvonimira-bobana\/#article","isPartOf":{"@id":"https:\/\/radioljubuski.ba\/index.php\/2021\/10\/08\/nezaboravni-spektakl-na-oprostaju-zvonimira-bobana\/"},"author":{"name":"Radio Ljubu\u0161ki","@id":"https:\/\/radioljubuski.ba\/#\/schema\/person\/19fc700381a780f69665d7956c469e3b"},"headline":"Nezaboravni spektakl na opro\u0161taju Zvonimira Bobana","datePublished":"2021-10-08T13:55:17+00:00","dateModified":"2021-10-08T13:55:18+00:00","mainEntityOfPage":{"@id":"https:\/\/radioljubuski.ba\/index.php\/2021\/10\/08\/nezaboravni-spektakl-na-oprostaju-zvonimira-bobana\/"},"wordCount":361,"publisher":{"@id":"https:\/\/radioljubuski.ba\/#organization"},"image":{"@id":"https:\/\/radioljubuski.ba\/index.php\/2021\/10\/08\/nezaboravni-spektakl-na-oprostaju-zvonimira-bobana\/#primaryimage"},"thumbnailUrl":"https:\/\/radioljubuski.ba\/wp-content\/uploads\/2021\/10\/a-web-boban-7102002sub-frame-2255-20211007171802.jpg","articleSection":["\u0160port"],"inLanguage":"hr"},{"@type":"WebPage","@id":"https:\/\/radioljubuski.ba\/index.php\/2021\/10\/08\/nezaboravni-spektakl-na-oprostaju-zvonimira-bobana\/","url":"https:\/\/radioljubuski.ba\/index.php\/2021\/10\/08\/nezaboravni-spektakl-na-oprostaju-zvonimira-bobana\/","name":"Nezaboravni spektakl na opro\u0161taju Zvonimira Bobana - RADIO LJUBU\u0160KI","isPartOf":{"@id":"https:\/\/radioljubuski.ba\/#website"},"primaryImageOfPage":{"@id":"https:\/\/radioljubuski.ba\/index.php\/2021\/10\/08\/nezaboravni-spektakl-na-oprostaju-zvonimira-bobana\/#primaryimage"},"image":{"@id":"https:\/\/radioljubuski.ba\/index.php\/2021\/10\/08\/nezaboravni-spektakl-na-oprostaju-zvonimira-bobana\/#primaryimage"},"thumbnailUrl":"https:\/\/radioljubuski.ba\/wp-content\/uploads\/2021\/10\/a-web-boban-7102002sub-frame-2255-20211007171802.jpg","datePublished":"2021-10-08T13:55:17+00:00","dateModified":"2021-10-08T13:55:18+00:00","breadcrumb":{"@id":"https:\/\/radioljubuski.ba\/index.php\/2021\/10\/08\/nezaboravni-spektakl-na-oprostaju-zvonimira-bobana\/#breadcrumb"},"inLanguage":"hr","potentialAction":[{"@type":"ReadAction","target":["https:\/\/radioljubuski.ba\/index.php\/2021\/10\/08\/nezaboravni-spektakl-na-oprostaju-zvonimira-bobana\/"]}]},{"@type":"ImageObject","inLanguage":"hr","@id":"https:\/\/radioljubuski.ba\/index.php\/2021\/10\/08\/nezaboravni-spektakl-na-oprostaju-zvonimira-bobana\/#primaryimage","url":"https:\/\/radioljubuski.ba\/wp-content\/uploads\/2021\/10\/a-web-boban-7102002sub-frame-2255-20211007171802.jpg","contentUrl":"https:\/\/radioljubuski.ba\/wp-content\/uploads\/2021\/10\/a-web-boban-7102002sub-frame-2255-20211007171802.jpg","width":1920,"height":1080},{"@type":"BreadcrumbList","@id":"https:\/\/radioljubuski.ba\/index.php\/2021\/10\/08\/nezaboravni-spektakl-na-oprostaju-zvonimira-bobana\/#breadcrumb","itemListElement":[{"@type":"ListItem","position":1,"name":"Po\u010detna stranica","item":"https:\/\/radioljubuski.ba\/"},{"@type":"ListItem","position":2,"name":"Nezaboravni spektakl na opro\u0161taju Zvonimira Bobana"}]},{"@type":"WebSite","@id":"https:\/\/radioljubuski.ba\/#website","url":"https:\/\/radioljubuski.ba\/","name":"Radio Ljubu\u0161ki","description":"Sun\u010dana frekvencija Hercegovine","publisher":{"@id":"https:\/\/radioljubuski.ba\/#organization"},"potentialAction":[{"@type":"SearchAction","target":{"@type":"EntryPoint","urlTemplate":"https:\/\/radioljubuski.ba\/?s={search_term_string}"},"query-input":{"@type":"PropertyValueSpecification","valueRequired":true,"valueName":"search_term_string"}}],"inLanguage":"hr"},{"@type":"Organization","@id":"https:\/\/radioljubuski.ba\/#organization","name":"Radio Ljubu\u0161ki","url":"https:\/\/radioljubuski.ba\/","logo":{"@type":"ImageObject","inLanguage":"hr","@id":"https:\/\/radioljubuski.ba\/#\/schema\/logo\/image\/","url":"https:\/\/radioljubuski.ba\/wp-content\/uploads\/2021\/02\/cropped-Radio_Ljubuski_logo1.jpg","contentUrl":"https:\/\/radioljubuski.ba\/wp-content\/uploads\/2021\/02\/cropped-Radio_Ljubuski_logo1.jpg","width":512,"height":512,"caption":"Radio Ljubu\u0161ki"},"image":{"@id":"https:\/\/radioljubuski.ba\/#\/schema\/logo\/image\/"},"sameAs":["https:\/\/www.facebook.com\/Radiio-Ljubuski-1490835324566332","https:\/\/x.com\/radioljubuski","https:\/\/hr.linkedin.com\/company\/radio-ljubuski","https:\/\/www.youtube.com\/channel\/UCHYaeO_n0Db3tjNGudGpXyw"]},{"@type":"Person","@id":"https:\/\/radioljubuski.ba\/#\/schema\/person\/19fc700381a780f69665d7956c469e3b","name":"Radio Ljubu\u0161ki"}]}},"_links":{"self":[{"href":"https:\/\/radioljubuski.ba\/index.php\/wp-json\/wp\/v2\/posts\/72888","targetHints":{"allow":["GET"]}}],"collection":[{"href":"https:\/\/radioljubuski.ba\/index.php\/wp-json\/wp\/v2\/posts"}],"about":[{"href":"https:\/\/radioljubuski.ba\/index.php\/wp-json\/wp\/v2\/types\/post"}],"author":[{"embeddable":true,"href":"https:\/\/radioljubuski.ba\/index.php\/wp-json\/wp\/v2\/users\/2"}],"replies":[{"embeddable":true,"href":"https:\/\/radioljubuski.ba\/index.php\/wp-json\/wp\/v2\/comments?post=72888"}],"version-history":[{"count":1,"href":"https:\/\/radioljubuski.ba\/index.php\/wp-json\/wp\/v2\/posts\/72888\/revisions"}],"predecessor-version":[{"id":72890,"href":"https:\/\/radioljubuski.ba\/index.php\/wp-json\/wp\/v2\/posts\/72888\/revisions\/72890"}],"wp:featuredmedia":[{"embeddable":true,"href":"https:\/\/radioljubuski.ba\/index.php\/wp-json\/wp\/v2\/media\/72889"}],"wp:attachment":[{"href":"https:\/\/radioljubuski.ba\/index.php\/wp-json\/wp\/v2\/media?parent=72888"}],"wp:term":[{"taxonomy":"category","embeddable":true,"href":"https:\/\/radioljubuski.ba\/index.php\/wp-json\/wp\/v2\/categories?post=72888"},{"taxonomy":"post_tag","embeddable":true,"href":"https:\/\/radioljubuski.ba\/index.php\/wp-json\/wp\/v2\/tags?post=72888"}],"curies":[{"name":"wp","href":"https:\/\/api.w.org\/{rel}","templated":true}]}}