{"id":73353,"date":"2021-10-09T12:26:33","date_gmt":"2021-10-09T11:26:33","guid":{"rendered":"https:\/\/radioljubuski.ba\/?p=73353"},"modified":"2021-10-09T12:26:34","modified_gmt":"2021-10-09T11:26:34","slug":"messi-nisam-pogrijesio-sto-sam-dosao-u-psg","status":"publish","type":"post","link":"https:\/\/radioljubuski.ba\/index.php\/2021\/10\/09\/messi-nisam-pogrijesio-sto-sam-dosao-u-psg\/","title":{"rendered":"Messi: Nisam pogrije\u0161io \u0161to sam do\u0161ao u PSG"},"content":{"rendered":"\n<p>U izdanju France Footballa &nbsp;za listopad Lionel Messi je pri\u010dao o stvarima koje su uglavnom ve\u0107 poznate. Poru\u010dio je jo\u0161 jednom da je imao namjeru da u Barceloni zavr\u0161i karijeru, ali i da je PSG pravi izbor.<\/p>\n\n\n\n<p>Messi ka\u017ee da mu je bilo veoma te\u0161ko prihvatiti da treba i\u0107i iz Barcelone u kojoj je planirao zavr\u0161iti igra\u010dku karijeru. Pri\u010dao je o tome kako je to njegova obitelj te\u0161ko podnijela, ali je poru\u010dio da ga je privukao Paris Saint Germain.<\/p>\n\n\n\n<p>\u201cPo\u010deo sam razmi\u0161ljati o budu\u0107nosti, a PSG mi je ponudio da se pridru\u017eim. Dobio sam i druge ponude, ali moram da priznam kako sam brzo zavr\u0161io sve sa Paris Saint Germainom. Nije bilo lako sve zavr\u0161iti doslovno tijekom no\u0107i. Zaveo me je taj projekat, ambicije kluba, igra\u010di, grupa. Svi ti elementi su u\u010dinili da se brzo dogovorimo:\u201d, rekao Lionel Messi u podu\u017eem intervjuu za France Football.<\/p>\n\n\n\n<p>Argentinac isti\u010de kako je va\u017ena \u010dinjenica bila ta \u0161to \u0107e ponovo igrati sa prijateljima Neymarom, Di Mariom i Paredesom, kao i da su ga na Copa America stalno oni zapitkivali ho\u0107e li do\u0107i u Pariz.<\/p>\n\n\n\n<p>\u201cOvdje je svima san da se osvoji Liga prvaka. Klub radi na tome ve\u0107 nekoliko godina i bili su blizu. Volio bih da osvojim Ligu prvaka, to sam rekao dok sam bio jo\u0161 u Barceloni. Mislim da ova grupa igra\u010da ima oru\u017eje da osvoji taj trofej.\u201d, rekao je Messi.<\/p>\n\n\n\n<p>Lionel Msesi je poru\u010dio kako ne misli da je pogre\u0161io time \u0161to je do\u0161ao u Paris Saint Germain, a upravo je i to citat koji stoji na naslovnoj strani uz Leovu sliku.<\/p>\n\n\n\n<p>Izvor:pogled.ba<\/p>\n","protected":false},"excerpt":{"rendered":"<p>U izdanju France Footballa &nbsp;za listopad Lionel Messi je pri\u010dao o stvarima koje su uglavnom ve\u0107 poznate. Poru\u010dio je jo\u0161 jednom da je imao namjeru da u Barceloni zavr\u0161i karijeru, ali i da je PSG pravi izbor. Messi ka\u017ee da mu je bilo veoma te\u0161ko prihvatiti da treba i\u0107i iz Barcelone u kojoj je planirao [&hellip;]<\/p>\n","protected":false},"author":2,"featured_media":73354,"comment_status":"closed","ping_status":"closed","sticky":false,"template":"","format":"standard","meta":{"h5ap_radio_sources":[],"footnotes":""},"categories":[7],"tags":[],"class_list":["post-73353","post","type-post","status-publish","format-standard","has-post-thumbnail","hentry","category-sport"],"yoast_head":"<!-- This site is optimized with the Yoast SEO plugin v27.5 - https:\/\/yoast.com\/product\/yoast-seo-wordpress\/ -->\n<title>Messi: Nisam pogrije\u0161io \u0161to sam do\u0161ao u PSG - RADIO LJUBU\u0160KI<\/title>\n<meta name=\"robots\" content=\"index, follow, max-snippet:-1, max-image-preview:large, max-video-preview:-1\" \/>\n<link rel=\"canonical\" href=\"https:\/\/radioljubuski.ba\/index.php\/2021\/10\/09\/messi-nisam-pogrijesio-sto-sam-dosao-u-psg\/\" \/>\n<meta property=\"og:locale\" content=\"hr_HR\" \/>\n<meta property=\"og:type\" content=\"article\" \/>\n<meta property=\"og:title\" content=\"Messi: Nisam pogrije\u0161io \u0161to sam do\u0161ao u PSG - RADIO LJUBU\u0160KI\" \/>\n<meta property=\"og:description\" content=\"U izdanju France Footballa &nbsp;za listopad Lionel Messi je pri\u010dao o stvarima koje su uglavnom ve\u0107 poznate. Poru\u010dio je jo\u0161 jednom da je imao namjeru da u Barceloni zavr\u0161i karijeru, ali i da je PSG pravi izbor. Messi ka\u017ee da mu je bilo veoma te\u0161ko prihvatiti da treba i\u0107i iz Barcelone u kojoj je planirao [&hellip;]\" \/>\n<meta property=\"og:url\" content=\"https:\/\/radioljubuski.ba\/index.php\/2021\/10\/09\/messi-nisam-pogrijesio-sto-sam-dosao-u-psg\/\" \/>\n<meta property=\"og:site_name\" content=\"RADIO LJUBU\u0160KI\" \/>\n<meta property=\"article:publisher\" content=\"https:\/\/www.facebook.com\/Radiio-Ljubuski-1490835324566332\" \/>\n<meta property=\"article:published_time\" content=\"2021-10-09T11:26:33+00:00\" \/>\n<meta property=\"article:modified_time\" content=\"2021-10-09T11:26:34+00:00\" \/>\n<meta property=\"og:image\" content=\"https:\/\/radioljubuski.ba\/wp-content\/uploads\/2021\/10\/lionel-messi-reims-v-psg-ligue-1-08292021_dpahr6bx8ykd179ote8u1i6uf.jpg\" \/>\n\t<meta property=\"og:image:width\" content=\"1001\" \/>\n\t<meta property=\"og:image:height\" content=\"563\" \/>\n\t<meta property=\"og:image:type\" content=\"image\/jpeg\" \/>\n<meta name=\"author\" content=\"Radio Ljubu\u0161ki\" \/>\n<meta name=\"twitter:card\" content=\"summary_large_image\" \/>\n<meta name=\"twitter:creator\" content=\"@radioljubuski\" \/>\n<meta name=\"twitter:site\" content=\"@radioljubuski\" \/>\n<meta name=\"twitter:label1\" content=\"Napisao\/la\" \/>\n\t<meta name=\"twitter:data1\" content=\"Radio Ljubu\u0161ki\" \/>\n\t<meta name=\"twitter:label2\" content=\"Procijenjeno vrijeme \u010ditanja\" \/>\n\t<meta name=\"twitter:data2\" content=\"2 minute\" \/>\n<script type=\"application\/ld+json\" class=\"yoast-schema-graph\">{\"@context\":\"https:\\\/\\\/schema.org\",\"@graph\":[{\"@type\":\"Article\",\"@id\":\"https:\\\/\\\/radioljubuski.ba\\\/index.php\\\/2021\\\/10\\\/09\\\/messi-nisam-pogrijesio-sto-sam-dosao-u-psg\\\/#article\",\"isPartOf\":{\"@id\":\"https:\\\/\\\/radioljubuski.ba\\\/index.php\\\/2021\\\/10\\\/09\\\/messi-nisam-pogrijesio-sto-sam-dosao-u-psg\\\/\"},\"author\":{\"name\":\"Radio Ljubu\u0161ki\",\"@id\":\"https:\\\/\\\/radioljubuski.ba\\\/#\\\/schema\\\/person\\\/19fc700381a780f69665d7956c469e3b\"},\"headline\":\"Messi: Nisam pogrije\u0161io \u0161to sam do\u0161ao u PSG\",\"datePublished\":\"2021-10-09T11:26:33+00:00\",\"dateModified\":\"2021-10-09T11:26:34+00:00\",\"mainEntityOfPage\":{\"@id\":\"https:\\\/\\\/radioljubuski.ba\\\/index.php\\\/2021\\\/10\\\/09\\\/messi-nisam-pogrijesio-sto-sam-dosao-u-psg\\\/\"},\"wordCount\":305,\"publisher\":{\"@id\":\"https:\\\/\\\/radioljubuski.ba\\\/#organization\"},\"image\":{\"@id\":\"https:\\\/\\\/radioljubuski.ba\\\/index.php\\\/2021\\\/10\\\/09\\\/messi-nisam-pogrijesio-sto-sam-dosao-u-psg\\\/#primaryimage\"},\"thumbnailUrl\":\"https:\\\/\\\/radioljubuski.ba\\\/wp-content\\\/uploads\\\/2021\\\/10\\\/lionel-messi-reims-v-psg-ligue-1-08292021_dpahr6bx8ykd179ote8u1i6uf.jpg\",\"articleSection\":[\"\u0160port\"],\"inLanguage\":\"hr\"},{\"@type\":\"WebPage\",\"@id\":\"https:\\\/\\\/radioljubuski.ba\\\/index.php\\\/2021\\\/10\\\/09\\\/messi-nisam-pogrijesio-sto-sam-dosao-u-psg\\\/\",\"url\":\"https:\\\/\\\/radioljubuski.ba\\\/index.php\\\/2021\\\/10\\\/09\\\/messi-nisam-pogrijesio-sto-sam-dosao-u-psg\\\/\",\"name\":\"Messi: Nisam pogrije\u0161io \u0161to sam do\u0161ao u PSG - RADIO LJUBU\u0160KI\",\"isPartOf\":{\"@id\":\"https:\\\/\\\/radioljubuski.ba\\\/#website\"},\"primaryImageOfPage\":{\"@id\":\"https:\\\/\\\/radioljubuski.ba\\\/index.php\\\/2021\\\/10\\\/09\\\/messi-nisam-pogrijesio-sto-sam-dosao-u-psg\\\/#primaryimage\"},\"image\":{\"@id\":\"https:\\\/\\\/radioljubuski.ba\\\/index.php\\\/2021\\\/10\\\/09\\\/messi-nisam-pogrijesio-sto-sam-dosao-u-psg\\\/#primaryimage\"},\"thumbnailUrl\":\"https:\\\/\\\/radioljubuski.ba\\\/wp-content\\\/uploads\\\/2021\\\/10\\\/lionel-messi-reims-v-psg-ligue-1-08292021_dpahr6bx8ykd179ote8u1i6uf.jpg\",\"datePublished\":\"2021-10-09T11:26:33+00:00\",\"dateModified\":\"2021-10-09T11:26:34+00:00\",\"breadcrumb\":{\"@id\":\"https:\\\/\\\/radioljubuski.ba\\\/index.php\\\/2021\\\/10\\\/09\\\/messi-nisam-pogrijesio-sto-sam-dosao-u-psg\\\/#breadcrumb\"},\"inLanguage\":\"hr\",\"potentialAction\":[{\"@type\":\"ReadAction\",\"target\":[\"https:\\\/\\\/radioljubuski.ba\\\/index.php\\\/2021\\\/10\\\/09\\\/messi-nisam-pogrijesio-sto-sam-dosao-u-psg\\\/\"]}]},{\"@type\":\"ImageObject\",\"inLanguage\":\"hr\",\"@id\":\"https:\\\/\\\/radioljubuski.ba\\\/index.php\\\/2021\\\/10\\\/09\\\/messi-nisam-pogrijesio-sto-sam-dosao-u-psg\\\/#primaryimage\",\"url\":\"https:\\\/\\\/radioljubuski.ba\\\/wp-content\\\/uploads\\\/2021\\\/10\\\/lionel-messi-reims-v-psg-ligue-1-08292021_dpahr6bx8ykd179ote8u1i6uf.jpg\",\"contentUrl\":\"https:\\\/\\\/radioljubuski.ba\\\/wp-content\\\/uploads\\\/2021\\\/10\\\/lionel-messi-reims-v-psg-ligue-1-08292021_dpahr6bx8ykd179ote8u1i6uf.jpg\",\"width\":1001,\"height\":563},{\"@type\":\"BreadcrumbList\",\"@id\":\"https:\\\/\\\/radioljubuski.ba\\\/index.php\\\/2021\\\/10\\\/09\\\/messi-nisam-pogrijesio-sto-sam-dosao-u-psg\\\/#breadcrumb\",\"itemListElement\":[{\"@type\":\"ListItem\",\"position\":1,\"name\":\"Po\u010detna stranica\",\"item\":\"https:\\\/\\\/radioljubuski.ba\\\/\"},{\"@type\":\"ListItem\",\"position\":2,\"name\":\"Messi: Nisam pogrije\u0161io \u0161to sam do\u0161ao u PSG\"}]},{\"@type\":\"WebSite\",\"@id\":\"https:\\\/\\\/radioljubuski.ba\\\/#website\",\"url\":\"https:\\\/\\\/radioljubuski.ba\\\/\",\"name\":\"Radio Ljubu\u0161ki\",\"description\":\"Sun\u010dana frekvencija Hercegovine\",\"publisher\":{\"@id\":\"https:\\\/\\\/radioljubuski.ba\\\/#organization\"},\"potentialAction\":[{\"@type\":\"SearchAction\",\"target\":{\"@type\":\"EntryPoint\",\"urlTemplate\":\"https:\\\/\\\/radioljubuski.ba\\\/?s={search_term_string}\"},\"query-input\":{\"@type\":\"PropertyValueSpecification\",\"valueRequired\":true,\"valueName\":\"search_term_string\"}}],\"inLanguage\":\"hr\"},{\"@type\":\"Organization\",\"@id\":\"https:\\\/\\\/radioljubuski.ba\\\/#organization\",\"name\":\"Radio Ljubu\u0161ki\",\"url\":\"https:\\\/\\\/radioljubuski.ba\\\/\",\"logo\":{\"@type\":\"ImageObject\",\"inLanguage\":\"hr\",\"@id\":\"https:\\\/\\\/radioljubuski.ba\\\/#\\\/schema\\\/logo\\\/image\\\/\",\"url\":\"https:\\\/\\\/radioljubuski.ba\\\/wp-content\\\/uploads\\\/2021\\\/02\\\/cropped-Radio_Ljubuski_logo1.jpg\",\"contentUrl\":\"https:\\\/\\\/radioljubuski.ba\\\/wp-content\\\/uploads\\\/2021\\\/02\\\/cropped-Radio_Ljubuski_logo1.jpg\",\"width\":512,\"height\":512,\"caption\":\"Radio Ljubu\u0161ki\"},\"image\":{\"@id\":\"https:\\\/\\\/radioljubuski.ba\\\/#\\\/schema\\\/logo\\\/image\\\/\"},\"sameAs\":[\"https:\\\/\\\/www.facebook.com\\\/Radiio-Ljubuski-1490835324566332\",\"https:\\\/\\\/x.com\\\/radioljubuski\",\"https:\\\/\\\/hr.linkedin.com\\\/company\\\/radio-ljubuski\",\"https:\\\/\\\/www.youtube.com\\\/channel\\\/UCHYaeO_n0Db3tjNGudGpXyw\"]},{\"@type\":\"Person\",\"@id\":\"https:\\\/\\\/radioljubuski.ba\\\/#\\\/schema\\\/person\\\/19fc700381a780f69665d7956c469e3b\",\"name\":\"Radio Ljubu\u0161ki\"}]}<\/script>\n<!-- \/ Yoast SEO plugin. -->","yoast_head_json":{"title":"Messi: Nisam pogrije\u0161io \u0161to sam do\u0161ao u PSG - RADIO LJUBU\u0160KI","robots":{"index":"index","follow":"follow","max-snippet":"max-snippet:-1","max-image-preview":"max-image-preview:large","max-video-preview":"max-video-preview:-1"},"canonical":"https:\/\/radioljubuski.ba\/index.php\/2021\/10\/09\/messi-nisam-pogrijesio-sto-sam-dosao-u-psg\/","og_locale":"hr_HR","og_type":"article","og_title":"Messi: Nisam pogrije\u0161io \u0161to sam do\u0161ao u PSG - RADIO LJUBU\u0160KI","og_description":"U izdanju France Footballa &nbsp;za listopad Lionel Messi je pri\u010dao o stvarima koje su uglavnom ve\u0107 poznate. Poru\u010dio je jo\u0161 jednom da je imao namjeru da u Barceloni zavr\u0161i karijeru, ali i da je PSG pravi izbor. Messi ka\u017ee da mu je bilo veoma te\u0161ko prihvatiti da treba i\u0107i iz Barcelone u kojoj je planirao [&hellip;]","og_url":"https:\/\/radioljubuski.ba\/index.php\/2021\/10\/09\/messi-nisam-pogrijesio-sto-sam-dosao-u-psg\/","og_site_name":"RADIO LJUBU\u0160KI","article_publisher":"https:\/\/www.facebook.com\/Radiio-Ljubuski-1490835324566332","article_published_time":"2021-10-09T11:26:33+00:00","article_modified_time":"2021-10-09T11:26:34+00:00","og_image":[{"width":1001,"height":563,"url":"https:\/\/radioljubuski.ba\/wp-content\/uploads\/2021\/10\/lionel-messi-reims-v-psg-ligue-1-08292021_dpahr6bx8ykd179ote8u1i6uf.jpg","type":"image\/jpeg"}],"author":"Radio Ljubu\u0161ki","twitter_card":"summary_large_image","twitter_creator":"@radioljubuski","twitter_site":"@radioljubuski","twitter_misc":{"Napisao\/la":"Radio Ljubu\u0161ki","Procijenjeno vrijeme \u010ditanja":"2 minute"},"schema":{"@context":"https:\/\/schema.org","@graph":[{"@type":"Article","@id":"https:\/\/radioljubuski.ba\/index.php\/2021\/10\/09\/messi-nisam-pogrijesio-sto-sam-dosao-u-psg\/#article","isPartOf":{"@id":"https:\/\/radioljubuski.ba\/index.php\/2021\/10\/09\/messi-nisam-pogrijesio-sto-sam-dosao-u-psg\/"},"author":{"name":"Radio Ljubu\u0161ki","@id":"https:\/\/radioljubuski.ba\/#\/schema\/person\/19fc700381a780f69665d7956c469e3b"},"headline":"Messi: Nisam pogrije\u0161io \u0161to sam do\u0161ao u PSG","datePublished":"2021-10-09T11:26:33+00:00","dateModified":"2021-10-09T11:26:34+00:00","mainEntityOfPage":{"@id":"https:\/\/radioljubuski.ba\/index.php\/2021\/10\/09\/messi-nisam-pogrijesio-sto-sam-dosao-u-psg\/"},"wordCount":305,"publisher":{"@id":"https:\/\/radioljubuski.ba\/#organization"},"image":{"@id":"https:\/\/radioljubuski.ba\/index.php\/2021\/10\/09\/messi-nisam-pogrijesio-sto-sam-dosao-u-psg\/#primaryimage"},"thumbnailUrl":"https:\/\/radioljubuski.ba\/wp-content\/uploads\/2021\/10\/lionel-messi-reims-v-psg-ligue-1-08292021_dpahr6bx8ykd179ote8u1i6uf.jpg","articleSection":["\u0160port"],"inLanguage":"hr"},{"@type":"WebPage","@id":"https:\/\/radioljubuski.ba\/index.php\/2021\/10\/09\/messi-nisam-pogrijesio-sto-sam-dosao-u-psg\/","url":"https:\/\/radioljubuski.ba\/index.php\/2021\/10\/09\/messi-nisam-pogrijesio-sto-sam-dosao-u-psg\/","name":"Messi: Nisam pogrije\u0161io \u0161to sam do\u0161ao u PSG - RADIO LJUBU\u0160KI","isPartOf":{"@id":"https:\/\/radioljubuski.ba\/#website"},"primaryImageOfPage":{"@id":"https:\/\/radioljubuski.ba\/index.php\/2021\/10\/09\/messi-nisam-pogrijesio-sto-sam-dosao-u-psg\/#primaryimage"},"image":{"@id":"https:\/\/radioljubuski.ba\/index.php\/2021\/10\/09\/messi-nisam-pogrijesio-sto-sam-dosao-u-psg\/#primaryimage"},"thumbnailUrl":"https:\/\/radioljubuski.ba\/wp-content\/uploads\/2021\/10\/lionel-messi-reims-v-psg-ligue-1-08292021_dpahr6bx8ykd179ote8u1i6uf.jpg","datePublished":"2021-10-09T11:26:33+00:00","dateModified":"2021-10-09T11:26:34+00:00","breadcrumb":{"@id":"https:\/\/radioljubuski.ba\/index.php\/2021\/10\/09\/messi-nisam-pogrijesio-sto-sam-dosao-u-psg\/#breadcrumb"},"inLanguage":"hr","potentialAction":[{"@type":"ReadAction","target":["https:\/\/radioljubuski.ba\/index.php\/2021\/10\/09\/messi-nisam-pogrijesio-sto-sam-dosao-u-psg\/"]}]},{"@type":"ImageObject","inLanguage":"hr","@id":"https:\/\/radioljubuski.ba\/index.php\/2021\/10\/09\/messi-nisam-pogrijesio-sto-sam-dosao-u-psg\/#primaryimage","url":"https:\/\/radioljubuski.ba\/wp-content\/uploads\/2021\/10\/lionel-messi-reims-v-psg-ligue-1-08292021_dpahr6bx8ykd179ote8u1i6uf.jpg","contentUrl":"https:\/\/radioljubuski.ba\/wp-content\/uploads\/2021\/10\/lionel-messi-reims-v-psg-ligue-1-08292021_dpahr6bx8ykd179ote8u1i6uf.jpg","width":1001,"height":563},{"@type":"BreadcrumbList","@id":"https:\/\/radioljubuski.ba\/index.php\/2021\/10\/09\/messi-nisam-pogrijesio-sto-sam-dosao-u-psg\/#breadcrumb","itemListElement":[{"@type":"ListItem","position":1,"name":"Po\u010detna stranica","item":"https:\/\/radioljubuski.ba\/"},{"@type":"ListItem","position":2,"name":"Messi: Nisam pogrije\u0161io \u0161to sam do\u0161ao u PSG"}]},{"@type":"WebSite","@id":"https:\/\/radioljubuski.ba\/#website","url":"https:\/\/radioljubuski.ba\/","name":"Radio Ljubu\u0161ki","description":"Sun\u010dana frekvencija Hercegovine","publisher":{"@id":"https:\/\/radioljubuski.ba\/#organization"},"potentialAction":[{"@type":"SearchAction","target":{"@type":"EntryPoint","urlTemplate":"https:\/\/radioljubuski.ba\/?s={search_term_string}"},"query-input":{"@type":"PropertyValueSpecification","valueRequired":true,"valueName":"search_term_string"}}],"inLanguage":"hr"},{"@type":"Organization","@id":"https:\/\/radioljubuski.ba\/#organization","name":"Radio Ljubu\u0161ki","url":"https:\/\/radioljubuski.ba\/","logo":{"@type":"ImageObject","inLanguage":"hr","@id":"https:\/\/radioljubuski.ba\/#\/schema\/logo\/image\/","url":"https:\/\/radioljubuski.ba\/wp-content\/uploads\/2021\/02\/cropped-Radio_Ljubuski_logo1.jpg","contentUrl":"https:\/\/radioljubuski.ba\/wp-content\/uploads\/2021\/02\/cropped-Radio_Ljubuski_logo1.jpg","width":512,"height":512,"caption":"Radio Ljubu\u0161ki"},"image":{"@id":"https:\/\/radioljubuski.ba\/#\/schema\/logo\/image\/"},"sameAs":["https:\/\/www.facebook.com\/Radiio-Ljubuski-1490835324566332","https:\/\/x.com\/radioljubuski","https:\/\/hr.linkedin.com\/company\/radio-ljubuski","https:\/\/www.youtube.com\/channel\/UCHYaeO_n0Db3tjNGudGpXyw"]},{"@type":"Person","@id":"https:\/\/radioljubuski.ba\/#\/schema\/person\/19fc700381a780f69665d7956c469e3b","name":"Radio Ljubu\u0161ki"}]}},"_links":{"self":[{"href":"https:\/\/radioljubuski.ba\/index.php\/wp-json\/wp\/v2\/posts\/73353","targetHints":{"allow":["GET"]}}],"collection":[{"href":"https:\/\/radioljubuski.ba\/index.php\/wp-json\/wp\/v2\/posts"}],"about":[{"href":"https:\/\/radioljubuski.ba\/index.php\/wp-json\/wp\/v2\/types\/post"}],"author":[{"embeddable":true,"href":"https:\/\/radioljubuski.ba\/index.php\/wp-json\/wp\/v2\/users\/2"}],"replies":[{"embeddable":true,"href":"https:\/\/radioljubuski.ba\/index.php\/wp-json\/wp\/v2\/comments?post=73353"}],"version-history":[{"count":1,"href":"https:\/\/radioljubuski.ba\/index.php\/wp-json\/wp\/v2\/posts\/73353\/revisions"}],"predecessor-version":[{"id":73355,"href":"https:\/\/radioljubuski.ba\/index.php\/wp-json\/wp\/v2\/posts\/73353\/revisions\/73355"}],"wp:featuredmedia":[{"embeddable":true,"href":"https:\/\/radioljubuski.ba\/index.php\/wp-json\/wp\/v2\/media\/73354"}],"wp:attachment":[{"href":"https:\/\/radioljubuski.ba\/index.php\/wp-json\/wp\/v2\/media?parent=73353"}],"wp:term":[{"taxonomy":"category","embeddable":true,"href":"https:\/\/radioljubuski.ba\/index.php\/wp-json\/wp\/v2\/categories?post=73353"},{"taxonomy":"post_tag","embeddable":true,"href":"https:\/\/radioljubuski.ba\/index.php\/wp-json\/wp\/v2\/tags?post=73353"}],"curies":[{"name":"wp","href":"https:\/\/api.w.org\/{rel}","templated":true}]}}