{"id":73380,"date":"2021-10-09T12:59:48","date_gmt":"2021-10-09T11:59:48","guid":{"rendered":"https:\/\/radioljubuski.ba\/?p=73380"},"modified":"2021-10-09T12:59:49","modified_gmt":"2021-10-09T11:59:49","slug":"fotografije-zvijezde-beverly-hillsa-koja-se-bori-s-rakom-govore-vise-od-rijeci","status":"publish","type":"post","link":"https:\/\/radioljubuski.ba\/index.php\/2021\/10\/09\/fotografije-zvijezde-beverly-hillsa-koja-se-bori-s-rakom-govore-vise-od-rijeci\/","title":{"rendered":"Fotografije zvijezde Beverly Hillsa koja se bori s rakom govore vi\u0161e od rije\u010di"},"content":{"rendered":"\n<p>Ameri\u010dka glumica i zvijezda serije &#8220;Beverly Hills, 90210&#8221; Shannen Doherty (50) godinama vodi te\u0161ku bitku s karcinomom dojke, koji je trenuta\u010dno u \u010detvrtom stadiju.<\/p>\n\n\n\n<p>O svojoj bolesti sada je progovorila na Instagramu, gdje je prvi put pokazala i kako izgleda bez kose nakon tretmana kemoterapije, a sve s namjerom da osvijesti druge o va\u017enosti redovitih odlazaka na preglede.<\/p>\n\n\n\n<p>&#8220;Povodom mjeseca osvije\u0161tenosti o karcinomu dojke, htjela bih s vama podijeliti vi\u0161e o svojem putovanju od prve do druge dijagnoze. Je li sve lijepo? Ne, ali je iskreno i dijelim ovo s nadom da \u0107u educirati ljude i malo im bolje predo\u010diti kako izgleda rak. Nadam se da \u0107u potaknuti druge da redovito odlaze na mamografiju i prebrode strah od mogu\u0107ih lo\u0161ih rezultata. Meni je rak dojke dijagnosticiran 2015. godine. Podvrgnula sam se mastektomiji te tretmanima kemoterapije i zra\u010denja. \u010cesto mi je krvario nos od kemoterapije. Ne znam je li itko od vas ovo iskusio. Uveseljavala sam samu sebe nose\u0107i smije\u0161ne pid\u017eame koje mi je poklonila moja prijateljica Kristy. Jesu li mi zapravo popravljale raspolo\u017eenje? Jesu! Izgledala sam urnebesno i smijala sam se samoj sebi. Humor mi je pomogao da pro\u0111em kroz ono \u0161to se \u010dinilo nemogu\u0107im. Nadam se da \u0107emo svi uspjeti prona\u0107i humor u nemogu\u0107im situacijama&#8221;, napisala je Shannen.<\/p>\n\n\n\n<p>Obo\u017eavatelji su joj u komentarima pru\u017eili veliku podr\u0161ku i zahvalili joj \u0161to je odlu\u010dila podijeliti svoju pri\u010du, a potresne fotke mnogima su izmamile suze na o\u010di.<\/p>\n\n\n\n<p>Shannen je o svojoj te\u0161koj bolesti nedavno progovorila i u emisiji &#8220;Good Morning America&#8221;.<\/p>\n\n\n\n<p>&#8220;Ne \u017eelim se pona\u0161ati kao da umirem. \u017delim raditi i pona\u0161ati se kao da se ni\u0161ta ne doga\u0111a, jer \u0107u se boriti da ostanem \u017eiva&#8221;, kazala je tada.<\/p>\n\n\n\n<p>Vijest da je njezina bolest u \u010detvrtom stadiju otkrila je u velja\u010di 2020. godine, tri godine nakon \u0161to se saznalo da je u remisiji.<\/p>\n\n\n\n<p>&#8220;Mnogi ljudi kojima je dijagnosticiran \u010detvrti stadij bolesti jednostavno otpi\u0161u sami sebe. Pretpostavi se da vi\u0161e ni\u0161ta ne mogu raditi, da ne mogu dati sve od sebe, a to nije istina. Voljela bih da takva razmi\u0161ljanja mogu promijeniti i dati si \u0161ansu da doka\u017eem da je to pogre\u0161no&#8221;, naglasila je, a dodala je i kako prolazi kroz prvu fazu lije\u010denja, \u0161to obja\u0161njava kao veliki uspjeh.<\/p>\n\n\n\n<p>Izvor:pogled.ba<\/p>\n","protected":false},"excerpt":{"rendered":"<p>Ameri\u010dka glumica i zvijezda serije &#8220;Beverly Hills, 90210&#8221; Shannen Doherty (50) godinama vodi te\u0161ku bitku s karcinomom dojke, koji je trenuta\u010dno u \u010detvrtom stadiju. O svojoj bolesti sada je progovorila na Instagramu, gdje je prvi put pokazala i kako izgleda bez kose nakon tretmana kemoterapije, a sve s namjerom da osvijesti druge o va\u017enosti redovitih [&hellip;]<\/p>\n","protected":false},"author":2,"featured_media":73381,"comment_status":"closed","ping_status":"closed","sticky":false,"template":"","format":"standard","meta":{"h5ap_radio_sources":[],"footnotes":""},"categories":[1],"tags":[],"class_list":["post-73380","post","type-post","status-publish","format-standard","has-post-thumbnail","hentry","category-bihiregija"],"yoast_head":"<!-- This site is optimized with the Yoast SEO plugin v27.5 - https:\/\/yoast.com\/product\/yoast-seo-wordpress\/ -->\n<title>Fotografije zvijezde Beverly Hillsa koja se bori s rakom govore vi\u0161e od rije\u010di - RADIO LJUBU\u0160KI<\/title>\n<meta name=\"robots\" content=\"index, follow, max-snippet:-1, max-image-preview:large, max-video-preview:-1\" \/>\n<link rel=\"canonical\" href=\"https:\/\/radioljubuski.ba\/index.php\/2021\/10\/09\/fotografije-zvijezde-beverly-hillsa-koja-se-bori-s-rakom-govore-vise-od-rijeci\/\" \/>\n<meta property=\"og:locale\" content=\"hr_HR\" \/>\n<meta property=\"og:type\" content=\"article\" \/>\n<meta property=\"og:title\" content=\"Fotografije zvijezde Beverly Hillsa koja se bori s rakom govore vi\u0161e od rije\u010di - RADIO LJUBU\u0160KI\" \/>\n<meta property=\"og:description\" content=\"Ameri\u010dka glumica i zvijezda serije &#8220;Beverly Hills, 90210&#8221; Shannen Doherty (50) godinama vodi te\u0161ku bitku s karcinomom dojke, koji je trenuta\u010dno u \u010detvrtom stadiju. O svojoj bolesti sada je progovorila na Instagramu, gdje je prvi put pokazala i kako izgleda bez kose nakon tretmana kemoterapije, a sve s namjerom da osvijesti druge o va\u017enosti redovitih [&hellip;]\" \/>\n<meta property=\"og:url\" content=\"https:\/\/radioljubuski.ba\/index.php\/2021\/10\/09\/fotografije-zvijezde-beverly-hillsa-koja-se-bori-s-rakom-govore-vise-od-rijeci\/\" \/>\n<meta property=\"og:site_name\" content=\"RADIO LJUBU\u0160KI\" \/>\n<meta property=\"article:publisher\" content=\"https:\/\/www.facebook.com\/Radiio-Ljubuski-1490835324566332\" \/>\n<meta property=\"article:published_time\" content=\"2021-10-09T11:59:48+00:00\" \/>\n<meta property=\"article:modified_time\" content=\"2021-10-09T11:59:49+00:00\" \/>\n<meta property=\"og:image\" content=\"https:\/\/radioljubuski.ba\/wp-content\/uploads\/2021\/10\/2-2021-10-09-08-22-24-brenda.jpg\" \/>\n\t<meta property=\"og:image:width\" content=\"1000\" \/>\n\t<meta property=\"og:image:height\" content=\"625\" \/>\n\t<meta property=\"og:image:type\" content=\"image\/jpeg\" \/>\n<meta name=\"author\" content=\"Radio Ljubu\u0161ki\" \/>\n<meta name=\"twitter:card\" content=\"summary_large_image\" \/>\n<meta name=\"twitter:creator\" content=\"@radioljubuski\" \/>\n<meta name=\"twitter:site\" content=\"@radioljubuski\" \/>\n<meta name=\"twitter:label1\" content=\"Napisao\/la\" \/>\n\t<meta name=\"twitter:data1\" content=\"Radio Ljubu\u0161ki\" \/>\n\t<meta name=\"twitter:label2\" content=\"Procijenjeno vrijeme \u010ditanja\" \/>\n\t<meta name=\"twitter:data2\" content=\"2 minute\" \/>\n<script type=\"application\/ld+json\" class=\"yoast-schema-graph\">{\"@context\":\"https:\\\/\\\/schema.org\",\"@graph\":[{\"@type\":\"Article\",\"@id\":\"https:\\\/\\\/radioljubuski.ba\\\/index.php\\\/2021\\\/10\\\/09\\\/fotografije-zvijezde-beverly-hillsa-koja-se-bori-s-rakom-govore-vise-od-rijeci\\\/#article\",\"isPartOf\":{\"@id\":\"https:\\\/\\\/radioljubuski.ba\\\/index.php\\\/2021\\\/10\\\/09\\\/fotografije-zvijezde-beverly-hillsa-koja-se-bori-s-rakom-govore-vise-od-rijeci\\\/\"},\"author\":{\"name\":\"Radio Ljubu\u0161ki\",\"@id\":\"https:\\\/\\\/radioljubuski.ba\\\/#\\\/schema\\\/person\\\/19fc700381a780f69665d7956c469e3b\"},\"headline\":\"Fotografije zvijezde Beverly Hillsa koja se bori s rakom govore vi\u0161e od rije\u010di\",\"datePublished\":\"2021-10-09T11:59:48+00:00\",\"dateModified\":\"2021-10-09T11:59:49+00:00\",\"mainEntityOfPage\":{\"@id\":\"https:\\\/\\\/radioljubuski.ba\\\/index.php\\\/2021\\\/10\\\/09\\\/fotografije-zvijezde-beverly-hillsa-koja-se-bori-s-rakom-govore-vise-od-rijeci\\\/\"},\"wordCount\":418,\"publisher\":{\"@id\":\"https:\\\/\\\/radioljubuski.ba\\\/#organization\"},\"image\":{\"@id\":\"https:\\\/\\\/radioljubuski.ba\\\/index.php\\\/2021\\\/10\\\/09\\\/fotografije-zvijezde-beverly-hillsa-koja-se-bori-s-rakom-govore-vise-od-rijeci\\\/#primaryimage\"},\"thumbnailUrl\":\"https:\\\/\\\/radioljubuski.ba\\\/wp-content\\\/uploads\\\/2021\\\/10\\\/2-2021-10-09-08-22-24-brenda.jpg\",\"articleSection\":[\"BIH i regija\"],\"inLanguage\":\"hr\"},{\"@type\":\"WebPage\",\"@id\":\"https:\\\/\\\/radioljubuski.ba\\\/index.php\\\/2021\\\/10\\\/09\\\/fotografije-zvijezde-beverly-hillsa-koja-se-bori-s-rakom-govore-vise-od-rijeci\\\/\",\"url\":\"https:\\\/\\\/radioljubuski.ba\\\/index.php\\\/2021\\\/10\\\/09\\\/fotografije-zvijezde-beverly-hillsa-koja-se-bori-s-rakom-govore-vise-od-rijeci\\\/\",\"name\":\"Fotografije zvijezde Beverly Hillsa koja se bori s rakom govore vi\u0161e od rije\u010di - RADIO LJUBU\u0160KI\",\"isPartOf\":{\"@id\":\"https:\\\/\\\/radioljubuski.ba\\\/#website\"},\"primaryImageOfPage\":{\"@id\":\"https:\\\/\\\/radioljubuski.ba\\\/index.php\\\/2021\\\/10\\\/09\\\/fotografije-zvijezde-beverly-hillsa-koja-se-bori-s-rakom-govore-vise-od-rijeci\\\/#primaryimage\"},\"image\":{\"@id\":\"https:\\\/\\\/radioljubuski.ba\\\/index.php\\\/2021\\\/10\\\/09\\\/fotografije-zvijezde-beverly-hillsa-koja-se-bori-s-rakom-govore-vise-od-rijeci\\\/#primaryimage\"},\"thumbnailUrl\":\"https:\\\/\\\/radioljubuski.ba\\\/wp-content\\\/uploads\\\/2021\\\/10\\\/2-2021-10-09-08-22-24-brenda.jpg\",\"datePublished\":\"2021-10-09T11:59:48+00:00\",\"dateModified\":\"2021-10-09T11:59:49+00:00\",\"breadcrumb\":{\"@id\":\"https:\\\/\\\/radioljubuski.ba\\\/index.php\\\/2021\\\/10\\\/09\\\/fotografije-zvijezde-beverly-hillsa-koja-se-bori-s-rakom-govore-vise-od-rijeci\\\/#breadcrumb\"},\"inLanguage\":\"hr\",\"potentialAction\":[{\"@type\":\"ReadAction\",\"target\":[\"https:\\\/\\\/radioljubuski.ba\\\/index.php\\\/2021\\\/10\\\/09\\\/fotografije-zvijezde-beverly-hillsa-koja-se-bori-s-rakom-govore-vise-od-rijeci\\\/\"]}]},{\"@type\":\"ImageObject\",\"inLanguage\":\"hr\",\"@id\":\"https:\\\/\\\/radioljubuski.ba\\\/index.php\\\/2021\\\/10\\\/09\\\/fotografije-zvijezde-beverly-hillsa-koja-se-bori-s-rakom-govore-vise-od-rijeci\\\/#primaryimage\",\"url\":\"https:\\\/\\\/radioljubuski.ba\\\/wp-content\\\/uploads\\\/2021\\\/10\\\/2-2021-10-09-08-22-24-brenda.jpg\",\"contentUrl\":\"https:\\\/\\\/radioljubuski.ba\\\/wp-content\\\/uploads\\\/2021\\\/10\\\/2-2021-10-09-08-22-24-brenda.jpg\",\"width\":1000,\"height\":625},{\"@type\":\"BreadcrumbList\",\"@id\":\"https:\\\/\\\/radioljubuski.ba\\\/index.php\\\/2021\\\/10\\\/09\\\/fotografije-zvijezde-beverly-hillsa-koja-se-bori-s-rakom-govore-vise-od-rijeci\\\/#breadcrumb\",\"itemListElement\":[{\"@type\":\"ListItem\",\"position\":1,\"name\":\"Po\u010detna stranica\",\"item\":\"https:\\\/\\\/radioljubuski.ba\\\/\"},{\"@type\":\"ListItem\",\"position\":2,\"name\":\"Fotografije zvijezde Beverly Hillsa koja se bori s rakom govore vi\u0161e od rije\u010di\"}]},{\"@type\":\"WebSite\",\"@id\":\"https:\\\/\\\/radioljubuski.ba\\\/#website\",\"url\":\"https:\\\/\\\/radioljubuski.ba\\\/\",\"name\":\"Radio Ljubu\u0161ki\",\"description\":\"Sun\u010dana frekvencija Hercegovine\",\"publisher\":{\"@id\":\"https:\\\/\\\/radioljubuski.ba\\\/#organization\"},\"potentialAction\":[{\"@type\":\"SearchAction\",\"target\":{\"@type\":\"EntryPoint\",\"urlTemplate\":\"https:\\\/\\\/radioljubuski.ba\\\/?s={search_term_string}\"},\"query-input\":{\"@type\":\"PropertyValueSpecification\",\"valueRequired\":true,\"valueName\":\"search_term_string\"}}],\"inLanguage\":\"hr\"},{\"@type\":\"Organization\",\"@id\":\"https:\\\/\\\/radioljubuski.ba\\\/#organization\",\"name\":\"Radio Ljubu\u0161ki\",\"url\":\"https:\\\/\\\/radioljubuski.ba\\\/\",\"logo\":{\"@type\":\"ImageObject\",\"inLanguage\":\"hr\",\"@id\":\"https:\\\/\\\/radioljubuski.ba\\\/#\\\/schema\\\/logo\\\/image\\\/\",\"url\":\"https:\\\/\\\/radioljubuski.ba\\\/wp-content\\\/uploads\\\/2021\\\/02\\\/cropped-Radio_Ljubuski_logo1.jpg\",\"contentUrl\":\"https:\\\/\\\/radioljubuski.ba\\\/wp-content\\\/uploads\\\/2021\\\/02\\\/cropped-Radio_Ljubuski_logo1.jpg\",\"width\":512,\"height\":512,\"caption\":\"Radio Ljubu\u0161ki\"},\"image\":{\"@id\":\"https:\\\/\\\/radioljubuski.ba\\\/#\\\/schema\\\/logo\\\/image\\\/\"},\"sameAs\":[\"https:\\\/\\\/www.facebook.com\\\/Radiio-Ljubuski-1490835324566332\",\"https:\\\/\\\/x.com\\\/radioljubuski\",\"https:\\\/\\\/hr.linkedin.com\\\/company\\\/radio-ljubuski\",\"https:\\\/\\\/www.youtube.com\\\/channel\\\/UCHYaeO_n0Db3tjNGudGpXyw\"]},{\"@type\":\"Person\",\"@id\":\"https:\\\/\\\/radioljubuski.ba\\\/#\\\/schema\\\/person\\\/19fc700381a780f69665d7956c469e3b\",\"name\":\"Radio Ljubu\u0161ki\"}]}<\/script>\n<!-- \/ Yoast SEO plugin. -->","yoast_head_json":{"title":"Fotografije zvijezde Beverly Hillsa koja se bori s rakom govore vi\u0161e od rije\u010di - RADIO LJUBU\u0160KI","robots":{"index":"index","follow":"follow","max-snippet":"max-snippet:-1","max-image-preview":"max-image-preview:large","max-video-preview":"max-video-preview:-1"},"canonical":"https:\/\/radioljubuski.ba\/index.php\/2021\/10\/09\/fotografije-zvijezde-beverly-hillsa-koja-se-bori-s-rakom-govore-vise-od-rijeci\/","og_locale":"hr_HR","og_type":"article","og_title":"Fotografije zvijezde Beverly Hillsa koja se bori s rakom govore vi\u0161e od rije\u010di - RADIO LJUBU\u0160KI","og_description":"Ameri\u010dka glumica i zvijezda serije &#8220;Beverly Hills, 90210&#8221; Shannen Doherty (50) godinama vodi te\u0161ku bitku s karcinomom dojke, koji je trenuta\u010dno u \u010detvrtom stadiju. O svojoj bolesti sada je progovorila na Instagramu, gdje je prvi put pokazala i kako izgleda bez kose nakon tretmana kemoterapije, a sve s namjerom da osvijesti druge o va\u017enosti redovitih [&hellip;]","og_url":"https:\/\/radioljubuski.ba\/index.php\/2021\/10\/09\/fotografije-zvijezde-beverly-hillsa-koja-se-bori-s-rakom-govore-vise-od-rijeci\/","og_site_name":"RADIO LJUBU\u0160KI","article_publisher":"https:\/\/www.facebook.com\/Radiio-Ljubuski-1490835324566332","article_published_time":"2021-10-09T11:59:48+00:00","article_modified_time":"2021-10-09T11:59:49+00:00","og_image":[{"width":1000,"height":625,"url":"https:\/\/radioljubuski.ba\/wp-content\/uploads\/2021\/10\/2-2021-10-09-08-22-24-brenda.jpg","type":"image\/jpeg"}],"author":"Radio Ljubu\u0161ki","twitter_card":"summary_large_image","twitter_creator":"@radioljubuski","twitter_site":"@radioljubuski","twitter_misc":{"Napisao\/la":"Radio Ljubu\u0161ki","Procijenjeno vrijeme \u010ditanja":"2 minute"},"schema":{"@context":"https:\/\/schema.org","@graph":[{"@type":"Article","@id":"https:\/\/radioljubuski.ba\/index.php\/2021\/10\/09\/fotografije-zvijezde-beverly-hillsa-koja-se-bori-s-rakom-govore-vise-od-rijeci\/#article","isPartOf":{"@id":"https:\/\/radioljubuski.ba\/index.php\/2021\/10\/09\/fotografije-zvijezde-beverly-hillsa-koja-se-bori-s-rakom-govore-vise-od-rijeci\/"},"author":{"name":"Radio Ljubu\u0161ki","@id":"https:\/\/radioljubuski.ba\/#\/schema\/person\/19fc700381a780f69665d7956c469e3b"},"headline":"Fotografije zvijezde Beverly Hillsa koja se bori s rakom govore vi\u0161e od rije\u010di","datePublished":"2021-10-09T11:59:48+00:00","dateModified":"2021-10-09T11:59:49+00:00","mainEntityOfPage":{"@id":"https:\/\/radioljubuski.ba\/index.php\/2021\/10\/09\/fotografije-zvijezde-beverly-hillsa-koja-se-bori-s-rakom-govore-vise-od-rijeci\/"},"wordCount":418,"publisher":{"@id":"https:\/\/radioljubuski.ba\/#organization"},"image":{"@id":"https:\/\/radioljubuski.ba\/index.php\/2021\/10\/09\/fotografije-zvijezde-beverly-hillsa-koja-se-bori-s-rakom-govore-vise-od-rijeci\/#primaryimage"},"thumbnailUrl":"https:\/\/radioljubuski.ba\/wp-content\/uploads\/2021\/10\/2-2021-10-09-08-22-24-brenda.jpg","articleSection":["BIH i regija"],"inLanguage":"hr"},{"@type":"WebPage","@id":"https:\/\/radioljubuski.ba\/index.php\/2021\/10\/09\/fotografije-zvijezde-beverly-hillsa-koja-se-bori-s-rakom-govore-vise-od-rijeci\/","url":"https:\/\/radioljubuski.ba\/index.php\/2021\/10\/09\/fotografije-zvijezde-beverly-hillsa-koja-se-bori-s-rakom-govore-vise-od-rijeci\/","name":"Fotografije zvijezde Beverly Hillsa koja se bori s rakom govore vi\u0161e od rije\u010di - RADIO LJUBU\u0160KI","isPartOf":{"@id":"https:\/\/radioljubuski.ba\/#website"},"primaryImageOfPage":{"@id":"https:\/\/radioljubuski.ba\/index.php\/2021\/10\/09\/fotografije-zvijezde-beverly-hillsa-koja-se-bori-s-rakom-govore-vise-od-rijeci\/#primaryimage"},"image":{"@id":"https:\/\/radioljubuski.ba\/index.php\/2021\/10\/09\/fotografije-zvijezde-beverly-hillsa-koja-se-bori-s-rakom-govore-vise-od-rijeci\/#primaryimage"},"thumbnailUrl":"https:\/\/radioljubuski.ba\/wp-content\/uploads\/2021\/10\/2-2021-10-09-08-22-24-brenda.jpg","datePublished":"2021-10-09T11:59:48+00:00","dateModified":"2021-10-09T11:59:49+00:00","breadcrumb":{"@id":"https:\/\/radioljubuski.ba\/index.php\/2021\/10\/09\/fotografije-zvijezde-beverly-hillsa-koja-se-bori-s-rakom-govore-vise-od-rijeci\/#breadcrumb"},"inLanguage":"hr","potentialAction":[{"@type":"ReadAction","target":["https:\/\/radioljubuski.ba\/index.php\/2021\/10\/09\/fotografije-zvijezde-beverly-hillsa-koja-se-bori-s-rakom-govore-vise-od-rijeci\/"]}]},{"@type":"ImageObject","inLanguage":"hr","@id":"https:\/\/radioljubuski.ba\/index.php\/2021\/10\/09\/fotografije-zvijezde-beverly-hillsa-koja-se-bori-s-rakom-govore-vise-od-rijeci\/#primaryimage","url":"https:\/\/radioljubuski.ba\/wp-content\/uploads\/2021\/10\/2-2021-10-09-08-22-24-brenda.jpg","contentUrl":"https:\/\/radioljubuski.ba\/wp-content\/uploads\/2021\/10\/2-2021-10-09-08-22-24-brenda.jpg","width":1000,"height":625},{"@type":"BreadcrumbList","@id":"https:\/\/radioljubuski.ba\/index.php\/2021\/10\/09\/fotografije-zvijezde-beverly-hillsa-koja-se-bori-s-rakom-govore-vise-od-rijeci\/#breadcrumb","itemListElement":[{"@type":"ListItem","position":1,"name":"Po\u010detna stranica","item":"https:\/\/radioljubuski.ba\/"},{"@type":"ListItem","position":2,"name":"Fotografije zvijezde Beverly Hillsa koja se bori s rakom govore vi\u0161e od rije\u010di"}]},{"@type":"WebSite","@id":"https:\/\/radioljubuski.ba\/#website","url":"https:\/\/radioljubuski.ba\/","name":"Radio Ljubu\u0161ki","description":"Sun\u010dana frekvencija Hercegovine","publisher":{"@id":"https:\/\/radioljubuski.ba\/#organization"},"potentialAction":[{"@type":"SearchAction","target":{"@type":"EntryPoint","urlTemplate":"https:\/\/radioljubuski.ba\/?s={search_term_string}"},"query-input":{"@type":"PropertyValueSpecification","valueRequired":true,"valueName":"search_term_string"}}],"inLanguage":"hr"},{"@type":"Organization","@id":"https:\/\/radioljubuski.ba\/#organization","name":"Radio Ljubu\u0161ki","url":"https:\/\/radioljubuski.ba\/","logo":{"@type":"ImageObject","inLanguage":"hr","@id":"https:\/\/radioljubuski.ba\/#\/schema\/logo\/image\/","url":"https:\/\/radioljubuski.ba\/wp-content\/uploads\/2021\/02\/cropped-Radio_Ljubuski_logo1.jpg","contentUrl":"https:\/\/radioljubuski.ba\/wp-content\/uploads\/2021\/02\/cropped-Radio_Ljubuski_logo1.jpg","width":512,"height":512,"caption":"Radio Ljubu\u0161ki"},"image":{"@id":"https:\/\/radioljubuski.ba\/#\/schema\/logo\/image\/"},"sameAs":["https:\/\/www.facebook.com\/Radiio-Ljubuski-1490835324566332","https:\/\/x.com\/radioljubuski","https:\/\/hr.linkedin.com\/company\/radio-ljubuski","https:\/\/www.youtube.com\/channel\/UCHYaeO_n0Db3tjNGudGpXyw"]},{"@type":"Person","@id":"https:\/\/radioljubuski.ba\/#\/schema\/person\/19fc700381a780f69665d7956c469e3b","name":"Radio Ljubu\u0161ki"}]}},"_links":{"self":[{"href":"https:\/\/radioljubuski.ba\/index.php\/wp-json\/wp\/v2\/posts\/73380","targetHints":{"allow":["GET"]}}],"collection":[{"href":"https:\/\/radioljubuski.ba\/index.php\/wp-json\/wp\/v2\/posts"}],"about":[{"href":"https:\/\/radioljubuski.ba\/index.php\/wp-json\/wp\/v2\/types\/post"}],"author":[{"embeddable":true,"href":"https:\/\/radioljubuski.ba\/index.php\/wp-json\/wp\/v2\/users\/2"}],"replies":[{"embeddable":true,"href":"https:\/\/radioljubuski.ba\/index.php\/wp-json\/wp\/v2\/comments?post=73380"}],"version-history":[{"count":1,"href":"https:\/\/radioljubuski.ba\/index.php\/wp-json\/wp\/v2\/posts\/73380\/revisions"}],"predecessor-version":[{"id":73382,"href":"https:\/\/radioljubuski.ba\/index.php\/wp-json\/wp\/v2\/posts\/73380\/revisions\/73382"}],"wp:featuredmedia":[{"embeddable":true,"href":"https:\/\/radioljubuski.ba\/index.php\/wp-json\/wp\/v2\/media\/73381"}],"wp:attachment":[{"href":"https:\/\/radioljubuski.ba\/index.php\/wp-json\/wp\/v2\/media?parent=73380"}],"wp:term":[{"taxonomy":"category","embeddable":true,"href":"https:\/\/radioljubuski.ba\/index.php\/wp-json\/wp\/v2\/categories?post=73380"},{"taxonomy":"post_tag","embeddable":true,"href":"https:\/\/radioljubuski.ba\/index.php\/wp-json\/wp\/v2\/tags?post=73380"}],"curies":[{"name":"wp","href":"https:\/\/api.w.org\/{rel}","templated":true}]}}