{"id":73383,"date":"2021-10-09T13:00:49","date_gmt":"2021-10-09T12:00:49","guid":{"rendered":"https:\/\/radioljubuski.ba\/?p=73383"},"modified":"2021-10-09T13:00:50","modified_gmt":"2021-10-09T12:00:50","slug":"saudijski-princ-nekim-pojacanjima-u-newcastleu-ce-dati-bjanko-cek-za-placu","status":"publish","type":"post","link":"https:\/\/radioljubuski.ba\/index.php\/2021\/10\/09\/saudijski-princ-nekim-pojacanjima-u-newcastleu-ce-dati-bjanko-cek-za-placu\/","title":{"rendered":"Saudijski princ nekim poja\u010danjima u Newcastleu \u0107e dati bjanko \u010dek za pla\u0107u"},"content":{"rendered":"\n<p>Premierliga\u0161 Newcastle United slu\u017ebeno je potvrdio preuzimanje vrijedno 300.000.000 eura, Svrake je kupio saudijski princ i pretvorio u financijski najmo\u0107niju mom\u010dad dana\u0161njice, a engleski mediji ve\u0107 su se po\u010deli baviti projekcijama njihove mom\u010dadi za sljede\u0107u sezonu.<\/p>\n\n\n\n<p>Nekoliko je mogu\u0107ih jedanaestorki Newcastlea za sljede\u0107u sezonu, od potpuno nerealnih za Mbappeom i Pogbom do ne\u0161to realnijih opcija sastavljenih od ponajbolji igra\u010da dana\u0161njice koji jo\u0161 nisu u najve\u0107im svjetskim gigantima.<br>Svrake \u0107e se uskoro smatrati &#8220;umjetnim gigantom\u201c, odnosno mo\u0107i \u0107e isplatiti \u0161to god bude potrebno, a kao takvi bit \u0107e zanimljivi mnogim nogometnim imenima.<\/p>\n\n\n\n<p>Krenimo od aktualnih igra\u010da koji jo\u0161 imaju budu\u0107nost u mom\u010dadi koju NUFC planira za budu\u0107nost, rije\u010d je o trenuta\u010dno najboljem igra\u010du mom\u010dadi Allanu Saint-Maximinu, i talentiranom Englezu Joeu Wilcoku, koji se jedini mogu nadati mjestu u novih prvih 11, a imena poput Calluma Wilsona i kapetana Jamaala Lescellesa vjerojatno \u0107e se na\u0107i u kombinacijama jer su engleski igra\u010di, me\u0111utim budu\u0107nost nosi izrazito strani predznak.<\/p>\n\n\n\n<p>Prvo \u0107e se pozabaviti kupnjom novog golmana, Marca tehnicira s imenom Keylora Navasa, koji je vi\u0161ak u PSG-u, a spominju se i Unai Simon iz Athletic Bilbaa, prvi golman \u0161panjolske reprezentacije i Ajaxov Andre Onana kojem istje\u010de ugovor sljede\u0107e sezone. Pri\u010da se kako se on ve\u0107 obe\u0107ao Interu, me\u0111utim dok ne potpi\u0161e ugovor ostaje u kombinacijama za Newcastle.<\/p>\n\n\n\n<p>Na desnom beku ve\u0107 imaju Javija Manquilla koji bi trebao biti u rotaciji, a mjesto na desnoj strani obrane \u010duvaju za igra\u010da Atletico Madrida i povremenog engleskog reprezentativca Kierana Trippiera.<\/p>\n\n\n\n<p>U srcu obrane spominje se Arthur Theate, novi belgijski reprezentativac i igra\u010d Bologne na posudbi iz Oostendea, on ne bi trebao biti preskup, do 10.000.000 eura, ali primarne mete novih nogometnih bogata\u0161a su Jules Kounde iz Seville i Antonio Rudiger iz Chelsea. Njih dvojica ne\u0107e biti jeftini, ali su realne mete, \u0161u\u0161ka se kako \u0107e prvi ko\u0161tati oko 100.000.000 eura, ali drugi \u0107e biti puno jeftiniji do 40.000.000 eura. S kapetanom Lascellesom u kombinaciji to bi trebala biti nova stoperska \u010detvorka.<\/p>\n\n\n\n<p>Na lijevom beku imaju perspektivnog Jamala Lewisa, me\u0111utim \u0161u\u0161ka se kako bi mogli krenuti u smjeru francuskog internacionalca u Milanu Thea Hernandeza, koji \u0107e ih ko\u0161tati oko 60.000.000 eura.<\/p>\n\n\n\n<p>U veznoj liniji nude im se bombasti\u010dne opcije, a primarna meta bit \u0107e mladi Englez na radu u Dortmundu Jude Bellingham, njega \u0107e morati skupo platiti, me\u0111utim ne\u0107e \u017ealiti ni za nov\u010di\u0107em za novu zvijezdu engleske reprezentacije, koja bi trebala ko\u0161tati oko 100.000.000 eura.<\/p>\n\n\n\n<p>Toliko \u0107e ko\u0161tati i nova njema\u010dka zvijezda, Leverkusenov Florian Wirtz, koji je ve\u0107 na radaru mnogih svjetskih giganata, me\u0111utim NUFC mu nudi ono \u0161to mnogi bogata\u0161i ne mogu, a to je bjanko \u010dek za pla\u0107u\u2026<\/p>\n\n\n\n<p>Milanov Franck Kessie tako\u0111er im je jako zanimljiv, a sad imaju novca i za 37.000.000 eura vrijednog Boubacara Kamaru, jednog od najboljih mladih francuskih veznjaka i igra\u010da Olympiquea.<\/p>\n\n\n\n<p>U kombinacijama za vezni red su i \u0161kotski reprezentativac i igra\u010d Aston Ville John McGinn te veznjak Leicester Cityja James Maddison. On \u0107e dodu\u0161e biti jako skup jer ga Lisice ne\u0107e pustiti za nje od 80.000.000 eura.<\/p>\n\n\n\n<p>Napada\u010dki trojac trebao bi biti spektakularan miks igra\u010da koji su ve\u0107 u klubu i svjetskih klasa koje mo\u017ee privu\u0107i novac. Alan Saint Maximin bi trebao ostati zbog velike popularnosti kod navija\u010da i trebao bi predstavljati spoj izme\u0111u tradicionalnog i modernog.<\/p>\n\n\n\n<p>S njim u dru\u0161tvu mogao bi biti najtra\u017eeniji mladi napada\u010d trenuta\u010dno na klugli zemaljskoj Erling Haaland, kojeg mogu dobiti za 75.000.000 eura od\u0161tete i vjerojatno \u0107e imati za gigantske zahtjeve njegovog agenta Mina Raiole, koji tra\u017ei godi\u0161nju ga\u017eu od 40.000.000 eura.<\/p>\n\n\n\n<p>Novi vlasnici razmi\u0161ljaju i o \u0161opingu u La Ligi, gdje planiraju uzeti dvije zvijezde bez od\u0161tete. Realovom Garethu Baleu i Barceloninom Ousmaneu Dembeleu istje\u010du ugovor, a Newcastle bi im rado ponudio priliku za povratak u top formu i mo\u017ee bez problema pokriti \u0161to tra\u017ee za pla\u0107u.<\/p>\n\n\n\n<p>Njihova bi imena sjajno trebala komplementirati ve\u0107 prisutnog Calluma Wilsona i skupo pla\u0107enog brazilskog napada\u010da Joeliltona te oformiti mom\u010dad koja bi se u idu\u0107ih nekoliko godina trebala najozbiljnije smatrati izaziva\u010dem za naslov u Premier ligi.<\/p>\n\n\n\n<p>Izvor:pogled.ba<\/p>\n","protected":false},"excerpt":{"rendered":"<p>Premierliga\u0161 Newcastle United slu\u017ebeno je potvrdio preuzimanje vrijedno 300.000.000 eura, Svrake je kupio saudijski princ i pretvorio u financijski najmo\u0107niju mom\u010dad dana\u0161njice, a engleski mediji ve\u0107 su se po\u010deli baviti projekcijama njihove mom\u010dadi za sljede\u0107u sezonu. Nekoliko je mogu\u0107ih jedanaestorki Newcastlea za sljede\u0107u sezonu, od potpuno nerealnih za Mbappeom i Pogbom do ne\u0161to realnijih opcija [&hellip;]<\/p>\n","protected":false},"author":2,"featured_media":73384,"comment_status":"closed","ping_status":"closed","sticky":false,"template":"","format":"standard","meta":{"h5ap_radio_sources":[],"footnotes":""},"categories":[7],"tags":[],"class_list":["post-73383","post","type-post","status-publish","format-standard","has-post-thumbnail","hentry","category-sport"],"yoast_head":"<!-- This site is optimized with the Yoast SEO plugin v27.5 - https:\/\/yoast.com\/product\/yoast-seo-wordpress\/ -->\n<title>Saudijski princ nekim poja\u010danjima u Newcastleu \u0107e dati bjanko \u010dek za pla\u0107u - RADIO LJUBU\u0160KI<\/title>\n<meta name=\"robots\" content=\"index, follow, max-snippet:-1, max-image-preview:large, max-video-preview:-1\" \/>\n<link rel=\"canonical\" href=\"https:\/\/radioljubuski.ba\/index.php\/2021\/10\/09\/saudijski-princ-nekim-pojacanjima-u-newcastleu-ce-dati-bjanko-cek-za-placu\/\" \/>\n<meta property=\"og:locale\" content=\"hr_HR\" \/>\n<meta property=\"og:type\" content=\"article\" \/>\n<meta property=\"og:title\" content=\"Saudijski princ nekim poja\u010danjima u Newcastleu \u0107e dati bjanko \u010dek za pla\u0107u - RADIO LJUBU\u0160KI\" \/>\n<meta property=\"og:description\" content=\"Premierliga\u0161 Newcastle United slu\u017ebeno je potvrdio preuzimanje vrijedno 300.000.000 eura, Svrake je kupio saudijski princ i pretvorio u financijski najmo\u0107niju mom\u010dad dana\u0161njice, a engleski mediji ve\u0107 su se po\u010deli baviti projekcijama njihove mom\u010dadi za sljede\u0107u sezonu. Nekoliko je mogu\u0107ih jedanaestorki Newcastlea za sljede\u0107u sezonu, od potpuno nerealnih za Mbappeom i Pogbom do ne\u0161to realnijih opcija [&hellip;]\" \/>\n<meta property=\"og:url\" content=\"https:\/\/radioljubuski.ba\/index.php\/2021\/10\/09\/saudijski-princ-nekim-pojacanjima-u-newcastleu-ce-dati-bjanko-cek-za-placu\/\" \/>\n<meta property=\"og:site_name\" content=\"RADIO LJUBU\u0160KI\" \/>\n<meta property=\"article:publisher\" content=\"https:\/\/www.facebook.com\/Radiio-Ljubuski-1490835324566332\" \/>\n<meta property=\"article:published_time\" content=\"2021-10-09T12:00:49+00:00\" \/>\n<meta property=\"article:modified_time\" content=\"2021-10-09T12:00:50+00:00\" \/>\n<meta property=\"og:image\" content=\"https:\/\/radioljubuski.ba\/wp-content\/uploads\/2021\/10\/2-2021-10-09-08-30-44-newcastle.jpg\" \/>\n\t<meta property=\"og:image:width\" content=\"1000\" \/>\n\t<meta property=\"og:image:height\" content=\"625\" \/>\n\t<meta property=\"og:image:type\" content=\"image\/jpeg\" \/>\n<meta name=\"author\" content=\"Radio Ljubu\u0161ki\" \/>\n<meta name=\"twitter:card\" content=\"summary_large_image\" \/>\n<meta name=\"twitter:creator\" content=\"@radioljubuski\" \/>\n<meta name=\"twitter:site\" content=\"@radioljubuski\" \/>\n<meta name=\"twitter:label1\" content=\"Napisao\/la\" \/>\n\t<meta name=\"twitter:data1\" content=\"Radio Ljubu\u0161ki\" \/>\n\t<meta name=\"twitter:label2\" content=\"Procijenjeno vrijeme \u010ditanja\" \/>\n\t<meta name=\"twitter:data2\" content=\"3 minute\" \/>\n<script type=\"application\/ld+json\" class=\"yoast-schema-graph\">{\"@context\":\"https:\\\/\\\/schema.org\",\"@graph\":[{\"@type\":\"Article\",\"@id\":\"https:\\\/\\\/radioljubuski.ba\\\/index.php\\\/2021\\\/10\\\/09\\\/saudijski-princ-nekim-pojacanjima-u-newcastleu-ce-dati-bjanko-cek-za-placu\\\/#article\",\"isPartOf\":{\"@id\":\"https:\\\/\\\/radioljubuski.ba\\\/index.php\\\/2021\\\/10\\\/09\\\/saudijski-princ-nekim-pojacanjima-u-newcastleu-ce-dati-bjanko-cek-za-placu\\\/\"},\"author\":{\"name\":\"Radio Ljubu\u0161ki\",\"@id\":\"https:\\\/\\\/radioljubuski.ba\\\/#\\\/schema\\\/person\\\/19fc700381a780f69665d7956c469e3b\"},\"headline\":\"Saudijski princ nekim poja\u010danjima u Newcastleu \u0107e dati bjanko \u010dek za pla\u0107u\",\"datePublished\":\"2021-10-09T12:00:49+00:00\",\"dateModified\":\"2021-10-09T12:00:50+00:00\",\"mainEntityOfPage\":{\"@id\":\"https:\\\/\\\/radioljubuski.ba\\\/index.php\\\/2021\\\/10\\\/09\\\/saudijski-princ-nekim-pojacanjima-u-newcastleu-ce-dati-bjanko-cek-za-placu\\\/\"},\"wordCount\":744,\"publisher\":{\"@id\":\"https:\\\/\\\/radioljubuski.ba\\\/#organization\"},\"image\":{\"@id\":\"https:\\\/\\\/radioljubuski.ba\\\/index.php\\\/2021\\\/10\\\/09\\\/saudijski-princ-nekim-pojacanjima-u-newcastleu-ce-dati-bjanko-cek-za-placu\\\/#primaryimage\"},\"thumbnailUrl\":\"https:\\\/\\\/radioljubuski.ba\\\/wp-content\\\/uploads\\\/2021\\\/10\\\/2-2021-10-09-08-30-44-newcastle.jpg\",\"articleSection\":[\"\u0160port\"],\"inLanguage\":\"hr\"},{\"@type\":\"WebPage\",\"@id\":\"https:\\\/\\\/radioljubuski.ba\\\/index.php\\\/2021\\\/10\\\/09\\\/saudijski-princ-nekim-pojacanjima-u-newcastleu-ce-dati-bjanko-cek-za-placu\\\/\",\"url\":\"https:\\\/\\\/radioljubuski.ba\\\/index.php\\\/2021\\\/10\\\/09\\\/saudijski-princ-nekim-pojacanjima-u-newcastleu-ce-dati-bjanko-cek-za-placu\\\/\",\"name\":\"Saudijski princ nekim poja\u010danjima u Newcastleu \u0107e dati bjanko \u010dek za pla\u0107u - RADIO LJUBU\u0160KI\",\"isPartOf\":{\"@id\":\"https:\\\/\\\/radioljubuski.ba\\\/#website\"},\"primaryImageOfPage\":{\"@id\":\"https:\\\/\\\/radioljubuski.ba\\\/index.php\\\/2021\\\/10\\\/09\\\/saudijski-princ-nekim-pojacanjima-u-newcastleu-ce-dati-bjanko-cek-za-placu\\\/#primaryimage\"},\"image\":{\"@id\":\"https:\\\/\\\/radioljubuski.ba\\\/index.php\\\/2021\\\/10\\\/09\\\/saudijski-princ-nekim-pojacanjima-u-newcastleu-ce-dati-bjanko-cek-za-placu\\\/#primaryimage\"},\"thumbnailUrl\":\"https:\\\/\\\/radioljubuski.ba\\\/wp-content\\\/uploads\\\/2021\\\/10\\\/2-2021-10-09-08-30-44-newcastle.jpg\",\"datePublished\":\"2021-10-09T12:00:49+00:00\",\"dateModified\":\"2021-10-09T12:00:50+00:00\",\"breadcrumb\":{\"@id\":\"https:\\\/\\\/radioljubuski.ba\\\/index.php\\\/2021\\\/10\\\/09\\\/saudijski-princ-nekim-pojacanjima-u-newcastleu-ce-dati-bjanko-cek-za-placu\\\/#breadcrumb\"},\"inLanguage\":\"hr\",\"potentialAction\":[{\"@type\":\"ReadAction\",\"target\":[\"https:\\\/\\\/radioljubuski.ba\\\/index.php\\\/2021\\\/10\\\/09\\\/saudijski-princ-nekim-pojacanjima-u-newcastleu-ce-dati-bjanko-cek-za-placu\\\/\"]}]},{\"@type\":\"ImageObject\",\"inLanguage\":\"hr\",\"@id\":\"https:\\\/\\\/radioljubuski.ba\\\/index.php\\\/2021\\\/10\\\/09\\\/saudijski-princ-nekim-pojacanjima-u-newcastleu-ce-dati-bjanko-cek-za-placu\\\/#primaryimage\",\"url\":\"https:\\\/\\\/radioljubuski.ba\\\/wp-content\\\/uploads\\\/2021\\\/10\\\/2-2021-10-09-08-30-44-newcastle.jpg\",\"contentUrl\":\"https:\\\/\\\/radioljubuski.ba\\\/wp-content\\\/uploads\\\/2021\\\/10\\\/2-2021-10-09-08-30-44-newcastle.jpg\",\"width\":1000,\"height\":625},{\"@type\":\"BreadcrumbList\",\"@id\":\"https:\\\/\\\/radioljubuski.ba\\\/index.php\\\/2021\\\/10\\\/09\\\/saudijski-princ-nekim-pojacanjima-u-newcastleu-ce-dati-bjanko-cek-za-placu\\\/#breadcrumb\",\"itemListElement\":[{\"@type\":\"ListItem\",\"position\":1,\"name\":\"Po\u010detna stranica\",\"item\":\"https:\\\/\\\/radioljubuski.ba\\\/\"},{\"@type\":\"ListItem\",\"position\":2,\"name\":\"Saudijski princ nekim poja\u010danjima u Newcastleu \u0107e dati bjanko \u010dek za pla\u0107u\"}]},{\"@type\":\"WebSite\",\"@id\":\"https:\\\/\\\/radioljubuski.ba\\\/#website\",\"url\":\"https:\\\/\\\/radioljubuski.ba\\\/\",\"name\":\"Radio Ljubu\u0161ki\",\"description\":\"Sun\u010dana frekvencija Hercegovine\",\"publisher\":{\"@id\":\"https:\\\/\\\/radioljubuski.ba\\\/#organization\"},\"potentialAction\":[{\"@type\":\"SearchAction\",\"target\":{\"@type\":\"EntryPoint\",\"urlTemplate\":\"https:\\\/\\\/radioljubuski.ba\\\/?s={search_term_string}\"},\"query-input\":{\"@type\":\"PropertyValueSpecification\",\"valueRequired\":true,\"valueName\":\"search_term_string\"}}],\"inLanguage\":\"hr\"},{\"@type\":\"Organization\",\"@id\":\"https:\\\/\\\/radioljubuski.ba\\\/#organization\",\"name\":\"Radio Ljubu\u0161ki\",\"url\":\"https:\\\/\\\/radioljubuski.ba\\\/\",\"logo\":{\"@type\":\"ImageObject\",\"inLanguage\":\"hr\",\"@id\":\"https:\\\/\\\/radioljubuski.ba\\\/#\\\/schema\\\/logo\\\/image\\\/\",\"url\":\"https:\\\/\\\/radioljubuski.ba\\\/wp-content\\\/uploads\\\/2021\\\/02\\\/cropped-Radio_Ljubuski_logo1.jpg\",\"contentUrl\":\"https:\\\/\\\/radioljubuski.ba\\\/wp-content\\\/uploads\\\/2021\\\/02\\\/cropped-Radio_Ljubuski_logo1.jpg\",\"width\":512,\"height\":512,\"caption\":\"Radio Ljubu\u0161ki\"},\"image\":{\"@id\":\"https:\\\/\\\/radioljubuski.ba\\\/#\\\/schema\\\/logo\\\/image\\\/\"},\"sameAs\":[\"https:\\\/\\\/www.facebook.com\\\/Radiio-Ljubuski-1490835324566332\",\"https:\\\/\\\/x.com\\\/radioljubuski\",\"https:\\\/\\\/hr.linkedin.com\\\/company\\\/radio-ljubuski\",\"https:\\\/\\\/www.youtube.com\\\/channel\\\/UCHYaeO_n0Db3tjNGudGpXyw\"]},{\"@type\":\"Person\",\"@id\":\"https:\\\/\\\/radioljubuski.ba\\\/#\\\/schema\\\/person\\\/19fc700381a780f69665d7956c469e3b\",\"name\":\"Radio Ljubu\u0161ki\"}]}<\/script>\n<!-- \/ Yoast SEO plugin. -->","yoast_head_json":{"title":"Saudijski princ nekim poja\u010danjima u Newcastleu \u0107e dati bjanko \u010dek za pla\u0107u - RADIO LJUBU\u0160KI","robots":{"index":"index","follow":"follow","max-snippet":"max-snippet:-1","max-image-preview":"max-image-preview:large","max-video-preview":"max-video-preview:-1"},"canonical":"https:\/\/radioljubuski.ba\/index.php\/2021\/10\/09\/saudijski-princ-nekim-pojacanjima-u-newcastleu-ce-dati-bjanko-cek-za-placu\/","og_locale":"hr_HR","og_type":"article","og_title":"Saudijski princ nekim poja\u010danjima u Newcastleu \u0107e dati bjanko \u010dek za pla\u0107u - RADIO LJUBU\u0160KI","og_description":"Premierliga\u0161 Newcastle United slu\u017ebeno je potvrdio preuzimanje vrijedno 300.000.000 eura, Svrake je kupio saudijski princ i pretvorio u financijski najmo\u0107niju mom\u010dad dana\u0161njice, a engleski mediji ve\u0107 su se po\u010deli baviti projekcijama njihove mom\u010dadi za sljede\u0107u sezonu. Nekoliko je mogu\u0107ih jedanaestorki Newcastlea za sljede\u0107u sezonu, od potpuno nerealnih za Mbappeom i Pogbom do ne\u0161to realnijih opcija [&hellip;]","og_url":"https:\/\/radioljubuski.ba\/index.php\/2021\/10\/09\/saudijski-princ-nekim-pojacanjima-u-newcastleu-ce-dati-bjanko-cek-za-placu\/","og_site_name":"RADIO LJUBU\u0160KI","article_publisher":"https:\/\/www.facebook.com\/Radiio-Ljubuski-1490835324566332","article_published_time":"2021-10-09T12:00:49+00:00","article_modified_time":"2021-10-09T12:00:50+00:00","og_image":[{"width":1000,"height":625,"url":"https:\/\/radioljubuski.ba\/wp-content\/uploads\/2021\/10\/2-2021-10-09-08-30-44-newcastle.jpg","type":"image\/jpeg"}],"author":"Radio Ljubu\u0161ki","twitter_card":"summary_large_image","twitter_creator":"@radioljubuski","twitter_site":"@radioljubuski","twitter_misc":{"Napisao\/la":"Radio Ljubu\u0161ki","Procijenjeno vrijeme \u010ditanja":"3 minute"},"schema":{"@context":"https:\/\/schema.org","@graph":[{"@type":"Article","@id":"https:\/\/radioljubuski.ba\/index.php\/2021\/10\/09\/saudijski-princ-nekim-pojacanjima-u-newcastleu-ce-dati-bjanko-cek-za-placu\/#article","isPartOf":{"@id":"https:\/\/radioljubuski.ba\/index.php\/2021\/10\/09\/saudijski-princ-nekim-pojacanjima-u-newcastleu-ce-dati-bjanko-cek-za-placu\/"},"author":{"name":"Radio Ljubu\u0161ki","@id":"https:\/\/radioljubuski.ba\/#\/schema\/person\/19fc700381a780f69665d7956c469e3b"},"headline":"Saudijski princ nekim poja\u010danjima u Newcastleu \u0107e dati bjanko \u010dek za pla\u0107u","datePublished":"2021-10-09T12:00:49+00:00","dateModified":"2021-10-09T12:00:50+00:00","mainEntityOfPage":{"@id":"https:\/\/radioljubuski.ba\/index.php\/2021\/10\/09\/saudijski-princ-nekim-pojacanjima-u-newcastleu-ce-dati-bjanko-cek-za-placu\/"},"wordCount":744,"publisher":{"@id":"https:\/\/radioljubuski.ba\/#organization"},"image":{"@id":"https:\/\/radioljubuski.ba\/index.php\/2021\/10\/09\/saudijski-princ-nekim-pojacanjima-u-newcastleu-ce-dati-bjanko-cek-za-placu\/#primaryimage"},"thumbnailUrl":"https:\/\/radioljubuski.ba\/wp-content\/uploads\/2021\/10\/2-2021-10-09-08-30-44-newcastle.jpg","articleSection":["\u0160port"],"inLanguage":"hr"},{"@type":"WebPage","@id":"https:\/\/radioljubuski.ba\/index.php\/2021\/10\/09\/saudijski-princ-nekim-pojacanjima-u-newcastleu-ce-dati-bjanko-cek-za-placu\/","url":"https:\/\/radioljubuski.ba\/index.php\/2021\/10\/09\/saudijski-princ-nekim-pojacanjima-u-newcastleu-ce-dati-bjanko-cek-za-placu\/","name":"Saudijski princ nekim poja\u010danjima u Newcastleu \u0107e dati bjanko \u010dek za pla\u0107u - RADIO LJUBU\u0160KI","isPartOf":{"@id":"https:\/\/radioljubuski.ba\/#website"},"primaryImageOfPage":{"@id":"https:\/\/radioljubuski.ba\/index.php\/2021\/10\/09\/saudijski-princ-nekim-pojacanjima-u-newcastleu-ce-dati-bjanko-cek-za-placu\/#primaryimage"},"image":{"@id":"https:\/\/radioljubuski.ba\/index.php\/2021\/10\/09\/saudijski-princ-nekim-pojacanjima-u-newcastleu-ce-dati-bjanko-cek-za-placu\/#primaryimage"},"thumbnailUrl":"https:\/\/radioljubuski.ba\/wp-content\/uploads\/2021\/10\/2-2021-10-09-08-30-44-newcastle.jpg","datePublished":"2021-10-09T12:00:49+00:00","dateModified":"2021-10-09T12:00:50+00:00","breadcrumb":{"@id":"https:\/\/radioljubuski.ba\/index.php\/2021\/10\/09\/saudijski-princ-nekim-pojacanjima-u-newcastleu-ce-dati-bjanko-cek-za-placu\/#breadcrumb"},"inLanguage":"hr","potentialAction":[{"@type":"ReadAction","target":["https:\/\/radioljubuski.ba\/index.php\/2021\/10\/09\/saudijski-princ-nekim-pojacanjima-u-newcastleu-ce-dati-bjanko-cek-za-placu\/"]}]},{"@type":"ImageObject","inLanguage":"hr","@id":"https:\/\/radioljubuski.ba\/index.php\/2021\/10\/09\/saudijski-princ-nekim-pojacanjima-u-newcastleu-ce-dati-bjanko-cek-za-placu\/#primaryimage","url":"https:\/\/radioljubuski.ba\/wp-content\/uploads\/2021\/10\/2-2021-10-09-08-30-44-newcastle.jpg","contentUrl":"https:\/\/radioljubuski.ba\/wp-content\/uploads\/2021\/10\/2-2021-10-09-08-30-44-newcastle.jpg","width":1000,"height":625},{"@type":"BreadcrumbList","@id":"https:\/\/radioljubuski.ba\/index.php\/2021\/10\/09\/saudijski-princ-nekim-pojacanjima-u-newcastleu-ce-dati-bjanko-cek-za-placu\/#breadcrumb","itemListElement":[{"@type":"ListItem","position":1,"name":"Po\u010detna stranica","item":"https:\/\/radioljubuski.ba\/"},{"@type":"ListItem","position":2,"name":"Saudijski princ nekim poja\u010danjima u Newcastleu \u0107e dati bjanko \u010dek za pla\u0107u"}]},{"@type":"WebSite","@id":"https:\/\/radioljubuski.ba\/#website","url":"https:\/\/radioljubuski.ba\/","name":"Radio Ljubu\u0161ki","description":"Sun\u010dana frekvencija Hercegovine","publisher":{"@id":"https:\/\/radioljubuski.ba\/#organization"},"potentialAction":[{"@type":"SearchAction","target":{"@type":"EntryPoint","urlTemplate":"https:\/\/radioljubuski.ba\/?s={search_term_string}"},"query-input":{"@type":"PropertyValueSpecification","valueRequired":true,"valueName":"search_term_string"}}],"inLanguage":"hr"},{"@type":"Organization","@id":"https:\/\/radioljubuski.ba\/#organization","name":"Radio Ljubu\u0161ki","url":"https:\/\/radioljubuski.ba\/","logo":{"@type":"ImageObject","inLanguage":"hr","@id":"https:\/\/radioljubuski.ba\/#\/schema\/logo\/image\/","url":"https:\/\/radioljubuski.ba\/wp-content\/uploads\/2021\/02\/cropped-Radio_Ljubuski_logo1.jpg","contentUrl":"https:\/\/radioljubuski.ba\/wp-content\/uploads\/2021\/02\/cropped-Radio_Ljubuski_logo1.jpg","width":512,"height":512,"caption":"Radio Ljubu\u0161ki"},"image":{"@id":"https:\/\/radioljubuski.ba\/#\/schema\/logo\/image\/"},"sameAs":["https:\/\/www.facebook.com\/Radiio-Ljubuski-1490835324566332","https:\/\/x.com\/radioljubuski","https:\/\/hr.linkedin.com\/company\/radio-ljubuski","https:\/\/www.youtube.com\/channel\/UCHYaeO_n0Db3tjNGudGpXyw"]},{"@type":"Person","@id":"https:\/\/radioljubuski.ba\/#\/schema\/person\/19fc700381a780f69665d7956c469e3b","name":"Radio Ljubu\u0161ki"}]}},"_links":{"self":[{"href":"https:\/\/radioljubuski.ba\/index.php\/wp-json\/wp\/v2\/posts\/73383","targetHints":{"allow":["GET"]}}],"collection":[{"href":"https:\/\/radioljubuski.ba\/index.php\/wp-json\/wp\/v2\/posts"}],"about":[{"href":"https:\/\/radioljubuski.ba\/index.php\/wp-json\/wp\/v2\/types\/post"}],"author":[{"embeddable":true,"href":"https:\/\/radioljubuski.ba\/index.php\/wp-json\/wp\/v2\/users\/2"}],"replies":[{"embeddable":true,"href":"https:\/\/radioljubuski.ba\/index.php\/wp-json\/wp\/v2\/comments?post=73383"}],"version-history":[{"count":1,"href":"https:\/\/radioljubuski.ba\/index.php\/wp-json\/wp\/v2\/posts\/73383\/revisions"}],"predecessor-version":[{"id":73385,"href":"https:\/\/radioljubuski.ba\/index.php\/wp-json\/wp\/v2\/posts\/73383\/revisions\/73385"}],"wp:featuredmedia":[{"embeddable":true,"href":"https:\/\/radioljubuski.ba\/index.php\/wp-json\/wp\/v2\/media\/73384"}],"wp:attachment":[{"href":"https:\/\/radioljubuski.ba\/index.php\/wp-json\/wp\/v2\/media?parent=73383"}],"wp:term":[{"taxonomy":"category","embeddable":true,"href":"https:\/\/radioljubuski.ba\/index.php\/wp-json\/wp\/v2\/categories?post=73383"},{"taxonomy":"post_tag","embeddable":true,"href":"https:\/\/radioljubuski.ba\/index.php\/wp-json\/wp\/v2\/tags?post=73383"}],"curies":[{"name":"wp","href":"https:\/\/api.w.org\/{rel}","templated":true}]}}