{"id":734,"date":"2021-03-02T10:08:20","date_gmt":"2021-03-02T10:08:20","guid":{"rendered":"https:\/\/radioljubuski.ba\/?p=734"},"modified":"2021-03-02T10:08:20","modified_gmt":"2021-03-02T10:08:20","slug":"fra-jozo-zovko-pomazuci-ratnoj-sirocadi-dobio-8500-kumova","status":"publish","type":"post","link":"https:\/\/radioljubuski.ba\/index.php\/2021\/03\/02\/fra-jozo-zovko-pomazuci-ratnoj-sirocadi-dobio-8500-kumova\/","title":{"rendered":"Fra Jozo Zovko poma\u017eu\u0107i ratnoj siro\u010dadi dobio 8500 kumova"},"content":{"rendered":"\n<p>Kuga, glad, ratovi\u2026 desetlje\u0107ima se smjenjuju u svom smrtonosnom pohodu. Svaka od tih katastrofa iznjedrila je svoje heroje. U Hercegovini dvojicu velikana, sve\u0107enika, vizionara \u2013 fra Didaka Bunti\u0107a i fra Jozu Zovku. Jednog u Prvom, a drugog u posljednjem, Domovinskom ratu i pora\u0107u. Poput svjetionika, svaki u svojem dobu, rastjerivali su tamu bezna\u0111a. Ova dva franjevca ostat \u0107e upam\u0107ena po velikim djelima. Osobito po skrbi za djecu, pi\u0161e Jozo Pavkovi\u0107 za Ve\u010dernji list.<\/p>\n\n\n\n<p>U vrijeme Prvog svjetskog rata zavladale su \u0161uga, su\u0161a i glad. Fra Didak je tada uspio petnaestak tisu\u0107a neuhranjene djece preseliti iz siroma\u0161ne Hercegovine u \u017eitnu Slavoniju i Srijem. Mnogi su zbog toga pre\u017eivjeli.<\/p>\n\n\n\n<p>Nepuno stolje\u0107e poslije \u2013 opet rat. Srpski tenkovi uzorali su \u201cDidakovu\u201d Slavoniju. Hercegovci su suosje\u0107ali sa svojom golorukom bra\u0107om. Jedne ve\u010deri u samostanu u \u0160irokom Brijegu fra Jozo Zovko gledao je potresno televizijsko izvje\u0161\u0107e iz ranjene Slavonije. \u010cetverogodi\u0161nje dijete pla\u010du\u0107i je govorilo: \u201cNemam vi\u0161e ni mame ni tate, nemam nikoga, ne znam kamo \u0107u\u2026\u201d<\/p>\n\n\n\n<p>\u201cOvo dijete zove mene. Ono ima mene. Ne mogu kazati da nisam \u010duo, da nisam vidio, da nisam svjedok tih suza\u201d, suznih o\u010diju, poput tog djeteta, razmi\u0161ljao je fra Jozo. Njegov pla\u010d podsjetio ga je na ra\u0161irene ruke Slavonije kada je primala izgladnjelu i uplakanu fra Didakovu sirotinju. Sada oni u ovom ratu trebaju pomo\u0107 kao djeca iz Bosne i Hercegovine u onom Prvom svjetskom ratu. Hercegova\u010dki franjevac, poput Mojsija, krenuo je s Brijega pomo\u0107i izvesti svoj narod iz ropstva.<\/p>\n\n\n\n<p>Izme\u0111u ostaloga, utemeljio je Me\u0111unarodno kumstvo djeteta Hrvatske i Herceg Bosne. Jedno u Zagrebu, drugo u \u0160irokom Brijegu. Animirao je prijatelje Me\u0111ugorja iz cijeloga svijeta. \u0160irio je ljubav u vremenu zla. Svakodnevno se pove\u0107avao broj onih koji su se odazivali njegovu pozivu: budi kum, pomozi ratnom siro\u010detu koje nema jednog ili oba roditelja. Brojka je dosegnula do 8500 djece u Bosni i Hercegovini i Hrvatskoj. Neki \u0107e ove godine, kao i Me\u0111unarodno kumstvo, napuniti 30 godina. Svi oni, uz svoje skrbnike, i fra Jozu do\u017eivljavaju svojim kumom. Ima li netko ve\u0107u obitelj na svijetu?!<\/p>\n\n\n\n<p>Pri\u010da o Me\u0111unarodnom kumstvu zapravo je pri\u010da o fra Jozi. Jednako kao i pri\u010da o Me\u0111ugorju. Jedna drugu upotpunjuju. Najzornije svjedo\u010di \u010dinjenica da su se mnogi hodo\u010dasnici koji su dolazili u Me\u0111ugorje vra\u0107ali u Italiju, Ameriku, Njema\u010dku, Australiju\u2026 kao kumovi nekoj od djece iz Viteza, Osijeka, Vukovara, Dervente\u2026<\/p>\n\n\n\n<p>Ratnih i poslijeratnih godina organizirao je duhovne obnove za djecu i njihove majke, ponajvi\u0161e iz sredi\u0161nje Bosne, na otoku Lopudu i Jakljanu. U 12 godina, koliko su trajale, nazo\u010dilo im je vi\u0161e od 13.000 djece s pre\u017eivjelim roditeljima. A onda je 2004. godine Hrvatski fond za privatizaciju odbio produljiti ugovor o najmu. Udruga je nastavila rad na otoku Badiji kod Kor\u010dule, koji je Hrvatska u potpuno devastiranu stanju vratila franjevcima.<\/p>\n\n\n\n<p>Kako su godine prolazile, fra Jozi je, uz Me\u0111ugorje, misija sve vi\u0161e postala briga za ratnu siro\u010dad. Osobito djevoj\u010dice bez o\u010deva. Za njih je izgradio Zavod Svete obitelji u \u0160irokom Brijegu. U njemu je svoj drugi dom na\u0161lo dvjestotinjak djevojaka. Ba\u0161 kao poslije i djeca s pote\u0161ko\u0107ama.<\/p>\n\n\n\n<p>A onda je fra Jozo morao napustiti Hercegovinu. Hodo\u010dasnici su ostali u \u0161oku \u0161to s najpoznatijim franjevcem svijeta vi\u0161e ne\u0107e mo\u0107i zajedni\u010dki moliti u njegovu Me\u0111ugorju i Zavodu Svete obitelji u \u0160irokom Brijegu. Simbol tih dvaju \u010duda mo\u017eda ove godine \u010dak ne\u0107e mo\u0107i u svom rodnom mjestu i svojoj \u017eupi slaviti tri desetlje\u0107a \u201ckumstva\u201d i \u010detiri desetlje\u0107a ukazanja. Iscrpljen, naru\u0161ena zdravlja, premjestio se u samostan na Dubravi u Zagrebu i na Badiju. Odlazak nije shvatio kao progon iako je i na to nau\u010dio. Jo\u0161 u Me\u0111ugorju. Komunisti\u010dke su mu vlasti 1981. godine sudile, nevino ga osudile i strpale u zatvor u Fo\u010di. Unato\u010d uklanjanju za\u0161titnog znaka Me\u0111ugorja, nije uspio naum tada\u0161njih vlasti da ugase hodo\u010dasni\u010dko mjesto. Jednako su i Me\u0111unarodno kumstvo djeteta i mnoge druge udruge pre\u017eivjele zahvaljuju\u0107i upravo plodovima Kraljice Mira. I fra Jozi.<\/p>\n\n\n\n<p>Jedan od najve\u0107ih Hrvata u povijesti danas \u017eivi u ti\u0161ini zagreba\u010dkog samostana. O fra Jozi su snimani filmovi i pisane knjige. S njim su susret tra\u017eile mnoge svjetski poznate osobe. Dva je puta za vrijeme rata govorio u Vije\u0107u sigurnosti Skup\u0161tine Ujedinjenih naroda, Europskom parlamentu. Poku\u0161avao je zaustaviti rat, siroma\u0161tvo, mr\u017enju i \u0161iriti dobro\u010dinstvo i Gospine poruke. Hranio se plodovima Me\u0111ugorja: obra\u0107enjima i \u010dudesnim ozdravljenjima.<\/p>\n\n\n\n<p>Po\u0161tuje ga cijeli svijet. Njegovi sunarodnjaci mo\u017eda najmanje. Na to se nije ni obazirao. Uostalom, mnogi velikani za \u017eivota nisu bili shva\u0107eni. Oni koji jesu, znaju da \u017eive s Mojsijem na\u0161eg doba.<\/p>\n\n\n\n<p>Izvor: <strong>Vrisak.info<\/strong><\/p>\n","protected":false},"excerpt":{"rendered":"<p>Kuga, glad, ratovi\u2026 desetlje\u0107ima se smjenjuju u svom smrtonosnom pohodu. Svaka od tih katastrofa iznjedrila je svoje heroje. U Hercegovini dvojicu velikana, sve\u0107enika, vizionara \u2013 fra Didaka Bunti\u0107a i fra Jozu Zovku. Jednog u Prvom, a drugog u posljednjem, Domovinskom ratu i pora\u0107u. Poput svjetionika, svaki u svojem dobu, rastjerivali su tamu bezna\u0111a. Ova dva [&hellip;]<\/p>\n","protected":false},"author":2,"featured_media":735,"comment_status":"closed","ping_status":"closed","sticky":false,"template":"","format":"standard","meta":{"h5ap_radio_sources":[],"footnotes":""},"categories":[1],"tags":[],"class_list":["post-734","post","type-post","status-publish","format-standard","has-post-thumbnail","hentry","category-bihiregija"],"yoast_head":"<!-- This site is optimized with the Yoast SEO plugin v27.5 - https:\/\/yoast.com\/product\/yoast-seo-wordpress\/ -->\n<title>Fra Jozo Zovko poma\u017eu\u0107i ratnoj siro\u010dadi dobio 8500 kumova - RADIO LJUBU\u0160KI<\/title>\n<meta name=\"robots\" content=\"index, follow, max-snippet:-1, max-image-preview:large, max-video-preview:-1\" \/>\n<link rel=\"canonical\" href=\"https:\/\/radioljubuski.ba\/index.php\/2021\/03\/02\/fra-jozo-zovko-pomazuci-ratnoj-sirocadi-dobio-8500-kumova\/\" \/>\n<meta property=\"og:locale\" content=\"hr_HR\" \/>\n<meta property=\"og:type\" content=\"article\" \/>\n<meta property=\"og:title\" content=\"Fra Jozo Zovko poma\u017eu\u0107i ratnoj siro\u010dadi dobio 8500 kumova - RADIO LJUBU\u0160KI\" \/>\n<meta property=\"og:description\" content=\"Kuga, glad, ratovi\u2026 desetlje\u0107ima se smjenjuju u svom smrtonosnom pohodu. Svaka od tih katastrofa iznjedrila je svoje heroje. U Hercegovini dvojicu velikana, sve\u0107enika, vizionara \u2013 fra Didaka Bunti\u0107a i fra Jozu Zovku. Jednog u Prvom, a drugog u posljednjem, Domovinskom ratu i pora\u0107u. Poput svjetionika, svaki u svojem dobu, rastjerivali su tamu bezna\u0111a. Ova dva [&hellip;]\" \/>\n<meta property=\"og:url\" content=\"https:\/\/radioljubuski.ba\/index.php\/2021\/03\/02\/fra-jozo-zovko-pomazuci-ratnoj-sirocadi-dobio-8500-kumova\/\" \/>\n<meta property=\"og:site_name\" content=\"RADIO LJUBU\u0160KI\" \/>\n<meta property=\"article:publisher\" content=\"https:\/\/www.facebook.com\/Radiio-Ljubuski-1490835324566332\" \/>\n<meta property=\"article:published_time\" content=\"2021-03-02T10:08:20+00:00\" \/>\n<meta property=\"og:image\" content=\"https:\/\/radioljubuski.ba\/wp-content\/uploads\/2021\/03\/jozo-zovko.jpg\" \/>\n\t<meta property=\"og:image:width\" content=\"723\" \/>\n\t<meta property=\"og:image:height\" content=\"450\" \/>\n\t<meta property=\"og:image:type\" content=\"image\/jpeg\" \/>\n<meta name=\"author\" content=\"Radio Ljubu\u0161ki\" \/>\n<meta name=\"twitter:card\" content=\"summary_large_image\" \/>\n<meta name=\"twitter:creator\" content=\"@radioljubuski\" \/>\n<meta name=\"twitter:site\" content=\"@radioljubuski\" \/>\n<meta name=\"twitter:label1\" content=\"Napisao\/la\" \/>\n\t<meta name=\"twitter:data1\" content=\"Radio Ljubu\u0161ki\" \/>\n\t<meta name=\"twitter:label2\" content=\"Procijenjeno vrijeme \u010ditanja\" \/>\n\t<meta name=\"twitter:data2\" content=\"4 minute\" \/>\n<script type=\"application\/ld+json\" class=\"yoast-schema-graph\">{\"@context\":\"https:\\\/\\\/schema.org\",\"@graph\":[{\"@type\":\"Article\",\"@id\":\"https:\\\/\\\/radioljubuski.ba\\\/index.php\\\/2021\\\/03\\\/02\\\/fra-jozo-zovko-pomazuci-ratnoj-sirocadi-dobio-8500-kumova\\\/#article\",\"isPartOf\":{\"@id\":\"https:\\\/\\\/radioljubuski.ba\\\/index.php\\\/2021\\\/03\\\/02\\\/fra-jozo-zovko-pomazuci-ratnoj-sirocadi-dobio-8500-kumova\\\/\"},\"author\":{\"name\":\"Radio Ljubu\u0161ki\",\"@id\":\"https:\\\/\\\/radioljubuski.ba\\\/#\\\/schema\\\/person\\\/19fc700381a780f69665d7956c469e3b\"},\"headline\":\"Fra Jozo Zovko poma\u017eu\u0107i ratnoj siro\u010dadi dobio 8500 kumova\",\"datePublished\":\"2021-03-02T10:08:20+00:00\",\"mainEntityOfPage\":{\"@id\":\"https:\\\/\\\/radioljubuski.ba\\\/index.php\\\/2021\\\/03\\\/02\\\/fra-jozo-zovko-pomazuci-ratnoj-sirocadi-dobio-8500-kumova\\\/\"},\"wordCount\":836,\"publisher\":{\"@id\":\"https:\\\/\\\/radioljubuski.ba\\\/#organization\"},\"image\":{\"@id\":\"https:\\\/\\\/radioljubuski.ba\\\/index.php\\\/2021\\\/03\\\/02\\\/fra-jozo-zovko-pomazuci-ratnoj-sirocadi-dobio-8500-kumova\\\/#primaryimage\"},\"thumbnailUrl\":\"https:\\\/\\\/radioljubuski.ba\\\/wp-content\\\/uploads\\\/2021\\\/03\\\/jozo-zovko.jpg\",\"articleSection\":[\"BIH i regija\"],\"inLanguage\":\"hr\"},{\"@type\":\"WebPage\",\"@id\":\"https:\\\/\\\/radioljubuski.ba\\\/index.php\\\/2021\\\/03\\\/02\\\/fra-jozo-zovko-pomazuci-ratnoj-sirocadi-dobio-8500-kumova\\\/\",\"url\":\"https:\\\/\\\/radioljubuski.ba\\\/index.php\\\/2021\\\/03\\\/02\\\/fra-jozo-zovko-pomazuci-ratnoj-sirocadi-dobio-8500-kumova\\\/\",\"name\":\"Fra Jozo Zovko poma\u017eu\u0107i ratnoj siro\u010dadi dobio 8500 kumova - RADIO LJUBU\u0160KI\",\"isPartOf\":{\"@id\":\"https:\\\/\\\/radioljubuski.ba\\\/#website\"},\"primaryImageOfPage\":{\"@id\":\"https:\\\/\\\/radioljubuski.ba\\\/index.php\\\/2021\\\/03\\\/02\\\/fra-jozo-zovko-pomazuci-ratnoj-sirocadi-dobio-8500-kumova\\\/#primaryimage\"},\"image\":{\"@id\":\"https:\\\/\\\/radioljubuski.ba\\\/index.php\\\/2021\\\/03\\\/02\\\/fra-jozo-zovko-pomazuci-ratnoj-sirocadi-dobio-8500-kumova\\\/#primaryimage\"},\"thumbnailUrl\":\"https:\\\/\\\/radioljubuski.ba\\\/wp-content\\\/uploads\\\/2021\\\/03\\\/jozo-zovko.jpg\",\"datePublished\":\"2021-03-02T10:08:20+00:00\",\"breadcrumb\":{\"@id\":\"https:\\\/\\\/radioljubuski.ba\\\/index.php\\\/2021\\\/03\\\/02\\\/fra-jozo-zovko-pomazuci-ratnoj-sirocadi-dobio-8500-kumova\\\/#breadcrumb\"},\"inLanguage\":\"hr\",\"potentialAction\":[{\"@type\":\"ReadAction\",\"target\":[\"https:\\\/\\\/radioljubuski.ba\\\/index.php\\\/2021\\\/03\\\/02\\\/fra-jozo-zovko-pomazuci-ratnoj-sirocadi-dobio-8500-kumova\\\/\"]}]},{\"@type\":\"ImageObject\",\"inLanguage\":\"hr\",\"@id\":\"https:\\\/\\\/radioljubuski.ba\\\/index.php\\\/2021\\\/03\\\/02\\\/fra-jozo-zovko-pomazuci-ratnoj-sirocadi-dobio-8500-kumova\\\/#primaryimage\",\"url\":\"https:\\\/\\\/radioljubuski.ba\\\/wp-content\\\/uploads\\\/2021\\\/03\\\/jozo-zovko.jpg\",\"contentUrl\":\"https:\\\/\\\/radioljubuski.ba\\\/wp-content\\\/uploads\\\/2021\\\/03\\\/jozo-zovko.jpg\",\"width\":723,\"height\":450},{\"@type\":\"BreadcrumbList\",\"@id\":\"https:\\\/\\\/radioljubuski.ba\\\/index.php\\\/2021\\\/03\\\/02\\\/fra-jozo-zovko-pomazuci-ratnoj-sirocadi-dobio-8500-kumova\\\/#breadcrumb\",\"itemListElement\":[{\"@type\":\"ListItem\",\"position\":1,\"name\":\"Po\u010detna stranica\",\"item\":\"https:\\\/\\\/radioljubuski.ba\\\/\"},{\"@type\":\"ListItem\",\"position\":2,\"name\":\"Fra Jozo Zovko poma\u017eu\u0107i ratnoj siro\u010dadi dobio 8500 kumova\"}]},{\"@type\":\"WebSite\",\"@id\":\"https:\\\/\\\/radioljubuski.ba\\\/#website\",\"url\":\"https:\\\/\\\/radioljubuski.ba\\\/\",\"name\":\"Radio Ljubu\u0161ki\",\"description\":\"Sun\u010dana frekvencija Hercegovine\",\"publisher\":{\"@id\":\"https:\\\/\\\/radioljubuski.ba\\\/#organization\"},\"potentialAction\":[{\"@type\":\"SearchAction\",\"target\":{\"@type\":\"EntryPoint\",\"urlTemplate\":\"https:\\\/\\\/radioljubuski.ba\\\/?s={search_term_string}\"},\"query-input\":{\"@type\":\"PropertyValueSpecification\",\"valueRequired\":true,\"valueName\":\"search_term_string\"}}],\"inLanguage\":\"hr\"},{\"@type\":\"Organization\",\"@id\":\"https:\\\/\\\/radioljubuski.ba\\\/#organization\",\"name\":\"Radio Ljubu\u0161ki\",\"url\":\"https:\\\/\\\/radioljubuski.ba\\\/\",\"logo\":{\"@type\":\"ImageObject\",\"inLanguage\":\"hr\",\"@id\":\"https:\\\/\\\/radioljubuski.ba\\\/#\\\/schema\\\/logo\\\/image\\\/\",\"url\":\"https:\\\/\\\/radioljubuski.ba\\\/wp-content\\\/uploads\\\/2021\\\/02\\\/cropped-Radio_Ljubuski_logo1.jpg\",\"contentUrl\":\"https:\\\/\\\/radioljubuski.ba\\\/wp-content\\\/uploads\\\/2021\\\/02\\\/cropped-Radio_Ljubuski_logo1.jpg\",\"width\":512,\"height\":512,\"caption\":\"Radio Ljubu\u0161ki\"},\"image\":{\"@id\":\"https:\\\/\\\/radioljubuski.ba\\\/#\\\/schema\\\/logo\\\/image\\\/\"},\"sameAs\":[\"https:\\\/\\\/www.facebook.com\\\/Radiio-Ljubuski-1490835324566332\",\"https:\\\/\\\/x.com\\\/radioljubuski\",\"https:\\\/\\\/hr.linkedin.com\\\/company\\\/radio-ljubuski\",\"https:\\\/\\\/www.youtube.com\\\/channel\\\/UCHYaeO_n0Db3tjNGudGpXyw\"]},{\"@type\":\"Person\",\"@id\":\"https:\\\/\\\/radioljubuski.ba\\\/#\\\/schema\\\/person\\\/19fc700381a780f69665d7956c469e3b\",\"name\":\"Radio Ljubu\u0161ki\"}]}<\/script>\n<!-- \/ Yoast SEO plugin. -->","yoast_head_json":{"title":"Fra Jozo Zovko poma\u017eu\u0107i ratnoj siro\u010dadi dobio 8500 kumova - RADIO LJUBU\u0160KI","robots":{"index":"index","follow":"follow","max-snippet":"max-snippet:-1","max-image-preview":"max-image-preview:large","max-video-preview":"max-video-preview:-1"},"canonical":"https:\/\/radioljubuski.ba\/index.php\/2021\/03\/02\/fra-jozo-zovko-pomazuci-ratnoj-sirocadi-dobio-8500-kumova\/","og_locale":"hr_HR","og_type":"article","og_title":"Fra Jozo Zovko poma\u017eu\u0107i ratnoj siro\u010dadi dobio 8500 kumova - RADIO LJUBU\u0160KI","og_description":"Kuga, glad, ratovi\u2026 desetlje\u0107ima se smjenjuju u svom smrtonosnom pohodu. Svaka od tih katastrofa iznjedrila je svoje heroje. U Hercegovini dvojicu velikana, sve\u0107enika, vizionara \u2013 fra Didaka Bunti\u0107a i fra Jozu Zovku. Jednog u Prvom, a drugog u posljednjem, Domovinskom ratu i pora\u0107u. Poput svjetionika, svaki u svojem dobu, rastjerivali su tamu bezna\u0111a. Ova dva [&hellip;]","og_url":"https:\/\/radioljubuski.ba\/index.php\/2021\/03\/02\/fra-jozo-zovko-pomazuci-ratnoj-sirocadi-dobio-8500-kumova\/","og_site_name":"RADIO LJUBU\u0160KI","article_publisher":"https:\/\/www.facebook.com\/Radiio-Ljubuski-1490835324566332","article_published_time":"2021-03-02T10:08:20+00:00","og_image":[{"width":723,"height":450,"url":"https:\/\/radioljubuski.ba\/wp-content\/uploads\/2021\/03\/jozo-zovko.jpg","type":"image\/jpeg"}],"author":"Radio Ljubu\u0161ki","twitter_card":"summary_large_image","twitter_creator":"@radioljubuski","twitter_site":"@radioljubuski","twitter_misc":{"Napisao\/la":"Radio Ljubu\u0161ki","Procijenjeno vrijeme \u010ditanja":"4 minute"},"schema":{"@context":"https:\/\/schema.org","@graph":[{"@type":"Article","@id":"https:\/\/radioljubuski.ba\/index.php\/2021\/03\/02\/fra-jozo-zovko-pomazuci-ratnoj-sirocadi-dobio-8500-kumova\/#article","isPartOf":{"@id":"https:\/\/radioljubuski.ba\/index.php\/2021\/03\/02\/fra-jozo-zovko-pomazuci-ratnoj-sirocadi-dobio-8500-kumova\/"},"author":{"name":"Radio Ljubu\u0161ki","@id":"https:\/\/radioljubuski.ba\/#\/schema\/person\/19fc700381a780f69665d7956c469e3b"},"headline":"Fra Jozo Zovko poma\u017eu\u0107i ratnoj siro\u010dadi dobio 8500 kumova","datePublished":"2021-03-02T10:08:20+00:00","mainEntityOfPage":{"@id":"https:\/\/radioljubuski.ba\/index.php\/2021\/03\/02\/fra-jozo-zovko-pomazuci-ratnoj-sirocadi-dobio-8500-kumova\/"},"wordCount":836,"publisher":{"@id":"https:\/\/radioljubuski.ba\/#organization"},"image":{"@id":"https:\/\/radioljubuski.ba\/index.php\/2021\/03\/02\/fra-jozo-zovko-pomazuci-ratnoj-sirocadi-dobio-8500-kumova\/#primaryimage"},"thumbnailUrl":"https:\/\/radioljubuski.ba\/wp-content\/uploads\/2021\/03\/jozo-zovko.jpg","articleSection":["BIH i regija"],"inLanguage":"hr"},{"@type":"WebPage","@id":"https:\/\/radioljubuski.ba\/index.php\/2021\/03\/02\/fra-jozo-zovko-pomazuci-ratnoj-sirocadi-dobio-8500-kumova\/","url":"https:\/\/radioljubuski.ba\/index.php\/2021\/03\/02\/fra-jozo-zovko-pomazuci-ratnoj-sirocadi-dobio-8500-kumova\/","name":"Fra Jozo Zovko poma\u017eu\u0107i ratnoj siro\u010dadi dobio 8500 kumova - RADIO LJUBU\u0160KI","isPartOf":{"@id":"https:\/\/radioljubuski.ba\/#website"},"primaryImageOfPage":{"@id":"https:\/\/radioljubuski.ba\/index.php\/2021\/03\/02\/fra-jozo-zovko-pomazuci-ratnoj-sirocadi-dobio-8500-kumova\/#primaryimage"},"image":{"@id":"https:\/\/radioljubuski.ba\/index.php\/2021\/03\/02\/fra-jozo-zovko-pomazuci-ratnoj-sirocadi-dobio-8500-kumova\/#primaryimage"},"thumbnailUrl":"https:\/\/radioljubuski.ba\/wp-content\/uploads\/2021\/03\/jozo-zovko.jpg","datePublished":"2021-03-02T10:08:20+00:00","breadcrumb":{"@id":"https:\/\/radioljubuski.ba\/index.php\/2021\/03\/02\/fra-jozo-zovko-pomazuci-ratnoj-sirocadi-dobio-8500-kumova\/#breadcrumb"},"inLanguage":"hr","potentialAction":[{"@type":"ReadAction","target":["https:\/\/radioljubuski.ba\/index.php\/2021\/03\/02\/fra-jozo-zovko-pomazuci-ratnoj-sirocadi-dobio-8500-kumova\/"]}]},{"@type":"ImageObject","inLanguage":"hr","@id":"https:\/\/radioljubuski.ba\/index.php\/2021\/03\/02\/fra-jozo-zovko-pomazuci-ratnoj-sirocadi-dobio-8500-kumova\/#primaryimage","url":"https:\/\/radioljubuski.ba\/wp-content\/uploads\/2021\/03\/jozo-zovko.jpg","contentUrl":"https:\/\/radioljubuski.ba\/wp-content\/uploads\/2021\/03\/jozo-zovko.jpg","width":723,"height":450},{"@type":"BreadcrumbList","@id":"https:\/\/radioljubuski.ba\/index.php\/2021\/03\/02\/fra-jozo-zovko-pomazuci-ratnoj-sirocadi-dobio-8500-kumova\/#breadcrumb","itemListElement":[{"@type":"ListItem","position":1,"name":"Po\u010detna stranica","item":"https:\/\/radioljubuski.ba\/"},{"@type":"ListItem","position":2,"name":"Fra Jozo Zovko poma\u017eu\u0107i ratnoj siro\u010dadi dobio 8500 kumova"}]},{"@type":"WebSite","@id":"https:\/\/radioljubuski.ba\/#website","url":"https:\/\/radioljubuski.ba\/","name":"Radio Ljubu\u0161ki","description":"Sun\u010dana frekvencija Hercegovine","publisher":{"@id":"https:\/\/radioljubuski.ba\/#organization"},"potentialAction":[{"@type":"SearchAction","target":{"@type":"EntryPoint","urlTemplate":"https:\/\/radioljubuski.ba\/?s={search_term_string}"},"query-input":{"@type":"PropertyValueSpecification","valueRequired":true,"valueName":"search_term_string"}}],"inLanguage":"hr"},{"@type":"Organization","@id":"https:\/\/radioljubuski.ba\/#organization","name":"Radio Ljubu\u0161ki","url":"https:\/\/radioljubuski.ba\/","logo":{"@type":"ImageObject","inLanguage":"hr","@id":"https:\/\/radioljubuski.ba\/#\/schema\/logo\/image\/","url":"https:\/\/radioljubuski.ba\/wp-content\/uploads\/2021\/02\/cropped-Radio_Ljubuski_logo1.jpg","contentUrl":"https:\/\/radioljubuski.ba\/wp-content\/uploads\/2021\/02\/cropped-Radio_Ljubuski_logo1.jpg","width":512,"height":512,"caption":"Radio Ljubu\u0161ki"},"image":{"@id":"https:\/\/radioljubuski.ba\/#\/schema\/logo\/image\/"},"sameAs":["https:\/\/www.facebook.com\/Radiio-Ljubuski-1490835324566332","https:\/\/x.com\/radioljubuski","https:\/\/hr.linkedin.com\/company\/radio-ljubuski","https:\/\/www.youtube.com\/channel\/UCHYaeO_n0Db3tjNGudGpXyw"]},{"@type":"Person","@id":"https:\/\/radioljubuski.ba\/#\/schema\/person\/19fc700381a780f69665d7956c469e3b","name":"Radio Ljubu\u0161ki"}]}},"_links":{"self":[{"href":"https:\/\/radioljubuski.ba\/index.php\/wp-json\/wp\/v2\/posts\/734","targetHints":{"allow":["GET"]}}],"collection":[{"href":"https:\/\/radioljubuski.ba\/index.php\/wp-json\/wp\/v2\/posts"}],"about":[{"href":"https:\/\/radioljubuski.ba\/index.php\/wp-json\/wp\/v2\/types\/post"}],"author":[{"embeddable":true,"href":"https:\/\/radioljubuski.ba\/index.php\/wp-json\/wp\/v2\/users\/2"}],"replies":[{"embeddable":true,"href":"https:\/\/radioljubuski.ba\/index.php\/wp-json\/wp\/v2\/comments?post=734"}],"version-history":[{"count":1,"href":"https:\/\/radioljubuski.ba\/index.php\/wp-json\/wp\/v2\/posts\/734\/revisions"}],"predecessor-version":[{"id":736,"href":"https:\/\/radioljubuski.ba\/index.php\/wp-json\/wp\/v2\/posts\/734\/revisions\/736"}],"wp:featuredmedia":[{"embeddable":true,"href":"https:\/\/radioljubuski.ba\/index.php\/wp-json\/wp\/v2\/media\/735"}],"wp:attachment":[{"href":"https:\/\/radioljubuski.ba\/index.php\/wp-json\/wp\/v2\/media?parent=734"}],"wp:term":[{"taxonomy":"category","embeddable":true,"href":"https:\/\/radioljubuski.ba\/index.php\/wp-json\/wp\/v2\/categories?post=734"},{"taxonomy":"post_tag","embeddable":true,"href":"https:\/\/radioljubuski.ba\/index.php\/wp-json\/wp\/v2\/tags?post=734"}],"curies":[{"name":"wp","href":"https:\/\/api.w.org\/{rel}","templated":true}]}}