{"id":73438,"date":"2021-10-09T13:45:32","date_gmt":"2021-10-09T12:45:32","guid":{"rendered":"https:\/\/radioljubuski.ba\/?p=73438"},"modified":"2021-10-09T13:45:33","modified_gmt":"2021-10-09T12:45:33","slug":"9-listopada-1991-zlocini-srpske-agresorske-vojske-vaganac-ubijanje-staraca-i-civila-u-oba-rata-pocinjeno-u-ime-antifasizma","status":"publish","type":"post","link":"https:\/\/radioljubuski.ba\/index.php\/2021\/10\/09\/9-listopada-1991-zlocini-srpske-agresorske-vojske-vaganac-ubijanje-staraca-i-civila-u-oba-rata-pocinjeno-u-ime-antifasizma\/","title":{"rendered":"9. listopada 1991. Zlo\u010dini srpske agresorske vojske (Vaganac) \u2013 ubijanje staraca i civila u oba rata po\u010dinjeno \u2018u ime antifa\u0161izma\u2019"},"content":{"rendered":"\n<p><strong>Veliki broj civila, \u017eena, zarobljenika i ljudi ubijen je u malom li\u010dkom selu Vaganac, Korenica, navodno \u2018u ime antifa\u0161izma\u2019 u oba rata. Kao \u0161to je nedavno u Bujici zapovjednik obrane \u0160kabrnje Marko Miljani\u0107 rekao da su masakre kopanja o\u010diju, rezanja u\u0161iju i masovng ubijanja u \u0160kabrnji na\u010dinili 1991. ljudi s petokrakama na glavi, isti obrazac dogodio se u Vagancu i 1945. i 1991. godine.<\/strong><\/p>\n\n\n\n<p><strong>Za zlo\u010dine u Vagnacu u oba rata nitko nikada nije ka\u017enjen.<\/strong><\/p>\n\n\n\n<p>Zlo\u010dini u Vagancu, i 1945. i 1991., neupitno nose biljeg velikosrpske ideologije \u010diji je temelj mr\u017enja prema Hrvatima. Ti zlo\u010dini su, me\u0111utim, po\u010dinjeni u ime antifa\u0161izma. Po etni\u010dkom klju\u010di jer su ubijani isklju\u010divo Hrvati. Ubojice su bili od ljudi koji su nosili petokraku na glavi. Veliki broj pobunjenih Srba u Lici je 1991. izvadio oru\u017eje na Hrvate u ime o\u010duvanja Jugoslavije, partizanske ba\u0161tine, pa su brojne jedinice TO, kao i JNA, nosile imena partizanskih narodnih heroja i oznaku petokrake na glavi.<\/p>\n\n\n\n<p>S petokrakom na glavi ratovali su Ratko Mladi\u0107, Veselin \u0160ljivan\u010danin, Mile Mrk\u0161i\u0107, Slavko Lisica i drugi zlo\u010dinci. Dok su \u010dinili zlo\u010dine na ustima im je bila obrana Jugoslavije i tekovina antifa\u0161izma.<\/p>\n\n\n\n<p>U stvarnosti bila je to mr\u017enja prema Hrvatima i velikosrpstvo.<\/p>\n\n\n\n<p>Na\u010delnik rakovi\u010dke op\u0107ine <strong>Franjo Franjkovi\u0107 je <\/strong>2018. na ukopu <strong>55 ekshumiranih \u017ertava Vaganca<\/strong> ubijenih 1945. godine nakon zavr\u0161etka rata, ustvrdio je da se radi <strong>\u201co \u010detnicima preobu\u010denim 1944. u partizane\u201d<\/strong>, pi\u0161e <a href=\"https:\/\/www.vecernji.hr\/vijesti\/u-vagancu-pokopano-55-zrtava-partizanskih-zlocina-iz-drugoga-svjetskog-rata-i-poraca-1269901\">Ve\u010dernji,<\/a> pa i time ti zlo\u010dini u ime antifa\u0161izma imaju \u010detni\u010dki biljeg.<\/p>\n\n\n\n<p>\u010cetni\u010dki zlo\u010dni u Vagancu (Korenica) nose isti potpis u Domovinskom i II. svjetskom ratu, a to je te\u0161ka mr\u017enja na sve hrvatsko. Nakon II. svjetskog rata partizani su napravili stra\u0161ne zlo\u010dine u Vagancu, a o njima su Hrvati morali \u0161utjeti. Dapa\u010de, morali su se \u010dak i klanjati svojim krvnicima i ubojicama, sre\u0107u\u0107i ih svakodnevno kao cijenjene partizanske borce i heroje.<\/p>\n\n\n\n<p>Na dana\u0161nji dan <strong>9. listopada 1991.<\/strong> po\u010dinjen je pokolj nad hrvatskim stanovni\u0161tvom u Vagancu pored Korenice. Bijesni zbog odluke Hrvatskog sabora o samostalnosti dan ranije, lokalni Srbi ubili su 9 staraca i starica Hrvata u dobi iznad 80 godina. Nakon \u0161to je svijetu i Srbiji objavljena saborska rezolucija o razrje\u0161enja svih dr\u017eavnopravnih sveza s ostalim republikama i pokrajinama SFRJ 8. listopada 1991., Srbi su se odlu\u010dili na odmazdu nad lokalnim hrvatskim stanovni\u0161tvom u plitvi\u010dkom kraju. Taj dan zasuli su naselje Vaganac granatama iz oru\u017eja koje im je dala Titova JNA i pretvorili ga u buktinju. Potom su krenuli s \u010di\u0161\u0107enjem terena.<\/p>\n\n\n\n<p><strong>Zbog iznimne starosti ubijenih ljudi donosimo njihov popis:<\/strong><\/p>\n\n\n\n<p><em>Kata Bilen \u2013 Ka\u0107una (84. godina),<\/em><\/p>\n\n\n\n<p><em>Manda \u010can\u010dar \u2013 Mandi\u0107 (85. godina),<\/em><\/p>\n\n\n\n<p><em>Dane Jandri\u0107 \u2013 Dani\u0107 (80. godina),<\/em><\/p>\n\n\n\n<p><em>Milka Kukuruzovi\u0107 \u2013 Milka\u0107a (80. godina),<\/em><\/p>\n\n\n\n<p><em>Mara Kukuruzovi\u0107 \u2013 Kreku\u0161a (80. godina),<\/em><\/p>\n\n\n\n<p><em>Rojka Mikuljan (80. godina),<\/em><\/p>\n\n\n\n<p><em>Jelka Mikuljan \u2013 Strina (86. godina),<\/em><\/p>\n\n\n\n<p><em>Stipe Kukuruzovi\u0107 55. godina (ubijen 10. listopada 1991).<\/em><\/p>\n\n\n\n<p>Osmero staraca su ubili i zapalili u njihovim domovima, a jednu staricu su zadavili i bacili u bunar (Jelka Mikuljan).<\/p>\n\n\n\n<p>Kako se za ovaj zlo\u010din brzo pro\u010dulo, na inicijativu slunjskog \u017eupnika krenulo je nekoliko mje\u0161tana Vagan\u010dana u potragu za nestalima, me\u0111u njima sve\u0107enik i \u010dasne sestre, a sve u pratnji JNA koja se predstavljala kao mirotvorac. Do\u0161li su u spaljeno i poru\u0161eno selo, nestale nisu prona\u0161li, a i sami su pali u ruke paravojnih srpskih formacija koji su ih mu\u010dili u Korenici i drugdje.<\/p>\n\n\n\n<p>A 2018. pokopano je 55 \u017ertava partizanske i velikosrpske mr\u017enje u Vagancu 1945. godine: \u201cBili su to sustavno planirani, iznimno brutalni zlo\u010dini nad djecom, \u017eenama, starcima iako im je krivnja bila samo to \u0161to su bili domoljubi, Hrvati i \u0161to su voljeli svoj narod i Katoli\u010dku crkvu, a po\u010dinitelji i nalogodavci ostali su neka\u017enjeni, rekla je Silvana Oru\u010d Ivo\u0161, podsje\u0107aju\u0107i da najve\u0107i broj nedu\u017enih \u017ertava jo\u0161 nije na\u0161ao svoj mir.<\/p>\n\n\n\n<p>Kako je rekao na\u010delnik rakovi\u010dke op\u0107ine <strong>Franjo Franjkovi\u0107,<\/strong> prenera\u017een je svjedo\u010danstvima nekoliko mje\u0161tanki rakovi\u010dkih sela koje se sje\u0107aju, iz vremena kad su bile djevoj\u010dice, mu\u010denja svojih o\u010deva i rodbine, sve redom civila. No, postoje i svjedo\u010danstva o zarobljavanju i likvidaciji usta\u0161a i domobrana bez su\u0111enja, rekao je, isti\u010du\u0107i da je zapravo rije\u010d o vojnicima <strong>\u201c\u010detni\u010dkog pokreta koji su se 1944. godine preru\u0161ili u partizane\u201d.<\/strong><\/p>\n\n\n\n<p><em>Izvor: narod.hr<\/em><\/p>\n","protected":false},"excerpt":{"rendered":"<p>Veliki broj civila, \u017eena, zarobljenika i ljudi ubijen je u malom li\u010dkom selu Vaganac, Korenica, navodno \u2018u ime antifa\u0161izma\u2019 u oba rata. Kao \u0161to je nedavno u Bujici zapovjednik obrane \u0160kabrnje Marko Miljani\u0107 rekao da su masakre kopanja o\u010diju, rezanja u\u0161iju i masovng ubijanja u \u0160kabrnji na\u010dinili 1991. ljudi s petokrakama na glavi, isti obrazac [&hellip;]<\/p>\n","protected":false},"author":2,"featured_media":73439,"comment_status":"closed","ping_status":"closed","sticky":false,"template":"","format":"standard","meta":{"h5ap_radio_sources":[],"footnotes":""},"categories":[1],"tags":[],"class_list":["post-73438","post","type-post","status-publish","format-standard","has-post-thumbnail","hentry","category-bihiregija"],"yoast_head":"<!-- This site is optimized with the Yoast SEO plugin v27.5 - https:\/\/yoast.com\/product\/yoast-seo-wordpress\/ -->\n<title>9. listopada 1991. Zlo\u010dini srpske agresorske vojske (Vaganac) \u2013 ubijanje staraca i civila u oba rata po\u010dinjeno \u2018u ime antifa\u0161izma\u2019 - RADIO LJUBU\u0160KI<\/title>\n<meta name=\"robots\" content=\"index, follow, max-snippet:-1, max-image-preview:large, max-video-preview:-1\" \/>\n<link rel=\"canonical\" href=\"https:\/\/radioljubuski.ba\/index.php\/2021\/10\/09\/9-listopada-1991-zlocini-srpske-agresorske-vojske-vaganac-ubijanje-staraca-i-civila-u-oba-rata-pocinjeno-u-ime-antifasizma\/\" \/>\n<meta property=\"og:locale\" content=\"hr_HR\" \/>\n<meta property=\"og:type\" content=\"article\" \/>\n<meta property=\"og:title\" content=\"9. listopada 1991. Zlo\u010dini srpske agresorske vojske (Vaganac) \u2013 ubijanje staraca i civila u oba rata po\u010dinjeno \u2018u ime antifa\u0161izma\u2019 - RADIO LJUBU\u0160KI\" \/>\n<meta property=\"og:description\" content=\"Veliki broj civila, \u017eena, zarobljenika i ljudi ubijen je u malom li\u010dkom selu Vaganac, Korenica, navodno \u2018u ime antifa\u0161izma\u2019 u oba rata. Kao \u0161to je nedavno u Bujici zapovjednik obrane \u0160kabrnje Marko Miljani\u0107 rekao da su masakre kopanja o\u010diju, rezanja u\u0161iju i masovng ubijanja u \u0160kabrnji na\u010dinili 1991. ljudi s petokrakama na glavi, isti obrazac [&hellip;]\" \/>\n<meta property=\"og:url\" content=\"https:\/\/radioljubuski.ba\/index.php\/2021\/10\/09\/9-listopada-1991-zlocini-srpske-agresorske-vojske-vaganac-ubijanje-staraca-i-civila-u-oba-rata-pocinjeno-u-ime-antifasizma\/\" \/>\n<meta property=\"og:site_name\" content=\"RADIO LJUBU\u0160KI\" \/>\n<meta property=\"article:publisher\" content=\"https:\/\/www.facebook.com\/Radiio-Ljubuski-1490835324566332\" \/>\n<meta property=\"article:published_time\" content=\"2021-10-09T12:45:32+00:00\" \/>\n<meta property=\"article:modified_time\" content=\"2021-10-09T12:45:33+00:00\" \/>\n<meta property=\"og:image\" content=\"https:\/\/radioljubuski.ba\/wp-content\/uploads\/2021\/10\/vaganac-696x358-1.jpg\" \/>\n\t<meta property=\"og:image:width\" content=\"696\" \/>\n\t<meta property=\"og:image:height\" content=\"358\" \/>\n\t<meta property=\"og:image:type\" content=\"image\/jpeg\" \/>\n<meta name=\"author\" content=\"Radio Ljubu\u0161ki\" \/>\n<meta name=\"twitter:card\" content=\"summary_large_image\" \/>\n<meta name=\"twitter:creator\" content=\"@radioljubuski\" \/>\n<meta name=\"twitter:site\" content=\"@radioljubuski\" \/>\n<meta name=\"twitter:label1\" content=\"Napisao\/la\" \/>\n\t<meta name=\"twitter:data1\" content=\"Radio Ljubu\u0161ki\" \/>\n\t<meta name=\"twitter:label2\" content=\"Procijenjeno vrijeme \u010ditanja\" \/>\n\t<meta name=\"twitter:data2\" content=\"3 minute\" \/>\n<script type=\"application\/ld+json\" class=\"yoast-schema-graph\">{\"@context\":\"https:\\\/\\\/schema.org\",\"@graph\":[{\"@type\":\"Article\",\"@id\":\"https:\\\/\\\/radioljubuski.ba\\\/index.php\\\/2021\\\/10\\\/09\\\/9-listopada-1991-zlocini-srpske-agresorske-vojske-vaganac-ubijanje-staraca-i-civila-u-oba-rata-pocinjeno-u-ime-antifasizma\\\/#article\",\"isPartOf\":{\"@id\":\"https:\\\/\\\/radioljubuski.ba\\\/index.php\\\/2021\\\/10\\\/09\\\/9-listopada-1991-zlocini-srpske-agresorske-vojske-vaganac-ubijanje-staraca-i-civila-u-oba-rata-pocinjeno-u-ime-antifasizma\\\/\"},\"author\":{\"name\":\"Radio Ljubu\u0161ki\",\"@id\":\"https:\\\/\\\/radioljubuski.ba\\\/#\\\/schema\\\/person\\\/19fc700381a780f69665d7956c469e3b\"},\"headline\":\"9. listopada 1991. Zlo\u010dini srpske agresorske vojske (Vaganac) \u2013 ubijanje staraca i civila u oba rata po\u010dinjeno \u2018u ime antifa\u0161izma\u2019\",\"datePublished\":\"2021-10-09T12:45:32+00:00\",\"dateModified\":\"2021-10-09T12:45:33+00:00\",\"mainEntityOfPage\":{\"@id\":\"https:\\\/\\\/radioljubuski.ba\\\/index.php\\\/2021\\\/10\\\/09\\\/9-listopada-1991-zlocini-srpske-agresorske-vojske-vaganac-ubijanje-staraca-i-civila-u-oba-rata-pocinjeno-u-ime-antifasizma\\\/\"},\"wordCount\":758,\"publisher\":{\"@id\":\"https:\\\/\\\/radioljubuski.ba\\\/#organization\"},\"image\":{\"@id\":\"https:\\\/\\\/radioljubuski.ba\\\/index.php\\\/2021\\\/10\\\/09\\\/9-listopada-1991-zlocini-srpske-agresorske-vojske-vaganac-ubijanje-staraca-i-civila-u-oba-rata-pocinjeno-u-ime-antifasizma\\\/#primaryimage\"},\"thumbnailUrl\":\"https:\\\/\\\/radioljubuski.ba\\\/wp-content\\\/uploads\\\/2021\\\/10\\\/vaganac-696x358-1.jpg\",\"articleSection\":[\"BIH i regija\"],\"inLanguage\":\"hr\"},{\"@type\":\"WebPage\",\"@id\":\"https:\\\/\\\/radioljubuski.ba\\\/index.php\\\/2021\\\/10\\\/09\\\/9-listopada-1991-zlocini-srpske-agresorske-vojske-vaganac-ubijanje-staraca-i-civila-u-oba-rata-pocinjeno-u-ime-antifasizma\\\/\",\"url\":\"https:\\\/\\\/radioljubuski.ba\\\/index.php\\\/2021\\\/10\\\/09\\\/9-listopada-1991-zlocini-srpske-agresorske-vojske-vaganac-ubijanje-staraca-i-civila-u-oba-rata-pocinjeno-u-ime-antifasizma\\\/\",\"name\":\"9. listopada 1991. Zlo\u010dini srpske agresorske vojske (Vaganac) \u2013 ubijanje staraca i civila u oba rata po\u010dinjeno \u2018u ime antifa\u0161izma\u2019 - RADIO LJUBU\u0160KI\",\"isPartOf\":{\"@id\":\"https:\\\/\\\/radioljubuski.ba\\\/#website\"},\"primaryImageOfPage\":{\"@id\":\"https:\\\/\\\/radioljubuski.ba\\\/index.php\\\/2021\\\/10\\\/09\\\/9-listopada-1991-zlocini-srpske-agresorske-vojske-vaganac-ubijanje-staraca-i-civila-u-oba-rata-pocinjeno-u-ime-antifasizma\\\/#primaryimage\"},\"image\":{\"@id\":\"https:\\\/\\\/radioljubuski.ba\\\/index.php\\\/2021\\\/10\\\/09\\\/9-listopada-1991-zlocini-srpske-agresorske-vojske-vaganac-ubijanje-staraca-i-civila-u-oba-rata-pocinjeno-u-ime-antifasizma\\\/#primaryimage\"},\"thumbnailUrl\":\"https:\\\/\\\/radioljubuski.ba\\\/wp-content\\\/uploads\\\/2021\\\/10\\\/vaganac-696x358-1.jpg\",\"datePublished\":\"2021-10-09T12:45:32+00:00\",\"dateModified\":\"2021-10-09T12:45:33+00:00\",\"breadcrumb\":{\"@id\":\"https:\\\/\\\/radioljubuski.ba\\\/index.php\\\/2021\\\/10\\\/09\\\/9-listopada-1991-zlocini-srpske-agresorske-vojske-vaganac-ubijanje-staraca-i-civila-u-oba-rata-pocinjeno-u-ime-antifasizma\\\/#breadcrumb\"},\"inLanguage\":\"hr\",\"potentialAction\":[{\"@type\":\"ReadAction\",\"target\":[\"https:\\\/\\\/radioljubuski.ba\\\/index.php\\\/2021\\\/10\\\/09\\\/9-listopada-1991-zlocini-srpske-agresorske-vojske-vaganac-ubijanje-staraca-i-civila-u-oba-rata-pocinjeno-u-ime-antifasizma\\\/\"]}]},{\"@type\":\"ImageObject\",\"inLanguage\":\"hr\",\"@id\":\"https:\\\/\\\/radioljubuski.ba\\\/index.php\\\/2021\\\/10\\\/09\\\/9-listopada-1991-zlocini-srpske-agresorske-vojske-vaganac-ubijanje-staraca-i-civila-u-oba-rata-pocinjeno-u-ime-antifasizma\\\/#primaryimage\",\"url\":\"https:\\\/\\\/radioljubuski.ba\\\/wp-content\\\/uploads\\\/2021\\\/10\\\/vaganac-696x358-1.jpg\",\"contentUrl\":\"https:\\\/\\\/radioljubuski.ba\\\/wp-content\\\/uploads\\\/2021\\\/10\\\/vaganac-696x358-1.jpg\",\"width\":696,\"height\":358},{\"@type\":\"BreadcrumbList\",\"@id\":\"https:\\\/\\\/radioljubuski.ba\\\/index.php\\\/2021\\\/10\\\/09\\\/9-listopada-1991-zlocini-srpske-agresorske-vojske-vaganac-ubijanje-staraca-i-civila-u-oba-rata-pocinjeno-u-ime-antifasizma\\\/#breadcrumb\",\"itemListElement\":[{\"@type\":\"ListItem\",\"position\":1,\"name\":\"Po\u010detna stranica\",\"item\":\"https:\\\/\\\/radioljubuski.ba\\\/\"},{\"@type\":\"ListItem\",\"position\":2,\"name\":\"9. listopada 1991. Zlo\u010dini srpske agresorske vojske (Vaganac) \u2013 ubijanje staraca i civila u oba rata po\u010dinjeno \u2018u ime antifa\u0161izma\u2019\"}]},{\"@type\":\"WebSite\",\"@id\":\"https:\\\/\\\/radioljubuski.ba\\\/#website\",\"url\":\"https:\\\/\\\/radioljubuski.ba\\\/\",\"name\":\"Radio Ljubu\u0161ki\",\"description\":\"Sun\u010dana frekvencija Hercegovine\",\"publisher\":{\"@id\":\"https:\\\/\\\/radioljubuski.ba\\\/#organization\"},\"potentialAction\":[{\"@type\":\"SearchAction\",\"target\":{\"@type\":\"EntryPoint\",\"urlTemplate\":\"https:\\\/\\\/radioljubuski.ba\\\/?s={search_term_string}\"},\"query-input\":{\"@type\":\"PropertyValueSpecification\",\"valueRequired\":true,\"valueName\":\"search_term_string\"}}],\"inLanguage\":\"hr\"},{\"@type\":\"Organization\",\"@id\":\"https:\\\/\\\/radioljubuski.ba\\\/#organization\",\"name\":\"Radio Ljubu\u0161ki\",\"url\":\"https:\\\/\\\/radioljubuski.ba\\\/\",\"logo\":{\"@type\":\"ImageObject\",\"inLanguage\":\"hr\",\"@id\":\"https:\\\/\\\/radioljubuski.ba\\\/#\\\/schema\\\/logo\\\/image\\\/\",\"url\":\"https:\\\/\\\/radioljubuski.ba\\\/wp-content\\\/uploads\\\/2021\\\/02\\\/cropped-Radio_Ljubuski_logo1.jpg\",\"contentUrl\":\"https:\\\/\\\/radioljubuski.ba\\\/wp-content\\\/uploads\\\/2021\\\/02\\\/cropped-Radio_Ljubuski_logo1.jpg\",\"width\":512,\"height\":512,\"caption\":\"Radio Ljubu\u0161ki\"},\"image\":{\"@id\":\"https:\\\/\\\/radioljubuski.ba\\\/#\\\/schema\\\/logo\\\/image\\\/\"},\"sameAs\":[\"https:\\\/\\\/www.facebook.com\\\/Radiio-Ljubuski-1490835324566332\",\"https:\\\/\\\/x.com\\\/radioljubuski\",\"https:\\\/\\\/hr.linkedin.com\\\/company\\\/radio-ljubuski\",\"https:\\\/\\\/www.youtube.com\\\/channel\\\/UCHYaeO_n0Db3tjNGudGpXyw\"]},{\"@type\":\"Person\",\"@id\":\"https:\\\/\\\/radioljubuski.ba\\\/#\\\/schema\\\/person\\\/19fc700381a780f69665d7956c469e3b\",\"name\":\"Radio Ljubu\u0161ki\"}]}<\/script>\n<!-- \/ Yoast SEO plugin. -->","yoast_head_json":{"title":"9. listopada 1991. Zlo\u010dini srpske agresorske vojske (Vaganac) \u2013 ubijanje staraca i civila u oba rata po\u010dinjeno \u2018u ime antifa\u0161izma\u2019 - RADIO LJUBU\u0160KI","robots":{"index":"index","follow":"follow","max-snippet":"max-snippet:-1","max-image-preview":"max-image-preview:large","max-video-preview":"max-video-preview:-1"},"canonical":"https:\/\/radioljubuski.ba\/index.php\/2021\/10\/09\/9-listopada-1991-zlocini-srpske-agresorske-vojske-vaganac-ubijanje-staraca-i-civila-u-oba-rata-pocinjeno-u-ime-antifasizma\/","og_locale":"hr_HR","og_type":"article","og_title":"9. listopada 1991. Zlo\u010dini srpske agresorske vojske (Vaganac) \u2013 ubijanje staraca i civila u oba rata po\u010dinjeno \u2018u ime antifa\u0161izma\u2019 - RADIO LJUBU\u0160KI","og_description":"Veliki broj civila, \u017eena, zarobljenika i ljudi ubijen je u malom li\u010dkom selu Vaganac, Korenica, navodno \u2018u ime antifa\u0161izma\u2019 u oba rata. Kao \u0161to je nedavno u Bujici zapovjednik obrane \u0160kabrnje Marko Miljani\u0107 rekao da su masakre kopanja o\u010diju, rezanja u\u0161iju i masovng ubijanja u \u0160kabrnji na\u010dinili 1991. ljudi s petokrakama na glavi, isti obrazac [&hellip;]","og_url":"https:\/\/radioljubuski.ba\/index.php\/2021\/10\/09\/9-listopada-1991-zlocini-srpske-agresorske-vojske-vaganac-ubijanje-staraca-i-civila-u-oba-rata-pocinjeno-u-ime-antifasizma\/","og_site_name":"RADIO LJUBU\u0160KI","article_publisher":"https:\/\/www.facebook.com\/Radiio-Ljubuski-1490835324566332","article_published_time":"2021-10-09T12:45:32+00:00","article_modified_time":"2021-10-09T12:45:33+00:00","og_image":[{"width":696,"height":358,"url":"https:\/\/radioljubuski.ba\/wp-content\/uploads\/2021\/10\/vaganac-696x358-1.jpg","type":"image\/jpeg"}],"author":"Radio Ljubu\u0161ki","twitter_card":"summary_large_image","twitter_creator":"@radioljubuski","twitter_site":"@radioljubuski","twitter_misc":{"Napisao\/la":"Radio Ljubu\u0161ki","Procijenjeno vrijeme \u010ditanja":"3 minute"},"schema":{"@context":"https:\/\/schema.org","@graph":[{"@type":"Article","@id":"https:\/\/radioljubuski.ba\/index.php\/2021\/10\/09\/9-listopada-1991-zlocini-srpske-agresorske-vojske-vaganac-ubijanje-staraca-i-civila-u-oba-rata-pocinjeno-u-ime-antifasizma\/#article","isPartOf":{"@id":"https:\/\/radioljubuski.ba\/index.php\/2021\/10\/09\/9-listopada-1991-zlocini-srpske-agresorske-vojske-vaganac-ubijanje-staraca-i-civila-u-oba-rata-pocinjeno-u-ime-antifasizma\/"},"author":{"name":"Radio Ljubu\u0161ki","@id":"https:\/\/radioljubuski.ba\/#\/schema\/person\/19fc700381a780f69665d7956c469e3b"},"headline":"9. listopada 1991. Zlo\u010dini srpske agresorske vojske (Vaganac) \u2013 ubijanje staraca i civila u oba rata po\u010dinjeno \u2018u ime antifa\u0161izma\u2019","datePublished":"2021-10-09T12:45:32+00:00","dateModified":"2021-10-09T12:45:33+00:00","mainEntityOfPage":{"@id":"https:\/\/radioljubuski.ba\/index.php\/2021\/10\/09\/9-listopada-1991-zlocini-srpske-agresorske-vojske-vaganac-ubijanje-staraca-i-civila-u-oba-rata-pocinjeno-u-ime-antifasizma\/"},"wordCount":758,"publisher":{"@id":"https:\/\/radioljubuski.ba\/#organization"},"image":{"@id":"https:\/\/radioljubuski.ba\/index.php\/2021\/10\/09\/9-listopada-1991-zlocini-srpske-agresorske-vojske-vaganac-ubijanje-staraca-i-civila-u-oba-rata-pocinjeno-u-ime-antifasizma\/#primaryimage"},"thumbnailUrl":"https:\/\/radioljubuski.ba\/wp-content\/uploads\/2021\/10\/vaganac-696x358-1.jpg","articleSection":["BIH i regija"],"inLanguage":"hr"},{"@type":"WebPage","@id":"https:\/\/radioljubuski.ba\/index.php\/2021\/10\/09\/9-listopada-1991-zlocini-srpske-agresorske-vojske-vaganac-ubijanje-staraca-i-civila-u-oba-rata-pocinjeno-u-ime-antifasizma\/","url":"https:\/\/radioljubuski.ba\/index.php\/2021\/10\/09\/9-listopada-1991-zlocini-srpske-agresorske-vojske-vaganac-ubijanje-staraca-i-civila-u-oba-rata-pocinjeno-u-ime-antifasizma\/","name":"9. listopada 1991. Zlo\u010dini srpske agresorske vojske (Vaganac) \u2013 ubijanje staraca i civila u oba rata po\u010dinjeno \u2018u ime antifa\u0161izma\u2019 - RADIO LJUBU\u0160KI","isPartOf":{"@id":"https:\/\/radioljubuski.ba\/#website"},"primaryImageOfPage":{"@id":"https:\/\/radioljubuski.ba\/index.php\/2021\/10\/09\/9-listopada-1991-zlocini-srpske-agresorske-vojske-vaganac-ubijanje-staraca-i-civila-u-oba-rata-pocinjeno-u-ime-antifasizma\/#primaryimage"},"image":{"@id":"https:\/\/radioljubuski.ba\/index.php\/2021\/10\/09\/9-listopada-1991-zlocini-srpske-agresorske-vojske-vaganac-ubijanje-staraca-i-civila-u-oba-rata-pocinjeno-u-ime-antifasizma\/#primaryimage"},"thumbnailUrl":"https:\/\/radioljubuski.ba\/wp-content\/uploads\/2021\/10\/vaganac-696x358-1.jpg","datePublished":"2021-10-09T12:45:32+00:00","dateModified":"2021-10-09T12:45:33+00:00","breadcrumb":{"@id":"https:\/\/radioljubuski.ba\/index.php\/2021\/10\/09\/9-listopada-1991-zlocini-srpske-agresorske-vojske-vaganac-ubijanje-staraca-i-civila-u-oba-rata-pocinjeno-u-ime-antifasizma\/#breadcrumb"},"inLanguage":"hr","potentialAction":[{"@type":"ReadAction","target":["https:\/\/radioljubuski.ba\/index.php\/2021\/10\/09\/9-listopada-1991-zlocini-srpske-agresorske-vojske-vaganac-ubijanje-staraca-i-civila-u-oba-rata-pocinjeno-u-ime-antifasizma\/"]}]},{"@type":"ImageObject","inLanguage":"hr","@id":"https:\/\/radioljubuski.ba\/index.php\/2021\/10\/09\/9-listopada-1991-zlocini-srpske-agresorske-vojske-vaganac-ubijanje-staraca-i-civila-u-oba-rata-pocinjeno-u-ime-antifasizma\/#primaryimage","url":"https:\/\/radioljubuski.ba\/wp-content\/uploads\/2021\/10\/vaganac-696x358-1.jpg","contentUrl":"https:\/\/radioljubuski.ba\/wp-content\/uploads\/2021\/10\/vaganac-696x358-1.jpg","width":696,"height":358},{"@type":"BreadcrumbList","@id":"https:\/\/radioljubuski.ba\/index.php\/2021\/10\/09\/9-listopada-1991-zlocini-srpske-agresorske-vojske-vaganac-ubijanje-staraca-i-civila-u-oba-rata-pocinjeno-u-ime-antifasizma\/#breadcrumb","itemListElement":[{"@type":"ListItem","position":1,"name":"Po\u010detna stranica","item":"https:\/\/radioljubuski.ba\/"},{"@type":"ListItem","position":2,"name":"9. listopada 1991. Zlo\u010dini srpske agresorske vojske (Vaganac) \u2013 ubijanje staraca i civila u oba rata po\u010dinjeno \u2018u ime antifa\u0161izma\u2019"}]},{"@type":"WebSite","@id":"https:\/\/radioljubuski.ba\/#website","url":"https:\/\/radioljubuski.ba\/","name":"Radio Ljubu\u0161ki","description":"Sun\u010dana frekvencija Hercegovine","publisher":{"@id":"https:\/\/radioljubuski.ba\/#organization"},"potentialAction":[{"@type":"SearchAction","target":{"@type":"EntryPoint","urlTemplate":"https:\/\/radioljubuski.ba\/?s={search_term_string}"},"query-input":{"@type":"PropertyValueSpecification","valueRequired":true,"valueName":"search_term_string"}}],"inLanguage":"hr"},{"@type":"Organization","@id":"https:\/\/radioljubuski.ba\/#organization","name":"Radio Ljubu\u0161ki","url":"https:\/\/radioljubuski.ba\/","logo":{"@type":"ImageObject","inLanguage":"hr","@id":"https:\/\/radioljubuski.ba\/#\/schema\/logo\/image\/","url":"https:\/\/radioljubuski.ba\/wp-content\/uploads\/2021\/02\/cropped-Radio_Ljubuski_logo1.jpg","contentUrl":"https:\/\/radioljubuski.ba\/wp-content\/uploads\/2021\/02\/cropped-Radio_Ljubuski_logo1.jpg","width":512,"height":512,"caption":"Radio Ljubu\u0161ki"},"image":{"@id":"https:\/\/radioljubuski.ba\/#\/schema\/logo\/image\/"},"sameAs":["https:\/\/www.facebook.com\/Radiio-Ljubuski-1490835324566332","https:\/\/x.com\/radioljubuski","https:\/\/hr.linkedin.com\/company\/radio-ljubuski","https:\/\/www.youtube.com\/channel\/UCHYaeO_n0Db3tjNGudGpXyw"]},{"@type":"Person","@id":"https:\/\/radioljubuski.ba\/#\/schema\/person\/19fc700381a780f69665d7956c469e3b","name":"Radio Ljubu\u0161ki"}]}},"_links":{"self":[{"href":"https:\/\/radioljubuski.ba\/index.php\/wp-json\/wp\/v2\/posts\/73438","targetHints":{"allow":["GET"]}}],"collection":[{"href":"https:\/\/radioljubuski.ba\/index.php\/wp-json\/wp\/v2\/posts"}],"about":[{"href":"https:\/\/radioljubuski.ba\/index.php\/wp-json\/wp\/v2\/types\/post"}],"author":[{"embeddable":true,"href":"https:\/\/radioljubuski.ba\/index.php\/wp-json\/wp\/v2\/users\/2"}],"replies":[{"embeddable":true,"href":"https:\/\/radioljubuski.ba\/index.php\/wp-json\/wp\/v2\/comments?post=73438"}],"version-history":[{"count":1,"href":"https:\/\/radioljubuski.ba\/index.php\/wp-json\/wp\/v2\/posts\/73438\/revisions"}],"predecessor-version":[{"id":73440,"href":"https:\/\/radioljubuski.ba\/index.php\/wp-json\/wp\/v2\/posts\/73438\/revisions\/73440"}],"wp:featuredmedia":[{"embeddable":true,"href":"https:\/\/radioljubuski.ba\/index.php\/wp-json\/wp\/v2\/media\/73439"}],"wp:attachment":[{"href":"https:\/\/radioljubuski.ba\/index.php\/wp-json\/wp\/v2\/media?parent=73438"}],"wp:term":[{"taxonomy":"category","embeddable":true,"href":"https:\/\/radioljubuski.ba\/index.php\/wp-json\/wp\/v2\/categories?post=73438"},{"taxonomy":"post_tag","embeddable":true,"href":"https:\/\/radioljubuski.ba\/index.php\/wp-json\/wp\/v2\/tags?post=73438"}],"curies":[{"name":"wp","href":"https:\/\/api.w.org\/{rel}","templated":true}]}}