{"id":73441,"date":"2021-10-09T13:48:01","date_gmt":"2021-10-09T12:48:01","guid":{"rendered":"https:\/\/radioljubuski.ba\/?p=73441"},"modified":"2021-10-09T13:48:03","modified_gmt":"2021-10-09T12:48:03","slug":"prof-lauc-steta-sto-pojedine-strucnjake-i-novinare-ego-sprjecava-priznati-da-su-bili-zrtve-pandemijskog-marketinga","status":"publish","type":"post","link":"https:\/\/radioljubuski.ba\/index.php\/2021\/10\/09\/prof-lauc-steta-sto-pojedine-strucnjake-i-novinare-ego-sprjecava-priznati-da-su-bili-zrtve-pandemijskog-marketinga\/","title":{"rendered":"Prof. Lauc: \u0160teta \u0161to pojedine stru\u010dnjake i novinare ego sprje\u010dava priznati da su bili \u017ertve pandemijskog marketinga"},"content":{"rendered":"\n<p>\u201c<strong>\u0160teta \u0161to pojedine znanstvenike, stru\u010dnjake i novinare ego sprje\u010dava da priznaju da su bili \u017ertve pandemijskog marketinga, jer \u0107e to na\u017ealost dovesti do vi\u0161e bolesti i smrti\u2026<\/strong>\u201c, isti\u010de molekularni biolog <strong>prof. dr. sc. Gordan Lauc<\/strong> u subotu, uz ilustraciju novinarke Jutarnjeg lista koja je tvrdila da \u201cantivakserima\u201d nije mjesto u Vladinu Savjetu, te tra\u017eila od Andreja Plenkovi\u0107a da mu ka\u017ee zbogom.<\/p>\n\n\n\n<p>Laucov komentar prenosimo u cijelosti:<\/p>\n\n\n\n<h4 class=\"wp-block-heading\"><strong>Pandemijski realizam potiskuje pandemijski marketing<\/strong><\/h4>\n\n\n\n<p>\u201cKada novinarka koja je prije svega nekoliko tjedna pisala da sam antivakser, jer nagla\u0161avam da je najva\u017enije cijepiti starije i ostale ugro\u017eene skupine, napi\u0161e veliki \u010dlanak u kojem nagla\u0161ava da je najva\u017enije cijepiti starije, onda je dosta jasno da u Hrvatskoj pandemijski realizam pobje\u0111uje pandemijski marketing. \u0160teta \u0161to pojedine znanstvenike, stru\u010dnjake i novinare ego sprje\u010dava da priznaju da su bili \u017ertve pandemijskog marketinga, jer \u0107e to na\u017ealost dovesti do vi\u0161e bolesti i smrti\u2026\u201d, isti\u010de prof. dr. sc. Lauc.<\/p>\n\n\n\n<iframe loading=\"lazy\" src=\"https:\/\/www.facebook.com\/plugins\/post.php?href=https%3A%2F%2Fwww.facebook.com%2Fgordan.lauc%2Fposts%2F10227123904751316&#038;show_text=true&#038;width=500\" width=\"500\" height=\"520\" style=\"border:none;overflow:hidden\" scrolling=\"no\" frameborder=\"0\" allowfullscreen=\"true\" allow=\"autoplay; clipboard-write; encrypted-media; picture-in-picture; web-share\"><\/iframe>\n\n\n\n<h4 class=\"wp-block-heading\"><strong>Staro normalno \u2013 \u017eivot ide dalje<\/strong><\/h4>\n\n\n\n<p>Prof. dr. sc. Lauc nakon tog komentara napisao je da nazo\u010di na velikom kongresu estetske medicine sa \u0161estotinjak uglavnom lije\u010dnika, \u201cdakle ljudi koji dosta dobro razumiju viruse i bolesti. Osim dvoje ili troje upla\u0161enih izuzetaka nitko ne nosi masku, ne dr\u017eimo se distance, rukujemo se, grlimo, ljubimo, zabavljamo \u2013 <strong>normalno pona\u0161anje kao i prije pandemije<\/strong>\u201c, naglasio je, te poru\u010dio je da se vra\u0107amo u staro normalno i da \u017eivot ide dalje.<\/p>\n\n\n\n<p>\u201cBubonska kuga zaustavila je svijet i gurnula Europu jo\u0161 dublje u mrak Srednjega vijeka, europski osvaja\u010di donijeli su bolesti koje su ubile ve\u0107inu originalne populacije Ju\u017ene Amerike i doslovno uni\u0161tile velike civilizacije na tom podru\u010dju, \u0160panjolska gripa pokosila je gladnu i ratom osiroma\u0161enu Europu, no \u017eivot je ipak i\u0161ao dalje.<\/p>\n\n\n\n<p>I <strong>SARS-CoV-2 je zaustavio planetu, iako su ovaj puta mrtvi padali po ulicama samo u propagandnim kineskim filmi\u0107ima<\/strong>. <strong>Pandemijski marketing nas poku\u0161ava i dalje zadr\u017eati u pandemiji i tako zaraditi jo\u0161 parsto milijardi dolara<\/strong>, no \u017eivot ide dalje. Upravo sam na velikom kongresu estetske medicine sa \u0161estotinjak uglavnom lije\u010dnika, dakle ljudi koji dosta dobro razumiju viruse i bolesti. Osim dvoje ili troje upla\u0161enih izuzetaka nitko ne nosi masku, ne dr\u017eimo se distance, rukujemo se, grlimo, ljubimo, zabavljamo \u2013 normalno pona\u0161anje kao i prije pandemije.<\/p>\n\n\n\n<p>Formalno, svi imamo nekakve potvrde koje to omogu\u0107avaju, no svi mi jako dobro znamo da oni koji su cijepljeni jo\u0161 po\u010detkom godine sada vrlo lako mogu biti zara\u017eeni. Samo \u0161to to vi\u0161e doista nikoga ne zanima.<strong> Tko je htio se cijepio i time smanjio rizik te\u0161kog oblika bolesti, a tko se nije cijepio odlu\u010dio je riskirati s virusom<\/strong>. Rizik te\u0161kog oblika bolesti za one koji su zdravi i mla\u0111i od 60 godina je i onako mali\u201d zaklju\u010dio je prof. dr. sc. Lauc.<\/p>\n\n\n\n<iframe loading=\"lazy\" src=\"https:\/\/www.facebook.com\/plugins\/post.php?href=https%3A%2F%2Fwww.facebook.com%2Fgordan.lauc%2Fposts%2F10227124131316980&#038;show_text=true&#038;width=500\" width=\"500\" height=\"544\" style=\"border:none;overflow:hidden\" scrolling=\"no\" frameborder=\"0\" allowfullscreen=\"true\" allow=\"autoplay; clipboard-write; encrypted-media; picture-in-picture; web-share\"><\/iframe>\n\n\n\n<p><em>Izvor: narod.hr<\/em><\/p>\n","protected":false},"excerpt":{"rendered":"<p>\u201c\u0160teta \u0161to pojedine znanstvenike, stru\u010dnjake i novinare ego sprje\u010dava da priznaju da su bili \u017ertve pandemijskog marketinga, jer \u0107e to na\u017ealost dovesti do vi\u0161e bolesti i smrti\u2026\u201c, isti\u010de molekularni biolog prof. dr. sc. Gordan Lauc u subotu, uz ilustraciju novinarke Jutarnjeg lista koja je tvrdila da \u201cantivakserima\u201d nije mjesto u Vladinu Savjetu, te tra\u017eila od [&hellip;]<\/p>\n","protected":false},"author":2,"featured_media":73442,"comment_status":"closed","ping_status":"closed","sticky":false,"template":"","format":"standard","meta":{"h5ap_radio_sources":[],"footnotes":""},"categories":[1],"tags":[],"class_list":["post-73441","post","type-post","status-publish","format-standard","has-post-thumbnail","hentry","category-bihiregija"],"yoast_head":"<!-- This site is optimized with the Yoast SEO plugin v27.5 - https:\/\/yoast.com\/product\/yoast-seo-wordpress\/ -->\n<title>Prof. Lauc: \u0160teta \u0161to pojedine stru\u010dnjake i novinare ego sprje\u010dava priznati da su bili \u017ertve pandemijskog marketinga - RADIO LJUBU\u0160KI<\/title>\n<meta name=\"robots\" content=\"index, follow, max-snippet:-1, max-image-preview:large, max-video-preview:-1\" \/>\n<link rel=\"canonical\" href=\"https:\/\/radioljubuski.ba\/index.php\/2021\/10\/09\/prof-lauc-steta-sto-pojedine-strucnjake-i-novinare-ego-sprjecava-priznati-da-su-bili-zrtve-pandemijskog-marketinga\/\" \/>\n<meta property=\"og:locale\" content=\"hr_HR\" \/>\n<meta property=\"og:type\" content=\"article\" \/>\n<meta property=\"og:title\" content=\"Prof. Lauc: \u0160teta \u0161to pojedine stru\u010dnjake i novinare ego sprje\u010dava priznati da su bili \u017ertve pandemijskog marketinga - RADIO LJUBU\u0160KI\" \/>\n<meta property=\"og:description\" content=\"\u201c\u0160teta \u0161to pojedine znanstvenike, stru\u010dnjake i novinare ego sprje\u010dava da priznaju da su bili \u017ertve pandemijskog marketinga, jer \u0107e to na\u017ealost dovesti do vi\u0161e bolesti i smrti\u2026\u201c, isti\u010de molekularni biolog prof. dr. sc. Gordan Lauc u subotu, uz ilustraciju novinarke Jutarnjeg lista koja je tvrdila da \u201cantivakserima\u201d nije mjesto u Vladinu Savjetu, te tra\u017eila od [&hellip;]\" \/>\n<meta property=\"og:url\" content=\"https:\/\/radioljubuski.ba\/index.php\/2021\/10\/09\/prof-lauc-steta-sto-pojedine-strucnjake-i-novinare-ego-sprjecava-priznati-da-su-bili-zrtve-pandemijskog-marketinga\/\" \/>\n<meta property=\"og:site_name\" content=\"RADIO LJUBU\u0160KI\" \/>\n<meta property=\"article:publisher\" content=\"https:\/\/www.facebook.com\/Radiio-Ljubuski-1490835324566332\" \/>\n<meta property=\"article:published_time\" content=\"2021-10-09T12:48:01+00:00\" \/>\n<meta property=\"article:modified_time\" content=\"2021-10-09T12:48:03+00:00\" \/>\n<meta property=\"og:image\" content=\"https:\/\/radioljubuski.ba\/wp-content\/uploads\/2021\/10\/lauc-juresko-696x464-1.jpg\" \/>\n\t<meta property=\"og:image:width\" content=\"696\" \/>\n\t<meta property=\"og:image:height\" content=\"464\" \/>\n\t<meta property=\"og:image:type\" content=\"image\/jpeg\" \/>\n<meta name=\"author\" content=\"Radio Ljubu\u0161ki\" \/>\n<meta name=\"twitter:card\" content=\"summary_large_image\" \/>\n<meta name=\"twitter:creator\" content=\"@radioljubuski\" \/>\n<meta name=\"twitter:site\" content=\"@radioljubuski\" \/>\n<meta name=\"twitter:label1\" content=\"Napisao\/la\" \/>\n\t<meta name=\"twitter:data1\" content=\"Radio Ljubu\u0161ki\" \/>\n\t<meta name=\"twitter:label2\" content=\"Procijenjeno vrijeme \u010ditanja\" \/>\n\t<meta name=\"twitter:data2\" content=\"2 minute\" \/>\n<script type=\"application\/ld+json\" class=\"yoast-schema-graph\">{\"@context\":\"https:\\\/\\\/schema.org\",\"@graph\":[{\"@type\":\"Article\",\"@id\":\"https:\\\/\\\/radioljubuski.ba\\\/index.php\\\/2021\\\/10\\\/09\\\/prof-lauc-steta-sto-pojedine-strucnjake-i-novinare-ego-sprjecava-priznati-da-su-bili-zrtve-pandemijskog-marketinga\\\/#article\",\"isPartOf\":{\"@id\":\"https:\\\/\\\/radioljubuski.ba\\\/index.php\\\/2021\\\/10\\\/09\\\/prof-lauc-steta-sto-pojedine-strucnjake-i-novinare-ego-sprjecava-priznati-da-su-bili-zrtve-pandemijskog-marketinga\\\/\"},\"author\":{\"name\":\"Radio Ljubu\u0161ki\",\"@id\":\"https:\\\/\\\/radioljubuski.ba\\\/#\\\/schema\\\/person\\\/19fc700381a780f69665d7956c469e3b\"},\"headline\":\"Prof. Lauc: \u0160teta \u0161to pojedine stru\u010dnjake i novinare ego sprje\u010dava priznati da su bili \u017ertve pandemijskog marketinga\",\"datePublished\":\"2021-10-09T12:48:01+00:00\",\"dateModified\":\"2021-10-09T12:48:03+00:00\",\"mainEntityOfPage\":{\"@id\":\"https:\\\/\\\/radioljubuski.ba\\\/index.php\\\/2021\\\/10\\\/09\\\/prof-lauc-steta-sto-pojedine-strucnjake-i-novinare-ego-sprjecava-priznati-da-su-bili-zrtve-pandemijskog-marketinga\\\/\"},\"wordCount\":510,\"publisher\":{\"@id\":\"https:\\\/\\\/radioljubuski.ba\\\/#organization\"},\"image\":{\"@id\":\"https:\\\/\\\/radioljubuski.ba\\\/index.php\\\/2021\\\/10\\\/09\\\/prof-lauc-steta-sto-pojedine-strucnjake-i-novinare-ego-sprjecava-priznati-da-su-bili-zrtve-pandemijskog-marketinga\\\/#primaryimage\"},\"thumbnailUrl\":\"https:\\\/\\\/radioljubuski.ba\\\/wp-content\\\/uploads\\\/2021\\\/10\\\/lauc-juresko-696x464-1.jpg\",\"articleSection\":[\"BIH i regija\"],\"inLanguage\":\"hr\"},{\"@type\":\"WebPage\",\"@id\":\"https:\\\/\\\/radioljubuski.ba\\\/index.php\\\/2021\\\/10\\\/09\\\/prof-lauc-steta-sto-pojedine-strucnjake-i-novinare-ego-sprjecava-priznati-da-su-bili-zrtve-pandemijskog-marketinga\\\/\",\"url\":\"https:\\\/\\\/radioljubuski.ba\\\/index.php\\\/2021\\\/10\\\/09\\\/prof-lauc-steta-sto-pojedine-strucnjake-i-novinare-ego-sprjecava-priznati-da-su-bili-zrtve-pandemijskog-marketinga\\\/\",\"name\":\"Prof. Lauc: \u0160teta \u0161to pojedine stru\u010dnjake i novinare ego sprje\u010dava priznati da su bili \u017ertve pandemijskog marketinga - RADIO LJUBU\u0160KI\",\"isPartOf\":{\"@id\":\"https:\\\/\\\/radioljubuski.ba\\\/#website\"},\"primaryImageOfPage\":{\"@id\":\"https:\\\/\\\/radioljubuski.ba\\\/index.php\\\/2021\\\/10\\\/09\\\/prof-lauc-steta-sto-pojedine-strucnjake-i-novinare-ego-sprjecava-priznati-da-su-bili-zrtve-pandemijskog-marketinga\\\/#primaryimage\"},\"image\":{\"@id\":\"https:\\\/\\\/radioljubuski.ba\\\/index.php\\\/2021\\\/10\\\/09\\\/prof-lauc-steta-sto-pojedine-strucnjake-i-novinare-ego-sprjecava-priznati-da-su-bili-zrtve-pandemijskog-marketinga\\\/#primaryimage\"},\"thumbnailUrl\":\"https:\\\/\\\/radioljubuski.ba\\\/wp-content\\\/uploads\\\/2021\\\/10\\\/lauc-juresko-696x464-1.jpg\",\"datePublished\":\"2021-10-09T12:48:01+00:00\",\"dateModified\":\"2021-10-09T12:48:03+00:00\",\"breadcrumb\":{\"@id\":\"https:\\\/\\\/radioljubuski.ba\\\/index.php\\\/2021\\\/10\\\/09\\\/prof-lauc-steta-sto-pojedine-strucnjake-i-novinare-ego-sprjecava-priznati-da-su-bili-zrtve-pandemijskog-marketinga\\\/#breadcrumb\"},\"inLanguage\":\"hr\",\"potentialAction\":[{\"@type\":\"ReadAction\",\"target\":[\"https:\\\/\\\/radioljubuski.ba\\\/index.php\\\/2021\\\/10\\\/09\\\/prof-lauc-steta-sto-pojedine-strucnjake-i-novinare-ego-sprjecava-priznati-da-su-bili-zrtve-pandemijskog-marketinga\\\/\"]}]},{\"@type\":\"ImageObject\",\"inLanguage\":\"hr\",\"@id\":\"https:\\\/\\\/radioljubuski.ba\\\/index.php\\\/2021\\\/10\\\/09\\\/prof-lauc-steta-sto-pojedine-strucnjake-i-novinare-ego-sprjecava-priznati-da-su-bili-zrtve-pandemijskog-marketinga\\\/#primaryimage\",\"url\":\"https:\\\/\\\/radioljubuski.ba\\\/wp-content\\\/uploads\\\/2021\\\/10\\\/lauc-juresko-696x464-1.jpg\",\"contentUrl\":\"https:\\\/\\\/radioljubuski.ba\\\/wp-content\\\/uploads\\\/2021\\\/10\\\/lauc-juresko-696x464-1.jpg\",\"width\":696,\"height\":464},{\"@type\":\"BreadcrumbList\",\"@id\":\"https:\\\/\\\/radioljubuski.ba\\\/index.php\\\/2021\\\/10\\\/09\\\/prof-lauc-steta-sto-pojedine-strucnjake-i-novinare-ego-sprjecava-priznati-da-su-bili-zrtve-pandemijskog-marketinga\\\/#breadcrumb\",\"itemListElement\":[{\"@type\":\"ListItem\",\"position\":1,\"name\":\"Po\u010detna stranica\",\"item\":\"https:\\\/\\\/radioljubuski.ba\\\/\"},{\"@type\":\"ListItem\",\"position\":2,\"name\":\"Prof. Lauc: \u0160teta \u0161to pojedine stru\u010dnjake i novinare ego sprje\u010dava priznati da su bili \u017ertve pandemijskog marketinga\"}]},{\"@type\":\"WebSite\",\"@id\":\"https:\\\/\\\/radioljubuski.ba\\\/#website\",\"url\":\"https:\\\/\\\/radioljubuski.ba\\\/\",\"name\":\"Radio Ljubu\u0161ki\",\"description\":\"Sun\u010dana frekvencija Hercegovine\",\"publisher\":{\"@id\":\"https:\\\/\\\/radioljubuski.ba\\\/#organization\"},\"potentialAction\":[{\"@type\":\"SearchAction\",\"target\":{\"@type\":\"EntryPoint\",\"urlTemplate\":\"https:\\\/\\\/radioljubuski.ba\\\/?s={search_term_string}\"},\"query-input\":{\"@type\":\"PropertyValueSpecification\",\"valueRequired\":true,\"valueName\":\"search_term_string\"}}],\"inLanguage\":\"hr\"},{\"@type\":\"Organization\",\"@id\":\"https:\\\/\\\/radioljubuski.ba\\\/#organization\",\"name\":\"Radio Ljubu\u0161ki\",\"url\":\"https:\\\/\\\/radioljubuski.ba\\\/\",\"logo\":{\"@type\":\"ImageObject\",\"inLanguage\":\"hr\",\"@id\":\"https:\\\/\\\/radioljubuski.ba\\\/#\\\/schema\\\/logo\\\/image\\\/\",\"url\":\"https:\\\/\\\/radioljubuski.ba\\\/wp-content\\\/uploads\\\/2021\\\/02\\\/cropped-Radio_Ljubuski_logo1.jpg\",\"contentUrl\":\"https:\\\/\\\/radioljubuski.ba\\\/wp-content\\\/uploads\\\/2021\\\/02\\\/cropped-Radio_Ljubuski_logo1.jpg\",\"width\":512,\"height\":512,\"caption\":\"Radio Ljubu\u0161ki\"},\"image\":{\"@id\":\"https:\\\/\\\/radioljubuski.ba\\\/#\\\/schema\\\/logo\\\/image\\\/\"},\"sameAs\":[\"https:\\\/\\\/www.facebook.com\\\/Radiio-Ljubuski-1490835324566332\",\"https:\\\/\\\/x.com\\\/radioljubuski\",\"https:\\\/\\\/hr.linkedin.com\\\/company\\\/radio-ljubuski\",\"https:\\\/\\\/www.youtube.com\\\/channel\\\/UCHYaeO_n0Db3tjNGudGpXyw\"]},{\"@type\":\"Person\",\"@id\":\"https:\\\/\\\/radioljubuski.ba\\\/#\\\/schema\\\/person\\\/19fc700381a780f69665d7956c469e3b\",\"name\":\"Radio Ljubu\u0161ki\"}]}<\/script>\n<!-- \/ Yoast SEO plugin. -->","yoast_head_json":{"title":"Prof. Lauc: \u0160teta \u0161to pojedine stru\u010dnjake i novinare ego sprje\u010dava priznati da su bili \u017ertve pandemijskog marketinga - RADIO LJUBU\u0160KI","robots":{"index":"index","follow":"follow","max-snippet":"max-snippet:-1","max-image-preview":"max-image-preview:large","max-video-preview":"max-video-preview:-1"},"canonical":"https:\/\/radioljubuski.ba\/index.php\/2021\/10\/09\/prof-lauc-steta-sto-pojedine-strucnjake-i-novinare-ego-sprjecava-priznati-da-su-bili-zrtve-pandemijskog-marketinga\/","og_locale":"hr_HR","og_type":"article","og_title":"Prof. Lauc: \u0160teta \u0161to pojedine stru\u010dnjake i novinare ego sprje\u010dava priznati da su bili \u017ertve pandemijskog marketinga - RADIO LJUBU\u0160KI","og_description":"\u201c\u0160teta \u0161to pojedine znanstvenike, stru\u010dnjake i novinare ego sprje\u010dava da priznaju da su bili \u017ertve pandemijskog marketinga, jer \u0107e to na\u017ealost dovesti do vi\u0161e bolesti i smrti\u2026\u201c, isti\u010de molekularni biolog prof. dr. sc. Gordan Lauc u subotu, uz ilustraciju novinarke Jutarnjeg lista koja je tvrdila da \u201cantivakserima\u201d nije mjesto u Vladinu Savjetu, te tra\u017eila od [&hellip;]","og_url":"https:\/\/radioljubuski.ba\/index.php\/2021\/10\/09\/prof-lauc-steta-sto-pojedine-strucnjake-i-novinare-ego-sprjecava-priznati-da-su-bili-zrtve-pandemijskog-marketinga\/","og_site_name":"RADIO LJUBU\u0160KI","article_publisher":"https:\/\/www.facebook.com\/Radiio-Ljubuski-1490835324566332","article_published_time":"2021-10-09T12:48:01+00:00","article_modified_time":"2021-10-09T12:48:03+00:00","og_image":[{"width":696,"height":464,"url":"https:\/\/radioljubuski.ba\/wp-content\/uploads\/2021\/10\/lauc-juresko-696x464-1.jpg","type":"image\/jpeg"}],"author":"Radio Ljubu\u0161ki","twitter_card":"summary_large_image","twitter_creator":"@radioljubuski","twitter_site":"@radioljubuski","twitter_misc":{"Napisao\/la":"Radio Ljubu\u0161ki","Procijenjeno vrijeme \u010ditanja":"2 minute"},"schema":{"@context":"https:\/\/schema.org","@graph":[{"@type":"Article","@id":"https:\/\/radioljubuski.ba\/index.php\/2021\/10\/09\/prof-lauc-steta-sto-pojedine-strucnjake-i-novinare-ego-sprjecava-priznati-da-su-bili-zrtve-pandemijskog-marketinga\/#article","isPartOf":{"@id":"https:\/\/radioljubuski.ba\/index.php\/2021\/10\/09\/prof-lauc-steta-sto-pojedine-strucnjake-i-novinare-ego-sprjecava-priznati-da-su-bili-zrtve-pandemijskog-marketinga\/"},"author":{"name":"Radio Ljubu\u0161ki","@id":"https:\/\/radioljubuski.ba\/#\/schema\/person\/19fc700381a780f69665d7956c469e3b"},"headline":"Prof. Lauc: \u0160teta \u0161to pojedine stru\u010dnjake i novinare ego sprje\u010dava priznati da su bili \u017ertve pandemijskog marketinga","datePublished":"2021-10-09T12:48:01+00:00","dateModified":"2021-10-09T12:48:03+00:00","mainEntityOfPage":{"@id":"https:\/\/radioljubuski.ba\/index.php\/2021\/10\/09\/prof-lauc-steta-sto-pojedine-strucnjake-i-novinare-ego-sprjecava-priznati-da-su-bili-zrtve-pandemijskog-marketinga\/"},"wordCount":510,"publisher":{"@id":"https:\/\/radioljubuski.ba\/#organization"},"image":{"@id":"https:\/\/radioljubuski.ba\/index.php\/2021\/10\/09\/prof-lauc-steta-sto-pojedine-strucnjake-i-novinare-ego-sprjecava-priznati-da-su-bili-zrtve-pandemijskog-marketinga\/#primaryimage"},"thumbnailUrl":"https:\/\/radioljubuski.ba\/wp-content\/uploads\/2021\/10\/lauc-juresko-696x464-1.jpg","articleSection":["BIH i regija"],"inLanguage":"hr"},{"@type":"WebPage","@id":"https:\/\/radioljubuski.ba\/index.php\/2021\/10\/09\/prof-lauc-steta-sto-pojedine-strucnjake-i-novinare-ego-sprjecava-priznati-da-su-bili-zrtve-pandemijskog-marketinga\/","url":"https:\/\/radioljubuski.ba\/index.php\/2021\/10\/09\/prof-lauc-steta-sto-pojedine-strucnjake-i-novinare-ego-sprjecava-priznati-da-su-bili-zrtve-pandemijskog-marketinga\/","name":"Prof. Lauc: \u0160teta \u0161to pojedine stru\u010dnjake i novinare ego sprje\u010dava priznati da su bili \u017ertve pandemijskog marketinga - RADIO LJUBU\u0160KI","isPartOf":{"@id":"https:\/\/radioljubuski.ba\/#website"},"primaryImageOfPage":{"@id":"https:\/\/radioljubuski.ba\/index.php\/2021\/10\/09\/prof-lauc-steta-sto-pojedine-strucnjake-i-novinare-ego-sprjecava-priznati-da-su-bili-zrtve-pandemijskog-marketinga\/#primaryimage"},"image":{"@id":"https:\/\/radioljubuski.ba\/index.php\/2021\/10\/09\/prof-lauc-steta-sto-pojedine-strucnjake-i-novinare-ego-sprjecava-priznati-da-su-bili-zrtve-pandemijskog-marketinga\/#primaryimage"},"thumbnailUrl":"https:\/\/radioljubuski.ba\/wp-content\/uploads\/2021\/10\/lauc-juresko-696x464-1.jpg","datePublished":"2021-10-09T12:48:01+00:00","dateModified":"2021-10-09T12:48:03+00:00","breadcrumb":{"@id":"https:\/\/radioljubuski.ba\/index.php\/2021\/10\/09\/prof-lauc-steta-sto-pojedine-strucnjake-i-novinare-ego-sprjecava-priznati-da-su-bili-zrtve-pandemijskog-marketinga\/#breadcrumb"},"inLanguage":"hr","potentialAction":[{"@type":"ReadAction","target":["https:\/\/radioljubuski.ba\/index.php\/2021\/10\/09\/prof-lauc-steta-sto-pojedine-strucnjake-i-novinare-ego-sprjecava-priznati-da-su-bili-zrtve-pandemijskog-marketinga\/"]}]},{"@type":"ImageObject","inLanguage":"hr","@id":"https:\/\/radioljubuski.ba\/index.php\/2021\/10\/09\/prof-lauc-steta-sto-pojedine-strucnjake-i-novinare-ego-sprjecava-priznati-da-su-bili-zrtve-pandemijskog-marketinga\/#primaryimage","url":"https:\/\/radioljubuski.ba\/wp-content\/uploads\/2021\/10\/lauc-juresko-696x464-1.jpg","contentUrl":"https:\/\/radioljubuski.ba\/wp-content\/uploads\/2021\/10\/lauc-juresko-696x464-1.jpg","width":696,"height":464},{"@type":"BreadcrumbList","@id":"https:\/\/radioljubuski.ba\/index.php\/2021\/10\/09\/prof-lauc-steta-sto-pojedine-strucnjake-i-novinare-ego-sprjecava-priznati-da-su-bili-zrtve-pandemijskog-marketinga\/#breadcrumb","itemListElement":[{"@type":"ListItem","position":1,"name":"Po\u010detna stranica","item":"https:\/\/radioljubuski.ba\/"},{"@type":"ListItem","position":2,"name":"Prof. Lauc: \u0160teta \u0161to pojedine stru\u010dnjake i novinare ego sprje\u010dava priznati da su bili \u017ertve pandemijskog marketinga"}]},{"@type":"WebSite","@id":"https:\/\/radioljubuski.ba\/#website","url":"https:\/\/radioljubuski.ba\/","name":"Radio Ljubu\u0161ki","description":"Sun\u010dana frekvencija Hercegovine","publisher":{"@id":"https:\/\/radioljubuski.ba\/#organization"},"potentialAction":[{"@type":"SearchAction","target":{"@type":"EntryPoint","urlTemplate":"https:\/\/radioljubuski.ba\/?s={search_term_string}"},"query-input":{"@type":"PropertyValueSpecification","valueRequired":true,"valueName":"search_term_string"}}],"inLanguage":"hr"},{"@type":"Organization","@id":"https:\/\/radioljubuski.ba\/#organization","name":"Radio Ljubu\u0161ki","url":"https:\/\/radioljubuski.ba\/","logo":{"@type":"ImageObject","inLanguage":"hr","@id":"https:\/\/radioljubuski.ba\/#\/schema\/logo\/image\/","url":"https:\/\/radioljubuski.ba\/wp-content\/uploads\/2021\/02\/cropped-Radio_Ljubuski_logo1.jpg","contentUrl":"https:\/\/radioljubuski.ba\/wp-content\/uploads\/2021\/02\/cropped-Radio_Ljubuski_logo1.jpg","width":512,"height":512,"caption":"Radio Ljubu\u0161ki"},"image":{"@id":"https:\/\/radioljubuski.ba\/#\/schema\/logo\/image\/"},"sameAs":["https:\/\/www.facebook.com\/Radiio-Ljubuski-1490835324566332","https:\/\/x.com\/radioljubuski","https:\/\/hr.linkedin.com\/company\/radio-ljubuski","https:\/\/www.youtube.com\/channel\/UCHYaeO_n0Db3tjNGudGpXyw"]},{"@type":"Person","@id":"https:\/\/radioljubuski.ba\/#\/schema\/person\/19fc700381a780f69665d7956c469e3b","name":"Radio Ljubu\u0161ki"}]}},"_links":{"self":[{"href":"https:\/\/radioljubuski.ba\/index.php\/wp-json\/wp\/v2\/posts\/73441","targetHints":{"allow":["GET"]}}],"collection":[{"href":"https:\/\/radioljubuski.ba\/index.php\/wp-json\/wp\/v2\/posts"}],"about":[{"href":"https:\/\/radioljubuski.ba\/index.php\/wp-json\/wp\/v2\/types\/post"}],"author":[{"embeddable":true,"href":"https:\/\/radioljubuski.ba\/index.php\/wp-json\/wp\/v2\/users\/2"}],"replies":[{"embeddable":true,"href":"https:\/\/radioljubuski.ba\/index.php\/wp-json\/wp\/v2\/comments?post=73441"}],"version-history":[{"count":1,"href":"https:\/\/radioljubuski.ba\/index.php\/wp-json\/wp\/v2\/posts\/73441\/revisions"}],"predecessor-version":[{"id":73443,"href":"https:\/\/radioljubuski.ba\/index.php\/wp-json\/wp\/v2\/posts\/73441\/revisions\/73443"}],"wp:featuredmedia":[{"embeddable":true,"href":"https:\/\/radioljubuski.ba\/index.php\/wp-json\/wp\/v2\/media\/73442"}],"wp:attachment":[{"href":"https:\/\/radioljubuski.ba\/index.php\/wp-json\/wp\/v2\/media?parent=73441"}],"wp:term":[{"taxonomy":"category","embeddable":true,"href":"https:\/\/radioljubuski.ba\/index.php\/wp-json\/wp\/v2\/categories?post=73441"},{"taxonomy":"post_tag","embeddable":true,"href":"https:\/\/radioljubuski.ba\/index.php\/wp-json\/wp\/v2\/tags?post=73441"}],"curies":[{"name":"wp","href":"https:\/\/api.w.org\/{rel}","templated":true}]}}