{"id":73470,"date":"2021-10-09T15:08:18","date_gmt":"2021-10-09T14:08:18","guid":{"rendered":"https:\/\/radioljubuski.ba\/?p=73470"},"modified":"2021-10-09T15:08:19","modified_gmt":"2021-10-09T14:08:19","slug":"biskup-guido-gallese-na-brdu-ukazanja-u-medugorju-sam-upoznao-snagu-molitve","status":"publish","type":"post","link":"https:\/\/radioljubuski.ba\/index.php\/2021\/10\/09\/biskup-guido-gallese-na-brdu-ukazanja-u-medugorju-sam-upoznao-snagu-molitve\/","title":{"rendered":"Biskup Guido Gallese na Brdu ukazanja: U Me\u0111ugorju sam upoznao snagu molitve"},"content":{"rendered":"\n<p>Mons. Guido Gallese, biskup biskupije Alessandria della Paglia u Italiji je u Me\u0111ugorju, a susreli smo ga jutros na Brdu ukazanja tijekom molitve krunice koju je molio sa jo\u0161 sedam prijateljima koji su stigli s njim u Me\u0111ugorje. Radosna srca podijelio je s nama svoje dojmove s hodo\u010da\u0161\u0107a.<\/p>\n\n\n\n<p>\u201dOvdje sam do\u0161ao s malom grupom od osam hodo\u010dasnika, do\u0161li smo s dva auta. Do\u0161li smo sino\u0107, a u Me\u0111ugorje smo do\u0161li zbog sutra\u0161nje zlatne mise \u2013 50. obljetnice misni\u0161tva mons. Luigija Pezzuta, dosada\u0161njega apostolskoga nuncija u Bosni i Hercegovini. Jako sam radostan \u0161to sam ovdje te mi je ovo lijepa prilika za susret s Gospom u ovom svetom mjestu\u201d, kazao je mons. Gallese nagla\u0161avaju\u0107i jo\u0161 jednom kako je Me\u0111ugorje imalo, i te jo\u0161 uvijek ima, veliku ulogu u njegovom \u017eivotu. O tome je ovoga ljeta svjedo\u010dio i na Mladifestu.<\/p>\n\n\n\n<p>\u201dMe\u0111ugorje je za mene jako va\u017eno iskustvo, jedno iskustvo koje me \u010dini druga\u010dijom osobom, jer ovdje sam upoznao molitvu, snagu molitve, imao sam duboko iskustvo klanjanja Presvetom Oltarskom Sakramentu. Tako\u0111er, za mene je ovo obnova poziva na ne\u0161to vi\u0161e i va\u017enije u mom \u017eivotu, podsje\u0107anje na moj sve\u0107eni\u010dki poziv kojega sam dobio ovdje 1985. godine, a u Me\u0111ugorje sam do\u0161ao prvi put 1982. Godine\u201d, kazao je mons. Gallese, a nakon \u0161to je objasnio \u0161to Me\u0111ugorje zna\u010di njemu, govorio nam je i o tome \u0161to Me\u0111ugorje zna\u010di za svijet.<\/p>\n\n\n\n<p>\u201dSvaka Gospina poruka ovdje zavr\u0161ava s rije\u010dima zahvale \u0161to smo se odazvali Njenom pozivu. Tako da, ovo mjesto je mjesto preko kojega Gospa poziva svijet da budu vjerni Bogu. Pro\u0161loga ljeta jedna mlada djevojka je do\u0161la sa mnom u Me\u0111ugorje, i nakon \u0161to je puno puta bila u Lourdesu, kazala je da je ovdje centar svega Isus Krist. Gospina ukazanja ovdje su kristocentri\u010dna. Gospa nas ovdje podsje\u0107a da duhovni \u017eivot, molitva, sveta misa, ispovijed, preobra\u0107enje i Rije\u010di Bo\u017eje su stupovi na\u0161ega \u017eivota\u201d, zaklju\u010dio je mons. Guido Gallese, biskup biskupije Alessandria della Paglia u Italiji.<\/p>\n\n\n\n<p>Dosada\u0161nji apostolski nuncij u Bosni i Hercegovini nadbiskup Luigi Pezzuto, \u010dije je odreknu\u0107e od aktivne slu\u017ebe prihvatio papa Franjo, zbog navr\u0161ene dobne granice, 31. kolovoza 2021., ove godine slavi i svoj zlatni sve\u0107eni\u010dki jubilej \u2013 50 godina misni\u0161tva. Nakon \u0161to je jubilej obilje\u017eio u katedrali Srca Isusova u Sarajevu, u rujnu ove godine, nadbiskup Pezzuto proslavit \u0107e ovaj zlatni jubilej i u Me\u0111ugorju, zahvalnom sv. misom u nedjelju 10. listopada u 18 sati. \u017dupni ured Me\u0111ugorje poziva \u017eupljane i hodo\u010dasnike da budu dionici ovoga sve\u010danog i zahvalnog misnog slavlja.<\/p>\n\n\n\n<p><em><strong>Foto i tekst: Mateo Ivankovi\u0107<\/strong><\/em><\/p>\n\n\n\n<p><em><strong>Izvor:radio-medjugorje.com<\/strong><\/em><\/p>\n","protected":false},"excerpt":{"rendered":"<p>Mons. Guido Gallese, biskup biskupije Alessandria della Paglia u Italiji je u Me\u0111ugorju, a susreli smo ga jutros na Brdu ukazanja tijekom molitve krunice koju je molio sa jo\u0161 sedam prijateljima koji su stigli s njim u Me\u0111ugorje. Radosna srca podijelio je s nama svoje dojmove s hodo\u010da\u0161\u0107a. \u201dOvdje sam do\u0161ao s malom grupom od [&hellip;]<\/p>\n","protected":false},"author":2,"featured_media":73471,"comment_status":"closed","ping_status":"closed","sticky":false,"template":"","format":"standard","meta":{"h5ap_radio_sources":[],"footnotes":""},"categories":[1],"tags":[],"class_list":["post-73470","post","type-post","status-publish","format-standard","has-post-thumbnail","hentry","category-bihiregija"],"yoast_head":"<!-- This site is optimized with the Yoast SEO plugin v27.5 - https:\/\/yoast.com\/product\/yoast-seo-wordpress\/ -->\n<title>Biskup Guido Gallese na Brdu ukazanja: U Me\u0111ugorju sam upoznao snagu molitve - RADIO LJUBU\u0160KI<\/title>\n<meta name=\"robots\" content=\"index, follow, max-snippet:-1, max-image-preview:large, max-video-preview:-1\" \/>\n<link rel=\"canonical\" href=\"https:\/\/radioljubuski.ba\/index.php\/2021\/10\/09\/biskup-guido-gallese-na-brdu-ukazanja-u-medugorju-sam-upoznao-snagu-molitve\/\" \/>\n<meta property=\"og:locale\" content=\"hr_HR\" \/>\n<meta property=\"og:type\" content=\"article\" \/>\n<meta property=\"og:title\" content=\"Biskup Guido Gallese na Brdu ukazanja: U Me\u0111ugorju sam upoznao snagu molitve - RADIO LJUBU\u0160KI\" \/>\n<meta property=\"og:description\" content=\"Mons. Guido Gallese, biskup biskupije Alessandria della Paglia u Italiji je u Me\u0111ugorju, a susreli smo ga jutros na Brdu ukazanja tijekom molitve krunice koju je molio sa jo\u0161 sedam prijateljima koji su stigli s njim u Me\u0111ugorje. Radosna srca podijelio je s nama svoje dojmove s hodo\u010da\u0161\u0107a. \u201dOvdje sam do\u0161ao s malom grupom od [&hellip;]\" \/>\n<meta property=\"og:url\" content=\"https:\/\/radioljubuski.ba\/index.php\/2021\/10\/09\/biskup-guido-gallese-na-brdu-ukazanja-u-medugorju-sam-upoznao-snagu-molitve\/\" \/>\n<meta property=\"og:site_name\" content=\"RADIO LJUBU\u0160KI\" \/>\n<meta property=\"article:publisher\" content=\"https:\/\/www.facebook.com\/Radiio-Ljubuski-1490835324566332\" \/>\n<meta property=\"article:published_time\" content=\"2021-10-09T14:08:18+00:00\" \/>\n<meta property=\"article:modified_time\" content=\"2021-10-09T14:08:19+00:00\" \/>\n<meta property=\"og:image\" content=\"https:\/\/radioljubuski.ba\/wp-content\/uploads\/2021\/10\/DSC_2024-741x486-1.jpg\" \/>\n\t<meta property=\"og:image:width\" content=\"741\" \/>\n\t<meta property=\"og:image:height\" content=\"486\" \/>\n\t<meta property=\"og:image:type\" content=\"image\/jpeg\" \/>\n<meta name=\"author\" content=\"Radio Ljubu\u0161ki\" \/>\n<meta name=\"twitter:card\" content=\"summary_large_image\" \/>\n<meta name=\"twitter:creator\" content=\"@radioljubuski\" \/>\n<meta name=\"twitter:site\" content=\"@radioljubuski\" \/>\n<meta name=\"twitter:label1\" content=\"Napisao\/la\" \/>\n\t<meta name=\"twitter:data1\" content=\"Radio Ljubu\u0161ki\" \/>\n\t<meta name=\"twitter:label2\" content=\"Procijenjeno vrijeme \u010ditanja\" \/>\n\t<meta name=\"twitter:data2\" content=\"2 minute\" \/>\n<script type=\"application\/ld+json\" class=\"yoast-schema-graph\">{\"@context\":\"https:\\\/\\\/schema.org\",\"@graph\":[{\"@type\":\"Article\",\"@id\":\"https:\\\/\\\/radioljubuski.ba\\\/index.php\\\/2021\\\/10\\\/09\\\/biskup-guido-gallese-na-brdu-ukazanja-u-medugorju-sam-upoznao-snagu-molitve\\\/#article\",\"isPartOf\":{\"@id\":\"https:\\\/\\\/radioljubuski.ba\\\/index.php\\\/2021\\\/10\\\/09\\\/biskup-guido-gallese-na-brdu-ukazanja-u-medugorju-sam-upoznao-snagu-molitve\\\/\"},\"author\":{\"name\":\"Radio Ljubu\u0161ki\",\"@id\":\"https:\\\/\\\/radioljubuski.ba\\\/#\\\/schema\\\/person\\\/19fc700381a780f69665d7956c469e3b\"},\"headline\":\"Biskup Guido Gallese na Brdu ukazanja: U Me\u0111ugorju sam upoznao snagu molitve\",\"datePublished\":\"2021-10-09T14:08:18+00:00\",\"dateModified\":\"2021-10-09T14:08:19+00:00\",\"mainEntityOfPage\":{\"@id\":\"https:\\\/\\\/radioljubuski.ba\\\/index.php\\\/2021\\\/10\\\/09\\\/biskup-guido-gallese-na-brdu-ukazanja-u-medugorju-sam-upoznao-snagu-molitve\\\/\"},\"wordCount\":477,\"publisher\":{\"@id\":\"https:\\\/\\\/radioljubuski.ba\\\/#organization\"},\"image\":{\"@id\":\"https:\\\/\\\/radioljubuski.ba\\\/index.php\\\/2021\\\/10\\\/09\\\/biskup-guido-gallese-na-brdu-ukazanja-u-medugorju-sam-upoznao-snagu-molitve\\\/#primaryimage\"},\"thumbnailUrl\":\"https:\\\/\\\/radioljubuski.ba\\\/wp-content\\\/uploads\\\/2021\\\/10\\\/DSC_2024-741x486-1.jpg\",\"articleSection\":[\"BIH i regija\"],\"inLanguage\":\"hr\"},{\"@type\":\"WebPage\",\"@id\":\"https:\\\/\\\/radioljubuski.ba\\\/index.php\\\/2021\\\/10\\\/09\\\/biskup-guido-gallese-na-brdu-ukazanja-u-medugorju-sam-upoznao-snagu-molitve\\\/\",\"url\":\"https:\\\/\\\/radioljubuski.ba\\\/index.php\\\/2021\\\/10\\\/09\\\/biskup-guido-gallese-na-brdu-ukazanja-u-medugorju-sam-upoznao-snagu-molitve\\\/\",\"name\":\"Biskup Guido Gallese na Brdu ukazanja: U Me\u0111ugorju sam upoznao snagu molitve - RADIO LJUBU\u0160KI\",\"isPartOf\":{\"@id\":\"https:\\\/\\\/radioljubuski.ba\\\/#website\"},\"primaryImageOfPage\":{\"@id\":\"https:\\\/\\\/radioljubuski.ba\\\/index.php\\\/2021\\\/10\\\/09\\\/biskup-guido-gallese-na-brdu-ukazanja-u-medugorju-sam-upoznao-snagu-molitve\\\/#primaryimage\"},\"image\":{\"@id\":\"https:\\\/\\\/radioljubuski.ba\\\/index.php\\\/2021\\\/10\\\/09\\\/biskup-guido-gallese-na-brdu-ukazanja-u-medugorju-sam-upoznao-snagu-molitve\\\/#primaryimage\"},\"thumbnailUrl\":\"https:\\\/\\\/radioljubuski.ba\\\/wp-content\\\/uploads\\\/2021\\\/10\\\/DSC_2024-741x486-1.jpg\",\"datePublished\":\"2021-10-09T14:08:18+00:00\",\"dateModified\":\"2021-10-09T14:08:19+00:00\",\"breadcrumb\":{\"@id\":\"https:\\\/\\\/radioljubuski.ba\\\/index.php\\\/2021\\\/10\\\/09\\\/biskup-guido-gallese-na-brdu-ukazanja-u-medugorju-sam-upoznao-snagu-molitve\\\/#breadcrumb\"},\"inLanguage\":\"hr\",\"potentialAction\":[{\"@type\":\"ReadAction\",\"target\":[\"https:\\\/\\\/radioljubuski.ba\\\/index.php\\\/2021\\\/10\\\/09\\\/biskup-guido-gallese-na-brdu-ukazanja-u-medugorju-sam-upoznao-snagu-molitve\\\/\"]}]},{\"@type\":\"ImageObject\",\"inLanguage\":\"hr\",\"@id\":\"https:\\\/\\\/radioljubuski.ba\\\/index.php\\\/2021\\\/10\\\/09\\\/biskup-guido-gallese-na-brdu-ukazanja-u-medugorju-sam-upoznao-snagu-molitve\\\/#primaryimage\",\"url\":\"https:\\\/\\\/radioljubuski.ba\\\/wp-content\\\/uploads\\\/2021\\\/10\\\/DSC_2024-741x486-1.jpg\",\"contentUrl\":\"https:\\\/\\\/radioljubuski.ba\\\/wp-content\\\/uploads\\\/2021\\\/10\\\/DSC_2024-741x486-1.jpg\",\"width\":741,\"height\":486},{\"@type\":\"BreadcrumbList\",\"@id\":\"https:\\\/\\\/radioljubuski.ba\\\/index.php\\\/2021\\\/10\\\/09\\\/biskup-guido-gallese-na-brdu-ukazanja-u-medugorju-sam-upoznao-snagu-molitve\\\/#breadcrumb\",\"itemListElement\":[{\"@type\":\"ListItem\",\"position\":1,\"name\":\"Po\u010detna stranica\",\"item\":\"https:\\\/\\\/radioljubuski.ba\\\/\"},{\"@type\":\"ListItem\",\"position\":2,\"name\":\"Biskup Guido Gallese na Brdu ukazanja: U Me\u0111ugorju sam upoznao snagu molitve\"}]},{\"@type\":\"WebSite\",\"@id\":\"https:\\\/\\\/radioljubuski.ba\\\/#website\",\"url\":\"https:\\\/\\\/radioljubuski.ba\\\/\",\"name\":\"Radio Ljubu\u0161ki\",\"description\":\"Sun\u010dana frekvencija Hercegovine\",\"publisher\":{\"@id\":\"https:\\\/\\\/radioljubuski.ba\\\/#organization\"},\"potentialAction\":[{\"@type\":\"SearchAction\",\"target\":{\"@type\":\"EntryPoint\",\"urlTemplate\":\"https:\\\/\\\/radioljubuski.ba\\\/?s={search_term_string}\"},\"query-input\":{\"@type\":\"PropertyValueSpecification\",\"valueRequired\":true,\"valueName\":\"search_term_string\"}}],\"inLanguage\":\"hr\"},{\"@type\":\"Organization\",\"@id\":\"https:\\\/\\\/radioljubuski.ba\\\/#organization\",\"name\":\"Radio Ljubu\u0161ki\",\"url\":\"https:\\\/\\\/radioljubuski.ba\\\/\",\"logo\":{\"@type\":\"ImageObject\",\"inLanguage\":\"hr\",\"@id\":\"https:\\\/\\\/radioljubuski.ba\\\/#\\\/schema\\\/logo\\\/image\\\/\",\"url\":\"https:\\\/\\\/radioljubuski.ba\\\/wp-content\\\/uploads\\\/2021\\\/02\\\/cropped-Radio_Ljubuski_logo1.jpg\",\"contentUrl\":\"https:\\\/\\\/radioljubuski.ba\\\/wp-content\\\/uploads\\\/2021\\\/02\\\/cropped-Radio_Ljubuski_logo1.jpg\",\"width\":512,\"height\":512,\"caption\":\"Radio Ljubu\u0161ki\"},\"image\":{\"@id\":\"https:\\\/\\\/radioljubuski.ba\\\/#\\\/schema\\\/logo\\\/image\\\/\"},\"sameAs\":[\"https:\\\/\\\/www.facebook.com\\\/Radiio-Ljubuski-1490835324566332\",\"https:\\\/\\\/x.com\\\/radioljubuski\",\"https:\\\/\\\/hr.linkedin.com\\\/company\\\/radio-ljubuski\",\"https:\\\/\\\/www.youtube.com\\\/channel\\\/UCHYaeO_n0Db3tjNGudGpXyw\"]},{\"@type\":\"Person\",\"@id\":\"https:\\\/\\\/radioljubuski.ba\\\/#\\\/schema\\\/person\\\/19fc700381a780f69665d7956c469e3b\",\"name\":\"Radio Ljubu\u0161ki\"}]}<\/script>\n<!-- \/ Yoast SEO plugin. -->","yoast_head_json":{"title":"Biskup Guido Gallese na Brdu ukazanja: U Me\u0111ugorju sam upoznao snagu molitve - RADIO LJUBU\u0160KI","robots":{"index":"index","follow":"follow","max-snippet":"max-snippet:-1","max-image-preview":"max-image-preview:large","max-video-preview":"max-video-preview:-1"},"canonical":"https:\/\/radioljubuski.ba\/index.php\/2021\/10\/09\/biskup-guido-gallese-na-brdu-ukazanja-u-medugorju-sam-upoznao-snagu-molitve\/","og_locale":"hr_HR","og_type":"article","og_title":"Biskup Guido Gallese na Brdu ukazanja: U Me\u0111ugorju sam upoznao snagu molitve - RADIO LJUBU\u0160KI","og_description":"Mons. Guido Gallese, biskup biskupije Alessandria della Paglia u Italiji je u Me\u0111ugorju, a susreli smo ga jutros na Brdu ukazanja tijekom molitve krunice koju je molio sa jo\u0161 sedam prijateljima koji su stigli s njim u Me\u0111ugorje. Radosna srca podijelio je s nama svoje dojmove s hodo\u010da\u0161\u0107a. \u201dOvdje sam do\u0161ao s malom grupom od [&hellip;]","og_url":"https:\/\/radioljubuski.ba\/index.php\/2021\/10\/09\/biskup-guido-gallese-na-brdu-ukazanja-u-medugorju-sam-upoznao-snagu-molitve\/","og_site_name":"RADIO LJUBU\u0160KI","article_publisher":"https:\/\/www.facebook.com\/Radiio-Ljubuski-1490835324566332","article_published_time":"2021-10-09T14:08:18+00:00","article_modified_time":"2021-10-09T14:08:19+00:00","og_image":[{"width":741,"height":486,"url":"https:\/\/radioljubuski.ba\/wp-content\/uploads\/2021\/10\/DSC_2024-741x486-1.jpg","type":"image\/jpeg"}],"author":"Radio Ljubu\u0161ki","twitter_card":"summary_large_image","twitter_creator":"@radioljubuski","twitter_site":"@radioljubuski","twitter_misc":{"Napisao\/la":"Radio Ljubu\u0161ki","Procijenjeno vrijeme \u010ditanja":"2 minute"},"schema":{"@context":"https:\/\/schema.org","@graph":[{"@type":"Article","@id":"https:\/\/radioljubuski.ba\/index.php\/2021\/10\/09\/biskup-guido-gallese-na-brdu-ukazanja-u-medugorju-sam-upoznao-snagu-molitve\/#article","isPartOf":{"@id":"https:\/\/radioljubuski.ba\/index.php\/2021\/10\/09\/biskup-guido-gallese-na-brdu-ukazanja-u-medugorju-sam-upoznao-snagu-molitve\/"},"author":{"name":"Radio Ljubu\u0161ki","@id":"https:\/\/radioljubuski.ba\/#\/schema\/person\/19fc700381a780f69665d7956c469e3b"},"headline":"Biskup Guido Gallese na Brdu ukazanja: U Me\u0111ugorju sam upoznao snagu molitve","datePublished":"2021-10-09T14:08:18+00:00","dateModified":"2021-10-09T14:08:19+00:00","mainEntityOfPage":{"@id":"https:\/\/radioljubuski.ba\/index.php\/2021\/10\/09\/biskup-guido-gallese-na-brdu-ukazanja-u-medugorju-sam-upoznao-snagu-molitve\/"},"wordCount":477,"publisher":{"@id":"https:\/\/radioljubuski.ba\/#organization"},"image":{"@id":"https:\/\/radioljubuski.ba\/index.php\/2021\/10\/09\/biskup-guido-gallese-na-brdu-ukazanja-u-medugorju-sam-upoznao-snagu-molitve\/#primaryimage"},"thumbnailUrl":"https:\/\/radioljubuski.ba\/wp-content\/uploads\/2021\/10\/DSC_2024-741x486-1.jpg","articleSection":["BIH i regija"],"inLanguage":"hr"},{"@type":"WebPage","@id":"https:\/\/radioljubuski.ba\/index.php\/2021\/10\/09\/biskup-guido-gallese-na-brdu-ukazanja-u-medugorju-sam-upoznao-snagu-molitve\/","url":"https:\/\/radioljubuski.ba\/index.php\/2021\/10\/09\/biskup-guido-gallese-na-brdu-ukazanja-u-medugorju-sam-upoznao-snagu-molitve\/","name":"Biskup Guido Gallese na Brdu ukazanja: U Me\u0111ugorju sam upoznao snagu molitve - RADIO LJUBU\u0160KI","isPartOf":{"@id":"https:\/\/radioljubuski.ba\/#website"},"primaryImageOfPage":{"@id":"https:\/\/radioljubuski.ba\/index.php\/2021\/10\/09\/biskup-guido-gallese-na-brdu-ukazanja-u-medugorju-sam-upoznao-snagu-molitve\/#primaryimage"},"image":{"@id":"https:\/\/radioljubuski.ba\/index.php\/2021\/10\/09\/biskup-guido-gallese-na-brdu-ukazanja-u-medugorju-sam-upoznao-snagu-molitve\/#primaryimage"},"thumbnailUrl":"https:\/\/radioljubuski.ba\/wp-content\/uploads\/2021\/10\/DSC_2024-741x486-1.jpg","datePublished":"2021-10-09T14:08:18+00:00","dateModified":"2021-10-09T14:08:19+00:00","breadcrumb":{"@id":"https:\/\/radioljubuski.ba\/index.php\/2021\/10\/09\/biskup-guido-gallese-na-brdu-ukazanja-u-medugorju-sam-upoznao-snagu-molitve\/#breadcrumb"},"inLanguage":"hr","potentialAction":[{"@type":"ReadAction","target":["https:\/\/radioljubuski.ba\/index.php\/2021\/10\/09\/biskup-guido-gallese-na-brdu-ukazanja-u-medugorju-sam-upoznao-snagu-molitve\/"]}]},{"@type":"ImageObject","inLanguage":"hr","@id":"https:\/\/radioljubuski.ba\/index.php\/2021\/10\/09\/biskup-guido-gallese-na-brdu-ukazanja-u-medugorju-sam-upoznao-snagu-molitve\/#primaryimage","url":"https:\/\/radioljubuski.ba\/wp-content\/uploads\/2021\/10\/DSC_2024-741x486-1.jpg","contentUrl":"https:\/\/radioljubuski.ba\/wp-content\/uploads\/2021\/10\/DSC_2024-741x486-1.jpg","width":741,"height":486},{"@type":"BreadcrumbList","@id":"https:\/\/radioljubuski.ba\/index.php\/2021\/10\/09\/biskup-guido-gallese-na-brdu-ukazanja-u-medugorju-sam-upoznao-snagu-molitve\/#breadcrumb","itemListElement":[{"@type":"ListItem","position":1,"name":"Po\u010detna stranica","item":"https:\/\/radioljubuski.ba\/"},{"@type":"ListItem","position":2,"name":"Biskup Guido Gallese na Brdu ukazanja: U Me\u0111ugorju sam upoznao snagu molitve"}]},{"@type":"WebSite","@id":"https:\/\/radioljubuski.ba\/#website","url":"https:\/\/radioljubuski.ba\/","name":"Radio Ljubu\u0161ki","description":"Sun\u010dana frekvencija Hercegovine","publisher":{"@id":"https:\/\/radioljubuski.ba\/#organization"},"potentialAction":[{"@type":"SearchAction","target":{"@type":"EntryPoint","urlTemplate":"https:\/\/radioljubuski.ba\/?s={search_term_string}"},"query-input":{"@type":"PropertyValueSpecification","valueRequired":true,"valueName":"search_term_string"}}],"inLanguage":"hr"},{"@type":"Organization","@id":"https:\/\/radioljubuski.ba\/#organization","name":"Radio Ljubu\u0161ki","url":"https:\/\/radioljubuski.ba\/","logo":{"@type":"ImageObject","inLanguage":"hr","@id":"https:\/\/radioljubuski.ba\/#\/schema\/logo\/image\/","url":"https:\/\/radioljubuski.ba\/wp-content\/uploads\/2021\/02\/cropped-Radio_Ljubuski_logo1.jpg","contentUrl":"https:\/\/radioljubuski.ba\/wp-content\/uploads\/2021\/02\/cropped-Radio_Ljubuski_logo1.jpg","width":512,"height":512,"caption":"Radio Ljubu\u0161ki"},"image":{"@id":"https:\/\/radioljubuski.ba\/#\/schema\/logo\/image\/"},"sameAs":["https:\/\/www.facebook.com\/Radiio-Ljubuski-1490835324566332","https:\/\/x.com\/radioljubuski","https:\/\/hr.linkedin.com\/company\/radio-ljubuski","https:\/\/www.youtube.com\/channel\/UCHYaeO_n0Db3tjNGudGpXyw"]},{"@type":"Person","@id":"https:\/\/radioljubuski.ba\/#\/schema\/person\/19fc700381a780f69665d7956c469e3b","name":"Radio Ljubu\u0161ki"}]}},"_links":{"self":[{"href":"https:\/\/radioljubuski.ba\/index.php\/wp-json\/wp\/v2\/posts\/73470","targetHints":{"allow":["GET"]}}],"collection":[{"href":"https:\/\/radioljubuski.ba\/index.php\/wp-json\/wp\/v2\/posts"}],"about":[{"href":"https:\/\/radioljubuski.ba\/index.php\/wp-json\/wp\/v2\/types\/post"}],"author":[{"embeddable":true,"href":"https:\/\/radioljubuski.ba\/index.php\/wp-json\/wp\/v2\/users\/2"}],"replies":[{"embeddable":true,"href":"https:\/\/radioljubuski.ba\/index.php\/wp-json\/wp\/v2\/comments?post=73470"}],"version-history":[{"count":1,"href":"https:\/\/radioljubuski.ba\/index.php\/wp-json\/wp\/v2\/posts\/73470\/revisions"}],"predecessor-version":[{"id":73472,"href":"https:\/\/radioljubuski.ba\/index.php\/wp-json\/wp\/v2\/posts\/73470\/revisions\/73472"}],"wp:featuredmedia":[{"embeddable":true,"href":"https:\/\/radioljubuski.ba\/index.php\/wp-json\/wp\/v2\/media\/73471"}],"wp:attachment":[{"href":"https:\/\/radioljubuski.ba\/index.php\/wp-json\/wp\/v2\/media?parent=73470"}],"wp:term":[{"taxonomy":"category","embeddable":true,"href":"https:\/\/radioljubuski.ba\/index.php\/wp-json\/wp\/v2\/categories?post=73470"},{"taxonomy":"post_tag","embeddable":true,"href":"https:\/\/radioljubuski.ba\/index.php\/wp-json\/wp\/v2\/tags?post=73470"}],"curies":[{"name":"wp","href":"https:\/\/api.w.org\/{rel}","templated":true}]}}