{"id":73473,"date":"2021-10-09T15:11:46","date_gmt":"2021-10-09T14:11:46","guid":{"rendered":"https:\/\/radioljubuski.ba\/?p=73473"},"modified":"2021-10-09T15:11:47","modified_gmt":"2021-10-09T14:11:47","slug":"bratu-dao-otkaz-zbog-nedolaska-na-posao-sud-ga-vratio-nazad","status":"publish","type":"post","link":"https:\/\/radioljubuski.ba\/index.php\/2021\/10\/09\/bratu-dao-otkaz-zbog-nedolaska-na-posao-sud-ga-vratio-nazad\/","title":{"rendered":"Bratu dao otkaz zbog nedolaska na posao, sud ga vratio nazad"},"content":{"rendered":"\n<p>Zadranin koji je bratu dao otkaz u firmi zbog njegovog nedola\u017eenja na posao morat \u0107e ga vratiti na radno mjesto, jer nisu primijenjene odredbe koje su propisane kada otkaz dobiva netko tko u firmi ima vlasni\u010dke udjele.<\/p>\n\n\n\n<p>Direktor tvrtke dao je, naime, bratu izvanredni otkaz ugovora o radu bez prava na obranu zato jer se pet dana uzastopce nije pojavljivao na radnom mjestu skladi\u0161tara svje\u017ee i prera\u0111ene ribe te manipulacije istom. Tako\u0111er, na sudu je tvrdio kako je ga je brat fizi\u010dki napao, a izvr\u0161nom direktoru tvrtke zaprijetio smr\u0107u. &#8211; pi\u0161e&nbsp;<a href=\"http:\/\/www.057info.hr\/vijesti\/2021-10-09\/zadranin-bratu-dao-otkaz-zbog-nedolaska-na-posao-sud-ga-vratio-nazad\" target=\"_blank\" rel=\"noreferrer noopener\">057info<\/a>.<\/p>\n\n\n\n<p>Izvanredni otkaz, utvrdio je sud, mo\u017ee se u opravdanim slu\u010dajevima dati bez obveze po\u0161tivanja propisanog ili ugovorenog otkaznog roka ako zaposlenik nije \u010dlan uprave ili fizi\u010dka osoba koja je na drugi na\u010din ovla\u0161tena voditi poslove poslodavca. Kako je radnik iza smrti oca zajedno s bra\u0107om naslijedio jednake poslovne udjele u dru\u0161tvu s ograni\u010denom odgovorno\u0161\u0107u, to zna\u010di da kao \u010dlan dru\u0161tva ima pravo upravljanja putem skup\u0161tine dru\u0161tva pa mu se takav otkaz ne mo\u017ee uru\u010diti.<\/p>\n\n\n\n<p>&#8211;&nbsp;<em>Niti jednom odredbom nije odre\u0111eno da visina (postotak) poslovnih udjela dru\u0161tva utje\u010de na izuzetak od primjene \u010dlanka tu\u017eitelja. Nala\u017ee se vratiti tu\u017eitelja na rad na na\u010din da mu se povjeri obavljanje poslova na radnom mjestu skladi\u0161tara svje\u017ee i prera\u0111ene ribe te manipulacije istom, u roku od 15 dana i pod prijetnjom ovrhe<\/em>, naveo je u presudi sudac&nbsp;<strong>Tomislav Bago.<\/strong><\/p>\n\n\n\n<p>Izvor:dalmacijanews.com<\/p>\n","protected":false},"excerpt":{"rendered":"<p>Zadranin koji je bratu dao otkaz u firmi zbog njegovog nedola\u017eenja na posao morat \u0107e ga vratiti na radno mjesto, jer nisu primijenjene odredbe koje su propisane kada otkaz dobiva netko tko u firmi ima vlasni\u010dke udjele. Direktor tvrtke dao je, naime, bratu izvanredni otkaz ugovora o radu bez prava na obranu zato jer se [&hellip;]<\/p>\n","protected":false},"author":2,"featured_media":10631,"comment_status":"closed","ping_status":"closed","sticky":false,"template":"","format":"standard","meta":{"h5ap_radio_sources":[],"footnotes":""},"categories":[1],"tags":[],"class_list":["post-73473","post","type-post","status-publish","format-standard","has-post-thumbnail","hentry","category-bihiregija"],"yoast_head":"<!-- This site is optimized with the Yoast SEO plugin v27.5 - https:\/\/yoast.com\/product\/yoast-seo-wordpress\/ -->\n<title>Bratu dao otkaz zbog nedolaska na posao, sud ga vratio nazad - RADIO LJUBU\u0160KI<\/title>\n<meta name=\"robots\" content=\"index, follow, max-snippet:-1, max-image-preview:large, max-video-preview:-1\" \/>\n<link rel=\"canonical\" href=\"https:\/\/radioljubuski.ba\/index.php\/2021\/10\/09\/bratu-dao-otkaz-zbog-nedolaska-na-posao-sud-ga-vratio-nazad\/\" \/>\n<meta property=\"og:locale\" content=\"hr_HR\" \/>\n<meta property=\"og:type\" content=\"article\" \/>\n<meta property=\"og:title\" content=\"Bratu dao otkaz zbog nedolaska na posao, sud ga vratio nazad - RADIO LJUBU\u0160KI\" \/>\n<meta property=\"og:description\" content=\"Zadranin koji je bratu dao otkaz u firmi zbog njegovog nedola\u017eenja na posao morat \u0107e ga vratiti na radno mjesto, jer nisu primijenjene odredbe koje su propisane kada otkaz dobiva netko tko u firmi ima vlasni\u010dke udjele. Direktor tvrtke dao je, naime, bratu izvanredni otkaz ugovora o radu bez prava na obranu zato jer se [&hellip;]\" \/>\n<meta property=\"og:url\" content=\"https:\/\/radioljubuski.ba\/index.php\/2021\/10\/09\/bratu-dao-otkaz-zbog-nedolaska-na-posao-sud-ga-vratio-nazad\/\" \/>\n<meta property=\"og:site_name\" content=\"RADIO LJUBU\u0160KI\" \/>\n<meta property=\"article:publisher\" content=\"https:\/\/www.facebook.com\/Radiio-Ljubuski-1490835324566332\" \/>\n<meta property=\"article:published_time\" content=\"2021-10-09T14:11:46+00:00\" \/>\n<meta property=\"article:modified_time\" content=\"2021-10-09T14:11:47+00:00\" \/>\n<meta property=\"og:image\" content=\"https:\/\/radioljubuski.ba\/wp-content\/uploads\/2021\/04\/2-2021-03-22-08-20-32-policija.jpg\" \/>\n\t<meta property=\"og:image:width\" content=\"1000\" \/>\n\t<meta property=\"og:image:height\" content=\"625\" \/>\n\t<meta property=\"og:image:type\" content=\"image\/jpeg\" \/>\n<meta name=\"author\" content=\"Radio Ljubu\u0161ki\" \/>\n<meta name=\"twitter:card\" content=\"summary_large_image\" \/>\n<meta name=\"twitter:creator\" content=\"@radioljubuski\" \/>\n<meta name=\"twitter:site\" content=\"@radioljubuski\" \/>\n<meta name=\"twitter:label1\" content=\"Napisao\/la\" \/>\n\t<meta name=\"twitter:data1\" content=\"Radio Ljubu\u0161ki\" \/>\n\t<meta name=\"twitter:label2\" content=\"Procijenjeno vrijeme \u010ditanja\" \/>\n\t<meta name=\"twitter:data2\" content=\"1 minuta\" \/>\n<script type=\"application\/ld+json\" class=\"yoast-schema-graph\">{\"@context\":\"https:\\\/\\\/schema.org\",\"@graph\":[{\"@type\":\"Article\",\"@id\":\"https:\\\/\\\/radioljubuski.ba\\\/index.php\\\/2021\\\/10\\\/09\\\/bratu-dao-otkaz-zbog-nedolaska-na-posao-sud-ga-vratio-nazad\\\/#article\",\"isPartOf\":{\"@id\":\"https:\\\/\\\/radioljubuski.ba\\\/index.php\\\/2021\\\/10\\\/09\\\/bratu-dao-otkaz-zbog-nedolaska-na-posao-sud-ga-vratio-nazad\\\/\"},\"author\":{\"name\":\"Radio Ljubu\u0161ki\",\"@id\":\"https:\\\/\\\/radioljubuski.ba\\\/#\\\/schema\\\/person\\\/19fc700381a780f69665d7956c469e3b\"},\"headline\":\"Bratu dao otkaz zbog nedolaska na posao, sud ga vratio nazad\",\"datePublished\":\"2021-10-09T14:11:46+00:00\",\"dateModified\":\"2021-10-09T14:11:47+00:00\",\"mainEntityOfPage\":{\"@id\":\"https:\\\/\\\/radioljubuski.ba\\\/index.php\\\/2021\\\/10\\\/09\\\/bratu-dao-otkaz-zbog-nedolaska-na-posao-sud-ga-vratio-nazad\\\/\"},\"wordCount\":278,\"publisher\":{\"@id\":\"https:\\\/\\\/radioljubuski.ba\\\/#organization\"},\"image\":{\"@id\":\"https:\\\/\\\/radioljubuski.ba\\\/index.php\\\/2021\\\/10\\\/09\\\/bratu-dao-otkaz-zbog-nedolaska-na-posao-sud-ga-vratio-nazad\\\/#primaryimage\"},\"thumbnailUrl\":\"https:\\\/\\\/radioljubuski.ba\\\/wp-content\\\/uploads\\\/2021\\\/04\\\/2-2021-03-22-08-20-32-policija.jpg\",\"articleSection\":[\"BIH i regija\"],\"inLanguage\":\"hr\"},{\"@type\":\"WebPage\",\"@id\":\"https:\\\/\\\/radioljubuski.ba\\\/index.php\\\/2021\\\/10\\\/09\\\/bratu-dao-otkaz-zbog-nedolaska-na-posao-sud-ga-vratio-nazad\\\/\",\"url\":\"https:\\\/\\\/radioljubuski.ba\\\/index.php\\\/2021\\\/10\\\/09\\\/bratu-dao-otkaz-zbog-nedolaska-na-posao-sud-ga-vratio-nazad\\\/\",\"name\":\"Bratu dao otkaz zbog nedolaska na posao, sud ga vratio nazad - RADIO LJUBU\u0160KI\",\"isPartOf\":{\"@id\":\"https:\\\/\\\/radioljubuski.ba\\\/#website\"},\"primaryImageOfPage\":{\"@id\":\"https:\\\/\\\/radioljubuski.ba\\\/index.php\\\/2021\\\/10\\\/09\\\/bratu-dao-otkaz-zbog-nedolaska-na-posao-sud-ga-vratio-nazad\\\/#primaryimage\"},\"image\":{\"@id\":\"https:\\\/\\\/radioljubuski.ba\\\/index.php\\\/2021\\\/10\\\/09\\\/bratu-dao-otkaz-zbog-nedolaska-na-posao-sud-ga-vratio-nazad\\\/#primaryimage\"},\"thumbnailUrl\":\"https:\\\/\\\/radioljubuski.ba\\\/wp-content\\\/uploads\\\/2021\\\/04\\\/2-2021-03-22-08-20-32-policija.jpg\",\"datePublished\":\"2021-10-09T14:11:46+00:00\",\"dateModified\":\"2021-10-09T14:11:47+00:00\",\"breadcrumb\":{\"@id\":\"https:\\\/\\\/radioljubuski.ba\\\/index.php\\\/2021\\\/10\\\/09\\\/bratu-dao-otkaz-zbog-nedolaska-na-posao-sud-ga-vratio-nazad\\\/#breadcrumb\"},\"inLanguage\":\"hr\",\"potentialAction\":[{\"@type\":\"ReadAction\",\"target\":[\"https:\\\/\\\/radioljubuski.ba\\\/index.php\\\/2021\\\/10\\\/09\\\/bratu-dao-otkaz-zbog-nedolaska-na-posao-sud-ga-vratio-nazad\\\/\"]}]},{\"@type\":\"ImageObject\",\"inLanguage\":\"hr\",\"@id\":\"https:\\\/\\\/radioljubuski.ba\\\/index.php\\\/2021\\\/10\\\/09\\\/bratu-dao-otkaz-zbog-nedolaska-na-posao-sud-ga-vratio-nazad\\\/#primaryimage\",\"url\":\"https:\\\/\\\/radioljubuski.ba\\\/wp-content\\\/uploads\\\/2021\\\/04\\\/2-2021-03-22-08-20-32-policija.jpg\",\"contentUrl\":\"https:\\\/\\\/radioljubuski.ba\\\/wp-content\\\/uploads\\\/2021\\\/04\\\/2-2021-03-22-08-20-32-policija.jpg\",\"width\":1000,\"height\":625},{\"@type\":\"BreadcrumbList\",\"@id\":\"https:\\\/\\\/radioljubuski.ba\\\/index.php\\\/2021\\\/10\\\/09\\\/bratu-dao-otkaz-zbog-nedolaska-na-posao-sud-ga-vratio-nazad\\\/#breadcrumb\",\"itemListElement\":[{\"@type\":\"ListItem\",\"position\":1,\"name\":\"Po\u010detna stranica\",\"item\":\"https:\\\/\\\/radioljubuski.ba\\\/\"},{\"@type\":\"ListItem\",\"position\":2,\"name\":\"Bratu dao otkaz zbog nedolaska na posao, sud ga vratio nazad\"}]},{\"@type\":\"WebSite\",\"@id\":\"https:\\\/\\\/radioljubuski.ba\\\/#website\",\"url\":\"https:\\\/\\\/radioljubuski.ba\\\/\",\"name\":\"Radio Ljubu\u0161ki\",\"description\":\"Sun\u010dana frekvencija Hercegovine\",\"publisher\":{\"@id\":\"https:\\\/\\\/radioljubuski.ba\\\/#organization\"},\"potentialAction\":[{\"@type\":\"SearchAction\",\"target\":{\"@type\":\"EntryPoint\",\"urlTemplate\":\"https:\\\/\\\/radioljubuski.ba\\\/?s={search_term_string}\"},\"query-input\":{\"@type\":\"PropertyValueSpecification\",\"valueRequired\":true,\"valueName\":\"search_term_string\"}}],\"inLanguage\":\"hr\"},{\"@type\":\"Organization\",\"@id\":\"https:\\\/\\\/radioljubuski.ba\\\/#organization\",\"name\":\"Radio Ljubu\u0161ki\",\"url\":\"https:\\\/\\\/radioljubuski.ba\\\/\",\"logo\":{\"@type\":\"ImageObject\",\"inLanguage\":\"hr\",\"@id\":\"https:\\\/\\\/radioljubuski.ba\\\/#\\\/schema\\\/logo\\\/image\\\/\",\"url\":\"https:\\\/\\\/radioljubuski.ba\\\/wp-content\\\/uploads\\\/2021\\\/02\\\/cropped-Radio_Ljubuski_logo1.jpg\",\"contentUrl\":\"https:\\\/\\\/radioljubuski.ba\\\/wp-content\\\/uploads\\\/2021\\\/02\\\/cropped-Radio_Ljubuski_logo1.jpg\",\"width\":512,\"height\":512,\"caption\":\"Radio Ljubu\u0161ki\"},\"image\":{\"@id\":\"https:\\\/\\\/radioljubuski.ba\\\/#\\\/schema\\\/logo\\\/image\\\/\"},\"sameAs\":[\"https:\\\/\\\/www.facebook.com\\\/Radiio-Ljubuski-1490835324566332\",\"https:\\\/\\\/x.com\\\/radioljubuski\",\"https:\\\/\\\/hr.linkedin.com\\\/company\\\/radio-ljubuski\",\"https:\\\/\\\/www.youtube.com\\\/channel\\\/UCHYaeO_n0Db3tjNGudGpXyw\"]},{\"@type\":\"Person\",\"@id\":\"https:\\\/\\\/radioljubuski.ba\\\/#\\\/schema\\\/person\\\/19fc700381a780f69665d7956c469e3b\",\"name\":\"Radio Ljubu\u0161ki\"}]}<\/script>\n<!-- \/ Yoast SEO plugin. -->","yoast_head_json":{"title":"Bratu dao otkaz zbog nedolaska na posao, sud ga vratio nazad - RADIO LJUBU\u0160KI","robots":{"index":"index","follow":"follow","max-snippet":"max-snippet:-1","max-image-preview":"max-image-preview:large","max-video-preview":"max-video-preview:-1"},"canonical":"https:\/\/radioljubuski.ba\/index.php\/2021\/10\/09\/bratu-dao-otkaz-zbog-nedolaska-na-posao-sud-ga-vratio-nazad\/","og_locale":"hr_HR","og_type":"article","og_title":"Bratu dao otkaz zbog nedolaska na posao, sud ga vratio nazad - RADIO LJUBU\u0160KI","og_description":"Zadranin koji je bratu dao otkaz u firmi zbog njegovog nedola\u017eenja na posao morat \u0107e ga vratiti na radno mjesto, jer nisu primijenjene odredbe koje su propisane kada otkaz dobiva netko tko u firmi ima vlasni\u010dke udjele. Direktor tvrtke dao je, naime, bratu izvanredni otkaz ugovora o radu bez prava na obranu zato jer se [&hellip;]","og_url":"https:\/\/radioljubuski.ba\/index.php\/2021\/10\/09\/bratu-dao-otkaz-zbog-nedolaska-na-posao-sud-ga-vratio-nazad\/","og_site_name":"RADIO LJUBU\u0160KI","article_publisher":"https:\/\/www.facebook.com\/Radiio-Ljubuski-1490835324566332","article_published_time":"2021-10-09T14:11:46+00:00","article_modified_time":"2021-10-09T14:11:47+00:00","og_image":[{"width":1000,"height":625,"url":"https:\/\/radioljubuski.ba\/wp-content\/uploads\/2021\/04\/2-2021-03-22-08-20-32-policija.jpg","type":"image\/jpeg"}],"author":"Radio Ljubu\u0161ki","twitter_card":"summary_large_image","twitter_creator":"@radioljubuski","twitter_site":"@radioljubuski","twitter_misc":{"Napisao\/la":"Radio Ljubu\u0161ki","Procijenjeno vrijeme \u010ditanja":"1 minuta"},"schema":{"@context":"https:\/\/schema.org","@graph":[{"@type":"Article","@id":"https:\/\/radioljubuski.ba\/index.php\/2021\/10\/09\/bratu-dao-otkaz-zbog-nedolaska-na-posao-sud-ga-vratio-nazad\/#article","isPartOf":{"@id":"https:\/\/radioljubuski.ba\/index.php\/2021\/10\/09\/bratu-dao-otkaz-zbog-nedolaska-na-posao-sud-ga-vratio-nazad\/"},"author":{"name":"Radio Ljubu\u0161ki","@id":"https:\/\/radioljubuski.ba\/#\/schema\/person\/19fc700381a780f69665d7956c469e3b"},"headline":"Bratu dao otkaz zbog nedolaska na posao, sud ga vratio nazad","datePublished":"2021-10-09T14:11:46+00:00","dateModified":"2021-10-09T14:11:47+00:00","mainEntityOfPage":{"@id":"https:\/\/radioljubuski.ba\/index.php\/2021\/10\/09\/bratu-dao-otkaz-zbog-nedolaska-na-posao-sud-ga-vratio-nazad\/"},"wordCount":278,"publisher":{"@id":"https:\/\/radioljubuski.ba\/#organization"},"image":{"@id":"https:\/\/radioljubuski.ba\/index.php\/2021\/10\/09\/bratu-dao-otkaz-zbog-nedolaska-na-posao-sud-ga-vratio-nazad\/#primaryimage"},"thumbnailUrl":"https:\/\/radioljubuski.ba\/wp-content\/uploads\/2021\/04\/2-2021-03-22-08-20-32-policija.jpg","articleSection":["BIH i regija"],"inLanguage":"hr"},{"@type":"WebPage","@id":"https:\/\/radioljubuski.ba\/index.php\/2021\/10\/09\/bratu-dao-otkaz-zbog-nedolaska-na-posao-sud-ga-vratio-nazad\/","url":"https:\/\/radioljubuski.ba\/index.php\/2021\/10\/09\/bratu-dao-otkaz-zbog-nedolaska-na-posao-sud-ga-vratio-nazad\/","name":"Bratu dao otkaz zbog nedolaska na posao, sud ga vratio nazad - RADIO LJUBU\u0160KI","isPartOf":{"@id":"https:\/\/radioljubuski.ba\/#website"},"primaryImageOfPage":{"@id":"https:\/\/radioljubuski.ba\/index.php\/2021\/10\/09\/bratu-dao-otkaz-zbog-nedolaska-na-posao-sud-ga-vratio-nazad\/#primaryimage"},"image":{"@id":"https:\/\/radioljubuski.ba\/index.php\/2021\/10\/09\/bratu-dao-otkaz-zbog-nedolaska-na-posao-sud-ga-vratio-nazad\/#primaryimage"},"thumbnailUrl":"https:\/\/radioljubuski.ba\/wp-content\/uploads\/2021\/04\/2-2021-03-22-08-20-32-policija.jpg","datePublished":"2021-10-09T14:11:46+00:00","dateModified":"2021-10-09T14:11:47+00:00","breadcrumb":{"@id":"https:\/\/radioljubuski.ba\/index.php\/2021\/10\/09\/bratu-dao-otkaz-zbog-nedolaska-na-posao-sud-ga-vratio-nazad\/#breadcrumb"},"inLanguage":"hr","potentialAction":[{"@type":"ReadAction","target":["https:\/\/radioljubuski.ba\/index.php\/2021\/10\/09\/bratu-dao-otkaz-zbog-nedolaska-na-posao-sud-ga-vratio-nazad\/"]}]},{"@type":"ImageObject","inLanguage":"hr","@id":"https:\/\/radioljubuski.ba\/index.php\/2021\/10\/09\/bratu-dao-otkaz-zbog-nedolaska-na-posao-sud-ga-vratio-nazad\/#primaryimage","url":"https:\/\/radioljubuski.ba\/wp-content\/uploads\/2021\/04\/2-2021-03-22-08-20-32-policija.jpg","contentUrl":"https:\/\/radioljubuski.ba\/wp-content\/uploads\/2021\/04\/2-2021-03-22-08-20-32-policija.jpg","width":1000,"height":625},{"@type":"BreadcrumbList","@id":"https:\/\/radioljubuski.ba\/index.php\/2021\/10\/09\/bratu-dao-otkaz-zbog-nedolaska-na-posao-sud-ga-vratio-nazad\/#breadcrumb","itemListElement":[{"@type":"ListItem","position":1,"name":"Po\u010detna stranica","item":"https:\/\/radioljubuski.ba\/"},{"@type":"ListItem","position":2,"name":"Bratu dao otkaz zbog nedolaska na posao, sud ga vratio nazad"}]},{"@type":"WebSite","@id":"https:\/\/radioljubuski.ba\/#website","url":"https:\/\/radioljubuski.ba\/","name":"Radio Ljubu\u0161ki","description":"Sun\u010dana frekvencija Hercegovine","publisher":{"@id":"https:\/\/radioljubuski.ba\/#organization"},"potentialAction":[{"@type":"SearchAction","target":{"@type":"EntryPoint","urlTemplate":"https:\/\/radioljubuski.ba\/?s={search_term_string}"},"query-input":{"@type":"PropertyValueSpecification","valueRequired":true,"valueName":"search_term_string"}}],"inLanguage":"hr"},{"@type":"Organization","@id":"https:\/\/radioljubuski.ba\/#organization","name":"Radio Ljubu\u0161ki","url":"https:\/\/radioljubuski.ba\/","logo":{"@type":"ImageObject","inLanguage":"hr","@id":"https:\/\/radioljubuski.ba\/#\/schema\/logo\/image\/","url":"https:\/\/radioljubuski.ba\/wp-content\/uploads\/2021\/02\/cropped-Radio_Ljubuski_logo1.jpg","contentUrl":"https:\/\/radioljubuski.ba\/wp-content\/uploads\/2021\/02\/cropped-Radio_Ljubuski_logo1.jpg","width":512,"height":512,"caption":"Radio Ljubu\u0161ki"},"image":{"@id":"https:\/\/radioljubuski.ba\/#\/schema\/logo\/image\/"},"sameAs":["https:\/\/www.facebook.com\/Radiio-Ljubuski-1490835324566332","https:\/\/x.com\/radioljubuski","https:\/\/hr.linkedin.com\/company\/radio-ljubuski","https:\/\/www.youtube.com\/channel\/UCHYaeO_n0Db3tjNGudGpXyw"]},{"@type":"Person","@id":"https:\/\/radioljubuski.ba\/#\/schema\/person\/19fc700381a780f69665d7956c469e3b","name":"Radio Ljubu\u0161ki"}]}},"_links":{"self":[{"href":"https:\/\/radioljubuski.ba\/index.php\/wp-json\/wp\/v2\/posts\/73473","targetHints":{"allow":["GET"]}}],"collection":[{"href":"https:\/\/radioljubuski.ba\/index.php\/wp-json\/wp\/v2\/posts"}],"about":[{"href":"https:\/\/radioljubuski.ba\/index.php\/wp-json\/wp\/v2\/types\/post"}],"author":[{"embeddable":true,"href":"https:\/\/radioljubuski.ba\/index.php\/wp-json\/wp\/v2\/users\/2"}],"replies":[{"embeddable":true,"href":"https:\/\/radioljubuski.ba\/index.php\/wp-json\/wp\/v2\/comments?post=73473"}],"version-history":[{"count":1,"href":"https:\/\/radioljubuski.ba\/index.php\/wp-json\/wp\/v2\/posts\/73473\/revisions"}],"predecessor-version":[{"id":73474,"href":"https:\/\/radioljubuski.ba\/index.php\/wp-json\/wp\/v2\/posts\/73473\/revisions\/73474"}],"wp:featuredmedia":[{"embeddable":true,"href":"https:\/\/radioljubuski.ba\/index.php\/wp-json\/wp\/v2\/media\/10631"}],"wp:attachment":[{"href":"https:\/\/radioljubuski.ba\/index.php\/wp-json\/wp\/v2\/media?parent=73473"}],"wp:term":[{"taxonomy":"category","embeddable":true,"href":"https:\/\/radioljubuski.ba\/index.php\/wp-json\/wp\/v2\/categories?post=73473"},{"taxonomy":"post_tag","embeddable":true,"href":"https:\/\/radioljubuski.ba\/index.php\/wp-json\/wp\/v2\/tags?post=73473"}],"curies":[{"name":"wp","href":"https:\/\/api.w.org\/{rel}","templated":true}]}}