{"id":73481,"date":"2021-10-09T19:46:55","date_gmt":"2021-10-09T18:46:55","guid":{"rendered":"https:\/\/radioljubuski.ba\/?p=73481"},"modified":"2021-10-09T19:47:34","modified_gmt":"2021-10-09T18:47:34","slug":"hrgovic-wildera-ne-treba-otpisati-ali-prednost-dajem-furyju","status":"publish","type":"post","link":"https:\/\/radioljubuski.ba\/index.php\/2021\/10\/09\/hrgovic-wildera-ne-treba-otpisati-ali-prednost-dajem-furyju\/","title":{"rendered":"Hrgovi\u0107: Wildera ne treba otpisati, ali prednost dajem Furyju"},"content":{"rendered":"\n<p><strong>U Las Vegasu sve je spremno za tre\u0107i me\u010d izme\u0111u Tysona Furyja (30-0-1) i Deontaya Wildera (42-1-1). Boksa\u010dki spektakl odr\u017eat \u0107e se u no\u0107i sa subote na nedjelju po srednjoeuropskom vremenu.&nbsp;<\/strong><\/p>\n\n\n\n<p>Fury je izuzetno motiviran i \u017eeli ponovno izdominirati Wildera nakon uvjerljive pobjede u njihovom drugom me\u0111usobnom me\u010du.<br><br>&#8211; Pogledajte u kakvom je stanju, njegovo srce se trese. Ovdje je \u010dovjek koji \u0107e te uni\u0161titi, ja, &#8220;Gypsy King&#8221;. Ne mogu do\u010dekati subotu nave\u010der. Uistinu \u0107u ga ozbiljno ozlijediti i bit \u0107e neprepoznatljiv nakon borbe, poru\u010dio je Fury.<br><br>Na vaganju je Deontay Wilder bio znatno lak\u0161i od protivnika, vaga je pokazala 107,95 kg, za razliku od Furyja koji je imao 125,65 kg.<br><br>&#8211; Nebitno je koliko je te\u017eak, ja mogu le\u0107i na le\u0111a i podi\u0107i ga. Iskupljenje je pred nama i jedva \u010dekam pokazati svijetu \u0161to mogu. Svijet \u0107e ponovno upoznati Deontayja Wildera, poru\u010dio je Amerikanac.<\/p>\n\n\n\n<blockquote class=\"twitter-tweet\"><p lang=\"en\" dir=\"ltr\">Can this go down as one of the greatest trilogies in boxing history? \ud83c\udf7f<a href=\"https:\/\/twitter.com\/hashtag\/FuryWilder?src=hash&amp;ref_src=twsrc%5Etfw\">#FuryWilder<\/a> <a href=\"https:\/\/t.co\/bRKGqGtWhc\">pic.twitter.com\/bRKGqGtWhc<\/a><\/p>&mdash; DAZN Boxing (@DAZNBoxing) <a href=\"https:\/\/twitter.com\/DAZNBoxing\/status\/1446641562008514560?ref_src=twsrc%5Etfw\">October 9, 2021<\/a><\/blockquote> <script async src=\"https:\/\/platform.twitter.com\/widgets.js\" charset=\"utf-8\"><\/script>\n\n\n\n<p>Najbolji hrvatski boksa\u010d<strong>&nbsp;Filip Hrgovi\u0107<\/strong>&nbsp;najavio je kome daje prednost u tom me\u010du.<br><br>&#8211; Tre\u0107i sudar Furyja i Wildera bit \u0107e dosta razli\u010dit od posljednjeg. Wilder \u0107e ovaj put sigurno dati maksimum, jako je motiviran, u pitanju mu je karijera. Mislim da je zadnji put podcijenio Furyja, u me\u010d je u\u0161ao opu\u0161teno, \u0161to je Tyson odli\u010dno iskoristio, izjavio je Hrgovi\u0107 za Favbet.&nbsp;<br><br>&#8211; Wildera ne treba otpisati bez obzira kako je izgledao u posljednjem me\u010du. Tvrdi da je na pripremama dosta toga promijenio i da \u0107emo vidjeti njegovo novo lice. O\u010dekujem uzbudljiv me\u010d, ali ipak malu prednost dajem Furyju jer je svjestan Wilderove desnice. Zadnji put ju je dobro neutralizirao, tehni\u010dki je dobro potkovan, dosta neugodan borac, koji je dokazao da zaista mo\u017ee primiti i jak udarac, opet stati na noge i vratiti se u borbu, rekao je Hrgovi\u0107.<\/p>\n\n\n\n<p>Izvor:hrt.hr<\/p>\n","protected":false},"excerpt":{"rendered":"<p>U Las Vegasu sve je spremno za tre\u0107i me\u010d izme\u0111u Tysona Furyja (30-0-1) i Deontaya Wildera (42-1-1). Boksa\u010dki spektakl odr\u017eat \u0107e se u no\u0107i sa subote na nedjelju po srednjoeuropskom vremenu.&nbsp; Fury je izuzetno motiviran i \u017eeli ponovno izdominirati Wildera nakon uvjerljive pobjede u njihovom drugom me\u0111usobnom me\u010du. &#8211; Pogledajte u kakvom je stanju, njegovo [&hellip;]<\/p>\n","protected":false},"author":2,"featured_media":73482,"comment_status":"closed","ping_status":"closed","sticky":false,"template":"","format":"standard","meta":{"h5ap_radio_sources":[],"footnotes":""},"categories":[7],"tags":[],"class_list":["post-73481","post","type-post","status-publish","format-standard","has-post-thumbnail","hentry","category-sport"],"yoast_head":"<!-- This site is optimized with the Yoast SEO plugin v27.5 - https:\/\/yoast.com\/product\/yoast-seo-wordpress\/ -->\n<title>Hrgovi\u0107: Wildera ne treba otpisati, ali prednost dajem Furyju - RADIO LJUBU\u0160KI<\/title>\n<meta name=\"robots\" content=\"index, follow, max-snippet:-1, max-image-preview:large, max-video-preview:-1\" \/>\n<link rel=\"canonical\" href=\"https:\/\/radioljubuski.ba\/index.php\/2021\/10\/09\/hrgovic-wildera-ne-treba-otpisati-ali-prednost-dajem-furyju\/\" \/>\n<meta property=\"og:locale\" content=\"hr_HR\" \/>\n<meta property=\"og:type\" content=\"article\" \/>\n<meta property=\"og:title\" content=\"Hrgovi\u0107: Wildera ne treba otpisati, ali prednost dajem Furyju - RADIO LJUBU\u0160KI\" \/>\n<meta property=\"og:description\" content=\"U Las Vegasu sve je spremno za tre\u0107i me\u010d izme\u0111u Tysona Furyja (30-0-1) i Deontaya Wildera (42-1-1). Boksa\u010dki spektakl odr\u017eat \u0107e se u no\u0107i sa subote na nedjelju po srednjoeuropskom vremenu.&nbsp; Fury je izuzetno motiviran i \u017eeli ponovno izdominirati Wildera nakon uvjerljive pobjede u njihovom drugom me\u0111usobnom me\u010du. &#8211; Pogledajte u kakvom je stanju, njegovo [&hellip;]\" \/>\n<meta property=\"og:url\" content=\"https:\/\/radioljubuski.ba\/index.php\/2021\/10\/09\/hrgovic-wildera-ne-treba-otpisati-ali-prednost-dajem-furyju\/\" \/>\n<meta property=\"og:site_name\" content=\"RADIO LJUBU\u0160KI\" \/>\n<meta property=\"article:publisher\" content=\"https:\/\/www.facebook.com\/Radiio-Ljubuski-1490835324566332\" \/>\n<meta property=\"article:published_time\" content=\"2021-10-09T18:46:55+00:00\" \/>\n<meta property=\"article:modified_time\" content=\"2021-10-09T18:47:34+00:00\" \/>\n<meta property=\"og:image\" content=\"https:\/\/radioljubuski.ba\/wp-content\/uploads\/2021\/10\/preuzmi-18.jpg\" \/>\n\t<meta property=\"og:image:width\" content=\"296\" \/>\n\t<meta property=\"og:image:height\" content=\"170\" \/>\n\t<meta property=\"og:image:type\" content=\"image\/jpeg\" \/>\n<meta name=\"author\" content=\"Radio Ljubu\u0161ki\" \/>\n<meta name=\"twitter:card\" content=\"summary_large_image\" \/>\n<meta name=\"twitter:creator\" content=\"@radioljubuski\" \/>\n<meta name=\"twitter:site\" content=\"@radioljubuski\" \/>\n<meta name=\"twitter:label1\" content=\"Napisao\/la\" \/>\n\t<meta name=\"twitter:data1\" content=\"Radio Ljubu\u0161ki\" \/>\n\t<meta name=\"twitter:label2\" content=\"Procijenjeno vrijeme \u010ditanja\" \/>\n\t<meta name=\"twitter:data2\" content=\"2 minute\" \/>\n<script type=\"application\/ld+json\" class=\"yoast-schema-graph\">{\"@context\":\"https:\\\/\\\/schema.org\",\"@graph\":[{\"@type\":\"Article\",\"@id\":\"https:\\\/\\\/radioljubuski.ba\\\/index.php\\\/2021\\\/10\\\/09\\\/hrgovic-wildera-ne-treba-otpisati-ali-prednost-dajem-furyju\\\/#article\",\"isPartOf\":{\"@id\":\"https:\\\/\\\/radioljubuski.ba\\\/index.php\\\/2021\\\/10\\\/09\\\/hrgovic-wildera-ne-treba-otpisati-ali-prednost-dajem-furyju\\\/\"},\"author\":{\"name\":\"Radio Ljubu\u0161ki\",\"@id\":\"https:\\\/\\\/radioljubuski.ba\\\/#\\\/schema\\\/person\\\/19fc700381a780f69665d7956c469e3b\"},\"headline\":\"Hrgovi\u0107: Wildera ne treba otpisati, ali prednost dajem Furyju\",\"datePublished\":\"2021-10-09T18:46:55+00:00\",\"dateModified\":\"2021-10-09T18:47:34+00:00\",\"mainEntityOfPage\":{\"@id\":\"https:\\\/\\\/radioljubuski.ba\\\/index.php\\\/2021\\\/10\\\/09\\\/hrgovic-wildera-ne-treba-otpisati-ali-prednost-dajem-furyju\\\/\"},\"wordCount\":350,\"publisher\":{\"@id\":\"https:\\\/\\\/radioljubuski.ba\\\/#organization\"},\"image\":{\"@id\":\"https:\\\/\\\/radioljubuski.ba\\\/index.php\\\/2021\\\/10\\\/09\\\/hrgovic-wildera-ne-treba-otpisati-ali-prednost-dajem-furyju\\\/#primaryimage\"},\"thumbnailUrl\":\"https:\\\/\\\/radioljubuski.ba\\\/wp-content\\\/uploads\\\/2021\\\/10\\\/preuzmi-18.jpg\",\"articleSection\":[\"\u0160port\"],\"inLanguage\":\"hr\"},{\"@type\":\"WebPage\",\"@id\":\"https:\\\/\\\/radioljubuski.ba\\\/index.php\\\/2021\\\/10\\\/09\\\/hrgovic-wildera-ne-treba-otpisati-ali-prednost-dajem-furyju\\\/\",\"url\":\"https:\\\/\\\/radioljubuski.ba\\\/index.php\\\/2021\\\/10\\\/09\\\/hrgovic-wildera-ne-treba-otpisati-ali-prednost-dajem-furyju\\\/\",\"name\":\"Hrgovi\u0107: Wildera ne treba otpisati, ali prednost dajem Furyju - RADIO LJUBU\u0160KI\",\"isPartOf\":{\"@id\":\"https:\\\/\\\/radioljubuski.ba\\\/#website\"},\"primaryImageOfPage\":{\"@id\":\"https:\\\/\\\/radioljubuski.ba\\\/index.php\\\/2021\\\/10\\\/09\\\/hrgovic-wildera-ne-treba-otpisati-ali-prednost-dajem-furyju\\\/#primaryimage\"},\"image\":{\"@id\":\"https:\\\/\\\/radioljubuski.ba\\\/index.php\\\/2021\\\/10\\\/09\\\/hrgovic-wildera-ne-treba-otpisati-ali-prednost-dajem-furyju\\\/#primaryimage\"},\"thumbnailUrl\":\"https:\\\/\\\/radioljubuski.ba\\\/wp-content\\\/uploads\\\/2021\\\/10\\\/preuzmi-18.jpg\",\"datePublished\":\"2021-10-09T18:46:55+00:00\",\"dateModified\":\"2021-10-09T18:47:34+00:00\",\"breadcrumb\":{\"@id\":\"https:\\\/\\\/radioljubuski.ba\\\/index.php\\\/2021\\\/10\\\/09\\\/hrgovic-wildera-ne-treba-otpisati-ali-prednost-dajem-furyju\\\/#breadcrumb\"},\"inLanguage\":\"hr\",\"potentialAction\":[{\"@type\":\"ReadAction\",\"target\":[\"https:\\\/\\\/radioljubuski.ba\\\/index.php\\\/2021\\\/10\\\/09\\\/hrgovic-wildera-ne-treba-otpisati-ali-prednost-dajem-furyju\\\/\"]}]},{\"@type\":\"ImageObject\",\"inLanguage\":\"hr\",\"@id\":\"https:\\\/\\\/radioljubuski.ba\\\/index.php\\\/2021\\\/10\\\/09\\\/hrgovic-wildera-ne-treba-otpisati-ali-prednost-dajem-furyju\\\/#primaryimage\",\"url\":\"https:\\\/\\\/radioljubuski.ba\\\/wp-content\\\/uploads\\\/2021\\\/10\\\/preuzmi-18.jpg\",\"contentUrl\":\"https:\\\/\\\/radioljubuski.ba\\\/wp-content\\\/uploads\\\/2021\\\/10\\\/preuzmi-18.jpg\",\"width\":296,\"height\":170},{\"@type\":\"BreadcrumbList\",\"@id\":\"https:\\\/\\\/radioljubuski.ba\\\/index.php\\\/2021\\\/10\\\/09\\\/hrgovic-wildera-ne-treba-otpisati-ali-prednost-dajem-furyju\\\/#breadcrumb\",\"itemListElement\":[{\"@type\":\"ListItem\",\"position\":1,\"name\":\"Po\u010detna stranica\",\"item\":\"https:\\\/\\\/radioljubuski.ba\\\/\"},{\"@type\":\"ListItem\",\"position\":2,\"name\":\"Hrgovi\u0107: Wildera ne treba otpisati, ali prednost dajem Furyju\"}]},{\"@type\":\"WebSite\",\"@id\":\"https:\\\/\\\/radioljubuski.ba\\\/#website\",\"url\":\"https:\\\/\\\/radioljubuski.ba\\\/\",\"name\":\"Radio Ljubu\u0161ki\",\"description\":\"Sun\u010dana frekvencija Hercegovine\",\"publisher\":{\"@id\":\"https:\\\/\\\/radioljubuski.ba\\\/#organization\"},\"potentialAction\":[{\"@type\":\"SearchAction\",\"target\":{\"@type\":\"EntryPoint\",\"urlTemplate\":\"https:\\\/\\\/radioljubuski.ba\\\/?s={search_term_string}\"},\"query-input\":{\"@type\":\"PropertyValueSpecification\",\"valueRequired\":true,\"valueName\":\"search_term_string\"}}],\"inLanguage\":\"hr\"},{\"@type\":\"Organization\",\"@id\":\"https:\\\/\\\/radioljubuski.ba\\\/#organization\",\"name\":\"Radio Ljubu\u0161ki\",\"url\":\"https:\\\/\\\/radioljubuski.ba\\\/\",\"logo\":{\"@type\":\"ImageObject\",\"inLanguage\":\"hr\",\"@id\":\"https:\\\/\\\/radioljubuski.ba\\\/#\\\/schema\\\/logo\\\/image\\\/\",\"url\":\"https:\\\/\\\/radioljubuski.ba\\\/wp-content\\\/uploads\\\/2021\\\/02\\\/cropped-Radio_Ljubuski_logo1.jpg\",\"contentUrl\":\"https:\\\/\\\/radioljubuski.ba\\\/wp-content\\\/uploads\\\/2021\\\/02\\\/cropped-Radio_Ljubuski_logo1.jpg\",\"width\":512,\"height\":512,\"caption\":\"Radio Ljubu\u0161ki\"},\"image\":{\"@id\":\"https:\\\/\\\/radioljubuski.ba\\\/#\\\/schema\\\/logo\\\/image\\\/\"},\"sameAs\":[\"https:\\\/\\\/www.facebook.com\\\/Radiio-Ljubuski-1490835324566332\",\"https:\\\/\\\/x.com\\\/radioljubuski\",\"https:\\\/\\\/hr.linkedin.com\\\/company\\\/radio-ljubuski\",\"https:\\\/\\\/www.youtube.com\\\/channel\\\/UCHYaeO_n0Db3tjNGudGpXyw\"]},{\"@type\":\"Person\",\"@id\":\"https:\\\/\\\/radioljubuski.ba\\\/#\\\/schema\\\/person\\\/19fc700381a780f69665d7956c469e3b\",\"name\":\"Radio Ljubu\u0161ki\"}]}<\/script>\n<!-- \/ Yoast SEO plugin. -->","yoast_head_json":{"title":"Hrgovi\u0107: Wildera ne treba otpisati, ali prednost dajem Furyju - RADIO LJUBU\u0160KI","robots":{"index":"index","follow":"follow","max-snippet":"max-snippet:-1","max-image-preview":"max-image-preview:large","max-video-preview":"max-video-preview:-1"},"canonical":"https:\/\/radioljubuski.ba\/index.php\/2021\/10\/09\/hrgovic-wildera-ne-treba-otpisati-ali-prednost-dajem-furyju\/","og_locale":"hr_HR","og_type":"article","og_title":"Hrgovi\u0107: Wildera ne treba otpisati, ali prednost dajem Furyju - RADIO LJUBU\u0160KI","og_description":"U Las Vegasu sve je spremno za tre\u0107i me\u010d izme\u0111u Tysona Furyja (30-0-1) i Deontaya Wildera (42-1-1). Boksa\u010dki spektakl odr\u017eat \u0107e se u no\u0107i sa subote na nedjelju po srednjoeuropskom vremenu.&nbsp; Fury je izuzetno motiviran i \u017eeli ponovno izdominirati Wildera nakon uvjerljive pobjede u njihovom drugom me\u0111usobnom me\u010du. &#8211; Pogledajte u kakvom je stanju, njegovo [&hellip;]","og_url":"https:\/\/radioljubuski.ba\/index.php\/2021\/10\/09\/hrgovic-wildera-ne-treba-otpisati-ali-prednost-dajem-furyju\/","og_site_name":"RADIO LJUBU\u0160KI","article_publisher":"https:\/\/www.facebook.com\/Radiio-Ljubuski-1490835324566332","article_published_time":"2021-10-09T18:46:55+00:00","article_modified_time":"2021-10-09T18:47:34+00:00","og_image":[{"width":296,"height":170,"url":"https:\/\/radioljubuski.ba\/wp-content\/uploads\/2021\/10\/preuzmi-18.jpg","type":"image\/jpeg"}],"author":"Radio Ljubu\u0161ki","twitter_card":"summary_large_image","twitter_creator":"@radioljubuski","twitter_site":"@radioljubuski","twitter_misc":{"Napisao\/la":"Radio Ljubu\u0161ki","Procijenjeno vrijeme \u010ditanja":"2 minute"},"schema":{"@context":"https:\/\/schema.org","@graph":[{"@type":"Article","@id":"https:\/\/radioljubuski.ba\/index.php\/2021\/10\/09\/hrgovic-wildera-ne-treba-otpisati-ali-prednost-dajem-furyju\/#article","isPartOf":{"@id":"https:\/\/radioljubuski.ba\/index.php\/2021\/10\/09\/hrgovic-wildera-ne-treba-otpisati-ali-prednost-dajem-furyju\/"},"author":{"name":"Radio Ljubu\u0161ki","@id":"https:\/\/radioljubuski.ba\/#\/schema\/person\/19fc700381a780f69665d7956c469e3b"},"headline":"Hrgovi\u0107: Wildera ne treba otpisati, ali prednost dajem Furyju","datePublished":"2021-10-09T18:46:55+00:00","dateModified":"2021-10-09T18:47:34+00:00","mainEntityOfPage":{"@id":"https:\/\/radioljubuski.ba\/index.php\/2021\/10\/09\/hrgovic-wildera-ne-treba-otpisati-ali-prednost-dajem-furyju\/"},"wordCount":350,"publisher":{"@id":"https:\/\/radioljubuski.ba\/#organization"},"image":{"@id":"https:\/\/radioljubuski.ba\/index.php\/2021\/10\/09\/hrgovic-wildera-ne-treba-otpisati-ali-prednost-dajem-furyju\/#primaryimage"},"thumbnailUrl":"https:\/\/radioljubuski.ba\/wp-content\/uploads\/2021\/10\/preuzmi-18.jpg","articleSection":["\u0160port"],"inLanguage":"hr"},{"@type":"WebPage","@id":"https:\/\/radioljubuski.ba\/index.php\/2021\/10\/09\/hrgovic-wildera-ne-treba-otpisati-ali-prednost-dajem-furyju\/","url":"https:\/\/radioljubuski.ba\/index.php\/2021\/10\/09\/hrgovic-wildera-ne-treba-otpisati-ali-prednost-dajem-furyju\/","name":"Hrgovi\u0107: Wildera ne treba otpisati, ali prednost dajem Furyju - RADIO LJUBU\u0160KI","isPartOf":{"@id":"https:\/\/radioljubuski.ba\/#website"},"primaryImageOfPage":{"@id":"https:\/\/radioljubuski.ba\/index.php\/2021\/10\/09\/hrgovic-wildera-ne-treba-otpisati-ali-prednost-dajem-furyju\/#primaryimage"},"image":{"@id":"https:\/\/radioljubuski.ba\/index.php\/2021\/10\/09\/hrgovic-wildera-ne-treba-otpisati-ali-prednost-dajem-furyju\/#primaryimage"},"thumbnailUrl":"https:\/\/radioljubuski.ba\/wp-content\/uploads\/2021\/10\/preuzmi-18.jpg","datePublished":"2021-10-09T18:46:55+00:00","dateModified":"2021-10-09T18:47:34+00:00","breadcrumb":{"@id":"https:\/\/radioljubuski.ba\/index.php\/2021\/10\/09\/hrgovic-wildera-ne-treba-otpisati-ali-prednost-dajem-furyju\/#breadcrumb"},"inLanguage":"hr","potentialAction":[{"@type":"ReadAction","target":["https:\/\/radioljubuski.ba\/index.php\/2021\/10\/09\/hrgovic-wildera-ne-treba-otpisati-ali-prednost-dajem-furyju\/"]}]},{"@type":"ImageObject","inLanguage":"hr","@id":"https:\/\/radioljubuski.ba\/index.php\/2021\/10\/09\/hrgovic-wildera-ne-treba-otpisati-ali-prednost-dajem-furyju\/#primaryimage","url":"https:\/\/radioljubuski.ba\/wp-content\/uploads\/2021\/10\/preuzmi-18.jpg","contentUrl":"https:\/\/radioljubuski.ba\/wp-content\/uploads\/2021\/10\/preuzmi-18.jpg","width":296,"height":170},{"@type":"BreadcrumbList","@id":"https:\/\/radioljubuski.ba\/index.php\/2021\/10\/09\/hrgovic-wildera-ne-treba-otpisati-ali-prednost-dajem-furyju\/#breadcrumb","itemListElement":[{"@type":"ListItem","position":1,"name":"Po\u010detna stranica","item":"https:\/\/radioljubuski.ba\/"},{"@type":"ListItem","position":2,"name":"Hrgovi\u0107: Wildera ne treba otpisati, ali prednost dajem Furyju"}]},{"@type":"WebSite","@id":"https:\/\/radioljubuski.ba\/#website","url":"https:\/\/radioljubuski.ba\/","name":"Radio Ljubu\u0161ki","description":"Sun\u010dana frekvencija Hercegovine","publisher":{"@id":"https:\/\/radioljubuski.ba\/#organization"},"potentialAction":[{"@type":"SearchAction","target":{"@type":"EntryPoint","urlTemplate":"https:\/\/radioljubuski.ba\/?s={search_term_string}"},"query-input":{"@type":"PropertyValueSpecification","valueRequired":true,"valueName":"search_term_string"}}],"inLanguage":"hr"},{"@type":"Organization","@id":"https:\/\/radioljubuski.ba\/#organization","name":"Radio Ljubu\u0161ki","url":"https:\/\/radioljubuski.ba\/","logo":{"@type":"ImageObject","inLanguage":"hr","@id":"https:\/\/radioljubuski.ba\/#\/schema\/logo\/image\/","url":"https:\/\/radioljubuski.ba\/wp-content\/uploads\/2021\/02\/cropped-Radio_Ljubuski_logo1.jpg","contentUrl":"https:\/\/radioljubuski.ba\/wp-content\/uploads\/2021\/02\/cropped-Radio_Ljubuski_logo1.jpg","width":512,"height":512,"caption":"Radio Ljubu\u0161ki"},"image":{"@id":"https:\/\/radioljubuski.ba\/#\/schema\/logo\/image\/"},"sameAs":["https:\/\/www.facebook.com\/Radiio-Ljubuski-1490835324566332","https:\/\/x.com\/radioljubuski","https:\/\/hr.linkedin.com\/company\/radio-ljubuski","https:\/\/www.youtube.com\/channel\/UCHYaeO_n0Db3tjNGudGpXyw"]},{"@type":"Person","@id":"https:\/\/radioljubuski.ba\/#\/schema\/person\/19fc700381a780f69665d7956c469e3b","name":"Radio Ljubu\u0161ki"}]}},"_links":{"self":[{"href":"https:\/\/radioljubuski.ba\/index.php\/wp-json\/wp\/v2\/posts\/73481","targetHints":{"allow":["GET"]}}],"collection":[{"href":"https:\/\/radioljubuski.ba\/index.php\/wp-json\/wp\/v2\/posts"}],"about":[{"href":"https:\/\/radioljubuski.ba\/index.php\/wp-json\/wp\/v2\/types\/post"}],"author":[{"embeddable":true,"href":"https:\/\/radioljubuski.ba\/index.php\/wp-json\/wp\/v2\/users\/2"}],"replies":[{"embeddable":true,"href":"https:\/\/radioljubuski.ba\/index.php\/wp-json\/wp\/v2\/comments?post=73481"}],"version-history":[{"count":2,"href":"https:\/\/radioljubuski.ba\/index.php\/wp-json\/wp\/v2\/posts\/73481\/revisions"}],"predecessor-version":[{"id":73484,"href":"https:\/\/radioljubuski.ba\/index.php\/wp-json\/wp\/v2\/posts\/73481\/revisions\/73484"}],"wp:featuredmedia":[{"embeddable":true,"href":"https:\/\/radioljubuski.ba\/index.php\/wp-json\/wp\/v2\/media\/73482"}],"wp:attachment":[{"href":"https:\/\/radioljubuski.ba\/index.php\/wp-json\/wp\/v2\/media?parent=73481"}],"wp:term":[{"taxonomy":"category","embeddable":true,"href":"https:\/\/radioljubuski.ba\/index.php\/wp-json\/wp\/v2\/categories?post=73481"},{"taxonomy":"post_tag","embeddable":true,"href":"https:\/\/radioljubuski.ba\/index.php\/wp-json\/wp\/v2\/tags?post=73481"}],"curies":[{"name":"wp","href":"https:\/\/api.w.org\/{rel}","templated":true}]}}