{"id":73494,"date":"2021-10-09T20:01:27","date_gmt":"2021-10-09T19:01:27","guid":{"rendered":"https:\/\/radioljubuski.ba\/?p=73494"},"modified":"2021-10-11T09:43:41","modified_gmt":"2021-10-11T08:43:41","slug":"ljubuski-na-andricev-rodendan-predstavljena-knjiga-franjevci-u-djelima-ive-andrica","status":"publish","type":"post","link":"https:\/\/radioljubuski.ba\/index.php\/2021\/10\/09\/ljubuski-na-andricev-rodendan-predstavljena-knjiga-franjevci-u-djelima-ive-andrica\/","title":{"rendered":"Ljubu\u0161ki: Na Andri\u0107ev ro\u0111endan predstavljena knjiga &#8220;Franjevci u djelima Ive Andri\u0107a&#8221; &#8211; audio i foto"},"content":{"rendered":"\n<p>U lapidariju samostana na Humcu ve\u010deras je predstavljena knjiga \u201eFranjevci u djelima Ive Andri\u0107a\u201c, deveta knjiga fra Ike Skoke, poznatog hercegova\u010dkog franjevca i sveu\u010dili\u0161nog profesora komunikacijskih znanosti u Mostaru.<\/p>\n\n\n\n<p>Kako je u uvodu objasnio moderator prof. dr. Nino \u0106ori\u0107 rije\u010d je o djelu o franjevcima, posve\u0107enom odgojiteljima, profesorima i kolegama od strane autora koji je i sam franjevac, odgojitelj, profesor i kolega.<\/p>\n\n\n\n<p>Dana\u0161nji dan nije slu\u010dajno odabran za predstavljanje. Naime, 9. listopada 1892. ro\u0111en je Ivo Andri\u0107, a na njegov ro\u0111endan na Humcu se govorilo o raznim aspektima njegovog \u017eivota, ali najvi\u0161e o Andri\u0107evoj povezanosti s franjevcima.<\/p>\n\n\n\n<p>\u201e<em>Pro\u010ditati sva Andri\u0107eva djela, iz njih izvu\u0107i sve \u0161to je on napisao o franjevcima i napraviti jednu znanstvenu analizu povezanosti Andri\u0107a i bosanskih franjevaca, opse\u017ean je, zahtjevan i hvalevrijedan posao\u201c,<\/em> rekao je u svom osvrtu na knjigu jedan od predstavlja\u010da fra Stanko Mabi\u0107.<\/p>\n\n\n\n<p>Fra Stanko je dodao kako je on \u010ditaju\u0107i fra Ikinu knjigu uo\u010dio kako je Andri\u0107 u stvarnom \u017eivotu, ali i u \u017eivotu svojih knji\u017eevnih djela prijateljevao s franjevcima.<\/p>\n\n\n\n<p>Kako je ve\u010deras istaknuto, Andri\u0107 je vi\u0161e od 50 godina prijateljevao s franjevcima Bosne Srebrene. Te\u0161ko je u svijetu prona\u0107i nobelovca koji je toliko pisao i toliko prijateljevao s franjevcima. Fra Iko je analiziraju\u0107i Andri\u0107a prona\u0161ao 44 franjevca koje ovaj nobelovac spominje imenom i prezimenom u svojim djelima. <\/p>\n\n\n\n<p><em>\u201eTa njegova ljubav njegova prema franjevcima, to me je dodirnulo i potaknulo da sudjelujem u ve\u010dera\u0161njem doga\u0111aju&#8221;<\/em> rekao je fra Stanko koji je ve\u010deras govorio i o tome kako je do\u0161lo do nastanka ove knjige.<\/p>\n\n\n\n<p>\u201e<em>U svom uvodniku fra Iko navodi kako nije ba\u0161 razumio \u0161to bi Andri\u0107eva novela \u201eMost na \u017depi\u201c bila najbolja novela na svijetu po mi\u0161ljenju Me\u0161e Selimovi\u0107a, ali je zapazio dok je \u010ditao da u toj noveli Ivo pi\u0161e pozitivno o franjevcima u Istambulu. To ga je potaknulo da studioznije analizira i druge Andri\u0107eve pripovijetke, kao i romane, i u njima potra\u017ei opise bosanskih franjevaca i njihovo djelovanje u Bosni za vrijeme turske vladavine. Bio je odu\u0161evljen i to je odu\u0161evljenje podijelio sa mnom kada je otkrio kako Andri\u0107 skoro u svakom djelu spominje franjevce i njihovo djelovanje u Bosni\u201c,<\/em> otkrio je fra Stanko.<\/p>\n\n\n\n<p>Prof. dr. Perina Mei\u0107 koja na Filozofskom fakultetu Sveu\u010dili\u0161ta u Mostaru dr\u017ei nastavu iz teorije i novije hrvatske knji\u017eevnosti te je dobar dio svoje akademske karijere posvetila Andri\u0107u je \u010destitala fra Iki jer je iskreno na papir prenio sve one svoje dojmove koji su vezani za Andri\u0107a, a to su dobra energija, duh otvorenosti i tolerancije. &nbsp;<\/p>\n\n\n\n<p>\u201e<em>Ja se bavim Andri\u0107em i govorim o Andri\u0107evoj poetici i stalno studentima \u201etupim\u201c da, kako bi razumjeli Andri\u0107evu poetiku, moraju ne\u0161to znati o franjeva\u010dkoj knji\u017eevnoj tradiciji jer franjeva\u010dka knji\u017eevna tradicija, i franjeva\u010dka kulturna tradicija, je srce Andri\u0107evog knji\u017eevnog opusa, a ako ne znamo to srce, ne mo\u017eemo ni\u0161ta ni znati o Ivi Andri\u0107u\u201c, <\/em>istaknula je prof. dr. Mei\u0107.<\/p>\n\n\n\n<p>Prof. dr. sc. Iko Skoko je govore\u0107i o Andri\u0107u istaknuo kako je te\u0161ko u\u0107i u Andri\u0107evu du\u0161u.<\/p>\n\n\n\n<p>\u201e<em>To mo\u017ee samo onaj tko pro\u010dita sva njegova djela. Andri\u0107 je bio siro\u010de, glad ga je otjerala u Beograd. Najljep\u0161a njegova re\u010denica meni je ona u \u201eMari Milosrdnici\u201c; \u201e\u201cNe\u0107e\u0161 biti gladna kruha, ali \u0107e\u0161 uvijek biti gladna lijepe rije\u010di i pogleda\u201c. Kad bi mogli sa\u017eeti njegovu poruku, \u201enije samo dovoljan kruh, nego \u010dovjeku treba lijepa rije\u010d u \u017eivotu\u201c,<\/em> poru\u010dio je fra Iko.<\/p>\n\n\n\n<p>Na kraju ve\u010deri i autora je do\u010dekalo jedno iznena\u0111enje, direktor Hrvatske po\u0161te Mostar Mate Rup\u010di\u0107 je fra Iki Skoki uru\u010dio veliku po\u0161tansku marku s likom Ive Andri\u0107a.<\/p>\n\n\n\n<p>Na ve\u010dera\u0161njoj promociji okupio se velik broj gra\u0111ana, a prihod od svih prodanih knjiga je bio namijenjen za financiranje pu\u010dke kuhinje Dompesa koja redovito priprema obroke za vi\u0161e siroma\u0161nih obitelji u Mostaru.<\/p>\n\n\n\n<p>U audiozapisu poslu\u0161ajte \u0161to su nakon promocije rekli fra Stanko Mabi\u0107 i fra Iko Skoko<\/p>\n\n\n\n<iframe src=\"https:\/\/drive.google.com\/file\/d\/1WspcnTHEqjCOVoGvwY1BLJWky6nhnu2q\/preview\" style=\"width: 100%; height: 100px;\"><\/iframe>\n\n\n\n<iframe loading=\"lazy\" src=\"https:\/\/www.facebook.com\/plugins\/post.php?href=https%3A%2F%2Fwww.facebook.com%2Fpermalink.php%3Fstory_fbid%3D2975126356137214%26id%3D1490835324566332&amp;show_text=true&amp;width=500\" style=\"border:none;overflow:hidden\" scrolling=\"no\" allowfullscreen=\"true\" allow=\"autoplay; clipboard-write; encrypted-media; picture-in-picture; web-share\" width=\"500\" height=\"728\" frameborder=\"0\"><\/iframe>\n\n\n\n<p>Ivan Herceg \/ Radio Ljubu\u0161ki<\/p>\n","protected":false},"excerpt":{"rendered":"<p>U lapidariju samostana na Humcu ve\u010deras je predstavljena knjiga \u201eFranjevci u djelima Ive Andri\u0107a\u201c, deveta knjiga fra Ike Skoke, poznatog hercegova\u010dkog franjevca i sveu\u010dili\u0161nog profesora komunikacijskih znanosti u Mostaru. Kako je u uvodu objasnio moderator prof. dr. Nino \u0106ori\u0107 rije\u010d je o djelu o franjevcima, posve\u0107enom odgojiteljima, profesorima i kolegama od strane autora koji je [&hellip;]<\/p>\n","protected":false},"author":2,"featured_media":73505,"comment_status":"closed","ping_status":"closed","sticky":false,"template":"","format":"standard","meta":{"h5ap_radio_sources":[],"footnotes":""},"categories":[8],"tags":[],"class_list":["post-73494","post","type-post","status-publish","format-standard","has-post-thumbnail","hentry","category-rlj-audio"],"yoast_head":"<!-- This site is optimized with the Yoast SEO plugin v27.5 - https:\/\/yoast.com\/product\/yoast-seo-wordpress\/ -->\n<title>Ljubu\u0161ki: Na Andri\u0107ev ro\u0111endan predstavljena knjiga &quot;Franjevci u djelima Ive Andri\u0107a&quot; - audio i foto - RADIO LJUBU\u0160KI<\/title>\n<meta name=\"robots\" content=\"index, follow, max-snippet:-1, max-image-preview:large, max-video-preview:-1\" \/>\n<link rel=\"canonical\" href=\"https:\/\/radioljubuski.ba\/index.php\/2021\/10\/09\/ljubuski-na-andricev-rodendan-predstavljena-knjiga-franjevci-u-djelima-ive-andrica\/\" \/>\n<meta property=\"og:locale\" content=\"hr_HR\" \/>\n<meta property=\"og:type\" content=\"article\" \/>\n<meta property=\"og:title\" content=\"Ljubu\u0161ki: Na Andri\u0107ev ro\u0111endan predstavljena knjiga &quot;Franjevci u djelima Ive Andri\u0107a&quot; - audio i foto - RADIO LJUBU\u0160KI\" \/>\n<meta property=\"og:description\" content=\"U lapidariju samostana na Humcu ve\u010deras je predstavljena knjiga \u201eFranjevci u djelima Ive Andri\u0107a\u201c, deveta knjiga fra Ike Skoke, poznatog hercegova\u010dkog franjevca i sveu\u010dili\u0161nog profesora komunikacijskih znanosti u Mostaru. Kako je u uvodu objasnio moderator prof. dr. Nino \u0106ori\u0107 rije\u010d je o djelu o franjevcima, posve\u0107enom odgojiteljima, profesorima i kolegama od strane autora koji je [&hellip;]\" \/>\n<meta property=\"og:url\" content=\"https:\/\/radioljubuski.ba\/index.php\/2021\/10\/09\/ljubuski-na-andricev-rodendan-predstavljena-knjiga-franjevci-u-djelima-ive-andrica\/\" \/>\n<meta property=\"og:site_name\" content=\"RADIO LJUBU\u0160KI\" \/>\n<meta property=\"article:publisher\" content=\"https:\/\/www.facebook.com\/Radiio-Ljubuski-1490835324566332\" \/>\n<meta property=\"article:published_time\" content=\"2021-10-09T19:01:27+00:00\" \/>\n<meta property=\"article:modified_time\" content=\"2021-10-11T08:43:41+00:00\" \/>\n<meta property=\"og:image\" content=\"https:\/\/radioljubuski.ba\/wp-content\/uploads\/2021\/10\/humac-promocija.jpg\" \/>\n\t<meta property=\"og:image:width\" content=\"1237\" \/>\n\t<meta property=\"og:image:height\" content=\"537\" \/>\n\t<meta property=\"og:image:type\" content=\"image\/jpeg\" \/>\n<meta name=\"author\" content=\"Radio Ljubu\u0161ki\" \/>\n<meta name=\"twitter:card\" content=\"summary_large_image\" \/>\n<meta name=\"twitter:creator\" content=\"@radioljubuski\" \/>\n<meta name=\"twitter:site\" content=\"@radioljubuski\" \/>\n<meta name=\"twitter:label1\" content=\"Napisao\/la\" \/>\n\t<meta name=\"twitter:data1\" content=\"Radio Ljubu\u0161ki\" \/>\n\t<meta name=\"twitter:label2\" content=\"Procijenjeno vrijeme \u010ditanja\" \/>\n\t<meta name=\"twitter:data2\" content=\"3 minute\" \/>\n<script type=\"application\/ld+json\" class=\"yoast-schema-graph\">{\"@context\":\"https:\\\/\\\/schema.org\",\"@graph\":[{\"@type\":\"Article\",\"@id\":\"https:\\\/\\\/radioljubuski.ba\\\/index.php\\\/2021\\\/10\\\/09\\\/ljubuski-na-andricev-rodendan-predstavljena-knjiga-franjevci-u-djelima-ive-andrica\\\/#article\",\"isPartOf\":{\"@id\":\"https:\\\/\\\/radioljubuski.ba\\\/index.php\\\/2021\\\/10\\\/09\\\/ljubuski-na-andricev-rodendan-predstavljena-knjiga-franjevci-u-djelima-ive-andrica\\\/\"},\"author\":{\"name\":\"Radio Ljubu\u0161ki\",\"@id\":\"https:\\\/\\\/radioljubuski.ba\\\/#\\\/schema\\\/person\\\/19fc700381a780f69665d7956c469e3b\"},\"headline\":\"Ljubu\u0161ki: Na Andri\u0107ev ro\u0111endan predstavljena knjiga &#8220;Franjevci u djelima Ive Andri\u0107a&#8221; &#8211; audio i foto\",\"datePublished\":\"2021-10-09T19:01:27+00:00\",\"dateModified\":\"2021-10-11T08:43:41+00:00\",\"mainEntityOfPage\":{\"@id\":\"https:\\\/\\\/radioljubuski.ba\\\/index.php\\\/2021\\\/10\\\/09\\\/ljubuski-na-andricev-rodendan-predstavljena-knjiga-franjevci-u-djelima-ive-andrica\\\/\"},\"wordCount\":734,\"publisher\":{\"@id\":\"https:\\\/\\\/radioljubuski.ba\\\/#organization\"},\"image\":{\"@id\":\"https:\\\/\\\/radioljubuski.ba\\\/index.php\\\/2021\\\/10\\\/09\\\/ljubuski-na-andricev-rodendan-predstavljena-knjiga-franjevci-u-djelima-ive-andrica\\\/#primaryimage\"},\"thumbnailUrl\":\"https:\\\/\\\/radioljubuski.ba\\\/wp-content\\\/uploads\\\/2021\\\/10\\\/humac-promocija.jpg\",\"articleSection\":[\"RLJ Audio\"],\"inLanguage\":\"hr\"},{\"@type\":\"WebPage\",\"@id\":\"https:\\\/\\\/radioljubuski.ba\\\/index.php\\\/2021\\\/10\\\/09\\\/ljubuski-na-andricev-rodendan-predstavljena-knjiga-franjevci-u-djelima-ive-andrica\\\/\",\"url\":\"https:\\\/\\\/radioljubuski.ba\\\/index.php\\\/2021\\\/10\\\/09\\\/ljubuski-na-andricev-rodendan-predstavljena-knjiga-franjevci-u-djelima-ive-andrica\\\/\",\"name\":\"Ljubu\u0161ki: Na Andri\u0107ev ro\u0111endan predstavljena knjiga \\\"Franjevci u djelima Ive Andri\u0107a\\\" - audio i foto - RADIO LJUBU\u0160KI\",\"isPartOf\":{\"@id\":\"https:\\\/\\\/radioljubuski.ba\\\/#website\"},\"primaryImageOfPage\":{\"@id\":\"https:\\\/\\\/radioljubuski.ba\\\/index.php\\\/2021\\\/10\\\/09\\\/ljubuski-na-andricev-rodendan-predstavljena-knjiga-franjevci-u-djelima-ive-andrica\\\/#primaryimage\"},\"image\":{\"@id\":\"https:\\\/\\\/radioljubuski.ba\\\/index.php\\\/2021\\\/10\\\/09\\\/ljubuski-na-andricev-rodendan-predstavljena-knjiga-franjevci-u-djelima-ive-andrica\\\/#primaryimage\"},\"thumbnailUrl\":\"https:\\\/\\\/radioljubuski.ba\\\/wp-content\\\/uploads\\\/2021\\\/10\\\/humac-promocija.jpg\",\"datePublished\":\"2021-10-09T19:01:27+00:00\",\"dateModified\":\"2021-10-11T08:43:41+00:00\",\"breadcrumb\":{\"@id\":\"https:\\\/\\\/radioljubuski.ba\\\/index.php\\\/2021\\\/10\\\/09\\\/ljubuski-na-andricev-rodendan-predstavljena-knjiga-franjevci-u-djelima-ive-andrica\\\/#breadcrumb\"},\"inLanguage\":\"hr\",\"potentialAction\":[{\"@type\":\"ReadAction\",\"target\":[\"https:\\\/\\\/radioljubuski.ba\\\/index.php\\\/2021\\\/10\\\/09\\\/ljubuski-na-andricev-rodendan-predstavljena-knjiga-franjevci-u-djelima-ive-andrica\\\/\"]}]},{\"@type\":\"ImageObject\",\"inLanguage\":\"hr\",\"@id\":\"https:\\\/\\\/radioljubuski.ba\\\/index.php\\\/2021\\\/10\\\/09\\\/ljubuski-na-andricev-rodendan-predstavljena-knjiga-franjevci-u-djelima-ive-andrica\\\/#primaryimage\",\"url\":\"https:\\\/\\\/radioljubuski.ba\\\/wp-content\\\/uploads\\\/2021\\\/10\\\/humac-promocija.jpg\",\"contentUrl\":\"https:\\\/\\\/radioljubuski.ba\\\/wp-content\\\/uploads\\\/2021\\\/10\\\/humac-promocija.jpg\",\"width\":1237,\"height\":537},{\"@type\":\"BreadcrumbList\",\"@id\":\"https:\\\/\\\/radioljubuski.ba\\\/index.php\\\/2021\\\/10\\\/09\\\/ljubuski-na-andricev-rodendan-predstavljena-knjiga-franjevci-u-djelima-ive-andrica\\\/#breadcrumb\",\"itemListElement\":[{\"@type\":\"ListItem\",\"position\":1,\"name\":\"Po\u010detna stranica\",\"item\":\"https:\\\/\\\/radioljubuski.ba\\\/\"},{\"@type\":\"ListItem\",\"position\":2,\"name\":\"Ljubu\u0161ki: Na Andri\u0107ev ro\u0111endan predstavljena knjiga &#8220;Franjevci u djelima Ive Andri\u0107a&#8221; &#8211; audio i foto\"}]},{\"@type\":\"WebSite\",\"@id\":\"https:\\\/\\\/radioljubuski.ba\\\/#website\",\"url\":\"https:\\\/\\\/radioljubuski.ba\\\/\",\"name\":\"Radio Ljubu\u0161ki\",\"description\":\"Sun\u010dana frekvencija Hercegovine\",\"publisher\":{\"@id\":\"https:\\\/\\\/radioljubuski.ba\\\/#organization\"},\"potentialAction\":[{\"@type\":\"SearchAction\",\"target\":{\"@type\":\"EntryPoint\",\"urlTemplate\":\"https:\\\/\\\/radioljubuski.ba\\\/?s={search_term_string}\"},\"query-input\":{\"@type\":\"PropertyValueSpecification\",\"valueRequired\":true,\"valueName\":\"search_term_string\"}}],\"inLanguage\":\"hr\"},{\"@type\":\"Organization\",\"@id\":\"https:\\\/\\\/radioljubuski.ba\\\/#organization\",\"name\":\"Radio Ljubu\u0161ki\",\"url\":\"https:\\\/\\\/radioljubuski.ba\\\/\",\"logo\":{\"@type\":\"ImageObject\",\"inLanguage\":\"hr\",\"@id\":\"https:\\\/\\\/radioljubuski.ba\\\/#\\\/schema\\\/logo\\\/image\\\/\",\"url\":\"https:\\\/\\\/radioljubuski.ba\\\/wp-content\\\/uploads\\\/2021\\\/02\\\/cropped-Radio_Ljubuski_logo1.jpg\",\"contentUrl\":\"https:\\\/\\\/radioljubuski.ba\\\/wp-content\\\/uploads\\\/2021\\\/02\\\/cropped-Radio_Ljubuski_logo1.jpg\",\"width\":512,\"height\":512,\"caption\":\"Radio Ljubu\u0161ki\"},\"image\":{\"@id\":\"https:\\\/\\\/radioljubuski.ba\\\/#\\\/schema\\\/logo\\\/image\\\/\"},\"sameAs\":[\"https:\\\/\\\/www.facebook.com\\\/Radiio-Ljubuski-1490835324566332\",\"https:\\\/\\\/x.com\\\/radioljubuski\",\"https:\\\/\\\/hr.linkedin.com\\\/company\\\/radio-ljubuski\",\"https:\\\/\\\/www.youtube.com\\\/channel\\\/UCHYaeO_n0Db3tjNGudGpXyw\"]},{\"@type\":\"Person\",\"@id\":\"https:\\\/\\\/radioljubuski.ba\\\/#\\\/schema\\\/person\\\/19fc700381a780f69665d7956c469e3b\",\"name\":\"Radio Ljubu\u0161ki\"}]}<\/script>\n<!-- \/ Yoast SEO plugin. -->","yoast_head_json":{"title":"Ljubu\u0161ki: Na Andri\u0107ev ro\u0111endan predstavljena knjiga \"Franjevci u djelima Ive Andri\u0107a\" - audio i foto - RADIO LJUBU\u0160KI","robots":{"index":"index","follow":"follow","max-snippet":"max-snippet:-1","max-image-preview":"max-image-preview:large","max-video-preview":"max-video-preview:-1"},"canonical":"https:\/\/radioljubuski.ba\/index.php\/2021\/10\/09\/ljubuski-na-andricev-rodendan-predstavljena-knjiga-franjevci-u-djelima-ive-andrica\/","og_locale":"hr_HR","og_type":"article","og_title":"Ljubu\u0161ki: Na Andri\u0107ev ro\u0111endan predstavljena knjiga \"Franjevci u djelima Ive Andri\u0107a\" - audio i foto - RADIO LJUBU\u0160KI","og_description":"U lapidariju samostana na Humcu ve\u010deras je predstavljena knjiga \u201eFranjevci u djelima Ive Andri\u0107a\u201c, deveta knjiga fra Ike Skoke, poznatog hercegova\u010dkog franjevca i sveu\u010dili\u0161nog profesora komunikacijskih znanosti u Mostaru. Kako je u uvodu objasnio moderator prof. dr. Nino \u0106ori\u0107 rije\u010d je o djelu o franjevcima, posve\u0107enom odgojiteljima, profesorima i kolegama od strane autora koji je [&hellip;]","og_url":"https:\/\/radioljubuski.ba\/index.php\/2021\/10\/09\/ljubuski-na-andricev-rodendan-predstavljena-knjiga-franjevci-u-djelima-ive-andrica\/","og_site_name":"RADIO LJUBU\u0160KI","article_publisher":"https:\/\/www.facebook.com\/Radiio-Ljubuski-1490835324566332","article_published_time":"2021-10-09T19:01:27+00:00","article_modified_time":"2021-10-11T08:43:41+00:00","og_image":[{"width":1237,"height":537,"url":"https:\/\/radioljubuski.ba\/wp-content\/uploads\/2021\/10\/humac-promocija.jpg","type":"image\/jpeg"}],"author":"Radio Ljubu\u0161ki","twitter_card":"summary_large_image","twitter_creator":"@radioljubuski","twitter_site":"@radioljubuski","twitter_misc":{"Napisao\/la":"Radio Ljubu\u0161ki","Procijenjeno vrijeme \u010ditanja":"3 minute"},"schema":{"@context":"https:\/\/schema.org","@graph":[{"@type":"Article","@id":"https:\/\/radioljubuski.ba\/index.php\/2021\/10\/09\/ljubuski-na-andricev-rodendan-predstavljena-knjiga-franjevci-u-djelima-ive-andrica\/#article","isPartOf":{"@id":"https:\/\/radioljubuski.ba\/index.php\/2021\/10\/09\/ljubuski-na-andricev-rodendan-predstavljena-knjiga-franjevci-u-djelima-ive-andrica\/"},"author":{"name":"Radio Ljubu\u0161ki","@id":"https:\/\/radioljubuski.ba\/#\/schema\/person\/19fc700381a780f69665d7956c469e3b"},"headline":"Ljubu\u0161ki: Na Andri\u0107ev ro\u0111endan predstavljena knjiga &#8220;Franjevci u djelima Ive Andri\u0107a&#8221; &#8211; audio i foto","datePublished":"2021-10-09T19:01:27+00:00","dateModified":"2021-10-11T08:43:41+00:00","mainEntityOfPage":{"@id":"https:\/\/radioljubuski.ba\/index.php\/2021\/10\/09\/ljubuski-na-andricev-rodendan-predstavljena-knjiga-franjevci-u-djelima-ive-andrica\/"},"wordCount":734,"publisher":{"@id":"https:\/\/radioljubuski.ba\/#organization"},"image":{"@id":"https:\/\/radioljubuski.ba\/index.php\/2021\/10\/09\/ljubuski-na-andricev-rodendan-predstavljena-knjiga-franjevci-u-djelima-ive-andrica\/#primaryimage"},"thumbnailUrl":"https:\/\/radioljubuski.ba\/wp-content\/uploads\/2021\/10\/humac-promocija.jpg","articleSection":["RLJ Audio"],"inLanguage":"hr"},{"@type":"WebPage","@id":"https:\/\/radioljubuski.ba\/index.php\/2021\/10\/09\/ljubuski-na-andricev-rodendan-predstavljena-knjiga-franjevci-u-djelima-ive-andrica\/","url":"https:\/\/radioljubuski.ba\/index.php\/2021\/10\/09\/ljubuski-na-andricev-rodendan-predstavljena-knjiga-franjevci-u-djelima-ive-andrica\/","name":"Ljubu\u0161ki: Na Andri\u0107ev ro\u0111endan predstavljena knjiga \"Franjevci u djelima Ive Andri\u0107a\" - audio i foto - RADIO LJUBU\u0160KI","isPartOf":{"@id":"https:\/\/radioljubuski.ba\/#website"},"primaryImageOfPage":{"@id":"https:\/\/radioljubuski.ba\/index.php\/2021\/10\/09\/ljubuski-na-andricev-rodendan-predstavljena-knjiga-franjevci-u-djelima-ive-andrica\/#primaryimage"},"image":{"@id":"https:\/\/radioljubuski.ba\/index.php\/2021\/10\/09\/ljubuski-na-andricev-rodendan-predstavljena-knjiga-franjevci-u-djelima-ive-andrica\/#primaryimage"},"thumbnailUrl":"https:\/\/radioljubuski.ba\/wp-content\/uploads\/2021\/10\/humac-promocija.jpg","datePublished":"2021-10-09T19:01:27+00:00","dateModified":"2021-10-11T08:43:41+00:00","breadcrumb":{"@id":"https:\/\/radioljubuski.ba\/index.php\/2021\/10\/09\/ljubuski-na-andricev-rodendan-predstavljena-knjiga-franjevci-u-djelima-ive-andrica\/#breadcrumb"},"inLanguage":"hr","potentialAction":[{"@type":"ReadAction","target":["https:\/\/radioljubuski.ba\/index.php\/2021\/10\/09\/ljubuski-na-andricev-rodendan-predstavljena-knjiga-franjevci-u-djelima-ive-andrica\/"]}]},{"@type":"ImageObject","inLanguage":"hr","@id":"https:\/\/radioljubuski.ba\/index.php\/2021\/10\/09\/ljubuski-na-andricev-rodendan-predstavljena-knjiga-franjevci-u-djelima-ive-andrica\/#primaryimage","url":"https:\/\/radioljubuski.ba\/wp-content\/uploads\/2021\/10\/humac-promocija.jpg","contentUrl":"https:\/\/radioljubuski.ba\/wp-content\/uploads\/2021\/10\/humac-promocija.jpg","width":1237,"height":537},{"@type":"BreadcrumbList","@id":"https:\/\/radioljubuski.ba\/index.php\/2021\/10\/09\/ljubuski-na-andricev-rodendan-predstavljena-knjiga-franjevci-u-djelima-ive-andrica\/#breadcrumb","itemListElement":[{"@type":"ListItem","position":1,"name":"Po\u010detna stranica","item":"https:\/\/radioljubuski.ba\/"},{"@type":"ListItem","position":2,"name":"Ljubu\u0161ki: Na Andri\u0107ev ro\u0111endan predstavljena knjiga &#8220;Franjevci u djelima Ive Andri\u0107a&#8221; &#8211; audio i foto"}]},{"@type":"WebSite","@id":"https:\/\/radioljubuski.ba\/#website","url":"https:\/\/radioljubuski.ba\/","name":"Radio Ljubu\u0161ki","description":"Sun\u010dana frekvencija Hercegovine","publisher":{"@id":"https:\/\/radioljubuski.ba\/#organization"},"potentialAction":[{"@type":"SearchAction","target":{"@type":"EntryPoint","urlTemplate":"https:\/\/radioljubuski.ba\/?s={search_term_string}"},"query-input":{"@type":"PropertyValueSpecification","valueRequired":true,"valueName":"search_term_string"}}],"inLanguage":"hr"},{"@type":"Organization","@id":"https:\/\/radioljubuski.ba\/#organization","name":"Radio Ljubu\u0161ki","url":"https:\/\/radioljubuski.ba\/","logo":{"@type":"ImageObject","inLanguage":"hr","@id":"https:\/\/radioljubuski.ba\/#\/schema\/logo\/image\/","url":"https:\/\/radioljubuski.ba\/wp-content\/uploads\/2021\/02\/cropped-Radio_Ljubuski_logo1.jpg","contentUrl":"https:\/\/radioljubuski.ba\/wp-content\/uploads\/2021\/02\/cropped-Radio_Ljubuski_logo1.jpg","width":512,"height":512,"caption":"Radio Ljubu\u0161ki"},"image":{"@id":"https:\/\/radioljubuski.ba\/#\/schema\/logo\/image\/"},"sameAs":["https:\/\/www.facebook.com\/Radiio-Ljubuski-1490835324566332","https:\/\/x.com\/radioljubuski","https:\/\/hr.linkedin.com\/company\/radio-ljubuski","https:\/\/www.youtube.com\/channel\/UCHYaeO_n0Db3tjNGudGpXyw"]},{"@type":"Person","@id":"https:\/\/radioljubuski.ba\/#\/schema\/person\/19fc700381a780f69665d7956c469e3b","name":"Radio Ljubu\u0161ki"}]}},"_links":{"self":[{"href":"https:\/\/radioljubuski.ba\/index.php\/wp-json\/wp\/v2\/posts\/73494","targetHints":{"allow":["GET"]}}],"collection":[{"href":"https:\/\/radioljubuski.ba\/index.php\/wp-json\/wp\/v2\/posts"}],"about":[{"href":"https:\/\/radioljubuski.ba\/index.php\/wp-json\/wp\/v2\/types\/post"}],"author":[{"embeddable":true,"href":"https:\/\/radioljubuski.ba\/index.php\/wp-json\/wp\/v2\/users\/2"}],"replies":[{"embeddable":true,"href":"https:\/\/radioljubuski.ba\/index.php\/wp-json\/wp\/v2\/comments?post=73494"}],"version-history":[{"count":8,"href":"https:\/\/radioljubuski.ba\/index.php\/wp-json\/wp\/v2\/posts\/73494\/revisions"}],"predecessor-version":[{"id":74203,"href":"https:\/\/radioljubuski.ba\/index.php\/wp-json\/wp\/v2\/posts\/73494\/revisions\/74203"}],"wp:featuredmedia":[{"embeddable":true,"href":"https:\/\/radioljubuski.ba\/index.php\/wp-json\/wp\/v2\/media\/73505"}],"wp:attachment":[{"href":"https:\/\/radioljubuski.ba\/index.php\/wp-json\/wp\/v2\/media?parent=73494"}],"wp:term":[{"taxonomy":"category","embeddable":true,"href":"https:\/\/radioljubuski.ba\/index.php\/wp-json\/wp\/v2\/categories?post=73494"},{"taxonomy":"post_tag","embeddable":true,"href":"https:\/\/radioljubuski.ba\/index.php\/wp-json\/wp\/v2\/tags?post=73494"}],"curies":[{"name":"wp","href":"https:\/\/api.w.org\/{rel}","templated":true}]}}