{"id":73537,"date":"2021-10-09T21:14:43","date_gmt":"2021-10-09T20:14:43","guid":{"rendered":"https:\/\/radioljubuski.ba\/?p=73537"},"modified":"2021-10-09T21:14:44","modified_gmt":"2021-10-09T20:14:44","slug":"egzodus-u-usz-nastavnik-nakon-20-godina-rada-u-prosvjeti-otisao-u-munchen-raditi-kao-vozac","status":"publish","type":"post","link":"https:\/\/radioljubuski.ba\/index.php\/2021\/10\/09\/egzodus-u-usz-nastavnik-nakon-20-godina-rada-u-prosvjeti-otisao-u-munchen-raditi-kao-vozac\/","title":{"rendered":"Egzodus u US\u017d: Nastavnik, nakon 20 godina rada u prosvjeti, oti\u0161ao u Munchen raditi kao voza\u010d"},"content":{"rendered":"\n<p><strong>Unsko-sanska \u017eupanija ve\u0107 godinama bilje\u017ei iseljavanje koje grani\u010di s egzodusom. Ljudi zbog bolje perspektive ostavljaju i dobre poslove i sre\u0111ene ku\u0107e i po\u010dinju novi \u017eivot u zemljama EU-a, javlja FTV.<\/strong><\/p>\n\n\n\n<p>Haris Omanovi\u0107 je, nakon 20 godina rada u prosvjeti, novi \u017eivot na\u0161ao u Munichu, gdje radi kao voza\u010d autobusa.<\/p>\n\n\n\n<p>\u201eNisam se pokajao ni jednog trenutka zato \u0161to je sistem ure\u0111en, ljudi te vrednuju koliko radi\u0161. Ako \u017eeli\u0161 raditi, to je prepoznato i nagra\u0111eno i daleko bolje nego u BiH\u201c, ka\u017ee ovaj nastavnik razredne nastave.<\/p>\n\n\n\n<p>Haris je jedan od visokoobrazovanih ljudi iz BiH koji su bolju perspektivu na\u0161li u zemljama Europske unije. Osim ure\u0111enosti, presudni faktor za odlazak su financije.<\/p>\n\n\n\n<p>\u201eNe mo\u017ee strojarski in\u017eenjer da radi za 1000 KM \u2013 on to ne \u017eeli. On ima diplomu i znanje i on \u0107e to naplatiti u zemljama EU. Ovdje, dok je stanje takvo, on ne \u017eeli da radi\u201c, obja\u0161njava Jasmin Pro\u0161i\u0107, rukovoditelj Sektora za zapo\u0161ljavanje u Slu\u017ebi za zapo\u0161ljavanje US\u017d-a.<\/p>\n\n\n\n<p>U novom trendu iseljavanja ne odlaze samo nositelji doma\u0107instva nego i kompletne obitelji, a posljedica toga su prazne \u0161kolske klupe.<\/p>\n\n\n\n<p>\u201eOve \u0161kolske godine je nepunih tisu\u0107i u\u010denika manje u odnosu na pro\u0161lu godinu \u2013 996, a u srednjim \u0161kolama je pad evidentan \u2013 oko 550 u\u010denika manje ove \u0161kolske godine\u201c, navodi Haris Smaji\u0107, v.d. direktora Pedago\u0161kog zavoda USK-a.<\/p>\n\n\n\n<p>U posljednjih pet godina u kraji\u0161kim je \u0161kolama 8.000 u\u010denika manje, \u0161to se izravno odra\u017eava i na prora\u010dun US\u017d-a. Neizravni porezi s federalnog na \u017eupanijsku razinu upla\u0107uju se po osnovu povr\u0161ine, broja stanovnika te broja upisanih osnovaca i srednjo\u0161kolaca.<\/p>\n\n\n\n<p>\u201eTaj postotak za 2021., koji nosi gro prora\u010duna \u017eupanije, je 9,92 \u2013 pao je ispod deset posto. To je sve posljedica odljeva stanovnika\u201c, isti\u010de Zlatan Ziri\u0107, pomo\u0107nik ministra financija US\u017d-a za prora\u010dun.<\/p>\n\n\n\n<p>I tako, zbog masovnog iseljavanja, prora\u010dun \u017eupanije godi\u0161nje je siroma\u0161niji za 25 milijuna maraka. A osjetan je i pad prihoda po osnovu kupovine, odnosno PDV-a.<\/p>\n\n\n\n<p>\u201eTe obitelji kad odu, osjetimo da je kupovna mo\u0107 u tim razdobljima manja, a kada do\u0111u u vrijeme godi\u0161njih odmora, onda osjetimo ne blagi nego enormni porast uplate tih poreza\u201c, dodaje Ziri\u0107.<\/p>\n\n\n\n<p>S popisa nezaposlenih u Unsko-sanskoj \u017eupaniji pro\u0161le je godine izbrisano 700, a ove godine do kraja kolovoza jo\u0161 600 radno sposobnih, za koje u BiH nije bilo posla. Zajedno s njima oti\u0161lo je i 1.500 u\u010denika, tko zna koliko mali\u0161ana, kojih jo\u0161 nema na evidencijama. Koliko god voljeli domovinu, sutra \u0107e biti uspje\u0161ni pod okriljem zastava drugih dr\u017eava.<\/p>\n\n\n\n<p>\/HMS\/<\/p>\n","protected":false},"excerpt":{"rendered":"<p>Unsko-sanska \u017eupanija ve\u0107 godinama bilje\u017ei iseljavanje koje grani\u010di s egzodusom. Ljudi zbog bolje perspektive ostavljaju i dobre poslove i sre\u0111ene ku\u0107e i po\u010dinju novi \u017eivot u zemljama EU-a, javlja FTV. Haris Omanovi\u0107 je, nakon 20 godina rada u prosvjeti, novi \u017eivot na\u0161ao u Munichu, gdje radi kao voza\u010d autobusa. \u201eNisam se pokajao ni jednog trenutka [&hellip;]<\/p>\n","protected":false},"author":2,"featured_media":73538,"comment_status":"closed","ping_status":"closed","sticky":false,"template":"","format":"standard","meta":{"h5ap_radio_sources":[],"footnotes":""},"categories":[1],"tags":[],"class_list":["post-73537","post","type-post","status-publish","format-standard","has-post-thumbnail","hentry","category-bihiregija"],"yoast_head":"<!-- This site is optimized with the Yoast SEO plugin v27.5 - https:\/\/yoast.com\/product\/yoast-seo-wordpress\/ -->\n<title>Egzodus u US\u017d: Nastavnik, nakon 20 godina rada u prosvjeti, oti\u0161ao u Munchen raditi kao voza\u010d - RADIO LJUBU\u0160KI<\/title>\n<meta name=\"robots\" content=\"index, follow, max-snippet:-1, max-image-preview:large, max-video-preview:-1\" \/>\n<link rel=\"canonical\" href=\"https:\/\/radioljubuski.ba\/index.php\/2021\/10\/09\/egzodus-u-usz-nastavnik-nakon-20-godina-rada-u-prosvjeti-otisao-u-munchen-raditi-kao-vozac\/\" \/>\n<meta property=\"og:locale\" content=\"hr_HR\" \/>\n<meta property=\"og:type\" content=\"article\" \/>\n<meta property=\"og:title\" content=\"Egzodus u US\u017d: Nastavnik, nakon 20 godina rada u prosvjeti, oti\u0161ao u Munchen raditi kao voza\u010d - RADIO LJUBU\u0160KI\" \/>\n<meta property=\"og:description\" content=\"Unsko-sanska \u017eupanija ve\u0107 godinama bilje\u017ei iseljavanje koje grani\u010di s egzodusom. Ljudi zbog bolje perspektive ostavljaju i dobre poslove i sre\u0111ene ku\u0107e i po\u010dinju novi \u017eivot u zemljama EU-a, javlja FTV. Haris Omanovi\u0107 je, nakon 20 godina rada u prosvjeti, novi \u017eivot na\u0161ao u Munichu, gdje radi kao voza\u010d autobusa. \u201eNisam se pokajao ni jednog trenutka [&hellip;]\" \/>\n<meta property=\"og:url\" content=\"https:\/\/radioljubuski.ba\/index.php\/2021\/10\/09\/egzodus-u-usz-nastavnik-nakon-20-godina-rada-u-prosvjeti-otisao-u-munchen-raditi-kao-vozac\/\" \/>\n<meta property=\"og:site_name\" content=\"RADIO LJUBU\u0160KI\" \/>\n<meta property=\"article:publisher\" content=\"https:\/\/www.facebook.com\/Radiio-Ljubuski-1490835324566332\" \/>\n<meta property=\"article:published_time\" content=\"2021-10-09T20:14:43+00:00\" \/>\n<meta property=\"article:modified_time\" content=\"2021-10-09T20:14:44+00:00\" \/>\n<meta property=\"og:image\" content=\"https:\/\/radioljubuski.ba\/wp-content\/uploads\/2021\/10\/haris-omanovic.jpg\" \/>\n\t<meta property=\"og:image:width\" content=\"710\" \/>\n\t<meta property=\"og:image:height\" content=\"380\" \/>\n\t<meta property=\"og:image:type\" content=\"image\/jpeg\" \/>\n<meta name=\"author\" content=\"Radio Ljubu\u0161ki\" \/>\n<meta name=\"twitter:card\" content=\"summary_large_image\" \/>\n<meta name=\"twitter:creator\" content=\"@radioljubuski\" \/>\n<meta name=\"twitter:site\" content=\"@radioljubuski\" \/>\n<meta name=\"twitter:label1\" content=\"Napisao\/la\" \/>\n\t<meta name=\"twitter:data1\" content=\"Radio Ljubu\u0161ki\" \/>\n\t<meta name=\"twitter:label2\" content=\"Procijenjeno vrijeme \u010ditanja\" \/>\n\t<meta name=\"twitter:data2\" content=\"2 minute\" \/>\n<script type=\"application\/ld+json\" class=\"yoast-schema-graph\">{\"@context\":\"https:\\\/\\\/schema.org\",\"@graph\":[{\"@type\":\"Article\",\"@id\":\"https:\\\/\\\/radioljubuski.ba\\\/index.php\\\/2021\\\/10\\\/09\\\/egzodus-u-usz-nastavnik-nakon-20-godina-rada-u-prosvjeti-otisao-u-munchen-raditi-kao-vozac\\\/#article\",\"isPartOf\":{\"@id\":\"https:\\\/\\\/radioljubuski.ba\\\/index.php\\\/2021\\\/10\\\/09\\\/egzodus-u-usz-nastavnik-nakon-20-godina-rada-u-prosvjeti-otisao-u-munchen-raditi-kao-vozac\\\/\"},\"author\":{\"name\":\"Radio Ljubu\u0161ki\",\"@id\":\"https:\\\/\\\/radioljubuski.ba\\\/#\\\/schema\\\/person\\\/19fc700381a780f69665d7956c469e3b\"},\"headline\":\"Egzodus u US\u017d: Nastavnik, nakon 20 godina rada u prosvjeti, oti\u0161ao u Munchen raditi kao voza\u010d\",\"datePublished\":\"2021-10-09T20:14:43+00:00\",\"dateModified\":\"2021-10-09T20:14:44+00:00\",\"mainEntityOfPage\":{\"@id\":\"https:\\\/\\\/radioljubuski.ba\\\/index.php\\\/2021\\\/10\\\/09\\\/egzodus-u-usz-nastavnik-nakon-20-godina-rada-u-prosvjeti-otisao-u-munchen-raditi-kao-vozac\\\/\"},\"wordCount\":454,\"publisher\":{\"@id\":\"https:\\\/\\\/radioljubuski.ba\\\/#organization\"},\"image\":{\"@id\":\"https:\\\/\\\/radioljubuski.ba\\\/index.php\\\/2021\\\/10\\\/09\\\/egzodus-u-usz-nastavnik-nakon-20-godina-rada-u-prosvjeti-otisao-u-munchen-raditi-kao-vozac\\\/#primaryimage\"},\"thumbnailUrl\":\"https:\\\/\\\/radioljubuski.ba\\\/wp-content\\\/uploads\\\/2021\\\/10\\\/haris-omanovic.jpg\",\"articleSection\":[\"BIH i regija\"],\"inLanguage\":\"hr\"},{\"@type\":\"WebPage\",\"@id\":\"https:\\\/\\\/radioljubuski.ba\\\/index.php\\\/2021\\\/10\\\/09\\\/egzodus-u-usz-nastavnik-nakon-20-godina-rada-u-prosvjeti-otisao-u-munchen-raditi-kao-vozac\\\/\",\"url\":\"https:\\\/\\\/radioljubuski.ba\\\/index.php\\\/2021\\\/10\\\/09\\\/egzodus-u-usz-nastavnik-nakon-20-godina-rada-u-prosvjeti-otisao-u-munchen-raditi-kao-vozac\\\/\",\"name\":\"Egzodus u US\u017d: Nastavnik, nakon 20 godina rada u prosvjeti, oti\u0161ao u Munchen raditi kao voza\u010d - RADIO LJUBU\u0160KI\",\"isPartOf\":{\"@id\":\"https:\\\/\\\/radioljubuski.ba\\\/#website\"},\"primaryImageOfPage\":{\"@id\":\"https:\\\/\\\/radioljubuski.ba\\\/index.php\\\/2021\\\/10\\\/09\\\/egzodus-u-usz-nastavnik-nakon-20-godina-rada-u-prosvjeti-otisao-u-munchen-raditi-kao-vozac\\\/#primaryimage\"},\"image\":{\"@id\":\"https:\\\/\\\/radioljubuski.ba\\\/index.php\\\/2021\\\/10\\\/09\\\/egzodus-u-usz-nastavnik-nakon-20-godina-rada-u-prosvjeti-otisao-u-munchen-raditi-kao-vozac\\\/#primaryimage\"},\"thumbnailUrl\":\"https:\\\/\\\/radioljubuski.ba\\\/wp-content\\\/uploads\\\/2021\\\/10\\\/haris-omanovic.jpg\",\"datePublished\":\"2021-10-09T20:14:43+00:00\",\"dateModified\":\"2021-10-09T20:14:44+00:00\",\"breadcrumb\":{\"@id\":\"https:\\\/\\\/radioljubuski.ba\\\/index.php\\\/2021\\\/10\\\/09\\\/egzodus-u-usz-nastavnik-nakon-20-godina-rada-u-prosvjeti-otisao-u-munchen-raditi-kao-vozac\\\/#breadcrumb\"},\"inLanguage\":\"hr\",\"potentialAction\":[{\"@type\":\"ReadAction\",\"target\":[\"https:\\\/\\\/radioljubuski.ba\\\/index.php\\\/2021\\\/10\\\/09\\\/egzodus-u-usz-nastavnik-nakon-20-godina-rada-u-prosvjeti-otisao-u-munchen-raditi-kao-vozac\\\/\"]}]},{\"@type\":\"ImageObject\",\"inLanguage\":\"hr\",\"@id\":\"https:\\\/\\\/radioljubuski.ba\\\/index.php\\\/2021\\\/10\\\/09\\\/egzodus-u-usz-nastavnik-nakon-20-godina-rada-u-prosvjeti-otisao-u-munchen-raditi-kao-vozac\\\/#primaryimage\",\"url\":\"https:\\\/\\\/radioljubuski.ba\\\/wp-content\\\/uploads\\\/2021\\\/10\\\/haris-omanovic.jpg\",\"contentUrl\":\"https:\\\/\\\/radioljubuski.ba\\\/wp-content\\\/uploads\\\/2021\\\/10\\\/haris-omanovic.jpg\",\"width\":710,\"height\":380},{\"@type\":\"BreadcrumbList\",\"@id\":\"https:\\\/\\\/radioljubuski.ba\\\/index.php\\\/2021\\\/10\\\/09\\\/egzodus-u-usz-nastavnik-nakon-20-godina-rada-u-prosvjeti-otisao-u-munchen-raditi-kao-vozac\\\/#breadcrumb\",\"itemListElement\":[{\"@type\":\"ListItem\",\"position\":1,\"name\":\"Po\u010detna stranica\",\"item\":\"https:\\\/\\\/radioljubuski.ba\\\/\"},{\"@type\":\"ListItem\",\"position\":2,\"name\":\"Egzodus u US\u017d: Nastavnik, nakon 20 godina rada u prosvjeti, oti\u0161ao u Munchen raditi kao voza\u010d\"}]},{\"@type\":\"WebSite\",\"@id\":\"https:\\\/\\\/radioljubuski.ba\\\/#website\",\"url\":\"https:\\\/\\\/radioljubuski.ba\\\/\",\"name\":\"Radio Ljubu\u0161ki\",\"description\":\"Sun\u010dana frekvencija Hercegovine\",\"publisher\":{\"@id\":\"https:\\\/\\\/radioljubuski.ba\\\/#organization\"},\"potentialAction\":[{\"@type\":\"SearchAction\",\"target\":{\"@type\":\"EntryPoint\",\"urlTemplate\":\"https:\\\/\\\/radioljubuski.ba\\\/?s={search_term_string}\"},\"query-input\":{\"@type\":\"PropertyValueSpecification\",\"valueRequired\":true,\"valueName\":\"search_term_string\"}}],\"inLanguage\":\"hr\"},{\"@type\":\"Organization\",\"@id\":\"https:\\\/\\\/radioljubuski.ba\\\/#organization\",\"name\":\"Radio Ljubu\u0161ki\",\"url\":\"https:\\\/\\\/radioljubuski.ba\\\/\",\"logo\":{\"@type\":\"ImageObject\",\"inLanguage\":\"hr\",\"@id\":\"https:\\\/\\\/radioljubuski.ba\\\/#\\\/schema\\\/logo\\\/image\\\/\",\"url\":\"https:\\\/\\\/radioljubuski.ba\\\/wp-content\\\/uploads\\\/2021\\\/02\\\/cropped-Radio_Ljubuski_logo1.jpg\",\"contentUrl\":\"https:\\\/\\\/radioljubuski.ba\\\/wp-content\\\/uploads\\\/2021\\\/02\\\/cropped-Radio_Ljubuski_logo1.jpg\",\"width\":512,\"height\":512,\"caption\":\"Radio Ljubu\u0161ki\"},\"image\":{\"@id\":\"https:\\\/\\\/radioljubuski.ba\\\/#\\\/schema\\\/logo\\\/image\\\/\"},\"sameAs\":[\"https:\\\/\\\/www.facebook.com\\\/Radiio-Ljubuski-1490835324566332\",\"https:\\\/\\\/x.com\\\/radioljubuski\",\"https:\\\/\\\/hr.linkedin.com\\\/company\\\/radio-ljubuski\",\"https:\\\/\\\/www.youtube.com\\\/channel\\\/UCHYaeO_n0Db3tjNGudGpXyw\"]},{\"@type\":\"Person\",\"@id\":\"https:\\\/\\\/radioljubuski.ba\\\/#\\\/schema\\\/person\\\/19fc700381a780f69665d7956c469e3b\",\"name\":\"Radio Ljubu\u0161ki\"}]}<\/script>\n<!-- \/ Yoast SEO plugin. -->","yoast_head_json":{"title":"Egzodus u US\u017d: Nastavnik, nakon 20 godina rada u prosvjeti, oti\u0161ao u Munchen raditi kao voza\u010d - RADIO LJUBU\u0160KI","robots":{"index":"index","follow":"follow","max-snippet":"max-snippet:-1","max-image-preview":"max-image-preview:large","max-video-preview":"max-video-preview:-1"},"canonical":"https:\/\/radioljubuski.ba\/index.php\/2021\/10\/09\/egzodus-u-usz-nastavnik-nakon-20-godina-rada-u-prosvjeti-otisao-u-munchen-raditi-kao-vozac\/","og_locale":"hr_HR","og_type":"article","og_title":"Egzodus u US\u017d: Nastavnik, nakon 20 godina rada u prosvjeti, oti\u0161ao u Munchen raditi kao voza\u010d - RADIO LJUBU\u0160KI","og_description":"Unsko-sanska \u017eupanija ve\u0107 godinama bilje\u017ei iseljavanje koje grani\u010di s egzodusom. Ljudi zbog bolje perspektive ostavljaju i dobre poslove i sre\u0111ene ku\u0107e i po\u010dinju novi \u017eivot u zemljama EU-a, javlja FTV. Haris Omanovi\u0107 je, nakon 20 godina rada u prosvjeti, novi \u017eivot na\u0161ao u Munichu, gdje radi kao voza\u010d autobusa. \u201eNisam se pokajao ni jednog trenutka [&hellip;]","og_url":"https:\/\/radioljubuski.ba\/index.php\/2021\/10\/09\/egzodus-u-usz-nastavnik-nakon-20-godina-rada-u-prosvjeti-otisao-u-munchen-raditi-kao-vozac\/","og_site_name":"RADIO LJUBU\u0160KI","article_publisher":"https:\/\/www.facebook.com\/Radiio-Ljubuski-1490835324566332","article_published_time":"2021-10-09T20:14:43+00:00","article_modified_time":"2021-10-09T20:14:44+00:00","og_image":[{"width":710,"height":380,"url":"https:\/\/radioljubuski.ba\/wp-content\/uploads\/2021\/10\/haris-omanovic.jpg","type":"image\/jpeg"}],"author":"Radio Ljubu\u0161ki","twitter_card":"summary_large_image","twitter_creator":"@radioljubuski","twitter_site":"@radioljubuski","twitter_misc":{"Napisao\/la":"Radio Ljubu\u0161ki","Procijenjeno vrijeme \u010ditanja":"2 minute"},"schema":{"@context":"https:\/\/schema.org","@graph":[{"@type":"Article","@id":"https:\/\/radioljubuski.ba\/index.php\/2021\/10\/09\/egzodus-u-usz-nastavnik-nakon-20-godina-rada-u-prosvjeti-otisao-u-munchen-raditi-kao-vozac\/#article","isPartOf":{"@id":"https:\/\/radioljubuski.ba\/index.php\/2021\/10\/09\/egzodus-u-usz-nastavnik-nakon-20-godina-rada-u-prosvjeti-otisao-u-munchen-raditi-kao-vozac\/"},"author":{"name":"Radio Ljubu\u0161ki","@id":"https:\/\/radioljubuski.ba\/#\/schema\/person\/19fc700381a780f69665d7956c469e3b"},"headline":"Egzodus u US\u017d: Nastavnik, nakon 20 godina rada u prosvjeti, oti\u0161ao u Munchen raditi kao voza\u010d","datePublished":"2021-10-09T20:14:43+00:00","dateModified":"2021-10-09T20:14:44+00:00","mainEntityOfPage":{"@id":"https:\/\/radioljubuski.ba\/index.php\/2021\/10\/09\/egzodus-u-usz-nastavnik-nakon-20-godina-rada-u-prosvjeti-otisao-u-munchen-raditi-kao-vozac\/"},"wordCount":454,"publisher":{"@id":"https:\/\/radioljubuski.ba\/#organization"},"image":{"@id":"https:\/\/radioljubuski.ba\/index.php\/2021\/10\/09\/egzodus-u-usz-nastavnik-nakon-20-godina-rada-u-prosvjeti-otisao-u-munchen-raditi-kao-vozac\/#primaryimage"},"thumbnailUrl":"https:\/\/radioljubuski.ba\/wp-content\/uploads\/2021\/10\/haris-omanovic.jpg","articleSection":["BIH i regija"],"inLanguage":"hr"},{"@type":"WebPage","@id":"https:\/\/radioljubuski.ba\/index.php\/2021\/10\/09\/egzodus-u-usz-nastavnik-nakon-20-godina-rada-u-prosvjeti-otisao-u-munchen-raditi-kao-vozac\/","url":"https:\/\/radioljubuski.ba\/index.php\/2021\/10\/09\/egzodus-u-usz-nastavnik-nakon-20-godina-rada-u-prosvjeti-otisao-u-munchen-raditi-kao-vozac\/","name":"Egzodus u US\u017d: Nastavnik, nakon 20 godina rada u prosvjeti, oti\u0161ao u Munchen raditi kao voza\u010d - RADIO LJUBU\u0160KI","isPartOf":{"@id":"https:\/\/radioljubuski.ba\/#website"},"primaryImageOfPage":{"@id":"https:\/\/radioljubuski.ba\/index.php\/2021\/10\/09\/egzodus-u-usz-nastavnik-nakon-20-godina-rada-u-prosvjeti-otisao-u-munchen-raditi-kao-vozac\/#primaryimage"},"image":{"@id":"https:\/\/radioljubuski.ba\/index.php\/2021\/10\/09\/egzodus-u-usz-nastavnik-nakon-20-godina-rada-u-prosvjeti-otisao-u-munchen-raditi-kao-vozac\/#primaryimage"},"thumbnailUrl":"https:\/\/radioljubuski.ba\/wp-content\/uploads\/2021\/10\/haris-omanovic.jpg","datePublished":"2021-10-09T20:14:43+00:00","dateModified":"2021-10-09T20:14:44+00:00","breadcrumb":{"@id":"https:\/\/radioljubuski.ba\/index.php\/2021\/10\/09\/egzodus-u-usz-nastavnik-nakon-20-godina-rada-u-prosvjeti-otisao-u-munchen-raditi-kao-vozac\/#breadcrumb"},"inLanguage":"hr","potentialAction":[{"@type":"ReadAction","target":["https:\/\/radioljubuski.ba\/index.php\/2021\/10\/09\/egzodus-u-usz-nastavnik-nakon-20-godina-rada-u-prosvjeti-otisao-u-munchen-raditi-kao-vozac\/"]}]},{"@type":"ImageObject","inLanguage":"hr","@id":"https:\/\/radioljubuski.ba\/index.php\/2021\/10\/09\/egzodus-u-usz-nastavnik-nakon-20-godina-rada-u-prosvjeti-otisao-u-munchen-raditi-kao-vozac\/#primaryimage","url":"https:\/\/radioljubuski.ba\/wp-content\/uploads\/2021\/10\/haris-omanovic.jpg","contentUrl":"https:\/\/radioljubuski.ba\/wp-content\/uploads\/2021\/10\/haris-omanovic.jpg","width":710,"height":380},{"@type":"BreadcrumbList","@id":"https:\/\/radioljubuski.ba\/index.php\/2021\/10\/09\/egzodus-u-usz-nastavnik-nakon-20-godina-rada-u-prosvjeti-otisao-u-munchen-raditi-kao-vozac\/#breadcrumb","itemListElement":[{"@type":"ListItem","position":1,"name":"Po\u010detna stranica","item":"https:\/\/radioljubuski.ba\/"},{"@type":"ListItem","position":2,"name":"Egzodus u US\u017d: Nastavnik, nakon 20 godina rada u prosvjeti, oti\u0161ao u Munchen raditi kao voza\u010d"}]},{"@type":"WebSite","@id":"https:\/\/radioljubuski.ba\/#website","url":"https:\/\/radioljubuski.ba\/","name":"Radio Ljubu\u0161ki","description":"Sun\u010dana frekvencija Hercegovine","publisher":{"@id":"https:\/\/radioljubuski.ba\/#organization"},"potentialAction":[{"@type":"SearchAction","target":{"@type":"EntryPoint","urlTemplate":"https:\/\/radioljubuski.ba\/?s={search_term_string}"},"query-input":{"@type":"PropertyValueSpecification","valueRequired":true,"valueName":"search_term_string"}}],"inLanguage":"hr"},{"@type":"Organization","@id":"https:\/\/radioljubuski.ba\/#organization","name":"Radio Ljubu\u0161ki","url":"https:\/\/radioljubuski.ba\/","logo":{"@type":"ImageObject","inLanguage":"hr","@id":"https:\/\/radioljubuski.ba\/#\/schema\/logo\/image\/","url":"https:\/\/radioljubuski.ba\/wp-content\/uploads\/2021\/02\/cropped-Radio_Ljubuski_logo1.jpg","contentUrl":"https:\/\/radioljubuski.ba\/wp-content\/uploads\/2021\/02\/cropped-Radio_Ljubuski_logo1.jpg","width":512,"height":512,"caption":"Radio Ljubu\u0161ki"},"image":{"@id":"https:\/\/radioljubuski.ba\/#\/schema\/logo\/image\/"},"sameAs":["https:\/\/www.facebook.com\/Radiio-Ljubuski-1490835324566332","https:\/\/x.com\/radioljubuski","https:\/\/hr.linkedin.com\/company\/radio-ljubuski","https:\/\/www.youtube.com\/channel\/UCHYaeO_n0Db3tjNGudGpXyw"]},{"@type":"Person","@id":"https:\/\/radioljubuski.ba\/#\/schema\/person\/19fc700381a780f69665d7956c469e3b","name":"Radio Ljubu\u0161ki"}]}},"_links":{"self":[{"href":"https:\/\/radioljubuski.ba\/index.php\/wp-json\/wp\/v2\/posts\/73537","targetHints":{"allow":["GET"]}}],"collection":[{"href":"https:\/\/radioljubuski.ba\/index.php\/wp-json\/wp\/v2\/posts"}],"about":[{"href":"https:\/\/radioljubuski.ba\/index.php\/wp-json\/wp\/v2\/types\/post"}],"author":[{"embeddable":true,"href":"https:\/\/radioljubuski.ba\/index.php\/wp-json\/wp\/v2\/users\/2"}],"replies":[{"embeddable":true,"href":"https:\/\/radioljubuski.ba\/index.php\/wp-json\/wp\/v2\/comments?post=73537"}],"version-history":[{"count":1,"href":"https:\/\/radioljubuski.ba\/index.php\/wp-json\/wp\/v2\/posts\/73537\/revisions"}],"predecessor-version":[{"id":73539,"href":"https:\/\/radioljubuski.ba\/index.php\/wp-json\/wp\/v2\/posts\/73537\/revisions\/73539"}],"wp:featuredmedia":[{"embeddable":true,"href":"https:\/\/radioljubuski.ba\/index.php\/wp-json\/wp\/v2\/media\/73538"}],"wp:attachment":[{"href":"https:\/\/radioljubuski.ba\/index.php\/wp-json\/wp\/v2\/media?parent=73537"}],"wp:term":[{"taxonomy":"category","embeddable":true,"href":"https:\/\/radioljubuski.ba\/index.php\/wp-json\/wp\/v2\/categories?post=73537"},{"taxonomy":"post_tag","embeddable":true,"href":"https:\/\/radioljubuski.ba\/index.php\/wp-json\/wp\/v2\/tags?post=73537"}],"curies":[{"name":"wp","href":"https:\/\/api.w.org\/{rel}","templated":true}]}}