{"id":73564,"date":"2021-10-09T21:33:41","date_gmt":"2021-10-09T20:33:41","guid":{"rendered":"https:\/\/radioljubuski.ba\/?p=73564"},"modified":"2021-10-09T21:33:42","modified_gmt":"2021-10-09T20:33:42","slug":"predstavljena-knjiga-aleksa-santic-stripovijetke","status":"publish","type":"post","link":"https:\/\/radioljubuski.ba\/index.php\/2021\/10\/09\/predstavljena-knjiga-aleksa-santic-stripovijetke\/","title":{"rendered":"Predstavljena knjiga &#8216;Aleksa \u0160anti\u0107 &#8211; Stripovijetke&#8217;"},"content":{"rendered":"\n<p>U Vladi\u010danskom dvoru predstavljena je knjiga &#8220;Stripovijetke &#8211; Aleksa \u0160anti\u0107&#8221; i otvorena istoimena izlo\u017eba u okviru 102. \u0160anti\u0107evih ve\u010deri poezije.<\/p>\n\n\n\n<p>Predsjednica SPKD &#8220;Prosvjeta&#8221; Gradski odbor Mostar Sanja Bjelica \u0160agovnovi\u0107 podsjetila je da je suradnja s Narodnom univerzitetskom bibliotekom Republike Srpske zapo\u010dela pro\u0161le godine na 101. \u0160anti\u0107evim ve\u010derima poezije, a da su dana\u0161nja promocija knjige i izlo\u017eba nastavak te suradnje.<\/p>\n\n\n\n<p>&#8211; Ovaj projekt je uspje\u0161no realizirala na\u0161a prijateljska ku\u0107a Narodna univerzitetska biblioteka Republike Srpske. Na ovaj na\u010din &#8220;Prosvjeta&#8221; nastoji kroz izdava\u010dku djelatnost nanovo aktualizirati \u0160anti\u0107a i pribli\u017eiti ga novim generacijama, pa i djeci. \u0160anti\u0107 u stripu je ne\u0161to sasvim novo i jako zanimljivo &#8211; rekla je Bjelica \u0160agovnovi\u0107.<\/p>\n\n\n\n<p>Podsjetila je da su na ovogodi\u0161njim 102. \u0160anti\u0107evim ve\u010derima poezije predstavljena i Sabrana djela Alekse \u0160anti\u0107a tako da se mo\u017ee re\u0107i da &#8220;Prosvjeta&#8221; uspje\u0161no radi na izdava\u010dkoj djelatnosti i na tome da \u0160anti\u0107a i njegova djela ponovo \u010ditamo i prisje\u0107amo se njegovih poruka, priop\u0107eno je iz mostarske &#8220;Prosvjete&#8221;.<\/p>\n\n\n\n<p>Direktorica Narodne univerzitetske biblioteke Republike Srpske Ljilja Petrovi\u0107 Ze\u010di\u0107 podsjetila je da je prije godinu dana na 101. \u0160anti\u0107evim ve\u010derima predstavljena &#8220;Stripovijetka Petra Ko\u010di\u0107a&#8221; i tada je dogovoreno da se i \u0160anti\u0107eve pripovijetke preto\u010de u strip.<\/p>\n\n\n\n<p>Odabrano je pet \u0160anti\u0107evih pripovijedaka &#8220;Ljubav sirotice&#8221;, &#8220;O\u010de blagoslovi&#8221;, &#8220;Amazonka&#8221;, &#8220;Kradljivci&#8221; i &#8220;Osveta&#8221;, a njih su ilustrirali i adaptirali Predrag Ikoni\u0107 i Milan Mladi\u0107.<\/p>\n\n\n\n<p>&#8211; Knji\u017eevna kritika nije se dovoljno bavila pripovijetkama Alekse \u0160anti\u0107a, ali one imaju posebnu toplinu i svaka pripovijetka ima univerzalnu poruku koju nije umanjilo ni sto godina od kada su napisane. Po\u017eeljeli smo, tako\u0111er, da \u0160anti\u0107a predstavimo u novom svjetlu, \u0160anti\u0107 i deveta umjetnost, \u0160anti\u0107 i strip kako bismo na taj na\u010din privukli i mla\u0111e generacije da \u010ditaju \u0160anti\u0107a i da i one koji vole strip privolimo da pro\u010ditaju \u0160anti\u0107a &#8211; rekla je Petrovi\u0107 Ze\u010di\u0107.<\/p>\n\n\n\n<p>Napomenula je da s &#8220;Prosvjetom&#8221; imaju projekte i za narednu godinu za koje se nada da \u0107e biti uspje\u0161no realizirani.<\/p>\n\n\n\n<p>&#8211; Prije nepunih mjesec dana objavili smo i Izabrana djela jednog znamenitog Mostarca Svetozara \u0106orovi\u0107a koje \u0107emo vjerojatno predstaviti u Mostaru. Ove godine smo se fokusirali na Hercegovce i Mostarce &#8211; rekla je Petrovi\u0107 Ze\u010di\u0107.<\/p>\n\n\n\n<p>Povjesni\u010dar Zoran Peja\u0161inovi\u0107 govorio je o \u0160anti\u0107u, njegovoj povijesnoj ulozi, \u017eivotu i povijesnom kontekstu, ali i povezanosti \u0160anti\u0107a i Petra Ko\u010di\u0107a.<\/p>\n\n\n\n<p>Izvor:pogled.ba<\/p>\n","protected":false},"excerpt":{"rendered":"<p>U Vladi\u010danskom dvoru predstavljena je knjiga &#8220;Stripovijetke &#8211; Aleksa \u0160anti\u0107&#8221; i otvorena istoimena izlo\u017eba u okviru 102. \u0160anti\u0107evih ve\u010deri poezije. Predsjednica SPKD &#8220;Prosvjeta&#8221; Gradski odbor Mostar Sanja Bjelica \u0160agovnovi\u0107 podsjetila je da je suradnja s Narodnom univerzitetskom bibliotekom Republike Srpske zapo\u010dela pro\u0161le godine na 101. \u0160anti\u0107evim ve\u010derima poezije, a da su dana\u0161nja promocija knjige i [&hellip;]<\/p>\n","protected":false},"author":2,"featured_media":73565,"comment_status":"closed","ping_status":"closed","sticky":false,"template":"","format":"standard","meta":{"h5ap_radio_sources":[],"footnotes":""},"categories":[1],"tags":[],"class_list":["post-73564","post","type-post","status-publish","format-standard","has-post-thumbnail","hentry","category-bihiregija"],"yoast_head":"<!-- This site is optimized with the Yoast SEO plugin v27.5 - https:\/\/yoast.com\/product\/yoast-seo-wordpress\/ -->\n<title>Predstavljena knjiga &#039;Aleksa \u0160anti\u0107 - Stripovijetke&#039; - RADIO LJUBU\u0160KI<\/title>\n<meta name=\"robots\" content=\"index, follow, max-snippet:-1, max-image-preview:large, max-video-preview:-1\" \/>\n<link rel=\"canonical\" href=\"https:\/\/radioljubuski.ba\/index.php\/2021\/10\/09\/predstavljena-knjiga-aleksa-santic-stripovijetke\/\" \/>\n<meta property=\"og:locale\" content=\"hr_HR\" \/>\n<meta property=\"og:type\" content=\"article\" \/>\n<meta property=\"og:title\" content=\"Predstavljena knjiga &#039;Aleksa \u0160anti\u0107 - Stripovijetke&#039; - RADIO LJUBU\u0160KI\" \/>\n<meta property=\"og:description\" content=\"U Vladi\u010danskom dvoru predstavljena je knjiga &#8220;Stripovijetke &#8211; Aleksa \u0160anti\u0107&#8221; i otvorena istoimena izlo\u017eba u okviru 102. \u0160anti\u0107evih ve\u010deri poezije. Predsjednica SPKD &#8220;Prosvjeta&#8221; Gradski odbor Mostar Sanja Bjelica \u0160agovnovi\u0107 podsjetila je da je suradnja s Narodnom univerzitetskom bibliotekom Republike Srpske zapo\u010dela pro\u0161le godine na 101. \u0160anti\u0107evim ve\u010derima poezije, a da su dana\u0161nja promocija knjige i [&hellip;]\" \/>\n<meta property=\"og:url\" content=\"https:\/\/radioljubuski.ba\/index.php\/2021\/10\/09\/predstavljena-knjiga-aleksa-santic-stripovijetke\/\" \/>\n<meta property=\"og:site_name\" content=\"RADIO LJUBU\u0160KI\" \/>\n<meta property=\"article:publisher\" content=\"https:\/\/www.facebook.com\/Radiio-Ljubuski-1490835324566332\" \/>\n<meta property=\"article:published_time\" content=\"2021-10-09T20:33:41+00:00\" \/>\n<meta property=\"article:modified_time\" content=\"2021-10-09T20:33:42+00:00\" \/>\n<meta property=\"og:image\" content=\"https:\/\/radioljubuski.ba\/wp-content\/uploads\/2021\/10\/2-2021-10-09-14-25-21-santic.jpg\" \/>\n\t<meta property=\"og:image:width\" content=\"1000\" \/>\n\t<meta property=\"og:image:height\" content=\"625\" \/>\n\t<meta property=\"og:image:type\" content=\"image\/jpeg\" \/>\n<meta name=\"author\" content=\"Radio Ljubu\u0161ki\" \/>\n<meta name=\"twitter:card\" content=\"summary_large_image\" \/>\n<meta name=\"twitter:creator\" content=\"@radioljubuski\" \/>\n<meta name=\"twitter:site\" content=\"@radioljubuski\" \/>\n<meta name=\"twitter:label1\" content=\"Napisao\/la\" \/>\n\t<meta name=\"twitter:data1\" content=\"Radio Ljubu\u0161ki\" \/>\n\t<meta name=\"twitter:label2\" content=\"Procijenjeno vrijeme \u010ditanja\" \/>\n\t<meta name=\"twitter:data2\" content=\"2 minute\" \/>\n<script type=\"application\/ld+json\" class=\"yoast-schema-graph\">{\"@context\":\"https:\\\/\\\/schema.org\",\"@graph\":[{\"@type\":\"Article\",\"@id\":\"https:\\\/\\\/radioljubuski.ba\\\/index.php\\\/2021\\\/10\\\/09\\\/predstavljena-knjiga-aleksa-santic-stripovijetke\\\/#article\",\"isPartOf\":{\"@id\":\"https:\\\/\\\/radioljubuski.ba\\\/index.php\\\/2021\\\/10\\\/09\\\/predstavljena-knjiga-aleksa-santic-stripovijetke\\\/\"},\"author\":{\"name\":\"Radio Ljubu\u0161ki\",\"@id\":\"https:\\\/\\\/radioljubuski.ba\\\/#\\\/schema\\\/person\\\/19fc700381a780f69665d7956c469e3b\"},\"headline\":\"Predstavljena knjiga &#8216;Aleksa \u0160anti\u0107 &#8211; Stripovijetke&#8217;\",\"datePublished\":\"2021-10-09T20:33:41+00:00\",\"dateModified\":\"2021-10-09T20:33:42+00:00\",\"mainEntityOfPage\":{\"@id\":\"https:\\\/\\\/radioljubuski.ba\\\/index.php\\\/2021\\\/10\\\/09\\\/predstavljena-knjiga-aleksa-santic-stripovijetke\\\/\"},\"wordCount\":429,\"publisher\":{\"@id\":\"https:\\\/\\\/radioljubuski.ba\\\/#organization\"},\"image\":{\"@id\":\"https:\\\/\\\/radioljubuski.ba\\\/index.php\\\/2021\\\/10\\\/09\\\/predstavljena-knjiga-aleksa-santic-stripovijetke\\\/#primaryimage\"},\"thumbnailUrl\":\"https:\\\/\\\/radioljubuski.ba\\\/wp-content\\\/uploads\\\/2021\\\/10\\\/2-2021-10-09-14-25-21-santic.jpg\",\"articleSection\":[\"BIH i regija\"],\"inLanguage\":\"hr\"},{\"@type\":\"WebPage\",\"@id\":\"https:\\\/\\\/radioljubuski.ba\\\/index.php\\\/2021\\\/10\\\/09\\\/predstavljena-knjiga-aleksa-santic-stripovijetke\\\/\",\"url\":\"https:\\\/\\\/radioljubuski.ba\\\/index.php\\\/2021\\\/10\\\/09\\\/predstavljena-knjiga-aleksa-santic-stripovijetke\\\/\",\"name\":\"Predstavljena knjiga 'Aleksa \u0160anti\u0107 - Stripovijetke' - RADIO LJUBU\u0160KI\",\"isPartOf\":{\"@id\":\"https:\\\/\\\/radioljubuski.ba\\\/#website\"},\"primaryImageOfPage\":{\"@id\":\"https:\\\/\\\/radioljubuski.ba\\\/index.php\\\/2021\\\/10\\\/09\\\/predstavljena-knjiga-aleksa-santic-stripovijetke\\\/#primaryimage\"},\"image\":{\"@id\":\"https:\\\/\\\/radioljubuski.ba\\\/index.php\\\/2021\\\/10\\\/09\\\/predstavljena-knjiga-aleksa-santic-stripovijetke\\\/#primaryimage\"},\"thumbnailUrl\":\"https:\\\/\\\/radioljubuski.ba\\\/wp-content\\\/uploads\\\/2021\\\/10\\\/2-2021-10-09-14-25-21-santic.jpg\",\"datePublished\":\"2021-10-09T20:33:41+00:00\",\"dateModified\":\"2021-10-09T20:33:42+00:00\",\"breadcrumb\":{\"@id\":\"https:\\\/\\\/radioljubuski.ba\\\/index.php\\\/2021\\\/10\\\/09\\\/predstavljena-knjiga-aleksa-santic-stripovijetke\\\/#breadcrumb\"},\"inLanguage\":\"hr\",\"potentialAction\":[{\"@type\":\"ReadAction\",\"target\":[\"https:\\\/\\\/radioljubuski.ba\\\/index.php\\\/2021\\\/10\\\/09\\\/predstavljena-knjiga-aleksa-santic-stripovijetke\\\/\"]}]},{\"@type\":\"ImageObject\",\"inLanguage\":\"hr\",\"@id\":\"https:\\\/\\\/radioljubuski.ba\\\/index.php\\\/2021\\\/10\\\/09\\\/predstavljena-knjiga-aleksa-santic-stripovijetke\\\/#primaryimage\",\"url\":\"https:\\\/\\\/radioljubuski.ba\\\/wp-content\\\/uploads\\\/2021\\\/10\\\/2-2021-10-09-14-25-21-santic.jpg\",\"contentUrl\":\"https:\\\/\\\/radioljubuski.ba\\\/wp-content\\\/uploads\\\/2021\\\/10\\\/2-2021-10-09-14-25-21-santic.jpg\",\"width\":1000,\"height\":625},{\"@type\":\"BreadcrumbList\",\"@id\":\"https:\\\/\\\/radioljubuski.ba\\\/index.php\\\/2021\\\/10\\\/09\\\/predstavljena-knjiga-aleksa-santic-stripovijetke\\\/#breadcrumb\",\"itemListElement\":[{\"@type\":\"ListItem\",\"position\":1,\"name\":\"Po\u010detna stranica\",\"item\":\"https:\\\/\\\/radioljubuski.ba\\\/\"},{\"@type\":\"ListItem\",\"position\":2,\"name\":\"Predstavljena knjiga &#8216;Aleksa \u0160anti\u0107 &#8211; Stripovijetke&#8217;\"}]},{\"@type\":\"WebSite\",\"@id\":\"https:\\\/\\\/radioljubuski.ba\\\/#website\",\"url\":\"https:\\\/\\\/radioljubuski.ba\\\/\",\"name\":\"Radio Ljubu\u0161ki\",\"description\":\"Sun\u010dana frekvencija Hercegovine\",\"publisher\":{\"@id\":\"https:\\\/\\\/radioljubuski.ba\\\/#organization\"},\"potentialAction\":[{\"@type\":\"SearchAction\",\"target\":{\"@type\":\"EntryPoint\",\"urlTemplate\":\"https:\\\/\\\/radioljubuski.ba\\\/?s={search_term_string}\"},\"query-input\":{\"@type\":\"PropertyValueSpecification\",\"valueRequired\":true,\"valueName\":\"search_term_string\"}}],\"inLanguage\":\"hr\"},{\"@type\":\"Organization\",\"@id\":\"https:\\\/\\\/radioljubuski.ba\\\/#organization\",\"name\":\"Radio Ljubu\u0161ki\",\"url\":\"https:\\\/\\\/radioljubuski.ba\\\/\",\"logo\":{\"@type\":\"ImageObject\",\"inLanguage\":\"hr\",\"@id\":\"https:\\\/\\\/radioljubuski.ba\\\/#\\\/schema\\\/logo\\\/image\\\/\",\"url\":\"https:\\\/\\\/radioljubuski.ba\\\/wp-content\\\/uploads\\\/2021\\\/02\\\/cropped-Radio_Ljubuski_logo1.jpg\",\"contentUrl\":\"https:\\\/\\\/radioljubuski.ba\\\/wp-content\\\/uploads\\\/2021\\\/02\\\/cropped-Radio_Ljubuski_logo1.jpg\",\"width\":512,\"height\":512,\"caption\":\"Radio Ljubu\u0161ki\"},\"image\":{\"@id\":\"https:\\\/\\\/radioljubuski.ba\\\/#\\\/schema\\\/logo\\\/image\\\/\"},\"sameAs\":[\"https:\\\/\\\/www.facebook.com\\\/Radiio-Ljubuski-1490835324566332\",\"https:\\\/\\\/x.com\\\/radioljubuski\",\"https:\\\/\\\/hr.linkedin.com\\\/company\\\/radio-ljubuski\",\"https:\\\/\\\/www.youtube.com\\\/channel\\\/UCHYaeO_n0Db3tjNGudGpXyw\"]},{\"@type\":\"Person\",\"@id\":\"https:\\\/\\\/radioljubuski.ba\\\/#\\\/schema\\\/person\\\/19fc700381a780f69665d7956c469e3b\",\"name\":\"Radio Ljubu\u0161ki\"}]}<\/script>\n<!-- \/ Yoast SEO plugin. -->","yoast_head_json":{"title":"Predstavljena knjiga 'Aleksa \u0160anti\u0107 - Stripovijetke' - RADIO LJUBU\u0160KI","robots":{"index":"index","follow":"follow","max-snippet":"max-snippet:-1","max-image-preview":"max-image-preview:large","max-video-preview":"max-video-preview:-1"},"canonical":"https:\/\/radioljubuski.ba\/index.php\/2021\/10\/09\/predstavljena-knjiga-aleksa-santic-stripovijetke\/","og_locale":"hr_HR","og_type":"article","og_title":"Predstavljena knjiga 'Aleksa \u0160anti\u0107 - Stripovijetke' - RADIO LJUBU\u0160KI","og_description":"U Vladi\u010danskom dvoru predstavljena je knjiga &#8220;Stripovijetke &#8211; Aleksa \u0160anti\u0107&#8221; i otvorena istoimena izlo\u017eba u okviru 102. \u0160anti\u0107evih ve\u010deri poezije. Predsjednica SPKD &#8220;Prosvjeta&#8221; Gradski odbor Mostar Sanja Bjelica \u0160agovnovi\u0107 podsjetila je da je suradnja s Narodnom univerzitetskom bibliotekom Republike Srpske zapo\u010dela pro\u0161le godine na 101. \u0160anti\u0107evim ve\u010derima poezije, a da su dana\u0161nja promocija knjige i [&hellip;]","og_url":"https:\/\/radioljubuski.ba\/index.php\/2021\/10\/09\/predstavljena-knjiga-aleksa-santic-stripovijetke\/","og_site_name":"RADIO LJUBU\u0160KI","article_publisher":"https:\/\/www.facebook.com\/Radiio-Ljubuski-1490835324566332","article_published_time":"2021-10-09T20:33:41+00:00","article_modified_time":"2021-10-09T20:33:42+00:00","og_image":[{"width":1000,"height":625,"url":"https:\/\/radioljubuski.ba\/wp-content\/uploads\/2021\/10\/2-2021-10-09-14-25-21-santic.jpg","type":"image\/jpeg"}],"author":"Radio Ljubu\u0161ki","twitter_card":"summary_large_image","twitter_creator":"@radioljubuski","twitter_site":"@radioljubuski","twitter_misc":{"Napisao\/la":"Radio Ljubu\u0161ki","Procijenjeno vrijeme \u010ditanja":"2 minute"},"schema":{"@context":"https:\/\/schema.org","@graph":[{"@type":"Article","@id":"https:\/\/radioljubuski.ba\/index.php\/2021\/10\/09\/predstavljena-knjiga-aleksa-santic-stripovijetke\/#article","isPartOf":{"@id":"https:\/\/radioljubuski.ba\/index.php\/2021\/10\/09\/predstavljena-knjiga-aleksa-santic-stripovijetke\/"},"author":{"name":"Radio Ljubu\u0161ki","@id":"https:\/\/radioljubuski.ba\/#\/schema\/person\/19fc700381a780f69665d7956c469e3b"},"headline":"Predstavljena knjiga &#8216;Aleksa \u0160anti\u0107 &#8211; Stripovijetke&#8217;","datePublished":"2021-10-09T20:33:41+00:00","dateModified":"2021-10-09T20:33:42+00:00","mainEntityOfPage":{"@id":"https:\/\/radioljubuski.ba\/index.php\/2021\/10\/09\/predstavljena-knjiga-aleksa-santic-stripovijetke\/"},"wordCount":429,"publisher":{"@id":"https:\/\/radioljubuski.ba\/#organization"},"image":{"@id":"https:\/\/radioljubuski.ba\/index.php\/2021\/10\/09\/predstavljena-knjiga-aleksa-santic-stripovijetke\/#primaryimage"},"thumbnailUrl":"https:\/\/radioljubuski.ba\/wp-content\/uploads\/2021\/10\/2-2021-10-09-14-25-21-santic.jpg","articleSection":["BIH i regija"],"inLanguage":"hr"},{"@type":"WebPage","@id":"https:\/\/radioljubuski.ba\/index.php\/2021\/10\/09\/predstavljena-knjiga-aleksa-santic-stripovijetke\/","url":"https:\/\/radioljubuski.ba\/index.php\/2021\/10\/09\/predstavljena-knjiga-aleksa-santic-stripovijetke\/","name":"Predstavljena knjiga 'Aleksa \u0160anti\u0107 - Stripovijetke' - RADIO LJUBU\u0160KI","isPartOf":{"@id":"https:\/\/radioljubuski.ba\/#website"},"primaryImageOfPage":{"@id":"https:\/\/radioljubuski.ba\/index.php\/2021\/10\/09\/predstavljena-knjiga-aleksa-santic-stripovijetke\/#primaryimage"},"image":{"@id":"https:\/\/radioljubuski.ba\/index.php\/2021\/10\/09\/predstavljena-knjiga-aleksa-santic-stripovijetke\/#primaryimage"},"thumbnailUrl":"https:\/\/radioljubuski.ba\/wp-content\/uploads\/2021\/10\/2-2021-10-09-14-25-21-santic.jpg","datePublished":"2021-10-09T20:33:41+00:00","dateModified":"2021-10-09T20:33:42+00:00","breadcrumb":{"@id":"https:\/\/radioljubuski.ba\/index.php\/2021\/10\/09\/predstavljena-knjiga-aleksa-santic-stripovijetke\/#breadcrumb"},"inLanguage":"hr","potentialAction":[{"@type":"ReadAction","target":["https:\/\/radioljubuski.ba\/index.php\/2021\/10\/09\/predstavljena-knjiga-aleksa-santic-stripovijetke\/"]}]},{"@type":"ImageObject","inLanguage":"hr","@id":"https:\/\/radioljubuski.ba\/index.php\/2021\/10\/09\/predstavljena-knjiga-aleksa-santic-stripovijetke\/#primaryimage","url":"https:\/\/radioljubuski.ba\/wp-content\/uploads\/2021\/10\/2-2021-10-09-14-25-21-santic.jpg","contentUrl":"https:\/\/radioljubuski.ba\/wp-content\/uploads\/2021\/10\/2-2021-10-09-14-25-21-santic.jpg","width":1000,"height":625},{"@type":"BreadcrumbList","@id":"https:\/\/radioljubuski.ba\/index.php\/2021\/10\/09\/predstavljena-knjiga-aleksa-santic-stripovijetke\/#breadcrumb","itemListElement":[{"@type":"ListItem","position":1,"name":"Po\u010detna stranica","item":"https:\/\/radioljubuski.ba\/"},{"@type":"ListItem","position":2,"name":"Predstavljena knjiga &#8216;Aleksa \u0160anti\u0107 &#8211; Stripovijetke&#8217;"}]},{"@type":"WebSite","@id":"https:\/\/radioljubuski.ba\/#website","url":"https:\/\/radioljubuski.ba\/","name":"Radio Ljubu\u0161ki","description":"Sun\u010dana frekvencija Hercegovine","publisher":{"@id":"https:\/\/radioljubuski.ba\/#organization"},"potentialAction":[{"@type":"SearchAction","target":{"@type":"EntryPoint","urlTemplate":"https:\/\/radioljubuski.ba\/?s={search_term_string}"},"query-input":{"@type":"PropertyValueSpecification","valueRequired":true,"valueName":"search_term_string"}}],"inLanguage":"hr"},{"@type":"Organization","@id":"https:\/\/radioljubuski.ba\/#organization","name":"Radio Ljubu\u0161ki","url":"https:\/\/radioljubuski.ba\/","logo":{"@type":"ImageObject","inLanguage":"hr","@id":"https:\/\/radioljubuski.ba\/#\/schema\/logo\/image\/","url":"https:\/\/radioljubuski.ba\/wp-content\/uploads\/2021\/02\/cropped-Radio_Ljubuski_logo1.jpg","contentUrl":"https:\/\/radioljubuski.ba\/wp-content\/uploads\/2021\/02\/cropped-Radio_Ljubuski_logo1.jpg","width":512,"height":512,"caption":"Radio Ljubu\u0161ki"},"image":{"@id":"https:\/\/radioljubuski.ba\/#\/schema\/logo\/image\/"},"sameAs":["https:\/\/www.facebook.com\/Radiio-Ljubuski-1490835324566332","https:\/\/x.com\/radioljubuski","https:\/\/hr.linkedin.com\/company\/radio-ljubuski","https:\/\/www.youtube.com\/channel\/UCHYaeO_n0Db3tjNGudGpXyw"]},{"@type":"Person","@id":"https:\/\/radioljubuski.ba\/#\/schema\/person\/19fc700381a780f69665d7956c469e3b","name":"Radio Ljubu\u0161ki"}]}},"_links":{"self":[{"href":"https:\/\/radioljubuski.ba\/index.php\/wp-json\/wp\/v2\/posts\/73564","targetHints":{"allow":["GET"]}}],"collection":[{"href":"https:\/\/radioljubuski.ba\/index.php\/wp-json\/wp\/v2\/posts"}],"about":[{"href":"https:\/\/radioljubuski.ba\/index.php\/wp-json\/wp\/v2\/types\/post"}],"author":[{"embeddable":true,"href":"https:\/\/radioljubuski.ba\/index.php\/wp-json\/wp\/v2\/users\/2"}],"replies":[{"embeddable":true,"href":"https:\/\/radioljubuski.ba\/index.php\/wp-json\/wp\/v2\/comments?post=73564"}],"version-history":[{"count":1,"href":"https:\/\/radioljubuski.ba\/index.php\/wp-json\/wp\/v2\/posts\/73564\/revisions"}],"predecessor-version":[{"id":73566,"href":"https:\/\/radioljubuski.ba\/index.php\/wp-json\/wp\/v2\/posts\/73564\/revisions\/73566"}],"wp:featuredmedia":[{"embeddable":true,"href":"https:\/\/radioljubuski.ba\/index.php\/wp-json\/wp\/v2\/media\/73565"}],"wp:attachment":[{"href":"https:\/\/radioljubuski.ba\/index.php\/wp-json\/wp\/v2\/media?parent=73564"}],"wp:term":[{"taxonomy":"category","embeddable":true,"href":"https:\/\/radioljubuski.ba\/index.php\/wp-json\/wp\/v2\/categories?post=73564"},{"taxonomy":"post_tag","embeddable":true,"href":"https:\/\/radioljubuski.ba\/index.php\/wp-json\/wp\/v2\/tags?post=73564"}],"curies":[{"name":"wp","href":"https:\/\/api.w.org\/{rel}","templated":true}]}}