{"id":73567,"date":"2021-10-09T21:35:51","date_gmt":"2021-10-09T20:35:51","guid":{"rendered":"https:\/\/radioljubuski.ba\/?p=73567"},"modified":"2021-10-09T21:35:52","modified_gmt":"2021-10-09T20:35:52","slug":"macron-najavio-svjetski-skup-protiv-smrtne-kazne","status":"publish","type":"post","link":"https:\/\/radioljubuski.ba\/index.php\/2021\/10\/09\/macron-najavio-svjetski-skup-protiv-smrtne-kazne\/","title":{"rendered":"Macron najavio svjetski skup protiv smrtne kazne"},"content":{"rendered":"\n<p>Francuski predsjednik Emmanuel Macron kazao je u subotu da \u0107e organizirati sastanak na najvi\u0161oj razini za ukidanje smrtne kazne u svijetu.<\/p>\n\n\n\n<p>\u201cObjavljujem da \u0107e 9. listopada 2021. Francuska ponovno pokrenuti borbu za univerzalno ukidanje smrtne kazne\u201d, rekao je Macron u govoru u Parizu u povodu 40. godi\u0161njice ukidanja smrtne kazne u Francuskoj.<\/p>\n\n\n\n<p>Kazao je da \u0107e u sklopu francuskog predsjedanja Europskom unijom u prvom polugodi\u0161tu 2022. organizirati u \u201cParizu s nevladinom organizacijom \u2018Zajedno protiv smrtne kazne\u2019 sastanak na najvi\u0161oj razini koji \u0107e okupiti civilna dru\u0161tva dr\u017eava koje jo\u0161 provode smrtne kazne ili imaju na snazi moratorij kako bi uvjerio njihove \u010delnike u va\u017enost i hitnost njezina ukidanja\u201d.<\/p>\n\n\n\n<p>Robert Badinter, biv\u0161i francuski ministar pravosu\u0111a koji je zaslu\u017ean za ukidanje smrtne kazne u zemlji 1981., kazao je da \u201capsolutno uvjeren da \u0107e smrtna kazna u svijetu nestati jer je sramota za \u010dovje\u010danstvo\u201d.<\/p>\n\n\n\n<p>\u201cOna ne \u0161titi dru\u0161tvo, ona ga sramoti\u201d, rekao je u govoru u Panteonu, spomeniku francuskim velikanima.<\/p>\n\n\n\n<p>Macron je podsjetio da je 1981. Francuska bila 35. dr\u017eava na svijetu koja je ukinula smrtnu kaznu. \u201cDo sada je to u\u010dinilo 106 dr\u017eava, a 50 ih je proglasilo de jure ili de facto moratorij na pogubljenja\u201d, rekao je.<\/p>\n\n\n\n<p>Izrazio je \u017ealjenje \u0161to je 2020. u svijetu provedeno najmanje 483 smrtnih kazni u 33 dr\u017eave.<\/p>\n\n\n\n<p>Smrtna kazna na snazi je, me\u0111i ostalim, u Kini, SAD-u i Indiji.<\/p>\n\n\n\n<p>Izvor:pogled.ba<\/p>\n","protected":false},"excerpt":{"rendered":"<p>Francuski predsjednik Emmanuel Macron kazao je u subotu da \u0107e organizirati sastanak na najvi\u0161oj razini za ukidanje smrtne kazne u svijetu. \u201cObjavljujem da \u0107e 9. listopada 2021. Francuska ponovno pokrenuti borbu za univerzalno ukidanje smrtne kazne\u201d, rekao je Macron u govoru u Parizu u povodu 40. godi\u0161njice ukidanja smrtne kazne u Francuskoj. Kazao je da [&hellip;]<\/p>\n","protected":false},"author":2,"featured_media":73568,"comment_status":"closed","ping_status":"closed","sticky":false,"template":"","format":"standard","meta":{"h5ap_radio_sources":[],"footnotes":""},"categories":[1],"tags":[],"class_list":["post-73567","post","type-post","status-publish","format-standard","has-post-thumbnail","hentry","category-bihiregija"],"yoast_head":"<!-- This site is optimized with the Yoast SEO plugin v27.5 - https:\/\/yoast.com\/product\/yoast-seo-wordpress\/ -->\n<title>Macron najavio svjetski skup protiv smrtne kazne - RADIO LJUBU\u0160KI<\/title>\n<meta name=\"robots\" content=\"index, follow, max-snippet:-1, max-image-preview:large, max-video-preview:-1\" \/>\n<link rel=\"canonical\" href=\"https:\/\/radioljubuski.ba\/index.php\/2021\/10\/09\/macron-najavio-svjetski-skup-protiv-smrtne-kazne\/\" \/>\n<meta property=\"og:locale\" content=\"hr_HR\" \/>\n<meta property=\"og:type\" content=\"article\" \/>\n<meta property=\"og:title\" content=\"Macron najavio svjetski skup protiv smrtne kazne - RADIO LJUBU\u0160KI\" \/>\n<meta property=\"og:description\" content=\"Francuski predsjednik Emmanuel Macron kazao je u subotu da \u0107e organizirati sastanak na najvi\u0161oj razini za ukidanje smrtne kazne u svijetu. \u201cObjavljujem da \u0107e 9. listopada 2021. Francuska ponovno pokrenuti borbu za univerzalno ukidanje smrtne kazne\u201d, rekao je Macron u govoru u Parizu u povodu 40. godi\u0161njice ukidanja smrtne kazne u Francuskoj. Kazao je da [&hellip;]\" \/>\n<meta property=\"og:url\" content=\"https:\/\/radioljubuski.ba\/index.php\/2021\/10\/09\/macron-najavio-svjetski-skup-protiv-smrtne-kazne\/\" \/>\n<meta property=\"og:site_name\" content=\"RADIO LJUBU\u0160KI\" \/>\n<meta property=\"article:publisher\" content=\"https:\/\/www.facebook.com\/Radiio-Ljubuski-1490835324566332\" \/>\n<meta property=\"article:published_time\" content=\"2021-10-09T20:35:51+00:00\" \/>\n<meta property=\"article:modified_time\" content=\"2021-10-09T20:35:52+00:00\" \/>\n<meta property=\"og:image\" content=\"https:\/\/radioljubuski.ba\/wp-content\/uploads\/2021\/10\/8-2021-09-16-07-26-26-MACRON.jpg\" \/>\n\t<meta property=\"og:image:width\" content=\"1000\" \/>\n\t<meta property=\"og:image:height\" content=\"625\" \/>\n\t<meta property=\"og:image:type\" content=\"image\/jpeg\" \/>\n<meta name=\"author\" content=\"Radio Ljubu\u0161ki\" \/>\n<meta name=\"twitter:card\" content=\"summary_large_image\" \/>\n<meta name=\"twitter:creator\" content=\"@radioljubuski\" \/>\n<meta name=\"twitter:site\" content=\"@radioljubuski\" \/>\n<meta name=\"twitter:label1\" content=\"Napisao\/la\" \/>\n\t<meta name=\"twitter:data1\" content=\"Radio Ljubu\u0161ki\" \/>\n\t<meta name=\"twitter:label2\" content=\"Procijenjeno vrijeme \u010ditanja\" \/>\n\t<meta name=\"twitter:data2\" content=\"1 minuta\" \/>\n<script type=\"application\/ld+json\" class=\"yoast-schema-graph\">{\"@context\":\"https:\\\/\\\/schema.org\",\"@graph\":[{\"@type\":\"Article\",\"@id\":\"https:\\\/\\\/radioljubuski.ba\\\/index.php\\\/2021\\\/10\\\/09\\\/macron-najavio-svjetski-skup-protiv-smrtne-kazne\\\/#article\",\"isPartOf\":{\"@id\":\"https:\\\/\\\/radioljubuski.ba\\\/index.php\\\/2021\\\/10\\\/09\\\/macron-najavio-svjetski-skup-protiv-smrtne-kazne\\\/\"},\"author\":{\"name\":\"Radio Ljubu\u0161ki\",\"@id\":\"https:\\\/\\\/radioljubuski.ba\\\/#\\\/schema\\\/person\\\/19fc700381a780f69665d7956c469e3b\"},\"headline\":\"Macron najavio svjetski skup protiv smrtne kazne\",\"datePublished\":\"2021-10-09T20:35:51+00:00\",\"dateModified\":\"2021-10-09T20:35:52+00:00\",\"mainEntityOfPage\":{\"@id\":\"https:\\\/\\\/radioljubuski.ba\\\/index.php\\\/2021\\\/10\\\/09\\\/macron-najavio-svjetski-skup-protiv-smrtne-kazne\\\/\"},\"wordCount\":238,\"publisher\":{\"@id\":\"https:\\\/\\\/radioljubuski.ba\\\/#organization\"},\"image\":{\"@id\":\"https:\\\/\\\/radioljubuski.ba\\\/index.php\\\/2021\\\/10\\\/09\\\/macron-najavio-svjetski-skup-protiv-smrtne-kazne\\\/#primaryimage\"},\"thumbnailUrl\":\"https:\\\/\\\/radioljubuski.ba\\\/wp-content\\\/uploads\\\/2021\\\/10\\\/8-2021-09-16-07-26-26-MACRON.jpg\",\"articleSection\":[\"BIH i regija\"],\"inLanguage\":\"hr\"},{\"@type\":\"WebPage\",\"@id\":\"https:\\\/\\\/radioljubuski.ba\\\/index.php\\\/2021\\\/10\\\/09\\\/macron-najavio-svjetski-skup-protiv-smrtne-kazne\\\/\",\"url\":\"https:\\\/\\\/radioljubuski.ba\\\/index.php\\\/2021\\\/10\\\/09\\\/macron-najavio-svjetski-skup-protiv-smrtne-kazne\\\/\",\"name\":\"Macron najavio svjetski skup protiv smrtne kazne - RADIO LJUBU\u0160KI\",\"isPartOf\":{\"@id\":\"https:\\\/\\\/radioljubuski.ba\\\/#website\"},\"primaryImageOfPage\":{\"@id\":\"https:\\\/\\\/radioljubuski.ba\\\/index.php\\\/2021\\\/10\\\/09\\\/macron-najavio-svjetski-skup-protiv-smrtne-kazne\\\/#primaryimage\"},\"image\":{\"@id\":\"https:\\\/\\\/radioljubuski.ba\\\/index.php\\\/2021\\\/10\\\/09\\\/macron-najavio-svjetski-skup-protiv-smrtne-kazne\\\/#primaryimage\"},\"thumbnailUrl\":\"https:\\\/\\\/radioljubuski.ba\\\/wp-content\\\/uploads\\\/2021\\\/10\\\/8-2021-09-16-07-26-26-MACRON.jpg\",\"datePublished\":\"2021-10-09T20:35:51+00:00\",\"dateModified\":\"2021-10-09T20:35:52+00:00\",\"breadcrumb\":{\"@id\":\"https:\\\/\\\/radioljubuski.ba\\\/index.php\\\/2021\\\/10\\\/09\\\/macron-najavio-svjetski-skup-protiv-smrtne-kazne\\\/#breadcrumb\"},\"inLanguage\":\"hr\",\"potentialAction\":[{\"@type\":\"ReadAction\",\"target\":[\"https:\\\/\\\/radioljubuski.ba\\\/index.php\\\/2021\\\/10\\\/09\\\/macron-najavio-svjetski-skup-protiv-smrtne-kazne\\\/\"]}]},{\"@type\":\"ImageObject\",\"inLanguage\":\"hr\",\"@id\":\"https:\\\/\\\/radioljubuski.ba\\\/index.php\\\/2021\\\/10\\\/09\\\/macron-najavio-svjetski-skup-protiv-smrtne-kazne\\\/#primaryimage\",\"url\":\"https:\\\/\\\/radioljubuski.ba\\\/wp-content\\\/uploads\\\/2021\\\/10\\\/8-2021-09-16-07-26-26-MACRON.jpg\",\"contentUrl\":\"https:\\\/\\\/radioljubuski.ba\\\/wp-content\\\/uploads\\\/2021\\\/10\\\/8-2021-09-16-07-26-26-MACRON.jpg\",\"width\":1000,\"height\":625},{\"@type\":\"BreadcrumbList\",\"@id\":\"https:\\\/\\\/radioljubuski.ba\\\/index.php\\\/2021\\\/10\\\/09\\\/macron-najavio-svjetski-skup-protiv-smrtne-kazne\\\/#breadcrumb\",\"itemListElement\":[{\"@type\":\"ListItem\",\"position\":1,\"name\":\"Po\u010detna stranica\",\"item\":\"https:\\\/\\\/radioljubuski.ba\\\/\"},{\"@type\":\"ListItem\",\"position\":2,\"name\":\"Macron najavio svjetski skup protiv smrtne kazne\"}]},{\"@type\":\"WebSite\",\"@id\":\"https:\\\/\\\/radioljubuski.ba\\\/#website\",\"url\":\"https:\\\/\\\/radioljubuski.ba\\\/\",\"name\":\"Radio Ljubu\u0161ki\",\"description\":\"Sun\u010dana frekvencija Hercegovine\",\"publisher\":{\"@id\":\"https:\\\/\\\/radioljubuski.ba\\\/#organization\"},\"potentialAction\":[{\"@type\":\"SearchAction\",\"target\":{\"@type\":\"EntryPoint\",\"urlTemplate\":\"https:\\\/\\\/radioljubuski.ba\\\/?s={search_term_string}\"},\"query-input\":{\"@type\":\"PropertyValueSpecification\",\"valueRequired\":true,\"valueName\":\"search_term_string\"}}],\"inLanguage\":\"hr\"},{\"@type\":\"Organization\",\"@id\":\"https:\\\/\\\/radioljubuski.ba\\\/#organization\",\"name\":\"Radio Ljubu\u0161ki\",\"url\":\"https:\\\/\\\/radioljubuski.ba\\\/\",\"logo\":{\"@type\":\"ImageObject\",\"inLanguage\":\"hr\",\"@id\":\"https:\\\/\\\/radioljubuski.ba\\\/#\\\/schema\\\/logo\\\/image\\\/\",\"url\":\"https:\\\/\\\/radioljubuski.ba\\\/wp-content\\\/uploads\\\/2021\\\/02\\\/cropped-Radio_Ljubuski_logo1.jpg\",\"contentUrl\":\"https:\\\/\\\/radioljubuski.ba\\\/wp-content\\\/uploads\\\/2021\\\/02\\\/cropped-Radio_Ljubuski_logo1.jpg\",\"width\":512,\"height\":512,\"caption\":\"Radio Ljubu\u0161ki\"},\"image\":{\"@id\":\"https:\\\/\\\/radioljubuski.ba\\\/#\\\/schema\\\/logo\\\/image\\\/\"},\"sameAs\":[\"https:\\\/\\\/www.facebook.com\\\/Radiio-Ljubuski-1490835324566332\",\"https:\\\/\\\/x.com\\\/radioljubuski\",\"https:\\\/\\\/hr.linkedin.com\\\/company\\\/radio-ljubuski\",\"https:\\\/\\\/www.youtube.com\\\/channel\\\/UCHYaeO_n0Db3tjNGudGpXyw\"]},{\"@type\":\"Person\",\"@id\":\"https:\\\/\\\/radioljubuski.ba\\\/#\\\/schema\\\/person\\\/19fc700381a780f69665d7956c469e3b\",\"name\":\"Radio Ljubu\u0161ki\"}]}<\/script>\n<!-- \/ Yoast SEO plugin. -->","yoast_head_json":{"title":"Macron najavio svjetski skup protiv smrtne kazne - RADIO LJUBU\u0160KI","robots":{"index":"index","follow":"follow","max-snippet":"max-snippet:-1","max-image-preview":"max-image-preview:large","max-video-preview":"max-video-preview:-1"},"canonical":"https:\/\/radioljubuski.ba\/index.php\/2021\/10\/09\/macron-najavio-svjetski-skup-protiv-smrtne-kazne\/","og_locale":"hr_HR","og_type":"article","og_title":"Macron najavio svjetski skup protiv smrtne kazne - RADIO LJUBU\u0160KI","og_description":"Francuski predsjednik Emmanuel Macron kazao je u subotu da \u0107e organizirati sastanak na najvi\u0161oj razini za ukidanje smrtne kazne u svijetu. \u201cObjavljujem da \u0107e 9. listopada 2021. Francuska ponovno pokrenuti borbu za univerzalno ukidanje smrtne kazne\u201d, rekao je Macron u govoru u Parizu u povodu 40. godi\u0161njice ukidanja smrtne kazne u Francuskoj. Kazao je da [&hellip;]","og_url":"https:\/\/radioljubuski.ba\/index.php\/2021\/10\/09\/macron-najavio-svjetski-skup-protiv-smrtne-kazne\/","og_site_name":"RADIO LJUBU\u0160KI","article_publisher":"https:\/\/www.facebook.com\/Radiio-Ljubuski-1490835324566332","article_published_time":"2021-10-09T20:35:51+00:00","article_modified_time":"2021-10-09T20:35:52+00:00","og_image":[{"width":1000,"height":625,"url":"https:\/\/radioljubuski.ba\/wp-content\/uploads\/2021\/10\/8-2021-09-16-07-26-26-MACRON.jpg","type":"image\/jpeg"}],"author":"Radio Ljubu\u0161ki","twitter_card":"summary_large_image","twitter_creator":"@radioljubuski","twitter_site":"@radioljubuski","twitter_misc":{"Napisao\/la":"Radio Ljubu\u0161ki","Procijenjeno vrijeme \u010ditanja":"1 minuta"},"schema":{"@context":"https:\/\/schema.org","@graph":[{"@type":"Article","@id":"https:\/\/radioljubuski.ba\/index.php\/2021\/10\/09\/macron-najavio-svjetski-skup-protiv-smrtne-kazne\/#article","isPartOf":{"@id":"https:\/\/radioljubuski.ba\/index.php\/2021\/10\/09\/macron-najavio-svjetski-skup-protiv-smrtne-kazne\/"},"author":{"name":"Radio Ljubu\u0161ki","@id":"https:\/\/radioljubuski.ba\/#\/schema\/person\/19fc700381a780f69665d7956c469e3b"},"headline":"Macron najavio svjetski skup protiv smrtne kazne","datePublished":"2021-10-09T20:35:51+00:00","dateModified":"2021-10-09T20:35:52+00:00","mainEntityOfPage":{"@id":"https:\/\/radioljubuski.ba\/index.php\/2021\/10\/09\/macron-najavio-svjetski-skup-protiv-smrtne-kazne\/"},"wordCount":238,"publisher":{"@id":"https:\/\/radioljubuski.ba\/#organization"},"image":{"@id":"https:\/\/radioljubuski.ba\/index.php\/2021\/10\/09\/macron-najavio-svjetski-skup-protiv-smrtne-kazne\/#primaryimage"},"thumbnailUrl":"https:\/\/radioljubuski.ba\/wp-content\/uploads\/2021\/10\/8-2021-09-16-07-26-26-MACRON.jpg","articleSection":["BIH i regija"],"inLanguage":"hr"},{"@type":"WebPage","@id":"https:\/\/radioljubuski.ba\/index.php\/2021\/10\/09\/macron-najavio-svjetski-skup-protiv-smrtne-kazne\/","url":"https:\/\/radioljubuski.ba\/index.php\/2021\/10\/09\/macron-najavio-svjetski-skup-protiv-smrtne-kazne\/","name":"Macron najavio svjetski skup protiv smrtne kazne - RADIO LJUBU\u0160KI","isPartOf":{"@id":"https:\/\/radioljubuski.ba\/#website"},"primaryImageOfPage":{"@id":"https:\/\/radioljubuski.ba\/index.php\/2021\/10\/09\/macron-najavio-svjetski-skup-protiv-smrtne-kazne\/#primaryimage"},"image":{"@id":"https:\/\/radioljubuski.ba\/index.php\/2021\/10\/09\/macron-najavio-svjetski-skup-protiv-smrtne-kazne\/#primaryimage"},"thumbnailUrl":"https:\/\/radioljubuski.ba\/wp-content\/uploads\/2021\/10\/8-2021-09-16-07-26-26-MACRON.jpg","datePublished":"2021-10-09T20:35:51+00:00","dateModified":"2021-10-09T20:35:52+00:00","breadcrumb":{"@id":"https:\/\/radioljubuski.ba\/index.php\/2021\/10\/09\/macron-najavio-svjetski-skup-protiv-smrtne-kazne\/#breadcrumb"},"inLanguage":"hr","potentialAction":[{"@type":"ReadAction","target":["https:\/\/radioljubuski.ba\/index.php\/2021\/10\/09\/macron-najavio-svjetski-skup-protiv-smrtne-kazne\/"]}]},{"@type":"ImageObject","inLanguage":"hr","@id":"https:\/\/radioljubuski.ba\/index.php\/2021\/10\/09\/macron-najavio-svjetski-skup-protiv-smrtne-kazne\/#primaryimage","url":"https:\/\/radioljubuski.ba\/wp-content\/uploads\/2021\/10\/8-2021-09-16-07-26-26-MACRON.jpg","contentUrl":"https:\/\/radioljubuski.ba\/wp-content\/uploads\/2021\/10\/8-2021-09-16-07-26-26-MACRON.jpg","width":1000,"height":625},{"@type":"BreadcrumbList","@id":"https:\/\/radioljubuski.ba\/index.php\/2021\/10\/09\/macron-najavio-svjetski-skup-protiv-smrtne-kazne\/#breadcrumb","itemListElement":[{"@type":"ListItem","position":1,"name":"Po\u010detna stranica","item":"https:\/\/radioljubuski.ba\/"},{"@type":"ListItem","position":2,"name":"Macron najavio svjetski skup protiv smrtne kazne"}]},{"@type":"WebSite","@id":"https:\/\/radioljubuski.ba\/#website","url":"https:\/\/radioljubuski.ba\/","name":"Radio Ljubu\u0161ki","description":"Sun\u010dana frekvencija Hercegovine","publisher":{"@id":"https:\/\/radioljubuski.ba\/#organization"},"potentialAction":[{"@type":"SearchAction","target":{"@type":"EntryPoint","urlTemplate":"https:\/\/radioljubuski.ba\/?s={search_term_string}"},"query-input":{"@type":"PropertyValueSpecification","valueRequired":true,"valueName":"search_term_string"}}],"inLanguage":"hr"},{"@type":"Organization","@id":"https:\/\/radioljubuski.ba\/#organization","name":"Radio Ljubu\u0161ki","url":"https:\/\/radioljubuski.ba\/","logo":{"@type":"ImageObject","inLanguage":"hr","@id":"https:\/\/radioljubuski.ba\/#\/schema\/logo\/image\/","url":"https:\/\/radioljubuski.ba\/wp-content\/uploads\/2021\/02\/cropped-Radio_Ljubuski_logo1.jpg","contentUrl":"https:\/\/radioljubuski.ba\/wp-content\/uploads\/2021\/02\/cropped-Radio_Ljubuski_logo1.jpg","width":512,"height":512,"caption":"Radio Ljubu\u0161ki"},"image":{"@id":"https:\/\/radioljubuski.ba\/#\/schema\/logo\/image\/"},"sameAs":["https:\/\/www.facebook.com\/Radiio-Ljubuski-1490835324566332","https:\/\/x.com\/radioljubuski","https:\/\/hr.linkedin.com\/company\/radio-ljubuski","https:\/\/www.youtube.com\/channel\/UCHYaeO_n0Db3tjNGudGpXyw"]},{"@type":"Person","@id":"https:\/\/radioljubuski.ba\/#\/schema\/person\/19fc700381a780f69665d7956c469e3b","name":"Radio Ljubu\u0161ki"}]}},"_links":{"self":[{"href":"https:\/\/radioljubuski.ba\/index.php\/wp-json\/wp\/v2\/posts\/73567","targetHints":{"allow":["GET"]}}],"collection":[{"href":"https:\/\/radioljubuski.ba\/index.php\/wp-json\/wp\/v2\/posts"}],"about":[{"href":"https:\/\/radioljubuski.ba\/index.php\/wp-json\/wp\/v2\/types\/post"}],"author":[{"embeddable":true,"href":"https:\/\/radioljubuski.ba\/index.php\/wp-json\/wp\/v2\/users\/2"}],"replies":[{"embeddable":true,"href":"https:\/\/radioljubuski.ba\/index.php\/wp-json\/wp\/v2\/comments?post=73567"}],"version-history":[{"count":1,"href":"https:\/\/radioljubuski.ba\/index.php\/wp-json\/wp\/v2\/posts\/73567\/revisions"}],"predecessor-version":[{"id":73569,"href":"https:\/\/radioljubuski.ba\/index.php\/wp-json\/wp\/v2\/posts\/73567\/revisions\/73569"}],"wp:featuredmedia":[{"embeddable":true,"href":"https:\/\/radioljubuski.ba\/index.php\/wp-json\/wp\/v2\/media\/73568"}],"wp:attachment":[{"href":"https:\/\/radioljubuski.ba\/index.php\/wp-json\/wp\/v2\/media?parent=73567"}],"wp:term":[{"taxonomy":"category","embeddable":true,"href":"https:\/\/radioljubuski.ba\/index.php\/wp-json\/wp\/v2\/categories?post=73567"},{"taxonomy":"post_tag","embeddable":true,"href":"https:\/\/radioljubuski.ba\/index.php\/wp-json\/wp\/v2\/tags?post=73567"}],"curies":[{"name":"wp","href":"https:\/\/api.w.org\/{rel}","templated":true}]}}