{"id":73580,"date":"2021-10-09T21:42:26","date_gmt":"2021-10-09T20:42:26","guid":{"rendered":"https:\/\/radioljubuski.ba\/?p=73580"},"modified":"2021-10-09T21:42:27","modified_gmt":"2021-10-09T20:42:27","slug":"od-veceras-nema-nocnih-obustava-prometa-u-tunelu-crnaja","status":"publish","type":"post","link":"https:\/\/radioljubuski.ba\/index.php\/2021\/10\/09\/od-veceras-nema-nocnih-obustava-prometa-u-tunelu-crnaja\/","title":{"rendered":"Od ve\u010deras nema no\u0107nih obustava prometa u tunelu Crnaja"},"content":{"rendered":"\n<p>Zavr\u0161en je o\u010devid prometne nezgode koja se dogodila koja se dogodila na autoputu A-1 na petlji Butile (isklju\u010denje iz pravca Jo\u0161anice). Na ovoj dionici prometuje se nesmetano.<\/p>\n\n\n\n<p>U vi\u0161im planinskim predjelima Bosne povremeno pada slabiji snijeg, pa je kolovoz mokar i mjestimi\u010dno klizav. Voza\u010dima se savjetuje da voze maksimalno oprezno, da dr\u017ee odstojanje izme\u0111u vozila i da izbjegavaju rizi\u010dna preticanja. Pove\u0107ana je opasnost od odrona kamenja na kolovoz.<\/p>\n\n\n\n<p>Od ve\u010deras, pa do daljnjeg, ne\u0107e biti no\u0107nih obustava prometa u tunelu Crnaja (Konjic-Jablanica), pa \u0107e se i tokom no\u0107i prometovati jednom trakom-naizmjeni\u010dnim propu\u0161tanjem vozila.<\/p>\n\n\n\n<p>Na autoputu A-1 zbog radova na dionici Sarajevo sjever-Podlugovi, prometuje se dvosmjerno, suprotnom trakom od zone radova.<\/p>\n\n\n\n<p>Na putu Tuzla-Kalesija (zbog radova u tunelu \u010caklovi\u0107i), promet se obustavlja od 22 do 06 sati i preusmjerava na alternativni pravac preko Dubrava. Tokom dana, putni\u010dka vozila iz smjera Tuzle prometuju kroz tunel, a iz smjera Kalesije obilaznicom oko tunela. Teretna vozila se i tokom dana usmjeravaju na put preko Dubrava.<\/p>\n\n\n\n<p>Sporije prometovanje zbog izvo\u0111enja sanacijskih radova mogu\u0107e je i na putnim pravcima: Donji Vakuf-Jajce, Top\u010di\u0107 Polje-\u017dep\u010de, Grude-Ljubu\u0161ki, Livno-\u0160uica, Hutovo-Stolac i Jezero-\u0160ipovo.<\/p>\n\n\n\n<p>Zbog biciklisti\u010dke trke, sutra (10.10.) u vremenu od 10 do 17 sati, dolazit \u0107e do etapne obustave prometa na putu Kula-Krupac, kao i u ulicama na podru\u010dju Kantona Sarajevo: Put Famosa, Hrasni\u010dka cesta, Butmirska cesta, Kasindolska, D\u017eemala Bijedi\u0107a, Ante Babi\u0107a, \u017delimira Vidovi\u0107a Kelija i na dijelu regionalnog puta R-446 put za Trebevi\u0107.<\/p>\n\n\n\n<p>Poja\u010dan je promet vozila u oba smjera na grani\u010dnom prelazu Bosanska Gradi\u0161ka. Na ostalim grani\u010dnim prijelazima zadr\u017eavanja nisu du\u017ea od 30 minuta, priop\u0107eno je iz BIHAMK-a.<\/p>\n\n\n\n<p>Izvor:BIHAMK<\/p>\n","protected":false},"excerpt":{"rendered":"<p>Zavr\u0161en je o\u010devid prometne nezgode koja se dogodila koja se dogodila na autoputu A-1 na petlji Butile (isklju\u010denje iz pravca Jo\u0161anice). Na ovoj dionici prometuje se nesmetano. U vi\u0161im planinskim predjelima Bosne povremeno pada slabiji snijeg, pa je kolovoz mokar i mjestimi\u010dno klizav. Voza\u010dima se savjetuje da voze maksimalno oprezno, da dr\u017ee odstojanje izme\u0111u vozila [&hellip;]<\/p>\n","protected":false},"author":2,"featured_media":9606,"comment_status":"closed","ping_status":"closed","sticky":false,"template":"","format":"standard","meta":{"h5ap_radio_sources":[],"footnotes":""},"categories":[1],"tags":[],"class_list":["post-73580","post","type-post","status-publish","format-standard","has-post-thumbnail","hentry","category-bihiregija"],"yoast_head":"<!-- This site is optimized with the Yoast SEO plugin v27.5 - https:\/\/yoast.com\/product\/yoast-seo-wordpress\/ -->\n<title>Od ve\u010deras nema no\u0107nih obustava prometa u tunelu Crnaja - RADIO LJUBU\u0160KI<\/title>\n<meta name=\"robots\" content=\"index, follow, max-snippet:-1, max-image-preview:large, max-video-preview:-1\" \/>\n<link rel=\"canonical\" href=\"https:\/\/radioljubuski.ba\/index.php\/2021\/10\/09\/od-veceras-nema-nocnih-obustava-prometa-u-tunelu-crnaja\/\" \/>\n<meta property=\"og:locale\" content=\"hr_HR\" \/>\n<meta property=\"og:type\" content=\"article\" \/>\n<meta property=\"og:title\" content=\"Od ve\u010deras nema no\u0107nih obustava prometa u tunelu Crnaja - RADIO LJUBU\u0160KI\" \/>\n<meta property=\"og:description\" content=\"Zavr\u0161en je o\u010devid prometne nezgode koja se dogodila koja se dogodila na autoputu A-1 na petlji Butile (isklju\u010denje iz pravca Jo\u0161anice). Na ovoj dionici prometuje se nesmetano. U vi\u0161im planinskim predjelima Bosne povremeno pada slabiji snijeg, pa je kolovoz mokar i mjestimi\u010dno klizav. Voza\u010dima se savjetuje da voze maksimalno oprezno, da dr\u017ee odstojanje izme\u0111u vozila [&hellip;]\" \/>\n<meta property=\"og:url\" content=\"https:\/\/radioljubuski.ba\/index.php\/2021\/10\/09\/od-veceras-nema-nocnih-obustava-prometa-u-tunelu-crnaja\/\" \/>\n<meta property=\"og:site_name\" content=\"RADIO LJUBU\u0160KI\" \/>\n<meta property=\"article:publisher\" content=\"https:\/\/www.facebook.com\/Radiio-Ljubuski-1490835324566332\" \/>\n<meta property=\"article:published_time\" content=\"2021-10-09T20:42:26+00:00\" \/>\n<meta property=\"article:modified_time\" content=\"2021-10-09T20:42:27+00:00\" \/>\n<meta property=\"og:image\" content=\"https:\/\/radioljubuski.ba\/wp-content\/uploads\/2021\/04\/2-2021-04-04-10-13-42-crnaja.jpg\" \/>\n\t<meta property=\"og:image:width\" content=\"1000\" \/>\n\t<meta property=\"og:image:height\" content=\"625\" \/>\n\t<meta property=\"og:image:type\" content=\"image\/jpeg\" \/>\n<meta name=\"author\" content=\"Radio Ljubu\u0161ki\" \/>\n<meta name=\"twitter:card\" content=\"summary_large_image\" \/>\n<meta name=\"twitter:creator\" content=\"@radioljubuski\" \/>\n<meta name=\"twitter:site\" content=\"@radioljubuski\" \/>\n<meta name=\"twitter:label1\" content=\"Napisao\/la\" \/>\n\t<meta name=\"twitter:data1\" content=\"Radio Ljubu\u0161ki\" \/>\n\t<meta name=\"twitter:label2\" content=\"Procijenjeno vrijeme \u010ditanja\" \/>\n\t<meta name=\"twitter:data2\" content=\"2 minute\" \/>\n<script type=\"application\/ld+json\" class=\"yoast-schema-graph\">{\"@context\":\"https:\\\/\\\/schema.org\",\"@graph\":[{\"@type\":\"Article\",\"@id\":\"https:\\\/\\\/radioljubuski.ba\\\/index.php\\\/2021\\\/10\\\/09\\\/od-veceras-nema-nocnih-obustava-prometa-u-tunelu-crnaja\\\/#article\",\"isPartOf\":{\"@id\":\"https:\\\/\\\/radioljubuski.ba\\\/index.php\\\/2021\\\/10\\\/09\\\/od-veceras-nema-nocnih-obustava-prometa-u-tunelu-crnaja\\\/\"},\"author\":{\"name\":\"Radio Ljubu\u0161ki\",\"@id\":\"https:\\\/\\\/radioljubuski.ba\\\/#\\\/schema\\\/person\\\/19fc700381a780f69665d7956c469e3b\"},\"headline\":\"Od ve\u010deras nema no\u0107nih obustava prometa u tunelu Crnaja\",\"datePublished\":\"2021-10-09T20:42:26+00:00\",\"dateModified\":\"2021-10-09T20:42:27+00:00\",\"mainEntityOfPage\":{\"@id\":\"https:\\\/\\\/radioljubuski.ba\\\/index.php\\\/2021\\\/10\\\/09\\\/od-veceras-nema-nocnih-obustava-prometa-u-tunelu-crnaja\\\/\"},\"wordCount\":308,\"publisher\":{\"@id\":\"https:\\\/\\\/radioljubuski.ba\\\/#organization\"},\"image\":{\"@id\":\"https:\\\/\\\/radioljubuski.ba\\\/index.php\\\/2021\\\/10\\\/09\\\/od-veceras-nema-nocnih-obustava-prometa-u-tunelu-crnaja\\\/#primaryimage\"},\"thumbnailUrl\":\"https:\\\/\\\/radioljubuski.ba\\\/wp-content\\\/uploads\\\/2021\\\/04\\\/2-2021-04-04-10-13-42-crnaja.jpg\",\"articleSection\":[\"BIH i regija\"],\"inLanguage\":\"hr\"},{\"@type\":\"WebPage\",\"@id\":\"https:\\\/\\\/radioljubuski.ba\\\/index.php\\\/2021\\\/10\\\/09\\\/od-veceras-nema-nocnih-obustava-prometa-u-tunelu-crnaja\\\/\",\"url\":\"https:\\\/\\\/radioljubuski.ba\\\/index.php\\\/2021\\\/10\\\/09\\\/od-veceras-nema-nocnih-obustava-prometa-u-tunelu-crnaja\\\/\",\"name\":\"Od ve\u010deras nema no\u0107nih obustava prometa u tunelu Crnaja - RADIO LJUBU\u0160KI\",\"isPartOf\":{\"@id\":\"https:\\\/\\\/radioljubuski.ba\\\/#website\"},\"primaryImageOfPage\":{\"@id\":\"https:\\\/\\\/radioljubuski.ba\\\/index.php\\\/2021\\\/10\\\/09\\\/od-veceras-nema-nocnih-obustava-prometa-u-tunelu-crnaja\\\/#primaryimage\"},\"image\":{\"@id\":\"https:\\\/\\\/radioljubuski.ba\\\/index.php\\\/2021\\\/10\\\/09\\\/od-veceras-nema-nocnih-obustava-prometa-u-tunelu-crnaja\\\/#primaryimage\"},\"thumbnailUrl\":\"https:\\\/\\\/radioljubuski.ba\\\/wp-content\\\/uploads\\\/2021\\\/04\\\/2-2021-04-04-10-13-42-crnaja.jpg\",\"datePublished\":\"2021-10-09T20:42:26+00:00\",\"dateModified\":\"2021-10-09T20:42:27+00:00\",\"breadcrumb\":{\"@id\":\"https:\\\/\\\/radioljubuski.ba\\\/index.php\\\/2021\\\/10\\\/09\\\/od-veceras-nema-nocnih-obustava-prometa-u-tunelu-crnaja\\\/#breadcrumb\"},\"inLanguage\":\"hr\",\"potentialAction\":[{\"@type\":\"ReadAction\",\"target\":[\"https:\\\/\\\/radioljubuski.ba\\\/index.php\\\/2021\\\/10\\\/09\\\/od-veceras-nema-nocnih-obustava-prometa-u-tunelu-crnaja\\\/\"]}]},{\"@type\":\"ImageObject\",\"inLanguage\":\"hr\",\"@id\":\"https:\\\/\\\/radioljubuski.ba\\\/index.php\\\/2021\\\/10\\\/09\\\/od-veceras-nema-nocnih-obustava-prometa-u-tunelu-crnaja\\\/#primaryimage\",\"url\":\"https:\\\/\\\/radioljubuski.ba\\\/wp-content\\\/uploads\\\/2021\\\/04\\\/2-2021-04-04-10-13-42-crnaja.jpg\",\"contentUrl\":\"https:\\\/\\\/radioljubuski.ba\\\/wp-content\\\/uploads\\\/2021\\\/04\\\/2-2021-04-04-10-13-42-crnaja.jpg\",\"width\":1000,\"height\":625},{\"@type\":\"BreadcrumbList\",\"@id\":\"https:\\\/\\\/radioljubuski.ba\\\/index.php\\\/2021\\\/10\\\/09\\\/od-veceras-nema-nocnih-obustava-prometa-u-tunelu-crnaja\\\/#breadcrumb\",\"itemListElement\":[{\"@type\":\"ListItem\",\"position\":1,\"name\":\"Po\u010detna stranica\",\"item\":\"https:\\\/\\\/radioljubuski.ba\\\/\"},{\"@type\":\"ListItem\",\"position\":2,\"name\":\"Od ve\u010deras nema no\u0107nih obustava prometa u tunelu Crnaja\"}]},{\"@type\":\"WebSite\",\"@id\":\"https:\\\/\\\/radioljubuski.ba\\\/#website\",\"url\":\"https:\\\/\\\/radioljubuski.ba\\\/\",\"name\":\"Radio Ljubu\u0161ki\",\"description\":\"Sun\u010dana frekvencija Hercegovine\",\"publisher\":{\"@id\":\"https:\\\/\\\/radioljubuski.ba\\\/#organization\"},\"potentialAction\":[{\"@type\":\"SearchAction\",\"target\":{\"@type\":\"EntryPoint\",\"urlTemplate\":\"https:\\\/\\\/radioljubuski.ba\\\/?s={search_term_string}\"},\"query-input\":{\"@type\":\"PropertyValueSpecification\",\"valueRequired\":true,\"valueName\":\"search_term_string\"}}],\"inLanguage\":\"hr\"},{\"@type\":\"Organization\",\"@id\":\"https:\\\/\\\/radioljubuski.ba\\\/#organization\",\"name\":\"Radio Ljubu\u0161ki\",\"url\":\"https:\\\/\\\/radioljubuski.ba\\\/\",\"logo\":{\"@type\":\"ImageObject\",\"inLanguage\":\"hr\",\"@id\":\"https:\\\/\\\/radioljubuski.ba\\\/#\\\/schema\\\/logo\\\/image\\\/\",\"url\":\"https:\\\/\\\/radioljubuski.ba\\\/wp-content\\\/uploads\\\/2021\\\/02\\\/cropped-Radio_Ljubuski_logo1.jpg\",\"contentUrl\":\"https:\\\/\\\/radioljubuski.ba\\\/wp-content\\\/uploads\\\/2021\\\/02\\\/cropped-Radio_Ljubuski_logo1.jpg\",\"width\":512,\"height\":512,\"caption\":\"Radio Ljubu\u0161ki\"},\"image\":{\"@id\":\"https:\\\/\\\/radioljubuski.ba\\\/#\\\/schema\\\/logo\\\/image\\\/\"},\"sameAs\":[\"https:\\\/\\\/www.facebook.com\\\/Radiio-Ljubuski-1490835324566332\",\"https:\\\/\\\/x.com\\\/radioljubuski\",\"https:\\\/\\\/hr.linkedin.com\\\/company\\\/radio-ljubuski\",\"https:\\\/\\\/www.youtube.com\\\/channel\\\/UCHYaeO_n0Db3tjNGudGpXyw\"]},{\"@type\":\"Person\",\"@id\":\"https:\\\/\\\/radioljubuski.ba\\\/#\\\/schema\\\/person\\\/19fc700381a780f69665d7956c469e3b\",\"name\":\"Radio Ljubu\u0161ki\"}]}<\/script>\n<!-- \/ Yoast SEO plugin. -->","yoast_head_json":{"title":"Od ve\u010deras nema no\u0107nih obustava prometa u tunelu Crnaja - RADIO LJUBU\u0160KI","robots":{"index":"index","follow":"follow","max-snippet":"max-snippet:-1","max-image-preview":"max-image-preview:large","max-video-preview":"max-video-preview:-1"},"canonical":"https:\/\/radioljubuski.ba\/index.php\/2021\/10\/09\/od-veceras-nema-nocnih-obustava-prometa-u-tunelu-crnaja\/","og_locale":"hr_HR","og_type":"article","og_title":"Od ve\u010deras nema no\u0107nih obustava prometa u tunelu Crnaja - RADIO LJUBU\u0160KI","og_description":"Zavr\u0161en je o\u010devid prometne nezgode koja se dogodila koja se dogodila na autoputu A-1 na petlji Butile (isklju\u010denje iz pravca Jo\u0161anice). Na ovoj dionici prometuje se nesmetano. U vi\u0161im planinskim predjelima Bosne povremeno pada slabiji snijeg, pa je kolovoz mokar i mjestimi\u010dno klizav. Voza\u010dima se savjetuje da voze maksimalno oprezno, da dr\u017ee odstojanje izme\u0111u vozila [&hellip;]","og_url":"https:\/\/radioljubuski.ba\/index.php\/2021\/10\/09\/od-veceras-nema-nocnih-obustava-prometa-u-tunelu-crnaja\/","og_site_name":"RADIO LJUBU\u0160KI","article_publisher":"https:\/\/www.facebook.com\/Radiio-Ljubuski-1490835324566332","article_published_time":"2021-10-09T20:42:26+00:00","article_modified_time":"2021-10-09T20:42:27+00:00","og_image":[{"width":1000,"height":625,"url":"https:\/\/radioljubuski.ba\/wp-content\/uploads\/2021\/04\/2-2021-04-04-10-13-42-crnaja.jpg","type":"image\/jpeg"}],"author":"Radio Ljubu\u0161ki","twitter_card":"summary_large_image","twitter_creator":"@radioljubuski","twitter_site":"@radioljubuski","twitter_misc":{"Napisao\/la":"Radio Ljubu\u0161ki","Procijenjeno vrijeme \u010ditanja":"2 minute"},"schema":{"@context":"https:\/\/schema.org","@graph":[{"@type":"Article","@id":"https:\/\/radioljubuski.ba\/index.php\/2021\/10\/09\/od-veceras-nema-nocnih-obustava-prometa-u-tunelu-crnaja\/#article","isPartOf":{"@id":"https:\/\/radioljubuski.ba\/index.php\/2021\/10\/09\/od-veceras-nema-nocnih-obustava-prometa-u-tunelu-crnaja\/"},"author":{"name":"Radio Ljubu\u0161ki","@id":"https:\/\/radioljubuski.ba\/#\/schema\/person\/19fc700381a780f69665d7956c469e3b"},"headline":"Od ve\u010deras nema no\u0107nih obustava prometa u tunelu Crnaja","datePublished":"2021-10-09T20:42:26+00:00","dateModified":"2021-10-09T20:42:27+00:00","mainEntityOfPage":{"@id":"https:\/\/radioljubuski.ba\/index.php\/2021\/10\/09\/od-veceras-nema-nocnih-obustava-prometa-u-tunelu-crnaja\/"},"wordCount":308,"publisher":{"@id":"https:\/\/radioljubuski.ba\/#organization"},"image":{"@id":"https:\/\/radioljubuski.ba\/index.php\/2021\/10\/09\/od-veceras-nema-nocnih-obustava-prometa-u-tunelu-crnaja\/#primaryimage"},"thumbnailUrl":"https:\/\/radioljubuski.ba\/wp-content\/uploads\/2021\/04\/2-2021-04-04-10-13-42-crnaja.jpg","articleSection":["BIH i regija"],"inLanguage":"hr"},{"@type":"WebPage","@id":"https:\/\/radioljubuski.ba\/index.php\/2021\/10\/09\/od-veceras-nema-nocnih-obustava-prometa-u-tunelu-crnaja\/","url":"https:\/\/radioljubuski.ba\/index.php\/2021\/10\/09\/od-veceras-nema-nocnih-obustava-prometa-u-tunelu-crnaja\/","name":"Od ve\u010deras nema no\u0107nih obustava prometa u tunelu Crnaja - RADIO LJUBU\u0160KI","isPartOf":{"@id":"https:\/\/radioljubuski.ba\/#website"},"primaryImageOfPage":{"@id":"https:\/\/radioljubuski.ba\/index.php\/2021\/10\/09\/od-veceras-nema-nocnih-obustava-prometa-u-tunelu-crnaja\/#primaryimage"},"image":{"@id":"https:\/\/radioljubuski.ba\/index.php\/2021\/10\/09\/od-veceras-nema-nocnih-obustava-prometa-u-tunelu-crnaja\/#primaryimage"},"thumbnailUrl":"https:\/\/radioljubuski.ba\/wp-content\/uploads\/2021\/04\/2-2021-04-04-10-13-42-crnaja.jpg","datePublished":"2021-10-09T20:42:26+00:00","dateModified":"2021-10-09T20:42:27+00:00","breadcrumb":{"@id":"https:\/\/radioljubuski.ba\/index.php\/2021\/10\/09\/od-veceras-nema-nocnih-obustava-prometa-u-tunelu-crnaja\/#breadcrumb"},"inLanguage":"hr","potentialAction":[{"@type":"ReadAction","target":["https:\/\/radioljubuski.ba\/index.php\/2021\/10\/09\/od-veceras-nema-nocnih-obustava-prometa-u-tunelu-crnaja\/"]}]},{"@type":"ImageObject","inLanguage":"hr","@id":"https:\/\/radioljubuski.ba\/index.php\/2021\/10\/09\/od-veceras-nema-nocnih-obustava-prometa-u-tunelu-crnaja\/#primaryimage","url":"https:\/\/radioljubuski.ba\/wp-content\/uploads\/2021\/04\/2-2021-04-04-10-13-42-crnaja.jpg","contentUrl":"https:\/\/radioljubuski.ba\/wp-content\/uploads\/2021\/04\/2-2021-04-04-10-13-42-crnaja.jpg","width":1000,"height":625},{"@type":"BreadcrumbList","@id":"https:\/\/radioljubuski.ba\/index.php\/2021\/10\/09\/od-veceras-nema-nocnih-obustava-prometa-u-tunelu-crnaja\/#breadcrumb","itemListElement":[{"@type":"ListItem","position":1,"name":"Po\u010detna stranica","item":"https:\/\/radioljubuski.ba\/"},{"@type":"ListItem","position":2,"name":"Od ve\u010deras nema no\u0107nih obustava prometa u tunelu Crnaja"}]},{"@type":"WebSite","@id":"https:\/\/radioljubuski.ba\/#website","url":"https:\/\/radioljubuski.ba\/","name":"Radio Ljubu\u0161ki","description":"Sun\u010dana frekvencija Hercegovine","publisher":{"@id":"https:\/\/radioljubuski.ba\/#organization"},"potentialAction":[{"@type":"SearchAction","target":{"@type":"EntryPoint","urlTemplate":"https:\/\/radioljubuski.ba\/?s={search_term_string}"},"query-input":{"@type":"PropertyValueSpecification","valueRequired":true,"valueName":"search_term_string"}}],"inLanguage":"hr"},{"@type":"Organization","@id":"https:\/\/radioljubuski.ba\/#organization","name":"Radio Ljubu\u0161ki","url":"https:\/\/radioljubuski.ba\/","logo":{"@type":"ImageObject","inLanguage":"hr","@id":"https:\/\/radioljubuski.ba\/#\/schema\/logo\/image\/","url":"https:\/\/radioljubuski.ba\/wp-content\/uploads\/2021\/02\/cropped-Radio_Ljubuski_logo1.jpg","contentUrl":"https:\/\/radioljubuski.ba\/wp-content\/uploads\/2021\/02\/cropped-Radio_Ljubuski_logo1.jpg","width":512,"height":512,"caption":"Radio Ljubu\u0161ki"},"image":{"@id":"https:\/\/radioljubuski.ba\/#\/schema\/logo\/image\/"},"sameAs":["https:\/\/www.facebook.com\/Radiio-Ljubuski-1490835324566332","https:\/\/x.com\/radioljubuski","https:\/\/hr.linkedin.com\/company\/radio-ljubuski","https:\/\/www.youtube.com\/channel\/UCHYaeO_n0Db3tjNGudGpXyw"]},{"@type":"Person","@id":"https:\/\/radioljubuski.ba\/#\/schema\/person\/19fc700381a780f69665d7956c469e3b","name":"Radio Ljubu\u0161ki"}]}},"_links":{"self":[{"href":"https:\/\/radioljubuski.ba\/index.php\/wp-json\/wp\/v2\/posts\/73580","targetHints":{"allow":["GET"]}}],"collection":[{"href":"https:\/\/radioljubuski.ba\/index.php\/wp-json\/wp\/v2\/posts"}],"about":[{"href":"https:\/\/radioljubuski.ba\/index.php\/wp-json\/wp\/v2\/types\/post"}],"author":[{"embeddable":true,"href":"https:\/\/radioljubuski.ba\/index.php\/wp-json\/wp\/v2\/users\/2"}],"replies":[{"embeddable":true,"href":"https:\/\/radioljubuski.ba\/index.php\/wp-json\/wp\/v2\/comments?post=73580"}],"version-history":[{"count":1,"href":"https:\/\/radioljubuski.ba\/index.php\/wp-json\/wp\/v2\/posts\/73580\/revisions"}],"predecessor-version":[{"id":73581,"href":"https:\/\/radioljubuski.ba\/index.php\/wp-json\/wp\/v2\/posts\/73580\/revisions\/73581"}],"wp:featuredmedia":[{"embeddable":true,"href":"https:\/\/radioljubuski.ba\/index.php\/wp-json\/wp\/v2\/media\/9606"}],"wp:attachment":[{"href":"https:\/\/radioljubuski.ba\/index.php\/wp-json\/wp\/v2\/media?parent=73580"}],"wp:term":[{"taxonomy":"category","embeddable":true,"href":"https:\/\/radioljubuski.ba\/index.php\/wp-json\/wp\/v2\/categories?post=73580"},{"taxonomy":"post_tag","embeddable":true,"href":"https:\/\/radioljubuski.ba\/index.php\/wp-json\/wp\/v2\/tags?post=73580"}],"curies":[{"name":"wp","href":"https:\/\/api.w.org\/{rel}","templated":true}]}}