{"id":73604,"date":"2021-10-09T22:26:54","date_gmt":"2021-10-09T21:26:54","guid":{"rendered":"https:\/\/radioljubuski.ba\/?p=73604"},"modified":"2021-10-09T22:26:56","modified_gmt":"2021-10-09T21:26:56","slug":"gvardiol-o-prvijencu-za-vatrene-neopisiv-osjecaj","status":"publish","type":"post","link":"https:\/\/radioljubuski.ba\/index.php\/2021\/10\/09\/gvardiol-o-prvijencu-za-vatrene-neopisiv-osjecaj\/","title":{"rendered":"Gvardiol o prvijencu za Vatrene: Neopisiv osje\u0107aj!"},"content":{"rendered":"\n<p><strong>Jo\u0161ko Gvardiol bio je jedan od protagonista uvjerljive pobjede Vatrenih na Cipru. Osim \u0161to je postigao prvijenac u A reprezentaciji, ulijevao povjerenje u svakom duelu i dodiru s loptom.<\/strong><\/p>\n\n\n\n<p>&#8211; Ispada da je moj drugi pogodak prelomio utakmicu u rezultatskom smislu, ali nije bilo nervoze u na\u0161oj igri, bili smo svjesni na\u0161e kvalitete i samo smo trebali biti strpljivi, znali smo da \u0107e drugi pogodak do\u0107i prije ili poslije. Prvijenac? Naravno da sam presretan, kao mali sam sanjao o tome da zaigram za reprezentaciju, a sad kad sam, k tome, postigao i pogodak\u2026 To je ne\u0161to neopisivo, izrazito sam sretan, ali bit \u0107u jo\u0161 sretniji ako uzmemo tri boda u Osijeku, rekao je Gvardiol koji je zadovoljan svojom i igrom cijele mom\u010dadi.<br><br>&#8211; Kao \u0161to sam i najavljivao, bilo je najbitnije maksimalno ozbiljno shvatiti utakmicu i protivnika. U\u0161li smo u utakmicu protiv Cipra s jako dobrom energijom i bili strpljivi. Najva\u017enije je da smo ostvarili tri boda, sad se okre\u0107emo utakmici protiv Slova\u010dke. \u0161to se moje igre ti\u010de, jako sam zadovoljan, ali ne \u017eelim ni\u0161ta preuveli\u010davati, nego to iskoristiti kao motiv za jo\u0161 predaniji rad u budu\u0107nosti, dodao je.<br><br>Gvardiol je postao tre\u0107i najmla\u0111i strijelac hrvatske A reprezentacije svih vremena, a drugi kad su u pitanju utakmice natjecateljskog karaktera. Kad se upisao u listu strijelaca imao je to\u010dno 19 godina, 8 mjeseci i 16 dana. Mla\u0111i strijelci od njega bili su jedino&nbsp;<strong>Luka Ivanu\u0161ec&nbsp;<\/strong>(18 godina, jedan mjesec i 18 dana) i<strong>&nbsp;Ivan Rakiti\u0107&nbsp;<\/strong>(19 godina, 6 mjeseci i dva dana).<br><br>Prije utakmice govorilo se o najmla\u0111oj obrani hrvatske reprezentacije u jednoj utakmici natjecateljskog karaktera.&nbsp;<strong>Stani\u0161i\u0107<\/strong>,&nbsp;<strong>\u0106aleta-Car<\/strong>,&nbsp;<strong>Gvardiol&nbsp;<\/strong>i&nbsp;<strong>Sosa&nbsp;<\/strong>prvi su put zaigrali zajedno. Kako je to izgledalo na terenu?<br><br>&#8211; U dana\u0161nje vrijeme zaista je nepotrebno gledati godine igra\u010da, to je seniorski nogomet, kad se igra na vrhunskoj razini godine vi\u0161e nisu va\u017ene. Op\u0107enito mi je drago da je u mom\u010dadi sve vi\u0161e mladih igra\u010da, evo do\u0161li su Stani\u0161i\u0107 i&nbsp;<strong>Su\u010di\u0107<\/strong>. Luku znam od prije, pro\u0161li smo dosta toga zajedno u mla\u0111im selekcijama, jako sam dobro upoznat s njegovim igra\u010dkim kvalitetama. Siguran sam da svojom igrom mo\u017ee pridonijeti kvaliteti cijele mom\u010dadi.<\/p>\n\n\n\n<p>Najavio je i dvoboj sa Slova\u010dkom u Osijeku u ponedjeljak.<br><br>&#8211; Iskreno, mislim da \u0107e Slovaci imati dodatni motiv zbog poraza u Rusiji. Ba\u0161 zato moramo biti pravi kao i na Cipru, dati svoj maksimum. Vjerujem da \u0107e navija\u010di do\u0107i u \u0161to ve\u0107em broju i dati nam podr\u0161ku. Igramo kod ku\u0107e i siguran sam da \u0107e sve biti OK.<\/p>\n\n\n\n<p>Izvor:hrt.hr<\/p>\n","protected":false},"excerpt":{"rendered":"<p>Jo\u0161ko Gvardiol bio je jedan od protagonista uvjerljive pobjede Vatrenih na Cipru. Osim \u0161to je postigao prvijenac u A reprezentaciji, ulijevao povjerenje u svakom duelu i dodiru s loptom. &#8211; Ispada da je moj drugi pogodak prelomio utakmicu u rezultatskom smislu, ali nije bilo nervoze u na\u0161oj igri, bili smo svjesni na\u0161e kvalitete i samo [&hellip;]<\/p>\n","protected":false},"author":2,"featured_media":0,"comment_status":"closed","ping_status":"closed","sticky":false,"template":"","format":"standard","meta":{"h5ap_radio_sources":[],"footnotes":""},"categories":[7],"tags":[],"class_list":["post-73604","post","type-post","status-publish","format-standard","hentry","category-sport"],"yoast_head":"<!-- This site is optimized with the Yoast SEO plugin v27.5 - https:\/\/yoast.com\/product\/yoast-seo-wordpress\/ -->\n<title>Gvardiol o prvijencu za Vatrene: Neopisiv osje\u0107aj! - RADIO LJUBU\u0160KI<\/title>\n<meta name=\"robots\" content=\"index, follow, max-snippet:-1, max-image-preview:large, max-video-preview:-1\" \/>\n<link rel=\"canonical\" href=\"https:\/\/radioljubuski.ba\/index.php\/2021\/10\/09\/gvardiol-o-prvijencu-za-vatrene-neopisiv-osjecaj\/\" \/>\n<meta property=\"og:locale\" content=\"hr_HR\" \/>\n<meta property=\"og:type\" content=\"article\" \/>\n<meta property=\"og:title\" content=\"Gvardiol o prvijencu za Vatrene: Neopisiv osje\u0107aj! - RADIO LJUBU\u0160KI\" \/>\n<meta property=\"og:description\" content=\"Jo\u0161ko Gvardiol bio je jedan od protagonista uvjerljive pobjede Vatrenih na Cipru. Osim \u0161to je postigao prvijenac u A reprezentaciji, ulijevao povjerenje u svakom duelu i dodiru s loptom. &#8211; Ispada da je moj drugi pogodak prelomio utakmicu u rezultatskom smislu, ali nije bilo nervoze u na\u0161oj igri, bili smo svjesni na\u0161e kvalitete i samo [&hellip;]\" \/>\n<meta property=\"og:url\" content=\"https:\/\/radioljubuski.ba\/index.php\/2021\/10\/09\/gvardiol-o-prvijencu-za-vatrene-neopisiv-osjecaj\/\" \/>\n<meta property=\"og:site_name\" content=\"RADIO LJUBU\u0160KI\" \/>\n<meta property=\"article:publisher\" content=\"https:\/\/www.facebook.com\/Radiio-Ljubuski-1490835324566332\" \/>\n<meta property=\"article:published_time\" content=\"2021-10-09T21:26:54+00:00\" \/>\n<meta property=\"article:modified_time\" content=\"2021-10-09T21:26:56+00:00\" \/>\n<meta property=\"og:image\" content=\"https:\/\/radioljubuski.ba\/wp-content\/uploads\/2021\/10\/2021-10-08t202838z-1276171723-up1eha81kvpdr-rtrmadp-3-soccer-worldcup-cyp-cro-report-20211009161416.jpg\" \/>\n\t<meta property=\"og:image:width\" content=\"1797\" \/>\n\t<meta property=\"og:image:height\" content=\"1280\" \/>\n\t<meta property=\"og:image:type\" content=\"image\/jpeg\" \/>\n<meta name=\"author\" content=\"Radio Ljubu\u0161ki\" \/>\n<meta name=\"twitter:card\" content=\"summary_large_image\" \/>\n<meta name=\"twitter:creator\" content=\"@radioljubuski\" \/>\n<meta name=\"twitter:site\" content=\"@radioljubuski\" \/>\n<meta name=\"twitter:label1\" content=\"Napisao\/la\" \/>\n\t<meta name=\"twitter:data1\" content=\"Radio Ljubu\u0161ki\" \/>\n\t<meta name=\"twitter:label2\" content=\"Procijenjeno vrijeme \u010ditanja\" \/>\n\t<meta name=\"twitter:data2\" content=\"2 minute\" \/>\n<script type=\"application\/ld+json\" class=\"yoast-schema-graph\">{\"@context\":\"https:\\\/\\\/schema.org\",\"@graph\":[{\"@type\":\"Article\",\"@id\":\"https:\\\/\\\/radioljubuski.ba\\\/index.php\\\/2021\\\/10\\\/09\\\/gvardiol-o-prvijencu-za-vatrene-neopisiv-osjecaj\\\/#article\",\"isPartOf\":{\"@id\":\"https:\\\/\\\/radioljubuski.ba\\\/index.php\\\/2021\\\/10\\\/09\\\/gvardiol-o-prvijencu-za-vatrene-neopisiv-osjecaj\\\/\"},\"author\":{\"name\":\"Radio Ljubu\u0161ki\",\"@id\":\"https:\\\/\\\/radioljubuski.ba\\\/#\\\/schema\\\/person\\\/19fc700381a780f69665d7956c469e3b\"},\"headline\":\"Gvardiol o prvijencu za Vatrene: Neopisiv osje\u0107aj!\",\"datePublished\":\"2021-10-09T21:26:54+00:00\",\"dateModified\":\"2021-10-09T21:26:56+00:00\",\"mainEntityOfPage\":{\"@id\":\"https:\\\/\\\/radioljubuski.ba\\\/index.php\\\/2021\\\/10\\\/09\\\/gvardiol-o-prvijencu-za-vatrene-neopisiv-osjecaj\\\/\"},\"wordCount\":470,\"publisher\":{\"@id\":\"https:\\\/\\\/radioljubuski.ba\\\/#organization\"},\"articleSection\":[\"\u0160port\"],\"inLanguage\":\"hr\"},{\"@type\":\"WebPage\",\"@id\":\"https:\\\/\\\/radioljubuski.ba\\\/index.php\\\/2021\\\/10\\\/09\\\/gvardiol-o-prvijencu-za-vatrene-neopisiv-osjecaj\\\/\",\"url\":\"https:\\\/\\\/radioljubuski.ba\\\/index.php\\\/2021\\\/10\\\/09\\\/gvardiol-o-prvijencu-za-vatrene-neopisiv-osjecaj\\\/\",\"name\":\"Gvardiol o prvijencu za Vatrene: Neopisiv osje\u0107aj! - RADIO LJUBU\u0160KI\",\"isPartOf\":{\"@id\":\"https:\\\/\\\/radioljubuski.ba\\\/#website\"},\"datePublished\":\"2021-10-09T21:26:54+00:00\",\"dateModified\":\"2021-10-09T21:26:56+00:00\",\"breadcrumb\":{\"@id\":\"https:\\\/\\\/radioljubuski.ba\\\/index.php\\\/2021\\\/10\\\/09\\\/gvardiol-o-prvijencu-za-vatrene-neopisiv-osjecaj\\\/#breadcrumb\"},\"inLanguage\":\"hr\",\"potentialAction\":[{\"@type\":\"ReadAction\",\"target\":[\"https:\\\/\\\/radioljubuski.ba\\\/index.php\\\/2021\\\/10\\\/09\\\/gvardiol-o-prvijencu-za-vatrene-neopisiv-osjecaj\\\/\"]}]},{\"@type\":\"BreadcrumbList\",\"@id\":\"https:\\\/\\\/radioljubuski.ba\\\/index.php\\\/2021\\\/10\\\/09\\\/gvardiol-o-prvijencu-za-vatrene-neopisiv-osjecaj\\\/#breadcrumb\",\"itemListElement\":[{\"@type\":\"ListItem\",\"position\":1,\"name\":\"Po\u010detna stranica\",\"item\":\"https:\\\/\\\/radioljubuski.ba\\\/\"},{\"@type\":\"ListItem\",\"position\":2,\"name\":\"Gvardiol o prvijencu za Vatrene: Neopisiv osje\u0107aj!\"}]},{\"@type\":\"WebSite\",\"@id\":\"https:\\\/\\\/radioljubuski.ba\\\/#website\",\"url\":\"https:\\\/\\\/radioljubuski.ba\\\/\",\"name\":\"Radio Ljubu\u0161ki\",\"description\":\"Sun\u010dana frekvencija Hercegovine\",\"publisher\":{\"@id\":\"https:\\\/\\\/radioljubuski.ba\\\/#organization\"},\"potentialAction\":[{\"@type\":\"SearchAction\",\"target\":{\"@type\":\"EntryPoint\",\"urlTemplate\":\"https:\\\/\\\/radioljubuski.ba\\\/?s={search_term_string}\"},\"query-input\":{\"@type\":\"PropertyValueSpecification\",\"valueRequired\":true,\"valueName\":\"search_term_string\"}}],\"inLanguage\":\"hr\"},{\"@type\":\"Organization\",\"@id\":\"https:\\\/\\\/radioljubuski.ba\\\/#organization\",\"name\":\"Radio Ljubu\u0161ki\",\"url\":\"https:\\\/\\\/radioljubuski.ba\\\/\",\"logo\":{\"@type\":\"ImageObject\",\"inLanguage\":\"hr\",\"@id\":\"https:\\\/\\\/radioljubuski.ba\\\/#\\\/schema\\\/logo\\\/image\\\/\",\"url\":\"https:\\\/\\\/radioljubuski.ba\\\/wp-content\\\/uploads\\\/2021\\\/02\\\/cropped-Radio_Ljubuski_logo1.jpg\",\"contentUrl\":\"https:\\\/\\\/radioljubuski.ba\\\/wp-content\\\/uploads\\\/2021\\\/02\\\/cropped-Radio_Ljubuski_logo1.jpg\",\"width\":512,\"height\":512,\"caption\":\"Radio Ljubu\u0161ki\"},\"image\":{\"@id\":\"https:\\\/\\\/radioljubuski.ba\\\/#\\\/schema\\\/logo\\\/image\\\/\"},\"sameAs\":[\"https:\\\/\\\/www.facebook.com\\\/Radiio-Ljubuski-1490835324566332\",\"https:\\\/\\\/x.com\\\/radioljubuski\",\"https:\\\/\\\/hr.linkedin.com\\\/company\\\/radio-ljubuski\",\"https:\\\/\\\/www.youtube.com\\\/channel\\\/UCHYaeO_n0Db3tjNGudGpXyw\"]},{\"@type\":\"Person\",\"@id\":\"https:\\\/\\\/radioljubuski.ba\\\/#\\\/schema\\\/person\\\/19fc700381a780f69665d7956c469e3b\",\"name\":\"Radio Ljubu\u0161ki\"}]}<\/script>\n<!-- \/ Yoast SEO plugin. -->","yoast_head_json":{"title":"Gvardiol o prvijencu za Vatrene: Neopisiv osje\u0107aj! - RADIO LJUBU\u0160KI","robots":{"index":"index","follow":"follow","max-snippet":"max-snippet:-1","max-image-preview":"max-image-preview:large","max-video-preview":"max-video-preview:-1"},"canonical":"https:\/\/radioljubuski.ba\/index.php\/2021\/10\/09\/gvardiol-o-prvijencu-za-vatrene-neopisiv-osjecaj\/","og_locale":"hr_HR","og_type":"article","og_title":"Gvardiol o prvijencu za Vatrene: Neopisiv osje\u0107aj! - RADIO LJUBU\u0160KI","og_description":"Jo\u0161ko Gvardiol bio je jedan od protagonista uvjerljive pobjede Vatrenih na Cipru. Osim \u0161to je postigao prvijenac u A reprezentaciji, ulijevao povjerenje u svakom duelu i dodiru s loptom. &#8211; Ispada da je moj drugi pogodak prelomio utakmicu u rezultatskom smislu, ali nije bilo nervoze u na\u0161oj igri, bili smo svjesni na\u0161e kvalitete i samo [&hellip;]","og_url":"https:\/\/radioljubuski.ba\/index.php\/2021\/10\/09\/gvardiol-o-prvijencu-za-vatrene-neopisiv-osjecaj\/","og_site_name":"RADIO LJUBU\u0160KI","article_publisher":"https:\/\/www.facebook.com\/Radiio-Ljubuski-1490835324566332","article_published_time":"2021-10-09T21:26:54+00:00","article_modified_time":"2021-10-09T21:26:56+00:00","og_image":[{"width":1797,"height":1280,"url":"https:\/\/radioljubuski.ba\/wp-content\/uploads\/2021\/10\/2021-10-08t202838z-1276171723-up1eha81kvpdr-rtrmadp-3-soccer-worldcup-cyp-cro-report-20211009161416.jpg","type":"image\/jpeg"}],"author":"Radio Ljubu\u0161ki","twitter_card":"summary_large_image","twitter_creator":"@radioljubuski","twitter_site":"@radioljubuski","twitter_misc":{"Napisao\/la":"Radio Ljubu\u0161ki","Procijenjeno vrijeme \u010ditanja":"2 minute"},"schema":{"@context":"https:\/\/schema.org","@graph":[{"@type":"Article","@id":"https:\/\/radioljubuski.ba\/index.php\/2021\/10\/09\/gvardiol-o-prvijencu-za-vatrene-neopisiv-osjecaj\/#article","isPartOf":{"@id":"https:\/\/radioljubuski.ba\/index.php\/2021\/10\/09\/gvardiol-o-prvijencu-za-vatrene-neopisiv-osjecaj\/"},"author":{"name":"Radio Ljubu\u0161ki","@id":"https:\/\/radioljubuski.ba\/#\/schema\/person\/19fc700381a780f69665d7956c469e3b"},"headline":"Gvardiol o prvijencu za Vatrene: Neopisiv osje\u0107aj!","datePublished":"2021-10-09T21:26:54+00:00","dateModified":"2021-10-09T21:26:56+00:00","mainEntityOfPage":{"@id":"https:\/\/radioljubuski.ba\/index.php\/2021\/10\/09\/gvardiol-o-prvijencu-za-vatrene-neopisiv-osjecaj\/"},"wordCount":470,"publisher":{"@id":"https:\/\/radioljubuski.ba\/#organization"},"articleSection":["\u0160port"],"inLanguage":"hr"},{"@type":"WebPage","@id":"https:\/\/radioljubuski.ba\/index.php\/2021\/10\/09\/gvardiol-o-prvijencu-za-vatrene-neopisiv-osjecaj\/","url":"https:\/\/radioljubuski.ba\/index.php\/2021\/10\/09\/gvardiol-o-prvijencu-za-vatrene-neopisiv-osjecaj\/","name":"Gvardiol o prvijencu za Vatrene: Neopisiv osje\u0107aj! - RADIO LJUBU\u0160KI","isPartOf":{"@id":"https:\/\/radioljubuski.ba\/#website"},"datePublished":"2021-10-09T21:26:54+00:00","dateModified":"2021-10-09T21:26:56+00:00","breadcrumb":{"@id":"https:\/\/radioljubuski.ba\/index.php\/2021\/10\/09\/gvardiol-o-prvijencu-za-vatrene-neopisiv-osjecaj\/#breadcrumb"},"inLanguage":"hr","potentialAction":[{"@type":"ReadAction","target":["https:\/\/radioljubuski.ba\/index.php\/2021\/10\/09\/gvardiol-o-prvijencu-za-vatrene-neopisiv-osjecaj\/"]}]},{"@type":"BreadcrumbList","@id":"https:\/\/radioljubuski.ba\/index.php\/2021\/10\/09\/gvardiol-o-prvijencu-za-vatrene-neopisiv-osjecaj\/#breadcrumb","itemListElement":[{"@type":"ListItem","position":1,"name":"Po\u010detna stranica","item":"https:\/\/radioljubuski.ba\/"},{"@type":"ListItem","position":2,"name":"Gvardiol o prvijencu za Vatrene: Neopisiv osje\u0107aj!"}]},{"@type":"WebSite","@id":"https:\/\/radioljubuski.ba\/#website","url":"https:\/\/radioljubuski.ba\/","name":"Radio Ljubu\u0161ki","description":"Sun\u010dana frekvencija Hercegovine","publisher":{"@id":"https:\/\/radioljubuski.ba\/#organization"},"potentialAction":[{"@type":"SearchAction","target":{"@type":"EntryPoint","urlTemplate":"https:\/\/radioljubuski.ba\/?s={search_term_string}"},"query-input":{"@type":"PropertyValueSpecification","valueRequired":true,"valueName":"search_term_string"}}],"inLanguage":"hr"},{"@type":"Organization","@id":"https:\/\/radioljubuski.ba\/#organization","name":"Radio Ljubu\u0161ki","url":"https:\/\/radioljubuski.ba\/","logo":{"@type":"ImageObject","inLanguage":"hr","@id":"https:\/\/radioljubuski.ba\/#\/schema\/logo\/image\/","url":"https:\/\/radioljubuski.ba\/wp-content\/uploads\/2021\/02\/cropped-Radio_Ljubuski_logo1.jpg","contentUrl":"https:\/\/radioljubuski.ba\/wp-content\/uploads\/2021\/02\/cropped-Radio_Ljubuski_logo1.jpg","width":512,"height":512,"caption":"Radio Ljubu\u0161ki"},"image":{"@id":"https:\/\/radioljubuski.ba\/#\/schema\/logo\/image\/"},"sameAs":["https:\/\/www.facebook.com\/Radiio-Ljubuski-1490835324566332","https:\/\/x.com\/radioljubuski","https:\/\/hr.linkedin.com\/company\/radio-ljubuski","https:\/\/www.youtube.com\/channel\/UCHYaeO_n0Db3tjNGudGpXyw"]},{"@type":"Person","@id":"https:\/\/radioljubuski.ba\/#\/schema\/person\/19fc700381a780f69665d7956c469e3b","name":"Radio Ljubu\u0161ki"}]}},"_links":{"self":[{"href":"https:\/\/radioljubuski.ba\/index.php\/wp-json\/wp\/v2\/posts\/73604","targetHints":{"allow":["GET"]}}],"collection":[{"href":"https:\/\/radioljubuski.ba\/index.php\/wp-json\/wp\/v2\/posts"}],"about":[{"href":"https:\/\/radioljubuski.ba\/index.php\/wp-json\/wp\/v2\/types\/post"}],"author":[{"embeddable":true,"href":"https:\/\/radioljubuski.ba\/index.php\/wp-json\/wp\/v2\/users\/2"}],"replies":[{"embeddable":true,"href":"https:\/\/radioljubuski.ba\/index.php\/wp-json\/wp\/v2\/comments?post=73604"}],"version-history":[{"count":1,"href":"https:\/\/radioljubuski.ba\/index.php\/wp-json\/wp\/v2\/posts\/73604\/revisions"}],"predecessor-version":[{"id":73606,"href":"https:\/\/radioljubuski.ba\/index.php\/wp-json\/wp\/v2\/posts\/73604\/revisions\/73606"}],"wp:attachment":[{"href":"https:\/\/radioljubuski.ba\/index.php\/wp-json\/wp\/v2\/media?parent=73604"}],"wp:term":[{"taxonomy":"category","embeddable":true,"href":"https:\/\/radioljubuski.ba\/index.php\/wp-json\/wp\/v2\/categories?post=73604"},{"taxonomy":"post_tag","embeddable":true,"href":"https:\/\/radioljubuski.ba\/index.php\/wp-json\/wp\/v2\/tags?post=73604"}],"curies":[{"name":"wp","href":"https:\/\/api.w.org\/{rel}","templated":true}]}}