{"id":73610,"date":"2021-10-09T22:31:22","date_gmt":"2021-10-09T21:31:22","guid":{"rendered":"https:\/\/radioljubuski.ba\/?p=73610"},"modified":"2021-10-09T22:31:32","modified_gmt":"2021-10-09T21:31:32","slug":"corluka-za-hrt-vrata-reprezentacije-svima-su-otvorena","status":"publish","type":"post","link":"https:\/\/radioljubuski.ba\/index.php\/2021\/10\/09\/corluka-za-hrt-vrata-reprezentacije-svima-su-otvorena\/","title":{"rendered":"\u0106orluka: Vrata reprezentacije svima su otvorena"},"content":{"rendered":"\n<p><strong>Pobjeda nad Ciprom bila je dio reprezentativnog plana za ovo okupljanje, drugi dio plana pobjeda je nad Slova\u010dkom koju \u0107e Hrvatska prekosutra ugostiti u Osijeku. Dobra igra i rezultat protiv Ciprana trebali bi u\u010dvrstiti dobru atmosferu u reprezentaciji uo\u010di utakmice sa Slova\u010dkom o \u010demu je Marko \u0160apit razgovarao s pomo\u0107nikom izbornika hrvatske reprezentacije Vedranom \u0106orlukom.&nbsp;<\/strong><\/p>\n\n\n\n<p>Iz suncem okupanog Cipra Vatreni su stigli u Osijek gdje su ih do\u010dekali vjetra i ki\u0161a.<br><br>&#8211;&nbsp; Sigurno da je mali \u0161ok za tijelo, ali mislim da igra\u010di su kroz sva ta silna putovanja i, naravno, mi u sto\u017eeru naviknuli na te razne promjene. Brzo smo se prilagodili i koncentrirali na ono bitno i \u0161to nas \u010deka u ponedjeljak.<\/p>\n\n\n\n<p>Za \u0106orluku smo uvijek pri\u010dali da je on profesorski odra\u0111ivao posao na terenu pa jedno profesorsko pitanje. Koju bi ocjenu dao za ju\u010dera\u0161nju utakmicu na Cipru?<br><br>&#8211; Dat \u0107u jednu \u010detvorku, ne zato \u0161to ne zaslu\u017euju peticu ve\u0107 zato \u0161to je to ne\u0161to \u0161to smo svi o\u010dekivali. Do\u0161li smo tamo odraditi posao. Uvjereno kako smo odradili ju\u010der. Moglo je to zavr\u0161iti naravno i s boljom gol razlikom, ali najbitnije je da smo uzeli tri boda, zato i ta \u010detvorka jer to je bilo o\u010dekivano.<\/p>\n\n\n\n<iframe loading=\"lazy\" src=\"https:\/\/www.facebook.com\/plugins\/video.php?height=476&#038;href=https%3A%2F%2Fwww.facebook.com%2FHRTsport%2Fvideos%2F1588348331511684%2F&#038;show_text=false&#038;width=476&#038;t=0\" width=\"476\" height=\"476\" style=\"border:none;overflow:hidden\" scrolling=\"no\" frameborder=\"0\" allowfullscreen=\"true\" allow=\"autoplay; clipboard-write; encrypted-media; picture-in-picture; web-share\" allowFullScreen=\"true\"><\/iframe>\n\n\n\n<p>Vatreni su u uzlaznoj putanji koju treba zadr\u017eati jer Rusi dr\u017ee na\u0161 tempo.<br><br>&#8211; Mislim da je najbitnije to \u0161to smo zadr\u017eali tu energiju i tu pozitivu koju smo napravili posljednji ciklus. Mislim da ulazimo s nekim novim \u017earom, novom energijom, Igra\u010di su svjesni gdje \u017eelimo i na koji na\u010din \u017eelimo to posti\u0107i. Idemo u tu utrku s Rusima, oni se nekako dr\u017ee, ne tako uvjerljivo kao mi u ovom trenutku. Mi smo koncentrirani sami na sebe jer znamo da je sve u na\u0161im rukama i ne obaziremo se ba\u0161 previ\u0161e \u0161to oni rade.<br><br>Reprezentacija dobro igra, pobje\u0111uje i daje nove igra\u010de,\u00a0<strong>Stani\u0161i\u0107\u00a0<\/strong>i\u00a0<strong>Jaki\u0107\u00a0<\/strong>su debitirali, a u krug A reprezentacije ulazi\u00a0<strong>Su\u010di\u0107\u00a0<\/strong>umjesto\u00a0<strong>Kova\u010di\u0107a\u00a0<\/strong>koji ne\u0107e igrati zbog \u017eutih kartona.<br><br>&#8211; Mislim da je to poruka svima, nije ovo sad upozorenje. Tu nitko nije siguran vi\u0161e. Tu ima mjesta za sve koji \u0107e igrati dobro, koji to pokazuju iz vikenda u vikend u svojim klubovima. Mislim da ovi novi igra\u010di koji su dobili tu \u0161ansu i koji \u0107e sad vjerojatno dobiti su dokaz da su svima vrata reprezentacije otvorena.<br><br>Slovaci su dobro znani protivnik.<br><br>&#8211; Oni su ve\u0107 odigrali jako dobru utakmicu s Rusima gdje su bili puno bolji. Na\u017ealost, na njihovu \u017ealost, nisu uzeli povoljan rezultat. Sumnjam da nas s ne\u010dim mogu iznenaditi. Mislim da je to jedna reprezentacija koju jako dobro poznajemo. Igrali smo nedavno s njima i siguran sam i da Dra\u017een koji je bio u Kazanu \u0107e nas dobro pripremiti kako i na koji su na\u010din igrali. Sigurno \u0107e nas dobro pripremiti za ponedjeljak.<\/p>\n\n\n\n<div style=\"width: 640px;\" class=\"wp-video\"><video class=\"wp-video-shortcode\" id=\"video-73610-1\" width=\"640\" height=\"360\" preload=\"metadata\" controls=\"controls\"><source type=\"video\/mp4\" src=\"https:\/\/api.hrt.hr\/media\/a8\/26\/sapit-corluka-web-20211009182056.mp4?_=1\" \/><a href=\"https:\/\/api.hrt.hr\/media\/a8\/26\/sapit-corluka-web-20211009182056.mp4\">https:\/\/api.hrt.hr\/media\/a8\/26\/sapit-corluka-web-20211009182056.mp4<\/a><\/video><\/div>\n\n\n\n<p>Izvor:hrt.hr<\/p>\n","protected":false},"excerpt":{"rendered":"<p>Pobjeda nad Ciprom bila je dio reprezentativnog plana za ovo okupljanje, drugi dio plana pobjeda je nad Slova\u010dkom koju \u0107e Hrvatska prekosutra ugostiti u Osijeku. Dobra igra i rezultat protiv Ciprana trebali bi u\u010dvrstiti dobru atmosferu u reprezentaciji uo\u010di utakmice sa Slova\u010dkom o \u010demu je Marko \u0160apit razgovarao s pomo\u0107nikom izbornika hrvatske reprezentacije Vedranom \u0106orlukom.&nbsp; [&hellip;]<\/p>\n","protected":false},"author":2,"featured_media":73611,"comment_status":"closed","ping_status":"closed","sticky":false,"template":"","format":"standard","meta":{"h5ap_radio_sources":[],"footnotes":""},"categories":[7],"tags":[],"class_list":["post-73610","post","type-post","status-publish","format-standard","has-post-thumbnail","hentry","category-sport"],"yoast_head":"<!-- This site is optimized with the Yoast SEO plugin v27.5 - https:\/\/yoast.com\/product\/yoast-seo-wordpress\/ -->\n<title>\u0106orluka: Vrata reprezentacije svima su otvorena - RADIO LJUBU\u0160KI<\/title>\n<meta name=\"robots\" content=\"index, follow, max-snippet:-1, max-image-preview:large, max-video-preview:-1\" \/>\n<link rel=\"canonical\" href=\"https:\/\/radioljubuski.ba\/index.php\/2021\/10\/09\/corluka-za-hrt-vrata-reprezentacije-svima-su-otvorena\/\" \/>\n<meta property=\"og:locale\" content=\"hr_HR\" \/>\n<meta property=\"og:type\" content=\"article\" \/>\n<meta property=\"og:title\" content=\"\u0106orluka: Vrata reprezentacije svima su otvorena - RADIO LJUBU\u0160KI\" \/>\n<meta property=\"og:description\" content=\"Pobjeda nad Ciprom bila je dio reprezentativnog plana za ovo okupljanje, drugi dio plana pobjeda je nad Slova\u010dkom koju \u0107e Hrvatska prekosutra ugostiti u Osijeku. Dobra igra i rezultat protiv Ciprana trebali bi u\u010dvrstiti dobru atmosferu u reprezentaciji uo\u010di utakmice sa Slova\u010dkom o \u010demu je Marko \u0160apit razgovarao s pomo\u0107nikom izbornika hrvatske reprezentacije Vedranom \u0106orlukom.&nbsp; [&hellip;]\" \/>\n<meta property=\"og:url\" content=\"https:\/\/radioljubuski.ba\/index.php\/2021\/10\/09\/corluka-za-hrt-vrata-reprezentacije-svima-su-otvorena\/\" \/>\n<meta property=\"og:site_name\" content=\"RADIO LJUBU\u0160KI\" \/>\n<meta property=\"article:publisher\" content=\"https:\/\/www.facebook.com\/Radiio-Ljubuski-1490835324566332\" \/>\n<meta property=\"article:published_time\" content=\"2021-10-09T21:31:22+00:00\" \/>\n<meta property=\"article:modified_time\" content=\"2021-10-09T21:31:32+00:00\" \/>\n<meta property=\"og:image\" content=\"https:\/\/radioljubuski.ba\/wp-content\/uploads\/2021\/10\/preuzmi-20.jpg\" \/>\n\t<meta property=\"og:image:width\" content=\"300\" \/>\n\t<meta property=\"og:image:height\" content=\"168\" \/>\n\t<meta property=\"og:image:type\" content=\"image\/jpeg\" \/>\n<meta name=\"author\" content=\"Radio Ljubu\u0161ki\" \/>\n<meta name=\"twitter:card\" content=\"summary_large_image\" \/>\n<meta name=\"twitter:creator\" content=\"@radioljubuski\" \/>\n<meta name=\"twitter:site\" content=\"@radioljubuski\" \/>\n<meta name=\"twitter:label1\" content=\"Napisao\/la\" \/>\n\t<meta name=\"twitter:data1\" content=\"Radio Ljubu\u0161ki\" \/>\n\t<meta name=\"twitter:label2\" content=\"Procijenjeno vrijeme \u010ditanja\" \/>\n\t<meta name=\"twitter:data2\" content=\"2 minute\" \/>\n<script type=\"application\/ld+json\" class=\"yoast-schema-graph\">{\"@context\":\"https:\\\/\\\/schema.org\",\"@graph\":[{\"@type\":\"Article\",\"@id\":\"https:\\\/\\\/radioljubuski.ba\\\/index.php\\\/2021\\\/10\\\/09\\\/corluka-za-hrt-vrata-reprezentacije-svima-su-otvorena\\\/#article\",\"isPartOf\":{\"@id\":\"https:\\\/\\\/radioljubuski.ba\\\/index.php\\\/2021\\\/10\\\/09\\\/corluka-za-hrt-vrata-reprezentacije-svima-su-otvorena\\\/\"},\"author\":{\"name\":\"Radio Ljubu\u0161ki\",\"@id\":\"https:\\\/\\\/radioljubuski.ba\\\/#\\\/schema\\\/person\\\/19fc700381a780f69665d7956c469e3b\"},\"headline\":\"\u0106orluka: Vrata reprezentacije svima su otvorena\",\"datePublished\":\"2021-10-09T21:31:22+00:00\",\"dateModified\":\"2021-10-09T21:31:32+00:00\",\"mainEntityOfPage\":{\"@id\":\"https:\\\/\\\/radioljubuski.ba\\\/index.php\\\/2021\\\/10\\\/09\\\/corluka-za-hrt-vrata-reprezentacije-svima-su-otvorena\\\/\"},\"wordCount\":519,\"publisher\":{\"@id\":\"https:\\\/\\\/radioljubuski.ba\\\/#organization\"},\"image\":{\"@id\":\"https:\\\/\\\/radioljubuski.ba\\\/index.php\\\/2021\\\/10\\\/09\\\/corluka-za-hrt-vrata-reprezentacije-svima-su-otvorena\\\/#primaryimage\"},\"thumbnailUrl\":\"https:\\\/\\\/radioljubuski.ba\\\/wp-content\\\/uploads\\\/2021\\\/10\\\/preuzmi-20.jpg\",\"articleSection\":[\"\u0160port\"],\"inLanguage\":\"hr\"},{\"@type\":\"WebPage\",\"@id\":\"https:\\\/\\\/radioljubuski.ba\\\/index.php\\\/2021\\\/10\\\/09\\\/corluka-za-hrt-vrata-reprezentacije-svima-su-otvorena\\\/\",\"url\":\"https:\\\/\\\/radioljubuski.ba\\\/index.php\\\/2021\\\/10\\\/09\\\/corluka-za-hrt-vrata-reprezentacije-svima-su-otvorena\\\/\",\"name\":\"\u0106orluka: Vrata reprezentacije svima su otvorena - RADIO LJUBU\u0160KI\",\"isPartOf\":{\"@id\":\"https:\\\/\\\/radioljubuski.ba\\\/#website\"},\"primaryImageOfPage\":{\"@id\":\"https:\\\/\\\/radioljubuski.ba\\\/index.php\\\/2021\\\/10\\\/09\\\/corluka-za-hrt-vrata-reprezentacije-svima-su-otvorena\\\/#primaryimage\"},\"image\":{\"@id\":\"https:\\\/\\\/radioljubuski.ba\\\/index.php\\\/2021\\\/10\\\/09\\\/corluka-za-hrt-vrata-reprezentacije-svima-su-otvorena\\\/#primaryimage\"},\"thumbnailUrl\":\"https:\\\/\\\/radioljubuski.ba\\\/wp-content\\\/uploads\\\/2021\\\/10\\\/preuzmi-20.jpg\",\"datePublished\":\"2021-10-09T21:31:22+00:00\",\"dateModified\":\"2021-10-09T21:31:32+00:00\",\"breadcrumb\":{\"@id\":\"https:\\\/\\\/radioljubuski.ba\\\/index.php\\\/2021\\\/10\\\/09\\\/corluka-za-hrt-vrata-reprezentacije-svima-su-otvorena\\\/#breadcrumb\"},\"inLanguage\":\"hr\",\"potentialAction\":[{\"@type\":\"ReadAction\",\"target\":[\"https:\\\/\\\/radioljubuski.ba\\\/index.php\\\/2021\\\/10\\\/09\\\/corluka-za-hrt-vrata-reprezentacije-svima-su-otvorena\\\/\"]}]},{\"@type\":\"ImageObject\",\"inLanguage\":\"hr\",\"@id\":\"https:\\\/\\\/radioljubuski.ba\\\/index.php\\\/2021\\\/10\\\/09\\\/corluka-za-hrt-vrata-reprezentacije-svima-su-otvorena\\\/#primaryimage\",\"url\":\"https:\\\/\\\/radioljubuski.ba\\\/wp-content\\\/uploads\\\/2021\\\/10\\\/preuzmi-20.jpg\",\"contentUrl\":\"https:\\\/\\\/radioljubuski.ba\\\/wp-content\\\/uploads\\\/2021\\\/10\\\/preuzmi-20.jpg\",\"width\":300,\"height\":168},{\"@type\":\"BreadcrumbList\",\"@id\":\"https:\\\/\\\/radioljubuski.ba\\\/index.php\\\/2021\\\/10\\\/09\\\/corluka-za-hrt-vrata-reprezentacije-svima-su-otvorena\\\/#breadcrumb\",\"itemListElement\":[{\"@type\":\"ListItem\",\"position\":1,\"name\":\"Po\u010detna stranica\",\"item\":\"https:\\\/\\\/radioljubuski.ba\\\/\"},{\"@type\":\"ListItem\",\"position\":2,\"name\":\"\u0106orluka: Vrata reprezentacije svima su otvorena\"}]},{\"@type\":\"WebSite\",\"@id\":\"https:\\\/\\\/radioljubuski.ba\\\/#website\",\"url\":\"https:\\\/\\\/radioljubuski.ba\\\/\",\"name\":\"Radio Ljubu\u0161ki\",\"description\":\"Sun\u010dana frekvencija Hercegovine\",\"publisher\":{\"@id\":\"https:\\\/\\\/radioljubuski.ba\\\/#organization\"},\"potentialAction\":[{\"@type\":\"SearchAction\",\"target\":{\"@type\":\"EntryPoint\",\"urlTemplate\":\"https:\\\/\\\/radioljubuski.ba\\\/?s={search_term_string}\"},\"query-input\":{\"@type\":\"PropertyValueSpecification\",\"valueRequired\":true,\"valueName\":\"search_term_string\"}}],\"inLanguage\":\"hr\"},{\"@type\":\"Organization\",\"@id\":\"https:\\\/\\\/radioljubuski.ba\\\/#organization\",\"name\":\"Radio Ljubu\u0161ki\",\"url\":\"https:\\\/\\\/radioljubuski.ba\\\/\",\"logo\":{\"@type\":\"ImageObject\",\"inLanguage\":\"hr\",\"@id\":\"https:\\\/\\\/radioljubuski.ba\\\/#\\\/schema\\\/logo\\\/image\\\/\",\"url\":\"https:\\\/\\\/radioljubuski.ba\\\/wp-content\\\/uploads\\\/2021\\\/02\\\/cropped-Radio_Ljubuski_logo1.jpg\",\"contentUrl\":\"https:\\\/\\\/radioljubuski.ba\\\/wp-content\\\/uploads\\\/2021\\\/02\\\/cropped-Radio_Ljubuski_logo1.jpg\",\"width\":512,\"height\":512,\"caption\":\"Radio Ljubu\u0161ki\"},\"image\":{\"@id\":\"https:\\\/\\\/radioljubuski.ba\\\/#\\\/schema\\\/logo\\\/image\\\/\"},\"sameAs\":[\"https:\\\/\\\/www.facebook.com\\\/Radiio-Ljubuski-1490835324566332\",\"https:\\\/\\\/x.com\\\/radioljubuski\",\"https:\\\/\\\/hr.linkedin.com\\\/company\\\/radio-ljubuski\",\"https:\\\/\\\/www.youtube.com\\\/channel\\\/UCHYaeO_n0Db3tjNGudGpXyw\"]},{\"@type\":\"Person\",\"@id\":\"https:\\\/\\\/radioljubuski.ba\\\/#\\\/schema\\\/person\\\/19fc700381a780f69665d7956c469e3b\",\"name\":\"Radio Ljubu\u0161ki\"}]}<\/script>\n<!-- \/ Yoast SEO plugin. -->","yoast_head_json":{"title":"\u0106orluka: Vrata reprezentacije svima su otvorena - RADIO LJUBU\u0160KI","robots":{"index":"index","follow":"follow","max-snippet":"max-snippet:-1","max-image-preview":"max-image-preview:large","max-video-preview":"max-video-preview:-1"},"canonical":"https:\/\/radioljubuski.ba\/index.php\/2021\/10\/09\/corluka-za-hrt-vrata-reprezentacije-svima-su-otvorena\/","og_locale":"hr_HR","og_type":"article","og_title":"\u0106orluka: Vrata reprezentacije svima su otvorena - RADIO LJUBU\u0160KI","og_description":"Pobjeda nad Ciprom bila je dio reprezentativnog plana za ovo okupljanje, drugi dio plana pobjeda je nad Slova\u010dkom koju \u0107e Hrvatska prekosutra ugostiti u Osijeku. Dobra igra i rezultat protiv Ciprana trebali bi u\u010dvrstiti dobru atmosferu u reprezentaciji uo\u010di utakmice sa Slova\u010dkom o \u010demu je Marko \u0160apit razgovarao s pomo\u0107nikom izbornika hrvatske reprezentacije Vedranom \u0106orlukom.&nbsp; [&hellip;]","og_url":"https:\/\/radioljubuski.ba\/index.php\/2021\/10\/09\/corluka-za-hrt-vrata-reprezentacije-svima-su-otvorena\/","og_site_name":"RADIO LJUBU\u0160KI","article_publisher":"https:\/\/www.facebook.com\/Radiio-Ljubuski-1490835324566332","article_published_time":"2021-10-09T21:31:22+00:00","article_modified_time":"2021-10-09T21:31:32+00:00","og_image":[{"width":300,"height":168,"url":"https:\/\/radioljubuski.ba\/wp-content\/uploads\/2021\/10\/preuzmi-20.jpg","type":"image\/jpeg"}],"author":"Radio Ljubu\u0161ki","twitter_card":"summary_large_image","twitter_creator":"@radioljubuski","twitter_site":"@radioljubuski","twitter_misc":{"Napisao\/la":"Radio Ljubu\u0161ki","Procijenjeno vrijeme \u010ditanja":"2 minute"},"schema":{"@context":"https:\/\/schema.org","@graph":[{"@type":"Article","@id":"https:\/\/radioljubuski.ba\/index.php\/2021\/10\/09\/corluka-za-hrt-vrata-reprezentacije-svima-su-otvorena\/#article","isPartOf":{"@id":"https:\/\/radioljubuski.ba\/index.php\/2021\/10\/09\/corluka-za-hrt-vrata-reprezentacije-svima-su-otvorena\/"},"author":{"name":"Radio Ljubu\u0161ki","@id":"https:\/\/radioljubuski.ba\/#\/schema\/person\/19fc700381a780f69665d7956c469e3b"},"headline":"\u0106orluka: Vrata reprezentacije svima su otvorena","datePublished":"2021-10-09T21:31:22+00:00","dateModified":"2021-10-09T21:31:32+00:00","mainEntityOfPage":{"@id":"https:\/\/radioljubuski.ba\/index.php\/2021\/10\/09\/corluka-za-hrt-vrata-reprezentacije-svima-su-otvorena\/"},"wordCount":519,"publisher":{"@id":"https:\/\/radioljubuski.ba\/#organization"},"image":{"@id":"https:\/\/radioljubuski.ba\/index.php\/2021\/10\/09\/corluka-za-hrt-vrata-reprezentacije-svima-su-otvorena\/#primaryimage"},"thumbnailUrl":"https:\/\/radioljubuski.ba\/wp-content\/uploads\/2021\/10\/preuzmi-20.jpg","articleSection":["\u0160port"],"inLanguage":"hr"},{"@type":"WebPage","@id":"https:\/\/radioljubuski.ba\/index.php\/2021\/10\/09\/corluka-za-hrt-vrata-reprezentacije-svima-su-otvorena\/","url":"https:\/\/radioljubuski.ba\/index.php\/2021\/10\/09\/corluka-za-hrt-vrata-reprezentacije-svima-su-otvorena\/","name":"\u0106orluka: Vrata reprezentacije svima su otvorena - RADIO LJUBU\u0160KI","isPartOf":{"@id":"https:\/\/radioljubuski.ba\/#website"},"primaryImageOfPage":{"@id":"https:\/\/radioljubuski.ba\/index.php\/2021\/10\/09\/corluka-za-hrt-vrata-reprezentacije-svima-su-otvorena\/#primaryimage"},"image":{"@id":"https:\/\/radioljubuski.ba\/index.php\/2021\/10\/09\/corluka-za-hrt-vrata-reprezentacije-svima-su-otvorena\/#primaryimage"},"thumbnailUrl":"https:\/\/radioljubuski.ba\/wp-content\/uploads\/2021\/10\/preuzmi-20.jpg","datePublished":"2021-10-09T21:31:22+00:00","dateModified":"2021-10-09T21:31:32+00:00","breadcrumb":{"@id":"https:\/\/radioljubuski.ba\/index.php\/2021\/10\/09\/corluka-za-hrt-vrata-reprezentacije-svima-su-otvorena\/#breadcrumb"},"inLanguage":"hr","potentialAction":[{"@type":"ReadAction","target":["https:\/\/radioljubuski.ba\/index.php\/2021\/10\/09\/corluka-za-hrt-vrata-reprezentacije-svima-su-otvorena\/"]}]},{"@type":"ImageObject","inLanguage":"hr","@id":"https:\/\/radioljubuski.ba\/index.php\/2021\/10\/09\/corluka-za-hrt-vrata-reprezentacije-svima-su-otvorena\/#primaryimage","url":"https:\/\/radioljubuski.ba\/wp-content\/uploads\/2021\/10\/preuzmi-20.jpg","contentUrl":"https:\/\/radioljubuski.ba\/wp-content\/uploads\/2021\/10\/preuzmi-20.jpg","width":300,"height":168},{"@type":"BreadcrumbList","@id":"https:\/\/radioljubuski.ba\/index.php\/2021\/10\/09\/corluka-za-hrt-vrata-reprezentacije-svima-su-otvorena\/#breadcrumb","itemListElement":[{"@type":"ListItem","position":1,"name":"Po\u010detna stranica","item":"https:\/\/radioljubuski.ba\/"},{"@type":"ListItem","position":2,"name":"\u0106orluka: Vrata reprezentacije svima su otvorena"}]},{"@type":"WebSite","@id":"https:\/\/radioljubuski.ba\/#website","url":"https:\/\/radioljubuski.ba\/","name":"Radio Ljubu\u0161ki","description":"Sun\u010dana frekvencija Hercegovine","publisher":{"@id":"https:\/\/radioljubuski.ba\/#organization"},"potentialAction":[{"@type":"SearchAction","target":{"@type":"EntryPoint","urlTemplate":"https:\/\/radioljubuski.ba\/?s={search_term_string}"},"query-input":{"@type":"PropertyValueSpecification","valueRequired":true,"valueName":"search_term_string"}}],"inLanguage":"hr"},{"@type":"Organization","@id":"https:\/\/radioljubuski.ba\/#organization","name":"Radio Ljubu\u0161ki","url":"https:\/\/radioljubuski.ba\/","logo":{"@type":"ImageObject","inLanguage":"hr","@id":"https:\/\/radioljubuski.ba\/#\/schema\/logo\/image\/","url":"https:\/\/radioljubuski.ba\/wp-content\/uploads\/2021\/02\/cropped-Radio_Ljubuski_logo1.jpg","contentUrl":"https:\/\/radioljubuski.ba\/wp-content\/uploads\/2021\/02\/cropped-Radio_Ljubuski_logo1.jpg","width":512,"height":512,"caption":"Radio Ljubu\u0161ki"},"image":{"@id":"https:\/\/radioljubuski.ba\/#\/schema\/logo\/image\/"},"sameAs":["https:\/\/www.facebook.com\/Radiio-Ljubuski-1490835324566332","https:\/\/x.com\/radioljubuski","https:\/\/hr.linkedin.com\/company\/radio-ljubuski","https:\/\/www.youtube.com\/channel\/UCHYaeO_n0Db3tjNGudGpXyw"]},{"@type":"Person","@id":"https:\/\/radioljubuski.ba\/#\/schema\/person\/19fc700381a780f69665d7956c469e3b","name":"Radio Ljubu\u0161ki"}]}},"_links":{"self":[{"href":"https:\/\/radioljubuski.ba\/index.php\/wp-json\/wp\/v2\/posts\/73610","targetHints":{"allow":["GET"]}}],"collection":[{"href":"https:\/\/radioljubuski.ba\/index.php\/wp-json\/wp\/v2\/posts"}],"about":[{"href":"https:\/\/radioljubuski.ba\/index.php\/wp-json\/wp\/v2\/types\/post"}],"author":[{"embeddable":true,"href":"https:\/\/radioljubuski.ba\/index.php\/wp-json\/wp\/v2\/users\/2"}],"replies":[{"embeddable":true,"href":"https:\/\/radioljubuski.ba\/index.php\/wp-json\/wp\/v2\/comments?post=73610"}],"version-history":[{"count":2,"href":"https:\/\/radioljubuski.ba\/index.php\/wp-json\/wp\/v2\/posts\/73610\/revisions"}],"predecessor-version":[{"id":73613,"href":"https:\/\/radioljubuski.ba\/index.php\/wp-json\/wp\/v2\/posts\/73610\/revisions\/73613"}],"wp:featuredmedia":[{"embeddable":true,"href":"https:\/\/radioljubuski.ba\/index.php\/wp-json\/wp\/v2\/media\/73611"}],"wp:attachment":[{"href":"https:\/\/radioljubuski.ba\/index.php\/wp-json\/wp\/v2\/media?parent=73610"}],"wp:term":[{"taxonomy":"category","embeddable":true,"href":"https:\/\/radioljubuski.ba\/index.php\/wp-json\/wp\/v2\/categories?post=73610"},{"taxonomy":"post_tag","embeddable":true,"href":"https:\/\/radioljubuski.ba\/index.php\/wp-json\/wp\/v2\/tags?post=73610"}],"curies":[{"name":"wp","href":"https:\/\/api.w.org\/{rel}","templated":true}]}}