{"id":73614,"date":"2021-10-09T22:33:31","date_gmt":"2021-10-09T21:33:31","guid":{"rendered":"https:\/\/radioljubuski.ba\/?p=73614"},"modified":"2021-10-09T22:33:33","modified_gmt":"2021-10-09T21:33:33","slug":"hajdukov-dan-u-zadru","status":"publish","type":"post","link":"https:\/\/radioljubuski.ba\/index.php\/2021\/10\/09\/hajdukov-dan-u-zadru\/","title":{"rendered":"Hajdukov dan u Zadru"},"content":{"rendered":"\n<p><strong>Hajduk je danas gostovao u Zadru, jutro je obilje\u017eilo polaganje cvije\u0107a na grobu tragi\u010dno preminulog Hrvoja \u0106usti\u0107a, dru\u017eenje igra\u010da s najmla\u0111ima, a cijeli doga\u0111aj imao je i humanitarnu notu.<\/strong><\/p>\n\n\n\n<p>Predsjednik Uprave\u00a0<strong>Luk\u0161a Jakobu\u0161i\u0107<\/strong>\u00a0i vratar\u00a0<strong>Danijel Suba\u0161i\u0107<\/strong>\u00a0su jutro uo\u010di prijateljske utakmice Zadar &#8211; Hajduk u Murvici polo\u017eili cvije\u0107e na grob\u00a0<strong>Hrvoja \u0106usti\u0107a<\/strong>\u00a0koji je tragi\u010dno preminuo 2008. godine.<\/p>\n\n\n\n<iframe loading=\"lazy\" src=\"https:\/\/www.facebook.com\/plugins\/post.php?href=https%3A%2F%2Fwww.facebook.com%2Fhnkhajduk%2Fposts%2F6166601580081344&#038;show_text=true&#038;width=500\" width=\"500\" height=\"752\" style=\"border:none;overflow:hidden\" scrolling=\"no\" frameborder=\"0\" allowfullscreen=\"true\" allow=\"autoplay; clipboard-write; encrypted-media; picture-in-picture; web-share\"><\/iframe>\n\n\n\n<p>U nastavku dana nogometa\u0161i Hajduka<strong>&nbsp;Lovre Kalini\u0107<\/strong>, Danijel Suba\u0161i\u0107 i&nbsp;<strong>Stefan Simi\u0107<\/strong>&nbsp;sudjelovali su na Narodnom trgu u humanitarnoj akciji pod nazivom Zadarska dica zajedno s \u010dlanovima Udruge Down sindrom Zadar i Udruge Cukri\u0107i Zadar.<\/p>\n\n\n\n<p>Igra\u010di Zadra i Hajduka su se fotografirali s brojnim navija\u010dima, dijelili slu\u017ebene Hajdukove proizvode te majice sa sloganom projekta &#8216;I ja sam dite zadarsko&#8217; koji apelira na jednakost i uklju\u010divanje u dru\u0161tvenu zajednicu sve djece s posebnim potrebama.<\/p>\n\n\n\n<p>Dobra atmosfera s Narodnog trga preselila se i na Stanove, gdje je oko 2.500 navija\u010da bodrilo obje mom\u010dadi. Iako je rezultat utakmice danas bio u drugom planu spomenimo kako je Hajduk pobijedio 6-0.<\/p>\n\n\n\n<p>Izvor:hrt.hr<\/p>\n","protected":false},"excerpt":{"rendered":"<p>Hajduk je danas gostovao u Zadru, jutro je obilje\u017eilo polaganje cvije\u0107a na grobu tragi\u010dno preminulog Hrvoja \u0106usti\u0107a, dru\u017eenje igra\u010da s najmla\u0111ima, a cijeli doga\u0111aj imao je i humanitarnu notu. Predsjednik Uprave\u00a0Luk\u0161a Jakobu\u0161i\u0107\u00a0i vratar\u00a0Danijel Suba\u0161i\u0107\u00a0su jutro uo\u010di prijateljske utakmice Zadar &#8211; Hajduk u Murvici polo\u017eili cvije\u0107e na grob\u00a0Hrvoja \u0106usti\u0107a\u00a0koji je tragi\u010dno preminuo 2008. godine. U nastavku [&hellip;]<\/p>\n","protected":false},"author":2,"featured_media":73615,"comment_status":"closed","ping_status":"closed","sticky":false,"template":"","format":"standard","meta":{"h5ap_radio_sources":[],"footnotes":""},"categories":[7],"tags":[],"class_list":["post-73614","post","type-post","status-publish","format-standard","has-post-thumbnail","hentry","category-sport"],"yoast_head":"<!-- This site is optimized with the Yoast SEO plugin v27.5 - https:\/\/yoast.com\/product\/yoast-seo-wordpress\/ -->\n<title>Hajdukov dan u Zadru - RADIO LJUBU\u0160KI<\/title>\n<meta name=\"robots\" content=\"index, follow, max-snippet:-1, max-image-preview:large, max-video-preview:-1\" \/>\n<link rel=\"canonical\" href=\"https:\/\/radioljubuski.ba\/index.php\/2021\/10\/09\/hajdukov-dan-u-zadru\/\" \/>\n<meta property=\"og:locale\" content=\"hr_HR\" \/>\n<meta property=\"og:type\" content=\"article\" \/>\n<meta property=\"og:title\" content=\"Hajdukov dan u Zadru - RADIO LJUBU\u0160KI\" \/>\n<meta property=\"og:description\" content=\"Hajduk je danas gostovao u Zadru, jutro je obilje\u017eilo polaganje cvije\u0107a na grobu tragi\u010dno preminulog Hrvoja \u0106usti\u0107a, dru\u017eenje igra\u010da s najmla\u0111ima, a cijeli doga\u0111aj imao je i humanitarnu notu. Predsjednik Uprave\u00a0Luk\u0161a Jakobu\u0161i\u0107\u00a0i vratar\u00a0Danijel Suba\u0161i\u0107\u00a0su jutro uo\u010di prijateljske utakmice Zadar &#8211; Hajduk u Murvici polo\u017eili cvije\u0107e na grob\u00a0Hrvoja \u0106usti\u0107a\u00a0koji je tragi\u010dno preminuo 2008. godine. U nastavku [&hellip;]\" \/>\n<meta property=\"og:url\" content=\"https:\/\/radioljubuski.ba\/index.php\/2021\/10\/09\/hajdukov-dan-u-zadru\/\" \/>\n<meta property=\"og:site_name\" content=\"RADIO LJUBU\u0160KI\" \/>\n<meta property=\"article:publisher\" content=\"https:\/\/www.facebook.com\/Radiio-Ljubuski-1490835324566332\" \/>\n<meta property=\"article:published_time\" content=\"2021-10-09T21:33:31+00:00\" \/>\n<meta property=\"article:modified_time\" content=\"2021-10-09T21:33:33+00:00\" \/>\n<meta property=\"og:image\" content=\"https:\/\/radioljubuski.ba\/wp-content\/uploads\/2021\/10\/pxl-091021-90094328-20211009171019.jpg\" \/>\n\t<meta property=\"og:image:width\" content=\"1600\" \/>\n\t<meta property=\"og:image:height\" content=\"1066\" \/>\n\t<meta property=\"og:image:type\" content=\"image\/jpeg\" \/>\n<meta name=\"author\" content=\"Radio Ljubu\u0161ki\" \/>\n<meta name=\"twitter:card\" content=\"summary_large_image\" \/>\n<meta name=\"twitter:creator\" content=\"@radioljubuski\" \/>\n<meta name=\"twitter:site\" content=\"@radioljubuski\" \/>\n<meta name=\"twitter:label1\" content=\"Napisao\/la\" \/>\n\t<meta name=\"twitter:data1\" content=\"Radio Ljubu\u0161ki\" \/>\n\t<meta name=\"twitter:label2\" content=\"Procijenjeno vrijeme \u010ditanja\" \/>\n\t<meta name=\"twitter:data2\" content=\"1 minuta\" \/>\n<script type=\"application\/ld+json\" class=\"yoast-schema-graph\">{\"@context\":\"https:\\\/\\\/schema.org\",\"@graph\":[{\"@type\":\"Article\",\"@id\":\"https:\\\/\\\/radioljubuski.ba\\\/index.php\\\/2021\\\/10\\\/09\\\/hajdukov-dan-u-zadru\\\/#article\",\"isPartOf\":{\"@id\":\"https:\\\/\\\/radioljubuski.ba\\\/index.php\\\/2021\\\/10\\\/09\\\/hajdukov-dan-u-zadru\\\/\"},\"author\":{\"name\":\"Radio Ljubu\u0161ki\",\"@id\":\"https:\\\/\\\/radioljubuski.ba\\\/#\\\/schema\\\/person\\\/19fc700381a780f69665d7956c469e3b\"},\"headline\":\"Hajdukov dan u Zadru\",\"datePublished\":\"2021-10-09T21:33:31+00:00\",\"dateModified\":\"2021-10-09T21:33:33+00:00\",\"mainEntityOfPage\":{\"@id\":\"https:\\\/\\\/radioljubuski.ba\\\/index.php\\\/2021\\\/10\\\/09\\\/hajdukov-dan-u-zadru\\\/\"},\"wordCount\":199,\"publisher\":{\"@id\":\"https:\\\/\\\/radioljubuski.ba\\\/#organization\"},\"image\":{\"@id\":\"https:\\\/\\\/radioljubuski.ba\\\/index.php\\\/2021\\\/10\\\/09\\\/hajdukov-dan-u-zadru\\\/#primaryimage\"},\"thumbnailUrl\":\"https:\\\/\\\/radioljubuski.ba\\\/wp-content\\\/uploads\\\/2021\\\/10\\\/pxl-091021-90094328-20211009171019.jpg\",\"articleSection\":[\"\u0160port\"],\"inLanguage\":\"hr\"},{\"@type\":\"WebPage\",\"@id\":\"https:\\\/\\\/radioljubuski.ba\\\/index.php\\\/2021\\\/10\\\/09\\\/hajdukov-dan-u-zadru\\\/\",\"url\":\"https:\\\/\\\/radioljubuski.ba\\\/index.php\\\/2021\\\/10\\\/09\\\/hajdukov-dan-u-zadru\\\/\",\"name\":\"Hajdukov dan u Zadru - RADIO LJUBU\u0160KI\",\"isPartOf\":{\"@id\":\"https:\\\/\\\/radioljubuski.ba\\\/#website\"},\"primaryImageOfPage\":{\"@id\":\"https:\\\/\\\/radioljubuski.ba\\\/index.php\\\/2021\\\/10\\\/09\\\/hajdukov-dan-u-zadru\\\/#primaryimage\"},\"image\":{\"@id\":\"https:\\\/\\\/radioljubuski.ba\\\/index.php\\\/2021\\\/10\\\/09\\\/hajdukov-dan-u-zadru\\\/#primaryimage\"},\"thumbnailUrl\":\"https:\\\/\\\/radioljubuski.ba\\\/wp-content\\\/uploads\\\/2021\\\/10\\\/pxl-091021-90094328-20211009171019.jpg\",\"datePublished\":\"2021-10-09T21:33:31+00:00\",\"dateModified\":\"2021-10-09T21:33:33+00:00\",\"breadcrumb\":{\"@id\":\"https:\\\/\\\/radioljubuski.ba\\\/index.php\\\/2021\\\/10\\\/09\\\/hajdukov-dan-u-zadru\\\/#breadcrumb\"},\"inLanguage\":\"hr\",\"potentialAction\":[{\"@type\":\"ReadAction\",\"target\":[\"https:\\\/\\\/radioljubuski.ba\\\/index.php\\\/2021\\\/10\\\/09\\\/hajdukov-dan-u-zadru\\\/\"]}]},{\"@type\":\"ImageObject\",\"inLanguage\":\"hr\",\"@id\":\"https:\\\/\\\/radioljubuski.ba\\\/index.php\\\/2021\\\/10\\\/09\\\/hajdukov-dan-u-zadru\\\/#primaryimage\",\"url\":\"https:\\\/\\\/radioljubuski.ba\\\/wp-content\\\/uploads\\\/2021\\\/10\\\/pxl-091021-90094328-20211009171019.jpg\",\"contentUrl\":\"https:\\\/\\\/radioljubuski.ba\\\/wp-content\\\/uploads\\\/2021\\\/10\\\/pxl-091021-90094328-20211009171019.jpg\",\"width\":1600,\"height\":1066,\"caption\":\"09.10.2021., Zadar - Igraci NK Zadar i Hajduka predvodjeni Danijelom Subasicem, Lovrom Kalinicem, Jurom Jerbicem i ostalima posjetili su na Narodnom trgu stand udruge Cukric gdje su se skupljale donacije i prilozi za djecu oboljelu od dijabetesa. Photo: Dino Stanin\\\/PIXSELL\"},{\"@type\":\"BreadcrumbList\",\"@id\":\"https:\\\/\\\/radioljubuski.ba\\\/index.php\\\/2021\\\/10\\\/09\\\/hajdukov-dan-u-zadru\\\/#breadcrumb\",\"itemListElement\":[{\"@type\":\"ListItem\",\"position\":1,\"name\":\"Po\u010detna stranica\",\"item\":\"https:\\\/\\\/radioljubuski.ba\\\/\"},{\"@type\":\"ListItem\",\"position\":2,\"name\":\"Hajdukov dan u Zadru\"}]},{\"@type\":\"WebSite\",\"@id\":\"https:\\\/\\\/radioljubuski.ba\\\/#website\",\"url\":\"https:\\\/\\\/radioljubuski.ba\\\/\",\"name\":\"Radio Ljubu\u0161ki\",\"description\":\"Sun\u010dana frekvencija Hercegovine\",\"publisher\":{\"@id\":\"https:\\\/\\\/radioljubuski.ba\\\/#organization\"},\"potentialAction\":[{\"@type\":\"SearchAction\",\"target\":{\"@type\":\"EntryPoint\",\"urlTemplate\":\"https:\\\/\\\/radioljubuski.ba\\\/?s={search_term_string}\"},\"query-input\":{\"@type\":\"PropertyValueSpecification\",\"valueRequired\":true,\"valueName\":\"search_term_string\"}}],\"inLanguage\":\"hr\"},{\"@type\":\"Organization\",\"@id\":\"https:\\\/\\\/radioljubuski.ba\\\/#organization\",\"name\":\"Radio Ljubu\u0161ki\",\"url\":\"https:\\\/\\\/radioljubuski.ba\\\/\",\"logo\":{\"@type\":\"ImageObject\",\"inLanguage\":\"hr\",\"@id\":\"https:\\\/\\\/radioljubuski.ba\\\/#\\\/schema\\\/logo\\\/image\\\/\",\"url\":\"https:\\\/\\\/radioljubuski.ba\\\/wp-content\\\/uploads\\\/2021\\\/02\\\/cropped-Radio_Ljubuski_logo1.jpg\",\"contentUrl\":\"https:\\\/\\\/radioljubuski.ba\\\/wp-content\\\/uploads\\\/2021\\\/02\\\/cropped-Radio_Ljubuski_logo1.jpg\",\"width\":512,\"height\":512,\"caption\":\"Radio Ljubu\u0161ki\"},\"image\":{\"@id\":\"https:\\\/\\\/radioljubuski.ba\\\/#\\\/schema\\\/logo\\\/image\\\/\"},\"sameAs\":[\"https:\\\/\\\/www.facebook.com\\\/Radiio-Ljubuski-1490835324566332\",\"https:\\\/\\\/x.com\\\/radioljubuski\",\"https:\\\/\\\/hr.linkedin.com\\\/company\\\/radio-ljubuski\",\"https:\\\/\\\/www.youtube.com\\\/channel\\\/UCHYaeO_n0Db3tjNGudGpXyw\"]},{\"@type\":\"Person\",\"@id\":\"https:\\\/\\\/radioljubuski.ba\\\/#\\\/schema\\\/person\\\/19fc700381a780f69665d7956c469e3b\",\"name\":\"Radio Ljubu\u0161ki\"}]}<\/script>\n<!-- \/ Yoast SEO plugin. -->","yoast_head_json":{"title":"Hajdukov dan u Zadru - RADIO LJUBU\u0160KI","robots":{"index":"index","follow":"follow","max-snippet":"max-snippet:-1","max-image-preview":"max-image-preview:large","max-video-preview":"max-video-preview:-1"},"canonical":"https:\/\/radioljubuski.ba\/index.php\/2021\/10\/09\/hajdukov-dan-u-zadru\/","og_locale":"hr_HR","og_type":"article","og_title":"Hajdukov dan u Zadru - RADIO LJUBU\u0160KI","og_description":"Hajduk je danas gostovao u Zadru, jutro je obilje\u017eilo polaganje cvije\u0107a na grobu tragi\u010dno preminulog Hrvoja \u0106usti\u0107a, dru\u017eenje igra\u010da s najmla\u0111ima, a cijeli doga\u0111aj imao je i humanitarnu notu. Predsjednik Uprave\u00a0Luk\u0161a Jakobu\u0161i\u0107\u00a0i vratar\u00a0Danijel Suba\u0161i\u0107\u00a0su jutro uo\u010di prijateljske utakmice Zadar &#8211; Hajduk u Murvici polo\u017eili cvije\u0107e na grob\u00a0Hrvoja \u0106usti\u0107a\u00a0koji je tragi\u010dno preminuo 2008. godine. U nastavku [&hellip;]","og_url":"https:\/\/radioljubuski.ba\/index.php\/2021\/10\/09\/hajdukov-dan-u-zadru\/","og_site_name":"RADIO LJUBU\u0160KI","article_publisher":"https:\/\/www.facebook.com\/Radiio-Ljubuski-1490835324566332","article_published_time":"2021-10-09T21:33:31+00:00","article_modified_time":"2021-10-09T21:33:33+00:00","og_image":[{"width":1600,"height":1066,"url":"https:\/\/radioljubuski.ba\/wp-content\/uploads\/2021\/10\/pxl-091021-90094328-20211009171019.jpg","type":"image\/jpeg"}],"author":"Radio Ljubu\u0161ki","twitter_card":"summary_large_image","twitter_creator":"@radioljubuski","twitter_site":"@radioljubuski","twitter_misc":{"Napisao\/la":"Radio Ljubu\u0161ki","Procijenjeno vrijeme \u010ditanja":"1 minuta"},"schema":{"@context":"https:\/\/schema.org","@graph":[{"@type":"Article","@id":"https:\/\/radioljubuski.ba\/index.php\/2021\/10\/09\/hajdukov-dan-u-zadru\/#article","isPartOf":{"@id":"https:\/\/radioljubuski.ba\/index.php\/2021\/10\/09\/hajdukov-dan-u-zadru\/"},"author":{"name":"Radio Ljubu\u0161ki","@id":"https:\/\/radioljubuski.ba\/#\/schema\/person\/19fc700381a780f69665d7956c469e3b"},"headline":"Hajdukov dan u Zadru","datePublished":"2021-10-09T21:33:31+00:00","dateModified":"2021-10-09T21:33:33+00:00","mainEntityOfPage":{"@id":"https:\/\/radioljubuski.ba\/index.php\/2021\/10\/09\/hajdukov-dan-u-zadru\/"},"wordCount":199,"publisher":{"@id":"https:\/\/radioljubuski.ba\/#organization"},"image":{"@id":"https:\/\/radioljubuski.ba\/index.php\/2021\/10\/09\/hajdukov-dan-u-zadru\/#primaryimage"},"thumbnailUrl":"https:\/\/radioljubuski.ba\/wp-content\/uploads\/2021\/10\/pxl-091021-90094328-20211009171019.jpg","articleSection":["\u0160port"],"inLanguage":"hr"},{"@type":"WebPage","@id":"https:\/\/radioljubuski.ba\/index.php\/2021\/10\/09\/hajdukov-dan-u-zadru\/","url":"https:\/\/radioljubuski.ba\/index.php\/2021\/10\/09\/hajdukov-dan-u-zadru\/","name":"Hajdukov dan u Zadru - RADIO LJUBU\u0160KI","isPartOf":{"@id":"https:\/\/radioljubuski.ba\/#website"},"primaryImageOfPage":{"@id":"https:\/\/radioljubuski.ba\/index.php\/2021\/10\/09\/hajdukov-dan-u-zadru\/#primaryimage"},"image":{"@id":"https:\/\/radioljubuski.ba\/index.php\/2021\/10\/09\/hajdukov-dan-u-zadru\/#primaryimage"},"thumbnailUrl":"https:\/\/radioljubuski.ba\/wp-content\/uploads\/2021\/10\/pxl-091021-90094328-20211009171019.jpg","datePublished":"2021-10-09T21:33:31+00:00","dateModified":"2021-10-09T21:33:33+00:00","breadcrumb":{"@id":"https:\/\/radioljubuski.ba\/index.php\/2021\/10\/09\/hajdukov-dan-u-zadru\/#breadcrumb"},"inLanguage":"hr","potentialAction":[{"@type":"ReadAction","target":["https:\/\/radioljubuski.ba\/index.php\/2021\/10\/09\/hajdukov-dan-u-zadru\/"]}]},{"@type":"ImageObject","inLanguage":"hr","@id":"https:\/\/radioljubuski.ba\/index.php\/2021\/10\/09\/hajdukov-dan-u-zadru\/#primaryimage","url":"https:\/\/radioljubuski.ba\/wp-content\/uploads\/2021\/10\/pxl-091021-90094328-20211009171019.jpg","contentUrl":"https:\/\/radioljubuski.ba\/wp-content\/uploads\/2021\/10\/pxl-091021-90094328-20211009171019.jpg","width":1600,"height":1066,"caption":"09.10.2021., Zadar - Igraci NK Zadar i Hajduka predvodjeni Danijelom Subasicem, Lovrom Kalinicem, Jurom Jerbicem i ostalima posjetili su na Narodnom trgu stand udruge Cukric gdje su se skupljale donacije i prilozi za djecu oboljelu od dijabetesa. Photo: Dino Stanin\/PIXSELL"},{"@type":"BreadcrumbList","@id":"https:\/\/radioljubuski.ba\/index.php\/2021\/10\/09\/hajdukov-dan-u-zadru\/#breadcrumb","itemListElement":[{"@type":"ListItem","position":1,"name":"Po\u010detna stranica","item":"https:\/\/radioljubuski.ba\/"},{"@type":"ListItem","position":2,"name":"Hajdukov dan u Zadru"}]},{"@type":"WebSite","@id":"https:\/\/radioljubuski.ba\/#website","url":"https:\/\/radioljubuski.ba\/","name":"Radio Ljubu\u0161ki","description":"Sun\u010dana frekvencija Hercegovine","publisher":{"@id":"https:\/\/radioljubuski.ba\/#organization"},"potentialAction":[{"@type":"SearchAction","target":{"@type":"EntryPoint","urlTemplate":"https:\/\/radioljubuski.ba\/?s={search_term_string}"},"query-input":{"@type":"PropertyValueSpecification","valueRequired":true,"valueName":"search_term_string"}}],"inLanguage":"hr"},{"@type":"Organization","@id":"https:\/\/radioljubuski.ba\/#organization","name":"Radio Ljubu\u0161ki","url":"https:\/\/radioljubuski.ba\/","logo":{"@type":"ImageObject","inLanguage":"hr","@id":"https:\/\/radioljubuski.ba\/#\/schema\/logo\/image\/","url":"https:\/\/radioljubuski.ba\/wp-content\/uploads\/2021\/02\/cropped-Radio_Ljubuski_logo1.jpg","contentUrl":"https:\/\/radioljubuski.ba\/wp-content\/uploads\/2021\/02\/cropped-Radio_Ljubuski_logo1.jpg","width":512,"height":512,"caption":"Radio Ljubu\u0161ki"},"image":{"@id":"https:\/\/radioljubuski.ba\/#\/schema\/logo\/image\/"},"sameAs":["https:\/\/www.facebook.com\/Radiio-Ljubuski-1490835324566332","https:\/\/x.com\/radioljubuski","https:\/\/hr.linkedin.com\/company\/radio-ljubuski","https:\/\/www.youtube.com\/channel\/UCHYaeO_n0Db3tjNGudGpXyw"]},{"@type":"Person","@id":"https:\/\/radioljubuski.ba\/#\/schema\/person\/19fc700381a780f69665d7956c469e3b","name":"Radio Ljubu\u0161ki"}]}},"_links":{"self":[{"href":"https:\/\/radioljubuski.ba\/index.php\/wp-json\/wp\/v2\/posts\/73614","targetHints":{"allow":["GET"]}}],"collection":[{"href":"https:\/\/radioljubuski.ba\/index.php\/wp-json\/wp\/v2\/posts"}],"about":[{"href":"https:\/\/radioljubuski.ba\/index.php\/wp-json\/wp\/v2\/types\/post"}],"author":[{"embeddable":true,"href":"https:\/\/radioljubuski.ba\/index.php\/wp-json\/wp\/v2\/users\/2"}],"replies":[{"embeddable":true,"href":"https:\/\/radioljubuski.ba\/index.php\/wp-json\/wp\/v2\/comments?post=73614"}],"version-history":[{"count":1,"href":"https:\/\/radioljubuski.ba\/index.php\/wp-json\/wp\/v2\/posts\/73614\/revisions"}],"predecessor-version":[{"id":73616,"href":"https:\/\/radioljubuski.ba\/index.php\/wp-json\/wp\/v2\/posts\/73614\/revisions\/73616"}],"wp:featuredmedia":[{"embeddable":true,"href":"https:\/\/radioljubuski.ba\/index.php\/wp-json\/wp\/v2\/media\/73615"}],"wp:attachment":[{"href":"https:\/\/radioljubuski.ba\/index.php\/wp-json\/wp\/v2\/media?parent=73614"}],"wp:term":[{"taxonomy":"category","embeddable":true,"href":"https:\/\/radioljubuski.ba\/index.php\/wp-json\/wp\/v2\/categories?post=73614"},{"taxonomy":"post_tag","embeddable":true,"href":"https:\/\/radioljubuski.ba\/index.php\/wp-json\/wp\/v2\/tags?post=73614"}],"curies":[{"name":"wp","href":"https:\/\/api.w.org\/{rel}","templated":true}]}}