{"id":73623,"date":"2021-10-09T22:39:01","date_gmt":"2021-10-09T21:39:01","guid":{"rendered":"https:\/\/radioljubuski.ba\/?p=73623"},"modified":"2021-10-09T22:39:03","modified_gmt":"2021-10-09T21:39:03","slug":"slavlje-cedevite-i-zadra","status":"publish","type":"post","link":"https:\/\/radioljubuski.ba\/index.php\/2021\/10\/09\/slavlje-cedevite-i-zadra\/","title":{"rendered":"Slavlje Cedevite i Zadra"},"content":{"rendered":"\n<p><strong>Cedevita je u utakmici 4. kola HT Premijer lige \u010detvrtog kola Prvenstva Hrvatske za ko\u0161arka\u0161e s 93-17 (23-20, 16-24, 29-18, 25-17) pobijedila na svom terenu Vrijednosnice Osijek, dok je Zadar kod ku\u0107e od Furnira bio bolji sa 68-53 (16-14, 17-12, 17-13, 18-14).<\/strong><\/p>\n\n\n\n<p>Cedevita je dobila tri \u010detvrtine, a Vrijednosnice su samo u drugoj \u010detvrtini bile bolje. Cedevitu su do pobjede s po 19 ko\u0161eva svaki predvodili&nbsp;<strong>Goran Filipovi\u0107 i&nbsp;Ivan Mili\u010devi\u0107<\/strong>, dok je u redovima Vrijednosnica Osijeka najbolji bio&nbsp;<strong>\u0110or\u0111e Topolovi\u0107&nbsp;<\/strong>s 18 ko\u0161eva.<br><br>Kod Zadra, koji je vodio cijelu utakmicu, naju\u010dinkovitiji je bio&nbsp;<strong>Aleksandar Bursa\u0107<\/strong>&nbsp;s 20 ko\u0161eva. Furnir je predvodio&nbsp;<strong>Filip Bjelanovi\u0107<\/strong>&nbsp;s 12 uba\u010daja.<\/p>\n\n\n\n<p>U dvije ranije odigrane utakmice Zabok je kod ku\u0107e s 97-71 (25-18, 30-14, 20-16, 22-23) pobijedio Alkar, a Cibona je u gostima sa 70-69 (21-16, 13-16, 6-16, 30-21) nadigrala Sonik Puntamiku, a u petak su ko\u0161arka\u0161i \u0160ibenke nanijeli Adriji Oil \u0160krljevo prvi poraz u sezoni (89-84), dok je Split svladao Goricu 88-72.<\/p>\n\n\n\n<p><br><br>Cedevita je prva s omjerom pobjeda i poraza 3-1, Zadar je s istim omjerom na drugom mjestu. Cedevita je peta s tako\u0111er tri pobjede i jednim porazom, a Vrijednosnice Osijek \u0161este s dvije pobjede i dva poraza. Furnir je predzadnji s \u010detiri poraza.<\/p>\n\n\n\n<figure class=\"wp-block-embed is-type-wp-embed is-provider-radio-ljubuski wp-block-embed-radio-ljubuski\"><div class=\"wp-block-embed__wrapper\">\n<blockquote class=\"wp-embedded-content\" data-secret=\"VZt3O1mPXU\"><a href=\"https:\/\/radioljubuski.ba\/index.php\/2021\/10\/09\/pobjede-cibone-i-zaboka\/\">Pobjede Cibone i Zaboka<\/a><\/blockquote><iframe loading=\"lazy\" class=\"wp-embedded-content\" sandbox=\"allow-scripts\" security=\"restricted\" style=\"position: absolute; clip: rect(1px, 1px, 1px, 1px);\" title=\"&#8220;Pobjede Cibone i Zaboka&#8221; &#8212;   RADIO LJUBU\u0160KI\" src=\"https:\/\/radioljubuski.ba\/index.php\/2021\/10\/09\/pobjede-cibone-i-zaboka\/embed\/#?secret=OwPWefUUD7#?secret=VZt3O1mPXU\" data-secret=\"VZt3O1mPXU\" width=\"600\" height=\"338\" frameborder=\"0\" marginwidth=\"0\" marginheight=\"0\" scrolling=\"no\"><\/iframe>\n<\/div><\/figure>\n\n\n\n<p>Izvor:hrt.hr<\/p>\n","protected":false},"excerpt":{"rendered":"<p>Cedevita je u utakmici 4. kola HT Premijer lige \u010detvrtog kola Prvenstva Hrvatske za ko\u0161arka\u0161e s 93-17 (23-20, 16-24, 29-18, 25-17) pobijedila na svom terenu Vrijednosnice Osijek, dok je Zadar kod ku\u0107e od Furnira bio bolji sa 68-53 (16-14, 17-12, 17-13, 18-14). Cedevita je dobila tri \u010detvrtine, a Vrijednosnice su samo u drugoj \u010detvrtini bile [&hellip;]<\/p>\n","protected":false},"author":2,"featured_media":73624,"comment_status":"closed","ping_status":"closed","sticky":false,"template":"","format":"standard","meta":{"h5ap_radio_sources":[],"footnotes":""},"categories":[7],"tags":[],"class_list":["post-73623","post","type-post","status-publish","format-standard","has-post-thumbnail","hentry","category-sport"],"yoast_head":"<!-- This site is optimized with the Yoast SEO plugin v27.5 - https:\/\/yoast.com\/product\/yoast-seo-wordpress\/ -->\n<title>Slavlje Cedevite i Zadra - RADIO LJUBU\u0160KI<\/title>\n<meta name=\"robots\" content=\"index, follow, max-snippet:-1, max-image-preview:large, max-video-preview:-1\" \/>\n<link rel=\"canonical\" href=\"https:\/\/radioljubuski.ba\/index.php\/2021\/10\/09\/slavlje-cedevite-i-zadra\/\" \/>\n<meta property=\"og:locale\" content=\"hr_HR\" \/>\n<meta property=\"og:type\" content=\"article\" \/>\n<meta property=\"og:title\" content=\"Slavlje Cedevite i Zadra - RADIO LJUBU\u0160KI\" \/>\n<meta property=\"og:description\" content=\"Cedevita je u utakmici 4. kola HT Premijer lige \u010detvrtog kola Prvenstva Hrvatske za ko\u0161arka\u0161e s 93-17 (23-20, 16-24, 29-18, 25-17) pobijedila na svom terenu Vrijednosnice Osijek, dok je Zadar kod ku\u0107e od Furnira bio bolji sa 68-53 (16-14, 17-12, 17-13, 18-14). Cedevita je dobila tri \u010detvrtine, a Vrijednosnice su samo u drugoj \u010detvrtini bile [&hellip;]\" \/>\n<meta property=\"og:url\" content=\"https:\/\/radioljubuski.ba\/index.php\/2021\/10\/09\/slavlje-cedevite-i-zadra\/\" \/>\n<meta property=\"og:site_name\" content=\"RADIO LJUBU\u0160KI\" \/>\n<meta property=\"article:publisher\" content=\"https:\/\/www.facebook.com\/Radiio-Ljubuski-1490835324566332\" \/>\n<meta property=\"article:published_time\" content=\"2021-10-09T21:39:01+00:00\" \/>\n<meta property=\"article:modified_time\" content=\"2021-10-09T21:39:03+00:00\" \/>\n<meta property=\"og:image\" content=\"https:\/\/radioljubuski.ba\/wp-content\/uploads\/2021\/10\/pxl-270921-84949303-20211009204226.jpg\" \/>\n\t<meta property=\"og:image:width\" content=\"1600\" \/>\n\t<meta property=\"og:image:height\" content=\"1067\" \/>\n\t<meta property=\"og:image:type\" content=\"image\/jpeg\" \/>\n<meta name=\"author\" content=\"Radio Ljubu\u0161ki\" \/>\n<meta name=\"twitter:card\" content=\"summary_large_image\" \/>\n<meta name=\"twitter:creator\" content=\"@radioljubuski\" \/>\n<meta name=\"twitter:site\" content=\"@radioljubuski\" \/>\n<meta name=\"twitter:label1\" content=\"Napisao\/la\" \/>\n\t<meta name=\"twitter:data1\" content=\"Radio Ljubu\u0161ki\" \/>\n\t<meta name=\"twitter:label2\" content=\"Procijenjeno vrijeme \u010ditanja\" \/>\n\t<meta name=\"twitter:data2\" content=\"1 minuta\" \/>\n<script type=\"application\/ld+json\" class=\"yoast-schema-graph\">{\"@context\":\"https:\\\/\\\/schema.org\",\"@graph\":[{\"@type\":\"Article\",\"@id\":\"https:\\\/\\\/radioljubuski.ba\\\/index.php\\\/2021\\\/10\\\/09\\\/slavlje-cedevite-i-zadra\\\/#article\",\"isPartOf\":{\"@id\":\"https:\\\/\\\/radioljubuski.ba\\\/index.php\\\/2021\\\/10\\\/09\\\/slavlje-cedevite-i-zadra\\\/\"},\"author\":{\"name\":\"Radio Ljubu\u0161ki\",\"@id\":\"https:\\\/\\\/radioljubuski.ba\\\/#\\\/schema\\\/person\\\/19fc700381a780f69665d7956c469e3b\"},\"headline\":\"Slavlje Cedevite i Zadra\",\"datePublished\":\"2021-10-09T21:39:01+00:00\",\"dateModified\":\"2021-10-09T21:39:03+00:00\",\"mainEntityOfPage\":{\"@id\":\"https:\\\/\\\/radioljubuski.ba\\\/index.php\\\/2021\\\/10\\\/09\\\/slavlje-cedevite-i-zadra\\\/\"},\"wordCount\":232,\"publisher\":{\"@id\":\"https:\\\/\\\/radioljubuski.ba\\\/#organization\"},\"image\":{\"@id\":\"https:\\\/\\\/radioljubuski.ba\\\/index.php\\\/2021\\\/10\\\/09\\\/slavlje-cedevite-i-zadra\\\/#primaryimage\"},\"thumbnailUrl\":\"https:\\\/\\\/radioljubuski.ba\\\/wp-content\\\/uploads\\\/2021\\\/10\\\/pxl-270921-84949303-20211009204226.jpg\",\"articleSection\":[\"\u0160port\"],\"inLanguage\":\"hr\"},{\"@type\":\"WebPage\",\"@id\":\"https:\\\/\\\/radioljubuski.ba\\\/index.php\\\/2021\\\/10\\\/09\\\/slavlje-cedevite-i-zadra\\\/\",\"url\":\"https:\\\/\\\/radioljubuski.ba\\\/index.php\\\/2021\\\/10\\\/09\\\/slavlje-cedevite-i-zadra\\\/\",\"name\":\"Slavlje Cedevite i Zadra - RADIO LJUBU\u0160KI\",\"isPartOf\":{\"@id\":\"https:\\\/\\\/radioljubuski.ba\\\/#website\"},\"primaryImageOfPage\":{\"@id\":\"https:\\\/\\\/radioljubuski.ba\\\/index.php\\\/2021\\\/10\\\/09\\\/slavlje-cedevite-i-zadra\\\/#primaryimage\"},\"image\":{\"@id\":\"https:\\\/\\\/radioljubuski.ba\\\/index.php\\\/2021\\\/10\\\/09\\\/slavlje-cedevite-i-zadra\\\/#primaryimage\"},\"thumbnailUrl\":\"https:\\\/\\\/radioljubuski.ba\\\/wp-content\\\/uploads\\\/2021\\\/10\\\/pxl-270921-84949303-20211009204226.jpg\",\"datePublished\":\"2021-10-09T21:39:01+00:00\",\"dateModified\":\"2021-10-09T21:39:03+00:00\",\"breadcrumb\":{\"@id\":\"https:\\\/\\\/radioljubuski.ba\\\/index.php\\\/2021\\\/10\\\/09\\\/slavlje-cedevite-i-zadra\\\/#breadcrumb\"},\"inLanguage\":\"hr\",\"potentialAction\":[{\"@type\":\"ReadAction\",\"target\":[\"https:\\\/\\\/radioljubuski.ba\\\/index.php\\\/2021\\\/10\\\/09\\\/slavlje-cedevite-i-zadra\\\/\"]}]},{\"@type\":\"ImageObject\",\"inLanguage\":\"hr\",\"@id\":\"https:\\\/\\\/radioljubuski.ba\\\/index.php\\\/2021\\\/10\\\/09\\\/slavlje-cedevite-i-zadra\\\/#primaryimage\",\"url\":\"https:\\\/\\\/radioljubuski.ba\\\/wp-content\\\/uploads\\\/2021\\\/10\\\/pxl-270921-84949303-20211009204226.jpg\",\"contentUrl\":\"https:\\\/\\\/radioljubuski.ba\\\/wp-content\\\/uploads\\\/2021\\\/10\\\/pxl-270921-84949303-20211009204226.jpg\",\"width\":1600,\"height\":1067,\"caption\":\"27.09.2021., dvorana Kresimira Cosica, Zadar - ABA liga, 01. kolo, KK Zadar - KK Partiza NIS. Aleksandar Bursac, Zach LeDay Photo: Marko Dimic\\\/PIXSELL\"},{\"@type\":\"BreadcrumbList\",\"@id\":\"https:\\\/\\\/radioljubuski.ba\\\/index.php\\\/2021\\\/10\\\/09\\\/slavlje-cedevite-i-zadra\\\/#breadcrumb\",\"itemListElement\":[{\"@type\":\"ListItem\",\"position\":1,\"name\":\"Po\u010detna stranica\",\"item\":\"https:\\\/\\\/radioljubuski.ba\\\/\"},{\"@type\":\"ListItem\",\"position\":2,\"name\":\"Slavlje Cedevite i Zadra\"}]},{\"@type\":\"WebSite\",\"@id\":\"https:\\\/\\\/radioljubuski.ba\\\/#website\",\"url\":\"https:\\\/\\\/radioljubuski.ba\\\/\",\"name\":\"Radio Ljubu\u0161ki\",\"description\":\"Sun\u010dana frekvencija Hercegovine\",\"publisher\":{\"@id\":\"https:\\\/\\\/radioljubuski.ba\\\/#organization\"},\"potentialAction\":[{\"@type\":\"SearchAction\",\"target\":{\"@type\":\"EntryPoint\",\"urlTemplate\":\"https:\\\/\\\/radioljubuski.ba\\\/?s={search_term_string}\"},\"query-input\":{\"@type\":\"PropertyValueSpecification\",\"valueRequired\":true,\"valueName\":\"search_term_string\"}}],\"inLanguage\":\"hr\"},{\"@type\":\"Organization\",\"@id\":\"https:\\\/\\\/radioljubuski.ba\\\/#organization\",\"name\":\"Radio Ljubu\u0161ki\",\"url\":\"https:\\\/\\\/radioljubuski.ba\\\/\",\"logo\":{\"@type\":\"ImageObject\",\"inLanguage\":\"hr\",\"@id\":\"https:\\\/\\\/radioljubuski.ba\\\/#\\\/schema\\\/logo\\\/image\\\/\",\"url\":\"https:\\\/\\\/radioljubuski.ba\\\/wp-content\\\/uploads\\\/2021\\\/02\\\/cropped-Radio_Ljubuski_logo1.jpg\",\"contentUrl\":\"https:\\\/\\\/radioljubuski.ba\\\/wp-content\\\/uploads\\\/2021\\\/02\\\/cropped-Radio_Ljubuski_logo1.jpg\",\"width\":512,\"height\":512,\"caption\":\"Radio Ljubu\u0161ki\"},\"image\":{\"@id\":\"https:\\\/\\\/radioljubuski.ba\\\/#\\\/schema\\\/logo\\\/image\\\/\"},\"sameAs\":[\"https:\\\/\\\/www.facebook.com\\\/Radiio-Ljubuski-1490835324566332\",\"https:\\\/\\\/x.com\\\/radioljubuski\",\"https:\\\/\\\/hr.linkedin.com\\\/company\\\/radio-ljubuski\",\"https:\\\/\\\/www.youtube.com\\\/channel\\\/UCHYaeO_n0Db3tjNGudGpXyw\"]},{\"@type\":\"Person\",\"@id\":\"https:\\\/\\\/radioljubuski.ba\\\/#\\\/schema\\\/person\\\/19fc700381a780f69665d7956c469e3b\",\"name\":\"Radio Ljubu\u0161ki\"}]}<\/script>\n<!-- \/ Yoast SEO plugin. -->","yoast_head_json":{"title":"Slavlje Cedevite i Zadra - RADIO LJUBU\u0160KI","robots":{"index":"index","follow":"follow","max-snippet":"max-snippet:-1","max-image-preview":"max-image-preview:large","max-video-preview":"max-video-preview:-1"},"canonical":"https:\/\/radioljubuski.ba\/index.php\/2021\/10\/09\/slavlje-cedevite-i-zadra\/","og_locale":"hr_HR","og_type":"article","og_title":"Slavlje Cedevite i Zadra - RADIO LJUBU\u0160KI","og_description":"Cedevita je u utakmici 4. kola HT Premijer lige \u010detvrtog kola Prvenstva Hrvatske za ko\u0161arka\u0161e s 93-17 (23-20, 16-24, 29-18, 25-17) pobijedila na svom terenu Vrijednosnice Osijek, dok je Zadar kod ku\u0107e od Furnira bio bolji sa 68-53 (16-14, 17-12, 17-13, 18-14). Cedevita je dobila tri \u010detvrtine, a Vrijednosnice su samo u drugoj \u010detvrtini bile [&hellip;]","og_url":"https:\/\/radioljubuski.ba\/index.php\/2021\/10\/09\/slavlje-cedevite-i-zadra\/","og_site_name":"RADIO LJUBU\u0160KI","article_publisher":"https:\/\/www.facebook.com\/Radiio-Ljubuski-1490835324566332","article_published_time":"2021-10-09T21:39:01+00:00","article_modified_time":"2021-10-09T21:39:03+00:00","og_image":[{"width":1600,"height":1067,"url":"https:\/\/radioljubuski.ba\/wp-content\/uploads\/2021\/10\/pxl-270921-84949303-20211009204226.jpg","type":"image\/jpeg"}],"author":"Radio Ljubu\u0161ki","twitter_card":"summary_large_image","twitter_creator":"@radioljubuski","twitter_site":"@radioljubuski","twitter_misc":{"Napisao\/la":"Radio Ljubu\u0161ki","Procijenjeno vrijeme \u010ditanja":"1 minuta"},"schema":{"@context":"https:\/\/schema.org","@graph":[{"@type":"Article","@id":"https:\/\/radioljubuski.ba\/index.php\/2021\/10\/09\/slavlje-cedevite-i-zadra\/#article","isPartOf":{"@id":"https:\/\/radioljubuski.ba\/index.php\/2021\/10\/09\/slavlje-cedevite-i-zadra\/"},"author":{"name":"Radio Ljubu\u0161ki","@id":"https:\/\/radioljubuski.ba\/#\/schema\/person\/19fc700381a780f69665d7956c469e3b"},"headline":"Slavlje Cedevite i Zadra","datePublished":"2021-10-09T21:39:01+00:00","dateModified":"2021-10-09T21:39:03+00:00","mainEntityOfPage":{"@id":"https:\/\/radioljubuski.ba\/index.php\/2021\/10\/09\/slavlje-cedevite-i-zadra\/"},"wordCount":232,"publisher":{"@id":"https:\/\/radioljubuski.ba\/#organization"},"image":{"@id":"https:\/\/radioljubuski.ba\/index.php\/2021\/10\/09\/slavlje-cedevite-i-zadra\/#primaryimage"},"thumbnailUrl":"https:\/\/radioljubuski.ba\/wp-content\/uploads\/2021\/10\/pxl-270921-84949303-20211009204226.jpg","articleSection":["\u0160port"],"inLanguage":"hr"},{"@type":"WebPage","@id":"https:\/\/radioljubuski.ba\/index.php\/2021\/10\/09\/slavlje-cedevite-i-zadra\/","url":"https:\/\/radioljubuski.ba\/index.php\/2021\/10\/09\/slavlje-cedevite-i-zadra\/","name":"Slavlje Cedevite i Zadra - RADIO LJUBU\u0160KI","isPartOf":{"@id":"https:\/\/radioljubuski.ba\/#website"},"primaryImageOfPage":{"@id":"https:\/\/radioljubuski.ba\/index.php\/2021\/10\/09\/slavlje-cedevite-i-zadra\/#primaryimage"},"image":{"@id":"https:\/\/radioljubuski.ba\/index.php\/2021\/10\/09\/slavlje-cedevite-i-zadra\/#primaryimage"},"thumbnailUrl":"https:\/\/radioljubuski.ba\/wp-content\/uploads\/2021\/10\/pxl-270921-84949303-20211009204226.jpg","datePublished":"2021-10-09T21:39:01+00:00","dateModified":"2021-10-09T21:39:03+00:00","breadcrumb":{"@id":"https:\/\/radioljubuski.ba\/index.php\/2021\/10\/09\/slavlje-cedevite-i-zadra\/#breadcrumb"},"inLanguage":"hr","potentialAction":[{"@type":"ReadAction","target":["https:\/\/radioljubuski.ba\/index.php\/2021\/10\/09\/slavlje-cedevite-i-zadra\/"]}]},{"@type":"ImageObject","inLanguage":"hr","@id":"https:\/\/radioljubuski.ba\/index.php\/2021\/10\/09\/slavlje-cedevite-i-zadra\/#primaryimage","url":"https:\/\/radioljubuski.ba\/wp-content\/uploads\/2021\/10\/pxl-270921-84949303-20211009204226.jpg","contentUrl":"https:\/\/radioljubuski.ba\/wp-content\/uploads\/2021\/10\/pxl-270921-84949303-20211009204226.jpg","width":1600,"height":1067,"caption":"27.09.2021., dvorana Kresimira Cosica, Zadar - ABA liga, 01. kolo, KK Zadar - KK Partiza NIS. Aleksandar Bursac, Zach LeDay Photo: Marko Dimic\/PIXSELL"},{"@type":"BreadcrumbList","@id":"https:\/\/radioljubuski.ba\/index.php\/2021\/10\/09\/slavlje-cedevite-i-zadra\/#breadcrumb","itemListElement":[{"@type":"ListItem","position":1,"name":"Po\u010detna stranica","item":"https:\/\/radioljubuski.ba\/"},{"@type":"ListItem","position":2,"name":"Slavlje Cedevite i Zadra"}]},{"@type":"WebSite","@id":"https:\/\/radioljubuski.ba\/#website","url":"https:\/\/radioljubuski.ba\/","name":"Radio Ljubu\u0161ki","description":"Sun\u010dana frekvencija Hercegovine","publisher":{"@id":"https:\/\/radioljubuski.ba\/#organization"},"potentialAction":[{"@type":"SearchAction","target":{"@type":"EntryPoint","urlTemplate":"https:\/\/radioljubuski.ba\/?s={search_term_string}"},"query-input":{"@type":"PropertyValueSpecification","valueRequired":true,"valueName":"search_term_string"}}],"inLanguage":"hr"},{"@type":"Organization","@id":"https:\/\/radioljubuski.ba\/#organization","name":"Radio Ljubu\u0161ki","url":"https:\/\/radioljubuski.ba\/","logo":{"@type":"ImageObject","inLanguage":"hr","@id":"https:\/\/radioljubuski.ba\/#\/schema\/logo\/image\/","url":"https:\/\/radioljubuski.ba\/wp-content\/uploads\/2021\/02\/cropped-Radio_Ljubuski_logo1.jpg","contentUrl":"https:\/\/radioljubuski.ba\/wp-content\/uploads\/2021\/02\/cropped-Radio_Ljubuski_logo1.jpg","width":512,"height":512,"caption":"Radio Ljubu\u0161ki"},"image":{"@id":"https:\/\/radioljubuski.ba\/#\/schema\/logo\/image\/"},"sameAs":["https:\/\/www.facebook.com\/Radiio-Ljubuski-1490835324566332","https:\/\/x.com\/radioljubuski","https:\/\/hr.linkedin.com\/company\/radio-ljubuski","https:\/\/www.youtube.com\/channel\/UCHYaeO_n0Db3tjNGudGpXyw"]},{"@type":"Person","@id":"https:\/\/radioljubuski.ba\/#\/schema\/person\/19fc700381a780f69665d7956c469e3b","name":"Radio Ljubu\u0161ki"}]}},"_links":{"self":[{"href":"https:\/\/radioljubuski.ba\/index.php\/wp-json\/wp\/v2\/posts\/73623","targetHints":{"allow":["GET"]}}],"collection":[{"href":"https:\/\/radioljubuski.ba\/index.php\/wp-json\/wp\/v2\/posts"}],"about":[{"href":"https:\/\/radioljubuski.ba\/index.php\/wp-json\/wp\/v2\/types\/post"}],"author":[{"embeddable":true,"href":"https:\/\/radioljubuski.ba\/index.php\/wp-json\/wp\/v2\/users\/2"}],"replies":[{"embeddable":true,"href":"https:\/\/radioljubuski.ba\/index.php\/wp-json\/wp\/v2\/comments?post=73623"}],"version-history":[{"count":1,"href":"https:\/\/radioljubuski.ba\/index.php\/wp-json\/wp\/v2\/posts\/73623\/revisions"}],"predecessor-version":[{"id":73625,"href":"https:\/\/radioljubuski.ba\/index.php\/wp-json\/wp\/v2\/posts\/73623\/revisions\/73625"}],"wp:featuredmedia":[{"embeddable":true,"href":"https:\/\/radioljubuski.ba\/index.php\/wp-json\/wp\/v2\/media\/73624"}],"wp:attachment":[{"href":"https:\/\/radioljubuski.ba\/index.php\/wp-json\/wp\/v2\/media?parent=73623"}],"wp:term":[{"taxonomy":"category","embeddable":true,"href":"https:\/\/radioljubuski.ba\/index.php\/wp-json\/wp\/v2\/categories?post=73623"},{"taxonomy":"post_tag","embeddable":true,"href":"https:\/\/radioljubuski.ba\/index.php\/wp-json\/wp\/v2\/tags?post=73623"}],"curies":[{"name":"wp","href":"https:\/\/api.w.org\/{rel}","templated":true}]}}