{"id":73640,"date":"2021-10-09T22:51:07","date_gmt":"2021-10-09T21:51:07","guid":{"rendered":"https:\/\/radioljubuski.ba\/?p=73640"},"modified":"2021-10-09T22:51:08","modified_gmt":"2021-10-09T21:51:08","slug":"sad-odluke-vrhovnog-suda-mogle-bi-promijeniti-nacin-na-koji-amerika-zivi","status":"publish","type":"post","link":"https:\/\/radioljubuski.ba\/index.php\/2021\/10\/09\/sad-odluke-vrhovnog-suda-mogle-bi-promijeniti-nacin-na-koji-amerika-zivi\/","title":{"rendered":"SAD: Odluke Vrhovnog suda mogle bi promijeniti na\u010din na koji Amerika \u017eivi"},"content":{"rendered":"\n<p><strong>Nakon 18-mjese\u010dne prisilne pauze izazvane pandemijom, Vrhovni sud SAD-a vratio se u sudnicu i zapo\u010deo novo redovno zasjedanje. Glavne teme su pitanje ograni\u010denja poba\u010daja, prava na no\u0161enje oru\u017eja, pitanje odnosa religijskih \u0161kola i dr\u017eavnog financiranja, problem smrtne kazne.&nbsp;<\/strong><\/p>\n\n\n\n<p>Suci su se vratili u Vrhovni sud, no sve je i dalje u znaku pandemije.<br><br>Zgrada suda zatvorena je za javnost. Iako je svih devetoro sudaca cijepljeno, sudac Brett Kavanaugh pozitivan je na virus i u rasprave se uklju\u010duje video vezom. Akreditirani novinari moraju biti testirani i nositi maske N-95.<br><br>Zasjedanje je po\u010delo relativno bezazlenom raspravom o starom sporu dr\u017eava Mississippi i Tennessee o kori\u0161tenju podzemnih voda koje dijele.<br><br>No, u sljede\u0107ih devet mjeseci Vrhovni \u0107e sud donijeti odluke koje bi mogle promijeniti na\u010din na koji Amerika \u017eivi.<br><br>Sud \u0107e u prosincu saslu\u0161ati argumente dr\u017eave Mississippi koja tra\u017ei zabranu poba\u010daja nakon 15. tjedna trudno\u0107e. Slu\u010daj je to koji bi mogao oboriti presudu \u201eRoe protiv Wadea&#8221; koja od 1973. \u017eenama u SAD-u jam\u010di pravo na poba\u010daj.<br><br>O va\u017enosti ove teme za javnost svjedo\u010de prosvjedi odr\u017eani u stotinama ameri\u010dkih gradova uo\u010di zasjedanja Vrhovnog suda.<br><br>&#8211; Protiv te se presude bore gotovo 50 godina. Iskreno, kad se to dogodilo mislila sam: Vrhovni sud \u0107e ih opet morati odbiti. Kad se to nije dogodilo&#8230; Moramo se boriti. Sada vidite za\u0161to su izbori va\u017eni. Moramo se vratiti na ulice, kazala je prosvjednica iz Teksasa.<br><br>Poba\u010daj je tema koja duboko polarizira ameri\u010dku javnost. Prema Gallupu, za 47 posto Amerikanaca poba\u010daj je moralno prihvatljiv, za njih 46 posto moralno je pogre\u0161an. 49 posto gra\u0111ana podupire pravo na izbor, 47 posto podupire pravo na \u017eivot. 48 posto Amerikanaca \u017eeli pravna ograni\u010denja za poba\u010daj; 32 posto potpunu legalizaciju, a 19 posto potoznu zabranu poba\u010daja.<br><br>Va\u017eno pitanje pred Vrhovnim sudom je i pravo na no\u0161enje oru\u017eja. U studenom \u0107e sud saslu\u0161ati argumente dr\u017eave New York koja zabranjuje no\u0161enje oru\u017eja u javnosti. New York je u manjini, 40 saveznih dr\u017eava daje to pravo svojim gra\u0111anima.<br><br>Odluke va\u017ene za budu\u0107nost Amerike donosi sud u kojem su konzervativni suci ve\u0107ina, troje je imenovao biv\u0161i predsjednik Trump. No, suci poru\u010duju kako oni nisu politi\u010dari, ve\u0107 pravnici i kako se njihove odluke ne smiju vezivati uz predsjednike koje su ih imenovali. Sve se doga\u0111a u trenutku kada povjerenje u rad najvi\u0161eg suda u zemlji ima samo 40 posto.\u00a0<\/p>\n\n\n\n<div style=\"width: 640px;\" class=\"wp-video\"><video class=\"wp-video-shortcode\" id=\"video-73640-1\" width=\"640\" height=\"360\" preload=\"metadata\" controls=\"controls\"><source type=\"video\/mp4\" src=\"https:\/\/api.hrt.hr\/media\/f7\/75\/vrhovni-sud-20211007194218.mp4?_=1\" \/><a href=\"https:\/\/api.hrt.hr\/media\/f7\/75\/vrhovni-sud-20211007194218.mp4\">https:\/\/api.hrt.hr\/media\/f7\/75\/vrhovni-sud-20211007194218.mp4<\/a><\/video><\/div>\n\n\n\n<p>Izvor:hrt.hr<\/p>\n","protected":false},"excerpt":{"rendered":"<p>Nakon 18-mjese\u010dne prisilne pauze izazvane pandemijom, Vrhovni sud SAD-a vratio se u sudnicu i zapo\u010deo novo redovno zasjedanje. Glavne teme su pitanje ograni\u010denja poba\u010daja, prava na no\u0161enje oru\u017eja, pitanje odnosa religijskih \u0161kola i dr\u017eavnog financiranja, problem smrtne kazne.&nbsp; Suci su se vratili u Vrhovni sud, no sve je i dalje u znaku pandemije. Zgrada suda [&hellip;]<\/p>\n","protected":false},"author":2,"featured_media":73641,"comment_status":"closed","ping_status":"closed","sticky":false,"template":"","format":"standard","meta":{"h5ap_radio_sources":[],"footnotes":""},"categories":[1],"tags":[],"class_list":["post-73640","post","type-post","status-publish","format-standard","has-post-thumbnail","hentry","category-bihiregija"],"yoast_head":"<!-- This site is optimized with the Yoast SEO plugin v27.5 - https:\/\/yoast.com\/product\/yoast-seo-wordpress\/ -->\n<title>SAD: Odluke Vrhovnog suda mogle bi promijeniti na\u010din na koji Amerika \u017eivi - RADIO LJUBU\u0160KI<\/title>\n<meta name=\"robots\" content=\"index, follow, max-snippet:-1, max-image-preview:large, max-video-preview:-1\" \/>\n<link rel=\"canonical\" href=\"https:\/\/radioljubuski.ba\/index.php\/2021\/10\/09\/sad-odluke-vrhovnog-suda-mogle-bi-promijeniti-nacin-na-koji-amerika-zivi\/\" \/>\n<meta property=\"og:locale\" content=\"hr_HR\" \/>\n<meta property=\"og:type\" content=\"article\" \/>\n<meta property=\"og:title\" content=\"SAD: Odluke Vrhovnog suda mogle bi promijeniti na\u010din na koji Amerika \u017eivi - RADIO LJUBU\u0160KI\" \/>\n<meta property=\"og:description\" content=\"Nakon 18-mjese\u010dne prisilne pauze izazvane pandemijom, Vrhovni sud SAD-a vratio se u sudnicu i zapo\u010deo novo redovno zasjedanje. Glavne teme su pitanje ograni\u010denja poba\u010daja, prava na no\u0161enje oru\u017eja, pitanje odnosa religijskih \u0161kola i dr\u017eavnog financiranja, problem smrtne kazne.&nbsp; Suci su se vratili u Vrhovni sud, no sve je i dalje u znaku pandemije. Zgrada suda [&hellip;]\" \/>\n<meta property=\"og:url\" content=\"https:\/\/radioljubuski.ba\/index.php\/2021\/10\/09\/sad-odluke-vrhovnog-suda-mogle-bi-promijeniti-nacin-na-koji-amerika-zivi\/\" \/>\n<meta property=\"og:site_name\" content=\"RADIO LJUBU\u0160KI\" \/>\n<meta property=\"article:publisher\" content=\"https:\/\/www.facebook.com\/Radiio-Ljubuski-1490835324566332\" \/>\n<meta property=\"article:published_time\" content=\"2021-10-09T21:51:07+00:00\" \/>\n<meta property=\"article:modified_time\" content=\"2021-10-09T21:51:08+00:00\" \/>\n<meta property=\"og:image\" content=\"https:\/\/radioljubuski.ba\/wp-content\/uploads\/2021\/10\/preuzmi-1-16.jpg\" \/>\n\t<meta property=\"og:image:width\" content=\"280\" \/>\n\t<meta property=\"og:image:height\" content=\"180\" \/>\n\t<meta property=\"og:image:type\" content=\"image\/jpeg\" \/>\n<meta name=\"author\" content=\"Radio Ljubu\u0161ki\" \/>\n<meta name=\"twitter:card\" content=\"summary_large_image\" \/>\n<meta name=\"twitter:creator\" content=\"@radioljubuski\" \/>\n<meta name=\"twitter:site\" content=\"@radioljubuski\" \/>\n<meta name=\"twitter:label1\" content=\"Napisao\/la\" \/>\n\t<meta name=\"twitter:data1\" content=\"Radio Ljubu\u0161ki\" \/>\n\t<meta name=\"twitter:label2\" content=\"Procijenjeno vrijeme \u010ditanja\" \/>\n\t<meta name=\"twitter:data2\" content=\"2 minute\" \/>\n<script type=\"application\/ld+json\" class=\"yoast-schema-graph\">{\"@context\":\"https:\\\/\\\/schema.org\",\"@graph\":[{\"@type\":\"Article\",\"@id\":\"https:\\\/\\\/radioljubuski.ba\\\/index.php\\\/2021\\\/10\\\/09\\\/sad-odluke-vrhovnog-suda-mogle-bi-promijeniti-nacin-na-koji-amerika-zivi\\\/#article\",\"isPartOf\":{\"@id\":\"https:\\\/\\\/radioljubuski.ba\\\/index.php\\\/2021\\\/10\\\/09\\\/sad-odluke-vrhovnog-suda-mogle-bi-promijeniti-nacin-na-koji-amerika-zivi\\\/\"},\"author\":{\"name\":\"Radio Ljubu\u0161ki\",\"@id\":\"https:\\\/\\\/radioljubuski.ba\\\/#\\\/schema\\\/person\\\/19fc700381a780f69665d7956c469e3b\"},\"headline\":\"SAD: Odluke Vrhovnog suda mogle bi promijeniti na\u010din na koji Amerika \u017eivi\",\"datePublished\":\"2021-10-09T21:51:07+00:00\",\"dateModified\":\"2021-10-09T21:51:08+00:00\",\"mainEntityOfPage\":{\"@id\":\"https:\\\/\\\/radioljubuski.ba\\\/index.php\\\/2021\\\/10\\\/09\\\/sad-odluke-vrhovnog-suda-mogle-bi-promijeniti-nacin-na-koji-amerika-zivi\\\/\"},\"wordCount\":447,\"publisher\":{\"@id\":\"https:\\\/\\\/radioljubuski.ba\\\/#organization\"},\"image\":{\"@id\":\"https:\\\/\\\/radioljubuski.ba\\\/index.php\\\/2021\\\/10\\\/09\\\/sad-odluke-vrhovnog-suda-mogle-bi-promijeniti-nacin-na-koji-amerika-zivi\\\/#primaryimage\"},\"thumbnailUrl\":\"https:\\\/\\\/radioljubuski.ba\\\/wp-content\\\/uploads\\\/2021\\\/10\\\/preuzmi-1-16.jpg\",\"articleSection\":[\"BIH i regija\"],\"inLanguage\":\"hr\"},{\"@type\":\"WebPage\",\"@id\":\"https:\\\/\\\/radioljubuski.ba\\\/index.php\\\/2021\\\/10\\\/09\\\/sad-odluke-vrhovnog-suda-mogle-bi-promijeniti-nacin-na-koji-amerika-zivi\\\/\",\"url\":\"https:\\\/\\\/radioljubuski.ba\\\/index.php\\\/2021\\\/10\\\/09\\\/sad-odluke-vrhovnog-suda-mogle-bi-promijeniti-nacin-na-koji-amerika-zivi\\\/\",\"name\":\"SAD: Odluke Vrhovnog suda mogle bi promijeniti na\u010din na koji Amerika \u017eivi - RADIO LJUBU\u0160KI\",\"isPartOf\":{\"@id\":\"https:\\\/\\\/radioljubuski.ba\\\/#website\"},\"primaryImageOfPage\":{\"@id\":\"https:\\\/\\\/radioljubuski.ba\\\/index.php\\\/2021\\\/10\\\/09\\\/sad-odluke-vrhovnog-suda-mogle-bi-promijeniti-nacin-na-koji-amerika-zivi\\\/#primaryimage\"},\"image\":{\"@id\":\"https:\\\/\\\/radioljubuski.ba\\\/index.php\\\/2021\\\/10\\\/09\\\/sad-odluke-vrhovnog-suda-mogle-bi-promijeniti-nacin-na-koji-amerika-zivi\\\/#primaryimage\"},\"thumbnailUrl\":\"https:\\\/\\\/radioljubuski.ba\\\/wp-content\\\/uploads\\\/2021\\\/10\\\/preuzmi-1-16.jpg\",\"datePublished\":\"2021-10-09T21:51:07+00:00\",\"dateModified\":\"2021-10-09T21:51:08+00:00\",\"breadcrumb\":{\"@id\":\"https:\\\/\\\/radioljubuski.ba\\\/index.php\\\/2021\\\/10\\\/09\\\/sad-odluke-vrhovnog-suda-mogle-bi-promijeniti-nacin-na-koji-amerika-zivi\\\/#breadcrumb\"},\"inLanguage\":\"hr\",\"potentialAction\":[{\"@type\":\"ReadAction\",\"target\":[\"https:\\\/\\\/radioljubuski.ba\\\/index.php\\\/2021\\\/10\\\/09\\\/sad-odluke-vrhovnog-suda-mogle-bi-promijeniti-nacin-na-koji-amerika-zivi\\\/\"]}]},{\"@type\":\"ImageObject\",\"inLanguage\":\"hr\",\"@id\":\"https:\\\/\\\/radioljubuski.ba\\\/index.php\\\/2021\\\/10\\\/09\\\/sad-odluke-vrhovnog-suda-mogle-bi-promijeniti-nacin-na-koji-amerika-zivi\\\/#primaryimage\",\"url\":\"https:\\\/\\\/radioljubuski.ba\\\/wp-content\\\/uploads\\\/2021\\\/10\\\/preuzmi-1-16.jpg\",\"contentUrl\":\"https:\\\/\\\/radioljubuski.ba\\\/wp-content\\\/uploads\\\/2021\\\/10\\\/preuzmi-1-16.jpg\",\"width\":280,\"height\":180},{\"@type\":\"BreadcrumbList\",\"@id\":\"https:\\\/\\\/radioljubuski.ba\\\/index.php\\\/2021\\\/10\\\/09\\\/sad-odluke-vrhovnog-suda-mogle-bi-promijeniti-nacin-na-koji-amerika-zivi\\\/#breadcrumb\",\"itemListElement\":[{\"@type\":\"ListItem\",\"position\":1,\"name\":\"Po\u010detna stranica\",\"item\":\"https:\\\/\\\/radioljubuski.ba\\\/\"},{\"@type\":\"ListItem\",\"position\":2,\"name\":\"SAD: Odluke Vrhovnog suda mogle bi promijeniti na\u010din na koji Amerika \u017eivi\"}]},{\"@type\":\"WebSite\",\"@id\":\"https:\\\/\\\/radioljubuski.ba\\\/#website\",\"url\":\"https:\\\/\\\/radioljubuski.ba\\\/\",\"name\":\"Radio Ljubu\u0161ki\",\"description\":\"Sun\u010dana frekvencija Hercegovine\",\"publisher\":{\"@id\":\"https:\\\/\\\/radioljubuski.ba\\\/#organization\"},\"potentialAction\":[{\"@type\":\"SearchAction\",\"target\":{\"@type\":\"EntryPoint\",\"urlTemplate\":\"https:\\\/\\\/radioljubuski.ba\\\/?s={search_term_string}\"},\"query-input\":{\"@type\":\"PropertyValueSpecification\",\"valueRequired\":true,\"valueName\":\"search_term_string\"}}],\"inLanguage\":\"hr\"},{\"@type\":\"Organization\",\"@id\":\"https:\\\/\\\/radioljubuski.ba\\\/#organization\",\"name\":\"Radio Ljubu\u0161ki\",\"url\":\"https:\\\/\\\/radioljubuski.ba\\\/\",\"logo\":{\"@type\":\"ImageObject\",\"inLanguage\":\"hr\",\"@id\":\"https:\\\/\\\/radioljubuski.ba\\\/#\\\/schema\\\/logo\\\/image\\\/\",\"url\":\"https:\\\/\\\/radioljubuski.ba\\\/wp-content\\\/uploads\\\/2021\\\/02\\\/cropped-Radio_Ljubuski_logo1.jpg\",\"contentUrl\":\"https:\\\/\\\/radioljubuski.ba\\\/wp-content\\\/uploads\\\/2021\\\/02\\\/cropped-Radio_Ljubuski_logo1.jpg\",\"width\":512,\"height\":512,\"caption\":\"Radio Ljubu\u0161ki\"},\"image\":{\"@id\":\"https:\\\/\\\/radioljubuski.ba\\\/#\\\/schema\\\/logo\\\/image\\\/\"},\"sameAs\":[\"https:\\\/\\\/www.facebook.com\\\/Radiio-Ljubuski-1490835324566332\",\"https:\\\/\\\/x.com\\\/radioljubuski\",\"https:\\\/\\\/hr.linkedin.com\\\/company\\\/radio-ljubuski\",\"https:\\\/\\\/www.youtube.com\\\/channel\\\/UCHYaeO_n0Db3tjNGudGpXyw\"]},{\"@type\":\"Person\",\"@id\":\"https:\\\/\\\/radioljubuski.ba\\\/#\\\/schema\\\/person\\\/19fc700381a780f69665d7956c469e3b\",\"name\":\"Radio Ljubu\u0161ki\"}]}<\/script>\n<!-- \/ Yoast SEO plugin. -->","yoast_head_json":{"title":"SAD: Odluke Vrhovnog suda mogle bi promijeniti na\u010din na koji Amerika \u017eivi - RADIO LJUBU\u0160KI","robots":{"index":"index","follow":"follow","max-snippet":"max-snippet:-1","max-image-preview":"max-image-preview:large","max-video-preview":"max-video-preview:-1"},"canonical":"https:\/\/radioljubuski.ba\/index.php\/2021\/10\/09\/sad-odluke-vrhovnog-suda-mogle-bi-promijeniti-nacin-na-koji-amerika-zivi\/","og_locale":"hr_HR","og_type":"article","og_title":"SAD: Odluke Vrhovnog suda mogle bi promijeniti na\u010din na koji Amerika \u017eivi - RADIO LJUBU\u0160KI","og_description":"Nakon 18-mjese\u010dne prisilne pauze izazvane pandemijom, Vrhovni sud SAD-a vratio se u sudnicu i zapo\u010deo novo redovno zasjedanje. Glavne teme su pitanje ograni\u010denja poba\u010daja, prava na no\u0161enje oru\u017eja, pitanje odnosa religijskih \u0161kola i dr\u017eavnog financiranja, problem smrtne kazne.&nbsp; Suci su se vratili u Vrhovni sud, no sve je i dalje u znaku pandemije. Zgrada suda [&hellip;]","og_url":"https:\/\/radioljubuski.ba\/index.php\/2021\/10\/09\/sad-odluke-vrhovnog-suda-mogle-bi-promijeniti-nacin-na-koji-amerika-zivi\/","og_site_name":"RADIO LJUBU\u0160KI","article_publisher":"https:\/\/www.facebook.com\/Radiio-Ljubuski-1490835324566332","article_published_time":"2021-10-09T21:51:07+00:00","article_modified_time":"2021-10-09T21:51:08+00:00","og_image":[{"width":280,"height":180,"url":"https:\/\/radioljubuski.ba\/wp-content\/uploads\/2021\/10\/preuzmi-1-16.jpg","type":"image\/jpeg"}],"author":"Radio Ljubu\u0161ki","twitter_card":"summary_large_image","twitter_creator":"@radioljubuski","twitter_site":"@radioljubuski","twitter_misc":{"Napisao\/la":"Radio Ljubu\u0161ki","Procijenjeno vrijeme \u010ditanja":"2 minute"},"schema":{"@context":"https:\/\/schema.org","@graph":[{"@type":"Article","@id":"https:\/\/radioljubuski.ba\/index.php\/2021\/10\/09\/sad-odluke-vrhovnog-suda-mogle-bi-promijeniti-nacin-na-koji-amerika-zivi\/#article","isPartOf":{"@id":"https:\/\/radioljubuski.ba\/index.php\/2021\/10\/09\/sad-odluke-vrhovnog-suda-mogle-bi-promijeniti-nacin-na-koji-amerika-zivi\/"},"author":{"name":"Radio Ljubu\u0161ki","@id":"https:\/\/radioljubuski.ba\/#\/schema\/person\/19fc700381a780f69665d7956c469e3b"},"headline":"SAD: Odluke Vrhovnog suda mogle bi promijeniti na\u010din na koji Amerika \u017eivi","datePublished":"2021-10-09T21:51:07+00:00","dateModified":"2021-10-09T21:51:08+00:00","mainEntityOfPage":{"@id":"https:\/\/radioljubuski.ba\/index.php\/2021\/10\/09\/sad-odluke-vrhovnog-suda-mogle-bi-promijeniti-nacin-na-koji-amerika-zivi\/"},"wordCount":447,"publisher":{"@id":"https:\/\/radioljubuski.ba\/#organization"},"image":{"@id":"https:\/\/radioljubuski.ba\/index.php\/2021\/10\/09\/sad-odluke-vrhovnog-suda-mogle-bi-promijeniti-nacin-na-koji-amerika-zivi\/#primaryimage"},"thumbnailUrl":"https:\/\/radioljubuski.ba\/wp-content\/uploads\/2021\/10\/preuzmi-1-16.jpg","articleSection":["BIH i regija"],"inLanguage":"hr"},{"@type":"WebPage","@id":"https:\/\/radioljubuski.ba\/index.php\/2021\/10\/09\/sad-odluke-vrhovnog-suda-mogle-bi-promijeniti-nacin-na-koji-amerika-zivi\/","url":"https:\/\/radioljubuski.ba\/index.php\/2021\/10\/09\/sad-odluke-vrhovnog-suda-mogle-bi-promijeniti-nacin-na-koji-amerika-zivi\/","name":"SAD: Odluke Vrhovnog suda mogle bi promijeniti na\u010din na koji Amerika \u017eivi - RADIO LJUBU\u0160KI","isPartOf":{"@id":"https:\/\/radioljubuski.ba\/#website"},"primaryImageOfPage":{"@id":"https:\/\/radioljubuski.ba\/index.php\/2021\/10\/09\/sad-odluke-vrhovnog-suda-mogle-bi-promijeniti-nacin-na-koji-amerika-zivi\/#primaryimage"},"image":{"@id":"https:\/\/radioljubuski.ba\/index.php\/2021\/10\/09\/sad-odluke-vrhovnog-suda-mogle-bi-promijeniti-nacin-na-koji-amerika-zivi\/#primaryimage"},"thumbnailUrl":"https:\/\/radioljubuski.ba\/wp-content\/uploads\/2021\/10\/preuzmi-1-16.jpg","datePublished":"2021-10-09T21:51:07+00:00","dateModified":"2021-10-09T21:51:08+00:00","breadcrumb":{"@id":"https:\/\/radioljubuski.ba\/index.php\/2021\/10\/09\/sad-odluke-vrhovnog-suda-mogle-bi-promijeniti-nacin-na-koji-amerika-zivi\/#breadcrumb"},"inLanguage":"hr","potentialAction":[{"@type":"ReadAction","target":["https:\/\/radioljubuski.ba\/index.php\/2021\/10\/09\/sad-odluke-vrhovnog-suda-mogle-bi-promijeniti-nacin-na-koji-amerika-zivi\/"]}]},{"@type":"ImageObject","inLanguage":"hr","@id":"https:\/\/radioljubuski.ba\/index.php\/2021\/10\/09\/sad-odluke-vrhovnog-suda-mogle-bi-promijeniti-nacin-na-koji-amerika-zivi\/#primaryimage","url":"https:\/\/radioljubuski.ba\/wp-content\/uploads\/2021\/10\/preuzmi-1-16.jpg","contentUrl":"https:\/\/radioljubuski.ba\/wp-content\/uploads\/2021\/10\/preuzmi-1-16.jpg","width":280,"height":180},{"@type":"BreadcrumbList","@id":"https:\/\/radioljubuski.ba\/index.php\/2021\/10\/09\/sad-odluke-vrhovnog-suda-mogle-bi-promijeniti-nacin-na-koji-amerika-zivi\/#breadcrumb","itemListElement":[{"@type":"ListItem","position":1,"name":"Po\u010detna stranica","item":"https:\/\/radioljubuski.ba\/"},{"@type":"ListItem","position":2,"name":"SAD: Odluke Vrhovnog suda mogle bi promijeniti na\u010din na koji Amerika \u017eivi"}]},{"@type":"WebSite","@id":"https:\/\/radioljubuski.ba\/#website","url":"https:\/\/radioljubuski.ba\/","name":"Radio Ljubu\u0161ki","description":"Sun\u010dana frekvencija Hercegovine","publisher":{"@id":"https:\/\/radioljubuski.ba\/#organization"},"potentialAction":[{"@type":"SearchAction","target":{"@type":"EntryPoint","urlTemplate":"https:\/\/radioljubuski.ba\/?s={search_term_string}"},"query-input":{"@type":"PropertyValueSpecification","valueRequired":true,"valueName":"search_term_string"}}],"inLanguage":"hr"},{"@type":"Organization","@id":"https:\/\/radioljubuski.ba\/#organization","name":"Radio Ljubu\u0161ki","url":"https:\/\/radioljubuski.ba\/","logo":{"@type":"ImageObject","inLanguage":"hr","@id":"https:\/\/radioljubuski.ba\/#\/schema\/logo\/image\/","url":"https:\/\/radioljubuski.ba\/wp-content\/uploads\/2021\/02\/cropped-Radio_Ljubuski_logo1.jpg","contentUrl":"https:\/\/radioljubuski.ba\/wp-content\/uploads\/2021\/02\/cropped-Radio_Ljubuski_logo1.jpg","width":512,"height":512,"caption":"Radio Ljubu\u0161ki"},"image":{"@id":"https:\/\/radioljubuski.ba\/#\/schema\/logo\/image\/"},"sameAs":["https:\/\/www.facebook.com\/Radiio-Ljubuski-1490835324566332","https:\/\/x.com\/radioljubuski","https:\/\/hr.linkedin.com\/company\/radio-ljubuski","https:\/\/www.youtube.com\/channel\/UCHYaeO_n0Db3tjNGudGpXyw"]},{"@type":"Person","@id":"https:\/\/radioljubuski.ba\/#\/schema\/person\/19fc700381a780f69665d7956c469e3b","name":"Radio Ljubu\u0161ki"}]}},"_links":{"self":[{"href":"https:\/\/radioljubuski.ba\/index.php\/wp-json\/wp\/v2\/posts\/73640","targetHints":{"allow":["GET"]}}],"collection":[{"href":"https:\/\/radioljubuski.ba\/index.php\/wp-json\/wp\/v2\/posts"}],"about":[{"href":"https:\/\/radioljubuski.ba\/index.php\/wp-json\/wp\/v2\/types\/post"}],"author":[{"embeddable":true,"href":"https:\/\/radioljubuski.ba\/index.php\/wp-json\/wp\/v2\/users\/2"}],"replies":[{"embeddable":true,"href":"https:\/\/radioljubuski.ba\/index.php\/wp-json\/wp\/v2\/comments?post=73640"}],"version-history":[{"count":1,"href":"https:\/\/radioljubuski.ba\/index.php\/wp-json\/wp\/v2\/posts\/73640\/revisions"}],"predecessor-version":[{"id":73642,"href":"https:\/\/radioljubuski.ba\/index.php\/wp-json\/wp\/v2\/posts\/73640\/revisions\/73642"}],"wp:featuredmedia":[{"embeddable":true,"href":"https:\/\/radioljubuski.ba\/index.php\/wp-json\/wp\/v2\/media\/73641"}],"wp:attachment":[{"href":"https:\/\/radioljubuski.ba\/index.php\/wp-json\/wp\/v2\/media?parent=73640"}],"wp:term":[{"taxonomy":"category","embeddable":true,"href":"https:\/\/radioljubuski.ba\/index.php\/wp-json\/wp\/v2\/categories?post=73640"},{"taxonomy":"post_tag","embeddable":true,"href":"https:\/\/radioljubuski.ba\/index.php\/wp-json\/wp\/v2\/tags?post=73640"}],"curies":[{"name":"wp","href":"https:\/\/api.w.org\/{rel}","templated":true}]}}