{"id":73658,"date":"2021-10-09T23:00:21","date_gmt":"2021-10-09T22:00:21","guid":{"rendered":"https:\/\/radioljubuski.ba\/?p=73658"},"modified":"2021-10-09T23:00:22","modified_gmt":"2021-10-09T22:00:22","slug":"sef-njemackog-csu-a-kritizirao-los-izborni-rezultat-bloka-desnog-centra","status":"publish","type":"post","link":"https:\/\/radioljubuski.ba\/index.php\/2021\/10\/09\/sef-njemackog-csu-a-kritizirao-los-izborni-rezultat-bloka-desnog-centra\/","title":{"rendered":"\u0160ef njema\u010dkog CSU-a kritizirao lo\u0161 izborni rezultat bloka desnog centra"},"content":{"rendered":"\n<p><strong>Lider njema\u010dke konzervativne Kr\u0161\u0107ansko-socijalne unije (CSU) koja s demokr\u0161\u0107anima (CDU) \u010dini glavni njema\u010dki politi\u010dki blok desnog centra, progovorio je u subotu o lo\u0161im rezultatima izbora pro\u0161li mjesec.<\/strong><\/p>\n\n\n\n<p><strong>Markus Soeder<\/strong>&nbsp;pripisao je lo\u0161 rezultat CDU-a i CSU-a nepopularnom kandidatu za kancelara&nbsp;<strong>Arminu Laschetu<\/strong>&nbsp;i slaboj strategiji kampanje.&nbsp;<\/p>\n\n\n\n<p>&#8211; Toliko je jednostavno: na kraju, Nijemci su htjeli druk\u010dijeg kandidata za kancelara od onog kojeg su predlo\u017eili CDU i CSU, rekao je Soeder na regionalnom susretu mlade\u017ei svoje stranke u subotu u bavarskom Deggendorfu.<\/p>\n\n\n\n<p>CSU se nadao sadr\u017eajnim novim politi\u010dkim planovima, me\u0111u kojima smanjenje poreza srednjoj klasi, osniva\u010dima tvrtki i onima koji puno zara\u0111uju, \u0161to naposljetku nije u\u0161lo u strana\u010dki manifest.<\/p>\n\n\n\n<p>&#8211; Re\u0107i samo da se ni\u0161ta ne\u0107e promijeniti nije ba\u0161 motiviraju\u0107e ili stimuliraju\u0107e, dodao je.&nbsp;<\/p>\n\n\n\n<p>Bez spominjanja CDU-a imenom, Soeder je pozvao sestrinsku stranku CSU-a da ne \u010dini ustupke FDP-u i Zelenima samo kako bi ostala u vladi.&nbsp;<\/p>\n\n\n\n<p>Upozorio je protiv sjedenja &#8220;na ku\u0107nom pragu&#8221; vlasti i \u010dekanja u slu\u010daju da pregovori izme\u0111u tri stranke nikamo ne odvedu.&nbsp;<\/p>\n\n\n\n<p>\u010celnici Socijaldemokratske stranke Njema\u010dke (SPD), stranke Zeleni i Liberalno-demokratske stranke (FDP) zapo\u010deli su u \u010detvrtak razgovore o formiranju koalicijske vlade na \u010delu sa socijaldemokratskim kancelarskim kandidatom<strong>&nbsp;Olafom Scholzom<\/strong>.<\/p>\n\n\n\n<p>Unija CDU\/CSU, na \u010delu s odlaze\u0107im \u0161efom CDU-a Arminom Laschetom, unato\u010d te\u0161kim izbornim gubicima misli da mo\u017ee sastaviti vladu sa Zelenima i liberalima.<\/p>\n\n\n\n<p>&#8211; Mi nismo samo stalni zamjenski kandidat, rekao je Soeder.&nbsp;<\/p>\n\n\n\n<p>Soeder je izborni poraz nazvao prijelomnim trenutkom za CDU i CSU.&nbsp;<\/p>\n\n\n\n<p>&#8211; Unija je posvuda izgubila, \u0161iroko i duboko&#8230; Sada smo tek na \u010detvrtom mjestu me\u0111u mladim glasa\u010dima.<\/p>\n\n\n\n<p>Izvor:hrt.hr<\/p>\n","protected":false},"excerpt":{"rendered":"<p>Lider njema\u010dke konzervativne Kr\u0161\u0107ansko-socijalne unije (CSU) koja s demokr\u0161\u0107anima (CDU) \u010dini glavni njema\u010dki politi\u010dki blok desnog centra, progovorio je u subotu o lo\u0161im rezultatima izbora pro\u0161li mjesec. Markus Soeder&nbsp;pripisao je lo\u0161 rezultat CDU-a i CSU-a nepopularnom kandidatu za kancelara&nbsp;Arminu Laschetu&nbsp;i slaboj strategiji kampanje.&nbsp; &#8211; Toliko je jednostavno: na kraju, Nijemci su htjeli druk\u010dijeg kandidata za [&hellip;]<\/p>\n","protected":false},"author":2,"featured_media":73659,"comment_status":"closed","ping_status":"closed","sticky":false,"template":"","format":"standard","meta":{"h5ap_radio_sources":[],"footnotes":""},"categories":[1],"tags":[],"class_list":["post-73658","post","type-post","status-publish","format-standard","has-post-thumbnail","hentry","category-bihiregija"],"yoast_head":"<!-- This site is optimized with the Yoast SEO plugin v27.5 - https:\/\/yoast.com\/product\/yoast-seo-wordpress\/ -->\n<title>\u0160ef njema\u010dkog CSU-a kritizirao lo\u0161 izborni rezultat bloka desnog centra - RADIO LJUBU\u0160KI<\/title>\n<meta name=\"robots\" content=\"index, follow, max-snippet:-1, max-image-preview:large, max-video-preview:-1\" \/>\n<link rel=\"canonical\" href=\"https:\/\/radioljubuski.ba\/index.php\/2021\/10\/09\/sef-njemackog-csu-a-kritizirao-los-izborni-rezultat-bloka-desnog-centra\/\" \/>\n<meta property=\"og:locale\" content=\"hr_HR\" \/>\n<meta property=\"og:type\" content=\"article\" \/>\n<meta property=\"og:title\" content=\"\u0160ef njema\u010dkog CSU-a kritizirao lo\u0161 izborni rezultat bloka desnog centra - RADIO LJUBU\u0160KI\" \/>\n<meta property=\"og:description\" content=\"Lider njema\u010dke konzervativne Kr\u0161\u0107ansko-socijalne unije (CSU) koja s demokr\u0161\u0107anima (CDU) \u010dini glavni njema\u010dki politi\u010dki blok desnog centra, progovorio je u subotu o lo\u0161im rezultatima izbora pro\u0161li mjesec. Markus Soeder&nbsp;pripisao je lo\u0161 rezultat CDU-a i CSU-a nepopularnom kandidatu za kancelara&nbsp;Arminu Laschetu&nbsp;i slaboj strategiji kampanje.&nbsp; &#8211; Toliko je jednostavno: na kraju, Nijemci su htjeli druk\u010dijeg kandidata za [&hellip;]\" \/>\n<meta property=\"og:url\" content=\"https:\/\/radioljubuski.ba\/index.php\/2021\/10\/09\/sef-njemackog-csu-a-kritizirao-los-izborni-rezultat-bloka-desnog-centra\/\" \/>\n<meta property=\"og:site_name\" content=\"RADIO LJUBU\u0160KI\" \/>\n<meta property=\"article:publisher\" content=\"https:\/\/www.facebook.com\/Radiio-Ljubuski-1490835324566332\" \/>\n<meta property=\"article:published_time\" content=\"2021-10-09T22:00:21+00:00\" \/>\n<meta property=\"article:modified_time\" content=\"2021-10-09T22:00:22+00:00\" \/>\n<meta property=\"og:image\" content=\"https:\/\/radioljubuski.ba\/wp-content\/uploads\/2021\/10\/2021-10-01t170045z-884078330-rc251q9i2t40-rtrmadp-3-germany-politics-20211009145006.jpg\" \/>\n\t<meta property=\"og:image:width\" content=\"1200\" \/>\n\t<meta property=\"og:image:height\" content=\"799\" \/>\n\t<meta property=\"og:image:type\" content=\"image\/jpeg\" \/>\n<meta name=\"author\" content=\"Radio Ljubu\u0161ki\" \/>\n<meta name=\"twitter:card\" content=\"summary_large_image\" \/>\n<meta name=\"twitter:creator\" content=\"@radioljubuski\" \/>\n<meta name=\"twitter:site\" content=\"@radioljubuski\" \/>\n<meta name=\"twitter:label1\" content=\"Napisao\/la\" \/>\n\t<meta name=\"twitter:data1\" content=\"Radio Ljubu\u0161ki\" \/>\n\t<meta name=\"twitter:label2\" content=\"Procijenjeno vrijeme \u010ditanja\" \/>\n\t<meta name=\"twitter:data2\" content=\"2 minute\" \/>\n<script type=\"application\/ld+json\" class=\"yoast-schema-graph\">{\"@context\":\"https:\\\/\\\/schema.org\",\"@graph\":[{\"@type\":\"Article\",\"@id\":\"https:\\\/\\\/radioljubuski.ba\\\/index.php\\\/2021\\\/10\\\/09\\\/sef-njemackog-csu-a-kritizirao-los-izborni-rezultat-bloka-desnog-centra\\\/#article\",\"isPartOf\":{\"@id\":\"https:\\\/\\\/radioljubuski.ba\\\/index.php\\\/2021\\\/10\\\/09\\\/sef-njemackog-csu-a-kritizirao-los-izborni-rezultat-bloka-desnog-centra\\\/\"},\"author\":{\"name\":\"Radio Ljubu\u0161ki\",\"@id\":\"https:\\\/\\\/radioljubuski.ba\\\/#\\\/schema\\\/person\\\/19fc700381a780f69665d7956c469e3b\"},\"headline\":\"\u0160ef njema\u010dkog CSU-a kritizirao lo\u0161 izborni rezultat bloka desnog centra\",\"datePublished\":\"2021-10-09T22:00:21+00:00\",\"dateModified\":\"2021-10-09T22:00:22+00:00\",\"mainEntityOfPage\":{\"@id\":\"https:\\\/\\\/radioljubuski.ba\\\/index.php\\\/2021\\\/10\\\/09\\\/sef-njemackog-csu-a-kritizirao-los-izborni-rezultat-bloka-desnog-centra\\\/\"},\"wordCount\":312,\"publisher\":{\"@id\":\"https:\\\/\\\/radioljubuski.ba\\\/#organization\"},\"image\":{\"@id\":\"https:\\\/\\\/radioljubuski.ba\\\/index.php\\\/2021\\\/10\\\/09\\\/sef-njemackog-csu-a-kritizirao-los-izborni-rezultat-bloka-desnog-centra\\\/#primaryimage\"},\"thumbnailUrl\":\"https:\\\/\\\/radioljubuski.ba\\\/wp-content\\\/uploads\\\/2021\\\/10\\\/2021-10-01t170045z-884078330-rc251q9i2t40-rtrmadp-3-germany-politics-20211009145006.jpg\",\"articleSection\":[\"BIH i regija\"],\"inLanguage\":\"hr\"},{\"@type\":\"WebPage\",\"@id\":\"https:\\\/\\\/radioljubuski.ba\\\/index.php\\\/2021\\\/10\\\/09\\\/sef-njemackog-csu-a-kritizirao-los-izborni-rezultat-bloka-desnog-centra\\\/\",\"url\":\"https:\\\/\\\/radioljubuski.ba\\\/index.php\\\/2021\\\/10\\\/09\\\/sef-njemackog-csu-a-kritizirao-los-izborni-rezultat-bloka-desnog-centra\\\/\",\"name\":\"\u0160ef njema\u010dkog CSU-a kritizirao lo\u0161 izborni rezultat bloka desnog centra - RADIO LJUBU\u0160KI\",\"isPartOf\":{\"@id\":\"https:\\\/\\\/radioljubuski.ba\\\/#website\"},\"primaryImageOfPage\":{\"@id\":\"https:\\\/\\\/radioljubuski.ba\\\/index.php\\\/2021\\\/10\\\/09\\\/sef-njemackog-csu-a-kritizirao-los-izborni-rezultat-bloka-desnog-centra\\\/#primaryimage\"},\"image\":{\"@id\":\"https:\\\/\\\/radioljubuski.ba\\\/index.php\\\/2021\\\/10\\\/09\\\/sef-njemackog-csu-a-kritizirao-los-izborni-rezultat-bloka-desnog-centra\\\/#primaryimage\"},\"thumbnailUrl\":\"https:\\\/\\\/radioljubuski.ba\\\/wp-content\\\/uploads\\\/2021\\\/10\\\/2021-10-01t170045z-884078330-rc251q9i2t40-rtrmadp-3-germany-politics-20211009145006.jpg\",\"datePublished\":\"2021-10-09T22:00:21+00:00\",\"dateModified\":\"2021-10-09T22:00:22+00:00\",\"breadcrumb\":{\"@id\":\"https:\\\/\\\/radioljubuski.ba\\\/index.php\\\/2021\\\/10\\\/09\\\/sef-njemackog-csu-a-kritizirao-los-izborni-rezultat-bloka-desnog-centra\\\/#breadcrumb\"},\"inLanguage\":\"hr\",\"potentialAction\":[{\"@type\":\"ReadAction\",\"target\":[\"https:\\\/\\\/radioljubuski.ba\\\/index.php\\\/2021\\\/10\\\/09\\\/sef-njemackog-csu-a-kritizirao-los-izborni-rezultat-bloka-desnog-centra\\\/\"]}]},{\"@type\":\"ImageObject\",\"inLanguage\":\"hr\",\"@id\":\"https:\\\/\\\/radioljubuski.ba\\\/index.php\\\/2021\\\/10\\\/09\\\/sef-njemackog-csu-a-kritizirao-los-izborni-rezultat-bloka-desnog-centra\\\/#primaryimage\",\"url\":\"https:\\\/\\\/radioljubuski.ba\\\/wp-content\\\/uploads\\\/2021\\\/10\\\/2021-10-01t170045z-884078330-rc251q9i2t40-rtrmadp-3-germany-politics-20211009145006.jpg\",\"contentUrl\":\"https:\\\/\\\/radioljubuski.ba\\\/wp-content\\\/uploads\\\/2021\\\/10\\\/2021-10-01t170045z-884078330-rc251q9i2t40-rtrmadp-3-germany-politics-20211009145006.jpg\",\"width\":1200,\"height\":799},{\"@type\":\"BreadcrumbList\",\"@id\":\"https:\\\/\\\/radioljubuski.ba\\\/index.php\\\/2021\\\/10\\\/09\\\/sef-njemackog-csu-a-kritizirao-los-izborni-rezultat-bloka-desnog-centra\\\/#breadcrumb\",\"itemListElement\":[{\"@type\":\"ListItem\",\"position\":1,\"name\":\"Po\u010detna stranica\",\"item\":\"https:\\\/\\\/radioljubuski.ba\\\/\"},{\"@type\":\"ListItem\",\"position\":2,\"name\":\"\u0160ef njema\u010dkog CSU-a kritizirao lo\u0161 izborni rezultat bloka desnog centra\"}]},{\"@type\":\"WebSite\",\"@id\":\"https:\\\/\\\/radioljubuski.ba\\\/#website\",\"url\":\"https:\\\/\\\/radioljubuski.ba\\\/\",\"name\":\"Radio Ljubu\u0161ki\",\"description\":\"Sun\u010dana frekvencija Hercegovine\",\"publisher\":{\"@id\":\"https:\\\/\\\/radioljubuski.ba\\\/#organization\"},\"potentialAction\":[{\"@type\":\"SearchAction\",\"target\":{\"@type\":\"EntryPoint\",\"urlTemplate\":\"https:\\\/\\\/radioljubuski.ba\\\/?s={search_term_string}\"},\"query-input\":{\"@type\":\"PropertyValueSpecification\",\"valueRequired\":true,\"valueName\":\"search_term_string\"}}],\"inLanguage\":\"hr\"},{\"@type\":\"Organization\",\"@id\":\"https:\\\/\\\/radioljubuski.ba\\\/#organization\",\"name\":\"Radio Ljubu\u0161ki\",\"url\":\"https:\\\/\\\/radioljubuski.ba\\\/\",\"logo\":{\"@type\":\"ImageObject\",\"inLanguage\":\"hr\",\"@id\":\"https:\\\/\\\/radioljubuski.ba\\\/#\\\/schema\\\/logo\\\/image\\\/\",\"url\":\"https:\\\/\\\/radioljubuski.ba\\\/wp-content\\\/uploads\\\/2021\\\/02\\\/cropped-Radio_Ljubuski_logo1.jpg\",\"contentUrl\":\"https:\\\/\\\/radioljubuski.ba\\\/wp-content\\\/uploads\\\/2021\\\/02\\\/cropped-Radio_Ljubuski_logo1.jpg\",\"width\":512,\"height\":512,\"caption\":\"Radio Ljubu\u0161ki\"},\"image\":{\"@id\":\"https:\\\/\\\/radioljubuski.ba\\\/#\\\/schema\\\/logo\\\/image\\\/\"},\"sameAs\":[\"https:\\\/\\\/www.facebook.com\\\/Radiio-Ljubuski-1490835324566332\",\"https:\\\/\\\/x.com\\\/radioljubuski\",\"https:\\\/\\\/hr.linkedin.com\\\/company\\\/radio-ljubuski\",\"https:\\\/\\\/www.youtube.com\\\/channel\\\/UCHYaeO_n0Db3tjNGudGpXyw\"]},{\"@type\":\"Person\",\"@id\":\"https:\\\/\\\/radioljubuski.ba\\\/#\\\/schema\\\/person\\\/19fc700381a780f69665d7956c469e3b\",\"name\":\"Radio Ljubu\u0161ki\"}]}<\/script>\n<!-- \/ Yoast SEO plugin. -->","yoast_head_json":{"title":"\u0160ef njema\u010dkog CSU-a kritizirao lo\u0161 izborni rezultat bloka desnog centra - RADIO LJUBU\u0160KI","robots":{"index":"index","follow":"follow","max-snippet":"max-snippet:-1","max-image-preview":"max-image-preview:large","max-video-preview":"max-video-preview:-1"},"canonical":"https:\/\/radioljubuski.ba\/index.php\/2021\/10\/09\/sef-njemackog-csu-a-kritizirao-los-izborni-rezultat-bloka-desnog-centra\/","og_locale":"hr_HR","og_type":"article","og_title":"\u0160ef njema\u010dkog CSU-a kritizirao lo\u0161 izborni rezultat bloka desnog centra - RADIO LJUBU\u0160KI","og_description":"Lider njema\u010dke konzervativne Kr\u0161\u0107ansko-socijalne unije (CSU) koja s demokr\u0161\u0107anima (CDU) \u010dini glavni njema\u010dki politi\u010dki blok desnog centra, progovorio je u subotu o lo\u0161im rezultatima izbora pro\u0161li mjesec. Markus Soeder&nbsp;pripisao je lo\u0161 rezultat CDU-a i CSU-a nepopularnom kandidatu za kancelara&nbsp;Arminu Laschetu&nbsp;i slaboj strategiji kampanje.&nbsp; &#8211; Toliko je jednostavno: na kraju, Nijemci su htjeli druk\u010dijeg kandidata za [&hellip;]","og_url":"https:\/\/radioljubuski.ba\/index.php\/2021\/10\/09\/sef-njemackog-csu-a-kritizirao-los-izborni-rezultat-bloka-desnog-centra\/","og_site_name":"RADIO LJUBU\u0160KI","article_publisher":"https:\/\/www.facebook.com\/Radiio-Ljubuski-1490835324566332","article_published_time":"2021-10-09T22:00:21+00:00","article_modified_time":"2021-10-09T22:00:22+00:00","og_image":[{"width":1200,"height":799,"url":"https:\/\/radioljubuski.ba\/wp-content\/uploads\/2021\/10\/2021-10-01t170045z-884078330-rc251q9i2t40-rtrmadp-3-germany-politics-20211009145006.jpg","type":"image\/jpeg"}],"author":"Radio Ljubu\u0161ki","twitter_card":"summary_large_image","twitter_creator":"@radioljubuski","twitter_site":"@radioljubuski","twitter_misc":{"Napisao\/la":"Radio Ljubu\u0161ki","Procijenjeno vrijeme \u010ditanja":"2 minute"},"schema":{"@context":"https:\/\/schema.org","@graph":[{"@type":"Article","@id":"https:\/\/radioljubuski.ba\/index.php\/2021\/10\/09\/sef-njemackog-csu-a-kritizirao-los-izborni-rezultat-bloka-desnog-centra\/#article","isPartOf":{"@id":"https:\/\/radioljubuski.ba\/index.php\/2021\/10\/09\/sef-njemackog-csu-a-kritizirao-los-izborni-rezultat-bloka-desnog-centra\/"},"author":{"name":"Radio Ljubu\u0161ki","@id":"https:\/\/radioljubuski.ba\/#\/schema\/person\/19fc700381a780f69665d7956c469e3b"},"headline":"\u0160ef njema\u010dkog CSU-a kritizirao lo\u0161 izborni rezultat bloka desnog centra","datePublished":"2021-10-09T22:00:21+00:00","dateModified":"2021-10-09T22:00:22+00:00","mainEntityOfPage":{"@id":"https:\/\/radioljubuski.ba\/index.php\/2021\/10\/09\/sef-njemackog-csu-a-kritizirao-los-izborni-rezultat-bloka-desnog-centra\/"},"wordCount":312,"publisher":{"@id":"https:\/\/radioljubuski.ba\/#organization"},"image":{"@id":"https:\/\/radioljubuski.ba\/index.php\/2021\/10\/09\/sef-njemackog-csu-a-kritizirao-los-izborni-rezultat-bloka-desnog-centra\/#primaryimage"},"thumbnailUrl":"https:\/\/radioljubuski.ba\/wp-content\/uploads\/2021\/10\/2021-10-01t170045z-884078330-rc251q9i2t40-rtrmadp-3-germany-politics-20211009145006.jpg","articleSection":["BIH i regija"],"inLanguage":"hr"},{"@type":"WebPage","@id":"https:\/\/radioljubuski.ba\/index.php\/2021\/10\/09\/sef-njemackog-csu-a-kritizirao-los-izborni-rezultat-bloka-desnog-centra\/","url":"https:\/\/radioljubuski.ba\/index.php\/2021\/10\/09\/sef-njemackog-csu-a-kritizirao-los-izborni-rezultat-bloka-desnog-centra\/","name":"\u0160ef njema\u010dkog CSU-a kritizirao lo\u0161 izborni rezultat bloka desnog centra - RADIO LJUBU\u0160KI","isPartOf":{"@id":"https:\/\/radioljubuski.ba\/#website"},"primaryImageOfPage":{"@id":"https:\/\/radioljubuski.ba\/index.php\/2021\/10\/09\/sef-njemackog-csu-a-kritizirao-los-izborni-rezultat-bloka-desnog-centra\/#primaryimage"},"image":{"@id":"https:\/\/radioljubuski.ba\/index.php\/2021\/10\/09\/sef-njemackog-csu-a-kritizirao-los-izborni-rezultat-bloka-desnog-centra\/#primaryimage"},"thumbnailUrl":"https:\/\/radioljubuski.ba\/wp-content\/uploads\/2021\/10\/2021-10-01t170045z-884078330-rc251q9i2t40-rtrmadp-3-germany-politics-20211009145006.jpg","datePublished":"2021-10-09T22:00:21+00:00","dateModified":"2021-10-09T22:00:22+00:00","breadcrumb":{"@id":"https:\/\/radioljubuski.ba\/index.php\/2021\/10\/09\/sef-njemackog-csu-a-kritizirao-los-izborni-rezultat-bloka-desnog-centra\/#breadcrumb"},"inLanguage":"hr","potentialAction":[{"@type":"ReadAction","target":["https:\/\/radioljubuski.ba\/index.php\/2021\/10\/09\/sef-njemackog-csu-a-kritizirao-los-izborni-rezultat-bloka-desnog-centra\/"]}]},{"@type":"ImageObject","inLanguage":"hr","@id":"https:\/\/radioljubuski.ba\/index.php\/2021\/10\/09\/sef-njemackog-csu-a-kritizirao-los-izborni-rezultat-bloka-desnog-centra\/#primaryimage","url":"https:\/\/radioljubuski.ba\/wp-content\/uploads\/2021\/10\/2021-10-01t170045z-884078330-rc251q9i2t40-rtrmadp-3-germany-politics-20211009145006.jpg","contentUrl":"https:\/\/radioljubuski.ba\/wp-content\/uploads\/2021\/10\/2021-10-01t170045z-884078330-rc251q9i2t40-rtrmadp-3-germany-politics-20211009145006.jpg","width":1200,"height":799},{"@type":"BreadcrumbList","@id":"https:\/\/radioljubuski.ba\/index.php\/2021\/10\/09\/sef-njemackog-csu-a-kritizirao-los-izborni-rezultat-bloka-desnog-centra\/#breadcrumb","itemListElement":[{"@type":"ListItem","position":1,"name":"Po\u010detna stranica","item":"https:\/\/radioljubuski.ba\/"},{"@type":"ListItem","position":2,"name":"\u0160ef njema\u010dkog CSU-a kritizirao lo\u0161 izborni rezultat bloka desnog centra"}]},{"@type":"WebSite","@id":"https:\/\/radioljubuski.ba\/#website","url":"https:\/\/radioljubuski.ba\/","name":"Radio Ljubu\u0161ki","description":"Sun\u010dana frekvencija Hercegovine","publisher":{"@id":"https:\/\/radioljubuski.ba\/#organization"},"potentialAction":[{"@type":"SearchAction","target":{"@type":"EntryPoint","urlTemplate":"https:\/\/radioljubuski.ba\/?s={search_term_string}"},"query-input":{"@type":"PropertyValueSpecification","valueRequired":true,"valueName":"search_term_string"}}],"inLanguage":"hr"},{"@type":"Organization","@id":"https:\/\/radioljubuski.ba\/#organization","name":"Radio Ljubu\u0161ki","url":"https:\/\/radioljubuski.ba\/","logo":{"@type":"ImageObject","inLanguage":"hr","@id":"https:\/\/radioljubuski.ba\/#\/schema\/logo\/image\/","url":"https:\/\/radioljubuski.ba\/wp-content\/uploads\/2021\/02\/cropped-Radio_Ljubuski_logo1.jpg","contentUrl":"https:\/\/radioljubuski.ba\/wp-content\/uploads\/2021\/02\/cropped-Radio_Ljubuski_logo1.jpg","width":512,"height":512,"caption":"Radio Ljubu\u0161ki"},"image":{"@id":"https:\/\/radioljubuski.ba\/#\/schema\/logo\/image\/"},"sameAs":["https:\/\/www.facebook.com\/Radiio-Ljubuski-1490835324566332","https:\/\/x.com\/radioljubuski","https:\/\/hr.linkedin.com\/company\/radio-ljubuski","https:\/\/www.youtube.com\/channel\/UCHYaeO_n0Db3tjNGudGpXyw"]},{"@type":"Person","@id":"https:\/\/radioljubuski.ba\/#\/schema\/person\/19fc700381a780f69665d7956c469e3b","name":"Radio Ljubu\u0161ki"}]}},"_links":{"self":[{"href":"https:\/\/radioljubuski.ba\/index.php\/wp-json\/wp\/v2\/posts\/73658","targetHints":{"allow":["GET"]}}],"collection":[{"href":"https:\/\/radioljubuski.ba\/index.php\/wp-json\/wp\/v2\/posts"}],"about":[{"href":"https:\/\/radioljubuski.ba\/index.php\/wp-json\/wp\/v2\/types\/post"}],"author":[{"embeddable":true,"href":"https:\/\/radioljubuski.ba\/index.php\/wp-json\/wp\/v2\/users\/2"}],"replies":[{"embeddable":true,"href":"https:\/\/radioljubuski.ba\/index.php\/wp-json\/wp\/v2\/comments?post=73658"}],"version-history":[{"count":1,"href":"https:\/\/radioljubuski.ba\/index.php\/wp-json\/wp\/v2\/posts\/73658\/revisions"}],"predecessor-version":[{"id":73660,"href":"https:\/\/radioljubuski.ba\/index.php\/wp-json\/wp\/v2\/posts\/73658\/revisions\/73660"}],"wp:featuredmedia":[{"embeddable":true,"href":"https:\/\/radioljubuski.ba\/index.php\/wp-json\/wp\/v2\/media\/73659"}],"wp:attachment":[{"href":"https:\/\/radioljubuski.ba\/index.php\/wp-json\/wp\/v2\/media?parent=73658"}],"wp:term":[{"taxonomy":"category","embeddable":true,"href":"https:\/\/radioljubuski.ba\/index.php\/wp-json\/wp\/v2\/categories?post=73658"},{"taxonomy":"post_tag","embeddable":true,"href":"https:\/\/radioljubuski.ba\/index.php\/wp-json\/wp\/v2\/tags?post=73658"}],"curies":[{"name":"wp","href":"https:\/\/api.w.org\/{rel}","templated":true}]}}